{"id":19308,"date":"2024-06-10T12:32:10","date_gmt":"2024-06-10T12:32:10","guid":{"rendered":"https:\/\/www.valparaisocreativo.cl\/?p=19308"},"modified":"2024-11-11T19:37:53","modified_gmt":"2024-11-11T19:37:53","slug":"nicole-anuncia-show-en-valparaiso-para-celebrar-los-30-anos-de-esperando-nada","status":"publish","type":"post","link":"https:\/\/dev.antudigital.cl\/sites\/vc\/nicole-anuncia-show-en-valparaiso-para-celebrar-los-30-anos-de-esperando-nada\/","title":{"rendered":"Nicole anuncia show en Valpara\u00edso\u00a0para celebrar los 30 a\u00f1os de \u2018Esperando Nada\u2019"},"content":{"rendered":"\n<p>Con una gira in\u00e9dita por teatros a lo largo del pa\u00eds,&nbsp;<strong>Nicole celebrar\u00e1 los 30 a\u00f1os del lanzamiento de su segundo disco<\/strong><em><strong>Esperando Nada<\/strong><\/em>, con fechas entre noviembre y diciembre.<\/p>\n\n\n\n<p>Este recorrido comenzar\u00e1 el<strong>&nbsp;8 de noviembre en el Teatro Regional Lucho Gatica, de Rancagua, para continuar en Temuco,&nbsp;<\/strong><strong>La Serena,&nbsp;<\/strong>de manera de&nbsp;seguir<strong>&nbsp;el 17 de noviembre en el Teatro Parque Cultural de&nbsp;Valpara\u00edso,&nbsp;<\/strong>sumado a&nbsp;<strong>Talca y Concepci\u00f3n<\/strong>.<\/p>\n\n\n\n<p>La gira cerrar\u00e1, de manera especial, el<strong>&nbsp;22 de diciembre en el Teatro Municipal de Santiago<\/strong>, ocasi\u00f3n que ser\u00e1 la primera vez de Nicole present\u00e1ndose en este solemne escenario capitalino.&nbsp;<\/p>\n\n\n\n<p><em>\u201cHace poco estuvimos en el Rock\u00f3dromo de Valpara\u00edso, compartimos con mucha gente y ahora estaremos con un show propio, donde habr\u00e1 mucha m\u00fasica y una puesta en escena&nbsp;in\u00e9dita&nbsp;para celebrar los 30 a\u00f1os de \u2018Esperando Nada\u2019\u201d<\/em>, comenta la artista sobre su show en Valpara\u00edso.<\/p>\n\n\n\n<p>Este trabajo discogr\u00e1fico de 12 temas, producido en Espa\u00f1a, de la mano de Tito D\u00e1vila, ser\u00eda la reafirmaci\u00f3n de la cantante nacional, respecto al compromiso con su carrera musical.&nbsp;<\/p>\n\n\n\n<p>Treinta a\u00f1os despu\u00e9s, Nicole espera interpretar de manera \u00edntegra este \u00e1lbum en vivo, lo que para ella ha significado reencontrarse con canciones&nbsp;<em>\u201cque no he tocado hace muchos a\u00f1os, y que me llevaron a lugares que atesoraba: reviv\u00ed muchos momentos de grabaci\u00f3n y conciertos que hice en esa \u00e9poca. As\u00ed como las primeras veces que sal\u00ed en la radio con \u201cSin Gamul\u00e1n\u201d o \u201cEsperando Nada\u201d. Cuando estaba con esa ilusi\u00f3n de que me fuera bien en la m\u00fasica, de poder dedicarme realmente a esto y solo a la m\u00fasica. Toda esa sensaci\u00f3n volvi\u00f3 a mi mente\u201d<\/em>.&nbsp;<\/p>\n\n\n\n<p>As\u00ed es que, adem\u00e1s de ofrecer este repertorio, la tambi\u00e9n responsable de \u201cDespi\u00e9rtame\u201d har\u00e1 un repaso por sus grandes \u00e9xitos, en lo que ser\u00e1 una instancia para viajar en el recuerdo.\u00a0<\/p>\n\n\n\n<h3 class=\"wp-block-heading\">Domingo 17 noviembre 19:00 hrs.<\/h3>\n\n\n\n<h3 class=\"wp-block-heading\">Teatro municipal de Valpara\u00edso<\/h3>\n\n\n\n<h3 class=\"wp-block-heading\">Entradas disponible en el link:<\/h3>\n\n\n\n<h3 class=\"wp-block-heading\"><a href=\"https:\/\/www.passline.com\/eventos-plano\/nicole-valparaiso\">https:\/\/www.passline.com\/eventos-plano\/nicole-valparaiso<\/a><\/h3>\n\n\n\n<h3 class=\"wp-block-heading\">* Obt\u00e9n un 20% descuento ingresando el c\u00f3digo VALPARAISOCREATIVO<\/h3>\n\n\n\n<figure class=\"wp-block-image size-large\"><img fetchpriority=\"high\" decoding=\"async\" width=\"1024\" height=\"1024\" src=\"https:\/\/www.valparaisocreativo.cl\/wp-content\/uploads\/2024\/06\/unnamed-2-1024x1024.png\" alt=\"\" class=\"wp-image-21084\" srcset=\"https:\/\/dev.antudigital.cl\/sites\/vc\/wp-content\/uploads\/2024\/06\/unnamed-2-1024x1024.png 1024w, https:\/\/dev.antudigital.cl\/sites\/vc\/wp-content\/uploads\/2024\/06\/unnamed-2-300x300.png 300w, https:\/\/dev.antudigital.cl\/sites\/vc\/wp-content\/uploads\/2024\/06\/unnamed-2-150x150.png 150w, https:\/\/dev.antudigital.cl\/sites\/vc\/wp-content\/uploads\/2024\/06\/unnamed-2-768x768.png 768w, https:\/\/dev.antudigital.cl\/sites\/vc\/wp-content\/uploads\/2024\/06\/unnamed-2-980x980.png 980w, https:\/\/dev.antudigital.cl\/sites\/vc\/wp-content\/uploads\/2024\/06\/unnamed-2-480x480.png 480w, https:\/\/dev.antudigital.cl\/sites\/vc\/wp-content\/uploads\/2024\/06\/unnamed-2-24x24.png 24w, https:\/\/dev.antudigital.cl\/sites\/vc\/wp-content\/uploads\/2024\/06\/unnamed-2-36x36.png 36w, https:\/\/dev.antudigital.cl\/sites\/vc\/wp-content\/uploads\/2024\/06\/unnamed-2-48x48.png 48w, https:\/\/dev.antudigital.cl\/sites\/vc\/wp-content\/uploads\/2024\/06\/unnamed-2.png 1080w\" sizes=\"(max-width: 1024px) 100vw, 1024px\" \/><\/figure>\n","protected":false},"excerpt":{"rendered":"<p>Con una gira in\u00e9dita por teatros a lo largo del pa\u00eds,&nbsp;Nicole celebrar\u00e1 los 30 a\u00f1os del lanzamiento de su segundo discoEsperando Nada, con fechas entre noviembre y diciembre. Este recorrido comenzar\u00e1 el&nbsp;8 de noviembre en el Teatro Regional Lucho Gatica, de Rancagua, para continuar en Temuco,&nbsp;La Serena,&nbsp;de manera de&nbsp;seguir&nbsp;el 17 de noviembre en el Teatro [&hellip;]<\/p>\n","protected":false},"author":1,"featured_media":19309,"comment_status":"closed","ping_status":"closed","sticky":false,"template":"","format":"standard","meta":{"_acf_changed":false,"footnotes":""},"categories":[8],"tags":[],"class_list":["post-19308","post","type-post","status-publish","format-standard","has-post-thumbnail","hentry","category-noticia"],"acf":[],"yoast_head":"<!-- This site is optimized with the Yoast SEO plugin v27.1.1 - https:\/\/yoast.com\/product\/yoast-seo-wordpress\/ -->\n<title>Nicole anuncia show en Valpara\u00edso\u00a0para celebrar los 30 a\u00f1os de \u2018Esperando Nada\u2019 - Valpara\u00ed\u00adso Creativo<\/title>\n<meta name=\"robots\" content=\"index, follow, max-snippet:-1, max-image-preview:large, max-video-preview:-1\" \/>\n<link rel=\"canonical\" href=\"https:\/\/dev.antudigital.cl\/sites\/vc\/nicole-anuncia-show-en-valparaiso-para-celebrar-los-30-anos-de-esperando-nada\/\" \/>\n<meta property=\"og:locale\" content=\"es_ES\" \/>\n<meta property=\"og:type\" content=\"article\" \/>\n<meta property=\"og:title\" content=\"Nicole anuncia show en Valpara\u00edso\u00a0para celebrar los 30 a\u00f1os de \u2018Esperando Nada\u2019 - Valpara\u00ed\u00adso Creativo\" \/>\n<meta property=\"og:description\" content=\"Con una gira in\u00e9dita por teatros a lo largo del pa\u00eds,&nbsp;Nicole celebrar\u00e1 los 30 a\u00f1os del lanzamiento de su segundo discoEsperando Nada, con fechas entre noviembre y diciembre. Este recorrido comenzar\u00e1 el&nbsp;8 de noviembre en el Teatro Regional Lucho Gatica, de Rancagua, para continuar en Temuco,&nbsp;La Serena,&nbsp;de manera de&nbsp;seguir&nbsp;el 17 de noviembre en el Teatro [&hellip;]\" \/>\n<meta property=\"og:url\" content=\"https:\/\/dev.antudigital.cl\/sites\/vc\/nicole-anuncia-show-en-valparaiso-para-celebrar-los-30-anos-de-esperando-nada\/\" \/>\n<meta property=\"og:site_name\" content=\"Valpara\u00ed\u00adso Creativo\" \/>\n<meta property=\"article:published_time\" content=\"2024-06-10T12:32:10+00:00\" \/>\n<meta property=\"article:modified_time\" content=\"2024-11-11T19:37:53+00:00\" \/>\n<meta property=\"og:image\" content=\"https:\/\/dev.antudigital.cl\/sites\/vc\/wp-content\/uploads\/2024\/06\/unnamed-11-scaled.jpg\" \/>\n\t<meta property=\"og:image:width\" content=\"2560\" \/>\n\t<meta property=\"og:image:height\" content=\"1707\" \/>\n\t<meta property=\"og:image:type\" content=\"image\/jpeg\" \/>\n<meta name=\"author\" content=\"Valpara\u00edso Creativo\" \/>\n<meta name=\"twitter:card\" content=\"summary_large_image\" \/>\n<meta name=\"twitter:label1\" content=\"Escrito por\" \/>\n\t<meta name=\"twitter:data1\" content=\"Valpara\u00edso Creativo\" \/>\n\t<meta name=\"twitter:label2\" content=\"Tiempo de lectura\" \/>\n\t<meta name=\"twitter:data2\" content=\"2 minutos\" \/>\n<script type=\"application\/ld+json\" class=\"yoast-schema-graph\">{\"@context\":\"https:\/\/schema.org\",\"@graph\":[{\"@type\":\"Article\",\"@id\":\"https:\/\/dev.antudigital.cl\/sites\/vc\/nicole-anuncia-show-en-valparaiso-para-celebrar-los-30-anos-de-esperando-nada\/#article\",\"isPartOf\":{\"@id\":\"https:\/\/dev.antudigital.cl\/sites\/vc\/nicole-anuncia-show-en-valparaiso-para-celebrar-los-30-anos-de-esperando-nada\/\"},\"author\":{\"name\":\"Valpara\u00edso Creativo\",\"@id\":\"https:\/\/dev.antudigital.cl\/sites\/vc\/#\/schema\/person\/c2b9da8dd545e27166fc5ab232837318\"},\"headline\":\"Nicole anuncia show en Valpara\u00edso\u00a0para celebrar los 30 a\u00f1os de \u2018Esperando Nada\u2019\",\"datePublished\":\"2024-06-10T12:32:10+00:00\",\"dateModified\":\"2024-11-11T19:37:53+00:00\",\"mainEntityOfPage\":{\"@id\":\"https:\/\/dev.antudigital.cl\/sites\/vc\/nicole-anuncia-show-en-valparaiso-para-celebrar-los-30-anos-de-esperando-nada\/\"},\"wordCount\":384,\"image\":{\"@id\":\"https:\/\/dev.antudigital.cl\/sites\/vc\/nicole-anuncia-show-en-valparaiso-para-celebrar-los-30-anos-de-esperando-nada\/#primaryimage\"},\"thumbnailUrl\":\"https:\/\/dev.antudigital.cl\/sites\/vc\/wp-content\/uploads\/2024\/06\/unnamed-11-scaled.jpg\",\"articleSection\":[\"Noticia\"],\"inLanguage\":\"es\"},{\"@type\":\"WebPage\",\"@id\":\"https:\/\/dev.antudigital.cl\/sites\/vc\/nicole-anuncia-show-en-valparaiso-para-celebrar-los-30-anos-de-esperando-nada\/\",\"url\":\"https:\/\/dev.antudigital.cl\/sites\/vc\/nicole-anuncia-show-en-valparaiso-para-celebrar-los-30-anos-de-esperando-nada\/\",\"name\":\"Nicole anuncia show en Valpara\u00edso\u00a0para celebrar los 30 a\u00f1os de \u2018Esperando Nada\u2019 - Valpara\u00ed\u00adso Creativo\",\"isPartOf\":{\"@id\":\"https:\/\/dev.antudigital.cl\/sites\/vc\/#website\"},\"primaryImageOfPage\":{\"@id\":\"https:\/\/dev.antudigital.cl\/sites\/vc\/nicole-anuncia-show-en-valparaiso-para-celebrar-los-30-anos-de-esperando-nada\/#primaryimage\"},\"image\":{\"@id\":\"https:\/\/dev.antudigital.cl\/sites\/vc\/nicole-anuncia-show-en-valparaiso-para-celebrar-los-30-anos-de-esperando-nada\/#primaryimage\"},\"thumbnailUrl\":\"https:\/\/dev.antudigital.cl\/sites\/vc\/wp-content\/uploads\/2024\/06\/unnamed-11-scaled.jpg\",\"datePublished\":\"2024-06-10T12:32:10+00:00\",\"dateModified\":\"2024-11-11T19:37:53+00:00\",\"author\":{\"@id\":\"https:\/\/dev.antudigital.cl\/sites\/vc\/#\/schema\/person\/c2b9da8dd545e27166fc5ab232837318\"},\"breadcrumb\":{\"@id\":\"https:\/\/dev.antudigital.cl\/sites\/vc\/nicole-anuncia-show-en-valparaiso-para-celebrar-los-30-anos-de-esperando-nada\/#breadcrumb\"},\"inLanguage\":\"es\",\"potentialAction\":[{\"@type\":\"ReadAction\",\"target\":[\"https:\/\/dev.antudigital.cl\/sites\/vc\/nicole-anuncia-show-en-valparaiso-para-celebrar-los-30-anos-de-esperando-nada\/\"]}]},{\"@type\":\"ImageObject\",\"inLanguage\":\"es\",\"@id\":\"https:\/\/dev.antudigital.cl\/sites\/vc\/nicole-anuncia-show-en-valparaiso-para-celebrar-los-30-anos-de-esperando-nada\/#primaryimage\",\"url\":\"https:\/\/dev.antudigital.cl\/sites\/vc\/wp-content\/uploads\/2024\/06\/unnamed-11-scaled.jpg\",\"contentUrl\":\"https:\/\/dev.antudigital.cl\/sites\/vc\/wp-content\/uploads\/2024\/06\/unnamed-11-scaled.jpg\",\"width\":2560,\"height\":1707},{\"@type\":\"BreadcrumbList\",\"@id\":\"https:\/\/dev.antudigital.cl\/sites\/vc\/nicole-anuncia-show-en-valparaiso-para-celebrar-los-30-anos-de-esperando-nada\/#breadcrumb\",\"itemListElement\":[{\"@type\":\"ListItem\",\"position\":1,\"name\":\"Home\",\"item\":\"https:\/\/dev.antudigital.cl\/sites\/vc\/\"},{\"@type\":\"ListItem\",\"position\":2,\"name\":\"Nicole anuncia show en Valpara\u00edso\u00a0para celebrar los 30 a\u00f1os de \u2018Esperando Nada\u2019\"}]},{\"@type\":\"WebSite\",\"@id\":\"https:\/\/dev.antudigital.cl\/sites\/vc\/#website\",\"url\":\"https:\/\/dev.antudigital.cl\/sites\/vc\/\",\"name\":\"Valpara\u00ed\u00adso Creativo\",\"description\":\"\",\"potentialAction\":[{\"@type\":\"SearchAction\",\"target\":{\"@type\":\"EntryPoint\",\"urlTemplate\":\"https:\/\/dev.antudigital.cl\/sites\/vc\/?s={search_term_string}\"},\"query-input\":{\"@type\":\"PropertyValueSpecification\",\"valueRequired\":true,\"valueName\":\"search_term_string\"}}],\"inLanguage\":\"es\"},{\"@type\":\"Person\",\"@id\":\"https:\/\/dev.antudigital.cl\/sites\/vc\/#\/schema\/person\/c2b9da8dd545e27166fc5ab232837318\",\"name\":\"Valpara\u00edso Creativo\",\"description\":\"Periodista de cultura en la Regi\u00f3n de Valpara\u00edso.\",\"url\":\"https:\/\/dev.antudigital.cl\/sites\/vc\/author\/valpoadmin\/\"}]}<\/script>\n<!-- \/ Yoast SEO plugin. -->","yoast_head_json":{"title":"Nicole anuncia show en Valpara\u00edso\u00a0para celebrar los 30 a\u00f1os de \u2018Esperando Nada\u2019 - Valpara\u00ed\u00adso Creativo","robots":{"index":"index","follow":"follow","max-snippet":"max-snippet:-1","max-image-preview":"max-image-preview:large","max-video-preview":"max-video-preview:-1"},"canonical":"https:\/\/dev.antudigital.cl\/sites\/vc\/nicole-anuncia-show-en-valparaiso-para-celebrar-los-30-anos-de-esperando-nada\/","og_locale":"es_ES","og_type":"article","og_title":"Nicole anuncia show en Valpara\u00edso\u00a0para celebrar los 30 a\u00f1os de \u2018Esperando Nada\u2019 - Valpara\u00ed\u00adso Creativo","og_description":"Con una gira in\u00e9dita por teatros a lo largo del pa\u00eds,&nbsp;Nicole celebrar\u00e1 los 30 a\u00f1os del lanzamiento de su segundo discoEsperando Nada, con fechas entre noviembre y diciembre. Este recorrido comenzar\u00e1 el&nbsp;8 de noviembre en el Teatro Regional Lucho Gatica, de Rancagua, para continuar en Temuco,&nbsp;La Serena,&nbsp;de manera de&nbsp;seguir&nbsp;el 17 de noviembre en el Teatro [&hellip;]","og_url":"https:\/\/dev.antudigital.cl\/sites\/vc\/nicole-anuncia-show-en-valparaiso-para-celebrar-los-30-anos-de-esperando-nada\/","og_site_name":"Valpara\u00ed\u00adso Creativo","article_published_time":"2024-06-10T12:32:10+00:00","article_modified_time":"2024-11-11T19:37:53+00:00","og_image":[{"width":2560,"height":1707,"url":"https:\/\/dev.antudigital.cl\/sites\/vc\/wp-content\/uploads\/2024\/06\/unnamed-11-scaled.jpg","type":"image\/jpeg"}],"author":"Valpara\u00edso Creativo","twitter_card":"summary_large_image","twitter_misc":{"Escrito por":"Valpara\u00edso Creativo","Tiempo de lectura":"2 minutos"},"schema":{"@context":"https:\/\/schema.org","@graph":[{"@type":"Article","@id":"https:\/\/dev.antudigital.cl\/sites\/vc\/nicole-anuncia-show-en-valparaiso-para-celebrar-los-30-anos-de-esperando-nada\/#article","isPartOf":{"@id":"https:\/\/dev.antudigital.cl\/sites\/vc\/nicole-anuncia-show-en-valparaiso-para-celebrar-los-30-anos-de-esperando-nada\/"},"author":{"name":"Valpara\u00edso Creativo","@id":"https:\/\/dev.antudigital.cl\/sites\/vc\/#\/schema\/person\/c2b9da8dd545e27166fc5ab232837318"},"headline":"Nicole anuncia show en Valpara\u00edso\u00a0para celebrar los 30 a\u00f1os de \u2018Esperando Nada\u2019","datePublished":"2024-06-10T12:32:10+00:00","dateModified":"2024-11-11T19:37:53+00:00","mainEntityOfPage":{"@id":"https:\/\/dev.antudigital.cl\/sites\/vc\/nicole-anuncia-show-en-valparaiso-para-celebrar-los-30-anos-de-esperando-nada\/"},"wordCount":384,"image":{"@id":"https:\/\/dev.antudigital.cl\/sites\/vc\/nicole-anuncia-show-en-valparaiso-para-celebrar-los-30-anos-de-esperando-nada\/#primaryimage"},"thumbnailUrl":"https:\/\/dev.antudigital.cl\/sites\/vc\/wp-content\/uploads\/2024\/06\/unnamed-11-scaled.jpg","articleSection":["Noticia"],"inLanguage":"es"},{"@type":"WebPage","@id":"https:\/\/dev.antudigital.cl\/sites\/vc\/nicole-anuncia-show-en-valparaiso-para-celebrar-los-30-anos-de-esperando-nada\/","url":"https:\/\/dev.antudigital.cl\/sites\/vc\/nicole-anuncia-show-en-valparaiso-para-celebrar-los-30-anos-de-esperando-nada\/","name":"Nicole anuncia show en Valpara\u00edso\u00a0para celebrar los 30 a\u00f1os de \u2018Esperando Nada\u2019 - Valpara\u00ed\u00adso Creativo","isPartOf":{"@id":"https:\/\/dev.antudigital.cl\/sites\/vc\/#website"},"primaryImageOfPage":{"@id":"https:\/\/dev.antudigital.cl\/sites\/vc\/nicole-anuncia-show-en-valparaiso-para-celebrar-los-30-anos-de-esperando-nada\/#primaryimage"},"image":{"@id":"https:\/\/dev.antudigital.cl\/sites\/vc\/nicole-anuncia-show-en-valparaiso-para-celebrar-los-30-anos-de-esperando-nada\/#primaryimage"},"thumbnailUrl":"https:\/\/dev.antudigital.cl\/sites\/vc\/wp-content\/uploads\/2024\/06\/unnamed-11-scaled.jpg","datePublished":"2024-06-10T12:32:10+00:00","dateModified":"2024-11-11T19:37:53+00:00","author":{"@id":"https:\/\/dev.antudigital.cl\/sites\/vc\/#\/schema\/person\/c2b9da8dd545e27166fc5ab232837318"},"breadcrumb":{"@id":"https:\/\/dev.antudigital.cl\/sites\/vc\/nicole-anuncia-show-en-valparaiso-para-celebrar-los-30-anos-de-esperando-nada\/#breadcrumb"},"inLanguage":"es","potentialAction":[{"@type":"ReadAction","target":["https:\/\/dev.antudigital.cl\/sites\/vc\/nicole-anuncia-show-en-valparaiso-para-celebrar-los-30-anos-de-esperando-nada\/"]}]},{"@type":"ImageObject","inLanguage":"es","@id":"https:\/\/dev.antudigital.cl\/sites\/vc\/nicole-anuncia-show-en-valparaiso-para-celebrar-los-30-anos-de-esperando-nada\/#primaryimage","url":"https:\/\/dev.antudigital.cl\/sites\/vc\/wp-content\/uploads\/2024\/06\/unnamed-11-scaled.jpg","contentUrl":"https:\/\/dev.antudigital.cl\/sites\/vc\/wp-content\/uploads\/2024\/06\/unnamed-11-scaled.jpg","width":2560,"height":1707},{"@type":"BreadcrumbList","@id":"https:\/\/dev.antudigital.cl\/sites\/vc\/nicole-anuncia-show-en-valparaiso-para-celebrar-los-30-anos-de-esperando-nada\/#breadcrumb","itemListElement":[{"@type":"ListItem","position":1,"name":"Home","item":"https:\/\/dev.antudigital.cl\/sites\/vc\/"},{"@type":"ListItem","position":2,"name":"Nicole anuncia show en Valpara\u00edso\u00a0para celebrar los 30 a\u00f1os de \u2018Esperando Nada\u2019"}]},{"@type":"WebSite","@id":"https:\/\/dev.antudigital.cl\/sites\/vc\/#website","url":"https:\/\/dev.antudigital.cl\/sites\/vc\/","name":"Valpara\u00ed\u00adso Creativo","description":"","potentialAction":[{"@type":"SearchAction","target":{"@type":"EntryPoint","urlTemplate":"https:\/\/dev.antudigital.cl\/sites\/vc\/?s={search_term_string}"},"query-input":{"@type":"PropertyValueSpecification","valueRequired":true,"valueName":"search_term_string"}}],"inLanguage":"es"},{"@type":"Person","@id":"https:\/\/dev.antudigital.cl\/sites\/vc\/#\/schema\/person\/c2b9da8dd545e27166fc5ab232837318","name":"Valpara\u00edso Creativo","description":"Periodista de cultura en la Regi\u00f3n de Valpara\u00edso.","url":"https:\/\/dev.antudigital.cl\/sites\/vc\/author\/valpoadmin\/"}]}},"_links":{"self":[{"href":"https:\/\/dev.antudigital.cl\/sites\/vc\/wp-json\/wp\/v2\/posts\/19308","targetHints":{"allow":["GET"]}}],"collection":[{"href":"https:\/\/dev.antudigital.cl\/sites\/vc\/wp-json\/wp\/v2\/posts"}],"about":[{"href":"https:\/\/dev.antudigital.cl\/sites\/vc\/wp-json\/wp\/v2\/types\/post"}],"author":[{"embeddable":true,"href":"https:\/\/dev.antudigital.cl\/sites\/vc\/wp-json\/wp\/v2\/users\/1"}],"replies":[{"embeddable":true,"href":"https:\/\/dev.antudigital.cl\/sites\/vc\/wp-json\/wp\/v2\/comments?post=19308"}],"version-history":[{"count":2,"href":"https:\/\/dev.antudigital.cl\/sites\/vc\/wp-json\/wp\/v2\/posts\/19308\/revisions"}],"predecessor-version":[{"id":21085,"href":"https:\/\/dev.antudigital.cl\/sites\/vc\/wp-json\/wp\/v2\/posts\/19308\/revisions\/21085"}],"wp:featuredmedia":[{"embeddable":true,"href":"https:\/\/dev.antudigital.cl\/sites\/vc\/wp-json\/wp\/v2\/media\/19309"}],"wp:attachment":[{"href":"https:\/\/dev.antudigital.cl\/sites\/vc\/wp-json\/wp\/v2\/media?parent=19308"}],"wp:term":[{"taxonomy":"category","embeddable":true,"href":"https:\/\/dev.antudigital.cl\/sites\/vc\/wp-json\/wp\/v2\/categories?post=19308"},{"taxonomy":"post_tag","embeddable":true,"href":"https:\/\/dev.antudigital.cl\/sites\/vc\/wp-json\/wp\/v2\/tags?post=19308"}],"curies":[{"name":"wp","href":"https:\/\/api.w.org\/{rel}","templated":true}]}}