{"id":19312,"date":"2024-06-10T12:48:02","date_gmt":"2024-06-10T12:48:02","guid":{"rendered":"https:\/\/www.valparaisocreativo.cl\/?p=19312"},"modified":"2024-06-10T12:48:18","modified_gmt":"2024-06-10T12:48:18","slug":"mirar-la-luz-electrodomesticos-lanza-su-nuevo-disco-en-valparaiso","status":"publish","type":"post","link":"https:\/\/dev.antudigital.cl\/sites\/vc\/mirar-la-luz-electrodomesticos-lanza-su-nuevo-disco-en-valparaiso\/","title":{"rendered":"\u00abMirar la luz\u00bb: Electrodom\u00e9sticos lanza su nuevo disco en Valpara\u00edso"},"content":{"rendered":"\n<p>La banda de rock experimental Electrodom\u00e9sticos llega al Teatro Parque Cultural de Valpara\u00edso a presentar un show in\u00e9dito y nuevo, con el motivo de tocar por primera vez en vivo en la quinta regi\u00f3n su sexto \u00e1lbum de estudio\u00a0 \u201cMirar la Luz\u201d.<br><br>La banda liderada por Carlos Cabezas ya advierte un adelanto musical a la propuesta en vivo que llegar\u00e1 a resonar en el escenario en junio 2024, con nuevos colores, nuevos sonidos y una oportunidad para revivir canciones que ahora encuentran su espacio en una noche que estar\u00e1 llena de novedades.<\/p>\n\n\n\n<p>S\u00e1bado 29 de junio 19:00 hrs.<\/p>\n\n\n\n<p>Teatro Parque Cultural de Valpara\u00edso<\/p>\n\n\n\n<p>No te quedes afuera de est\u00e9 concierto \u00fanico en la V regi\u00f3n.<\/p>\n\n\n\n<p><a href=\"https:\/\/www.passline.com\/eventos-plano\/electrodomesticos-en-valparaiso?utm_source=brevo&amp;utm_campaign=Electro%20PCV%209&amp;utm_medium=email\"><strong>Adquiere tus entradas en el bot\u00f3n.<\/strong><\/a><\/p>\n\n\n\n<figure class=\"wp-block-image size-full\"><img fetchpriority=\"high\" decoding=\"async\" width=\"626\" height=\"625\" src=\"https:\/\/www.valparaisocreativo.cl\/wp-content\/uploads\/2024\/06\/Captura-de-Pantalla-2024-05-27-a-las-22.19.32.png\" alt=\"\" class=\"wp-image-19313\" srcset=\"https:\/\/dev.antudigital.cl\/sites\/vc\/wp-content\/uploads\/2024\/06\/Captura-de-Pantalla-2024-05-27-a-las-22.19.32.png 626w, https:\/\/dev.antudigital.cl\/sites\/vc\/wp-content\/uploads\/2024\/06\/Captura-de-Pantalla-2024-05-27-a-las-22.19.32-300x300.png 300w, https:\/\/dev.antudigital.cl\/sites\/vc\/wp-content\/uploads\/2024\/06\/Captura-de-Pantalla-2024-05-27-a-las-22.19.32-150x150.png 150w, https:\/\/dev.antudigital.cl\/sites\/vc\/wp-content\/uploads\/2024\/06\/Captura-de-Pantalla-2024-05-27-a-las-22.19.32-480x479.png 480w, https:\/\/dev.antudigital.cl\/sites\/vc\/wp-content\/uploads\/2024\/06\/Captura-de-Pantalla-2024-05-27-a-las-22.19.32-24x24.png 24w, https:\/\/dev.antudigital.cl\/sites\/vc\/wp-content\/uploads\/2024\/06\/Captura-de-Pantalla-2024-05-27-a-las-22.19.32-36x36.png 36w, https:\/\/dev.antudigital.cl\/sites\/vc\/wp-content\/uploads\/2024\/06\/Captura-de-Pantalla-2024-05-27-a-las-22.19.32-48x48.png 48w\" sizes=\"(max-width: 626px) 100vw, 626px\" \/><\/figure>\n","protected":false},"excerpt":{"rendered":"<p>La banda de rock experimental Electrodom\u00e9sticos llega al Teatro Parque Cultural de Valpara\u00edso a presentar un show in\u00e9dito y nuevo, con el motivo de tocar por primera vez en vivo en la quinta regi\u00f3n su sexto \u00e1lbum de estudio\u00a0 \u201cMirar la Luz\u201d. La banda liderada por Carlos Cabezas ya advierte un adelanto musical a la [&hellip;]<\/p>\n","protected":false},"author":1,"featured_media":19314,"comment_status":"closed","ping_status":"closed","sticky":false,"template":"","format":"standard","meta":{"_acf_changed":false,"footnotes":""},"categories":[8],"tags":[],"class_list":["post-19312","post","type-post","status-publish","format-standard","has-post-thumbnail","hentry","category-noticia"],"acf":[],"yoast_head":"<!-- This site is optimized with the Yoast SEO plugin v27.1.1 - https:\/\/yoast.com\/product\/yoast-seo-wordpress\/ -->\n<title>&quot;Mirar la luz&quot;: Electrodom\u00e9sticos lanza su nuevo disco en Valpara\u00edso - Valpara\u00ed\u00adso Creativo<\/title>\n<meta name=\"robots\" content=\"index, follow, max-snippet:-1, max-image-preview:large, max-video-preview:-1\" \/>\n<link rel=\"canonical\" href=\"https:\/\/dev.antudigital.cl\/sites\/vc\/mirar-la-luz-electrodomesticos-lanza-su-nuevo-disco-en-valparaiso\/\" \/>\n<meta property=\"og:locale\" content=\"es_ES\" \/>\n<meta property=\"og:type\" content=\"article\" \/>\n<meta property=\"og:title\" content=\"&quot;Mirar la luz&quot;: Electrodom\u00e9sticos lanza su nuevo disco en Valpara\u00edso - Valpara\u00ed\u00adso Creativo\" \/>\n<meta property=\"og:description\" content=\"La banda de rock experimental Electrodom\u00e9sticos llega al Teatro Parque Cultural de Valpara\u00edso a presentar un show in\u00e9dito y nuevo, con el motivo de tocar por primera vez en vivo en la quinta regi\u00f3n su sexto \u00e1lbum de estudio\u00a0 \u201cMirar la Luz\u201d. La banda liderada por Carlos Cabezas ya advierte un adelanto musical a la [&hellip;]\" \/>\n<meta property=\"og:url\" content=\"https:\/\/dev.antudigital.cl\/sites\/vc\/mirar-la-luz-electrodomesticos-lanza-su-nuevo-disco-en-valparaiso\/\" \/>\n<meta property=\"og:site_name\" content=\"Valpara\u00ed\u00adso Creativo\" \/>\n<meta property=\"article:published_time\" content=\"2024-06-10T12:48:02+00:00\" \/>\n<meta property=\"article:modified_time\" content=\"2024-06-10T12:48:18+00:00\" \/>\n<meta property=\"og:image\" content=\"https:\/\/dev.antudigital.cl\/sites\/vc\/wp-content\/uploads\/2024\/06\/Captura-de-Pantalla-2024-06-10-a-las-08.44.00.png\" \/>\n\t<meta property=\"og:image:width\" content=\"817\" \/>\n\t<meta property=\"og:image:height\" content=\"522\" \/>\n\t<meta property=\"og:image:type\" content=\"image\/png\" \/>\n<meta name=\"author\" content=\"Valpara\u00edso Creativo\" \/>\n<meta name=\"twitter:card\" content=\"summary_large_image\" \/>\n<meta name=\"twitter:label1\" content=\"Escrito por\" \/>\n\t<meta name=\"twitter:data1\" content=\"Valpara\u00edso Creativo\" \/>\n\t<meta name=\"twitter:label2\" content=\"Tiempo de lectura\" \/>\n\t<meta name=\"twitter:data2\" content=\"1 minuto\" \/>\n<script type=\"application\/ld+json\" class=\"yoast-schema-graph\">{\"@context\":\"https:\/\/schema.org\",\"@graph\":[{\"@type\":\"Article\",\"@id\":\"https:\/\/dev.antudigital.cl\/sites\/vc\/mirar-la-luz-electrodomesticos-lanza-su-nuevo-disco-en-valparaiso\/#article\",\"isPartOf\":{\"@id\":\"https:\/\/dev.antudigital.cl\/sites\/vc\/mirar-la-luz-electrodomesticos-lanza-su-nuevo-disco-en-valparaiso\/\"},\"author\":{\"name\":\"Valpara\u00edso Creativo\",\"@id\":\"https:\/\/dev.antudigital.cl\/sites\/vc\/#\/schema\/person\/c2b9da8dd545e27166fc5ab232837318\"},\"headline\":\"\u00abMirar la luz\u00bb: Electrodom\u00e9sticos lanza su nuevo disco en Valpara\u00edso\",\"datePublished\":\"2024-06-10T12:48:02+00:00\",\"dateModified\":\"2024-06-10T12:48:18+00:00\",\"mainEntityOfPage\":{\"@id\":\"https:\/\/dev.antudigital.cl\/sites\/vc\/mirar-la-luz-electrodomesticos-lanza-su-nuevo-disco-en-valparaiso\/\"},\"wordCount\":138,\"image\":{\"@id\":\"https:\/\/dev.antudigital.cl\/sites\/vc\/mirar-la-luz-electrodomesticos-lanza-su-nuevo-disco-en-valparaiso\/#primaryimage\"},\"thumbnailUrl\":\"https:\/\/dev.antudigital.cl\/sites\/vc\/wp-content\/uploads\/2024\/06\/Captura-de-Pantalla-2024-06-10-a-las-08.44.00.png\",\"articleSection\":[\"Noticia\"],\"inLanguage\":\"es\"},{\"@type\":\"WebPage\",\"@id\":\"https:\/\/dev.antudigital.cl\/sites\/vc\/mirar-la-luz-electrodomesticos-lanza-su-nuevo-disco-en-valparaiso\/\",\"url\":\"https:\/\/dev.antudigital.cl\/sites\/vc\/mirar-la-luz-electrodomesticos-lanza-su-nuevo-disco-en-valparaiso\/\",\"name\":\"\\\"Mirar la luz\\\": Electrodom\u00e9sticos lanza su nuevo disco en Valpara\u00edso - Valpara\u00ed\u00adso Creativo\",\"isPartOf\":{\"@id\":\"https:\/\/dev.antudigital.cl\/sites\/vc\/#website\"},\"primaryImageOfPage\":{\"@id\":\"https:\/\/dev.antudigital.cl\/sites\/vc\/mirar-la-luz-electrodomesticos-lanza-su-nuevo-disco-en-valparaiso\/#primaryimage\"},\"image\":{\"@id\":\"https:\/\/dev.antudigital.cl\/sites\/vc\/mirar-la-luz-electrodomesticos-lanza-su-nuevo-disco-en-valparaiso\/#primaryimage\"},\"thumbnailUrl\":\"https:\/\/dev.antudigital.cl\/sites\/vc\/wp-content\/uploads\/2024\/06\/Captura-de-Pantalla-2024-06-10-a-las-08.44.00.png\",\"datePublished\":\"2024-06-10T12:48:02+00:00\",\"dateModified\":\"2024-06-10T12:48:18+00:00\",\"author\":{\"@id\":\"https:\/\/dev.antudigital.cl\/sites\/vc\/#\/schema\/person\/c2b9da8dd545e27166fc5ab232837318\"},\"breadcrumb\":{\"@id\":\"https:\/\/dev.antudigital.cl\/sites\/vc\/mirar-la-luz-electrodomesticos-lanza-su-nuevo-disco-en-valparaiso\/#breadcrumb\"},\"inLanguage\":\"es\",\"potentialAction\":[{\"@type\":\"ReadAction\",\"target\":[\"https:\/\/dev.antudigital.cl\/sites\/vc\/mirar-la-luz-electrodomesticos-lanza-su-nuevo-disco-en-valparaiso\/\"]}]},{\"@type\":\"ImageObject\",\"inLanguage\":\"es\",\"@id\":\"https:\/\/dev.antudigital.cl\/sites\/vc\/mirar-la-luz-electrodomesticos-lanza-su-nuevo-disco-en-valparaiso\/#primaryimage\",\"url\":\"https:\/\/dev.antudigital.cl\/sites\/vc\/wp-content\/uploads\/2024\/06\/Captura-de-Pantalla-2024-06-10-a-las-08.44.00.png\",\"contentUrl\":\"https:\/\/dev.antudigital.cl\/sites\/vc\/wp-content\/uploads\/2024\/06\/Captura-de-Pantalla-2024-06-10-a-las-08.44.00.png\",\"width\":817,\"height\":522},{\"@type\":\"BreadcrumbList\",\"@id\":\"https:\/\/dev.antudigital.cl\/sites\/vc\/mirar-la-luz-electrodomesticos-lanza-su-nuevo-disco-en-valparaiso\/#breadcrumb\",\"itemListElement\":[{\"@type\":\"ListItem\",\"position\":1,\"name\":\"Home\",\"item\":\"https:\/\/dev.antudigital.cl\/sites\/vc\/\"},{\"@type\":\"ListItem\",\"position\":2,\"name\":\"\u00abMirar la luz\u00bb: Electrodom\u00e9sticos lanza su nuevo disco en Valpara\u00edso\"}]},{\"@type\":\"WebSite\",\"@id\":\"https:\/\/dev.antudigital.cl\/sites\/vc\/#website\",\"url\":\"https:\/\/dev.antudigital.cl\/sites\/vc\/\",\"name\":\"Valpara\u00ed\u00adso Creativo\",\"description\":\"\",\"potentialAction\":[{\"@type\":\"SearchAction\",\"target\":{\"@type\":\"EntryPoint\",\"urlTemplate\":\"https:\/\/dev.antudigital.cl\/sites\/vc\/?s={search_term_string}\"},\"query-input\":{\"@type\":\"PropertyValueSpecification\",\"valueRequired\":true,\"valueName\":\"search_term_string\"}}],\"inLanguage\":\"es\"},{\"@type\":\"Person\",\"@id\":\"https:\/\/dev.antudigital.cl\/sites\/vc\/#\/schema\/person\/c2b9da8dd545e27166fc5ab232837318\",\"name\":\"Valpara\u00edso Creativo\",\"description\":\"Periodista de cultura en la Regi\u00f3n de Valpara\u00edso.\",\"url\":\"https:\/\/dev.antudigital.cl\/sites\/vc\/author\/valpoadmin\/\"}]}<\/script>\n<!-- \/ Yoast SEO plugin. -->","yoast_head_json":{"title":"\"Mirar la luz\": Electrodom\u00e9sticos lanza su nuevo disco en Valpara\u00edso - Valpara\u00ed\u00adso Creativo","robots":{"index":"index","follow":"follow","max-snippet":"max-snippet:-1","max-image-preview":"max-image-preview:large","max-video-preview":"max-video-preview:-1"},"canonical":"https:\/\/dev.antudigital.cl\/sites\/vc\/mirar-la-luz-electrodomesticos-lanza-su-nuevo-disco-en-valparaiso\/","og_locale":"es_ES","og_type":"article","og_title":"\"Mirar la luz\": Electrodom\u00e9sticos lanza su nuevo disco en Valpara\u00edso - Valpara\u00ed\u00adso Creativo","og_description":"La banda de rock experimental Electrodom\u00e9sticos llega al Teatro Parque Cultural de Valpara\u00edso a presentar un show in\u00e9dito y nuevo, con el motivo de tocar por primera vez en vivo en la quinta regi\u00f3n su sexto \u00e1lbum de estudio\u00a0 \u201cMirar la Luz\u201d. La banda liderada por Carlos Cabezas ya advierte un adelanto musical a la [&hellip;]","og_url":"https:\/\/dev.antudigital.cl\/sites\/vc\/mirar-la-luz-electrodomesticos-lanza-su-nuevo-disco-en-valparaiso\/","og_site_name":"Valpara\u00ed\u00adso Creativo","article_published_time":"2024-06-10T12:48:02+00:00","article_modified_time":"2024-06-10T12:48:18+00:00","og_image":[{"width":817,"height":522,"url":"https:\/\/dev.antudigital.cl\/sites\/vc\/wp-content\/uploads\/2024\/06\/Captura-de-Pantalla-2024-06-10-a-las-08.44.00.png","type":"image\/png"}],"author":"Valpara\u00edso Creativo","twitter_card":"summary_large_image","twitter_misc":{"Escrito por":"Valpara\u00edso Creativo","Tiempo de lectura":"1 minuto"},"schema":{"@context":"https:\/\/schema.org","@graph":[{"@type":"Article","@id":"https:\/\/dev.antudigital.cl\/sites\/vc\/mirar-la-luz-electrodomesticos-lanza-su-nuevo-disco-en-valparaiso\/#article","isPartOf":{"@id":"https:\/\/dev.antudigital.cl\/sites\/vc\/mirar-la-luz-electrodomesticos-lanza-su-nuevo-disco-en-valparaiso\/"},"author":{"name":"Valpara\u00edso Creativo","@id":"https:\/\/dev.antudigital.cl\/sites\/vc\/#\/schema\/person\/c2b9da8dd545e27166fc5ab232837318"},"headline":"\u00abMirar la luz\u00bb: Electrodom\u00e9sticos lanza su nuevo disco en Valpara\u00edso","datePublished":"2024-06-10T12:48:02+00:00","dateModified":"2024-06-10T12:48:18+00:00","mainEntityOfPage":{"@id":"https:\/\/dev.antudigital.cl\/sites\/vc\/mirar-la-luz-electrodomesticos-lanza-su-nuevo-disco-en-valparaiso\/"},"wordCount":138,"image":{"@id":"https:\/\/dev.antudigital.cl\/sites\/vc\/mirar-la-luz-electrodomesticos-lanza-su-nuevo-disco-en-valparaiso\/#primaryimage"},"thumbnailUrl":"https:\/\/dev.antudigital.cl\/sites\/vc\/wp-content\/uploads\/2024\/06\/Captura-de-Pantalla-2024-06-10-a-las-08.44.00.png","articleSection":["Noticia"],"inLanguage":"es"},{"@type":"WebPage","@id":"https:\/\/dev.antudigital.cl\/sites\/vc\/mirar-la-luz-electrodomesticos-lanza-su-nuevo-disco-en-valparaiso\/","url":"https:\/\/dev.antudigital.cl\/sites\/vc\/mirar-la-luz-electrodomesticos-lanza-su-nuevo-disco-en-valparaiso\/","name":"\"Mirar la luz\": Electrodom\u00e9sticos lanza su nuevo disco en Valpara\u00edso - Valpara\u00ed\u00adso Creativo","isPartOf":{"@id":"https:\/\/dev.antudigital.cl\/sites\/vc\/#website"},"primaryImageOfPage":{"@id":"https:\/\/dev.antudigital.cl\/sites\/vc\/mirar-la-luz-electrodomesticos-lanza-su-nuevo-disco-en-valparaiso\/#primaryimage"},"image":{"@id":"https:\/\/dev.antudigital.cl\/sites\/vc\/mirar-la-luz-electrodomesticos-lanza-su-nuevo-disco-en-valparaiso\/#primaryimage"},"thumbnailUrl":"https:\/\/dev.antudigital.cl\/sites\/vc\/wp-content\/uploads\/2024\/06\/Captura-de-Pantalla-2024-06-10-a-las-08.44.00.png","datePublished":"2024-06-10T12:48:02+00:00","dateModified":"2024-06-10T12:48:18+00:00","author":{"@id":"https:\/\/dev.antudigital.cl\/sites\/vc\/#\/schema\/person\/c2b9da8dd545e27166fc5ab232837318"},"breadcrumb":{"@id":"https:\/\/dev.antudigital.cl\/sites\/vc\/mirar-la-luz-electrodomesticos-lanza-su-nuevo-disco-en-valparaiso\/#breadcrumb"},"inLanguage":"es","potentialAction":[{"@type":"ReadAction","target":["https:\/\/dev.antudigital.cl\/sites\/vc\/mirar-la-luz-electrodomesticos-lanza-su-nuevo-disco-en-valparaiso\/"]}]},{"@type":"ImageObject","inLanguage":"es","@id":"https:\/\/dev.antudigital.cl\/sites\/vc\/mirar-la-luz-electrodomesticos-lanza-su-nuevo-disco-en-valparaiso\/#primaryimage","url":"https:\/\/dev.antudigital.cl\/sites\/vc\/wp-content\/uploads\/2024\/06\/Captura-de-Pantalla-2024-06-10-a-las-08.44.00.png","contentUrl":"https:\/\/dev.antudigital.cl\/sites\/vc\/wp-content\/uploads\/2024\/06\/Captura-de-Pantalla-2024-06-10-a-las-08.44.00.png","width":817,"height":522},{"@type":"BreadcrumbList","@id":"https:\/\/dev.antudigital.cl\/sites\/vc\/mirar-la-luz-electrodomesticos-lanza-su-nuevo-disco-en-valparaiso\/#breadcrumb","itemListElement":[{"@type":"ListItem","position":1,"name":"Home","item":"https:\/\/dev.antudigital.cl\/sites\/vc\/"},{"@type":"ListItem","position":2,"name":"\u00abMirar la luz\u00bb: Electrodom\u00e9sticos lanza su nuevo disco en Valpara\u00edso"}]},{"@type":"WebSite","@id":"https:\/\/dev.antudigital.cl\/sites\/vc\/#website","url":"https:\/\/dev.antudigital.cl\/sites\/vc\/","name":"Valpara\u00ed\u00adso Creativo","description":"","potentialAction":[{"@type":"SearchAction","target":{"@type":"EntryPoint","urlTemplate":"https:\/\/dev.antudigital.cl\/sites\/vc\/?s={search_term_string}"},"query-input":{"@type":"PropertyValueSpecification","valueRequired":true,"valueName":"search_term_string"}}],"inLanguage":"es"},{"@type":"Person","@id":"https:\/\/dev.antudigital.cl\/sites\/vc\/#\/schema\/person\/c2b9da8dd545e27166fc5ab232837318","name":"Valpara\u00edso Creativo","description":"Periodista de cultura en la Regi\u00f3n de Valpara\u00edso.","url":"https:\/\/dev.antudigital.cl\/sites\/vc\/author\/valpoadmin\/"}]}},"_links":{"self":[{"href":"https:\/\/dev.antudigital.cl\/sites\/vc\/wp-json\/wp\/v2\/posts\/19312","targetHints":{"allow":["GET"]}}],"collection":[{"href":"https:\/\/dev.antudigital.cl\/sites\/vc\/wp-json\/wp\/v2\/posts"}],"about":[{"href":"https:\/\/dev.antudigital.cl\/sites\/vc\/wp-json\/wp\/v2\/types\/post"}],"author":[{"embeddable":true,"href":"https:\/\/dev.antudigital.cl\/sites\/vc\/wp-json\/wp\/v2\/users\/1"}],"replies":[{"embeddable":true,"href":"https:\/\/dev.antudigital.cl\/sites\/vc\/wp-json\/wp\/v2\/comments?post=19312"}],"version-history":[{"count":1,"href":"https:\/\/dev.antudigital.cl\/sites\/vc\/wp-json\/wp\/v2\/posts\/19312\/revisions"}],"predecessor-version":[{"id":19315,"href":"https:\/\/dev.antudigital.cl\/sites\/vc\/wp-json\/wp\/v2\/posts\/19312\/revisions\/19315"}],"wp:featuredmedia":[{"embeddable":true,"href":"https:\/\/dev.antudigital.cl\/sites\/vc\/wp-json\/wp\/v2\/media\/19314"}],"wp:attachment":[{"href":"https:\/\/dev.antudigital.cl\/sites\/vc\/wp-json\/wp\/v2\/media?parent=19312"}],"wp:term":[{"taxonomy":"category","embeddable":true,"href":"https:\/\/dev.antudigital.cl\/sites\/vc\/wp-json\/wp\/v2\/categories?post=19312"},{"taxonomy":"post_tag","embeddable":true,"href":"https:\/\/dev.antudigital.cl\/sites\/vc\/wp-json\/wp\/v2\/tags?post=19312"}],"curies":[{"name":"wp","href":"https:\/\/api.w.org\/{rel}","templated":true}]}}