{"id":19316,"date":"2024-06-10T13:43:56","date_gmt":"2024-06-10T13:43:56","guid":{"rendered":"https:\/\/www.valparaisocreativo.cl\/?p=19316"},"modified":"2024-06-10T13:44:13","modified_gmt":"2024-06-10T13:44:13","slug":"insomnia-estrena-dos-peliculas-basadas-en-libros-la-vida-de-jagna-y-el-filme-de-terror-observados","status":"publish","type":"post","link":"https:\/\/dev.antudigital.cl\/sites\/vc\/insomnia-estrena-dos-peliculas-basadas-en-libros-la-vida-de-jagna-y-el-filme-de-terror-observados\/","title":{"rendered":"INSOMNIA estrena dos pel\u00edculas basadas en libros: La vida de Jagna y el filme de terror Observados"},"content":{"rendered":"\n<p>Este viernes INSOMNIA lo dedica a dos grandes estrenos: La vida de Jagna y Observados. El primero es un filme de \u00e9poca inspirado en la novela de&nbsp;Wladyslaw Reymont \u201cChlopi\u201d, de la mano de los creadores de \u201cLoving Vincent\u201d DK Welchman y Hugh Welchman. Incorpora la misma t\u00e9cnica de animaci\u00f3n basada en pinturas al \u00f3leo que se hizo popular con su anterior pel\u00edcula; sin embargo, el n\u00facleo ahora es la historia \u00e9pica y la pintura es la herramienta para atraer a los espectadores y sumergirlos en ese entorno rural de finales de 1800. Observados es una pel\u00edcula de terror sobrenatural, escrita y dirigida por Ishana Shyamalan, basada en la novela de A.M. Shine y protagonizada por Dakota Fanning. Se estrenar\u00e1 este viernes 7 a las 21:45 horas y tendr\u00e1 otra proyecci\u00f3n el jueves 13 a las 21:15 horas.<\/p>\n\n\n\n<p>Jagna es una joven de familia humilde decidida a forjar su propio destino dentro de los l\u00edmites de un pueblo polaco de finales del siglo XIX en el que vive. El lugar es un hervidero de chismes y disputas continuas, donde, unidos por el orgullo de su tierra, ricos y pobres comparten las tradiciones locales y un patriarcado profundamente arraigado. Aqu\u00ed Jagna se ver\u00e1 atrapada entre los deseos enfrentados del terrateniente m\u00e1s rico de la aldea, un hombre mucho mayor que ella con el que se ve obligada a casarse, su hijo Antek, con el que mantiene un romance secreto y otros miembros de la comunidad. Pero su rebeld\u00eda e independencia la acabar\u00e1n convirtiendo en el centro de las envidias y el odio de todos.<\/p>\n\n\n\n<figure class=\"wp-block-image size-large\"><img fetchpriority=\"high\" decoding=\"async\" width=\"1024\" height=\"554\" src=\"https:\/\/www.valparaisocreativo.cl\/wp-content\/uploads\/2024\/06\/La-vida-de-Jagna-2-1024x554.jpg\" alt=\"\" class=\"wp-image-19322\" srcset=\"https:\/\/dev.antudigital.cl\/sites\/vc\/wp-content\/uploads\/2024\/06\/La-vida-de-Jagna-2-1024x554.jpg 1024w, https:\/\/dev.antudigital.cl\/sites\/vc\/wp-content\/uploads\/2024\/06\/La-vida-de-Jagna-2-300x162.jpg 300w, https:\/\/dev.antudigital.cl\/sites\/vc\/wp-content\/uploads\/2024\/06\/La-vida-de-Jagna-2-768x415.jpg 768w, https:\/\/dev.antudigital.cl\/sites\/vc\/wp-content\/uploads\/2024\/06\/La-vida-de-Jagna-2-1080x584.jpg 1080w, https:\/\/dev.antudigital.cl\/sites\/vc\/wp-content\/uploads\/2024\/06\/La-vida-de-Jagna-2-1280x692.jpg 1280w, https:\/\/dev.antudigital.cl\/sites\/vc\/wp-content\/uploads\/2024\/06\/La-vida-de-Jagna-2-980x530.jpg 980w, https:\/\/dev.antudigital.cl\/sites\/vc\/wp-content\/uploads\/2024\/06\/La-vida-de-Jagna-2-480x260.jpg 480w, https:\/\/dev.antudigital.cl\/sites\/vc\/wp-content\/uploads\/2024\/06\/La-vida-de-Jagna-2-24x13.jpg 24w, https:\/\/dev.antudigital.cl\/sites\/vc\/wp-content\/uploads\/2024\/06\/La-vida-de-Jagna-2-36x19.jpg 36w, https:\/\/dev.antudigital.cl\/sites\/vc\/wp-content\/uploads\/2024\/06\/La-vida-de-Jagna-2-48x26.jpg 48w, https:\/\/dev.antudigital.cl\/sites\/vc\/wp-content\/uploads\/2024\/06\/La-vida-de-Jagna-2.jpg 1302w\" sizes=\"(max-width: 1024px) 100vw, 1024px\" \/><\/figure>\n\n\n\n<p>Los m\u00e1s de 100 animadores que trabajaron en la pel\u00edcula lo hicieron en los estudios que Breakthru cre\u00f3 para LOVING VINCENT en Polonia, Serbia, Lituania y Ucrania. Pero, aunque la pel\u00edcula est\u00e1 pintada y animada, todos los personajes fueron interpretados previamente por actores, que trabajaron en sets especialmente construidos para simular los lugares reales, o con cromas que luego se sustituyeron por pinturas y se animaban con ordenador.<\/p>\n\n\n\n<p>La directora DK Welchman se inspir\u00f3 en la novela de&nbsp;Wladyslaw Reymont: \u201ctuve mi primer contacto con la novela original en secundaria, a los 17 a\u00f1os, porque es una lectura obligatoria en todas las escuelas de Polonia. La retom\u00e9 a\u00f1os despu\u00e9s, cuando escuchaba un audiolibro mientras pintaba para mi anterior pel\u00edcula Loving Vincent. Escucharlo de adulta fue una experiencia completamente diferente. Lo que me llam\u00f3 la atenci\u00f3n como animadora y directora fueron los elementos que justamente no me impresionaron cuando era adolescente: c\u00f3mo describe la proeza de sobrevivir un a\u00f1o en la comunidad, la po\u00e9tica de las descripciones de la naturaleza, las luchas vanidosas y desafiantes de los personajes, intercaladas con momentos de ternura y conmovedoras tragedias personales meticulosamente analizadas\u201d.<\/p>\n\n\n\n<p>\u201cLoving Vincent\u201d fue la pel\u00edcula polaca m\u00e1s exitosa de todos los tiempos en t\u00e9rminos de taquilla y la tercera de animaci\u00f3n para adultos m\u00e1s exitosa de la historia. Por lo mismo, sus creadores sintieron la necesidad de realizar un segundo trabajo, pero esta vez, con una protagonista mujer:&nbsp;\u201cdespu\u00e9s de a\u00f1os de trabajar en una pel\u00edcula sobre Vincent van Gogh, sent\u00ed la necesidad de contar una historia sobre mujeres: mostrar sus luchas, su pasi\u00f3n y su fuerza. Jagna y Hanka son personajes distintos e importantes en la literatura polaca, cada uno representa valores diferentes, pero ambos est\u00e1n unidos por sus luchas en una sociedad patriarcal. Jagna es una expresi\u00f3n de fe en la libertad del individuo, pero al mismo tiempo simboliza la tragedia y el rechazo que esa persona puede encontrar en una peque\u00f1a comunidad\u201d, explica DK Welchman.<\/p>\n\n\n\n<p>Si bien \u201cLa vida de Jagna\u201d es una pel\u00edcula de animaci\u00f3n, cont\u00f3 con actores reales, el elenco est\u00e1 conformado por Kamila Urzedowska, Robert Gulaczyk y Miroslaw Baka. Esta pel\u00edcula se estrenar\u00e1 en INSOMNIA este viernes 7 de junio a las 19:30 horas y tendr\u00e1 nuevas proyecciones esta quincena los d\u00edas mi\u00e9rcoles 12 (19:00) y s\u00e1bado 15 (17:00).<\/p>\n\n\n\n<figure class=\"wp-block-image size-large\"><img decoding=\"async\" width=\"1024\" height=\"577\" src=\"https:\/\/www.valparaisocreativo.cl\/wp-content\/uploads\/2024\/06\/The-Watchers-1024x577.png\" alt=\"\" class=\"wp-image-19323\" srcset=\"https:\/\/dev.antudigital.cl\/sites\/vc\/wp-content\/uploads\/2024\/06\/The-Watchers-1024x577.png 1024w, https:\/\/dev.antudigital.cl\/sites\/vc\/wp-content\/uploads\/2024\/06\/The-Watchers-300x169.png 300w, https:\/\/dev.antudigital.cl\/sites\/vc\/wp-content\/uploads\/2024\/06\/The-Watchers-768x433.png 768w, https:\/\/dev.antudigital.cl\/sites\/vc\/wp-content\/uploads\/2024\/06\/The-Watchers-1080x608.png 1080w, https:\/\/dev.antudigital.cl\/sites\/vc\/wp-content\/uploads\/2024\/06\/The-Watchers-1280x721.png 1280w, https:\/\/dev.antudigital.cl\/sites\/vc\/wp-content\/uploads\/2024\/06\/The-Watchers-980x552.png 980w, https:\/\/dev.antudigital.cl\/sites\/vc\/wp-content\/uploads\/2024\/06\/The-Watchers-480x270.png 480w, https:\/\/dev.antudigital.cl\/sites\/vc\/wp-content\/uploads\/2024\/06\/The-Watchers-24x14.png 24w, https:\/\/dev.antudigital.cl\/sites\/vc\/wp-content\/uploads\/2024\/06\/The-Watchers-36x20.png 36w, https:\/\/dev.antudigital.cl\/sites\/vc\/wp-content\/uploads\/2024\/06\/The-Watchers-48x27.png 48w, https:\/\/dev.antudigital.cl\/sites\/vc\/wp-content\/uploads\/2024\/06\/The-Watchers.png 1500w\" sizes=\"(max-width: 1024px) 100vw, 1024px\" \/><\/figure>\n\n\n\n<p>Observados, conocida en ingl\u00e9s como \u201cThe Watchers\u201d es el primer largometraje de la directora Ishana Shyamalany, quien ha trabajado antes dirigiendo la serie de TV \u201cServant\u201d y videoclips. En su \u00f3pera prima, nos invita a acompa\u00f1ar a Mina, una artista de 28 a\u00f1os, que queda varada en un bosque en el oeste de Irlanda. Cuando encuentra refugio, sin saberlo, queda atrapada junto a tres extra\u00f1os que son observados y acechados por misteriosas criaturas cada noche. Protagonizada por Dakota Fanning, Georgina Campbell, Oliver Finnegan y Olwen Fou\u00e9r\u00e9 (actriz irlandesa que protagoniza la pel\u00edcula Texas Chainsaw Massacre), \u201cObservados\u201d es un imperdible para quienes amen el g\u00e9nero de terror.<\/p>\n","protected":false},"excerpt":{"rendered":"<p>Este viernes INSOMNIA lo dedica a dos grandes estrenos: La vida de Jagna y Observados. El primero es un filme de \u00e9poca inspirado en la novela de&nbsp;Wladyslaw Reymont \u201cChlopi\u201d, de la mano de los creadores de \u201cLoving Vincent\u201d DK Welchman y Hugh Welchman. Incorpora la misma t\u00e9cnica de animaci\u00f3n basada en pinturas al \u00f3leo que [&hellip;]<\/p>\n","protected":false},"author":1,"featured_media":19321,"comment_status":"closed","ping_status":"closed","sticky":false,"template":"","format":"standard","meta":{"_acf_changed":false,"footnotes":""},"categories":[8],"tags":[],"class_list":["post-19316","post","type-post","status-publish","format-standard","has-post-thumbnail","hentry","category-noticia"],"acf":[],"yoast_head":"<!-- This site is optimized with the Yoast SEO plugin v27.1.1 - https:\/\/yoast.com\/product\/yoast-seo-wordpress\/ -->\n<title>INSOMNIA estrena dos pel\u00edculas basadas en libros: La vida de Jagna y el filme de terror Observados - Valpara\u00ed\u00adso Creativo<\/title>\n<meta name=\"robots\" content=\"index, follow, max-snippet:-1, max-image-preview:large, max-video-preview:-1\" \/>\n<link rel=\"canonical\" href=\"https:\/\/dev.antudigital.cl\/sites\/vc\/insomnia-estrena-dos-peliculas-basadas-en-libros-la-vida-de-jagna-y-el-filme-de-terror-observados\/\" \/>\n<meta property=\"og:locale\" content=\"es_ES\" \/>\n<meta property=\"og:type\" content=\"article\" \/>\n<meta property=\"og:title\" content=\"INSOMNIA estrena dos pel\u00edculas basadas en libros: La vida de Jagna y el filme de terror Observados - Valpara\u00ed\u00adso Creativo\" \/>\n<meta property=\"og:description\" content=\"Este viernes INSOMNIA lo dedica a dos grandes estrenos: La vida de Jagna y Observados. El primero es un filme de \u00e9poca inspirado en la novela de&nbsp;Wladyslaw Reymont \u201cChlopi\u201d, de la mano de los creadores de \u201cLoving Vincent\u201d DK Welchman y Hugh Welchman. Incorpora la misma t\u00e9cnica de animaci\u00f3n basada en pinturas al \u00f3leo que [&hellip;]\" \/>\n<meta property=\"og:url\" content=\"https:\/\/dev.antudigital.cl\/sites\/vc\/insomnia-estrena-dos-peliculas-basadas-en-libros-la-vida-de-jagna-y-el-filme-de-terror-observados\/\" \/>\n<meta property=\"og:site_name\" content=\"Valpara\u00ed\u00adso Creativo\" \/>\n<meta property=\"article:published_time\" content=\"2024-06-10T13:43:56+00:00\" \/>\n<meta property=\"article:modified_time\" content=\"2024-06-10T13:44:13+00:00\" \/>\n<meta property=\"og:image\" content=\"https:\/\/dev.antudigital.cl\/sites\/vc\/wp-content\/uploads\/2024\/06\/La-vida-de-Jagna-1.jpg\" \/>\n\t<meta property=\"og:image:width\" content=\"1289\" \/>\n\t<meta property=\"og:image:height\" content=\"697\" \/>\n\t<meta property=\"og:image:type\" content=\"image\/jpeg\" \/>\n<meta name=\"author\" content=\"Valpara\u00edso Creativo\" \/>\n<meta name=\"twitter:card\" content=\"summary_large_image\" \/>\n<meta name=\"twitter:label1\" content=\"Escrito por\" \/>\n\t<meta name=\"twitter:data1\" content=\"Valpara\u00edso Creativo\" \/>\n\t<meta name=\"twitter:label2\" content=\"Tiempo de lectura\" \/>\n\t<meta name=\"twitter:data2\" content=\"5 minutos\" \/>\n<script type=\"application\/ld+json\" class=\"yoast-schema-graph\">{\"@context\":\"https:\/\/schema.org\",\"@graph\":[{\"@type\":\"Article\",\"@id\":\"https:\/\/dev.antudigital.cl\/sites\/vc\/insomnia-estrena-dos-peliculas-basadas-en-libros-la-vida-de-jagna-y-el-filme-de-terror-observados\/#article\",\"isPartOf\":{\"@id\":\"https:\/\/dev.antudigital.cl\/sites\/vc\/insomnia-estrena-dos-peliculas-basadas-en-libros-la-vida-de-jagna-y-el-filme-de-terror-observados\/\"},\"author\":{\"name\":\"Valpara\u00edso Creativo\",\"@id\":\"https:\/\/dev.antudigital.cl\/sites\/vc\/#\/schema\/person\/c2b9da8dd545e27166fc5ab232837318\"},\"headline\":\"INSOMNIA estrena dos pel\u00edculas basadas en libros: La vida de Jagna y el filme de terror Observados\",\"datePublished\":\"2024-06-10T13:43:56+00:00\",\"dateModified\":\"2024-06-10T13:44:13+00:00\",\"mainEntityOfPage\":{\"@id\":\"https:\/\/dev.antudigital.cl\/sites\/vc\/insomnia-estrena-dos-peliculas-basadas-en-libros-la-vida-de-jagna-y-el-filme-de-terror-observados\/\"},\"wordCount\":806,\"image\":{\"@id\":\"https:\/\/dev.antudigital.cl\/sites\/vc\/insomnia-estrena-dos-peliculas-basadas-en-libros-la-vida-de-jagna-y-el-filme-de-terror-observados\/#primaryimage\"},\"thumbnailUrl\":\"https:\/\/dev.antudigital.cl\/sites\/vc\/wp-content\/uploads\/2024\/06\/La-vida-de-Jagna-1.jpg\",\"articleSection\":[\"Noticia\"],\"inLanguage\":\"es\"},{\"@type\":\"WebPage\",\"@id\":\"https:\/\/dev.antudigital.cl\/sites\/vc\/insomnia-estrena-dos-peliculas-basadas-en-libros-la-vida-de-jagna-y-el-filme-de-terror-observados\/\",\"url\":\"https:\/\/dev.antudigital.cl\/sites\/vc\/insomnia-estrena-dos-peliculas-basadas-en-libros-la-vida-de-jagna-y-el-filme-de-terror-observados\/\",\"name\":\"INSOMNIA estrena dos pel\u00edculas basadas en libros: La vida de Jagna y el filme de terror Observados - Valpara\u00ed\u00adso Creativo\",\"isPartOf\":{\"@id\":\"https:\/\/dev.antudigital.cl\/sites\/vc\/#website\"},\"primaryImageOfPage\":{\"@id\":\"https:\/\/dev.antudigital.cl\/sites\/vc\/insomnia-estrena-dos-peliculas-basadas-en-libros-la-vida-de-jagna-y-el-filme-de-terror-observados\/#primaryimage\"},\"image\":{\"@id\":\"https:\/\/dev.antudigital.cl\/sites\/vc\/insomnia-estrena-dos-peliculas-basadas-en-libros-la-vida-de-jagna-y-el-filme-de-terror-observados\/#primaryimage\"},\"thumbnailUrl\":\"https:\/\/dev.antudigital.cl\/sites\/vc\/wp-content\/uploads\/2024\/06\/La-vida-de-Jagna-1.jpg\",\"datePublished\":\"2024-06-10T13:43:56+00:00\",\"dateModified\":\"2024-06-10T13:44:13+00:00\",\"author\":{\"@id\":\"https:\/\/dev.antudigital.cl\/sites\/vc\/#\/schema\/person\/c2b9da8dd545e27166fc5ab232837318\"},\"breadcrumb\":{\"@id\":\"https:\/\/dev.antudigital.cl\/sites\/vc\/insomnia-estrena-dos-peliculas-basadas-en-libros-la-vida-de-jagna-y-el-filme-de-terror-observados\/#breadcrumb\"},\"inLanguage\":\"es\",\"potentialAction\":[{\"@type\":\"ReadAction\",\"target\":[\"https:\/\/dev.antudigital.cl\/sites\/vc\/insomnia-estrena-dos-peliculas-basadas-en-libros-la-vida-de-jagna-y-el-filme-de-terror-observados\/\"]}]},{\"@type\":\"ImageObject\",\"inLanguage\":\"es\",\"@id\":\"https:\/\/dev.antudigital.cl\/sites\/vc\/insomnia-estrena-dos-peliculas-basadas-en-libros-la-vida-de-jagna-y-el-filme-de-terror-observados\/#primaryimage\",\"url\":\"https:\/\/dev.antudigital.cl\/sites\/vc\/wp-content\/uploads\/2024\/06\/La-vida-de-Jagna-1.jpg\",\"contentUrl\":\"https:\/\/dev.antudigital.cl\/sites\/vc\/wp-content\/uploads\/2024\/06\/La-vida-de-Jagna-1.jpg\",\"width\":1289,\"height\":697},{\"@type\":\"BreadcrumbList\",\"@id\":\"https:\/\/dev.antudigital.cl\/sites\/vc\/insomnia-estrena-dos-peliculas-basadas-en-libros-la-vida-de-jagna-y-el-filme-de-terror-observados\/#breadcrumb\",\"itemListElement\":[{\"@type\":\"ListItem\",\"position\":1,\"name\":\"Home\",\"item\":\"https:\/\/dev.antudigital.cl\/sites\/vc\/\"},{\"@type\":\"ListItem\",\"position\":2,\"name\":\"INSOMNIA estrena dos pel\u00edculas basadas en libros: La vida de Jagna y el filme de terror Observados\"}]},{\"@type\":\"WebSite\",\"@id\":\"https:\/\/dev.antudigital.cl\/sites\/vc\/#website\",\"url\":\"https:\/\/dev.antudigital.cl\/sites\/vc\/\",\"name\":\"Valpara\u00ed\u00adso Creativo\",\"description\":\"\",\"potentialAction\":[{\"@type\":\"SearchAction\",\"target\":{\"@type\":\"EntryPoint\",\"urlTemplate\":\"https:\/\/dev.antudigital.cl\/sites\/vc\/?s={search_term_string}\"},\"query-input\":{\"@type\":\"PropertyValueSpecification\",\"valueRequired\":true,\"valueName\":\"search_term_string\"}}],\"inLanguage\":\"es\"},{\"@type\":\"Person\",\"@id\":\"https:\/\/dev.antudigital.cl\/sites\/vc\/#\/schema\/person\/c2b9da8dd545e27166fc5ab232837318\",\"name\":\"Valpara\u00edso Creativo\",\"description\":\"Periodista de cultura en la Regi\u00f3n de Valpara\u00edso.\",\"url\":\"https:\/\/dev.antudigital.cl\/sites\/vc\/author\/valpoadmin\/\"}]}<\/script>\n<!-- \/ Yoast SEO plugin. -->","yoast_head_json":{"title":"INSOMNIA estrena dos pel\u00edculas basadas en libros: La vida de Jagna y el filme de terror Observados - Valpara\u00ed\u00adso Creativo","robots":{"index":"index","follow":"follow","max-snippet":"max-snippet:-1","max-image-preview":"max-image-preview:large","max-video-preview":"max-video-preview:-1"},"canonical":"https:\/\/dev.antudigital.cl\/sites\/vc\/insomnia-estrena-dos-peliculas-basadas-en-libros-la-vida-de-jagna-y-el-filme-de-terror-observados\/","og_locale":"es_ES","og_type":"article","og_title":"INSOMNIA estrena dos pel\u00edculas basadas en libros: La vida de Jagna y el filme de terror Observados - Valpara\u00ed\u00adso Creativo","og_description":"Este viernes INSOMNIA lo dedica a dos grandes estrenos: La vida de Jagna y Observados. El primero es un filme de \u00e9poca inspirado en la novela de&nbsp;Wladyslaw Reymont \u201cChlopi\u201d, de la mano de los creadores de \u201cLoving Vincent\u201d DK Welchman y Hugh Welchman. Incorpora la misma t\u00e9cnica de animaci\u00f3n basada en pinturas al \u00f3leo que [&hellip;]","og_url":"https:\/\/dev.antudigital.cl\/sites\/vc\/insomnia-estrena-dos-peliculas-basadas-en-libros-la-vida-de-jagna-y-el-filme-de-terror-observados\/","og_site_name":"Valpara\u00ed\u00adso Creativo","article_published_time":"2024-06-10T13:43:56+00:00","article_modified_time":"2024-06-10T13:44:13+00:00","og_image":[{"width":1289,"height":697,"url":"https:\/\/dev.antudigital.cl\/sites\/vc\/wp-content\/uploads\/2024\/06\/La-vida-de-Jagna-1.jpg","type":"image\/jpeg"}],"author":"Valpara\u00edso Creativo","twitter_card":"summary_large_image","twitter_misc":{"Escrito por":"Valpara\u00edso Creativo","Tiempo de lectura":"5 minutos"},"schema":{"@context":"https:\/\/schema.org","@graph":[{"@type":"Article","@id":"https:\/\/dev.antudigital.cl\/sites\/vc\/insomnia-estrena-dos-peliculas-basadas-en-libros-la-vida-de-jagna-y-el-filme-de-terror-observados\/#article","isPartOf":{"@id":"https:\/\/dev.antudigital.cl\/sites\/vc\/insomnia-estrena-dos-peliculas-basadas-en-libros-la-vida-de-jagna-y-el-filme-de-terror-observados\/"},"author":{"name":"Valpara\u00edso Creativo","@id":"https:\/\/dev.antudigital.cl\/sites\/vc\/#\/schema\/person\/c2b9da8dd545e27166fc5ab232837318"},"headline":"INSOMNIA estrena dos pel\u00edculas basadas en libros: La vida de Jagna y el filme de terror Observados","datePublished":"2024-06-10T13:43:56+00:00","dateModified":"2024-06-10T13:44:13+00:00","mainEntityOfPage":{"@id":"https:\/\/dev.antudigital.cl\/sites\/vc\/insomnia-estrena-dos-peliculas-basadas-en-libros-la-vida-de-jagna-y-el-filme-de-terror-observados\/"},"wordCount":806,"image":{"@id":"https:\/\/dev.antudigital.cl\/sites\/vc\/insomnia-estrena-dos-peliculas-basadas-en-libros-la-vida-de-jagna-y-el-filme-de-terror-observados\/#primaryimage"},"thumbnailUrl":"https:\/\/dev.antudigital.cl\/sites\/vc\/wp-content\/uploads\/2024\/06\/La-vida-de-Jagna-1.jpg","articleSection":["Noticia"],"inLanguage":"es"},{"@type":"WebPage","@id":"https:\/\/dev.antudigital.cl\/sites\/vc\/insomnia-estrena-dos-peliculas-basadas-en-libros-la-vida-de-jagna-y-el-filme-de-terror-observados\/","url":"https:\/\/dev.antudigital.cl\/sites\/vc\/insomnia-estrena-dos-peliculas-basadas-en-libros-la-vida-de-jagna-y-el-filme-de-terror-observados\/","name":"INSOMNIA estrena dos pel\u00edculas basadas en libros: La vida de Jagna y el filme de terror Observados - Valpara\u00ed\u00adso Creativo","isPartOf":{"@id":"https:\/\/dev.antudigital.cl\/sites\/vc\/#website"},"primaryImageOfPage":{"@id":"https:\/\/dev.antudigital.cl\/sites\/vc\/insomnia-estrena-dos-peliculas-basadas-en-libros-la-vida-de-jagna-y-el-filme-de-terror-observados\/#primaryimage"},"image":{"@id":"https:\/\/dev.antudigital.cl\/sites\/vc\/insomnia-estrena-dos-peliculas-basadas-en-libros-la-vida-de-jagna-y-el-filme-de-terror-observados\/#primaryimage"},"thumbnailUrl":"https:\/\/dev.antudigital.cl\/sites\/vc\/wp-content\/uploads\/2024\/06\/La-vida-de-Jagna-1.jpg","datePublished":"2024-06-10T13:43:56+00:00","dateModified":"2024-06-10T13:44:13+00:00","author":{"@id":"https:\/\/dev.antudigital.cl\/sites\/vc\/#\/schema\/person\/c2b9da8dd545e27166fc5ab232837318"},"breadcrumb":{"@id":"https:\/\/dev.antudigital.cl\/sites\/vc\/insomnia-estrena-dos-peliculas-basadas-en-libros-la-vida-de-jagna-y-el-filme-de-terror-observados\/#breadcrumb"},"inLanguage":"es","potentialAction":[{"@type":"ReadAction","target":["https:\/\/dev.antudigital.cl\/sites\/vc\/insomnia-estrena-dos-peliculas-basadas-en-libros-la-vida-de-jagna-y-el-filme-de-terror-observados\/"]}]},{"@type":"ImageObject","inLanguage":"es","@id":"https:\/\/dev.antudigital.cl\/sites\/vc\/insomnia-estrena-dos-peliculas-basadas-en-libros-la-vida-de-jagna-y-el-filme-de-terror-observados\/#primaryimage","url":"https:\/\/dev.antudigital.cl\/sites\/vc\/wp-content\/uploads\/2024\/06\/La-vida-de-Jagna-1.jpg","contentUrl":"https:\/\/dev.antudigital.cl\/sites\/vc\/wp-content\/uploads\/2024\/06\/La-vida-de-Jagna-1.jpg","width":1289,"height":697},{"@type":"BreadcrumbList","@id":"https:\/\/dev.antudigital.cl\/sites\/vc\/insomnia-estrena-dos-peliculas-basadas-en-libros-la-vida-de-jagna-y-el-filme-de-terror-observados\/#breadcrumb","itemListElement":[{"@type":"ListItem","position":1,"name":"Home","item":"https:\/\/dev.antudigital.cl\/sites\/vc\/"},{"@type":"ListItem","position":2,"name":"INSOMNIA estrena dos pel\u00edculas basadas en libros: La vida de Jagna y el filme de terror Observados"}]},{"@type":"WebSite","@id":"https:\/\/dev.antudigital.cl\/sites\/vc\/#website","url":"https:\/\/dev.antudigital.cl\/sites\/vc\/","name":"Valpara\u00ed\u00adso Creativo","description":"","potentialAction":[{"@type":"SearchAction","target":{"@type":"EntryPoint","urlTemplate":"https:\/\/dev.antudigital.cl\/sites\/vc\/?s={search_term_string}"},"query-input":{"@type":"PropertyValueSpecification","valueRequired":true,"valueName":"search_term_string"}}],"inLanguage":"es"},{"@type":"Person","@id":"https:\/\/dev.antudigital.cl\/sites\/vc\/#\/schema\/person\/c2b9da8dd545e27166fc5ab232837318","name":"Valpara\u00edso Creativo","description":"Periodista de cultura en la Regi\u00f3n de Valpara\u00edso.","url":"https:\/\/dev.antudigital.cl\/sites\/vc\/author\/valpoadmin\/"}]}},"_links":{"self":[{"href":"https:\/\/dev.antudigital.cl\/sites\/vc\/wp-json\/wp\/v2\/posts\/19316","targetHints":{"allow":["GET"]}}],"collection":[{"href":"https:\/\/dev.antudigital.cl\/sites\/vc\/wp-json\/wp\/v2\/posts"}],"about":[{"href":"https:\/\/dev.antudigital.cl\/sites\/vc\/wp-json\/wp\/v2\/types\/post"}],"author":[{"embeddable":true,"href":"https:\/\/dev.antudigital.cl\/sites\/vc\/wp-json\/wp\/v2\/users\/1"}],"replies":[{"embeddable":true,"href":"https:\/\/dev.antudigital.cl\/sites\/vc\/wp-json\/wp\/v2\/comments?post=19316"}],"version-history":[{"count":1,"href":"https:\/\/dev.antudigital.cl\/sites\/vc\/wp-json\/wp\/v2\/posts\/19316\/revisions"}],"predecessor-version":[{"id":19324,"href":"https:\/\/dev.antudigital.cl\/sites\/vc\/wp-json\/wp\/v2\/posts\/19316\/revisions\/19324"}],"wp:featuredmedia":[{"embeddable":true,"href":"https:\/\/dev.antudigital.cl\/sites\/vc\/wp-json\/wp\/v2\/media\/19321"}],"wp:attachment":[{"href":"https:\/\/dev.antudigital.cl\/sites\/vc\/wp-json\/wp\/v2\/media?parent=19316"}],"wp:term":[{"taxonomy":"category","embeddable":true,"href":"https:\/\/dev.antudigital.cl\/sites\/vc\/wp-json\/wp\/v2\/categories?post=19316"},{"taxonomy":"post_tag","embeddable":true,"href":"https:\/\/dev.antudigital.cl\/sites\/vc\/wp-json\/wp\/v2\/tags?post=19316"}],"curies":[{"name":"wp","href":"https:\/\/api.w.org\/{rel}","templated":true}]}}