{"id":19325,"date":"2024-06-10T13:51:02","date_gmt":"2024-06-10T13:51:02","guid":{"rendered":"https:\/\/www.valparaisocreativo.cl\/?p=19325"},"modified":"2024-06-10T13:51:18","modified_gmt":"2024-06-10T13:51:18","slug":"ojo-de-pescado-lanza-concurso-de-ilustracion-para-ninos-ninas-y-jovenes-sobre-el-cuidado-del-medioambiente-y-el-derecho-a-la-ciudadania","status":"publish","type":"post","link":"https:\/\/dev.antudigital.cl\/sites\/vc\/ojo-de-pescado-lanza-concurso-de-ilustracion-para-ninos-ninas-y-jovenes-sobre-el-cuidado-del-medioambiente-y-el-derecho-a-la-ciudadania\/","title":{"rendered":"Ojo de Pescado lanza Concurso de Ilustraci\u00f3n para ni\u00f1os, ni\u00f1as y j\u00f3venes sobre el cuidado del medioambiente y el derecho a la ciudadan\u00eda"},"content":{"rendered":"\n<p>Con el objetivo de motivar la creatividad y la libertad de expresi\u00f3n de las ni\u00f1eces en torno al cuidado del medioambiente y el derecho a la ciudadan\u00eda, el 13\u00b0 Festival Internacional de Cine Ojo de Pescado lanza <strong>un <\/strong><a href=\"http:\/\/www.ojodepescado.cl\/concurso-dibujo\"><strong>concurso de ilustraci\u00f3n<\/strong><\/a><strong> para ni\u00f1os, ni\u00f1as y j\u00f3venes de todo Chile,<\/strong> quienes pueden participar con sus creaciones hasta <strong>el viernes 12 de julio de 2024.<\/strong><\/p>\n\n\n\n<p>A trav\u00e9s de este concurso, Ojo de Pescado \u2015proyecto que cuenta con el financiamiento del Ministerio de las Culturas, las Artes y el Patrimonio a trav\u00e9s de su Programa de Apoyo a Organizaciones Culturales Colaboradoras\u2015 busca <strong>activar la reflexi\u00f3n cr\u00edtica en torno a los problemas ambientales <\/strong>que afectan a Chile y al resto del mundo, y pensar de qu\u00e9 manera las y los ni\u00f1os pueden hacer uso de su derecho a la ciudadan\u00eda para aportar soluciones a esta situaci\u00f3n.<\/p>\n\n\n\n<p>\u00abUna de las preocupaciones m\u00e1s importantes para las ni\u00f1eces es el cuidado del medioambiente, por lo que decidimos posicionar esta tem\u00e1tica como una de las directrices program\u00e1ticas para este a\u00f1o. Este concurso contin\u00faa esa senda de ser una ventana de expresi\u00f3n al pa\u00eds, donde ni\u00f1os y ni\u00f1as puedan materializar sus miradas y sue\u00f1os alrededor de una tem\u00e1tica relevante y de inter\u00e9s general, a trav\u00e9s de una obra gr\u00e1fica que sintetice su sentir\u00bb, explica <strong>Carlos Urquieta, director ejecutivo de Ojo de Pescado.<\/strong><\/p>\n\n\n\n<figure class=\"wp-block-image size-large\"><img fetchpriority=\"high\" decoding=\"async\" width=\"1024\" height=\"683\" src=\"https:\/\/www.valparaisocreativo.cl\/wp-content\/uploads\/2024\/06\/Ojo-de-Pescado-2-1024x683.jpg\" alt=\"\" class=\"wp-image-19327\" srcset=\"https:\/\/dev.antudigital.cl\/sites\/vc\/wp-content\/uploads\/2024\/06\/Ojo-de-Pescado-2-1024x683.jpg 1024w, https:\/\/dev.antudigital.cl\/sites\/vc\/wp-content\/uploads\/2024\/06\/Ojo-de-Pescado-2-300x200.jpg 300w, https:\/\/dev.antudigital.cl\/sites\/vc\/wp-content\/uploads\/2024\/06\/Ojo-de-Pescado-2-768x512.jpg 768w, https:\/\/dev.antudigital.cl\/sites\/vc\/wp-content\/uploads\/2024\/06\/Ojo-de-Pescado-2-1080x720.jpg 1080w, https:\/\/dev.antudigital.cl\/sites\/vc\/wp-content\/uploads\/2024\/06\/Ojo-de-Pescado-2-1280x853.jpg 1280w, https:\/\/dev.antudigital.cl\/sites\/vc\/wp-content\/uploads\/2024\/06\/Ojo-de-Pescado-2-980x653.jpg 980w, https:\/\/dev.antudigital.cl\/sites\/vc\/wp-content\/uploads\/2024\/06\/Ojo-de-Pescado-2-480x320.jpg 480w, https:\/\/dev.antudigital.cl\/sites\/vc\/wp-content\/uploads\/2024\/06\/Ojo-de-Pescado-2-24x16.jpg 24w, https:\/\/dev.antudigital.cl\/sites\/vc\/wp-content\/uploads\/2024\/06\/Ojo-de-Pescado-2-36x24.jpg 36w, https:\/\/dev.antudigital.cl\/sites\/vc\/wp-content\/uploads\/2024\/06\/Ojo-de-Pescado-2-48x32.jpg 48w, https:\/\/dev.antudigital.cl\/sites\/vc\/wp-content\/uploads\/2024\/06\/Ojo-de-Pescado-2.jpg 1500w\" sizes=\"(max-width: 1024px) 100vw, 1024px\" \/><\/figure>\n\n\n\n<p>La convocatoria, cuyas bases y formulario de participaci\u00f3n ya est\u00e1n disponibles en <a href=\"http:\/\/www.ojodepescado.cl\">www.ojodepescado.cl<\/a>, se encuentra abierta para ni\u00f1os, ni\u00f1as y j\u00f3venes de todo Chile, quienes pueden participar con dibujos escaneados, que utilicen <strong>cualquier t\u00e9cnica y estilo.&nbsp;<\/strong><\/p>\n\n\n\n<p>Es importante destacar que las y los ganadores recibir\u00e1n packs de productos Giotto, adem\u00e1s, una de las ilustraciones ganadoras ser\u00e1 elegida como <strong>la imagen oficial del 13\u00b0 Festival Ojo de Pescado<\/strong>, que se desarrollar\u00e1 entre el 5 y el 15 de noviembre. Tambi\u00e9n se realizar\u00e1 una selecci\u00f3n de ilustraciones que formar\u00e1n parte de una <strong>exposici\u00f3n<\/strong> que tendr\u00e1 lugar en la ciudad de Valpara\u00edso, el segundo semestre de este a\u00f1o.<\/p>\n\n\n\n<p><strong>Convocatoria J\u00f3venes Cineastas<\/strong><\/p>\n\n\n\n<p>Del mismo modo, ya est\u00e1n abiertas las postulaciones para que estudiantes de Chile y Latinoam\u00e9rica postulen sus <strong>cortometrajes a la competencia \u201cJ\u00f3venes Cineastas\u201d<\/strong> del 13\u00b0 Festival Internacional de Cine para Ni\u00f1os, Ni\u00f1as y J\u00f3venes Ojo de Pescado.<\/p>\n\n\n\n<p>En esta categor\u00eda en competencia pueden postular hasta el 7 de julio \u2014a trav\u00e9s del formulario alojado en <a href=\"http:\/\/www.ojodepescado.cl\">www.ojodepescado.cl<\/a>\u2014 cortometrajes de ficci\u00f3n, animaci\u00f3n o no ficci\u00f3n, hechos por ni\u00f1os, ni\u00f1as y j\u00f3venes<strong> <\/strong>que, al momento de la realizaci\u00f3n de su obra, hayan tenido hasta 18 a\u00f1os de edad. La duraci\u00f3n del cortometraje debe ser igual o inferior a 30 minutos con cr\u00e9ditos incluidos.<\/p>\n\n\n\n<p>Las obras seleccionadas para participar ser\u00e1n exhibidas en salas de cine de Valpara\u00edso durante la semana del Festival, para que un jurado compuesto por profesores y profesoras de distintos lugares de Chile elija a los\/as ganadores\/as.<\/p>\n\n\n\n<p>En ese sentido, la directora art\u00edstica de Ojo de Pescado<strong>, Alejandra Fritis Zapata, se refiri\u00f3 al aporte que este tipo de actividades<\/strong> generan para el desarrollo formativo de ni\u00f1os y ni\u00f1as:&nbsp;<\/p>\n\n\n\n<p>\u00abComo disciplina art\u00edstica, el cine propone una mirada cr\u00edtica sobre la realidad y releva la construcci\u00f3n situada y colectiva del conocimiento; como herramienta comunicativa y expresiva, contribuye a garantizar derechos de las infancias relativos a la libertad de expresi\u00f3n y consideraci\u00f3n de sus opiniones, y como proceso pedag\u00f3gico, <strong>activa un di\u00e1logo entre las distintas asignaturas, articuladas en torno a un proyecto, al aprender haciendo, al trabajo en equipo<\/strong>, y a la colaboraci\u00f3n necesaria para el logro de metas significativas\u00bb.<\/p>\n\n\n\n<p>De este modo, Ojo de Pescado abre nuevamente diferentes espacios para que ni\u00f1os, ni\u00f1as y j\u00f3venes compartan su creatividad a trav\u00e9s del arte y el mundo audiovisual.\u00a0<\/p>\n\n\n\n<figure class=\"wp-block-image size-full\"><img decoding=\"async\" width=\"626\" height=\"627\" src=\"https:\/\/www.valparaisocreativo.cl\/wp-content\/uploads\/2024\/06\/Captura-de-Pantalla-2024-06-10-a-las-09.49.52.png\" alt=\"\" class=\"wp-image-19328\" srcset=\"https:\/\/dev.antudigital.cl\/sites\/vc\/wp-content\/uploads\/2024\/06\/Captura-de-Pantalla-2024-06-10-a-las-09.49.52.png 626w, https:\/\/dev.antudigital.cl\/sites\/vc\/wp-content\/uploads\/2024\/06\/Captura-de-Pantalla-2024-06-10-a-las-09.49.52-300x300.png 300w, https:\/\/dev.antudigital.cl\/sites\/vc\/wp-content\/uploads\/2024\/06\/Captura-de-Pantalla-2024-06-10-a-las-09.49.52-150x150.png 150w, https:\/\/dev.antudigital.cl\/sites\/vc\/wp-content\/uploads\/2024\/06\/Captura-de-Pantalla-2024-06-10-a-las-09.49.52-480x481.png 480w, https:\/\/dev.antudigital.cl\/sites\/vc\/wp-content\/uploads\/2024\/06\/Captura-de-Pantalla-2024-06-10-a-las-09.49.52-24x24.png 24w, https:\/\/dev.antudigital.cl\/sites\/vc\/wp-content\/uploads\/2024\/06\/Captura-de-Pantalla-2024-06-10-a-las-09.49.52-36x36.png 36w, https:\/\/dev.antudigital.cl\/sites\/vc\/wp-content\/uploads\/2024\/06\/Captura-de-Pantalla-2024-06-10-a-las-09.49.52-48x48.png 48w\" sizes=\"(max-width: 626px) 100vw, 626px\" \/><\/figure>\n","protected":false},"excerpt":{"rendered":"<p>Con el objetivo de motivar la creatividad y la libertad de expresi\u00f3n de las ni\u00f1eces en torno al cuidado del medioambiente y el derecho a la ciudadan\u00eda, el 13\u00b0 Festival Internacional de Cine Ojo de Pescado lanza un concurso de ilustraci\u00f3n para ni\u00f1os, ni\u00f1as y j\u00f3venes de todo Chile, quienes pueden participar con sus creaciones [&hellip;]<\/p>\n","protected":false},"author":1,"featured_media":19326,"comment_status":"closed","ping_status":"closed","sticky":false,"template":"","format":"standard","meta":{"_acf_changed":false,"footnotes":""},"categories":[8],"tags":[],"class_list":["post-19325","post","type-post","status-publish","format-standard","has-post-thumbnail","hentry","category-noticia"],"acf":[],"yoast_head":"<!-- This site is optimized with the Yoast SEO plugin v27.1.1 - https:\/\/yoast.com\/product\/yoast-seo-wordpress\/ -->\n<title>Ojo de Pescado lanza Concurso de Ilustraci\u00f3n para ni\u00f1os, ni\u00f1as y j\u00f3venes sobre el cuidado del medioambiente y el derecho a la ciudadan\u00eda - Valpara\u00ed\u00adso Creativo<\/title>\n<meta name=\"robots\" content=\"index, follow, max-snippet:-1, max-image-preview:large, max-video-preview:-1\" \/>\n<link rel=\"canonical\" href=\"https:\/\/dev.antudigital.cl\/sites\/vc\/ojo-de-pescado-lanza-concurso-de-ilustracion-para-ninos-ninas-y-jovenes-sobre-el-cuidado-del-medioambiente-y-el-derecho-a-la-ciudadania\/\" \/>\n<meta property=\"og:locale\" content=\"es_ES\" \/>\n<meta property=\"og:type\" content=\"article\" \/>\n<meta property=\"og:title\" content=\"Ojo de Pescado lanza Concurso de Ilustraci\u00f3n para ni\u00f1os, ni\u00f1as y j\u00f3venes sobre el cuidado del medioambiente y el derecho a la ciudadan\u00eda - Valpara\u00ed\u00adso Creativo\" \/>\n<meta property=\"og:description\" content=\"Con el objetivo de motivar la creatividad y la libertad de expresi\u00f3n de las ni\u00f1eces en torno al cuidado del medioambiente y el derecho a la ciudadan\u00eda, el 13\u00b0 Festival Internacional de Cine Ojo de Pescado lanza un concurso de ilustraci\u00f3n para ni\u00f1os, ni\u00f1as y j\u00f3venes de todo Chile, quienes pueden participar con sus creaciones [&hellip;]\" \/>\n<meta property=\"og:url\" content=\"https:\/\/dev.antudigital.cl\/sites\/vc\/ojo-de-pescado-lanza-concurso-de-ilustracion-para-ninos-ninas-y-jovenes-sobre-el-cuidado-del-medioambiente-y-el-derecho-a-la-ciudadania\/\" \/>\n<meta property=\"og:site_name\" content=\"Valpara\u00ed\u00adso Creativo\" \/>\n<meta property=\"article:published_time\" content=\"2024-06-10T13:51:02+00:00\" \/>\n<meta property=\"article:modified_time\" content=\"2024-06-10T13:51:18+00:00\" \/>\n<meta property=\"og:image\" content=\"https:\/\/dev.antudigital.cl\/sites\/vc\/wp-content\/uploads\/2024\/06\/Ojo-de-Pescado-1.jpg\" \/>\n\t<meta property=\"og:image:width\" content=\"1500\" \/>\n\t<meta property=\"og:image:height\" content=\"1125\" \/>\n\t<meta property=\"og:image:type\" content=\"image\/jpeg\" \/>\n<meta name=\"author\" content=\"Valpara\u00edso Creativo\" \/>\n<meta name=\"twitter:card\" content=\"summary_large_image\" \/>\n<meta name=\"twitter:label1\" content=\"Escrito por\" \/>\n\t<meta name=\"twitter:data1\" content=\"Valpara\u00edso Creativo\" \/>\n\t<meta name=\"twitter:label2\" content=\"Tiempo de lectura\" \/>\n\t<meta name=\"twitter:data2\" content=\"4 minutos\" \/>\n<script type=\"application\/ld+json\" class=\"yoast-schema-graph\">{\"@context\":\"https:\/\/schema.org\",\"@graph\":[{\"@type\":\"Article\",\"@id\":\"https:\/\/dev.antudigital.cl\/sites\/vc\/ojo-de-pescado-lanza-concurso-de-ilustracion-para-ninos-ninas-y-jovenes-sobre-el-cuidado-del-medioambiente-y-el-derecho-a-la-ciudadania\/#article\",\"isPartOf\":{\"@id\":\"https:\/\/dev.antudigital.cl\/sites\/vc\/ojo-de-pescado-lanza-concurso-de-ilustracion-para-ninos-ninas-y-jovenes-sobre-el-cuidado-del-medioambiente-y-el-derecho-a-la-ciudadania\/\"},\"author\":{\"name\":\"Valpara\u00edso Creativo\",\"@id\":\"https:\/\/dev.antudigital.cl\/sites\/vc\/#\/schema\/person\/c2b9da8dd545e27166fc5ab232837318\"},\"headline\":\"Ojo de Pescado lanza Concurso de Ilustraci\u00f3n para ni\u00f1os, ni\u00f1as y j\u00f3venes sobre el cuidado del medioambiente y el derecho a la ciudadan\u00eda\",\"datePublished\":\"2024-06-10T13:51:02+00:00\",\"dateModified\":\"2024-06-10T13:51:18+00:00\",\"mainEntityOfPage\":{\"@id\":\"https:\/\/dev.antudigital.cl\/sites\/vc\/ojo-de-pescado-lanza-concurso-de-ilustracion-para-ninos-ninas-y-jovenes-sobre-el-cuidado-del-medioambiente-y-el-derecho-a-la-ciudadania\/\"},\"wordCount\":709,\"image\":{\"@id\":\"https:\/\/dev.antudigital.cl\/sites\/vc\/ojo-de-pescado-lanza-concurso-de-ilustracion-para-ninos-ninas-y-jovenes-sobre-el-cuidado-del-medioambiente-y-el-derecho-a-la-ciudadania\/#primaryimage\"},\"thumbnailUrl\":\"https:\/\/dev.antudigital.cl\/sites\/vc\/wp-content\/uploads\/2024\/06\/Ojo-de-Pescado-1.jpg\",\"articleSection\":[\"Noticia\"],\"inLanguage\":\"es\"},{\"@type\":\"WebPage\",\"@id\":\"https:\/\/dev.antudigital.cl\/sites\/vc\/ojo-de-pescado-lanza-concurso-de-ilustracion-para-ninos-ninas-y-jovenes-sobre-el-cuidado-del-medioambiente-y-el-derecho-a-la-ciudadania\/\",\"url\":\"https:\/\/dev.antudigital.cl\/sites\/vc\/ojo-de-pescado-lanza-concurso-de-ilustracion-para-ninos-ninas-y-jovenes-sobre-el-cuidado-del-medioambiente-y-el-derecho-a-la-ciudadania\/\",\"name\":\"Ojo de Pescado lanza Concurso de Ilustraci\u00f3n para ni\u00f1os, ni\u00f1as y j\u00f3venes sobre el cuidado del medioambiente y el derecho a la ciudadan\u00eda - Valpara\u00ed\u00adso Creativo\",\"isPartOf\":{\"@id\":\"https:\/\/dev.antudigital.cl\/sites\/vc\/#website\"},\"primaryImageOfPage\":{\"@id\":\"https:\/\/dev.antudigital.cl\/sites\/vc\/ojo-de-pescado-lanza-concurso-de-ilustracion-para-ninos-ninas-y-jovenes-sobre-el-cuidado-del-medioambiente-y-el-derecho-a-la-ciudadania\/#primaryimage\"},\"image\":{\"@id\":\"https:\/\/dev.antudigital.cl\/sites\/vc\/ojo-de-pescado-lanza-concurso-de-ilustracion-para-ninos-ninas-y-jovenes-sobre-el-cuidado-del-medioambiente-y-el-derecho-a-la-ciudadania\/#primaryimage\"},\"thumbnailUrl\":\"https:\/\/dev.antudigital.cl\/sites\/vc\/wp-content\/uploads\/2024\/06\/Ojo-de-Pescado-1.jpg\",\"datePublished\":\"2024-06-10T13:51:02+00:00\",\"dateModified\":\"2024-06-10T13:51:18+00:00\",\"author\":{\"@id\":\"https:\/\/dev.antudigital.cl\/sites\/vc\/#\/schema\/person\/c2b9da8dd545e27166fc5ab232837318\"},\"breadcrumb\":{\"@id\":\"https:\/\/dev.antudigital.cl\/sites\/vc\/ojo-de-pescado-lanza-concurso-de-ilustracion-para-ninos-ninas-y-jovenes-sobre-el-cuidado-del-medioambiente-y-el-derecho-a-la-ciudadania\/#breadcrumb\"},\"inLanguage\":\"es\",\"potentialAction\":[{\"@type\":\"ReadAction\",\"target\":[\"https:\/\/dev.antudigital.cl\/sites\/vc\/ojo-de-pescado-lanza-concurso-de-ilustracion-para-ninos-ninas-y-jovenes-sobre-el-cuidado-del-medioambiente-y-el-derecho-a-la-ciudadania\/\"]}]},{\"@type\":\"ImageObject\",\"inLanguage\":\"es\",\"@id\":\"https:\/\/dev.antudigital.cl\/sites\/vc\/ojo-de-pescado-lanza-concurso-de-ilustracion-para-ninos-ninas-y-jovenes-sobre-el-cuidado-del-medioambiente-y-el-derecho-a-la-ciudadania\/#primaryimage\",\"url\":\"https:\/\/dev.antudigital.cl\/sites\/vc\/wp-content\/uploads\/2024\/06\/Ojo-de-Pescado-1.jpg\",\"contentUrl\":\"https:\/\/dev.antudigital.cl\/sites\/vc\/wp-content\/uploads\/2024\/06\/Ojo-de-Pescado-1.jpg\",\"width\":1500,\"height\":1125},{\"@type\":\"BreadcrumbList\",\"@id\":\"https:\/\/dev.antudigital.cl\/sites\/vc\/ojo-de-pescado-lanza-concurso-de-ilustracion-para-ninos-ninas-y-jovenes-sobre-el-cuidado-del-medioambiente-y-el-derecho-a-la-ciudadania\/#breadcrumb\",\"itemListElement\":[{\"@type\":\"ListItem\",\"position\":1,\"name\":\"Home\",\"item\":\"https:\/\/dev.antudigital.cl\/sites\/vc\/\"},{\"@type\":\"ListItem\",\"position\":2,\"name\":\"Ojo de Pescado lanza Concurso de Ilustraci\u00f3n para ni\u00f1os, ni\u00f1as y j\u00f3venes sobre el cuidado del medioambiente y el derecho a la ciudadan\u00eda\"}]},{\"@type\":\"WebSite\",\"@id\":\"https:\/\/dev.antudigital.cl\/sites\/vc\/#website\",\"url\":\"https:\/\/dev.antudigital.cl\/sites\/vc\/\",\"name\":\"Valpara\u00ed\u00adso Creativo\",\"description\":\"\",\"potentialAction\":[{\"@type\":\"SearchAction\",\"target\":{\"@type\":\"EntryPoint\",\"urlTemplate\":\"https:\/\/dev.antudigital.cl\/sites\/vc\/?s={search_term_string}\"},\"query-input\":{\"@type\":\"PropertyValueSpecification\",\"valueRequired\":true,\"valueName\":\"search_term_string\"}}],\"inLanguage\":\"es\"},{\"@type\":\"Person\",\"@id\":\"https:\/\/dev.antudigital.cl\/sites\/vc\/#\/schema\/person\/c2b9da8dd545e27166fc5ab232837318\",\"name\":\"Valpara\u00edso Creativo\",\"description\":\"Periodista de cultura en la Regi\u00f3n de Valpara\u00edso.\",\"url\":\"https:\/\/dev.antudigital.cl\/sites\/vc\/author\/valpoadmin\/\"}]}<\/script>\n<!-- \/ Yoast SEO plugin. -->","yoast_head_json":{"title":"Ojo de Pescado lanza Concurso de Ilustraci\u00f3n para ni\u00f1os, ni\u00f1as y j\u00f3venes sobre el cuidado del medioambiente y el derecho a la ciudadan\u00eda - Valpara\u00ed\u00adso Creativo","robots":{"index":"index","follow":"follow","max-snippet":"max-snippet:-1","max-image-preview":"max-image-preview:large","max-video-preview":"max-video-preview:-1"},"canonical":"https:\/\/dev.antudigital.cl\/sites\/vc\/ojo-de-pescado-lanza-concurso-de-ilustracion-para-ninos-ninas-y-jovenes-sobre-el-cuidado-del-medioambiente-y-el-derecho-a-la-ciudadania\/","og_locale":"es_ES","og_type":"article","og_title":"Ojo de Pescado lanza Concurso de Ilustraci\u00f3n para ni\u00f1os, ni\u00f1as y j\u00f3venes sobre el cuidado del medioambiente y el derecho a la ciudadan\u00eda - Valpara\u00ed\u00adso Creativo","og_description":"Con el objetivo de motivar la creatividad y la libertad de expresi\u00f3n de las ni\u00f1eces en torno al cuidado del medioambiente y el derecho a la ciudadan\u00eda, el 13\u00b0 Festival Internacional de Cine Ojo de Pescado lanza un concurso de ilustraci\u00f3n para ni\u00f1os, ni\u00f1as y j\u00f3venes de todo Chile, quienes pueden participar con sus creaciones [&hellip;]","og_url":"https:\/\/dev.antudigital.cl\/sites\/vc\/ojo-de-pescado-lanza-concurso-de-ilustracion-para-ninos-ninas-y-jovenes-sobre-el-cuidado-del-medioambiente-y-el-derecho-a-la-ciudadania\/","og_site_name":"Valpara\u00ed\u00adso Creativo","article_published_time":"2024-06-10T13:51:02+00:00","article_modified_time":"2024-06-10T13:51:18+00:00","og_image":[{"width":1500,"height":1125,"url":"https:\/\/dev.antudigital.cl\/sites\/vc\/wp-content\/uploads\/2024\/06\/Ojo-de-Pescado-1.jpg","type":"image\/jpeg"}],"author":"Valpara\u00edso Creativo","twitter_card":"summary_large_image","twitter_misc":{"Escrito por":"Valpara\u00edso Creativo","Tiempo de lectura":"4 minutos"},"schema":{"@context":"https:\/\/schema.org","@graph":[{"@type":"Article","@id":"https:\/\/dev.antudigital.cl\/sites\/vc\/ojo-de-pescado-lanza-concurso-de-ilustracion-para-ninos-ninas-y-jovenes-sobre-el-cuidado-del-medioambiente-y-el-derecho-a-la-ciudadania\/#article","isPartOf":{"@id":"https:\/\/dev.antudigital.cl\/sites\/vc\/ojo-de-pescado-lanza-concurso-de-ilustracion-para-ninos-ninas-y-jovenes-sobre-el-cuidado-del-medioambiente-y-el-derecho-a-la-ciudadania\/"},"author":{"name":"Valpara\u00edso Creativo","@id":"https:\/\/dev.antudigital.cl\/sites\/vc\/#\/schema\/person\/c2b9da8dd545e27166fc5ab232837318"},"headline":"Ojo de Pescado lanza Concurso de Ilustraci\u00f3n para ni\u00f1os, ni\u00f1as y j\u00f3venes sobre el cuidado del medioambiente y el derecho a la ciudadan\u00eda","datePublished":"2024-06-10T13:51:02+00:00","dateModified":"2024-06-10T13:51:18+00:00","mainEntityOfPage":{"@id":"https:\/\/dev.antudigital.cl\/sites\/vc\/ojo-de-pescado-lanza-concurso-de-ilustracion-para-ninos-ninas-y-jovenes-sobre-el-cuidado-del-medioambiente-y-el-derecho-a-la-ciudadania\/"},"wordCount":709,"image":{"@id":"https:\/\/dev.antudigital.cl\/sites\/vc\/ojo-de-pescado-lanza-concurso-de-ilustracion-para-ninos-ninas-y-jovenes-sobre-el-cuidado-del-medioambiente-y-el-derecho-a-la-ciudadania\/#primaryimage"},"thumbnailUrl":"https:\/\/dev.antudigital.cl\/sites\/vc\/wp-content\/uploads\/2024\/06\/Ojo-de-Pescado-1.jpg","articleSection":["Noticia"],"inLanguage":"es"},{"@type":"WebPage","@id":"https:\/\/dev.antudigital.cl\/sites\/vc\/ojo-de-pescado-lanza-concurso-de-ilustracion-para-ninos-ninas-y-jovenes-sobre-el-cuidado-del-medioambiente-y-el-derecho-a-la-ciudadania\/","url":"https:\/\/dev.antudigital.cl\/sites\/vc\/ojo-de-pescado-lanza-concurso-de-ilustracion-para-ninos-ninas-y-jovenes-sobre-el-cuidado-del-medioambiente-y-el-derecho-a-la-ciudadania\/","name":"Ojo de Pescado lanza Concurso de Ilustraci\u00f3n para ni\u00f1os, ni\u00f1as y j\u00f3venes sobre el cuidado del medioambiente y el derecho a la ciudadan\u00eda - Valpara\u00ed\u00adso Creativo","isPartOf":{"@id":"https:\/\/dev.antudigital.cl\/sites\/vc\/#website"},"primaryImageOfPage":{"@id":"https:\/\/dev.antudigital.cl\/sites\/vc\/ojo-de-pescado-lanza-concurso-de-ilustracion-para-ninos-ninas-y-jovenes-sobre-el-cuidado-del-medioambiente-y-el-derecho-a-la-ciudadania\/#primaryimage"},"image":{"@id":"https:\/\/dev.antudigital.cl\/sites\/vc\/ojo-de-pescado-lanza-concurso-de-ilustracion-para-ninos-ninas-y-jovenes-sobre-el-cuidado-del-medioambiente-y-el-derecho-a-la-ciudadania\/#primaryimage"},"thumbnailUrl":"https:\/\/dev.antudigital.cl\/sites\/vc\/wp-content\/uploads\/2024\/06\/Ojo-de-Pescado-1.jpg","datePublished":"2024-06-10T13:51:02+00:00","dateModified":"2024-06-10T13:51:18+00:00","author":{"@id":"https:\/\/dev.antudigital.cl\/sites\/vc\/#\/schema\/person\/c2b9da8dd545e27166fc5ab232837318"},"breadcrumb":{"@id":"https:\/\/dev.antudigital.cl\/sites\/vc\/ojo-de-pescado-lanza-concurso-de-ilustracion-para-ninos-ninas-y-jovenes-sobre-el-cuidado-del-medioambiente-y-el-derecho-a-la-ciudadania\/#breadcrumb"},"inLanguage":"es","potentialAction":[{"@type":"ReadAction","target":["https:\/\/dev.antudigital.cl\/sites\/vc\/ojo-de-pescado-lanza-concurso-de-ilustracion-para-ninos-ninas-y-jovenes-sobre-el-cuidado-del-medioambiente-y-el-derecho-a-la-ciudadania\/"]}]},{"@type":"ImageObject","inLanguage":"es","@id":"https:\/\/dev.antudigital.cl\/sites\/vc\/ojo-de-pescado-lanza-concurso-de-ilustracion-para-ninos-ninas-y-jovenes-sobre-el-cuidado-del-medioambiente-y-el-derecho-a-la-ciudadania\/#primaryimage","url":"https:\/\/dev.antudigital.cl\/sites\/vc\/wp-content\/uploads\/2024\/06\/Ojo-de-Pescado-1.jpg","contentUrl":"https:\/\/dev.antudigital.cl\/sites\/vc\/wp-content\/uploads\/2024\/06\/Ojo-de-Pescado-1.jpg","width":1500,"height":1125},{"@type":"BreadcrumbList","@id":"https:\/\/dev.antudigital.cl\/sites\/vc\/ojo-de-pescado-lanza-concurso-de-ilustracion-para-ninos-ninas-y-jovenes-sobre-el-cuidado-del-medioambiente-y-el-derecho-a-la-ciudadania\/#breadcrumb","itemListElement":[{"@type":"ListItem","position":1,"name":"Home","item":"https:\/\/dev.antudigital.cl\/sites\/vc\/"},{"@type":"ListItem","position":2,"name":"Ojo de Pescado lanza Concurso de Ilustraci\u00f3n para ni\u00f1os, ni\u00f1as y j\u00f3venes sobre el cuidado del medioambiente y el derecho a la ciudadan\u00eda"}]},{"@type":"WebSite","@id":"https:\/\/dev.antudigital.cl\/sites\/vc\/#website","url":"https:\/\/dev.antudigital.cl\/sites\/vc\/","name":"Valpara\u00ed\u00adso Creativo","description":"","potentialAction":[{"@type":"SearchAction","target":{"@type":"EntryPoint","urlTemplate":"https:\/\/dev.antudigital.cl\/sites\/vc\/?s={search_term_string}"},"query-input":{"@type":"PropertyValueSpecification","valueRequired":true,"valueName":"search_term_string"}}],"inLanguage":"es"},{"@type":"Person","@id":"https:\/\/dev.antudigital.cl\/sites\/vc\/#\/schema\/person\/c2b9da8dd545e27166fc5ab232837318","name":"Valpara\u00edso Creativo","description":"Periodista de cultura en la Regi\u00f3n de Valpara\u00edso.","url":"https:\/\/dev.antudigital.cl\/sites\/vc\/author\/valpoadmin\/"}]}},"_links":{"self":[{"href":"https:\/\/dev.antudigital.cl\/sites\/vc\/wp-json\/wp\/v2\/posts\/19325","targetHints":{"allow":["GET"]}}],"collection":[{"href":"https:\/\/dev.antudigital.cl\/sites\/vc\/wp-json\/wp\/v2\/posts"}],"about":[{"href":"https:\/\/dev.antudigital.cl\/sites\/vc\/wp-json\/wp\/v2\/types\/post"}],"author":[{"embeddable":true,"href":"https:\/\/dev.antudigital.cl\/sites\/vc\/wp-json\/wp\/v2\/users\/1"}],"replies":[{"embeddable":true,"href":"https:\/\/dev.antudigital.cl\/sites\/vc\/wp-json\/wp\/v2\/comments?post=19325"}],"version-history":[{"count":1,"href":"https:\/\/dev.antudigital.cl\/sites\/vc\/wp-json\/wp\/v2\/posts\/19325\/revisions"}],"predecessor-version":[{"id":19329,"href":"https:\/\/dev.antudigital.cl\/sites\/vc\/wp-json\/wp\/v2\/posts\/19325\/revisions\/19329"}],"wp:featuredmedia":[{"embeddable":true,"href":"https:\/\/dev.antudigital.cl\/sites\/vc\/wp-json\/wp\/v2\/media\/19326"}],"wp:attachment":[{"href":"https:\/\/dev.antudigital.cl\/sites\/vc\/wp-json\/wp\/v2\/media?parent=19325"}],"wp:term":[{"taxonomy":"category","embeddable":true,"href":"https:\/\/dev.antudigital.cl\/sites\/vc\/wp-json\/wp\/v2\/categories?post=19325"},{"taxonomy":"post_tag","embeddable":true,"href":"https:\/\/dev.antudigital.cl\/sites\/vc\/wp-json\/wp\/v2\/tags?post=19325"}],"curies":[{"name":"wp","href":"https:\/\/api.w.org\/{rel}","templated":true}]}}