{"id":19330,"date":"2024-06-10T20:47:32","date_gmt":"2024-06-10T20:47:32","guid":{"rendered":"https:\/\/www.valparaisocreativo.cl\/?p=19330"},"modified":"2024-06-10T20:47:52","modified_gmt":"2024-06-10T20:47:52","slug":"dialogos-fotograficos-de-junio-en-casa-espacio-buenos-aires-824","status":"publish","type":"post","link":"https:\/\/dev.antudigital.cl\/sites\/vc\/dialogos-fotograficos-de-junio-en-casa-espacio-buenos-aires-824\/","title":{"rendered":"Di\u00e1logos Fotogr\u00e1ficos de junio en Casa Espacio Buenos Aires 824"},"content":{"rendered":"\n<p><em><strong>La entrada a todos estos encuentros en la Biblioteca de Casa Espacio es liberada y sin inscripci\u00f3n previa. Anota y agenda para encontrarnos en calle Buenos Aires 824, Valpara\u00edso. \u00a1Te esperamos!<\/strong><\/em><\/p>\n\n\n\n<ul class=\"wp-block-list\">\n<li><strong>Viernes 7 a las 19:00 horas:<\/strong>\u00a0la conservadora y gestora de patrimonio documental, y adem\u00e1s directora de la Biblioteca Nacional, Soledad Abarca, presenta \u00abLa fotograf\u00eda patrimonial en la Biblioteca Nacional: recorridos, desaf\u00edos y reflexiones\u00bb.<\/li>\n\n\n\n<li><strong>Viernes 14 a las 19:00 horas:<\/strong>\u00a0el artista visual y docente Carlos Silva presenta su libro de autor \u00abBANAL\u00bb, una publicaci\u00f3n editada por Colecci\u00f3n 760.<\/li>\n\n\n\n<li><strong>Mi\u00e9rcoles 19 a las 19:00 horas:<\/strong>\u00a0el fot\u00f3grafo y editor Rodrigo G\u00f3mez Rovira presenta su \u00faltimo fotolibro \u00abAnvers 1996 Valpara\u00edso\u00bb editado por Buen Lugar.<\/li>\n\n\n\n<li><strong>Jueves 27 a las 19:00 horas:<\/strong>\u00a0el periodista, fot\u00f3grafo y artista visual Basti\u00e1n Cifuentes Araya\u00a0<em>A.K.A. Periodista Furioso<\/em>\u00a0presenta \u00abOCTUBRE e IN-INVISIBLES: retrato socio\/documental y fotograf\u00eda callejera\u00bb.<\/li>\n<\/ul>\n","protected":false},"excerpt":{"rendered":"<p>La entrada a todos estos encuentros en la Biblioteca de Casa Espacio es liberada y sin inscripci\u00f3n previa. Anota y agenda para encontrarnos en calle Buenos Aires 824, Valpara\u00edso. \u00a1Te esperamos!<\/p>\n","protected":false},"author":1,"featured_media":19335,"comment_status":"closed","ping_status":"closed","sticky":false,"template":"","format":"standard","meta":{"_acf_changed":false,"footnotes":""},"categories":[1],"tags":[],"class_list":["post-19330","post","type-post","status-publish","format-standard","has-post-thumbnail","hentry","category-uncategorized"],"acf":[],"yoast_head":"<!-- This site is optimized with the Yoast SEO plugin v27.1.1 - https:\/\/yoast.com\/product\/yoast-seo-wordpress\/ -->\n<title>Di\u00e1logos Fotogr\u00e1ficos de junio en Casa Espacio Buenos Aires 824 - Valpara\u00ed\u00adso Creativo<\/title>\n<meta name=\"robots\" content=\"index, follow, max-snippet:-1, max-image-preview:large, max-video-preview:-1\" \/>\n<link rel=\"canonical\" href=\"https:\/\/dev.antudigital.cl\/sites\/vc\/dialogos-fotograficos-de-junio-en-casa-espacio-buenos-aires-824\/\" \/>\n<meta property=\"og:locale\" content=\"es_ES\" \/>\n<meta property=\"og:type\" content=\"article\" \/>\n<meta property=\"og:title\" content=\"Di\u00e1logos Fotogr\u00e1ficos de junio en Casa Espacio Buenos Aires 824 - Valpara\u00ed\u00adso Creativo\" \/>\n<meta property=\"og:description\" content=\"La entrada a todos estos encuentros en la Biblioteca de Casa Espacio es liberada y sin inscripci\u00f3n previa. Anota y agenda para encontrarnos en calle Buenos Aires 824, Valpara\u00edso. \u00a1Te esperamos!\" \/>\n<meta property=\"og:url\" content=\"https:\/\/dev.antudigital.cl\/sites\/vc\/dialogos-fotograficos-de-junio-en-casa-espacio-buenos-aires-824\/\" \/>\n<meta property=\"og:site_name\" content=\"Valpara\u00ed\u00adso Creativo\" \/>\n<meta property=\"article:published_time\" content=\"2024-06-10T20:47:32+00:00\" \/>\n<meta property=\"article:modified_time\" content=\"2024-06-10T20:47:52+00:00\" \/>\n<meta property=\"og:image\" content=\"https:\/\/dev.antudigital.cl\/sites\/vc\/wp-content\/uploads\/2024\/06\/unnamed-12-scaled.jpg\" \/>\n\t<meta property=\"og:image:width\" content=\"2560\" \/>\n\t<meta property=\"og:image:height\" content=\"1707\" \/>\n\t<meta property=\"og:image:type\" content=\"image\/jpeg\" \/>\n<meta name=\"author\" content=\"Valpara\u00edso Creativo\" \/>\n<meta name=\"twitter:card\" content=\"summary_large_image\" \/>\n<meta name=\"twitter:label1\" content=\"Escrito por\" \/>\n\t<meta name=\"twitter:data1\" content=\"Valpara\u00edso Creativo\" \/>\n\t<meta name=\"twitter:label2\" content=\"Tiempo de lectura\" \/>\n\t<meta name=\"twitter:data2\" content=\"1 minuto\" \/>\n<script type=\"application\/ld+json\" class=\"yoast-schema-graph\">{\"@context\":\"https:\/\/schema.org\",\"@graph\":[{\"@type\":\"Article\",\"@id\":\"https:\/\/dev.antudigital.cl\/sites\/vc\/dialogos-fotograficos-de-junio-en-casa-espacio-buenos-aires-824\/#article\",\"isPartOf\":{\"@id\":\"https:\/\/dev.antudigital.cl\/sites\/vc\/dialogos-fotograficos-de-junio-en-casa-espacio-buenos-aires-824\/\"},\"author\":{\"name\":\"Valpara\u00edso Creativo\",\"@id\":\"https:\/\/dev.antudigital.cl\/sites\/vc\/#\/schema\/person\/c2b9da8dd545e27166fc5ab232837318\"},\"headline\":\"Di\u00e1logos Fotogr\u00e1ficos de junio en Casa Espacio Buenos Aires 824\",\"datePublished\":\"2024-06-10T20:47:32+00:00\",\"dateModified\":\"2024-06-10T20:47:52+00:00\",\"mainEntityOfPage\":{\"@id\":\"https:\/\/dev.antudigital.cl\/sites\/vc\/dialogos-fotograficos-de-junio-en-casa-espacio-buenos-aires-824\/\"},\"wordCount\":158,\"image\":{\"@id\":\"https:\/\/dev.antudigital.cl\/sites\/vc\/dialogos-fotograficos-de-junio-en-casa-espacio-buenos-aires-824\/#primaryimage\"},\"thumbnailUrl\":\"https:\/\/dev.antudigital.cl\/sites\/vc\/wp-content\/uploads\/2024\/06\/unnamed-12-scaled.jpg\",\"articleSection\":[\"Uncategorized\"],\"inLanguage\":\"es\"},{\"@type\":\"WebPage\",\"@id\":\"https:\/\/dev.antudigital.cl\/sites\/vc\/dialogos-fotograficos-de-junio-en-casa-espacio-buenos-aires-824\/\",\"url\":\"https:\/\/dev.antudigital.cl\/sites\/vc\/dialogos-fotograficos-de-junio-en-casa-espacio-buenos-aires-824\/\",\"name\":\"Di\u00e1logos Fotogr\u00e1ficos de junio en Casa Espacio Buenos Aires 824 - Valpara\u00ed\u00adso Creativo\",\"isPartOf\":{\"@id\":\"https:\/\/dev.antudigital.cl\/sites\/vc\/#website\"},\"primaryImageOfPage\":{\"@id\":\"https:\/\/dev.antudigital.cl\/sites\/vc\/dialogos-fotograficos-de-junio-en-casa-espacio-buenos-aires-824\/#primaryimage\"},\"image\":{\"@id\":\"https:\/\/dev.antudigital.cl\/sites\/vc\/dialogos-fotograficos-de-junio-en-casa-espacio-buenos-aires-824\/#primaryimage\"},\"thumbnailUrl\":\"https:\/\/dev.antudigital.cl\/sites\/vc\/wp-content\/uploads\/2024\/06\/unnamed-12-scaled.jpg\",\"datePublished\":\"2024-06-10T20:47:32+00:00\",\"dateModified\":\"2024-06-10T20:47:52+00:00\",\"author\":{\"@id\":\"https:\/\/dev.antudigital.cl\/sites\/vc\/#\/schema\/person\/c2b9da8dd545e27166fc5ab232837318\"},\"breadcrumb\":{\"@id\":\"https:\/\/dev.antudigital.cl\/sites\/vc\/dialogos-fotograficos-de-junio-en-casa-espacio-buenos-aires-824\/#breadcrumb\"},\"inLanguage\":\"es\",\"potentialAction\":[{\"@type\":\"ReadAction\",\"target\":[\"https:\/\/dev.antudigital.cl\/sites\/vc\/dialogos-fotograficos-de-junio-en-casa-espacio-buenos-aires-824\/\"]}]},{\"@type\":\"ImageObject\",\"inLanguage\":\"es\",\"@id\":\"https:\/\/dev.antudigital.cl\/sites\/vc\/dialogos-fotograficos-de-junio-en-casa-espacio-buenos-aires-824\/#primaryimage\",\"url\":\"https:\/\/dev.antudigital.cl\/sites\/vc\/wp-content\/uploads\/2024\/06\/unnamed-12-scaled.jpg\",\"contentUrl\":\"https:\/\/dev.antudigital.cl\/sites\/vc\/wp-content\/uploads\/2024\/06\/unnamed-12-scaled.jpg\",\"width\":2560,\"height\":1707},{\"@type\":\"BreadcrumbList\",\"@id\":\"https:\/\/dev.antudigital.cl\/sites\/vc\/dialogos-fotograficos-de-junio-en-casa-espacio-buenos-aires-824\/#breadcrumb\",\"itemListElement\":[{\"@type\":\"ListItem\",\"position\":1,\"name\":\"Home\",\"item\":\"https:\/\/dev.antudigital.cl\/sites\/vc\/\"},{\"@type\":\"ListItem\",\"position\":2,\"name\":\"Di\u00e1logos Fotogr\u00e1ficos de junio en Casa Espacio Buenos Aires 824\"}]},{\"@type\":\"WebSite\",\"@id\":\"https:\/\/dev.antudigital.cl\/sites\/vc\/#website\",\"url\":\"https:\/\/dev.antudigital.cl\/sites\/vc\/\",\"name\":\"Valpara\u00ed\u00adso Creativo\",\"description\":\"\",\"potentialAction\":[{\"@type\":\"SearchAction\",\"target\":{\"@type\":\"EntryPoint\",\"urlTemplate\":\"https:\/\/dev.antudigital.cl\/sites\/vc\/?s={search_term_string}\"},\"query-input\":{\"@type\":\"PropertyValueSpecification\",\"valueRequired\":true,\"valueName\":\"search_term_string\"}}],\"inLanguage\":\"es\"},{\"@type\":\"Person\",\"@id\":\"https:\/\/dev.antudigital.cl\/sites\/vc\/#\/schema\/person\/c2b9da8dd545e27166fc5ab232837318\",\"name\":\"Valpara\u00edso Creativo\",\"description\":\"Periodista de cultura en la Regi\u00f3n de Valpara\u00edso.\",\"url\":\"https:\/\/dev.antudigital.cl\/sites\/vc\/author\/valpoadmin\/\"}]}<\/script>\n<!-- \/ Yoast SEO plugin. -->","yoast_head_json":{"title":"Di\u00e1logos Fotogr\u00e1ficos de junio en Casa Espacio Buenos Aires 824 - Valpara\u00ed\u00adso Creativo","robots":{"index":"index","follow":"follow","max-snippet":"max-snippet:-1","max-image-preview":"max-image-preview:large","max-video-preview":"max-video-preview:-1"},"canonical":"https:\/\/dev.antudigital.cl\/sites\/vc\/dialogos-fotograficos-de-junio-en-casa-espacio-buenos-aires-824\/","og_locale":"es_ES","og_type":"article","og_title":"Di\u00e1logos Fotogr\u00e1ficos de junio en Casa Espacio Buenos Aires 824 - Valpara\u00ed\u00adso Creativo","og_description":"La entrada a todos estos encuentros en la Biblioteca de Casa Espacio es liberada y sin inscripci\u00f3n previa. Anota y agenda para encontrarnos en calle Buenos Aires 824, Valpara\u00edso. \u00a1Te esperamos!","og_url":"https:\/\/dev.antudigital.cl\/sites\/vc\/dialogos-fotograficos-de-junio-en-casa-espacio-buenos-aires-824\/","og_site_name":"Valpara\u00ed\u00adso Creativo","article_published_time":"2024-06-10T20:47:32+00:00","article_modified_time":"2024-06-10T20:47:52+00:00","og_image":[{"width":2560,"height":1707,"url":"https:\/\/dev.antudigital.cl\/sites\/vc\/wp-content\/uploads\/2024\/06\/unnamed-12-scaled.jpg","type":"image\/jpeg"}],"author":"Valpara\u00edso Creativo","twitter_card":"summary_large_image","twitter_misc":{"Escrito por":"Valpara\u00edso Creativo","Tiempo de lectura":"1 minuto"},"schema":{"@context":"https:\/\/schema.org","@graph":[{"@type":"Article","@id":"https:\/\/dev.antudigital.cl\/sites\/vc\/dialogos-fotograficos-de-junio-en-casa-espacio-buenos-aires-824\/#article","isPartOf":{"@id":"https:\/\/dev.antudigital.cl\/sites\/vc\/dialogos-fotograficos-de-junio-en-casa-espacio-buenos-aires-824\/"},"author":{"name":"Valpara\u00edso Creativo","@id":"https:\/\/dev.antudigital.cl\/sites\/vc\/#\/schema\/person\/c2b9da8dd545e27166fc5ab232837318"},"headline":"Di\u00e1logos Fotogr\u00e1ficos de junio en Casa Espacio Buenos Aires 824","datePublished":"2024-06-10T20:47:32+00:00","dateModified":"2024-06-10T20:47:52+00:00","mainEntityOfPage":{"@id":"https:\/\/dev.antudigital.cl\/sites\/vc\/dialogos-fotograficos-de-junio-en-casa-espacio-buenos-aires-824\/"},"wordCount":158,"image":{"@id":"https:\/\/dev.antudigital.cl\/sites\/vc\/dialogos-fotograficos-de-junio-en-casa-espacio-buenos-aires-824\/#primaryimage"},"thumbnailUrl":"https:\/\/dev.antudigital.cl\/sites\/vc\/wp-content\/uploads\/2024\/06\/unnamed-12-scaled.jpg","articleSection":["Uncategorized"],"inLanguage":"es"},{"@type":"WebPage","@id":"https:\/\/dev.antudigital.cl\/sites\/vc\/dialogos-fotograficos-de-junio-en-casa-espacio-buenos-aires-824\/","url":"https:\/\/dev.antudigital.cl\/sites\/vc\/dialogos-fotograficos-de-junio-en-casa-espacio-buenos-aires-824\/","name":"Di\u00e1logos Fotogr\u00e1ficos de junio en Casa Espacio Buenos Aires 824 - Valpara\u00ed\u00adso Creativo","isPartOf":{"@id":"https:\/\/dev.antudigital.cl\/sites\/vc\/#website"},"primaryImageOfPage":{"@id":"https:\/\/dev.antudigital.cl\/sites\/vc\/dialogos-fotograficos-de-junio-en-casa-espacio-buenos-aires-824\/#primaryimage"},"image":{"@id":"https:\/\/dev.antudigital.cl\/sites\/vc\/dialogos-fotograficos-de-junio-en-casa-espacio-buenos-aires-824\/#primaryimage"},"thumbnailUrl":"https:\/\/dev.antudigital.cl\/sites\/vc\/wp-content\/uploads\/2024\/06\/unnamed-12-scaled.jpg","datePublished":"2024-06-10T20:47:32+00:00","dateModified":"2024-06-10T20:47:52+00:00","author":{"@id":"https:\/\/dev.antudigital.cl\/sites\/vc\/#\/schema\/person\/c2b9da8dd545e27166fc5ab232837318"},"breadcrumb":{"@id":"https:\/\/dev.antudigital.cl\/sites\/vc\/dialogos-fotograficos-de-junio-en-casa-espacio-buenos-aires-824\/#breadcrumb"},"inLanguage":"es","potentialAction":[{"@type":"ReadAction","target":["https:\/\/dev.antudigital.cl\/sites\/vc\/dialogos-fotograficos-de-junio-en-casa-espacio-buenos-aires-824\/"]}]},{"@type":"ImageObject","inLanguage":"es","@id":"https:\/\/dev.antudigital.cl\/sites\/vc\/dialogos-fotograficos-de-junio-en-casa-espacio-buenos-aires-824\/#primaryimage","url":"https:\/\/dev.antudigital.cl\/sites\/vc\/wp-content\/uploads\/2024\/06\/unnamed-12-scaled.jpg","contentUrl":"https:\/\/dev.antudigital.cl\/sites\/vc\/wp-content\/uploads\/2024\/06\/unnamed-12-scaled.jpg","width":2560,"height":1707},{"@type":"BreadcrumbList","@id":"https:\/\/dev.antudigital.cl\/sites\/vc\/dialogos-fotograficos-de-junio-en-casa-espacio-buenos-aires-824\/#breadcrumb","itemListElement":[{"@type":"ListItem","position":1,"name":"Home","item":"https:\/\/dev.antudigital.cl\/sites\/vc\/"},{"@type":"ListItem","position":2,"name":"Di\u00e1logos Fotogr\u00e1ficos de junio en Casa Espacio Buenos Aires 824"}]},{"@type":"WebSite","@id":"https:\/\/dev.antudigital.cl\/sites\/vc\/#website","url":"https:\/\/dev.antudigital.cl\/sites\/vc\/","name":"Valpara\u00ed\u00adso Creativo","description":"","potentialAction":[{"@type":"SearchAction","target":{"@type":"EntryPoint","urlTemplate":"https:\/\/dev.antudigital.cl\/sites\/vc\/?s={search_term_string}"},"query-input":{"@type":"PropertyValueSpecification","valueRequired":true,"valueName":"search_term_string"}}],"inLanguage":"es"},{"@type":"Person","@id":"https:\/\/dev.antudigital.cl\/sites\/vc\/#\/schema\/person\/c2b9da8dd545e27166fc5ab232837318","name":"Valpara\u00edso Creativo","description":"Periodista de cultura en la Regi\u00f3n de Valpara\u00edso.","url":"https:\/\/dev.antudigital.cl\/sites\/vc\/author\/valpoadmin\/"}]}},"_links":{"self":[{"href":"https:\/\/dev.antudigital.cl\/sites\/vc\/wp-json\/wp\/v2\/posts\/19330","targetHints":{"allow":["GET"]}}],"collection":[{"href":"https:\/\/dev.antudigital.cl\/sites\/vc\/wp-json\/wp\/v2\/posts"}],"about":[{"href":"https:\/\/dev.antudigital.cl\/sites\/vc\/wp-json\/wp\/v2\/types\/post"}],"author":[{"embeddable":true,"href":"https:\/\/dev.antudigital.cl\/sites\/vc\/wp-json\/wp\/v2\/users\/1"}],"replies":[{"embeddable":true,"href":"https:\/\/dev.antudigital.cl\/sites\/vc\/wp-json\/wp\/v2\/comments?post=19330"}],"version-history":[{"count":1,"href":"https:\/\/dev.antudigital.cl\/sites\/vc\/wp-json\/wp\/v2\/posts\/19330\/revisions"}],"predecessor-version":[{"id":19336,"href":"https:\/\/dev.antudigital.cl\/sites\/vc\/wp-json\/wp\/v2\/posts\/19330\/revisions\/19336"}],"wp:featuredmedia":[{"embeddable":true,"href":"https:\/\/dev.antudigital.cl\/sites\/vc\/wp-json\/wp\/v2\/media\/19335"}],"wp:attachment":[{"href":"https:\/\/dev.antudigital.cl\/sites\/vc\/wp-json\/wp\/v2\/media?parent=19330"}],"wp:term":[{"taxonomy":"category","embeddable":true,"href":"https:\/\/dev.antudigital.cl\/sites\/vc\/wp-json\/wp\/v2\/categories?post=19330"},{"taxonomy":"post_tag","embeddable":true,"href":"https:\/\/dev.antudigital.cl\/sites\/vc\/wp-json\/wp\/v2\/tags?post=19330"}],"curies":[{"name":"wp","href":"https:\/\/api.w.org\/{rel}","templated":true}]}}