{"id":19331,"date":"2024-06-10T20:44:45","date_gmt":"2024-06-10T20:44:45","guid":{"rendered":"https:\/\/www.valparaisocreativo.cl\/?p=19331"},"modified":"2024-06-10T20:45:03","modified_gmt":"2024-06-10T20:45:03","slug":"el-festival-de-cine-europeo-estrenara-werner-herzog-radical-dreamer-documental-sobre-el-aclamado-director-aleman-con-entrada-liberada-y-conversatorio","status":"publish","type":"post","link":"https:\/\/dev.antudigital.cl\/sites\/vc\/el-festival-de-cine-europeo-estrenara-werner-herzog-radical-dreamer-documental-sobre-el-aclamado-director-aleman-con-entrada-liberada-y-conversatorio\/","title":{"rendered":"El Festival de Cine Europeo estrenar\u00e1 \u201cWerner Herzog: Radical Dreamer\u201d, documental sobre el aclamado director alem\u00e1n, con entrada liberada y conversatorio"},"content":{"rendered":"\n<p>Desde sus comienzos, el cineasta alem\u00e1n Werner Herzog ha asombrado con pel\u00edculas innovadoras y provocativas que abordan la relaci\u00f3n del ser humano con una naturaleza deslumbrante e implacable.&nbsp; Un retrato de su vida y obra es lo que&nbsp; presenta \u201cWerner Herzog: Radical Dreamer\u201d, documental&nbsp;del alem\u00e1n Thomas von Steinaecker que forma parte del Festival de Cine Europeo que se realizar\u00e1 a lo largo del pa\u00eds.<\/p>\n\n\n\n<p>En el marco del evento, el viernes 15 de junio, a las 19:30 horas, se proyectar\u00e1 el documental en la sala Insomnia de Valpara\u00edso (Condell 1585). La funci\u00f3n, con entrada liberada, ser\u00e1 acompa\u00f1ada de un interesante conversatorio entre Bruno Cuneo, destacado&nbsp;poeta, te\u00f3rico del arte y&nbsp;acad\u00e9mico del Instituto de Arte PUCV, y el cineasta Ignacio Ag\u00fcero. Ambos comentar\u00e1n el documental y, por supuesto, la extensa obra del gran Werner Herzog.<\/p>\n\n\n\n<p>El Festival de Cine Europeo se realizar\u00e1 del 5 al 16 de junio con entrada liberada, ofreciendo una experiencia cinematogr\u00e1fica \u00fanica para todos los amantes del cine en Chile. Este a\u00f1o \u2013con una expansi\u00f3n que va desde Arica a Punta Arenas\u2013, el evento ha establecido una alianza con la Red de Salas de Cine de Chile, quienes exhibir\u00e1n la programaci\u00f3n a trav\u00e9s de sus sedes a lo largo de todo el pa\u00eds. El evento es una actividad coordinada por la Delegaci\u00f3n de la Uni\u00f3n Europea en Chile, en conjunto con las embajadas y los centros culturales europeos participantes. Auspicia Ministerio de las Culturas, las Artes y el Patrimonio.<\/p>\n\n\n\n<p><strong>Thomas von Steinaecker: \u201c<\/strong><strong>He decidido perseguir el enigma Herzog\u201d<\/strong><\/p>\n\n\n\n<p>\u201cWerner Herzog: Radical Dreamer\u201d llegar\u00e1 a Chile despu\u00e9s de su aclamado paso por festivales como el de\u00a0Telluride, la Viennale, el IDFA y el CPH:DOX, entre muchos otros. La c\u00e1mara de\u00a0Thomas von Steinaecker sigue al cineasta y su entorno m\u00e1s cercano,\u00a0incluida su mujer, analizan su carrera desde sus inicios en el cine. Junto a ellos, Nicole Kidman, Christian Bale y Robert Pattinson repasan sus trabajos con \u00e9l, Wim Wenders relata c\u00f3mo el director le ayud\u00f3 a llegar a un p\u00fablico m\u00e1s amplio y la ganadora del Oscar Chloe Zhao habla de su admiraci\u00f3n por \u00e9l. Estos son algunos de los rostros que acompa\u00f1an a Werner Herzog en un recorrido emocional y anal\u00edtico por su obra.<\/p>\n\n\n\n<figure class=\"wp-block-image size-large\"><img fetchpriority=\"high\" decoding=\"async\" width=\"1024\" height=\"577\" src=\"https:\/\/www.valparaisocreativo.cl\/wp-content\/uploads\/2024\/06\/Werner-and-Lena-at-Home-c-Spring-Films-and-3B-Produktion-6-1024x577.png\" alt=\"\" class=\"wp-image-19333\" srcset=\"https:\/\/dev.antudigital.cl\/sites\/vc\/wp-content\/uploads\/2024\/06\/Werner-and-Lena-at-Home-c-Spring-Films-and-3B-Produktion-6-1024x577.png 1024w, https:\/\/dev.antudigital.cl\/sites\/vc\/wp-content\/uploads\/2024\/06\/Werner-and-Lena-at-Home-c-Spring-Films-and-3B-Produktion-6-300x169.png 300w, https:\/\/dev.antudigital.cl\/sites\/vc\/wp-content\/uploads\/2024\/06\/Werner-and-Lena-at-Home-c-Spring-Films-and-3B-Produktion-6-768x433.png 768w, https:\/\/dev.antudigital.cl\/sites\/vc\/wp-content\/uploads\/2024\/06\/Werner-and-Lena-at-Home-c-Spring-Films-and-3B-Produktion-6-1536x866.png 1536w, https:\/\/dev.antudigital.cl\/sites\/vc\/wp-content\/uploads\/2024\/06\/Werner-and-Lena-at-Home-c-Spring-Films-and-3B-Produktion-6-2048x1154.png 2048w, https:\/\/dev.antudigital.cl\/sites\/vc\/wp-content\/uploads\/2024\/06\/Werner-and-Lena-at-Home-c-Spring-Films-and-3B-Produktion-6-1080x609.png 1080w, https:\/\/dev.antudigital.cl\/sites\/vc\/wp-content\/uploads\/2024\/06\/Werner-and-Lena-at-Home-c-Spring-Films-and-3B-Produktion-6-1280x722.png 1280w, https:\/\/dev.antudigital.cl\/sites\/vc\/wp-content\/uploads\/2024\/06\/Werner-and-Lena-at-Home-c-Spring-Films-and-3B-Produktion-6-980x552.png 980w, https:\/\/dev.antudigital.cl\/sites\/vc\/wp-content\/uploads\/2024\/06\/Werner-and-Lena-at-Home-c-Spring-Films-and-3B-Produktion-6-480x271.png 480w, https:\/\/dev.antudigital.cl\/sites\/vc\/wp-content\/uploads\/2024\/06\/Werner-and-Lena-at-Home-c-Spring-Films-and-3B-Produktion-6-24x14.png 24w, https:\/\/dev.antudigital.cl\/sites\/vc\/wp-content\/uploads\/2024\/06\/Werner-and-Lena-at-Home-c-Spring-Films-and-3B-Produktion-6-36x20.png 36w, https:\/\/dev.antudigital.cl\/sites\/vc\/wp-content\/uploads\/2024\/06\/Werner-and-Lena-at-Home-c-Spring-Films-and-3B-Produktion-6-48x27.png 48w\" sizes=\"(max-width: 1024px) 100vw, 1024px\" \/><\/figure>\n\n\n\n<p>\u201cDesde que vi por primera vez \u00abAguirre, la ira de Dios\u00bb por casualidad en la programaci\u00f3n nocturna de la televisi\u00f3n cuando era adolescente en los a\u00f1os ochenta, me ha fascinado Werner Herzog. Todo en esta pel\u00edcula era diferente y extra\u00f1o: la m\u00fasica, Klaus Kinski, la historia y, por \u00faltimo pero no menos importante, la c\u00e1mara de estilo documental. El hecho de que una pel\u00edcula as\u00ed se hubiera hecho en una Alemania aburrida desde el punto de vista cinematogr\u00e1fico fue incre\u00edble para m\u00ed.&nbsp; Cuando viv\u00ed en Estados Unidos a principios de la d\u00e9cada de 2000, para mi asombro, volv\u00ed a encontrarme con Herzog. Estaba viendo pel\u00edculas de un director muy diferente. Un director que hac\u00eda principalmente documentales con historias casi incre\u00edbles; especialmente \u00abGrizzly Man\u00bb, la historia sobre un entusiasta de los osos que acaba siendo devorado por osos pardos, me impresion\u00f3 y perturb\u00f3 profundamente. Y mi asombro creci\u00f3 cuando vi al propio Herzog en revistas y programas nocturnos\u201d, cuenta&nbsp;Thomas von Steinaecker, quien tambi\u00e9n se sinti\u00f3 fascinado por su obra escrita.<\/p>\n\n\n\n<p>\u201cHerzog escribi\u00f3 dos libros en forma de diario: \u00abDeambular por el hielo\u00bb y \u00abLa conquista de lo in\u00fatil\u00bb, que me impresionaron como escritor y no tienen parang\u00f3n en la historia literaria alemana\u201d, agrega el cineasta. \u201cHerzog no me ha abandonado desde entonces, en parte porque m\u00e1s tarde me di cuenta de que crec\u00ed en&nbsp; Sachrang, en la regi\u00f3n b\u00e1vara de Chiemgau, y que el estilo b\u00e1varo de Herzog me resultaba muy familiar. Dos encuentros personales fugaces, en los que se mostr\u00f3 sorprendentemente accesible por un lado y completamente inescrutable por otro, no hicieron sino aumentar la fascinaci\u00f3n. Desde entonces, he decidido perseguir el enigma Herzog. Nunca aspir\u00e9 a resolver este enigma que habr\u00eda quitado el aura de Herzog, por as\u00ed decirlo. No obstante, sent\u00eda curiosidad por Herzog, el hombre que, de alg\u00fan modo imaginaba de temperamento ardiente y dif\u00edcil de controlar delante de la c\u00e1mara\u201d.<\/p>\n\n\n\n<p>\u201cWerner Herzog: Radical Dreamer\u201d mostrar\u00e1 una faceta \u00edntima del director a sus seguidores y acercar\u00e1 a nuevas audiencias a un creador fundamental dentro del cine contempor\u00e1neo. El conversatorio ayudar\u00e1 a vislumbrar las claves de una obra \u00fanica e incomparable que sigue cautivando a cin\u00e9filos de todo el mundo.<\/p>\n\n\n\n<p><strong>COORDENADAS CONVERSATORIO<\/strong><\/p>\n\n\n\n<p>Conversatorio entre Bruno Cuneo e Ignacio Ag\u00fcero<\/p>\n\n\n\n<p>Viernes 15 de junio<\/p>\n\n\n\n<p>Horario: 19:30 horas<\/p>\n\n\n\n<p>Sala Insomnia, Valpara\u00edso<\/p>\n\n\n\n<p>Direcci\u00f3n: Condell #1585, Valpara\u00edso<\/p>\n\n\n\n<p>Actividad con entrada liberada.<\/p>\n\n\n\n<p><strong>FICHA T\u00c9CNICA<\/strong><\/p>\n\n\n\n<p><strong>\u201cWerner Herzog: Radical Dreamer\u201d.<\/strong><\/p>\n\n\n\n<p><strong>A\u00d1O:<\/strong>&nbsp;2022<strong>.<\/strong><\/p>\n\n\n\n<p><strong>DURACI\u00d3N:<\/strong>&nbsp;90 minutos<strong>.<\/strong><\/p>\n\n\n\n<p><strong>PA\u00cdS:<\/strong>&nbsp;Alemania<strong>.<\/strong><\/p>\n\n\n\n<p><strong>DIRECTOR:<\/strong>&nbsp;Thomas von Steinaecker.<\/p>\n","protected":false},"excerpt":{"rendered":"<p>Desde sus comienzos, el cineasta alem\u00e1n Werner Herzog ha asombrado con pel\u00edculas innovadoras y provocativas que abordan la relaci\u00f3n del ser humano con una naturaleza deslumbrante e implacable.&nbsp; Un retrato de su vida y obra es lo que&nbsp; presenta \u201cWerner Herzog: Radical Dreamer\u201d, documental&nbsp;del alem\u00e1n Thomas von Steinaecker que forma parte del Festival de Cine [&hellip;]<\/p>\n","protected":false},"author":1,"featured_media":19332,"comment_status":"closed","ping_status":"closed","sticky":false,"template":"","format":"standard","meta":{"_acf_changed":false,"footnotes":""},"categories":[8],"tags":[],"class_list":["post-19331","post","type-post","status-publish","format-standard","has-post-thumbnail","hentry","category-noticia"],"acf":[],"yoast_head":"<!-- This site is optimized with the Yoast SEO plugin v27.1.1 - https:\/\/yoast.com\/product\/yoast-seo-wordpress\/ -->\n<title>El Festival de Cine Europeo estrenar\u00e1 \u201cWerner Herzog: Radical Dreamer\u201d, documental sobre el aclamado director alem\u00e1n, con entrada liberada y conversatorio - Valpara\u00ed\u00adso Creativo<\/title>\n<meta name=\"robots\" content=\"index, follow, max-snippet:-1, max-image-preview:large, max-video-preview:-1\" \/>\n<link rel=\"canonical\" href=\"https:\/\/dev.antudigital.cl\/sites\/vc\/el-festival-de-cine-europeo-estrenara-werner-herzog-radical-dreamer-documental-sobre-el-aclamado-director-aleman-con-entrada-liberada-y-conversatorio\/\" \/>\n<meta property=\"og:locale\" content=\"es_ES\" \/>\n<meta property=\"og:type\" content=\"article\" \/>\n<meta property=\"og:title\" content=\"El Festival de Cine Europeo estrenar\u00e1 \u201cWerner Herzog: Radical Dreamer\u201d, documental sobre el aclamado director alem\u00e1n, con entrada liberada y conversatorio - Valpara\u00ed\u00adso Creativo\" \/>\n<meta property=\"og:description\" content=\"Desde sus comienzos, el cineasta alem\u00e1n Werner Herzog ha asombrado con pel\u00edculas innovadoras y provocativas que abordan la relaci\u00f3n del ser humano con una naturaleza deslumbrante e implacable.&nbsp; Un retrato de su vida y obra es lo que&nbsp; presenta \u201cWerner Herzog: Radical Dreamer\u201d, documental&nbsp;del alem\u00e1n Thomas von Steinaecker que forma parte del Festival de Cine [&hellip;]\" \/>\n<meta property=\"og:url\" content=\"https:\/\/dev.antudigital.cl\/sites\/vc\/el-festival-de-cine-europeo-estrenara-werner-herzog-radical-dreamer-documental-sobre-el-aclamado-director-aleman-con-entrada-liberada-y-conversatorio\/\" \/>\n<meta property=\"og:site_name\" content=\"Valpara\u00ed\u00adso Creativo\" \/>\n<meta property=\"article:published_time\" content=\"2024-06-10T20:44:45+00:00\" \/>\n<meta property=\"article:modified_time\" content=\"2024-06-10T20:45:03+00:00\" \/>\n<meta property=\"og:image\" content=\"https:\/\/dev.antudigital.cl\/sites\/vc\/wp-content\/uploads\/2024\/06\/Radical-Dreamer_Werner-Herzog-4_c-3B-Produktion-Henning-Bruemmer-scaled.jpg\" \/>\n\t<meta property=\"og:image:width\" content=\"2560\" \/>\n\t<meta property=\"og:image:height\" content=\"1707\" \/>\n\t<meta property=\"og:image:type\" content=\"image\/jpeg\" \/>\n<meta name=\"author\" content=\"Valpara\u00edso Creativo\" \/>\n<meta name=\"twitter:card\" content=\"summary_large_image\" \/>\n<meta name=\"twitter:label1\" content=\"Escrito por\" \/>\n\t<meta name=\"twitter:data1\" content=\"Valpara\u00edso Creativo\" \/>\n\t<meta name=\"twitter:label2\" content=\"Tiempo de lectura\" \/>\n\t<meta name=\"twitter:data2\" content=\"4 minutos\" \/>\n<script type=\"application\/ld+json\" class=\"yoast-schema-graph\">{\"@context\":\"https:\/\/schema.org\",\"@graph\":[{\"@type\":\"Article\",\"@id\":\"https:\/\/dev.antudigital.cl\/sites\/vc\/el-festival-de-cine-europeo-estrenara-werner-herzog-radical-dreamer-documental-sobre-el-aclamado-director-aleman-con-entrada-liberada-y-conversatorio\/#article\",\"isPartOf\":{\"@id\":\"https:\/\/dev.antudigital.cl\/sites\/vc\/el-festival-de-cine-europeo-estrenara-werner-herzog-radical-dreamer-documental-sobre-el-aclamado-director-aleman-con-entrada-liberada-y-conversatorio\/\"},\"author\":{\"name\":\"Valpara\u00edso Creativo\",\"@id\":\"https:\/\/dev.antudigital.cl\/sites\/vc\/#\/schema\/person\/c2b9da8dd545e27166fc5ab232837318\"},\"headline\":\"El Festival de Cine Europeo estrenar\u00e1 \u201cWerner Herzog: Radical Dreamer\u201d, documental sobre el aclamado director alem\u00e1n, con entrada liberada y conversatorio\",\"datePublished\":\"2024-06-10T20:44:45+00:00\",\"dateModified\":\"2024-06-10T20:45:03+00:00\",\"mainEntityOfPage\":{\"@id\":\"https:\/\/dev.antudigital.cl\/sites\/vc\/el-festival-de-cine-europeo-estrenara-werner-herzog-radical-dreamer-documental-sobre-el-aclamado-director-aleman-con-entrada-liberada-y-conversatorio\/\"},\"wordCount\":868,\"image\":{\"@id\":\"https:\/\/dev.antudigital.cl\/sites\/vc\/el-festival-de-cine-europeo-estrenara-werner-herzog-radical-dreamer-documental-sobre-el-aclamado-director-aleman-con-entrada-liberada-y-conversatorio\/#primaryimage\"},\"thumbnailUrl\":\"https:\/\/dev.antudigital.cl\/sites\/vc\/wp-content\/uploads\/2024\/06\/Radical-Dreamer_Werner-Herzog-4_c-3B-Produktion-Henning-Bruemmer-scaled.jpg\",\"articleSection\":[\"Noticia\"],\"inLanguage\":\"es\"},{\"@type\":\"WebPage\",\"@id\":\"https:\/\/dev.antudigital.cl\/sites\/vc\/el-festival-de-cine-europeo-estrenara-werner-herzog-radical-dreamer-documental-sobre-el-aclamado-director-aleman-con-entrada-liberada-y-conversatorio\/\",\"url\":\"https:\/\/dev.antudigital.cl\/sites\/vc\/el-festival-de-cine-europeo-estrenara-werner-herzog-radical-dreamer-documental-sobre-el-aclamado-director-aleman-con-entrada-liberada-y-conversatorio\/\",\"name\":\"El Festival de Cine Europeo estrenar\u00e1 \u201cWerner Herzog: Radical Dreamer\u201d, documental sobre el aclamado director alem\u00e1n, con entrada liberada y conversatorio - Valpara\u00ed\u00adso Creativo\",\"isPartOf\":{\"@id\":\"https:\/\/dev.antudigital.cl\/sites\/vc\/#website\"},\"primaryImageOfPage\":{\"@id\":\"https:\/\/dev.antudigital.cl\/sites\/vc\/el-festival-de-cine-europeo-estrenara-werner-herzog-radical-dreamer-documental-sobre-el-aclamado-director-aleman-con-entrada-liberada-y-conversatorio\/#primaryimage\"},\"image\":{\"@id\":\"https:\/\/dev.antudigital.cl\/sites\/vc\/el-festival-de-cine-europeo-estrenara-werner-herzog-radical-dreamer-documental-sobre-el-aclamado-director-aleman-con-entrada-liberada-y-conversatorio\/#primaryimage\"},\"thumbnailUrl\":\"https:\/\/dev.antudigital.cl\/sites\/vc\/wp-content\/uploads\/2024\/06\/Radical-Dreamer_Werner-Herzog-4_c-3B-Produktion-Henning-Bruemmer-scaled.jpg\",\"datePublished\":\"2024-06-10T20:44:45+00:00\",\"dateModified\":\"2024-06-10T20:45:03+00:00\",\"author\":{\"@id\":\"https:\/\/dev.antudigital.cl\/sites\/vc\/#\/schema\/person\/c2b9da8dd545e27166fc5ab232837318\"},\"breadcrumb\":{\"@id\":\"https:\/\/dev.antudigital.cl\/sites\/vc\/el-festival-de-cine-europeo-estrenara-werner-herzog-radical-dreamer-documental-sobre-el-aclamado-director-aleman-con-entrada-liberada-y-conversatorio\/#breadcrumb\"},\"inLanguage\":\"es\",\"potentialAction\":[{\"@type\":\"ReadAction\",\"target\":[\"https:\/\/dev.antudigital.cl\/sites\/vc\/el-festival-de-cine-europeo-estrenara-werner-herzog-radical-dreamer-documental-sobre-el-aclamado-director-aleman-con-entrada-liberada-y-conversatorio\/\"]}]},{\"@type\":\"ImageObject\",\"inLanguage\":\"es\",\"@id\":\"https:\/\/dev.antudigital.cl\/sites\/vc\/el-festival-de-cine-europeo-estrenara-werner-herzog-radical-dreamer-documental-sobre-el-aclamado-director-aleman-con-entrada-liberada-y-conversatorio\/#primaryimage\",\"url\":\"https:\/\/dev.antudigital.cl\/sites\/vc\/wp-content\/uploads\/2024\/06\/Radical-Dreamer_Werner-Herzog-4_c-3B-Produktion-Henning-Bruemmer-scaled.jpg\",\"contentUrl\":\"https:\/\/dev.antudigital.cl\/sites\/vc\/wp-content\/uploads\/2024\/06\/Radical-Dreamer_Werner-Herzog-4_c-3B-Produktion-Henning-Bruemmer-scaled.jpg\",\"width\":2560,\"height\":1707},{\"@type\":\"BreadcrumbList\",\"@id\":\"https:\/\/dev.antudigital.cl\/sites\/vc\/el-festival-de-cine-europeo-estrenara-werner-herzog-radical-dreamer-documental-sobre-el-aclamado-director-aleman-con-entrada-liberada-y-conversatorio\/#breadcrumb\",\"itemListElement\":[{\"@type\":\"ListItem\",\"position\":1,\"name\":\"Home\",\"item\":\"https:\/\/dev.antudigital.cl\/sites\/vc\/\"},{\"@type\":\"ListItem\",\"position\":2,\"name\":\"El Festival de Cine Europeo estrenar\u00e1 \u201cWerner Herzog: Radical Dreamer\u201d, documental sobre el aclamado director alem\u00e1n, con entrada liberada y conversatorio\"}]},{\"@type\":\"WebSite\",\"@id\":\"https:\/\/dev.antudigital.cl\/sites\/vc\/#website\",\"url\":\"https:\/\/dev.antudigital.cl\/sites\/vc\/\",\"name\":\"Valpara\u00ed\u00adso Creativo\",\"description\":\"\",\"potentialAction\":[{\"@type\":\"SearchAction\",\"target\":{\"@type\":\"EntryPoint\",\"urlTemplate\":\"https:\/\/dev.antudigital.cl\/sites\/vc\/?s={search_term_string}\"},\"query-input\":{\"@type\":\"PropertyValueSpecification\",\"valueRequired\":true,\"valueName\":\"search_term_string\"}}],\"inLanguage\":\"es\"},{\"@type\":\"Person\",\"@id\":\"https:\/\/dev.antudigital.cl\/sites\/vc\/#\/schema\/person\/c2b9da8dd545e27166fc5ab232837318\",\"name\":\"Valpara\u00edso Creativo\",\"description\":\"Periodista de cultura en la Regi\u00f3n de Valpara\u00edso.\",\"url\":\"https:\/\/dev.antudigital.cl\/sites\/vc\/author\/valpoadmin\/\"}]}<\/script>\n<!-- \/ Yoast SEO plugin. -->","yoast_head_json":{"title":"El Festival de Cine Europeo estrenar\u00e1 \u201cWerner Herzog: Radical Dreamer\u201d, documental sobre el aclamado director alem\u00e1n, con entrada liberada y conversatorio - Valpara\u00ed\u00adso Creativo","robots":{"index":"index","follow":"follow","max-snippet":"max-snippet:-1","max-image-preview":"max-image-preview:large","max-video-preview":"max-video-preview:-1"},"canonical":"https:\/\/dev.antudigital.cl\/sites\/vc\/el-festival-de-cine-europeo-estrenara-werner-herzog-radical-dreamer-documental-sobre-el-aclamado-director-aleman-con-entrada-liberada-y-conversatorio\/","og_locale":"es_ES","og_type":"article","og_title":"El Festival de Cine Europeo estrenar\u00e1 \u201cWerner Herzog: Radical Dreamer\u201d, documental sobre el aclamado director alem\u00e1n, con entrada liberada y conversatorio - Valpara\u00ed\u00adso Creativo","og_description":"Desde sus comienzos, el cineasta alem\u00e1n Werner Herzog ha asombrado con pel\u00edculas innovadoras y provocativas que abordan la relaci\u00f3n del ser humano con una naturaleza deslumbrante e implacable.&nbsp; Un retrato de su vida y obra es lo que&nbsp; presenta \u201cWerner Herzog: Radical Dreamer\u201d, documental&nbsp;del alem\u00e1n Thomas von Steinaecker que forma parte del Festival de Cine [&hellip;]","og_url":"https:\/\/dev.antudigital.cl\/sites\/vc\/el-festival-de-cine-europeo-estrenara-werner-herzog-radical-dreamer-documental-sobre-el-aclamado-director-aleman-con-entrada-liberada-y-conversatorio\/","og_site_name":"Valpara\u00ed\u00adso Creativo","article_published_time":"2024-06-10T20:44:45+00:00","article_modified_time":"2024-06-10T20:45:03+00:00","og_image":[{"width":2560,"height":1707,"url":"https:\/\/dev.antudigital.cl\/sites\/vc\/wp-content\/uploads\/2024\/06\/Radical-Dreamer_Werner-Herzog-4_c-3B-Produktion-Henning-Bruemmer-scaled.jpg","type":"image\/jpeg"}],"author":"Valpara\u00edso Creativo","twitter_card":"summary_large_image","twitter_misc":{"Escrito por":"Valpara\u00edso Creativo","Tiempo de lectura":"4 minutos"},"schema":{"@context":"https:\/\/schema.org","@graph":[{"@type":"Article","@id":"https:\/\/dev.antudigital.cl\/sites\/vc\/el-festival-de-cine-europeo-estrenara-werner-herzog-radical-dreamer-documental-sobre-el-aclamado-director-aleman-con-entrada-liberada-y-conversatorio\/#article","isPartOf":{"@id":"https:\/\/dev.antudigital.cl\/sites\/vc\/el-festival-de-cine-europeo-estrenara-werner-herzog-radical-dreamer-documental-sobre-el-aclamado-director-aleman-con-entrada-liberada-y-conversatorio\/"},"author":{"name":"Valpara\u00edso Creativo","@id":"https:\/\/dev.antudigital.cl\/sites\/vc\/#\/schema\/person\/c2b9da8dd545e27166fc5ab232837318"},"headline":"El Festival de Cine Europeo estrenar\u00e1 \u201cWerner Herzog: Radical Dreamer\u201d, documental sobre el aclamado director alem\u00e1n, con entrada liberada y conversatorio","datePublished":"2024-06-10T20:44:45+00:00","dateModified":"2024-06-10T20:45:03+00:00","mainEntityOfPage":{"@id":"https:\/\/dev.antudigital.cl\/sites\/vc\/el-festival-de-cine-europeo-estrenara-werner-herzog-radical-dreamer-documental-sobre-el-aclamado-director-aleman-con-entrada-liberada-y-conversatorio\/"},"wordCount":868,"image":{"@id":"https:\/\/dev.antudigital.cl\/sites\/vc\/el-festival-de-cine-europeo-estrenara-werner-herzog-radical-dreamer-documental-sobre-el-aclamado-director-aleman-con-entrada-liberada-y-conversatorio\/#primaryimage"},"thumbnailUrl":"https:\/\/dev.antudigital.cl\/sites\/vc\/wp-content\/uploads\/2024\/06\/Radical-Dreamer_Werner-Herzog-4_c-3B-Produktion-Henning-Bruemmer-scaled.jpg","articleSection":["Noticia"],"inLanguage":"es"},{"@type":"WebPage","@id":"https:\/\/dev.antudigital.cl\/sites\/vc\/el-festival-de-cine-europeo-estrenara-werner-herzog-radical-dreamer-documental-sobre-el-aclamado-director-aleman-con-entrada-liberada-y-conversatorio\/","url":"https:\/\/dev.antudigital.cl\/sites\/vc\/el-festival-de-cine-europeo-estrenara-werner-herzog-radical-dreamer-documental-sobre-el-aclamado-director-aleman-con-entrada-liberada-y-conversatorio\/","name":"El Festival de Cine Europeo estrenar\u00e1 \u201cWerner Herzog: Radical Dreamer\u201d, documental sobre el aclamado director alem\u00e1n, con entrada liberada y conversatorio - Valpara\u00ed\u00adso Creativo","isPartOf":{"@id":"https:\/\/dev.antudigital.cl\/sites\/vc\/#website"},"primaryImageOfPage":{"@id":"https:\/\/dev.antudigital.cl\/sites\/vc\/el-festival-de-cine-europeo-estrenara-werner-herzog-radical-dreamer-documental-sobre-el-aclamado-director-aleman-con-entrada-liberada-y-conversatorio\/#primaryimage"},"image":{"@id":"https:\/\/dev.antudigital.cl\/sites\/vc\/el-festival-de-cine-europeo-estrenara-werner-herzog-radical-dreamer-documental-sobre-el-aclamado-director-aleman-con-entrada-liberada-y-conversatorio\/#primaryimage"},"thumbnailUrl":"https:\/\/dev.antudigital.cl\/sites\/vc\/wp-content\/uploads\/2024\/06\/Radical-Dreamer_Werner-Herzog-4_c-3B-Produktion-Henning-Bruemmer-scaled.jpg","datePublished":"2024-06-10T20:44:45+00:00","dateModified":"2024-06-10T20:45:03+00:00","author":{"@id":"https:\/\/dev.antudigital.cl\/sites\/vc\/#\/schema\/person\/c2b9da8dd545e27166fc5ab232837318"},"breadcrumb":{"@id":"https:\/\/dev.antudigital.cl\/sites\/vc\/el-festival-de-cine-europeo-estrenara-werner-herzog-radical-dreamer-documental-sobre-el-aclamado-director-aleman-con-entrada-liberada-y-conversatorio\/#breadcrumb"},"inLanguage":"es","potentialAction":[{"@type":"ReadAction","target":["https:\/\/dev.antudigital.cl\/sites\/vc\/el-festival-de-cine-europeo-estrenara-werner-herzog-radical-dreamer-documental-sobre-el-aclamado-director-aleman-con-entrada-liberada-y-conversatorio\/"]}]},{"@type":"ImageObject","inLanguage":"es","@id":"https:\/\/dev.antudigital.cl\/sites\/vc\/el-festival-de-cine-europeo-estrenara-werner-herzog-radical-dreamer-documental-sobre-el-aclamado-director-aleman-con-entrada-liberada-y-conversatorio\/#primaryimage","url":"https:\/\/dev.antudigital.cl\/sites\/vc\/wp-content\/uploads\/2024\/06\/Radical-Dreamer_Werner-Herzog-4_c-3B-Produktion-Henning-Bruemmer-scaled.jpg","contentUrl":"https:\/\/dev.antudigital.cl\/sites\/vc\/wp-content\/uploads\/2024\/06\/Radical-Dreamer_Werner-Herzog-4_c-3B-Produktion-Henning-Bruemmer-scaled.jpg","width":2560,"height":1707},{"@type":"BreadcrumbList","@id":"https:\/\/dev.antudigital.cl\/sites\/vc\/el-festival-de-cine-europeo-estrenara-werner-herzog-radical-dreamer-documental-sobre-el-aclamado-director-aleman-con-entrada-liberada-y-conversatorio\/#breadcrumb","itemListElement":[{"@type":"ListItem","position":1,"name":"Home","item":"https:\/\/dev.antudigital.cl\/sites\/vc\/"},{"@type":"ListItem","position":2,"name":"El Festival de Cine Europeo estrenar\u00e1 \u201cWerner Herzog: Radical Dreamer\u201d, documental sobre el aclamado director alem\u00e1n, con entrada liberada y conversatorio"}]},{"@type":"WebSite","@id":"https:\/\/dev.antudigital.cl\/sites\/vc\/#website","url":"https:\/\/dev.antudigital.cl\/sites\/vc\/","name":"Valpara\u00ed\u00adso Creativo","description":"","potentialAction":[{"@type":"SearchAction","target":{"@type":"EntryPoint","urlTemplate":"https:\/\/dev.antudigital.cl\/sites\/vc\/?s={search_term_string}"},"query-input":{"@type":"PropertyValueSpecification","valueRequired":true,"valueName":"search_term_string"}}],"inLanguage":"es"},{"@type":"Person","@id":"https:\/\/dev.antudigital.cl\/sites\/vc\/#\/schema\/person\/c2b9da8dd545e27166fc5ab232837318","name":"Valpara\u00edso Creativo","description":"Periodista de cultura en la Regi\u00f3n de Valpara\u00edso.","url":"https:\/\/dev.antudigital.cl\/sites\/vc\/author\/valpoadmin\/"}]}},"_links":{"self":[{"href":"https:\/\/dev.antudigital.cl\/sites\/vc\/wp-json\/wp\/v2\/posts\/19331","targetHints":{"allow":["GET"]}}],"collection":[{"href":"https:\/\/dev.antudigital.cl\/sites\/vc\/wp-json\/wp\/v2\/posts"}],"about":[{"href":"https:\/\/dev.antudigital.cl\/sites\/vc\/wp-json\/wp\/v2\/types\/post"}],"author":[{"embeddable":true,"href":"https:\/\/dev.antudigital.cl\/sites\/vc\/wp-json\/wp\/v2\/users\/1"}],"replies":[{"embeddable":true,"href":"https:\/\/dev.antudigital.cl\/sites\/vc\/wp-json\/wp\/v2\/comments?post=19331"}],"version-history":[{"count":1,"href":"https:\/\/dev.antudigital.cl\/sites\/vc\/wp-json\/wp\/v2\/posts\/19331\/revisions"}],"predecessor-version":[{"id":19334,"href":"https:\/\/dev.antudigital.cl\/sites\/vc\/wp-json\/wp\/v2\/posts\/19331\/revisions\/19334"}],"wp:featuredmedia":[{"embeddable":true,"href":"https:\/\/dev.antudigital.cl\/sites\/vc\/wp-json\/wp\/v2\/media\/19332"}],"wp:attachment":[{"href":"https:\/\/dev.antudigital.cl\/sites\/vc\/wp-json\/wp\/v2\/media?parent=19331"}],"wp:term":[{"taxonomy":"category","embeddable":true,"href":"https:\/\/dev.antudigital.cl\/sites\/vc\/wp-json\/wp\/v2\/categories?post=19331"},{"taxonomy":"post_tag","embeddable":true,"href":"https:\/\/dev.antudigital.cl\/sites\/vc\/wp-json\/wp\/v2\/tags?post=19331"}],"curies":[{"name":"wp","href":"https:\/\/api.w.org\/{rel}","templated":true}]}}