{"id":19342,"date":"2024-06-10T21:02:49","date_gmt":"2024-06-10T21:02:49","guid":{"rendered":"https:\/\/www.valparaisocreativo.cl\/?p=19342"},"modified":"2024-06-10T21:03:06","modified_gmt":"2024-06-10T21:03:06","slug":"fondos-cultur1-2024-circulacion-internacional-de-artes-escenicas-2024","status":"publish","type":"post","link":"https:\/\/dev.antudigital.cl\/sites\/vc\/fondos-cultur1-2024-circulacion-internacional-de-artes-escenicas-2024\/","title":{"rendered":"Fondos Cultur1 2024: Circulaci\u00f3n Internacional de Artes Esc\u00e9nicas 2024"},"content":{"rendered":"\n<p>Hasta el 18 de junio 2024.<\/p>\n\n\n\n<p>El Ministerio de las Culturas, las Artes y el Patrimonio, a trav\u00e9s de su Secretar\u00eda Ejecutiva de Artes Esc\u00e9nicas, abre la convocatoria para postular a la L\u00ednea de Circulaci\u00f3n Internacional de Artes Esc\u00e9nicas 2024 \u2013 Segundo Llamado, fondo que entrega financiamiento total o parcial a proyectos que contribuyan al posicionamiento de las artes esc\u00e9nicas nacionales en los circuitos extranjeros.<\/p>\n\n\n\n<p>La convocatoria est\u00e1 dirigida a proyectos de teatro, danza, circo, t\u00edteres, narraci\u00f3n oral, \u00f3pera o interdisciplinarios, que sean presentados por artistas, cultores(as) y\/o gestores de todo el pa\u00eds. Adem\u00e1s, considera las siguientes modalidades de postulaci\u00f3n:<\/p>\n\n\n\n<p><strong>1.-Circulaci\u00f3n de Montajes Esc\u00e9nicos:<\/strong>&nbsp;Entrega financiamiento total o parcial para proyectos de exhibici\u00f3n de obras esc\u00e9nicas ya producidas y estrenadas para ser exhibidas fuera del territorio nacional, ya sea en espacios esc\u00e9nicos, festivales, giras, circuitos, ferias, mercados, entre otros. No se financiar\u00e1 la creaci\u00f3n esc\u00e9nica, ni proyectos de investigaci\u00f3n. Esta modalidad se divide en dos nuevas submodalidades:<\/p>\n\n\n\n<p><em>Submodalidad Grupo A:<\/em>&nbsp;la cual comprende a colectivos, compa\u00f1\u00edas o artistas que hasta la fecha de postulaci\u00f3n han realizado tres o menos giras internacionales de su trabajo en artes esc\u00e9nicas en circuitos internacionales que hayan sido financiadas con fondos p\u00fablicos, por ejemplo: fondos concursables de este Ministerio, Direcci\u00f3n de Asuntos Internacionales (DIRAC), entre otros.<\/p>\n\n\n\n<ul class=\"wp-block-list\">\n<li><em>Monto m\u00e1ximo por proyecto: $16.000.000.-<\/em><\/li>\n<\/ul>\n\n\n\n<p><em>Submodalidad Grupo B:&nbsp;<\/em>la cual comprende a colectivos, compa\u00f1\u00edas o artistas que hasta la fecha de postulaci\u00f3n han realizado desde cuatro o m\u00e1s giras internacionales de su trabajo en artes esc\u00e9nicas en circuitos internacionales que hayan sido financiadas con fondos p\u00fablicos, por ejemplo: fondos concursables de este Ministerio, Direcci\u00f3n de Asuntos Internacionales (DIRAC), entre otros.<\/p>\n\n\n\n<ul class=\"wp-block-list\">\n<li><em>Monto m\u00e1ximo por proyecto: $20.000.000.-<\/em><\/li>\n<\/ul>\n\n\n\n<p><strong>2.-Agenda de Internacionalizaci\u00f3n:<\/strong>&nbsp;Destinada a apoyar una agenda internacional de artistas, organizaciones culturales, gestores(as), productores(as) compa\u00f1\u00edas y\/o colectivos art\u00edsticos del sector de las artes esc\u00e9nicas, promoviendo su participaci\u00f3n en ferias, encuentros, muestras, festivales o eventos que, por un lado, aporten en mejorar las capacidades de gesti\u00f3n internacional de su trabajo, y por otro, permitan crear y\/o consolidar redes que potencien su quehacer disciplinar.<\/p>\n\n\n\n<ul class=\"wp-block-list\">\n<li><em>Monto m\u00e1ximo por proyecto: $5.000.000.-<\/em><\/li>\n<\/ul>\n\n\n\n<h2 class=\"wp-block-heading\">Importante<\/h2>\n\n\n\n<p><strong>Plazo m\u00e1ximo de ejecuci\u00f3n:<\/strong><\/p>\n\n\n\n<ul class=\"wp-block-list\">\n<li>Todos los proyectos deben finalizar a m\u00e1s tardar el 31 de marzo de 2025.<\/li>\n<\/ul>\n\n\n\n<p><strong><a href=\"https:\/\/www.fondosdecultura.cl\/circulacion-internacional-de-artes-escenicas-2024-segundo-llamado\/\">Revisa los detalles y bases en el siguiente link.<\/a><\/strong><\/p>\n","protected":false},"excerpt":{"rendered":"<p>Hasta el 18 de junio 2024. El Ministerio de las Culturas, las Artes y el Patrimonio, a trav\u00e9s de su Secretar\u00eda Ejecutiva de Artes Esc\u00e9nicas, abre la convocatoria para postular a la L\u00ednea de Circulaci\u00f3n Internacional de Artes Esc\u00e9nicas 2024 \u2013 Segundo Llamado, fondo que entrega financiamiento total o parcial a proyectos que contribuyan al [&hellip;]<\/p>\n","protected":false},"author":1,"featured_media":19277,"comment_status":"closed","ping_status":"closed","sticky":false,"template":"","format":"standard","meta":{"_acf_changed":false,"footnotes":""},"categories":[8],"tags":[],"class_list":["post-19342","post","type-post","status-publish","format-standard","has-post-thumbnail","hentry","category-noticia"],"acf":[],"yoast_head":"<!-- This site is optimized with the Yoast SEO plugin v27.1.1 - https:\/\/yoast.com\/product\/yoast-seo-wordpress\/ -->\n<title>Fondos Cultur1 2024: Circulaci\u00f3n Internacional de Artes Esc\u00e9nicas 2024 - Valpara\u00ed\u00adso Creativo<\/title>\n<meta name=\"robots\" content=\"index, follow, max-snippet:-1, max-image-preview:large, max-video-preview:-1\" \/>\n<link rel=\"canonical\" href=\"https:\/\/dev.antudigital.cl\/sites\/vc\/fondos-cultur1-2024-circulacion-internacional-de-artes-escenicas-2024\/\" \/>\n<meta property=\"og:locale\" content=\"es_ES\" \/>\n<meta property=\"og:type\" content=\"article\" \/>\n<meta property=\"og:title\" content=\"Fondos Cultur1 2024: Circulaci\u00f3n Internacional de Artes Esc\u00e9nicas 2024 - Valpara\u00ed\u00adso Creativo\" \/>\n<meta property=\"og:description\" content=\"Hasta el 18 de junio 2024. El Ministerio de las Culturas, las Artes y el Patrimonio, a trav\u00e9s de su Secretar\u00eda Ejecutiva de Artes Esc\u00e9nicas, abre la convocatoria para postular a la L\u00ednea de Circulaci\u00f3n Internacional de Artes Esc\u00e9nicas 2024 \u2013 Segundo Llamado, fondo que entrega financiamiento total o parcial a proyectos que contribuyan al [&hellip;]\" \/>\n<meta property=\"og:url\" content=\"https:\/\/dev.antudigital.cl\/sites\/vc\/fondos-cultur1-2024-circulacion-internacional-de-artes-escenicas-2024\/\" \/>\n<meta property=\"og:site_name\" content=\"Valpara\u00ed\u00adso Creativo\" \/>\n<meta property=\"article:published_time\" content=\"2024-06-10T21:02:49+00:00\" \/>\n<meta property=\"article:modified_time\" content=\"2024-06-10T21:03:06+00:00\" \/>\n<meta property=\"og:image\" content=\"https:\/\/dev.antudigital.cl\/sites\/vc\/wp-content\/uploads\/2024\/06\/Captura-de-Pantalla-2024-06-03-a-las-22.25.32.png\" \/>\n\t<meta property=\"og:image:width\" content=\"890\" \/>\n\t<meta property=\"og:image:height\" content=\"189\" \/>\n\t<meta property=\"og:image:type\" content=\"image\/png\" \/>\n<meta name=\"author\" content=\"Valpara\u00edso Creativo\" \/>\n<meta name=\"twitter:card\" content=\"summary_large_image\" \/>\n<meta name=\"twitter:label1\" content=\"Escrito por\" \/>\n\t<meta name=\"twitter:data1\" content=\"Valpara\u00edso Creativo\" \/>\n\t<meta name=\"twitter:label2\" content=\"Tiempo de lectura\" \/>\n\t<meta name=\"twitter:data2\" content=\"2 minutos\" \/>\n<script type=\"application\/ld+json\" class=\"yoast-schema-graph\">{\"@context\":\"https:\/\/schema.org\",\"@graph\":[{\"@type\":\"Article\",\"@id\":\"https:\/\/dev.antudigital.cl\/sites\/vc\/fondos-cultur1-2024-circulacion-internacional-de-artes-escenicas-2024\/#article\",\"isPartOf\":{\"@id\":\"https:\/\/dev.antudigital.cl\/sites\/vc\/fondos-cultur1-2024-circulacion-internacional-de-artes-escenicas-2024\/\"},\"author\":{\"name\":\"Valpara\u00edso Creativo\",\"@id\":\"https:\/\/dev.antudigital.cl\/sites\/vc\/#\/schema\/person\/c2b9da8dd545e27166fc5ab232837318\"},\"headline\":\"Fondos Cultur1 2024: Circulaci\u00f3n Internacional de Artes Esc\u00e9nicas 2024\",\"datePublished\":\"2024-06-10T21:02:49+00:00\",\"dateModified\":\"2024-06-10T21:03:06+00:00\",\"mainEntityOfPage\":{\"@id\":\"https:\/\/dev.antudigital.cl\/sites\/vc\/fondos-cultur1-2024-circulacion-internacional-de-artes-escenicas-2024\/\"},\"wordCount\":428,\"image\":{\"@id\":\"https:\/\/dev.antudigital.cl\/sites\/vc\/fondos-cultur1-2024-circulacion-internacional-de-artes-escenicas-2024\/#primaryimage\"},\"thumbnailUrl\":\"https:\/\/dev.antudigital.cl\/sites\/vc\/wp-content\/uploads\/2024\/06\/Captura-de-Pantalla-2024-06-03-a-las-22.25.32.png\",\"articleSection\":[\"Noticia\"],\"inLanguage\":\"es\"},{\"@type\":\"WebPage\",\"@id\":\"https:\/\/dev.antudigital.cl\/sites\/vc\/fondos-cultur1-2024-circulacion-internacional-de-artes-escenicas-2024\/\",\"url\":\"https:\/\/dev.antudigital.cl\/sites\/vc\/fondos-cultur1-2024-circulacion-internacional-de-artes-escenicas-2024\/\",\"name\":\"Fondos Cultur1 2024: Circulaci\u00f3n Internacional de Artes Esc\u00e9nicas 2024 - Valpara\u00ed\u00adso Creativo\",\"isPartOf\":{\"@id\":\"https:\/\/dev.antudigital.cl\/sites\/vc\/#website\"},\"primaryImageOfPage\":{\"@id\":\"https:\/\/dev.antudigital.cl\/sites\/vc\/fondos-cultur1-2024-circulacion-internacional-de-artes-escenicas-2024\/#primaryimage\"},\"image\":{\"@id\":\"https:\/\/dev.antudigital.cl\/sites\/vc\/fondos-cultur1-2024-circulacion-internacional-de-artes-escenicas-2024\/#primaryimage\"},\"thumbnailUrl\":\"https:\/\/dev.antudigital.cl\/sites\/vc\/wp-content\/uploads\/2024\/06\/Captura-de-Pantalla-2024-06-03-a-las-22.25.32.png\",\"datePublished\":\"2024-06-10T21:02:49+00:00\",\"dateModified\":\"2024-06-10T21:03:06+00:00\",\"author\":{\"@id\":\"https:\/\/dev.antudigital.cl\/sites\/vc\/#\/schema\/person\/c2b9da8dd545e27166fc5ab232837318\"},\"breadcrumb\":{\"@id\":\"https:\/\/dev.antudigital.cl\/sites\/vc\/fondos-cultur1-2024-circulacion-internacional-de-artes-escenicas-2024\/#breadcrumb\"},\"inLanguage\":\"es\",\"potentialAction\":[{\"@type\":\"ReadAction\",\"target\":[\"https:\/\/dev.antudigital.cl\/sites\/vc\/fondos-cultur1-2024-circulacion-internacional-de-artes-escenicas-2024\/\"]}]},{\"@type\":\"ImageObject\",\"inLanguage\":\"es\",\"@id\":\"https:\/\/dev.antudigital.cl\/sites\/vc\/fondos-cultur1-2024-circulacion-internacional-de-artes-escenicas-2024\/#primaryimage\",\"url\":\"https:\/\/dev.antudigital.cl\/sites\/vc\/wp-content\/uploads\/2024\/06\/Captura-de-Pantalla-2024-06-03-a-las-22.25.32.png\",\"contentUrl\":\"https:\/\/dev.antudigital.cl\/sites\/vc\/wp-content\/uploads\/2024\/06\/Captura-de-Pantalla-2024-06-03-a-las-22.25.32.png\",\"width\":890,\"height\":189},{\"@type\":\"BreadcrumbList\",\"@id\":\"https:\/\/dev.antudigital.cl\/sites\/vc\/fondos-cultur1-2024-circulacion-internacional-de-artes-escenicas-2024\/#breadcrumb\",\"itemListElement\":[{\"@type\":\"ListItem\",\"position\":1,\"name\":\"Home\",\"item\":\"https:\/\/dev.antudigital.cl\/sites\/vc\/\"},{\"@type\":\"ListItem\",\"position\":2,\"name\":\"Fondos Cultur1 2024: Circulaci\u00f3n Internacional de Artes Esc\u00e9nicas 2024\"}]},{\"@type\":\"WebSite\",\"@id\":\"https:\/\/dev.antudigital.cl\/sites\/vc\/#website\",\"url\":\"https:\/\/dev.antudigital.cl\/sites\/vc\/\",\"name\":\"Valpara\u00ed\u00adso Creativo\",\"description\":\"\",\"potentialAction\":[{\"@type\":\"SearchAction\",\"target\":{\"@type\":\"EntryPoint\",\"urlTemplate\":\"https:\/\/dev.antudigital.cl\/sites\/vc\/?s={search_term_string}\"},\"query-input\":{\"@type\":\"PropertyValueSpecification\",\"valueRequired\":true,\"valueName\":\"search_term_string\"}}],\"inLanguage\":\"es\"},{\"@type\":\"Person\",\"@id\":\"https:\/\/dev.antudigital.cl\/sites\/vc\/#\/schema\/person\/c2b9da8dd545e27166fc5ab232837318\",\"name\":\"Valpara\u00edso Creativo\",\"description\":\"Periodista de cultura en la Regi\u00f3n de Valpara\u00edso.\",\"url\":\"https:\/\/dev.antudigital.cl\/sites\/vc\/author\/valpoadmin\/\"}]}<\/script>\n<!-- \/ Yoast SEO plugin. -->","yoast_head_json":{"title":"Fondos Cultur1 2024: Circulaci\u00f3n Internacional de Artes Esc\u00e9nicas 2024 - Valpara\u00ed\u00adso Creativo","robots":{"index":"index","follow":"follow","max-snippet":"max-snippet:-1","max-image-preview":"max-image-preview:large","max-video-preview":"max-video-preview:-1"},"canonical":"https:\/\/dev.antudigital.cl\/sites\/vc\/fondos-cultur1-2024-circulacion-internacional-de-artes-escenicas-2024\/","og_locale":"es_ES","og_type":"article","og_title":"Fondos Cultur1 2024: Circulaci\u00f3n Internacional de Artes Esc\u00e9nicas 2024 - Valpara\u00ed\u00adso Creativo","og_description":"Hasta el 18 de junio 2024. El Ministerio de las Culturas, las Artes y el Patrimonio, a trav\u00e9s de su Secretar\u00eda Ejecutiva de Artes Esc\u00e9nicas, abre la convocatoria para postular a la L\u00ednea de Circulaci\u00f3n Internacional de Artes Esc\u00e9nicas 2024 \u2013 Segundo Llamado, fondo que entrega financiamiento total o parcial a proyectos que contribuyan al [&hellip;]","og_url":"https:\/\/dev.antudigital.cl\/sites\/vc\/fondos-cultur1-2024-circulacion-internacional-de-artes-escenicas-2024\/","og_site_name":"Valpara\u00ed\u00adso Creativo","article_published_time":"2024-06-10T21:02:49+00:00","article_modified_time":"2024-06-10T21:03:06+00:00","og_image":[{"width":890,"height":189,"url":"https:\/\/dev.antudigital.cl\/sites\/vc\/wp-content\/uploads\/2024\/06\/Captura-de-Pantalla-2024-06-03-a-las-22.25.32.png","type":"image\/png"}],"author":"Valpara\u00edso Creativo","twitter_card":"summary_large_image","twitter_misc":{"Escrito por":"Valpara\u00edso Creativo","Tiempo de lectura":"2 minutos"},"schema":{"@context":"https:\/\/schema.org","@graph":[{"@type":"Article","@id":"https:\/\/dev.antudigital.cl\/sites\/vc\/fondos-cultur1-2024-circulacion-internacional-de-artes-escenicas-2024\/#article","isPartOf":{"@id":"https:\/\/dev.antudigital.cl\/sites\/vc\/fondos-cultur1-2024-circulacion-internacional-de-artes-escenicas-2024\/"},"author":{"name":"Valpara\u00edso Creativo","@id":"https:\/\/dev.antudigital.cl\/sites\/vc\/#\/schema\/person\/c2b9da8dd545e27166fc5ab232837318"},"headline":"Fondos Cultur1 2024: Circulaci\u00f3n Internacional de Artes Esc\u00e9nicas 2024","datePublished":"2024-06-10T21:02:49+00:00","dateModified":"2024-06-10T21:03:06+00:00","mainEntityOfPage":{"@id":"https:\/\/dev.antudigital.cl\/sites\/vc\/fondos-cultur1-2024-circulacion-internacional-de-artes-escenicas-2024\/"},"wordCount":428,"image":{"@id":"https:\/\/dev.antudigital.cl\/sites\/vc\/fondos-cultur1-2024-circulacion-internacional-de-artes-escenicas-2024\/#primaryimage"},"thumbnailUrl":"https:\/\/dev.antudigital.cl\/sites\/vc\/wp-content\/uploads\/2024\/06\/Captura-de-Pantalla-2024-06-03-a-las-22.25.32.png","articleSection":["Noticia"],"inLanguage":"es"},{"@type":"WebPage","@id":"https:\/\/dev.antudigital.cl\/sites\/vc\/fondos-cultur1-2024-circulacion-internacional-de-artes-escenicas-2024\/","url":"https:\/\/dev.antudigital.cl\/sites\/vc\/fondos-cultur1-2024-circulacion-internacional-de-artes-escenicas-2024\/","name":"Fondos Cultur1 2024: Circulaci\u00f3n Internacional de Artes Esc\u00e9nicas 2024 - Valpara\u00ed\u00adso Creativo","isPartOf":{"@id":"https:\/\/dev.antudigital.cl\/sites\/vc\/#website"},"primaryImageOfPage":{"@id":"https:\/\/dev.antudigital.cl\/sites\/vc\/fondos-cultur1-2024-circulacion-internacional-de-artes-escenicas-2024\/#primaryimage"},"image":{"@id":"https:\/\/dev.antudigital.cl\/sites\/vc\/fondos-cultur1-2024-circulacion-internacional-de-artes-escenicas-2024\/#primaryimage"},"thumbnailUrl":"https:\/\/dev.antudigital.cl\/sites\/vc\/wp-content\/uploads\/2024\/06\/Captura-de-Pantalla-2024-06-03-a-las-22.25.32.png","datePublished":"2024-06-10T21:02:49+00:00","dateModified":"2024-06-10T21:03:06+00:00","author":{"@id":"https:\/\/dev.antudigital.cl\/sites\/vc\/#\/schema\/person\/c2b9da8dd545e27166fc5ab232837318"},"breadcrumb":{"@id":"https:\/\/dev.antudigital.cl\/sites\/vc\/fondos-cultur1-2024-circulacion-internacional-de-artes-escenicas-2024\/#breadcrumb"},"inLanguage":"es","potentialAction":[{"@type":"ReadAction","target":["https:\/\/dev.antudigital.cl\/sites\/vc\/fondos-cultur1-2024-circulacion-internacional-de-artes-escenicas-2024\/"]}]},{"@type":"ImageObject","inLanguage":"es","@id":"https:\/\/dev.antudigital.cl\/sites\/vc\/fondos-cultur1-2024-circulacion-internacional-de-artes-escenicas-2024\/#primaryimage","url":"https:\/\/dev.antudigital.cl\/sites\/vc\/wp-content\/uploads\/2024\/06\/Captura-de-Pantalla-2024-06-03-a-las-22.25.32.png","contentUrl":"https:\/\/dev.antudigital.cl\/sites\/vc\/wp-content\/uploads\/2024\/06\/Captura-de-Pantalla-2024-06-03-a-las-22.25.32.png","width":890,"height":189},{"@type":"BreadcrumbList","@id":"https:\/\/dev.antudigital.cl\/sites\/vc\/fondos-cultur1-2024-circulacion-internacional-de-artes-escenicas-2024\/#breadcrumb","itemListElement":[{"@type":"ListItem","position":1,"name":"Home","item":"https:\/\/dev.antudigital.cl\/sites\/vc\/"},{"@type":"ListItem","position":2,"name":"Fondos Cultur1 2024: Circulaci\u00f3n Internacional de Artes Esc\u00e9nicas 2024"}]},{"@type":"WebSite","@id":"https:\/\/dev.antudigital.cl\/sites\/vc\/#website","url":"https:\/\/dev.antudigital.cl\/sites\/vc\/","name":"Valpara\u00ed\u00adso Creativo","description":"","potentialAction":[{"@type":"SearchAction","target":{"@type":"EntryPoint","urlTemplate":"https:\/\/dev.antudigital.cl\/sites\/vc\/?s={search_term_string}"},"query-input":{"@type":"PropertyValueSpecification","valueRequired":true,"valueName":"search_term_string"}}],"inLanguage":"es"},{"@type":"Person","@id":"https:\/\/dev.antudigital.cl\/sites\/vc\/#\/schema\/person\/c2b9da8dd545e27166fc5ab232837318","name":"Valpara\u00edso Creativo","description":"Periodista de cultura en la Regi\u00f3n de Valpara\u00edso.","url":"https:\/\/dev.antudigital.cl\/sites\/vc\/author\/valpoadmin\/"}]}},"_links":{"self":[{"href":"https:\/\/dev.antudigital.cl\/sites\/vc\/wp-json\/wp\/v2\/posts\/19342","targetHints":{"allow":["GET"]}}],"collection":[{"href":"https:\/\/dev.antudigital.cl\/sites\/vc\/wp-json\/wp\/v2\/posts"}],"about":[{"href":"https:\/\/dev.antudigital.cl\/sites\/vc\/wp-json\/wp\/v2\/types\/post"}],"author":[{"embeddable":true,"href":"https:\/\/dev.antudigital.cl\/sites\/vc\/wp-json\/wp\/v2\/users\/1"}],"replies":[{"embeddable":true,"href":"https:\/\/dev.antudigital.cl\/sites\/vc\/wp-json\/wp\/v2\/comments?post=19342"}],"version-history":[{"count":1,"href":"https:\/\/dev.antudigital.cl\/sites\/vc\/wp-json\/wp\/v2\/posts\/19342\/revisions"}],"predecessor-version":[{"id":19343,"href":"https:\/\/dev.antudigital.cl\/sites\/vc\/wp-json\/wp\/v2\/posts\/19342\/revisions\/19343"}],"wp:featuredmedia":[{"embeddable":true,"href":"https:\/\/dev.antudigital.cl\/sites\/vc\/wp-json\/wp\/v2\/media\/19277"}],"wp:attachment":[{"href":"https:\/\/dev.antudigital.cl\/sites\/vc\/wp-json\/wp\/v2\/media?parent=19342"}],"wp:term":[{"taxonomy":"category","embeddable":true,"href":"https:\/\/dev.antudigital.cl\/sites\/vc\/wp-json\/wp\/v2\/categories?post=19342"},{"taxonomy":"post_tag","embeddable":true,"href":"https:\/\/dev.antudigital.cl\/sites\/vc\/wp-json\/wp\/v2\/tags?post=19342"}],"curies":[{"name":"wp","href":"https:\/\/api.w.org\/{rel}","templated":true}]}}