{"id":19347,"date":"2024-06-10T22:01:33","date_gmt":"2024-06-10T22:01:33","guid":{"rendered":"https:\/\/www.valparaisocreativo.cl\/?p=19347"},"modified":"2024-06-10T23:09:33","modified_gmt":"2024-06-10T23:09:33","slug":"ser-un-canal-para-la-musica-entrevista-a-carmen-lienqueo","status":"publish","type":"post","link":"https:\/\/dev.antudigital.cl\/sites\/vc\/ser-un-canal-para-la-musica-entrevista-a-carmen-lienqueo\/","title":{"rendered":"Ser un canal para la m\u00fasica: entrevista a Carmen Lienqueo"},"content":{"rendered":"\n<p>Carmen Lienqueo ha desarrollado una notable trayectoria como int\u00e9rprete y m\u00fasica, participando en diversos proyectos hasta llegar a su actual etapa como solista. El pr\u00f3ximo 23 de junio, se presentar\u00e1 en el Parque Cultural de Valpara\u00edso, donde estrenar\u00e1 \u201cEl hilo de mi destino\u201d, una versi\u00f3n renovada de un tema en el que fusiona su sonido tradicional con influencias electr\u00f3nicas, explorando nuevas sonoridades.<\/p>\n\n\n\n<p>Conozcamos m\u00e1s sobre su carrera y su momento actual:<\/p>\n\n\n\n<p><strong>\u00bfC\u00f3mo describir\u00edas tu relaci\u00f3n con la m\u00fasica y c\u00f3mo se ha ido dando en tu vida?<\/strong><\/p>\n\n\n\n<p>&#8211; Mi relaci\u00f3n con la m\u00fasica es muy natural. No tengo un momento en el que haya empezado en m\u00ed. Tengo el recuerdo de muy chica saber que iba a ser m\u00fasica, porque mi padre es m\u00fasico y cuando tocaba lo acompa\u00f1aba, me sub\u00eda al escenario con \u00e9l. Mi mam\u00e1 siempre me dijo que me dedicar\u00eda a esto, pero nunca lo plane\u00e9. Simplemente me puse a escribir y la consecuencia fue que no par\u00e9 m\u00e1s de hacerlo. En el camino he conocido a mucha gente talentosa, yo no estudi\u00e9 m\u00fasica en ninguna academia, por lo que quienes me han ense\u00f1ado han sido colegas y artistas en general, que es muy de comunidad hacer esto. Cuando se es artista y no se tienen recursos o una plataforma que te pueda sustentar, solo apelas a las redes humanas y a la virtud de querer hacer las cosas, que sacar la m\u00fasica sea lo m\u00e1s importante. Vuelvo a ese principio siempre.<\/p>\n\n\n\n<p><strong>Finalmente en las distintas partes de la escena art\u00edstica, la colaboraci\u00f3n es siempre un elemento que sale a relucir. \u00bfC\u00f3mo se da para ti en tu experiencia?<\/strong><\/p>\n\n\n\n<p>&#8211; En algunos casos s\u00ed se da naturalmente, adem\u00e1s soy muy mel\u00f3mana, por lo que siempre estoy escuchando sonidos nuevos, productores nuevos y tengo la suerte de tener relaciones con gente virtuosa en ese mundo, por lo que siempre hay propuestas. Hay cosas que quedan ah\u00ed, pero la mayor\u00eda de las veces las colaboraciones suceden y as\u00ed es que tengo la mayor\u00eda de mis temas arriba, gracias a un cruce humano natural que tenga a la m\u00fasica de nuevo como lo m\u00e1s importante, tiene que salir, emana sola. De eso mismo sali\u00f3 el tema de ahora, con el sello que estoy trabajando (potoco discos). Todo, repito, se ha dado de manera muy natural.<\/p>\n\n\n\n<p><strong>Cu\u00e9ntame un poco m\u00e1s acerca de las partes de tu proceso creativo, \u00bfes esto colaborativo o m\u00e1s solitario? Tomando en cuenta lo que est\u00e1bamos hablando.<\/strong><\/p>\n\n\n\n<p>&#8211; Generalmente trato de que sea la menor cantidad de cabezas trabajando posible, antes trabajaba mucho en colectivo, con mucha gente. Es un gran desaf\u00edo. Yo vengo de esa escuela y ahora que estoy sola, como soy cabrona con mis ideas musicales, trato de compartirlas solo cuando estoy s\u00faper segura de que est\u00e1n listas y ah\u00ed reci\u00e9n se lo presento a otro colega para maquillar, peinar, arreglar la canci\u00f3n pero cuando ya sali\u00f3 de m\u00ed.<\/p>\n\n\n\n<p>Hay que tener claro lo que una quiere decir, buscando al colega que te ayuda a potenciarla. La canci\u00f3n est\u00e1, suena as\u00ed y yo elijo con qui\u00e9n la trabajo para lograr el resultado esperado. Eso tiene que ver con la experiencia, por supuesto, ocupando recursos para que lo que hacemos se escuche nuevo y fresco, que es el sello que tengo, que la m\u00fasica est\u00e1 hecha con cari\u00f1o.&nbsp;<\/p>\n\n\n\n<p><strong>\u00bfC\u00f3mo se siente llegar al punto de seguridad con tu propia creaci\u00f3n? De tener m\u00e1s claro lo que eres y quieres comunicar, c\u00f3mo quieres sonar.<\/strong><\/p>\n\n\n\n<p>&#8211; He trabajado en un mundo de hombres toda la vida y siempre mi criterio musical ha tenido que pasar por diversos filtros, durante a\u00f1os estuve dudando y ahora ya no me importa, yo uso lo que quiero en mi canci\u00f3n. A eso me refiero con ser \u201ccabrona\u201d, a tener la posibilidad de defender tus ideas hasta las \u00faltimas consecuencias, no por ego, sino porque s\u00e9 muy bien lo que estoy haciendo, ya que se trata de mi sonido, mi historia, mi canci\u00f3n. He aprendido que si no me gusta lo que est\u00e1 resultando, puedo parar y buscar a quien me ayude a buscar el resultado que quiero. Me refiero a ser segura y estar convencida de lo que quieres mostrar. Defender mi creaci\u00f3n.<\/p>\n\n\n\n<p><strong>En tus palabras, \u00bfbuscas transmitir algo con tu m\u00fasica?<\/strong><\/p>\n\n\n\n<p>&#8211; Nunca he pretendido que la gente se lleve algo espec\u00edfico de m\u00ed, sino que soy una antena comunicadora de mensajes, que incluso son m\u00e1s antiguos que yo y que todos nosotros. Suena muy hippie, pero me siento prestando el cuerpo no m\u00e1s. No busco algo premeditado. Creo que si se emociona la gente al escucharme, aunque sea un milisegundo, mi pega est\u00e1 hecha. Es una b\u00fasqueda nada m\u00e1s que conmigo, estar conforme con la m\u00fasica que sale de m\u00ed. Tiene muchas consecuencias, una de las m\u00e1s bonitas es que la gente me diga que le pas\u00f3 algo con una canci\u00f3n m\u00eda, que le acompa\u00f1\u00f3, es lo m\u00e1s hermoso y no lo busco, pero ocurre. Siento un compromiso con mi oficio, que defiendo con todas las consecuencias que tambi\u00e9n pueda tener.<\/p>\n\n\n\n<p><strong>En torno a lo mismo, \u00bfparticipas en colectividades? Me imagino que es una uni\u00f3n necesaria para gestionar algunas tem\u00e1ticas.<\/strong><\/p>\n\n\n\n<p>&#8211; S\u00ed, estoy articulada con la gente de MUS.A y tambi\u00e9n en el Sindicato de M\u00fasicos Callejeros, dos realidades del m\u00fasico porte\u00f1o. Yo vivo ac\u00e1 hace cinco a\u00f1os y todav\u00eda me siento observando desde afuera c\u00f3mo es el porte\u00f1o y saco de eso muchas reflexiones, sobre todo en c\u00f3mo uno administra la m\u00fasica y la creaci\u00f3n que sale. Ac\u00e1 los colegas estamos sobreviviendo, nos pisamos la cola tocando en la calle, lo que es s\u00faper valiente. Esta ciudad se mantiene con sus t\u00edtulos, como Ciudad Creativa de la M\u00fasica, sin embargo los artistas estamos muy abandonados. No es para llorar, sino para contemplar otras realidades que existen, por ejemplo en el caso de Melisa Johnson, quien en su manera de trabajar demuestra el tesoro de Valpara\u00edso con sus artistas, donde la m\u00fasica y la creaci\u00f3n aflora independiente de las condiciones adversas, mucho de eso relacionado a lo de las colaboraciones que habl\u00e1bamos antes, sosteniendo carreras musicales a puro pulso.<\/p>\n\n\n\n<p><strong>Sobre tu nueva propuesta, \u201cEl hilo de mi destino\u201d, cu\u00e9ntanos un poco m\u00e1s sobre los elementos electr\u00f3nicos que hoy incorporas m\u00e1s fuertemente a tu sonido.<\/strong><\/p>\n\n\n\n<p>&#8211; Creo que es una decisi\u00f3n est\u00e9tica y art\u00edstica, ya que siempre se me ha catalogado muy en lo ancestral por mis ra\u00edces y ya que en mi disco duro musical hay mucho folclore, recursos que utilizo al componer, pero adem\u00e1s soy mel\u00f3mana compulsiva de muy chica, por lo que siento que la forma de hacer m\u00fasica nueva en este mundo es el reciclaje. No estoy haciendo nada nuevo, saco cosas, meto a la juguera, y sale algo que es s\u00f3lo m\u00edo y que interpreto yo, entonces, no creo que est\u00e9 copiando\u2026 creo que yo eleg\u00ed que mi m\u00fasica tuviera hoy una est\u00e9tica electr\u00f3nica porque estoy convencida de que estos mensajes deben quedarse para el futuro, as\u00ed como lo hizo mi abuela, mi madre. Hay algo que tiene que ver con nuestra postura pol\u00edtica respecto a mi ancestralidad, yo no me puedo decir \u201ccantora mapuche\u201d sin ligarme a los sucesos que acontecen en la realidad. Y yo lo hago a trav\u00e9s de la m\u00fasica como recurso. Entonces, la electr\u00f3nica porque siento que es la m\u00fasica que va a quedar y con eso se puede jugar y complementar. La m\u00fasica es un solo veh\u00edculo para comunicar, as\u00ed que lo hice pensando en eso: me gusta lo electr\u00f3nico y mantenerlo fresco, que en 10 a\u00f1os m\u00e1s, suene como algo actual.<\/p>\n\n\n\n<p><strong>Reci\u00e9n comentaste acerca de c\u00f3mo complementar las presentaciones musicales. El pr\u00f3ximo 23 de junio en tu presentaci\u00f3n se incluir\u00e1n artes esc\u00e9nicas, como el circo, performance y danza. H\u00e1blanos un poco de esta propuesta.<\/strong><\/p>\n\n\n\n<p>&#8211; Es s\u00faper natural c\u00f3mo lleg\u00f3 a mi vida c\u00f3mo se dio esta posibilidad. Desde que llegu\u00e9 a Valpara\u00edso he conocido chicas que hacen telas o danza con fuego y me escrib\u00edan al presentarme, buscando colaborar, lo que me llamaba la atenci\u00f3n. Despu\u00e9s entr\u00e9 en una relaci\u00f3n con alguien tambi\u00e9n del mundo del circo, por lo que la vida me lo puso en la cara. Y sent\u00ed que tambi\u00e9n es algo pol\u00edtico del territorio, ac\u00e1 est\u00e1 ligada la m\u00fasica al circo desde que el puerto existe. Lo que ocurrir\u00e1 en mi concierto del d\u00eda 23 es el producto de esas juntas, esas colaboraciones con quienes les hizo sentido esta posibilidad, y as\u00ed tambi\u00e9n aunar fuerzas para tener trabajo. Siento que la m\u00fasica y el trabajo se potencian en escena y se pueden hacer cosas hermosas, enalteciendo nuestro propio arte.<\/p>\n\n\n\n<p><strong>Me interesa conocer, desde tu experiencia, \u00bfc\u00f3mo describir\u00edas el rol \u201cpol\u00edtico\u201d de ser trabajadora de la m\u00fasica?<\/strong><\/p>\n\n\n\n<p>&#8211; Uy. No creo que sean cosas que se pueden separar. No podr\u00eda trabajar de una realidad que no es la m\u00eda, puedo escribir de mi historia, que tiene que ver con un linaje femenino de mujeres mapuche que han sido parte de un proceso de desplazamiento territorial que es s\u00faper pol\u00edtico, vivir ac\u00e1 lo es, sacar adelante una producci\u00f3n de esta envergadura sin plata es s\u00faper pol\u00edtico y as\u00ed a todos en el rubro les pasa. Yo eleg\u00ed el arte para ser mi v\u00eda pol\u00edtica y me ha llegado a lugares que yo ni siquiera entiendo, pero s\u00ed los contemplo. As\u00ed tambi\u00e9n el ser madre, cuidadora, l\u00edder, m\u00fasica\u2026 todo tiene un sentido s\u00faper pol\u00edtico que no se puede separar.<\/p>\n\n\n\n<p><strong>Quer\u00eda saber m\u00e1s en profundidad tu mirada del territorio, \u00bfc\u00f3mo vives el puerto y a esta Regi\u00f3n de Valpara\u00edso?<\/strong><\/p>\n\n\n\n<p>&#8211; Empec\u00e9 a vincularme con Valpara\u00edso desde el 2006, sin a\u00fan vivir ac\u00e1. Ah\u00ed fui conociendo gente en el camino que me trajeron a Valpara\u00edso, a trav\u00e9s del trabajo, de la m\u00fasica, del amor. Empec\u00e9 a hacer redes desde entonces, as\u00ed que cuando llegu\u00e9 hace cinco a\u00f1os a vivir, igual tengo que hacer el proceso de hacer estas redes y eso se ha ido dando reci\u00e9n en el \u00faltimo tiempo, consecuencia de habitar en el territorio. Entonces sigo viendo a Valpara\u00edso desde una ventana, no me siento porte\u00f1a a\u00fan, pero agradezco haberme ido de Santiago y vivir estos otros c\u00f3digos y dimensiones a escala humana que sigo aprendiendo. A\u00fan me siento en proceso, pero eleg\u00ed esta ciudad para ser mi punto fijo.<\/p>\n\n\n\n<p><strong>Carmen, cu\u00e9ntame, \u00bfqu\u00e9 has escuchado \u00faltimamente que te llame la atenci\u00f3n?<\/strong><\/p>\n\n\n\n<p>&#8211; Muchas cosas todo el tiempo. La verdad es que estoy escuchando mucho trap y reggaeton chileno y puertorrique\u00f1o, pero porque soy mel\u00f3mana y voy buscando y escuchando efectos, programas, ideas musicales.&nbsp; Estoy cachando que los sonidos de los productores muy j\u00f3venes chilenos, est\u00e1n rompi\u00e9ndola y eso hay que observar, ya que hay grandes colaboraciones y est\u00e1 interesante. Tambi\u00e9n escucho mezclas, mixtapes, productores.&nbsp;<\/p>\n\n\n\n<p>Carmen Lienqueo lleva a\u00f1os de trayectoria como int\u00e9rprete y m\u00fasica, lo que la ha llevado a participar en diversos proyectos musicales hasta su momento actual, con su proyecto solista que lleva a\u00f1os desarrollando. El pr\u00f3ximo 23 de junio se presentar\u00e1 en el parque Cultural de Valpara\u00edso, donde estrenar\u00e1 \u201cEl hilo de mi destino\u201d, tema reversionado donde adem\u00e1s de su sonido ra\u00edz experimenta m\u00e1s profundamente con la electr\u00f3nica, acerc\u00e1ndose a una nueva sonoridad.<\/p>\n\n\n\n<p>Conoce m\u00e1s acerca de su carrera y momento actual:<\/p>\n\n\n\n<p><strong>\u00bfC\u00f3mo describir\u00edas tu relaci\u00f3n con la m\u00fasica y c\u00f3mo se ha ido dando en tu vida?<\/strong><\/p>\n\n\n\n<p>&#8211; Mi relaci\u00f3n con la m\u00fasica es muy natural. No tengo un momento en el que haya empezado en m\u00ed. Tengo el recuerdo de muy chica saber que iba a ser m\u00fasica, porque mi padre es m\u00fasico y cuando tocaba lo acompa\u00f1aba, me sub\u00eda al escenario con \u00e9l. Mi mam\u00e1 siempre me dijo que me dedicar\u00eda a esto, pero nunca lo plane\u00e9. Simplemente me puse a escribir y la consecuencia fue que no par\u00e9 m\u00e1s de hacerlo. En el camino he conocido a mucha gente talentosa, yo no estudi\u00e9 m\u00fasica en ninguna academia, por lo que quienes me han ense\u00f1ado han sido colegas y artistas en general, que es muy de comunidad hacer esto. Cuando se es artista y no se tienen recursos o una plataforma que te pueda sustentar, solo apelas a las redes humanas y a la virtud de querer hacer las cosas, que sacar la m\u00fasica sea lo m\u00e1s importante. Vuelvo a ese principio siempre.<\/p>\n\n\n\n<p><strong>Finalmente en las distintas partes de la escena art\u00edstica, la colaboraci\u00f3n es siempre un elemento que sale a relucir. \u00bfC\u00f3mo se da para ti en tu experiencia?<\/strong><\/p>\n\n\n\n<p>&#8211; En algunos casos s\u00ed se da naturalmente, adem\u00e1s soy muy mel\u00f3mana, por lo que siempre estoy escuchando sonidos nuevos, productores nuevos y tengo la suerte de tener relaciones con gente virtuosa en ese mundo, por lo que siempre hay propuestas. Hay cosas que quedan ah\u00ed, pero la mayor\u00eda de las veces las colaboraciones suceden y as\u00ed es que tengo la mayor\u00eda de mis temas arriba, gracias a un cruce humano natural que tenga a la m\u00fasica de nuevo como lo m\u00e1s importante, tiene que salir, emana sola. De eso mismo sali\u00f3 el tema de ahora, con el sello que estoy trabajando (potoco discos). Todo, repito, se ha dado de manera muy natural.<\/p>\n\n\n\n<p><strong>Cu\u00e9ntame un poco m\u00e1s acerca de las partes de tu proceso creativo, \u00bfes esto colaborativo o m\u00e1s solitario? Tomando en cuenta lo que est\u00e1bamos hablando.<\/strong><\/p>\n\n\n\n<p>&#8211; Generalmente trato de que sea la menor cantidad de cabezas trabajando posible, antes trabajaba mucho en colectivo, con mucha gente. Es un gran desaf\u00edo. Yo vengo de esa escuela y ahora que estoy sola, como soy cabrona con mis ideas musicales, trato de compartirlas solo cuando estoy s\u00faper segura de que est\u00e1n listas y ah\u00ed reci\u00e9n se lo presento a otro colega para maquillar, peinar, arreglar la canci\u00f3n pero cuando ya sali\u00f3 de m\u00ed.<\/p>\n\n\n\n<p>Hay que tener claro lo que una quiere decir, buscando al colega que te ayuda a potenciarla. La canci\u00f3n est\u00e1, suena as\u00ed y yo elijo con qui\u00e9n la trabajo para lograr el resultado esperado. Eso tiene que ver con la experiencia, por supuesto, ocupando recursos para que lo que hacemos se escuche nuevo y fresco, que es el sello que tengo, que la m\u00fasica est\u00e1 hecha con cari\u00f1o.&nbsp;<\/p>\n\n\n\n<p><strong>\u00bfC\u00f3mo se siente llegar al punto de seguridad con tu propia creaci\u00f3n? De tener m\u00e1s claro lo que eres y quieres comunicar, c\u00f3mo quieres sonar.<\/strong><\/p>\n\n\n\n<p>&#8211; He trabajado en un mundo de hombres toda la vida y siempre mi criterio musical ha tenido que pasar por diversos filtros, durante a\u00f1os estuve dudando y ahora ya no me importa, yo uso lo que quiero en mi canci\u00f3n. A eso me refiero con ser \u201ccabrona\u201d, a tener la posibilidad de defender tus ideas hasta las \u00faltimas consecuencias, no por ego, sino porque s\u00e9 muy bien lo que estoy haciendo, ya que se trata de mi sonido, mi historia, mi canci\u00f3n. He aprendido que si no me gusta lo que est\u00e1 resultando, puedo parar y buscar a quien me ayude a buscar el resultado que quiero. Me refiero a ser segura y estar convencida de lo que quieres mostrar. Defender mi creaci\u00f3n.<\/p>\n\n\n\n<p><strong>En tus palabras, \u00bfbuscas transmitir algo con tu m\u00fasica?<\/strong><\/p>\n\n\n\n<p>&#8211; Nunca he pretendido que la gente se lleve algo espec\u00edfico de m\u00ed, sino que soy una antena comunicadora de mensajes, que incluso son m\u00e1s antiguos que yo y que todos nosotros. Suena muy hippie, pero me siento prestando el cuerpo no m\u00e1s. No busco algo premeditado. Creo que si se emociona la gente al escucharme, aunque sea un milisegundo, mi pega est\u00e1 hecha. Es una b\u00fasqueda nada m\u00e1s que conmigo, estar conforme con la m\u00fasica que sale de m\u00ed. Tiene muchas consecuencias, una de las m\u00e1s bonitas es que la gente me diga que le pas\u00f3 algo con una canci\u00f3n m\u00eda, que le acompa\u00f1\u00f3, es lo m\u00e1s hermoso y no lo busco, pero ocurre. Siento un compromiso con mi oficio, que defiendo con todas las consecuencias que tambi\u00e9n pueda tener.<\/p>\n\n\n\n<p><strong>En torno a lo mismo, \u00bfparticipas en colectividades? Me imagino que es una uni\u00f3n necesaria para gestionar algunas tem\u00e1ticas.<\/strong><\/p>\n\n\n\n<p>&#8211; S\u00ed, estoy articulada con la gente de MUS.A y tambi\u00e9n en el Sindicato de M\u00fasicos Callejeros, dos realidades del m\u00fasico porte\u00f1o. Yo vivo ac\u00e1 hace cinco a\u00f1os y todav\u00eda me siento observando desde afuera c\u00f3mo es el porte\u00f1o y saco de eso muchas reflexiones, sobre todo en c\u00f3mo uno administra la m\u00fasica y la creaci\u00f3n que sale. Ac\u00e1 los colegas estamos sobreviviendo, nos pisamos la cola tocando en la calle, lo que es s\u00faper valiente. Esta ciudad se mantiene con sus t\u00edtulos, como Ciudad Creativa de la M\u00fasica, sin embargo los artistas estamos muy abandonados. No es para llorar, sino para contemplar otras realidades que existen, por ejemplo en el caso de Melisa Johnson, quien en su manera de trabajar demuestra el tesoro de Valpara\u00edso con sus artistas, donde la m\u00fasica y la creaci\u00f3n aflora independiente de las condiciones adversas, mucho de eso relacionado a lo de las colaboraciones que habl\u00e1bamos antes, sosteniendo carreras musicales a puro pulso.<\/p>\n\n\n\n<p><strong>Sobre tu nueva propuesta, \u201cEl hilo de mi destino\u201d, cu\u00e9ntanos un poco m\u00e1s sobre los elementos electr\u00f3nicos que hoy incorporas m\u00e1s fuertemente a tu sonido.<\/strong><\/p>\n\n\n\n<p>&#8211; Creo que es una decisi\u00f3n est\u00e9tica y art\u00edstica, ya que siempre se me ha catalogado muy en lo ancestral por mis ra\u00edces y ya que en mi disco duro musical hay mucho folclore, recursos que utilizo al componer, pero adem\u00e1s soy mel\u00f3mana compulsiva de muy chica, por lo que siento que la forma de hacer m\u00fasica nueva en este mundo es el reciclaje. No estoy haciendo nada nuevo, saco cosas, meto a la juguera, y sale algo que es s\u00f3lo m\u00edo y que interpreto yo, entonces, no creo que est\u00e9 copiando\u2026 creo que yo eleg\u00ed que mi m\u00fasica tuviera hoy una est\u00e9tica electr\u00f3nica porque estoy convencida de que estos mensajes deben quedarse para el futuro, as\u00ed como lo hizo mi abuela, mi madre. Hay algo que tiene que ver con nuestra postura pol\u00edtica respecto a mi ancestralidad, yo no me puedo decir \u201ccantora mapuche\u201d sin ligarme a los sucesos que acontecen en la realidad. Y yo lo hago a trav\u00e9s de la m\u00fasica como recurso. Entonces, la electr\u00f3nica porque siento que es la m\u00fasica que va a quedar y con eso se puede jugar y complementar. La m\u00fasica es un solo veh\u00edculo para comunicar, as\u00ed que lo hice pensando en eso: me gusta lo electr\u00f3nico y mantenerlo fresco, que en 10 a\u00f1os m\u00e1s, suene como algo actual.<\/p>\n\n\n\n<p><strong>Reci\u00e9n comentaste acerca de c\u00f3mo complementar las presentaciones musicales. El pr\u00f3ximo 23 de junio en tu presentaci\u00f3n se incluir\u00e1n artes esc\u00e9nicas, como el circo, performance y danza. H\u00e1blanos un poco de esta propuesta.<\/strong><\/p>\n\n\n\n<p>&#8211; Es s\u00faper natural c\u00f3mo lleg\u00f3 a mi vida c\u00f3mo se dio esta posibilidad. Desde que llegu\u00e9 a Valpara\u00edso he conocido chicas que hacen telas o danza con fuego y me escrib\u00edan al presentarme, buscando colaborar, lo que me llamaba la atenci\u00f3n. Despu\u00e9s entr\u00e9 en una relaci\u00f3n con alguien tambi\u00e9n del mundo del circo, por lo que la vida me lo puso en la cara. Y sent\u00ed que tambi\u00e9n es algo pol\u00edtico del territorio, ac\u00e1 est\u00e1 ligada la m\u00fasica al circo desde que el puerto existe. Lo que ocurrir\u00e1 en mi concierto del d\u00eda 23 es el producto de esas juntas, esas colaboraciones con quienes les hizo sentido esta posibilidad, y as\u00ed tambi\u00e9n aunar fuerzas para tener trabajo. Siento que la m\u00fasica y el trabajo se potencian en escena y se pueden hacer cosas hermosas, enalteciendo nuestro propio arte.<\/p>\n\n\n\n<p><strong>Me interesa conocer, desde tu experiencia, \u00bfc\u00f3mo describir\u00edas el rol \u201cpol\u00edtico\u201d de ser trabajadora de la m\u00fasica?<\/strong><\/p>\n\n\n\n<p>&#8211; Uy. No creo que sean cosas que se pueden separar. No podr\u00eda trabajar de una realidad que no es la m\u00eda, puedo escribir de mi historia, que tiene que ver con un linaje femenino de mujeres mapuche que han sido parte de un proceso de desplazamiento territorial que es s\u00faper pol\u00edtico, vivir ac\u00e1 lo es, sacar adelante una producci\u00f3n de esta envergadura sin plata es s\u00faper pol\u00edtico y as\u00ed a todos en el rubro les pasa. Yo eleg\u00ed el arte para ser mi v\u00eda pol\u00edtica y me ha llegado a lugares que yo ni siquiera entiendo, pero s\u00ed los contemplo. As\u00ed tambi\u00e9n el ser madre, cuidadora, l\u00edder, m\u00fasica\u2026 todo tiene un sentido s\u00faper pol\u00edtico que no se puede separar.<\/p>\n\n\n\n<p><strong>Quer\u00eda saber m\u00e1s en profundidad tu mirada del territorio, \u00bfc\u00f3mo vives el puerto y a esta Regi\u00f3n de Valpara\u00edso?<\/strong><\/p>\n\n\n\n<p>&#8211; Empec\u00e9 a vincularme con Valpara\u00edso desde el 2006, sin a\u00fan vivir ac\u00e1. Ah\u00ed fui conociendo gente en el camino que me trajeron a Valpara\u00edso, a trav\u00e9s del trabajo, de la m\u00fasica, del amor. Empec\u00e9 a hacer redes desde entonces, as\u00ed que cuando llegu\u00e9 hace cinco a\u00f1os a vivir, igual tengo que hacer el proceso de hacer estas redes y eso se ha ido dando reci\u00e9n en el \u00faltimo tiempo, consecuencia de habitar en el territorio. Entonces sigo viendo a Valpara\u00edso desde una ventana, no me siento porte\u00f1a a\u00fan, pero agradezco haberme ido de Santiago y vivir estos otros c\u00f3digos y dimensiones a escala humana que sigo aprendiendo. A\u00fan me siento en proceso, pero eleg\u00ed esta ciudad para ser mi punto fijo.<\/p>\n\n\n\n<p><strong>Carmen, cu\u00e9ntame, \u00bfqu\u00e9 has escuchado \u00faltimamente que te llame la atenci\u00f3n?<\/strong><\/p>\n\n\n\n<p>&#8211; Muchas cosas todo el tiempo. La verdad es que estoy escuchando mucho trap y reggaeton chileno y puertorrique\u00f1o, pero porque soy mel\u00f3mana y voy buscando y escuchando efectos, programas, ideas musicales.&nbsp; Estoy cachando que los sonidos de los productores muy j\u00f3venes chilenos, est\u00e1n rompi\u00e9ndola y eso hay que observar, ya que hay grandes colaboraciones y est\u00e1 interesante. Tambi\u00e9n escucho mezclas, mixtapes, productores.&nbsp;<\/p>\n\n\n\n<figure class=\"wp-block-image size-large\"><img fetchpriority=\"high\" decoding=\"async\" width=\"819\" height=\"1024\" src=\"https:\/\/www.valparaisocreativo.cl\/wp-content\/uploads\/2024\/06\/unnamed-819x1024.png\" alt=\"\" class=\"wp-image-19349\" srcset=\"https:\/\/dev.antudigital.cl\/sites\/vc\/wp-content\/uploads\/2024\/06\/unnamed-819x1024.png 819w, https:\/\/dev.antudigital.cl\/sites\/vc\/wp-content\/uploads\/2024\/06\/unnamed-240x300.png 240w, https:\/\/dev.antudigital.cl\/sites\/vc\/wp-content\/uploads\/2024\/06\/unnamed-768x960.png 768w, https:\/\/dev.antudigital.cl\/sites\/vc\/wp-content\/uploads\/2024\/06\/unnamed-980x1225.png 980w, https:\/\/dev.antudigital.cl\/sites\/vc\/wp-content\/uploads\/2024\/06\/unnamed-480x600.png 480w, https:\/\/dev.antudigital.cl\/sites\/vc\/wp-content\/uploads\/2024\/06\/unnamed-19x24.png 19w, https:\/\/dev.antudigital.cl\/sites\/vc\/wp-content\/uploads\/2024\/06\/unnamed-29x36.png 29w, https:\/\/dev.antudigital.cl\/sites\/vc\/wp-content\/uploads\/2024\/06\/unnamed-38x48.png 38w, https:\/\/dev.antudigital.cl\/sites\/vc\/wp-content\/uploads\/2024\/06\/unnamed.png 1080w\" sizes=\"(max-width: 819px) 100vw, 819px\" \/><\/figure>\n","protected":false},"excerpt":{"rendered":"<p>Carmen Lienqueo ha desarrollado una notable trayectoria como int\u00e9rprete y m\u00fasica, participando en diversos proyectos hasta llegar a su actual etapa como solista. El pr\u00f3ximo 23 de junio, se presentar\u00e1 en el Parque Cultural de Valpara\u00edso, donde estrenar\u00e1 \u201cEl hilo de mi destino\u201d, una versi\u00f3n renovada de un tema en el que fusiona su sonido [&hellip;]<\/p>\n","protected":false},"author":1,"featured_media":19348,"comment_status":"closed","ping_status":"closed","sticky":false,"template":"","format":"standard","meta":{"_acf_changed":false,"footnotes":""},"categories":[218],"tags":[],"class_list":["post-19347","post","type-post","status-publish","format-standard","has-post-thumbnail","hentry","category-blog"],"acf":[],"yoast_head":"<!-- This site is optimized with the Yoast SEO plugin v27.1.1 - https:\/\/yoast.com\/product\/yoast-seo-wordpress\/ -->\n<title>Ser un canal para la m\u00fasica: entrevista a Carmen Lienqueo - Valpara\u00ed\u00adso Creativo<\/title>\n<meta name=\"robots\" content=\"index, follow, max-snippet:-1, max-image-preview:large, max-video-preview:-1\" \/>\n<link rel=\"canonical\" href=\"https:\/\/dev.antudigital.cl\/sites\/vc\/ser-un-canal-para-la-musica-entrevista-a-carmen-lienqueo\/\" \/>\n<meta property=\"og:locale\" content=\"es_ES\" \/>\n<meta property=\"og:type\" content=\"article\" \/>\n<meta property=\"og:title\" content=\"Ser un canal para la m\u00fasica: entrevista a Carmen Lienqueo - Valpara\u00ed\u00adso Creativo\" \/>\n<meta property=\"og:description\" content=\"Carmen Lienqueo ha desarrollado una notable trayectoria como int\u00e9rprete y m\u00fasica, participando en diversos proyectos hasta llegar a su actual etapa como solista. El pr\u00f3ximo 23 de junio, se presentar\u00e1 en el Parque Cultural de Valpara\u00edso, donde estrenar\u00e1 \u201cEl hilo de mi destino\u201d, una versi\u00f3n renovada de un tema en el que fusiona su sonido [&hellip;]\" \/>\n<meta property=\"og:url\" content=\"https:\/\/dev.antudigital.cl\/sites\/vc\/ser-un-canal-para-la-musica-entrevista-a-carmen-lienqueo\/\" \/>\n<meta property=\"og:site_name\" content=\"Valpara\u00ed\u00adso Creativo\" \/>\n<meta property=\"article:published_time\" content=\"2024-06-10T22:01:33+00:00\" \/>\n<meta property=\"article:modified_time\" content=\"2024-06-10T23:09:33+00:00\" \/>\n<meta property=\"og:image\" content=\"https:\/\/dev.antudigital.cl\/sites\/vc\/wp-content\/uploads\/2024\/06\/Carmen-Lienqueo-1024x768.png\" \/>\n\t<meta property=\"og:image:width\" content=\"1024\" \/>\n\t<meta property=\"og:image:height\" content=\"768\" \/>\n\t<meta property=\"og:image:type\" content=\"image\/png\" \/>\n<meta name=\"author\" content=\"Valpara\u00edso Creativo\" \/>\n<meta name=\"twitter:card\" content=\"summary_large_image\" \/>\n<meta name=\"twitter:label1\" content=\"Escrito por\" \/>\n\t<meta name=\"twitter:data1\" content=\"Valpara\u00edso Creativo\" \/>\n\t<meta name=\"twitter:label2\" content=\"Tiempo de lectura\" \/>\n\t<meta name=\"twitter:data2\" content=\"17 minutos\" \/>\n<script type=\"application\/ld+json\" class=\"yoast-schema-graph\">{\"@context\":\"https:\/\/schema.org\",\"@graph\":[{\"@type\":\"Article\",\"@id\":\"https:\/\/dev.antudigital.cl\/sites\/vc\/ser-un-canal-para-la-musica-entrevista-a-carmen-lienqueo\/#article\",\"isPartOf\":{\"@id\":\"https:\/\/dev.antudigital.cl\/sites\/vc\/ser-un-canal-para-la-musica-entrevista-a-carmen-lienqueo\/\"},\"author\":{\"name\":\"Valpara\u00edso Creativo\",\"@id\":\"https:\/\/dev.antudigital.cl\/sites\/vc\/#\/schema\/person\/c2b9da8dd545e27166fc5ab232837318\"},\"headline\":\"Ser un canal para la m\u00fasica: entrevista a Carmen Lienqueo\",\"datePublished\":\"2024-06-10T22:01:33+00:00\",\"dateModified\":\"2024-06-10T23:09:33+00:00\",\"mainEntityOfPage\":{\"@id\":\"https:\/\/dev.antudigital.cl\/sites\/vc\/ser-un-canal-para-la-musica-entrevista-a-carmen-lienqueo\/\"},\"wordCount\":3952,\"image\":{\"@id\":\"https:\/\/dev.antudigital.cl\/sites\/vc\/ser-un-canal-para-la-musica-entrevista-a-carmen-lienqueo\/#primaryimage\"},\"thumbnailUrl\":\"https:\/\/dev.antudigital.cl\/sites\/vc\/wp-content\/uploads\/2024\/06\/Carmen-Lienqueo.png\",\"articleSection\":[\"Blog\"],\"inLanguage\":\"es\"},{\"@type\":\"WebPage\",\"@id\":\"https:\/\/dev.antudigital.cl\/sites\/vc\/ser-un-canal-para-la-musica-entrevista-a-carmen-lienqueo\/\",\"url\":\"https:\/\/dev.antudigital.cl\/sites\/vc\/ser-un-canal-para-la-musica-entrevista-a-carmen-lienqueo\/\",\"name\":\"Ser un canal para la m\u00fasica: entrevista a Carmen Lienqueo - Valpara\u00ed\u00adso Creativo\",\"isPartOf\":{\"@id\":\"https:\/\/dev.antudigital.cl\/sites\/vc\/#website\"},\"primaryImageOfPage\":{\"@id\":\"https:\/\/dev.antudigital.cl\/sites\/vc\/ser-un-canal-para-la-musica-entrevista-a-carmen-lienqueo\/#primaryimage\"},\"image\":{\"@id\":\"https:\/\/dev.antudigital.cl\/sites\/vc\/ser-un-canal-para-la-musica-entrevista-a-carmen-lienqueo\/#primaryimage\"},\"thumbnailUrl\":\"https:\/\/dev.antudigital.cl\/sites\/vc\/wp-content\/uploads\/2024\/06\/Carmen-Lienqueo.png\",\"datePublished\":\"2024-06-10T22:01:33+00:00\",\"dateModified\":\"2024-06-10T23:09:33+00:00\",\"author\":{\"@id\":\"https:\/\/dev.antudigital.cl\/sites\/vc\/#\/schema\/person\/c2b9da8dd545e27166fc5ab232837318\"},\"breadcrumb\":{\"@id\":\"https:\/\/dev.antudigital.cl\/sites\/vc\/ser-un-canal-para-la-musica-entrevista-a-carmen-lienqueo\/#breadcrumb\"},\"inLanguage\":\"es\",\"potentialAction\":[{\"@type\":\"ReadAction\",\"target\":[\"https:\/\/dev.antudigital.cl\/sites\/vc\/ser-un-canal-para-la-musica-entrevista-a-carmen-lienqueo\/\"]}]},{\"@type\":\"ImageObject\",\"inLanguage\":\"es\",\"@id\":\"https:\/\/dev.antudigital.cl\/sites\/vc\/ser-un-canal-para-la-musica-entrevista-a-carmen-lienqueo\/#primaryimage\",\"url\":\"https:\/\/dev.antudigital.cl\/sites\/vc\/wp-content\/uploads\/2024\/06\/Carmen-Lienqueo.png\",\"contentUrl\":\"https:\/\/dev.antudigital.cl\/sites\/vc\/wp-content\/uploads\/2024\/06\/Carmen-Lienqueo.png\",\"width\":2074,\"height\":1556},{\"@type\":\"BreadcrumbList\",\"@id\":\"https:\/\/dev.antudigital.cl\/sites\/vc\/ser-un-canal-para-la-musica-entrevista-a-carmen-lienqueo\/#breadcrumb\",\"itemListElement\":[{\"@type\":\"ListItem\",\"position\":1,\"name\":\"Home\",\"item\":\"https:\/\/dev.antudigital.cl\/sites\/vc\/\"},{\"@type\":\"ListItem\",\"position\":2,\"name\":\"Ser un canal para la m\u00fasica: entrevista a Carmen Lienqueo\"}]},{\"@type\":\"WebSite\",\"@id\":\"https:\/\/dev.antudigital.cl\/sites\/vc\/#website\",\"url\":\"https:\/\/dev.antudigital.cl\/sites\/vc\/\",\"name\":\"Valpara\u00ed\u00adso Creativo\",\"description\":\"\",\"potentialAction\":[{\"@type\":\"SearchAction\",\"target\":{\"@type\":\"EntryPoint\",\"urlTemplate\":\"https:\/\/dev.antudigital.cl\/sites\/vc\/?s={search_term_string}\"},\"query-input\":{\"@type\":\"PropertyValueSpecification\",\"valueRequired\":true,\"valueName\":\"search_term_string\"}}],\"inLanguage\":\"es\"},{\"@type\":\"Person\",\"@id\":\"https:\/\/dev.antudigital.cl\/sites\/vc\/#\/schema\/person\/c2b9da8dd545e27166fc5ab232837318\",\"name\":\"Valpara\u00edso Creativo\",\"description\":\"Periodista de cultura en la Regi\u00f3n de Valpara\u00edso.\",\"url\":\"https:\/\/dev.antudigital.cl\/sites\/vc\/author\/valpoadmin\/\"}]}<\/script>\n<!-- \/ Yoast SEO plugin. -->","yoast_head_json":{"title":"Ser un canal para la m\u00fasica: entrevista a Carmen Lienqueo - Valpara\u00ed\u00adso Creativo","robots":{"index":"index","follow":"follow","max-snippet":"max-snippet:-1","max-image-preview":"max-image-preview:large","max-video-preview":"max-video-preview:-1"},"canonical":"https:\/\/dev.antudigital.cl\/sites\/vc\/ser-un-canal-para-la-musica-entrevista-a-carmen-lienqueo\/","og_locale":"es_ES","og_type":"article","og_title":"Ser un canal para la m\u00fasica: entrevista a Carmen Lienqueo - Valpara\u00ed\u00adso Creativo","og_description":"Carmen Lienqueo ha desarrollado una notable trayectoria como int\u00e9rprete y m\u00fasica, participando en diversos proyectos hasta llegar a su actual etapa como solista. El pr\u00f3ximo 23 de junio, se presentar\u00e1 en el Parque Cultural de Valpara\u00edso, donde estrenar\u00e1 \u201cEl hilo de mi destino\u201d, una versi\u00f3n renovada de un tema en el que fusiona su sonido [&hellip;]","og_url":"https:\/\/dev.antudigital.cl\/sites\/vc\/ser-un-canal-para-la-musica-entrevista-a-carmen-lienqueo\/","og_site_name":"Valpara\u00ed\u00adso Creativo","article_published_time":"2024-06-10T22:01:33+00:00","article_modified_time":"2024-06-10T23:09:33+00:00","og_image":[{"width":1024,"height":768,"url":"https:\/\/dev.antudigital.cl\/sites\/vc\/wp-content\/uploads\/2024\/06\/Carmen-Lienqueo-1024x768.png","type":"image\/png"}],"author":"Valpara\u00edso Creativo","twitter_card":"summary_large_image","twitter_misc":{"Escrito por":"Valpara\u00edso Creativo","Tiempo de lectura":"17 minutos"},"schema":{"@context":"https:\/\/schema.org","@graph":[{"@type":"Article","@id":"https:\/\/dev.antudigital.cl\/sites\/vc\/ser-un-canal-para-la-musica-entrevista-a-carmen-lienqueo\/#article","isPartOf":{"@id":"https:\/\/dev.antudigital.cl\/sites\/vc\/ser-un-canal-para-la-musica-entrevista-a-carmen-lienqueo\/"},"author":{"name":"Valpara\u00edso Creativo","@id":"https:\/\/dev.antudigital.cl\/sites\/vc\/#\/schema\/person\/c2b9da8dd545e27166fc5ab232837318"},"headline":"Ser un canal para la m\u00fasica: entrevista a Carmen Lienqueo","datePublished":"2024-06-10T22:01:33+00:00","dateModified":"2024-06-10T23:09:33+00:00","mainEntityOfPage":{"@id":"https:\/\/dev.antudigital.cl\/sites\/vc\/ser-un-canal-para-la-musica-entrevista-a-carmen-lienqueo\/"},"wordCount":3952,"image":{"@id":"https:\/\/dev.antudigital.cl\/sites\/vc\/ser-un-canal-para-la-musica-entrevista-a-carmen-lienqueo\/#primaryimage"},"thumbnailUrl":"https:\/\/dev.antudigital.cl\/sites\/vc\/wp-content\/uploads\/2024\/06\/Carmen-Lienqueo.png","articleSection":["Blog"],"inLanguage":"es"},{"@type":"WebPage","@id":"https:\/\/dev.antudigital.cl\/sites\/vc\/ser-un-canal-para-la-musica-entrevista-a-carmen-lienqueo\/","url":"https:\/\/dev.antudigital.cl\/sites\/vc\/ser-un-canal-para-la-musica-entrevista-a-carmen-lienqueo\/","name":"Ser un canal para la m\u00fasica: entrevista a Carmen Lienqueo - Valpara\u00ed\u00adso Creativo","isPartOf":{"@id":"https:\/\/dev.antudigital.cl\/sites\/vc\/#website"},"primaryImageOfPage":{"@id":"https:\/\/dev.antudigital.cl\/sites\/vc\/ser-un-canal-para-la-musica-entrevista-a-carmen-lienqueo\/#primaryimage"},"image":{"@id":"https:\/\/dev.antudigital.cl\/sites\/vc\/ser-un-canal-para-la-musica-entrevista-a-carmen-lienqueo\/#primaryimage"},"thumbnailUrl":"https:\/\/dev.antudigital.cl\/sites\/vc\/wp-content\/uploads\/2024\/06\/Carmen-Lienqueo.png","datePublished":"2024-06-10T22:01:33+00:00","dateModified":"2024-06-10T23:09:33+00:00","author":{"@id":"https:\/\/dev.antudigital.cl\/sites\/vc\/#\/schema\/person\/c2b9da8dd545e27166fc5ab232837318"},"breadcrumb":{"@id":"https:\/\/dev.antudigital.cl\/sites\/vc\/ser-un-canal-para-la-musica-entrevista-a-carmen-lienqueo\/#breadcrumb"},"inLanguage":"es","potentialAction":[{"@type":"ReadAction","target":["https:\/\/dev.antudigital.cl\/sites\/vc\/ser-un-canal-para-la-musica-entrevista-a-carmen-lienqueo\/"]}]},{"@type":"ImageObject","inLanguage":"es","@id":"https:\/\/dev.antudigital.cl\/sites\/vc\/ser-un-canal-para-la-musica-entrevista-a-carmen-lienqueo\/#primaryimage","url":"https:\/\/dev.antudigital.cl\/sites\/vc\/wp-content\/uploads\/2024\/06\/Carmen-Lienqueo.png","contentUrl":"https:\/\/dev.antudigital.cl\/sites\/vc\/wp-content\/uploads\/2024\/06\/Carmen-Lienqueo.png","width":2074,"height":1556},{"@type":"BreadcrumbList","@id":"https:\/\/dev.antudigital.cl\/sites\/vc\/ser-un-canal-para-la-musica-entrevista-a-carmen-lienqueo\/#breadcrumb","itemListElement":[{"@type":"ListItem","position":1,"name":"Home","item":"https:\/\/dev.antudigital.cl\/sites\/vc\/"},{"@type":"ListItem","position":2,"name":"Ser un canal para la m\u00fasica: entrevista a Carmen Lienqueo"}]},{"@type":"WebSite","@id":"https:\/\/dev.antudigital.cl\/sites\/vc\/#website","url":"https:\/\/dev.antudigital.cl\/sites\/vc\/","name":"Valpara\u00ed\u00adso Creativo","description":"","potentialAction":[{"@type":"SearchAction","target":{"@type":"EntryPoint","urlTemplate":"https:\/\/dev.antudigital.cl\/sites\/vc\/?s={search_term_string}"},"query-input":{"@type":"PropertyValueSpecification","valueRequired":true,"valueName":"search_term_string"}}],"inLanguage":"es"},{"@type":"Person","@id":"https:\/\/dev.antudigital.cl\/sites\/vc\/#\/schema\/person\/c2b9da8dd545e27166fc5ab232837318","name":"Valpara\u00edso Creativo","description":"Periodista de cultura en la Regi\u00f3n de Valpara\u00edso.","url":"https:\/\/dev.antudigital.cl\/sites\/vc\/author\/valpoadmin\/"}]}},"_links":{"self":[{"href":"https:\/\/dev.antudigital.cl\/sites\/vc\/wp-json\/wp\/v2\/posts\/19347","targetHints":{"allow":["GET"]}}],"collection":[{"href":"https:\/\/dev.antudigital.cl\/sites\/vc\/wp-json\/wp\/v2\/posts"}],"about":[{"href":"https:\/\/dev.antudigital.cl\/sites\/vc\/wp-json\/wp\/v2\/types\/post"}],"author":[{"embeddable":true,"href":"https:\/\/dev.antudigital.cl\/sites\/vc\/wp-json\/wp\/v2\/users\/1"}],"replies":[{"embeddable":true,"href":"https:\/\/dev.antudigital.cl\/sites\/vc\/wp-json\/wp\/v2\/comments?post=19347"}],"version-history":[{"count":2,"href":"https:\/\/dev.antudigital.cl\/sites\/vc\/wp-json\/wp\/v2\/posts\/19347\/revisions"}],"predecessor-version":[{"id":19357,"href":"https:\/\/dev.antudigital.cl\/sites\/vc\/wp-json\/wp\/v2\/posts\/19347\/revisions\/19357"}],"wp:featuredmedia":[{"embeddable":true,"href":"https:\/\/dev.antudigital.cl\/sites\/vc\/wp-json\/wp\/v2\/media\/19348"}],"wp:attachment":[{"href":"https:\/\/dev.antudigital.cl\/sites\/vc\/wp-json\/wp\/v2\/media?parent=19347"}],"wp:term":[{"taxonomy":"category","embeddable":true,"href":"https:\/\/dev.antudigital.cl\/sites\/vc\/wp-json\/wp\/v2\/categories?post=19347"},{"taxonomy":"post_tag","embeddable":true,"href":"https:\/\/dev.antudigital.cl\/sites\/vc\/wp-json\/wp\/v2\/tags?post=19347"}],"curies":[{"name":"wp","href":"https:\/\/api.w.org\/{rel}","templated":true}]}}