{"id":19351,"date":"2024-06-10T22:06:30","date_gmt":"2024-06-10T22:06:30","guid":{"rendered":"https:\/\/www.valparaisocreativo.cl\/?p=19351"},"modified":"2024-06-10T22:09:22","modified_gmt":"2024-06-10T22:09:22","slug":"instituto-arcos-y-valparaiso-creativo-son-parte-de-los-impulsores-del-tren-turistico-del-recuerdo-de-trenzando","status":"publish","type":"post","link":"https:\/\/dev.antudigital.cl\/sites\/vc\/instituto-arcos-y-valparaiso-creativo-son-parte-de-los-impulsores-del-tren-turistico-del-recuerdo-de-trenzando\/","title":{"rendered":"INSTITUTO ARCOS Y VALPARA\u00cdSO CREATIVO SON PARTE DE LOS IMPULSORES DEL TREN TUR\u00cdSTICO CULTURAL DE TRENZANDO"},"content":{"rendered":"\n\n\n<p>El pasado mi\u00e9rcoles 5 de junio, diversas organizaciones, autoridades y departamentos municipales del territorio se reunieron en la remodelada estaci\u00f3n de trenes de Llay Llay, hacia el interior de la regi\u00f3n de Valpara\u00edso. La raz\u00f3n de la convocatoria fue la revisi\u00f3n de los resultados de pilotaje de la ruta y proyecciones del Tren Tur\u00edstico Cultural, iniciativa impulsada por Trenzando, desde el Comit\u00e9 Gestor de Patrimonio de Valpara\u00edso Creativo.<\/p>\n\n\n\n<p>Desde el impulso de Trenzando, diversas instituciones se han sumado para potenciar este proyecto que busca aportar a la econom\u00eda local de las comunas de Llay Llay, Hijuelas (Ocoa) y Catemu, as\u00ed como Rungue en la regi\u00f3n Metropolitana.<\/p>\n\n\n\n<p>ARCOS act\u00faa en este proyecto como parte del Comit\u00e9 Ejecutivo de Valpara\u00edso Creativo desde el pilotaje de la ruta, hace aproximadamente un mes. Los dem\u00e1s participantes son la Corporaci\u00f3n Regional de Turismo, EFE Valpara\u00edso, la Corporaci\u00f3n Cultural del Tren del Recuerdo y los municipios de Llay llay, Catemu e Hijuelas.<\/p>\n\n\n\n<figure class=\"wp-block-image size-full\"><img fetchpriority=\"high\" decoding=\"async\" width=\"1024\" height=\"575\" src=\"https:\/\/www.valparaisocreativo.cl\/wp-content\/uploads\/2024\/06\/WhatsApp-Image-2024-06-10-at-13.44.35-1.jpeg\" alt=\"\" class=\"wp-image-19353\" srcset=\"https:\/\/dev.antudigital.cl\/sites\/vc\/wp-content\/uploads\/2024\/06\/WhatsApp-Image-2024-06-10-at-13.44.35-1.jpeg 1024w, https:\/\/dev.antudigital.cl\/sites\/vc\/wp-content\/uploads\/2024\/06\/WhatsApp-Image-2024-06-10-at-13.44.35-1-300x168.jpeg 300w, https:\/\/dev.antudigital.cl\/sites\/vc\/wp-content\/uploads\/2024\/06\/WhatsApp-Image-2024-06-10-at-13.44.35-1-768x431.jpeg 768w, https:\/\/dev.antudigital.cl\/sites\/vc\/wp-content\/uploads\/2024\/06\/WhatsApp-Image-2024-06-10-at-13.44.35-1-980x550.jpeg 980w, https:\/\/dev.antudigital.cl\/sites\/vc\/wp-content\/uploads\/2024\/06\/WhatsApp-Image-2024-06-10-at-13.44.35-1-480x270.jpeg 480w, https:\/\/dev.antudigital.cl\/sites\/vc\/wp-content\/uploads\/2024\/06\/WhatsApp-Image-2024-06-10-at-13.44.35-1-24x13.jpeg 24w, https:\/\/dev.antudigital.cl\/sites\/vc\/wp-content\/uploads\/2024\/06\/WhatsApp-Image-2024-06-10-at-13.44.35-1-36x20.jpeg 36w, https:\/\/dev.antudigital.cl\/sites\/vc\/wp-content\/uploads\/2024\/06\/WhatsApp-Image-2024-06-10-at-13.44.35-1-48x27.jpeg 48w\" sizes=\"(max-width: 1024px) 100vw, 1024px\" \/><\/figure>\n\n\n\n<p>Este esfuerzo interinstitucional nace de otro proyecto m\u00e1s grande de Trenzando, quienes desean articular las estaciones ferroviarias para la promoci\u00f3n y difusi\u00f3n de hitos culturales, a trav\u00e9s de generar \u201cEstaciones Creativas\u201d, por as\u00ed decirlo, las que tengan una propuesta de valor desde la Econom\u00eda Creativa.<\/p>\n\n\n\n<p>Mediante esta colaboraci\u00f3n de diversos actores, se podr\u00e1 articular el piloto del tren tur\u00edstico cultural que impulsa la utilizaci\u00f3n de estaciones ferroviarias y apalanca recursos a trav\u00e9s de la venta de boletos de los trenes tur\u00edsticos. La propuesta es no solo tomar el tren para llegar a las estaciones de Llay Llay, Catemu, Ocoa y Rungue, sino que tambi\u00e9n vivir una experiencia con m\u00faltiples atractivos tur\u00edsticos y creativos locales.<\/p>\n\n\n\n<p>A partir de esta creaci\u00f3n de experiencias en base a los cinco pilares establecidos por los lineamientos de Transforma Turismo (CORFO), generando una base para el desarrollo del plan que elabora Trenzando tanto con los actores involucrados como con las comunidades respectivas.<\/p>\n\n\n\n<p>TURISMO GASTRON\u00d3MICO Y CREATIVO: HISTORIA, SUSTENTABILIDAD Y TRADICIONES<\/p>\n\n\n\n<p>El d\u00eda mi\u00e9rcoles se present\u00f3 el resumen del an\u00e1lisis de los seis meses de trabajo en torno a este proyecto, que han sido con diversos sectores del territorio para coordinar el trabajo interinstitucional que lidera Trenzando con el financiamiento del Comit\u00e9 Gestor de patrimonio de Valpara\u00edso Creativo, con el apoyo de Instituto.<\/p>\n\n\n\n<p>Tal como se vivi\u00f3 en el pilotaje del proyecto, estas rutas ofrecen experiencias de turismo que se enfoca en la calidad de lo ofrecido m\u00e1s que en la cantidad de atracciones, poniendo \u00e9nfasis en conocer el territorio y profundizar en las caracter\u00edsticas del mismo y su oferta creativa, es decir, gastron\u00f3mica, tur\u00edstica y art\u00edstica. Adem\u00e1s, se han incluido recorridos a reservas naturales, diversificando las audiencias e incluyendo a quienes tienen inter\u00e9s por este tipo de salidas.<\/p>\n\n\n\n<figure class=\"wp-block-image size-large\"><img decoding=\"async\" width=\"1024\" height=\"576\" src=\"https:\/\/www.valparaisocreativo.cl\/wp-content\/uploads\/2024\/06\/WhatsApp-Image-2024-06-10-at-13.44.35-1024x576.jpeg\" alt=\"\" class=\"wp-image-19354\" srcset=\"https:\/\/dev.antudigital.cl\/sites\/vc\/wp-content\/uploads\/2024\/06\/WhatsApp-Image-2024-06-10-at-13.44.35-1024x576.jpeg 1024w, https:\/\/dev.antudigital.cl\/sites\/vc\/wp-content\/uploads\/2024\/06\/WhatsApp-Image-2024-06-10-at-13.44.35-300x169.jpeg 300w, https:\/\/dev.antudigital.cl\/sites\/vc\/wp-content\/uploads\/2024\/06\/WhatsApp-Image-2024-06-10-at-13.44.35-768x432.jpeg 768w, https:\/\/dev.antudigital.cl\/sites\/vc\/wp-content\/uploads\/2024\/06\/WhatsApp-Image-2024-06-10-at-13.44.35-1536x864.jpeg 1536w, https:\/\/dev.antudigital.cl\/sites\/vc\/wp-content\/uploads\/2024\/06\/WhatsApp-Image-2024-06-10-at-13.44.35-1080x608.jpeg 1080w, https:\/\/dev.antudigital.cl\/sites\/vc\/wp-content\/uploads\/2024\/06\/WhatsApp-Image-2024-06-10-at-13.44.35-1280x720.jpeg 1280w, https:\/\/dev.antudigital.cl\/sites\/vc\/wp-content\/uploads\/2024\/06\/WhatsApp-Image-2024-06-10-at-13.44.35-980x551.jpeg 980w, https:\/\/dev.antudigital.cl\/sites\/vc\/wp-content\/uploads\/2024\/06\/WhatsApp-Image-2024-06-10-at-13.44.35-480x270.jpeg 480w, https:\/\/dev.antudigital.cl\/sites\/vc\/wp-content\/uploads\/2024\/06\/WhatsApp-Image-2024-06-10-at-13.44.35-24x14.jpeg 24w, https:\/\/dev.antudigital.cl\/sites\/vc\/wp-content\/uploads\/2024\/06\/WhatsApp-Image-2024-06-10-at-13.44.35-36x20.jpeg 36w, https:\/\/dev.antudigital.cl\/sites\/vc\/wp-content\/uploads\/2024\/06\/WhatsApp-Image-2024-06-10-at-13.44.35-48x27.jpeg 48w, https:\/\/dev.antudigital.cl\/sites\/vc\/wp-content\/uploads\/2024\/06\/WhatsApp-Image-2024-06-10-at-13.44.35.jpeg 1600w\" sizes=\"(max-width: 1024px) 100vw, 1024px\" \/><\/figure>\n\n\n\n<p>Durante la reuni\u00f3n, se mencionaron tres conceptos fuerza que se trabajan en cada territorio. Un ejemplo es que en Rungue se potencia su historia, en Llay Llay sus granjas y una mirada m\u00e1s sustentable, mientras que Ocoa (Hijuelas), sus tradiciones.&nbsp;<\/p>\n\n\n\n<p>Cada ruta mencionada incluye un recorrido por una disciplina o atractivo local desde lo creativo, tambi\u00e9n una parada gastron\u00f3mica y un taller. Esta es una propuesta de experiencia tur\u00edstica que puede ser tanto para familias y adultos mayores, pero tambi\u00e9n para j\u00f3venes interesados en la cultura y el trekking.<\/p>\n\n\n\n<p>Las diversas instituciones y organizaciones involucradas contin\u00faan puliendo los detalles para la implementaci\u00f3n de este proyecto durante lo que queda del 2024, lo que tendr\u00eda un impacto positivo en cada comuna involucrada, co-creando turismo local con aliados clave desde lo p\u00fablico y lo privado.<\/p>\n","protected":false},"excerpt":{"rendered":"<p>El pasado mi\u00e9rcoles 5 de junio, diversas organizaciones, autoridades y departamentos municipales del territorio se reunieron en la remodelada estaci\u00f3n de trenes de Llay Llay, hacia el interior de la regi\u00f3n de Valpara\u00edso. La raz\u00f3n de la convocatoria fue la revisi\u00f3n de los resultados de pilotaje de la ruta y proyecciones del Tren Tur\u00edstico Cultural, [&hellip;]<\/p>\n","protected":false},"author":1,"featured_media":19352,"comment_status":"closed","ping_status":"closed","sticky":false,"template":"","format":"standard","meta":{"_acf_changed":false,"footnotes":""},"categories":[218],"tags":[],"class_list":["post-19351","post","type-post","status-publish","format-standard","has-post-thumbnail","hentry","category-blog"],"acf":[],"yoast_head":"<!-- This site is optimized with the Yoast SEO plugin v27.1.1 - https:\/\/yoast.com\/product\/yoast-seo-wordpress\/ -->\n<title>INSTITUTO ARCOS Y VALPARA\u00cdSO CREATIVO SON PARTE DE LOS IMPULSORES DEL TREN TUR\u00cdSTICO CULTURAL DE TRENZANDO - Valpara\u00ed\u00adso Creativo<\/title>\n<meta name=\"robots\" content=\"index, follow, max-snippet:-1, max-image-preview:large, max-video-preview:-1\" \/>\n<link rel=\"canonical\" href=\"https:\/\/dev.antudigital.cl\/sites\/vc\/instituto-arcos-y-valparaiso-creativo-son-parte-de-los-impulsores-del-tren-turistico-del-recuerdo-de-trenzando\/\" \/>\n<meta property=\"og:locale\" content=\"es_ES\" \/>\n<meta property=\"og:type\" content=\"article\" \/>\n<meta property=\"og:title\" content=\"INSTITUTO ARCOS Y VALPARA\u00cdSO CREATIVO SON PARTE DE LOS IMPULSORES DEL TREN TUR\u00cdSTICO CULTURAL DE TRENZANDO - Valpara\u00ed\u00adso Creativo\" \/>\n<meta property=\"og:description\" content=\"El pasado mi\u00e9rcoles 5 de junio, diversas organizaciones, autoridades y departamentos municipales del territorio se reunieron en la remodelada estaci\u00f3n de trenes de Llay Llay, hacia el interior de la regi\u00f3n de Valpara\u00edso. La raz\u00f3n de la convocatoria fue la revisi\u00f3n de los resultados de pilotaje de la ruta y proyecciones del Tren Tur\u00edstico Cultural, [&hellip;]\" \/>\n<meta property=\"og:url\" content=\"https:\/\/dev.antudigital.cl\/sites\/vc\/instituto-arcos-y-valparaiso-creativo-son-parte-de-los-impulsores-del-tren-turistico-del-recuerdo-de-trenzando\/\" \/>\n<meta property=\"og:site_name\" content=\"Valpara\u00ed\u00adso Creativo\" \/>\n<meta property=\"article:published_time\" content=\"2024-06-10T22:06:30+00:00\" \/>\n<meta property=\"article:modified_time\" content=\"2024-06-10T22:09:22+00:00\" \/>\n<meta property=\"og:image\" content=\"https:\/\/dev.antudigital.cl\/sites\/vc\/wp-content\/uploads\/2024\/06\/WhatsApp-Image-2024-06-10-at-13.13.58.jpeg\" \/>\n\t<meta property=\"og:image:width\" content=\"1600\" \/>\n\t<meta property=\"og:image:height\" content=\"1200\" \/>\n\t<meta property=\"og:image:type\" content=\"image\/jpeg\" \/>\n<meta name=\"author\" content=\"Valpara\u00edso Creativo\" \/>\n<meta name=\"twitter:card\" content=\"summary_large_image\" \/>\n<meta name=\"twitter:label1\" content=\"Escrito por\" \/>\n\t<meta name=\"twitter:data1\" content=\"Valpara\u00edso Creativo\" \/>\n\t<meta name=\"twitter:label2\" content=\"Tiempo de lectura\" \/>\n\t<meta name=\"twitter:data2\" content=\"4 minutos\" \/>\n<script type=\"application\/ld+json\" class=\"yoast-schema-graph\">{\"@context\":\"https:\/\/schema.org\",\"@graph\":[{\"@type\":\"Article\",\"@id\":\"https:\/\/dev.antudigital.cl\/sites\/vc\/instituto-arcos-y-valparaiso-creativo-son-parte-de-los-impulsores-del-tren-turistico-del-recuerdo-de-trenzando\/#article\",\"isPartOf\":{\"@id\":\"https:\/\/dev.antudigital.cl\/sites\/vc\/instituto-arcos-y-valparaiso-creativo-son-parte-de-los-impulsores-del-tren-turistico-del-recuerdo-de-trenzando\/\"},\"author\":{\"name\":\"Valpara\u00edso Creativo\",\"@id\":\"https:\/\/dev.antudigital.cl\/sites\/vc\/#\/schema\/person\/c2b9da8dd545e27166fc5ab232837318\"},\"headline\":\"INSTITUTO ARCOS Y VALPARA\u00cdSO CREATIVO SON PARTE DE LOS IMPULSORES DEL TREN TUR\u00cdSTICO CULTURAL DE TRENZANDO\",\"datePublished\":\"2024-06-10T22:06:30+00:00\",\"dateModified\":\"2024-06-10T22:09:22+00:00\",\"mainEntityOfPage\":{\"@id\":\"https:\/\/dev.antudigital.cl\/sites\/vc\/instituto-arcos-y-valparaiso-creativo-son-parte-de-los-impulsores-del-tren-turistico-del-recuerdo-de-trenzando\/\"},\"wordCount\":651,\"image\":{\"@id\":\"https:\/\/dev.antudigital.cl\/sites\/vc\/instituto-arcos-y-valparaiso-creativo-son-parte-de-los-impulsores-del-tren-turistico-del-recuerdo-de-trenzando\/#primaryimage\"},\"thumbnailUrl\":\"https:\/\/dev.antudigital.cl\/sites\/vc\/wp-content\/uploads\/2024\/06\/WhatsApp-Image-2024-06-10-at-13.13.58.jpeg\",\"articleSection\":[\"Blog\"],\"inLanguage\":\"es\"},{\"@type\":\"WebPage\",\"@id\":\"https:\/\/dev.antudigital.cl\/sites\/vc\/instituto-arcos-y-valparaiso-creativo-son-parte-de-los-impulsores-del-tren-turistico-del-recuerdo-de-trenzando\/\",\"url\":\"https:\/\/dev.antudigital.cl\/sites\/vc\/instituto-arcos-y-valparaiso-creativo-son-parte-de-los-impulsores-del-tren-turistico-del-recuerdo-de-trenzando\/\",\"name\":\"INSTITUTO ARCOS Y VALPARA\u00cdSO CREATIVO SON PARTE DE LOS IMPULSORES DEL TREN TUR\u00cdSTICO CULTURAL DE TRENZANDO - Valpara\u00ed\u00adso Creativo\",\"isPartOf\":{\"@id\":\"https:\/\/dev.antudigital.cl\/sites\/vc\/#website\"},\"primaryImageOfPage\":{\"@id\":\"https:\/\/dev.antudigital.cl\/sites\/vc\/instituto-arcos-y-valparaiso-creativo-son-parte-de-los-impulsores-del-tren-turistico-del-recuerdo-de-trenzando\/#primaryimage\"},\"image\":{\"@id\":\"https:\/\/dev.antudigital.cl\/sites\/vc\/instituto-arcos-y-valparaiso-creativo-son-parte-de-los-impulsores-del-tren-turistico-del-recuerdo-de-trenzando\/#primaryimage\"},\"thumbnailUrl\":\"https:\/\/dev.antudigital.cl\/sites\/vc\/wp-content\/uploads\/2024\/06\/WhatsApp-Image-2024-06-10-at-13.13.58.jpeg\",\"datePublished\":\"2024-06-10T22:06:30+00:00\",\"dateModified\":\"2024-06-10T22:09:22+00:00\",\"author\":{\"@id\":\"https:\/\/dev.antudigital.cl\/sites\/vc\/#\/schema\/person\/c2b9da8dd545e27166fc5ab232837318\"},\"breadcrumb\":{\"@id\":\"https:\/\/dev.antudigital.cl\/sites\/vc\/instituto-arcos-y-valparaiso-creativo-son-parte-de-los-impulsores-del-tren-turistico-del-recuerdo-de-trenzando\/#breadcrumb\"},\"inLanguage\":\"es\",\"potentialAction\":[{\"@type\":\"ReadAction\",\"target\":[\"https:\/\/dev.antudigital.cl\/sites\/vc\/instituto-arcos-y-valparaiso-creativo-son-parte-de-los-impulsores-del-tren-turistico-del-recuerdo-de-trenzando\/\"]}]},{\"@type\":\"ImageObject\",\"inLanguage\":\"es\",\"@id\":\"https:\/\/dev.antudigital.cl\/sites\/vc\/instituto-arcos-y-valparaiso-creativo-son-parte-de-los-impulsores-del-tren-turistico-del-recuerdo-de-trenzando\/#primaryimage\",\"url\":\"https:\/\/dev.antudigital.cl\/sites\/vc\/wp-content\/uploads\/2024\/06\/WhatsApp-Image-2024-06-10-at-13.13.58.jpeg\",\"contentUrl\":\"https:\/\/dev.antudigital.cl\/sites\/vc\/wp-content\/uploads\/2024\/06\/WhatsApp-Image-2024-06-10-at-13.13.58.jpeg\",\"width\":1600,\"height\":1200},{\"@type\":\"BreadcrumbList\",\"@id\":\"https:\/\/dev.antudigital.cl\/sites\/vc\/instituto-arcos-y-valparaiso-creativo-son-parte-de-los-impulsores-del-tren-turistico-del-recuerdo-de-trenzando\/#breadcrumb\",\"itemListElement\":[{\"@type\":\"ListItem\",\"position\":1,\"name\":\"Home\",\"item\":\"https:\/\/dev.antudigital.cl\/sites\/vc\/\"},{\"@type\":\"ListItem\",\"position\":2,\"name\":\"INSTITUTO ARCOS Y VALPARA\u00cdSO CREATIVO SON PARTE DE LOS IMPULSORES DEL TREN TUR\u00cdSTICO CULTURAL DE TRENZANDO\"}]},{\"@type\":\"WebSite\",\"@id\":\"https:\/\/dev.antudigital.cl\/sites\/vc\/#website\",\"url\":\"https:\/\/dev.antudigital.cl\/sites\/vc\/\",\"name\":\"Valpara\u00ed\u00adso Creativo\",\"description\":\"\",\"potentialAction\":[{\"@type\":\"SearchAction\",\"target\":{\"@type\":\"EntryPoint\",\"urlTemplate\":\"https:\/\/dev.antudigital.cl\/sites\/vc\/?s={search_term_string}\"},\"query-input\":{\"@type\":\"PropertyValueSpecification\",\"valueRequired\":true,\"valueName\":\"search_term_string\"}}],\"inLanguage\":\"es\"},{\"@type\":\"Person\",\"@id\":\"https:\/\/dev.antudigital.cl\/sites\/vc\/#\/schema\/person\/c2b9da8dd545e27166fc5ab232837318\",\"name\":\"Valpara\u00edso Creativo\",\"description\":\"Periodista de cultura en la Regi\u00f3n de Valpara\u00edso.\",\"url\":\"https:\/\/dev.antudigital.cl\/sites\/vc\/author\/valpoadmin\/\"}]}<\/script>\n<!-- \/ Yoast SEO plugin. -->","yoast_head_json":{"title":"INSTITUTO ARCOS Y VALPARA\u00cdSO CREATIVO SON PARTE DE LOS IMPULSORES DEL TREN TUR\u00cdSTICO CULTURAL DE TRENZANDO - Valpara\u00ed\u00adso Creativo","robots":{"index":"index","follow":"follow","max-snippet":"max-snippet:-1","max-image-preview":"max-image-preview:large","max-video-preview":"max-video-preview:-1"},"canonical":"https:\/\/dev.antudigital.cl\/sites\/vc\/instituto-arcos-y-valparaiso-creativo-son-parte-de-los-impulsores-del-tren-turistico-del-recuerdo-de-trenzando\/","og_locale":"es_ES","og_type":"article","og_title":"INSTITUTO ARCOS Y VALPARA\u00cdSO CREATIVO SON PARTE DE LOS IMPULSORES DEL TREN TUR\u00cdSTICO CULTURAL DE TRENZANDO - Valpara\u00ed\u00adso Creativo","og_description":"El pasado mi\u00e9rcoles 5 de junio, diversas organizaciones, autoridades y departamentos municipales del territorio se reunieron en la remodelada estaci\u00f3n de trenes de Llay Llay, hacia el interior de la regi\u00f3n de Valpara\u00edso. La raz\u00f3n de la convocatoria fue la revisi\u00f3n de los resultados de pilotaje de la ruta y proyecciones del Tren Tur\u00edstico Cultural, [&hellip;]","og_url":"https:\/\/dev.antudigital.cl\/sites\/vc\/instituto-arcos-y-valparaiso-creativo-son-parte-de-los-impulsores-del-tren-turistico-del-recuerdo-de-trenzando\/","og_site_name":"Valpara\u00ed\u00adso Creativo","article_published_time":"2024-06-10T22:06:30+00:00","article_modified_time":"2024-06-10T22:09:22+00:00","og_image":[{"width":1600,"height":1200,"url":"https:\/\/dev.antudigital.cl\/sites\/vc\/wp-content\/uploads\/2024\/06\/WhatsApp-Image-2024-06-10-at-13.13.58.jpeg","type":"image\/jpeg"}],"author":"Valpara\u00edso Creativo","twitter_card":"summary_large_image","twitter_misc":{"Escrito por":"Valpara\u00edso Creativo","Tiempo de lectura":"4 minutos"},"schema":{"@context":"https:\/\/schema.org","@graph":[{"@type":"Article","@id":"https:\/\/dev.antudigital.cl\/sites\/vc\/instituto-arcos-y-valparaiso-creativo-son-parte-de-los-impulsores-del-tren-turistico-del-recuerdo-de-trenzando\/#article","isPartOf":{"@id":"https:\/\/dev.antudigital.cl\/sites\/vc\/instituto-arcos-y-valparaiso-creativo-son-parte-de-los-impulsores-del-tren-turistico-del-recuerdo-de-trenzando\/"},"author":{"name":"Valpara\u00edso Creativo","@id":"https:\/\/dev.antudigital.cl\/sites\/vc\/#\/schema\/person\/c2b9da8dd545e27166fc5ab232837318"},"headline":"INSTITUTO ARCOS Y VALPARA\u00cdSO CREATIVO SON PARTE DE LOS IMPULSORES DEL TREN TUR\u00cdSTICO CULTURAL DE TRENZANDO","datePublished":"2024-06-10T22:06:30+00:00","dateModified":"2024-06-10T22:09:22+00:00","mainEntityOfPage":{"@id":"https:\/\/dev.antudigital.cl\/sites\/vc\/instituto-arcos-y-valparaiso-creativo-son-parte-de-los-impulsores-del-tren-turistico-del-recuerdo-de-trenzando\/"},"wordCount":651,"image":{"@id":"https:\/\/dev.antudigital.cl\/sites\/vc\/instituto-arcos-y-valparaiso-creativo-son-parte-de-los-impulsores-del-tren-turistico-del-recuerdo-de-trenzando\/#primaryimage"},"thumbnailUrl":"https:\/\/dev.antudigital.cl\/sites\/vc\/wp-content\/uploads\/2024\/06\/WhatsApp-Image-2024-06-10-at-13.13.58.jpeg","articleSection":["Blog"],"inLanguage":"es"},{"@type":"WebPage","@id":"https:\/\/dev.antudigital.cl\/sites\/vc\/instituto-arcos-y-valparaiso-creativo-son-parte-de-los-impulsores-del-tren-turistico-del-recuerdo-de-trenzando\/","url":"https:\/\/dev.antudigital.cl\/sites\/vc\/instituto-arcos-y-valparaiso-creativo-son-parte-de-los-impulsores-del-tren-turistico-del-recuerdo-de-trenzando\/","name":"INSTITUTO ARCOS Y VALPARA\u00cdSO CREATIVO SON PARTE DE LOS IMPULSORES DEL TREN TUR\u00cdSTICO CULTURAL DE TRENZANDO - Valpara\u00ed\u00adso Creativo","isPartOf":{"@id":"https:\/\/dev.antudigital.cl\/sites\/vc\/#website"},"primaryImageOfPage":{"@id":"https:\/\/dev.antudigital.cl\/sites\/vc\/instituto-arcos-y-valparaiso-creativo-son-parte-de-los-impulsores-del-tren-turistico-del-recuerdo-de-trenzando\/#primaryimage"},"image":{"@id":"https:\/\/dev.antudigital.cl\/sites\/vc\/instituto-arcos-y-valparaiso-creativo-son-parte-de-los-impulsores-del-tren-turistico-del-recuerdo-de-trenzando\/#primaryimage"},"thumbnailUrl":"https:\/\/dev.antudigital.cl\/sites\/vc\/wp-content\/uploads\/2024\/06\/WhatsApp-Image-2024-06-10-at-13.13.58.jpeg","datePublished":"2024-06-10T22:06:30+00:00","dateModified":"2024-06-10T22:09:22+00:00","author":{"@id":"https:\/\/dev.antudigital.cl\/sites\/vc\/#\/schema\/person\/c2b9da8dd545e27166fc5ab232837318"},"breadcrumb":{"@id":"https:\/\/dev.antudigital.cl\/sites\/vc\/instituto-arcos-y-valparaiso-creativo-son-parte-de-los-impulsores-del-tren-turistico-del-recuerdo-de-trenzando\/#breadcrumb"},"inLanguage":"es","potentialAction":[{"@type":"ReadAction","target":["https:\/\/dev.antudigital.cl\/sites\/vc\/instituto-arcos-y-valparaiso-creativo-son-parte-de-los-impulsores-del-tren-turistico-del-recuerdo-de-trenzando\/"]}]},{"@type":"ImageObject","inLanguage":"es","@id":"https:\/\/dev.antudigital.cl\/sites\/vc\/instituto-arcos-y-valparaiso-creativo-son-parte-de-los-impulsores-del-tren-turistico-del-recuerdo-de-trenzando\/#primaryimage","url":"https:\/\/dev.antudigital.cl\/sites\/vc\/wp-content\/uploads\/2024\/06\/WhatsApp-Image-2024-06-10-at-13.13.58.jpeg","contentUrl":"https:\/\/dev.antudigital.cl\/sites\/vc\/wp-content\/uploads\/2024\/06\/WhatsApp-Image-2024-06-10-at-13.13.58.jpeg","width":1600,"height":1200},{"@type":"BreadcrumbList","@id":"https:\/\/dev.antudigital.cl\/sites\/vc\/instituto-arcos-y-valparaiso-creativo-son-parte-de-los-impulsores-del-tren-turistico-del-recuerdo-de-trenzando\/#breadcrumb","itemListElement":[{"@type":"ListItem","position":1,"name":"Home","item":"https:\/\/dev.antudigital.cl\/sites\/vc\/"},{"@type":"ListItem","position":2,"name":"INSTITUTO ARCOS Y VALPARA\u00cdSO CREATIVO SON PARTE DE LOS IMPULSORES DEL TREN TUR\u00cdSTICO CULTURAL DE TRENZANDO"}]},{"@type":"WebSite","@id":"https:\/\/dev.antudigital.cl\/sites\/vc\/#website","url":"https:\/\/dev.antudigital.cl\/sites\/vc\/","name":"Valpara\u00ed\u00adso Creativo","description":"","potentialAction":[{"@type":"SearchAction","target":{"@type":"EntryPoint","urlTemplate":"https:\/\/dev.antudigital.cl\/sites\/vc\/?s={search_term_string}"},"query-input":{"@type":"PropertyValueSpecification","valueRequired":true,"valueName":"search_term_string"}}],"inLanguage":"es"},{"@type":"Person","@id":"https:\/\/dev.antudigital.cl\/sites\/vc\/#\/schema\/person\/c2b9da8dd545e27166fc5ab232837318","name":"Valpara\u00edso Creativo","description":"Periodista de cultura en la Regi\u00f3n de Valpara\u00edso.","url":"https:\/\/dev.antudigital.cl\/sites\/vc\/author\/valpoadmin\/"}]}},"_links":{"self":[{"href":"https:\/\/dev.antudigital.cl\/sites\/vc\/wp-json\/wp\/v2\/posts\/19351","targetHints":{"allow":["GET"]}}],"collection":[{"href":"https:\/\/dev.antudigital.cl\/sites\/vc\/wp-json\/wp\/v2\/posts"}],"about":[{"href":"https:\/\/dev.antudigital.cl\/sites\/vc\/wp-json\/wp\/v2\/types\/post"}],"author":[{"embeddable":true,"href":"https:\/\/dev.antudigital.cl\/sites\/vc\/wp-json\/wp\/v2\/users\/1"}],"replies":[{"embeddable":true,"href":"https:\/\/dev.antudigital.cl\/sites\/vc\/wp-json\/wp\/v2\/comments?post=19351"}],"version-history":[{"count":2,"href":"https:\/\/dev.antudigital.cl\/sites\/vc\/wp-json\/wp\/v2\/posts\/19351\/revisions"}],"predecessor-version":[{"id":19356,"href":"https:\/\/dev.antudigital.cl\/sites\/vc\/wp-json\/wp\/v2\/posts\/19351\/revisions\/19356"}],"wp:featuredmedia":[{"embeddable":true,"href":"https:\/\/dev.antudigital.cl\/sites\/vc\/wp-json\/wp\/v2\/media\/19352"}],"wp:attachment":[{"href":"https:\/\/dev.antudigital.cl\/sites\/vc\/wp-json\/wp\/v2\/media?parent=19351"}],"wp:term":[{"taxonomy":"category","embeddable":true,"href":"https:\/\/dev.antudigital.cl\/sites\/vc\/wp-json\/wp\/v2\/categories?post=19351"},{"taxonomy":"post_tag","embeddable":true,"href":"https:\/\/dev.antudigital.cl\/sites\/vc\/wp-json\/wp\/v2\/tags?post=19351"}],"curies":[{"name":"wp","href":"https:\/\/api.w.org\/{rel}","templated":true}]}}