{"id":19384,"date":"2024-06-17T18:51:52","date_gmt":"2024-06-17T18:51:52","guid":{"rendered":"https:\/\/www.valparaisocreativo.cl\/?p=19384"},"modified":"2024-06-17T18:53:53","modified_gmt":"2024-06-17T18:53:53","slug":"pampas-marcianas-la-inedita-pelicula-que-combina-el-documental-y-la-ciencia-ficcion-en-el-norte-de-chile","status":"publish","type":"post","link":"https:\/\/dev.antudigital.cl\/sites\/vc\/pampas-marcianas-la-inedita-pelicula-que-combina-el-documental-y-la-ciencia-ficcion-en-el-norte-de-chile\/","title":{"rendered":"Pampas Marcianas: La in\u00e9dita pel\u00edcula que combina el documental y la ciencia ficci\u00f3n en el norte de Chile"},"content":{"rendered":"\n<ul class=\"wp-block-list\">\n<li><strong>El largometraje est\u00e1 siendo estrenado en el marco del Mes de la Red de Salas de Cine, con exhibiciones y cineforos junto al equipo realizador en distintas ciudades del pa\u00eds.<\/strong><\/li>\n\n\n\n<li><strong>La actividad es organizada por la Red de Salas de Cine de Chile y financiada <\/strong><strong>a trav\u00e9s del Programa de Apoyo a Organizaciones Culturales Colaboradoras, Convocatoria 2023, del Ministerio de las Culturas, las Artes y el Patrimonio.\u00a0<\/strong><\/li>\n<\/ul>\n\n\n\n<p>Del 1 al 30 de junio se celebra el Mes de la Red de Salas de Cine de la mano de cerca de 50 t\u00edtulos nacionales e internacionales exhibidos en<strong> <\/strong>las 16 salas de Arica a Coyhaique que conforman la Red junto a otras cinco salas colaboradoras que actualmente est\u00e1n en proceso de ingreso a la asociaci\u00f3n, destacando entre ellos la exhibici\u00f3n de un estreno nacional in\u00e9dito: <em>Pampas Marcianas. <\/em>Una mixtura de g\u00e9neros entre ciencia ficci\u00f3n y documental que cont\u00f3 con la participaci\u00f3n de m\u00e1s de sesenta habitantes de la comuna pampina de Mar\u00eda Elena, quienes al actuar lograron que se perdiera el l\u00edmite entre la realidad y el mundo cinematogr\u00e1fico.<\/p>\n\n\n\n<p>El Mes de la Red de Salas se lleva a cabo con el prop\u00f3sito de celebrar el cine en sus distintas manifestaciones y, al mismo tiempo, relevar la asistencia a las salas locales de exhibici\u00f3n, promoviendo la importancia social y cultural de estos espacios a lo largo del pa\u00eds. La iniciativa es financiada por el Programa de Apoyo a Organizaciones Culturales Colaboradoras, Convocatoria 2023, del Ministerio de las Culturas, las Artes y el Patrimonio.<\/p>\n\n\n\n<figure class=\"wp-block-image size-large\"><img fetchpriority=\"high\" decoding=\"async\" width=\"1024\" height=\"521\" src=\"https:\/\/www.valparaisocreativo.cl\/wp-content\/uploads\/2024\/06\/Still-Pampas-M_26-1024x521.jpg\" alt=\"\" class=\"wp-image-19387\" srcset=\"https:\/\/dev.antudigital.cl\/sites\/vc\/wp-content\/uploads\/2024\/06\/Still-Pampas-M_26-1024x521.jpg 1024w, https:\/\/dev.antudigital.cl\/sites\/vc\/wp-content\/uploads\/2024\/06\/Still-Pampas-M_26-300x153.jpg 300w, https:\/\/dev.antudigital.cl\/sites\/vc\/wp-content\/uploads\/2024\/06\/Still-Pampas-M_26-768x390.jpg 768w, https:\/\/dev.antudigital.cl\/sites\/vc\/wp-content\/uploads\/2024\/06\/Still-Pampas-M_26-1536x781.jpg 1536w, https:\/\/dev.antudigital.cl\/sites\/vc\/wp-content\/uploads\/2024\/06\/Still-Pampas-M_26-2048x1041.jpg 2048w, https:\/\/dev.antudigital.cl\/sites\/vc\/wp-content\/uploads\/2024\/06\/Still-Pampas-M_26-1080x549.jpg 1080w, https:\/\/dev.antudigital.cl\/sites\/vc\/wp-content\/uploads\/2024\/06\/Still-Pampas-M_26-1280x651.jpg 1280w, https:\/\/dev.antudigital.cl\/sites\/vc\/wp-content\/uploads\/2024\/06\/Still-Pampas-M_26-980x498.jpg 980w, https:\/\/dev.antudigital.cl\/sites\/vc\/wp-content\/uploads\/2024\/06\/Still-Pampas-M_26-480x244.jpg 480w, https:\/\/dev.antudigital.cl\/sites\/vc\/wp-content\/uploads\/2024\/06\/Still-Pampas-M_26-24x12.jpg 24w, https:\/\/dev.antudigital.cl\/sites\/vc\/wp-content\/uploads\/2024\/06\/Still-Pampas-M_26-36x18.jpg 36w, https:\/\/dev.antudigital.cl\/sites\/vc\/wp-content\/uploads\/2024\/06\/Still-Pampas-M_26-48x24.jpg 48w\" sizes=\"(max-width: 1024px) 100vw, 1024px\" \/><\/figure>\n\n\n\n<p>Dirigido por An\u00edbal Jofr\u00e9 (<em>Volant\u00edn cortao, <\/em>2013) y producido por Felipe Morgado (<em>Oasis<\/em>, 2024), <strong><em>Pampas marcianas<\/em><\/strong> es un largometraje que combina distintos g\u00e9neros para hablar de la precariedad y el abandono en el norte de Chile y el delirio que genera vivir en medio del Desierto de Atacama. <em>Pampas marcianas<\/em> fue realizado colaborativamente entre el Colectivo MAFI y la comunidad de Mar\u00eda Elena, en la Regi\u00f3n de Antofagasta. \u201cCuando filmamos fueron los mismos vecinos y vecinas quienes protagonizaron las escenas, tomaron las c\u00e1maras y micr\u00f3fonos, improvisaron, tuvieron ideas y las filmamos. Todo el proceso de producci\u00f3n fue colaborativo, donde se desvanece la idea de autor\u00eda y se hace cine desde lo que sentimos e imaginamos en conjunto, como un gesto pol\u00edtico, como una pregunta sobre el futuro\u201d, cuenta <strong>Felipe Morgado, productor de la pel\u00edcula.&nbsp;<\/strong><\/p>\n\n\n\n<p><em>Pampas Marcianas<\/em> documenta un viaje espacial en que los habitantes de Mar\u00eda Elena dejan la pampa salitrera para convertirse en los primeros humanos en colonizar Marte. La trama de la pel\u00edcula est\u00e1 inspirada en el abandono que sufren las zonas extremas del pa\u00eds que deben sobrevivir al olvido y a la precarizaci\u00f3n de la vida en aislamiento bajo los rigores de la crisis clim\u00e1tica. \u201cLos propios Eleninos nos hablan en pleno siglo XXI de la necesidad de independencia de la empresa SQM, que es due\u00f1a no solo de la \u00fanica actividad econ\u00f3mica del lugar, sino de todo el campamento: agua, luz, casas y calles\u201d, comenta <strong>su director<\/strong> <strong>An\u00edbal Jofr\u00e9.&nbsp;<\/strong><\/p>\n\n\n\n<p>La pel\u00edcula se encuentra en un recorrido por el pa\u00eds con funciones en Antofagasta, Valpara\u00edso, Santiago, Constituci\u00f3n, Puerto Montt y Coyhaique, las que en su mayor\u00eda han contando con cineforos junto al equipo realizador.<\/p>\n\n\n\n<figure class=\"wp-block-image size-large\"><img decoding=\"async\" width=\"1024\" height=\"517\" src=\"https:\/\/www.valparaisocreativo.cl\/wp-content\/uploads\/2024\/06\/Still-Pampas-M_25-1024x517.jpg\" alt=\"\" class=\"wp-image-19386\" srcset=\"https:\/\/dev.antudigital.cl\/sites\/vc\/wp-content\/uploads\/2024\/06\/Still-Pampas-M_25-1024x517.jpg 1024w, https:\/\/dev.antudigital.cl\/sites\/vc\/wp-content\/uploads\/2024\/06\/Still-Pampas-M_25-300x152.jpg 300w, https:\/\/dev.antudigital.cl\/sites\/vc\/wp-content\/uploads\/2024\/06\/Still-Pampas-M_25-768x388.jpg 768w, https:\/\/dev.antudigital.cl\/sites\/vc\/wp-content\/uploads\/2024\/06\/Still-Pampas-M_25-1536x776.jpg 1536w, https:\/\/dev.antudigital.cl\/sites\/vc\/wp-content\/uploads\/2024\/06\/Still-Pampas-M_25-2048x1034.jpg 2048w, https:\/\/dev.antudigital.cl\/sites\/vc\/wp-content\/uploads\/2024\/06\/Still-Pampas-M_25-1080x546.jpg 1080w, https:\/\/dev.antudigital.cl\/sites\/vc\/wp-content\/uploads\/2024\/06\/Still-Pampas-M_25-1280x647.jpg 1280w, https:\/\/dev.antudigital.cl\/sites\/vc\/wp-content\/uploads\/2024\/06\/Still-Pampas-M_25-980x495.jpg 980w, https:\/\/dev.antudigital.cl\/sites\/vc\/wp-content\/uploads\/2024\/06\/Still-Pampas-M_25-480x242.jpg 480w, https:\/\/dev.antudigital.cl\/sites\/vc\/wp-content\/uploads\/2024\/06\/Still-Pampas-M_25-24x12.jpg 24w, https:\/\/dev.antudigital.cl\/sites\/vc\/wp-content\/uploads\/2024\/06\/Still-Pampas-M_25-36x18.jpg 36w, https:\/\/dev.antudigital.cl\/sites\/vc\/wp-content\/uploads\/2024\/06\/Still-Pampas-M_25-48x24.jpg 48w\" sizes=\"(max-width: 1024px) 100vw, 1024px\" \/><\/figure>\n\n\n\n<p>\u201cCompartir la pel\u00edcula y poder conversar despu\u00e9s de cada funci\u00f3n es un regalo para nosotros como realizadores. Siempre aparecen ideas inesperadas, nuevas preguntas y lecturas que hacen crecer las reflexiones que alguna vez nacieron en medio del desierto. Eso se lo debemos a la experiencia de ver cine en sala con m\u00e1s personas, como una experiencia colectiva tal como lo es Pampas marcianas\u201d, agrega Jofr\u00e9<\/p>\n\n\n\n<p>Previo a esta pel\u00edcula se est\u00e1 exhibiendo el cortometraje <em>Fantasmagor\u00eda<\/em>, dirigido por Juan Francisco Gonzalez, y que aborda una tem\u00e1tica similar, dejando en evidencia los vestigios de la \u00faltima industria del salitre; y que recibi\u00f3 la Menci\u00f3n Honor\u00edfica Jurado Ciudadano durante Fecich 2023.&nbsp;<\/p>\n\n\n\n<ul class=\"wp-block-list\">\n<li>Pr\u00f3ximas funciones:\u00a0<\/li>\n<\/ul>\n\n\n\n<ul class=\"wp-block-list\">\n<li>Martes 18 de junio &#8211; 19 hrs. Insomnia Teatro Condell (Valpara\u00edso)<br>Cineforo con An\u00edbal Jofr\u00e9 y Felipe Morgado.<\/li>\n\n\n\n<li>Mi\u00e9rcoles 26 de junio &#8211; 18 hrs. &#8211; Esquina Retornable (Antofagasta)<br>Cineforo con An\u00edbal Jofr\u00e9 y Felipe Morgado.<\/li>\n\n\n\n<li>Viernes 28 de junio &#8211; 19 hrs. Sala Mafalda Mora. Casa del Arte Diego Rivera (Puerto Montt)<\/li>\n<\/ul>\n\n\n\n<p>Cineforo con Melisa Miranda (montajista).<\/p>\n","protected":false},"excerpt":{"rendered":"<p>Del 1 al 30 de junio se celebra el Mes de la Red de Salas de Cine de la mano de cerca de 50 t\u00edtulos nacionales e internacionales exhibidos en las 16 salas de Arica a Coyhaique que conforman la Red junto a otras cinco salas colaboradoras que actualmente est\u00e1n en proceso de ingreso a [&hellip;]<\/p>\n","protected":false},"author":1,"featured_media":19385,"comment_status":"closed","ping_status":"closed","sticky":false,"template":"","format":"standard","meta":{"_acf_changed":false,"footnotes":""},"categories":[8],"tags":[],"class_list":["post-19384","post","type-post","status-publish","format-standard","has-post-thumbnail","hentry","category-noticia"],"acf":[],"yoast_head":"<!-- This site is optimized with the Yoast SEO plugin v27.1.1 - https:\/\/yoast.com\/product\/yoast-seo-wordpress\/ -->\n<title>Pampas Marcianas: La in\u00e9dita pel\u00edcula que combina el documental y la ciencia ficci\u00f3n en el norte de Chile - Valpara\u00ed\u00adso Creativo<\/title>\n<meta name=\"robots\" content=\"index, follow, max-snippet:-1, max-image-preview:large, max-video-preview:-1\" \/>\n<link rel=\"canonical\" href=\"https:\/\/dev.antudigital.cl\/sites\/vc\/pampas-marcianas-la-inedita-pelicula-que-combina-el-documental-y-la-ciencia-ficcion-en-el-norte-de-chile\/\" \/>\n<meta property=\"og:locale\" content=\"es_ES\" \/>\n<meta property=\"og:type\" content=\"article\" \/>\n<meta property=\"og:title\" content=\"Pampas Marcianas: La in\u00e9dita pel\u00edcula que combina el documental y la ciencia ficci\u00f3n en el norte de Chile - Valpara\u00ed\u00adso Creativo\" \/>\n<meta property=\"og:description\" content=\"Del 1 al 30 de junio se celebra el Mes de la Red de Salas de Cine de la mano de cerca de 50 t\u00edtulos nacionales e internacionales exhibidos en las 16 salas de Arica a Coyhaique que conforman la Red junto a otras cinco salas colaboradoras que actualmente est\u00e1n en proceso de ingreso a [&hellip;]\" \/>\n<meta property=\"og:url\" content=\"https:\/\/dev.antudigital.cl\/sites\/vc\/pampas-marcianas-la-inedita-pelicula-que-combina-el-documental-y-la-ciencia-ficcion-en-el-norte-de-chile\/\" \/>\n<meta property=\"og:site_name\" content=\"Valpara\u00ed\u00adso Creativo\" \/>\n<meta property=\"article:published_time\" content=\"2024-06-17T18:51:52+00:00\" \/>\n<meta property=\"article:modified_time\" content=\"2024-06-17T18:53:53+00:00\" \/>\n<meta property=\"og:image\" content=\"https:\/\/dev.antudigital.cl\/sites\/vc\/wp-content\/uploads\/2024\/06\/Still-Pampas-M_22.jpg\" \/>\n\t<meta property=\"og:image:width\" content=\"2160\" \/>\n\t<meta property=\"og:image:height\" content=\"1098\" \/>\n\t<meta property=\"og:image:type\" content=\"image\/jpeg\" \/>\n<meta name=\"author\" content=\"Valpara\u00edso Creativo\" \/>\n<meta name=\"twitter:card\" content=\"summary_large_image\" \/>\n<meta name=\"twitter:label1\" content=\"Escrito por\" \/>\n\t<meta name=\"twitter:data1\" content=\"Valpara\u00edso Creativo\" \/>\n\t<meta name=\"twitter:label2\" content=\"Tiempo de lectura\" \/>\n\t<meta name=\"twitter:data2\" content=\"4 minutos\" \/>\n<script type=\"application\/ld+json\" class=\"yoast-schema-graph\">{\"@context\":\"https:\/\/schema.org\",\"@graph\":[{\"@type\":\"Article\",\"@id\":\"https:\/\/dev.antudigital.cl\/sites\/vc\/pampas-marcianas-la-inedita-pelicula-que-combina-el-documental-y-la-ciencia-ficcion-en-el-norte-de-chile\/#article\",\"isPartOf\":{\"@id\":\"https:\/\/dev.antudigital.cl\/sites\/vc\/pampas-marcianas-la-inedita-pelicula-que-combina-el-documental-y-la-ciencia-ficcion-en-el-norte-de-chile\/\"},\"author\":{\"name\":\"Valpara\u00edso Creativo\",\"@id\":\"https:\/\/dev.antudigital.cl\/sites\/vc\/#\/schema\/person\/c2b9da8dd545e27166fc5ab232837318\"},\"headline\":\"Pampas Marcianas: La in\u00e9dita pel\u00edcula que combina el documental y la ciencia ficci\u00f3n en el norte de Chile\",\"datePublished\":\"2024-06-17T18:51:52+00:00\",\"dateModified\":\"2024-06-17T18:53:53+00:00\",\"mainEntityOfPage\":{\"@id\":\"https:\/\/dev.antudigital.cl\/sites\/vc\/pampas-marcianas-la-inedita-pelicula-que-combina-el-documental-y-la-ciencia-ficcion-en-el-norte-de-chile\/\"},\"wordCount\":761,\"image\":{\"@id\":\"https:\/\/dev.antudigital.cl\/sites\/vc\/pampas-marcianas-la-inedita-pelicula-que-combina-el-documental-y-la-ciencia-ficcion-en-el-norte-de-chile\/#primaryimage\"},\"thumbnailUrl\":\"https:\/\/dev.antudigital.cl\/sites\/vc\/wp-content\/uploads\/2024\/06\/Still-Pampas-M_22.jpg\",\"articleSection\":[\"Noticia\"],\"inLanguage\":\"es\"},{\"@type\":\"WebPage\",\"@id\":\"https:\/\/dev.antudigital.cl\/sites\/vc\/pampas-marcianas-la-inedita-pelicula-que-combina-el-documental-y-la-ciencia-ficcion-en-el-norte-de-chile\/\",\"url\":\"https:\/\/dev.antudigital.cl\/sites\/vc\/pampas-marcianas-la-inedita-pelicula-que-combina-el-documental-y-la-ciencia-ficcion-en-el-norte-de-chile\/\",\"name\":\"Pampas Marcianas: La in\u00e9dita pel\u00edcula que combina el documental y la ciencia ficci\u00f3n en el norte de Chile - Valpara\u00ed\u00adso Creativo\",\"isPartOf\":{\"@id\":\"https:\/\/dev.antudigital.cl\/sites\/vc\/#website\"},\"primaryImageOfPage\":{\"@id\":\"https:\/\/dev.antudigital.cl\/sites\/vc\/pampas-marcianas-la-inedita-pelicula-que-combina-el-documental-y-la-ciencia-ficcion-en-el-norte-de-chile\/#primaryimage\"},\"image\":{\"@id\":\"https:\/\/dev.antudigital.cl\/sites\/vc\/pampas-marcianas-la-inedita-pelicula-que-combina-el-documental-y-la-ciencia-ficcion-en-el-norte-de-chile\/#primaryimage\"},\"thumbnailUrl\":\"https:\/\/dev.antudigital.cl\/sites\/vc\/wp-content\/uploads\/2024\/06\/Still-Pampas-M_22.jpg\",\"datePublished\":\"2024-06-17T18:51:52+00:00\",\"dateModified\":\"2024-06-17T18:53:53+00:00\",\"author\":{\"@id\":\"https:\/\/dev.antudigital.cl\/sites\/vc\/#\/schema\/person\/c2b9da8dd545e27166fc5ab232837318\"},\"breadcrumb\":{\"@id\":\"https:\/\/dev.antudigital.cl\/sites\/vc\/pampas-marcianas-la-inedita-pelicula-que-combina-el-documental-y-la-ciencia-ficcion-en-el-norte-de-chile\/#breadcrumb\"},\"inLanguage\":\"es\",\"potentialAction\":[{\"@type\":\"ReadAction\",\"target\":[\"https:\/\/dev.antudigital.cl\/sites\/vc\/pampas-marcianas-la-inedita-pelicula-que-combina-el-documental-y-la-ciencia-ficcion-en-el-norte-de-chile\/\"]}]},{\"@type\":\"ImageObject\",\"inLanguage\":\"es\",\"@id\":\"https:\/\/dev.antudigital.cl\/sites\/vc\/pampas-marcianas-la-inedita-pelicula-que-combina-el-documental-y-la-ciencia-ficcion-en-el-norte-de-chile\/#primaryimage\",\"url\":\"https:\/\/dev.antudigital.cl\/sites\/vc\/wp-content\/uploads\/2024\/06\/Still-Pampas-M_22.jpg\",\"contentUrl\":\"https:\/\/dev.antudigital.cl\/sites\/vc\/wp-content\/uploads\/2024\/06\/Still-Pampas-M_22.jpg\",\"width\":2160,\"height\":1098},{\"@type\":\"BreadcrumbList\",\"@id\":\"https:\/\/dev.antudigital.cl\/sites\/vc\/pampas-marcianas-la-inedita-pelicula-que-combina-el-documental-y-la-ciencia-ficcion-en-el-norte-de-chile\/#breadcrumb\",\"itemListElement\":[{\"@type\":\"ListItem\",\"position\":1,\"name\":\"Home\",\"item\":\"https:\/\/dev.antudigital.cl\/sites\/vc\/\"},{\"@type\":\"ListItem\",\"position\":2,\"name\":\"Pampas Marcianas: La in\u00e9dita pel\u00edcula que combina el documental y la ciencia ficci\u00f3n en el norte de Chile\"}]},{\"@type\":\"WebSite\",\"@id\":\"https:\/\/dev.antudigital.cl\/sites\/vc\/#website\",\"url\":\"https:\/\/dev.antudigital.cl\/sites\/vc\/\",\"name\":\"Valpara\u00ed\u00adso Creativo\",\"description\":\"\",\"potentialAction\":[{\"@type\":\"SearchAction\",\"target\":{\"@type\":\"EntryPoint\",\"urlTemplate\":\"https:\/\/dev.antudigital.cl\/sites\/vc\/?s={search_term_string}\"},\"query-input\":{\"@type\":\"PropertyValueSpecification\",\"valueRequired\":true,\"valueName\":\"search_term_string\"}}],\"inLanguage\":\"es\"},{\"@type\":\"Person\",\"@id\":\"https:\/\/dev.antudigital.cl\/sites\/vc\/#\/schema\/person\/c2b9da8dd545e27166fc5ab232837318\",\"name\":\"Valpara\u00edso Creativo\",\"description\":\"Periodista de cultura en la Regi\u00f3n de Valpara\u00edso.\",\"url\":\"https:\/\/dev.antudigital.cl\/sites\/vc\/author\/valpoadmin\/\"}]}<\/script>\n<!-- \/ Yoast SEO plugin. -->","yoast_head_json":{"title":"Pampas Marcianas: La in\u00e9dita pel\u00edcula que combina el documental y la ciencia ficci\u00f3n en el norte de Chile - Valpara\u00ed\u00adso Creativo","robots":{"index":"index","follow":"follow","max-snippet":"max-snippet:-1","max-image-preview":"max-image-preview:large","max-video-preview":"max-video-preview:-1"},"canonical":"https:\/\/dev.antudigital.cl\/sites\/vc\/pampas-marcianas-la-inedita-pelicula-que-combina-el-documental-y-la-ciencia-ficcion-en-el-norte-de-chile\/","og_locale":"es_ES","og_type":"article","og_title":"Pampas Marcianas: La in\u00e9dita pel\u00edcula que combina el documental y la ciencia ficci\u00f3n en el norte de Chile - Valpara\u00ed\u00adso Creativo","og_description":"Del 1 al 30 de junio se celebra el Mes de la Red de Salas de Cine de la mano de cerca de 50 t\u00edtulos nacionales e internacionales exhibidos en las 16 salas de Arica a Coyhaique que conforman la Red junto a otras cinco salas colaboradoras que actualmente est\u00e1n en proceso de ingreso a [&hellip;]","og_url":"https:\/\/dev.antudigital.cl\/sites\/vc\/pampas-marcianas-la-inedita-pelicula-que-combina-el-documental-y-la-ciencia-ficcion-en-el-norte-de-chile\/","og_site_name":"Valpara\u00ed\u00adso Creativo","article_published_time":"2024-06-17T18:51:52+00:00","article_modified_time":"2024-06-17T18:53:53+00:00","og_image":[{"width":2160,"height":1098,"url":"https:\/\/dev.antudigital.cl\/sites\/vc\/wp-content\/uploads\/2024\/06\/Still-Pampas-M_22.jpg","type":"image\/jpeg"}],"author":"Valpara\u00edso Creativo","twitter_card":"summary_large_image","twitter_misc":{"Escrito por":"Valpara\u00edso Creativo","Tiempo de lectura":"4 minutos"},"schema":{"@context":"https:\/\/schema.org","@graph":[{"@type":"Article","@id":"https:\/\/dev.antudigital.cl\/sites\/vc\/pampas-marcianas-la-inedita-pelicula-que-combina-el-documental-y-la-ciencia-ficcion-en-el-norte-de-chile\/#article","isPartOf":{"@id":"https:\/\/dev.antudigital.cl\/sites\/vc\/pampas-marcianas-la-inedita-pelicula-que-combina-el-documental-y-la-ciencia-ficcion-en-el-norte-de-chile\/"},"author":{"name":"Valpara\u00edso Creativo","@id":"https:\/\/dev.antudigital.cl\/sites\/vc\/#\/schema\/person\/c2b9da8dd545e27166fc5ab232837318"},"headline":"Pampas Marcianas: La in\u00e9dita pel\u00edcula que combina el documental y la ciencia ficci\u00f3n en el norte de Chile","datePublished":"2024-06-17T18:51:52+00:00","dateModified":"2024-06-17T18:53:53+00:00","mainEntityOfPage":{"@id":"https:\/\/dev.antudigital.cl\/sites\/vc\/pampas-marcianas-la-inedita-pelicula-que-combina-el-documental-y-la-ciencia-ficcion-en-el-norte-de-chile\/"},"wordCount":761,"image":{"@id":"https:\/\/dev.antudigital.cl\/sites\/vc\/pampas-marcianas-la-inedita-pelicula-que-combina-el-documental-y-la-ciencia-ficcion-en-el-norte-de-chile\/#primaryimage"},"thumbnailUrl":"https:\/\/dev.antudigital.cl\/sites\/vc\/wp-content\/uploads\/2024\/06\/Still-Pampas-M_22.jpg","articleSection":["Noticia"],"inLanguage":"es"},{"@type":"WebPage","@id":"https:\/\/dev.antudigital.cl\/sites\/vc\/pampas-marcianas-la-inedita-pelicula-que-combina-el-documental-y-la-ciencia-ficcion-en-el-norte-de-chile\/","url":"https:\/\/dev.antudigital.cl\/sites\/vc\/pampas-marcianas-la-inedita-pelicula-que-combina-el-documental-y-la-ciencia-ficcion-en-el-norte-de-chile\/","name":"Pampas Marcianas: La in\u00e9dita pel\u00edcula que combina el documental y la ciencia ficci\u00f3n en el norte de Chile - Valpara\u00ed\u00adso Creativo","isPartOf":{"@id":"https:\/\/dev.antudigital.cl\/sites\/vc\/#website"},"primaryImageOfPage":{"@id":"https:\/\/dev.antudigital.cl\/sites\/vc\/pampas-marcianas-la-inedita-pelicula-que-combina-el-documental-y-la-ciencia-ficcion-en-el-norte-de-chile\/#primaryimage"},"image":{"@id":"https:\/\/dev.antudigital.cl\/sites\/vc\/pampas-marcianas-la-inedita-pelicula-que-combina-el-documental-y-la-ciencia-ficcion-en-el-norte-de-chile\/#primaryimage"},"thumbnailUrl":"https:\/\/dev.antudigital.cl\/sites\/vc\/wp-content\/uploads\/2024\/06\/Still-Pampas-M_22.jpg","datePublished":"2024-06-17T18:51:52+00:00","dateModified":"2024-06-17T18:53:53+00:00","author":{"@id":"https:\/\/dev.antudigital.cl\/sites\/vc\/#\/schema\/person\/c2b9da8dd545e27166fc5ab232837318"},"breadcrumb":{"@id":"https:\/\/dev.antudigital.cl\/sites\/vc\/pampas-marcianas-la-inedita-pelicula-que-combina-el-documental-y-la-ciencia-ficcion-en-el-norte-de-chile\/#breadcrumb"},"inLanguage":"es","potentialAction":[{"@type":"ReadAction","target":["https:\/\/dev.antudigital.cl\/sites\/vc\/pampas-marcianas-la-inedita-pelicula-que-combina-el-documental-y-la-ciencia-ficcion-en-el-norte-de-chile\/"]}]},{"@type":"ImageObject","inLanguage":"es","@id":"https:\/\/dev.antudigital.cl\/sites\/vc\/pampas-marcianas-la-inedita-pelicula-que-combina-el-documental-y-la-ciencia-ficcion-en-el-norte-de-chile\/#primaryimage","url":"https:\/\/dev.antudigital.cl\/sites\/vc\/wp-content\/uploads\/2024\/06\/Still-Pampas-M_22.jpg","contentUrl":"https:\/\/dev.antudigital.cl\/sites\/vc\/wp-content\/uploads\/2024\/06\/Still-Pampas-M_22.jpg","width":2160,"height":1098},{"@type":"BreadcrumbList","@id":"https:\/\/dev.antudigital.cl\/sites\/vc\/pampas-marcianas-la-inedita-pelicula-que-combina-el-documental-y-la-ciencia-ficcion-en-el-norte-de-chile\/#breadcrumb","itemListElement":[{"@type":"ListItem","position":1,"name":"Home","item":"https:\/\/dev.antudigital.cl\/sites\/vc\/"},{"@type":"ListItem","position":2,"name":"Pampas Marcianas: La in\u00e9dita pel\u00edcula que combina el documental y la ciencia ficci\u00f3n en el norte de Chile"}]},{"@type":"WebSite","@id":"https:\/\/dev.antudigital.cl\/sites\/vc\/#website","url":"https:\/\/dev.antudigital.cl\/sites\/vc\/","name":"Valpara\u00ed\u00adso Creativo","description":"","potentialAction":[{"@type":"SearchAction","target":{"@type":"EntryPoint","urlTemplate":"https:\/\/dev.antudigital.cl\/sites\/vc\/?s={search_term_string}"},"query-input":{"@type":"PropertyValueSpecification","valueRequired":true,"valueName":"search_term_string"}}],"inLanguage":"es"},{"@type":"Person","@id":"https:\/\/dev.antudigital.cl\/sites\/vc\/#\/schema\/person\/c2b9da8dd545e27166fc5ab232837318","name":"Valpara\u00edso Creativo","description":"Periodista de cultura en la Regi\u00f3n de Valpara\u00edso.","url":"https:\/\/dev.antudigital.cl\/sites\/vc\/author\/valpoadmin\/"}]}},"_links":{"self":[{"href":"https:\/\/dev.antudigital.cl\/sites\/vc\/wp-json\/wp\/v2\/posts\/19384","targetHints":{"allow":["GET"]}}],"collection":[{"href":"https:\/\/dev.antudigital.cl\/sites\/vc\/wp-json\/wp\/v2\/posts"}],"about":[{"href":"https:\/\/dev.antudigital.cl\/sites\/vc\/wp-json\/wp\/v2\/types\/post"}],"author":[{"embeddable":true,"href":"https:\/\/dev.antudigital.cl\/sites\/vc\/wp-json\/wp\/v2\/users\/1"}],"replies":[{"embeddable":true,"href":"https:\/\/dev.antudigital.cl\/sites\/vc\/wp-json\/wp\/v2\/comments?post=19384"}],"version-history":[{"count":2,"href":"https:\/\/dev.antudigital.cl\/sites\/vc\/wp-json\/wp\/v2\/posts\/19384\/revisions"}],"predecessor-version":[{"id":19389,"href":"https:\/\/dev.antudigital.cl\/sites\/vc\/wp-json\/wp\/v2\/posts\/19384\/revisions\/19389"}],"wp:featuredmedia":[{"embeddable":true,"href":"https:\/\/dev.antudigital.cl\/sites\/vc\/wp-json\/wp\/v2\/media\/19385"}],"wp:attachment":[{"href":"https:\/\/dev.antudigital.cl\/sites\/vc\/wp-json\/wp\/v2\/media?parent=19384"}],"wp:term":[{"taxonomy":"category","embeddable":true,"href":"https:\/\/dev.antudigital.cl\/sites\/vc\/wp-json\/wp\/v2\/categories?post=19384"},{"taxonomy":"post_tag","embeddable":true,"href":"https:\/\/dev.antudigital.cl\/sites\/vc\/wp-json\/wp\/v2\/tags?post=19384"}],"curies":[{"name":"wp","href":"https:\/\/api.w.org\/{rel}","templated":true}]}}