{"id":19390,"date":"2024-06-18T01:45:46","date_gmt":"2024-06-18T01:45:46","guid":{"rendered":"https:\/\/www.valparaisocreativo.cl\/?p=19390"},"modified":"2024-06-18T01:46:06","modified_gmt":"2024-06-18T01:46:06","slug":"melissa-johnson-presenta-su-disco-vivir-en-serio-en-el-teatro-municipal-de-vina-del-mar","status":"publish","type":"post","link":"https:\/\/dev.antudigital.cl\/sites\/vc\/melissa-johnson-presenta-su-disco-vivir-en-serio-en-el-teatro-municipal-de-vina-del-mar\/","title":{"rendered":"Melissa Johnson presenta su disco \u00abVivir en serio\u00bb en el Teatro Municipal de Vi\u00f1a del Mar"},"content":{"rendered":"\n<p><em>La cantautora porte\u00f1a realizar\u00e1 el segundo lanzamiento en vivo de su primer disco en el renovado Teatro Municipal de la Ciudad Jard\u00edn, acompa\u00f1ada del bloque femenino de la nueva m\u00fasica popular de Valpara\u00edso.<\/em><\/p>\n\n\n\n<p>Este mi\u00e9rcoles 19 de junio, a las 19:00 horas, el renovado Teatro Municipal de Vi\u00f1a del Mar ser\u00e1 el escenario de una noche de gala imperdible, donde la destacada cantautora porte\u00f1a Melissa Johnson y su banda Chagual, presentar\u00e1n por segunda vez en vivo el disco \u201cVivir en serio\u201d.&nbsp;<\/p>\n\n\n\n<p>El evento, que promete ser un viaje emocional a trav\u00e9s de la m\u00fasica y la poes\u00eda, contar\u00e1 con la participaci\u00f3n especial del \u201cbloque femenino\u201d del nuevo vals, el nuevo bolero y la nueva m\u00fasica popular porte\u00f1a.&nbsp;<\/p>\n\n\n\n<p>Este bloque est\u00e1 compuesto por Yasna Arancibia, Kathy L\u00faa y el Tr\u00edo Licaray\u00e9n. Adem\u00e1s, la intervenci\u00f3n po\u00e9tica de Lou Montenegro a\u00f1adir\u00e1 una dimensi\u00f3n literaria y emotiva. Por otro lado, la jornada contar\u00e1 con la presentaci\u00f3n de Denisse Cabrera, integrante del Ensamble de M\u00fasica Popular del Conservatorio de M\u00fasica de la Pontificia Universidad Cat\u00f3lica de Valpara\u00edso (PUCV).<\/p>\n\n\n\n<figure class=\"wp-block-image size-large\"><img fetchpriority=\"high\" decoding=\"async\" width=\"820\" height=\"1024\" src=\"https:\/\/www.valparaisocreativo.cl\/wp-content\/uploads\/2024\/06\/Melissa-Johnson-y-Chagual-820x1024.jpg\" alt=\"\" class=\"wp-image-19392\" srcset=\"https:\/\/dev.antudigital.cl\/sites\/vc\/wp-content\/uploads\/2024\/06\/Melissa-Johnson-y-Chagual-820x1024.jpg 820w, https:\/\/dev.antudigital.cl\/sites\/vc\/wp-content\/uploads\/2024\/06\/Melissa-Johnson-y-Chagual-240x300.jpg 240w, https:\/\/dev.antudigital.cl\/sites\/vc\/wp-content\/uploads\/2024\/06\/Melissa-Johnson-y-Chagual-768x959.jpg 768w, https:\/\/dev.antudigital.cl\/sites\/vc\/wp-content\/uploads\/2024\/06\/Melissa-Johnson-y-Chagual-1230x1536.jpg 1230w, https:\/\/dev.antudigital.cl\/sites\/vc\/wp-content\/uploads\/2024\/06\/Melissa-Johnson-y-Chagual-1640x2048.jpg 1640w, https:\/\/dev.antudigital.cl\/sites\/vc\/wp-content\/uploads\/2024\/06\/Melissa-Johnson-y-Chagual-1080x1349.jpg 1080w, https:\/\/dev.antudigital.cl\/sites\/vc\/wp-content\/uploads\/2024\/06\/Melissa-Johnson-y-Chagual-1280x1598.jpg 1280w, https:\/\/dev.antudigital.cl\/sites\/vc\/wp-content\/uploads\/2024\/06\/Melissa-Johnson-y-Chagual-980x1224.jpg 980w, https:\/\/dev.antudigital.cl\/sites\/vc\/wp-content\/uploads\/2024\/06\/Melissa-Johnson-y-Chagual-480x599.jpg 480w, https:\/\/dev.antudigital.cl\/sites\/vc\/wp-content\/uploads\/2024\/06\/Melissa-Johnson-y-Chagual-19x24.jpg 19w, https:\/\/dev.antudigital.cl\/sites\/vc\/wp-content\/uploads\/2024\/06\/Melissa-Johnson-y-Chagual-29x36.jpg 29w, https:\/\/dev.antudigital.cl\/sites\/vc\/wp-content\/uploads\/2024\/06\/Melissa-Johnson-y-Chagual-38x48.jpg 38w\" sizes=\"(max-width: 820px) 100vw, 820px\" \/><figcaption class=\"wp-element-caption\">Mundaca Electo<\/figcaption><\/figure>\n\n\n\n<p>Para Melissa Johnson, hacer un segundo lanzamiento en el Teatro Municipal de Vi\u00f1a del Mar \u201c<em>es una hermosa oportunidad de darle valor al trabajo que vengo haciendo hace muchos a\u00f1os y, de paso, el trabajo que vienen haciendo muchas de mis colegas. Considero que es uno de los escenarios m\u00e1s importantes de la Quinta Regi\u00f3n y es una felicidad poder entregar este trabajo, que se hace con tanto esfuerzo y con tanto amor; en condiciones tan dignas<\/em>\u201d.<\/p>\n\n\n\n<p>De esta manera, se da a conocer el trabajo de mujeres creadoras que est\u00e1n dejando una huella significativa y refrescando el repertorio del circuito art\u00edstico de Valpara\u00edso, no s\u00f3lo con nuevas historias de vida y realidades, sino que tambi\u00e9n experimentando con sonoridades urbanas modernas.<\/p>\n\n\n\n<figure class=\"wp-block-image size-large\"><img decoding=\"async\" width=\"760\" height=\"1024\" src=\"https:\/\/www.valparaisocreativo.cl\/wp-content\/uploads\/2024\/06\/Melissa-Johnson-760x1024.jpg\" alt=\"\" class=\"wp-image-19391\" srcset=\"https:\/\/dev.antudigital.cl\/sites\/vc\/wp-content\/uploads\/2024\/06\/Melissa-Johnson-760x1024.jpg 760w, https:\/\/dev.antudigital.cl\/sites\/vc\/wp-content\/uploads\/2024\/06\/Melissa-Johnson-223x300.jpg 223w, https:\/\/dev.antudigital.cl\/sites\/vc\/wp-content\/uploads\/2024\/06\/Melissa-Johnson-768x1035.jpg 768w, https:\/\/dev.antudigital.cl\/sites\/vc\/wp-content\/uploads\/2024\/06\/Melissa-Johnson-1139x1536.jpg 1139w, https:\/\/dev.antudigital.cl\/sites\/vc\/wp-content\/uploads\/2024\/06\/Melissa-Johnson-1519x2048.jpg 1519w, https:\/\/dev.antudigital.cl\/sites\/vc\/wp-content\/uploads\/2024\/06\/Melissa-Johnson-1080x1456.jpg 1080w, https:\/\/dev.antudigital.cl\/sites\/vc\/wp-content\/uploads\/2024\/06\/Melissa-Johnson-1280x1726.jpg 1280w, https:\/\/dev.antudigital.cl\/sites\/vc\/wp-content\/uploads\/2024\/06\/Melissa-Johnson-980x1321.jpg 980w, https:\/\/dev.antudigital.cl\/sites\/vc\/wp-content\/uploads\/2024\/06\/Melissa-Johnson-480x647.jpg 480w, https:\/\/dev.antudigital.cl\/sites\/vc\/wp-content\/uploads\/2024\/06\/Melissa-Johnson-18x24.jpg 18w, https:\/\/dev.antudigital.cl\/sites\/vc\/wp-content\/uploads\/2024\/06\/Melissa-Johnson-27x36.jpg 27w, https:\/\/dev.antudigital.cl\/sites\/vc\/wp-content\/uploads\/2024\/06\/Melissa-Johnson-36x48.jpg 36w, https:\/\/dev.antudigital.cl\/sites\/vc\/wp-content\/uploads\/2024\/06\/Melissa-Johnson-scaled.jpg 1899w\" sizes=\"(max-width: 760px) 100vw, 760px\" \/><\/figure>\n\n\n\n<p>En ese sentido, la autora de los ocho temas que componen el disco, destaca \u201c<em>la importancia y el valor que debemos dar al trabajo de nosotras, mujeres en la m\u00fasica en mi caso, porque muchos a\u00f1os han estado los hombres ocupando estos espacios. Es el momento de mostrar con igualdad de oportunidad el trabajo que podemos realizar, que es de alta calidad, que tiene composiciones con una nueva mirada, relatando nuevas realidades de vida que no son las mismas de nuestras abuelas y que, por ende, puede tocar la fibra emocional de muchas otras mujeres que tambi\u00e9n han crecido escuchando boleros y valses<\/em>\u201d.<\/p>\n\n\n\n<p><strong>\u00abVivir en serio\u00bb<\/strong>, el primer disco de Melissa Johnson, promete llevar al p\u00fablico por un recorrido emocional a trav\u00e9s de sus letras profundas y arreglos instrumentales cuidadosamente elaborados. Junto a los destacados m\u00fasicos de Chagual, ofrecer\u00e1 una presentaci\u00f3n que resalta la influencia de g\u00e9neros musicales extranjeros procesados y reinterpretados con una identidad propia y aut\u00e9ntica.<\/p>\n\n\n\n<p>La cita es el pr\u00f3ximo mi\u00e9rcoles 19 de junio, a partir de las 19:00 horas, en el Teatro Municipal de Vi\u00f1a del Mar, ubicado en la Plaza Jos\u00e9 Francisco Vergara s\/n. La entrada para este evento es liberada, pero requiere inscripci\u00f3n previa en&nbsp;<a href=\"http:\/\/www.teatrovina.cl\/\" target=\"_blank\" rel=\"noreferrer noopener\">www.teatrovina.cl<\/a>&nbsp;&nbsp;<\/p>\n\n\n\n<p><strong><a href=\"https:\/\/open.spotify.com\/intl-es\/album\/75UEFLrOcvnUiICFWs6wex?si=7eMaz3kCQHWZmqHaoX_FPw\" target=\"_blank\" rel=\"noreferrer noopener\">Escucha Vivir en serio en Spotify<\/a><\/strong><\/p>\n\n\n\n<p><strong><a href=\"https:\/\/www.instagram.com\/melissajohnsonychagual\/?hl=es\" target=\"_blank\" rel=\"noreferrer noopener\">Instagram Melissa Johnson y Chagual<\/a><\/strong><\/p>\n","protected":false},"excerpt":{"rendered":"<p>La cantautora porte\u00f1a realizar\u00e1 el segundo lanzamiento en vivo de su primer disco en el renovado Teatro Municipal de la Ciudad Jard\u00edn, acompa\u00f1ada del bloque femenino de la nueva m\u00fasica popular de Valpara\u00edso. Este mi\u00e9rcoles 19 de junio, a las 19:00 horas, el renovado Teatro Municipal de Vi\u00f1a del Mar ser\u00e1 el escenario de una [&hellip;]<\/p>\n","protected":false},"author":1,"featured_media":19406,"comment_status":"closed","ping_status":"closed","sticky":false,"template":"","format":"standard","meta":{"_acf_changed":false,"footnotes":""},"categories":[1],"tags":[],"class_list":["post-19390","post","type-post","status-publish","format-standard","has-post-thumbnail","hentry","category-uncategorized"],"acf":[],"yoast_head":"<!-- This site is optimized with the Yoast SEO plugin v27.1.1 - https:\/\/yoast.com\/product\/yoast-seo-wordpress\/ -->\n<title>Melissa Johnson presenta su disco &quot;Vivir en serio&quot; en el Teatro Municipal de Vi\u00f1a del Mar - Valpara\u00ed\u00adso Creativo<\/title>\n<meta name=\"robots\" content=\"index, follow, max-snippet:-1, max-image-preview:large, max-video-preview:-1\" \/>\n<link rel=\"canonical\" href=\"https:\/\/dev.antudigital.cl\/sites\/vc\/melissa-johnson-presenta-su-disco-vivir-en-serio-en-el-teatro-municipal-de-vina-del-mar\/\" \/>\n<meta property=\"og:locale\" content=\"es_ES\" \/>\n<meta property=\"og:type\" content=\"article\" \/>\n<meta property=\"og:title\" content=\"Melissa Johnson presenta su disco &quot;Vivir en serio&quot; en el Teatro Municipal de Vi\u00f1a del Mar - Valpara\u00ed\u00adso Creativo\" \/>\n<meta property=\"og:description\" content=\"La cantautora porte\u00f1a realizar\u00e1 el segundo lanzamiento en vivo de su primer disco en el renovado Teatro Municipal de la Ciudad Jard\u00edn, acompa\u00f1ada del bloque femenino de la nueva m\u00fasica popular de Valpara\u00edso. Este mi\u00e9rcoles 19 de junio, a las 19:00 horas, el renovado Teatro Municipal de Vi\u00f1a del Mar ser\u00e1 el escenario de una [&hellip;]\" \/>\n<meta property=\"og:url\" content=\"https:\/\/dev.antudigital.cl\/sites\/vc\/melissa-johnson-presenta-su-disco-vivir-en-serio-en-el-teatro-municipal-de-vina-del-mar\/\" \/>\n<meta property=\"og:site_name\" content=\"Valpara\u00ed\u00adso Creativo\" \/>\n<meta property=\"article:published_time\" content=\"2024-06-18T01:45:46+00:00\" \/>\n<meta property=\"article:modified_time\" content=\"2024-06-18T01:46:06+00:00\" \/>\n<meta property=\"og:image\" content=\"https:\/\/dev.antudigital.cl\/sites\/vc\/wp-content\/uploads\/2024\/06\/DSC0521-1.jpg\" \/>\n\t<meta property=\"og:image:width\" content=\"1000\" \/>\n\t<meta property=\"og:image:height\" content=\"668\" \/>\n\t<meta property=\"og:image:type\" content=\"image\/jpeg\" \/>\n<meta name=\"author\" content=\"Valpara\u00edso Creativo\" \/>\n<meta name=\"twitter:card\" content=\"summary_large_image\" \/>\n<meta name=\"twitter:label1\" content=\"Escrito por\" \/>\n\t<meta name=\"twitter:data1\" content=\"Valpara\u00edso Creativo\" \/>\n\t<meta name=\"twitter:label2\" content=\"Tiempo de lectura\" \/>\n\t<meta name=\"twitter:data2\" content=\"3 minutos\" \/>\n<script type=\"application\/ld+json\" class=\"yoast-schema-graph\">{\"@context\":\"https:\/\/schema.org\",\"@graph\":[{\"@type\":\"Article\",\"@id\":\"https:\/\/dev.antudigital.cl\/sites\/vc\/melissa-johnson-presenta-su-disco-vivir-en-serio-en-el-teatro-municipal-de-vina-del-mar\/#article\",\"isPartOf\":{\"@id\":\"https:\/\/dev.antudigital.cl\/sites\/vc\/melissa-johnson-presenta-su-disco-vivir-en-serio-en-el-teatro-municipal-de-vina-del-mar\/\"},\"author\":{\"name\":\"Valpara\u00edso Creativo\",\"@id\":\"https:\/\/dev.antudigital.cl\/sites\/vc\/#\/schema\/person\/c2b9da8dd545e27166fc5ab232837318\"},\"headline\":\"Melissa Johnson presenta su disco \u00abVivir en serio\u00bb en el Teatro Municipal de Vi\u00f1a del Mar\",\"datePublished\":\"2024-06-18T01:45:46+00:00\",\"dateModified\":\"2024-06-18T01:46:06+00:00\",\"mainEntityOfPage\":{\"@id\":\"https:\/\/dev.antudigital.cl\/sites\/vc\/melissa-johnson-presenta-su-disco-vivir-en-serio-en-el-teatro-municipal-de-vina-del-mar\/\"},\"wordCount\":580,\"image\":{\"@id\":\"https:\/\/dev.antudigital.cl\/sites\/vc\/melissa-johnson-presenta-su-disco-vivir-en-serio-en-el-teatro-municipal-de-vina-del-mar\/#primaryimage\"},\"thumbnailUrl\":\"https:\/\/dev.antudigital.cl\/sites\/vc\/wp-content\/uploads\/2024\/06\/DSC0521-1.jpg\",\"articleSection\":[\"Uncategorized\"],\"inLanguage\":\"es\"},{\"@type\":\"WebPage\",\"@id\":\"https:\/\/dev.antudigital.cl\/sites\/vc\/melissa-johnson-presenta-su-disco-vivir-en-serio-en-el-teatro-municipal-de-vina-del-mar\/\",\"url\":\"https:\/\/dev.antudigital.cl\/sites\/vc\/melissa-johnson-presenta-su-disco-vivir-en-serio-en-el-teatro-municipal-de-vina-del-mar\/\",\"name\":\"Melissa Johnson presenta su disco \\\"Vivir en serio\\\" en el Teatro Municipal de Vi\u00f1a del Mar - Valpara\u00ed\u00adso Creativo\",\"isPartOf\":{\"@id\":\"https:\/\/dev.antudigital.cl\/sites\/vc\/#website\"},\"primaryImageOfPage\":{\"@id\":\"https:\/\/dev.antudigital.cl\/sites\/vc\/melissa-johnson-presenta-su-disco-vivir-en-serio-en-el-teatro-municipal-de-vina-del-mar\/#primaryimage\"},\"image\":{\"@id\":\"https:\/\/dev.antudigital.cl\/sites\/vc\/melissa-johnson-presenta-su-disco-vivir-en-serio-en-el-teatro-municipal-de-vina-del-mar\/#primaryimage\"},\"thumbnailUrl\":\"https:\/\/dev.antudigital.cl\/sites\/vc\/wp-content\/uploads\/2024\/06\/DSC0521-1.jpg\",\"datePublished\":\"2024-06-18T01:45:46+00:00\",\"dateModified\":\"2024-06-18T01:46:06+00:00\",\"author\":{\"@id\":\"https:\/\/dev.antudigital.cl\/sites\/vc\/#\/schema\/person\/c2b9da8dd545e27166fc5ab232837318\"},\"breadcrumb\":{\"@id\":\"https:\/\/dev.antudigital.cl\/sites\/vc\/melissa-johnson-presenta-su-disco-vivir-en-serio-en-el-teatro-municipal-de-vina-del-mar\/#breadcrumb\"},\"inLanguage\":\"es\",\"potentialAction\":[{\"@type\":\"ReadAction\",\"target\":[\"https:\/\/dev.antudigital.cl\/sites\/vc\/melissa-johnson-presenta-su-disco-vivir-en-serio-en-el-teatro-municipal-de-vina-del-mar\/\"]}]},{\"@type\":\"ImageObject\",\"inLanguage\":\"es\",\"@id\":\"https:\/\/dev.antudigital.cl\/sites\/vc\/melissa-johnson-presenta-su-disco-vivir-en-serio-en-el-teatro-municipal-de-vina-del-mar\/#primaryimage\",\"url\":\"https:\/\/dev.antudigital.cl\/sites\/vc\/wp-content\/uploads\/2024\/06\/DSC0521-1.jpg\",\"contentUrl\":\"https:\/\/dev.antudigital.cl\/sites\/vc\/wp-content\/uploads\/2024\/06\/DSC0521-1.jpg\",\"width\":1000,\"height\":668},{\"@type\":\"BreadcrumbList\",\"@id\":\"https:\/\/dev.antudigital.cl\/sites\/vc\/melissa-johnson-presenta-su-disco-vivir-en-serio-en-el-teatro-municipal-de-vina-del-mar\/#breadcrumb\",\"itemListElement\":[{\"@type\":\"ListItem\",\"position\":1,\"name\":\"Home\",\"item\":\"https:\/\/dev.antudigital.cl\/sites\/vc\/\"},{\"@type\":\"ListItem\",\"position\":2,\"name\":\"Melissa Johnson presenta su disco \u00abVivir en serio\u00bb en el Teatro Municipal de Vi\u00f1a del Mar\"}]},{\"@type\":\"WebSite\",\"@id\":\"https:\/\/dev.antudigital.cl\/sites\/vc\/#website\",\"url\":\"https:\/\/dev.antudigital.cl\/sites\/vc\/\",\"name\":\"Valpara\u00ed\u00adso Creativo\",\"description\":\"\",\"potentialAction\":[{\"@type\":\"SearchAction\",\"target\":{\"@type\":\"EntryPoint\",\"urlTemplate\":\"https:\/\/dev.antudigital.cl\/sites\/vc\/?s={search_term_string}\"},\"query-input\":{\"@type\":\"PropertyValueSpecification\",\"valueRequired\":true,\"valueName\":\"search_term_string\"}}],\"inLanguage\":\"es\"},{\"@type\":\"Person\",\"@id\":\"https:\/\/dev.antudigital.cl\/sites\/vc\/#\/schema\/person\/c2b9da8dd545e27166fc5ab232837318\",\"name\":\"Valpara\u00edso Creativo\",\"description\":\"Periodista de cultura en la Regi\u00f3n de Valpara\u00edso.\",\"url\":\"https:\/\/dev.antudigital.cl\/sites\/vc\/author\/valpoadmin\/\"}]}<\/script>\n<!-- \/ Yoast SEO plugin. -->","yoast_head_json":{"title":"Melissa Johnson presenta su disco \"Vivir en serio\" en el Teatro Municipal de Vi\u00f1a del Mar - Valpara\u00ed\u00adso Creativo","robots":{"index":"index","follow":"follow","max-snippet":"max-snippet:-1","max-image-preview":"max-image-preview:large","max-video-preview":"max-video-preview:-1"},"canonical":"https:\/\/dev.antudigital.cl\/sites\/vc\/melissa-johnson-presenta-su-disco-vivir-en-serio-en-el-teatro-municipal-de-vina-del-mar\/","og_locale":"es_ES","og_type":"article","og_title":"Melissa Johnson presenta su disco \"Vivir en serio\" en el Teatro Municipal de Vi\u00f1a del Mar - Valpara\u00ed\u00adso Creativo","og_description":"La cantautora porte\u00f1a realizar\u00e1 el segundo lanzamiento en vivo de su primer disco en el renovado Teatro Municipal de la Ciudad Jard\u00edn, acompa\u00f1ada del bloque femenino de la nueva m\u00fasica popular de Valpara\u00edso. Este mi\u00e9rcoles 19 de junio, a las 19:00 horas, el renovado Teatro Municipal de Vi\u00f1a del Mar ser\u00e1 el escenario de una [&hellip;]","og_url":"https:\/\/dev.antudigital.cl\/sites\/vc\/melissa-johnson-presenta-su-disco-vivir-en-serio-en-el-teatro-municipal-de-vina-del-mar\/","og_site_name":"Valpara\u00ed\u00adso Creativo","article_published_time":"2024-06-18T01:45:46+00:00","article_modified_time":"2024-06-18T01:46:06+00:00","og_image":[{"width":1000,"height":668,"url":"https:\/\/dev.antudigital.cl\/sites\/vc\/wp-content\/uploads\/2024\/06\/DSC0521-1.jpg","type":"image\/jpeg"}],"author":"Valpara\u00edso Creativo","twitter_card":"summary_large_image","twitter_misc":{"Escrito por":"Valpara\u00edso Creativo","Tiempo de lectura":"3 minutos"},"schema":{"@context":"https:\/\/schema.org","@graph":[{"@type":"Article","@id":"https:\/\/dev.antudigital.cl\/sites\/vc\/melissa-johnson-presenta-su-disco-vivir-en-serio-en-el-teatro-municipal-de-vina-del-mar\/#article","isPartOf":{"@id":"https:\/\/dev.antudigital.cl\/sites\/vc\/melissa-johnson-presenta-su-disco-vivir-en-serio-en-el-teatro-municipal-de-vina-del-mar\/"},"author":{"name":"Valpara\u00edso Creativo","@id":"https:\/\/dev.antudigital.cl\/sites\/vc\/#\/schema\/person\/c2b9da8dd545e27166fc5ab232837318"},"headline":"Melissa Johnson presenta su disco \u00abVivir en serio\u00bb en el Teatro Municipal de Vi\u00f1a del Mar","datePublished":"2024-06-18T01:45:46+00:00","dateModified":"2024-06-18T01:46:06+00:00","mainEntityOfPage":{"@id":"https:\/\/dev.antudigital.cl\/sites\/vc\/melissa-johnson-presenta-su-disco-vivir-en-serio-en-el-teatro-municipal-de-vina-del-mar\/"},"wordCount":580,"image":{"@id":"https:\/\/dev.antudigital.cl\/sites\/vc\/melissa-johnson-presenta-su-disco-vivir-en-serio-en-el-teatro-municipal-de-vina-del-mar\/#primaryimage"},"thumbnailUrl":"https:\/\/dev.antudigital.cl\/sites\/vc\/wp-content\/uploads\/2024\/06\/DSC0521-1.jpg","articleSection":["Uncategorized"],"inLanguage":"es"},{"@type":"WebPage","@id":"https:\/\/dev.antudigital.cl\/sites\/vc\/melissa-johnson-presenta-su-disco-vivir-en-serio-en-el-teatro-municipal-de-vina-del-mar\/","url":"https:\/\/dev.antudigital.cl\/sites\/vc\/melissa-johnson-presenta-su-disco-vivir-en-serio-en-el-teatro-municipal-de-vina-del-mar\/","name":"Melissa Johnson presenta su disco \"Vivir en serio\" en el Teatro Municipal de Vi\u00f1a del Mar - Valpara\u00ed\u00adso Creativo","isPartOf":{"@id":"https:\/\/dev.antudigital.cl\/sites\/vc\/#website"},"primaryImageOfPage":{"@id":"https:\/\/dev.antudigital.cl\/sites\/vc\/melissa-johnson-presenta-su-disco-vivir-en-serio-en-el-teatro-municipal-de-vina-del-mar\/#primaryimage"},"image":{"@id":"https:\/\/dev.antudigital.cl\/sites\/vc\/melissa-johnson-presenta-su-disco-vivir-en-serio-en-el-teatro-municipal-de-vina-del-mar\/#primaryimage"},"thumbnailUrl":"https:\/\/dev.antudigital.cl\/sites\/vc\/wp-content\/uploads\/2024\/06\/DSC0521-1.jpg","datePublished":"2024-06-18T01:45:46+00:00","dateModified":"2024-06-18T01:46:06+00:00","author":{"@id":"https:\/\/dev.antudigital.cl\/sites\/vc\/#\/schema\/person\/c2b9da8dd545e27166fc5ab232837318"},"breadcrumb":{"@id":"https:\/\/dev.antudigital.cl\/sites\/vc\/melissa-johnson-presenta-su-disco-vivir-en-serio-en-el-teatro-municipal-de-vina-del-mar\/#breadcrumb"},"inLanguage":"es","potentialAction":[{"@type":"ReadAction","target":["https:\/\/dev.antudigital.cl\/sites\/vc\/melissa-johnson-presenta-su-disco-vivir-en-serio-en-el-teatro-municipal-de-vina-del-mar\/"]}]},{"@type":"ImageObject","inLanguage":"es","@id":"https:\/\/dev.antudigital.cl\/sites\/vc\/melissa-johnson-presenta-su-disco-vivir-en-serio-en-el-teatro-municipal-de-vina-del-mar\/#primaryimage","url":"https:\/\/dev.antudigital.cl\/sites\/vc\/wp-content\/uploads\/2024\/06\/DSC0521-1.jpg","contentUrl":"https:\/\/dev.antudigital.cl\/sites\/vc\/wp-content\/uploads\/2024\/06\/DSC0521-1.jpg","width":1000,"height":668},{"@type":"BreadcrumbList","@id":"https:\/\/dev.antudigital.cl\/sites\/vc\/melissa-johnson-presenta-su-disco-vivir-en-serio-en-el-teatro-municipal-de-vina-del-mar\/#breadcrumb","itemListElement":[{"@type":"ListItem","position":1,"name":"Home","item":"https:\/\/dev.antudigital.cl\/sites\/vc\/"},{"@type":"ListItem","position":2,"name":"Melissa Johnson presenta su disco \u00abVivir en serio\u00bb en el Teatro Municipal de Vi\u00f1a del Mar"}]},{"@type":"WebSite","@id":"https:\/\/dev.antudigital.cl\/sites\/vc\/#website","url":"https:\/\/dev.antudigital.cl\/sites\/vc\/","name":"Valpara\u00ed\u00adso Creativo","description":"","potentialAction":[{"@type":"SearchAction","target":{"@type":"EntryPoint","urlTemplate":"https:\/\/dev.antudigital.cl\/sites\/vc\/?s={search_term_string}"},"query-input":{"@type":"PropertyValueSpecification","valueRequired":true,"valueName":"search_term_string"}}],"inLanguage":"es"},{"@type":"Person","@id":"https:\/\/dev.antudigital.cl\/sites\/vc\/#\/schema\/person\/c2b9da8dd545e27166fc5ab232837318","name":"Valpara\u00edso Creativo","description":"Periodista de cultura en la Regi\u00f3n de Valpara\u00edso.","url":"https:\/\/dev.antudigital.cl\/sites\/vc\/author\/valpoadmin\/"}]}},"_links":{"self":[{"href":"https:\/\/dev.antudigital.cl\/sites\/vc\/wp-json\/wp\/v2\/posts\/19390","targetHints":{"allow":["GET"]}}],"collection":[{"href":"https:\/\/dev.antudigital.cl\/sites\/vc\/wp-json\/wp\/v2\/posts"}],"about":[{"href":"https:\/\/dev.antudigital.cl\/sites\/vc\/wp-json\/wp\/v2\/types\/post"}],"author":[{"embeddable":true,"href":"https:\/\/dev.antudigital.cl\/sites\/vc\/wp-json\/wp\/v2\/users\/1"}],"replies":[{"embeddable":true,"href":"https:\/\/dev.antudigital.cl\/sites\/vc\/wp-json\/wp\/v2\/comments?post=19390"}],"version-history":[{"count":1,"href":"https:\/\/dev.antudigital.cl\/sites\/vc\/wp-json\/wp\/v2\/posts\/19390\/revisions"}],"predecessor-version":[{"id":19393,"href":"https:\/\/dev.antudigital.cl\/sites\/vc\/wp-json\/wp\/v2\/posts\/19390\/revisions\/19393"}],"wp:featuredmedia":[{"embeddable":true,"href":"https:\/\/dev.antudigital.cl\/sites\/vc\/wp-json\/wp\/v2\/media\/19406"}],"wp:attachment":[{"href":"https:\/\/dev.antudigital.cl\/sites\/vc\/wp-json\/wp\/v2\/media?parent=19390"}],"wp:term":[{"taxonomy":"category","embeddable":true,"href":"https:\/\/dev.antudigital.cl\/sites\/vc\/wp-json\/wp\/v2\/categories?post=19390"},{"taxonomy":"post_tag","embeddable":true,"href":"https:\/\/dev.antudigital.cl\/sites\/vc\/wp-json\/wp\/v2\/tags?post=19390"}],"curies":[{"name":"wp","href":"https:\/\/api.w.org\/{rel}","templated":true}]}}