{"id":19394,"date":"2024-06-17T21:45:01","date_gmt":"2024-06-17T21:45:01","guid":{"rendered":"https:\/\/www.valparaisocreativo.cl\/?p=19394"},"modified":"2024-06-17T21:45:19","modified_gmt":"2024-06-17T21:45:19","slug":"instituto-profesional-arcos-se-suma-al-llamado-a-integrar-comites-gestores-de-valparaiso-creativo","status":"publish","type":"post","link":"https:\/\/dev.antudigital.cl\/sites\/vc\/instituto-profesional-arcos-se-suma-al-llamado-a-integrar-comites-gestores-de-valparaiso-creativo\/","title":{"rendered":"Instituto Profesional ARCOS se suma al llamado a integrar Comit\u00e9s Gestores de Valpara\u00edso Creativo"},"content":{"rendered":"\n<p>El programa Estrat\u00e9gico Regional de Corfo abri\u00f3 un nuevo ciclo de funcionamiento y para su periodo actual se encuentra en b\u00fasqueda de nuevos\/as integrantes de sus denominados \u201cComit\u00e9s Gestores\u201d.<\/p>\n\n\n\n<p>Valpara\u00edso Creativo est\u00e1 conformado por una gobernanza (llamada Comit\u00e9 Ejecutivo) que est\u00e1 a la cabeza de estos Comit\u00e9s, junto al equipo conformado por organismos p\u00fablicos y privados del ecosistema creativo de la regi\u00f3n y que representan diversos intereses y \u00e1reas de la Econom\u00eda Creativa. A su vez, los Comit\u00e9 Gestores son instancias anexas con reuniones mensuales, donde a trav\u00e9s de la representaci\u00f3n de gremios y rubros de la Econom\u00eda Creativa se busca potenciar y articular, generando desde estas reuniones, activaciones en la regi\u00f3n de Valpara\u00edso.<\/p>\n\n\n\n<p>M\u00fasica, patrimonio, servicios creativos y turismo creativo son las cuatro \u00e1reas de acci\u00f3n de la Hoja de Ruta de Valpara\u00edso Creativo y, por ende, de los Comit\u00e9 Gestores. Durante tan solo el a\u00f1o 2023 se <a href=\"https:\/\/www.valparaisocreativo.cl\/las-diez-iniciativas-reunen-a-los-proyectos-mas-destacados-de-la-economia-creativa-en-valparaiso\/\">levantaron 10 iniciativas desde Comit\u00e9 Gestor con el financiamiento de Valpara\u00edso Creativo<\/a>, a trav\u00e9s de las cuales se genera un impacto directo en la escena y econom\u00eda local en el \u00e1mbito creativo.<\/p>\n\n\n\n<p>Sobre esta instancia de asociatividad, <strong>Tom\u00e1s Albagly<\/strong>, <strong>director regional de I.P. ARCOS y presidente del Comit\u00e9 Ejecutivo de Valpara\u00edso Creativo<\/strong>, se\u00f1al\u00f3 que <em>\u201cdesde el I.P. ARCOS presidimos el Comit\u00e9 Ejecutivo y participamos de&nbsp; los diversos comit\u00e9s gestores de Valpara\u00edso Creativo, ya que por una parte es una muestra relevante de la comunidad art\u00edstica activa que est\u00e1 presente en el territorio y, por otra, es un espacio importante de generaci\u00f3n de redes y trabajo asociativo y colaborativo que impacta s\u00ed o s\u00ed en el&nbsp; desarrollo de las econom\u00edas creativas en la regi\u00f3n\u201d&nbsp;<\/em><\/p>\n\n\n\n<p>Durante el a\u00f1o 2024, Valpara\u00edso Creativo decidi\u00f3 amplificar el llamado a participaci\u00f3n en estas reuniones, con la intenci\u00f3n de reunir a la mayor cantidad de entes de distintas disciplinas y saberes a colaborar y co-crear proyectos en conjunto, siempre con la intenci\u00f3n de encontrar aliados estrat\u00e9gicos comprometidos y que representen a colectividades, lo que es valioso para generar una mejor cobertura del territorio.<\/p>\n\n\n\n<p>Por su parte, <strong>Alexandra Gar\u00edn, ejecutiva territorial de Valpara\u00edso Creativo<\/strong>, agrega que <em>\u201cestamos buscando m\u00e1s representaci\u00f3n de otros territorios<\/em>\u201d, con el objetivo de ampliar el enfoque descentralizado del programa en su actual ejecuci\u00f3n.<\/p>\n\n\n\n<p><em>\u201cLa convocatoria es a asociaciones gremiales, organizaciones, colectivos y entes representativos de distintas \u00e1reas que se relacionen con nuestras cuatro l\u00edneas de acci\u00f3n seg\u00fan la Hoja de Ruta: Patrimonio, Turismo Creativo, Ciudad Creativa de la M\u00fasica y Servicios Creativos. Es importante para nosotros expandir nuestra cantidad de colaboradores y beneficiarios\u201d,<\/em> comenta tambi\u00e9n Alexandra.<\/p>\n\n\n\n<p>Las actividades que emanan de esta instancia destacan por su variedad, incluyendo desde combinaciones de cine y gastronom\u00eda, hasta estudios de impacto de audiencias en eventos y rescate patrimonial inmaterial, entre otras tem\u00e1ticas.<\/p>\n\n\n\n<p>Valpara\u00edso Creativo, como organizaci\u00f3n, requiere de una constante retroalimentaci\u00f3n y colaboraci\u00f3n con actores que sean clave en el desarrollo de la Econom\u00eda Creativa en la regi\u00f3n, as\u00ed como lo ha sido Instituto Profesional ARCOS, impulsando una serie de activaciones a trav\u00e9s del trabajo asociativo tanto desde el Comit\u00e9 Ejecutivo, como tambi\u00e9n desde los Comit\u00e9 Gestores. Y se destaca por ser la \u00fanica entidad con este rol y nivel participativo en la gobernanza del programa de CORFO.<\/p>\n\n\n\n<p><strong>CONVOCATORIA <\/strong><strong>GOBERNANZA DE CO-GESTI\u00d3N<\/strong><\/p>\n\n\n\n<p>El llamado a participar es para aquellas organizaciones o instituciones que trabajen en torno a la Econom\u00eda Creativa, m\u00e1s espec\u00edficamente sobre los cuatro pilares de Hoja de Ruta antes mencionados, para el desarrollo del sector en la regi\u00f3n.<\/p>\n\n\n\n<p>La convocatoria se encuentra abierta hasta el 21 de junio.&nbsp;<\/p>\n\n\n\n<p><a href=\"https:\/\/show.forms.app\/form\/665dedb5f6f2e171f0c910ff\">FORMULARIO DE POSTULACI\u00d3N<\/a><\/p>\n\n\n\n<figure class=\"wp-block-image size-large\"><img fetchpriority=\"high\" decoding=\"async\" width=\"1024\" height=\"992\" src=\"https:\/\/www.valparaisocreativo.cl\/wp-content\/uploads\/2024\/06\/Convocaotria-CCGG-1024x992.jpeg\" alt=\"\" class=\"wp-image-19396\" srcset=\"https:\/\/dev.antudigital.cl\/sites\/vc\/wp-content\/uploads\/2024\/06\/Convocaotria-CCGG-1024x992.jpeg 1024w, https:\/\/dev.antudigital.cl\/sites\/vc\/wp-content\/uploads\/2024\/06\/Convocaotria-CCGG-300x291.jpeg 300w, https:\/\/dev.antudigital.cl\/sites\/vc\/wp-content\/uploads\/2024\/06\/Convocaotria-CCGG-768x744.jpeg 768w, https:\/\/dev.antudigital.cl\/sites\/vc\/wp-content\/uploads\/2024\/06\/Convocaotria-CCGG-1080x1047.jpeg 1080w, https:\/\/dev.antudigital.cl\/sites\/vc\/wp-content\/uploads\/2024\/06\/Convocaotria-CCGG-980x950.jpeg 980w, https:\/\/dev.antudigital.cl\/sites\/vc\/wp-content\/uploads\/2024\/06\/Convocaotria-CCGG-480x465.jpeg 480w, https:\/\/dev.antudigital.cl\/sites\/vc\/wp-content\/uploads\/2024\/06\/Convocaotria-CCGG-24x24.jpeg 24w, https:\/\/dev.antudigital.cl\/sites\/vc\/wp-content\/uploads\/2024\/06\/Convocaotria-CCGG-36x36.jpeg 36w, https:\/\/dev.antudigital.cl\/sites\/vc\/wp-content\/uploads\/2024\/06\/Convocaotria-CCGG-48x48.jpeg 48w, https:\/\/dev.antudigital.cl\/sites\/vc\/wp-content\/uploads\/2024\/06\/Convocaotria-CCGG.jpeg 1170w\" sizes=\"(max-width: 1024px) 100vw, 1024px\" \/><\/figure>\n","protected":false},"excerpt":{"rendered":"<p>El programa Estrat\u00e9gico Regional de Corfo abri\u00f3 un nuevo ciclo de funcionamiento y para su periodo actual se encuentra en b\u00fasqueda de nuevos\/as integrantes de sus denominados \u201cComit\u00e9s Gestores\u201d. Valpara\u00edso Creativo est\u00e1 conformado por una gobernanza (llamada Comit\u00e9 Ejecutivo) que est\u00e1 a la cabeza de estos Comit\u00e9s, junto al equipo conformado por organismos p\u00fablicos y [&hellip;]<\/p>\n","protected":false},"author":1,"featured_media":19395,"comment_status":"closed","ping_status":"closed","sticky":false,"template":"","format":"standard","meta":{"_acf_changed":false,"footnotes":""},"categories":[218],"tags":[],"class_list":["post-19394","post","type-post","status-publish","format-standard","has-post-thumbnail","hentry","category-blog"],"acf":[],"yoast_head":"<!-- This site is optimized with the Yoast SEO plugin v27.1.1 - https:\/\/yoast.com\/product\/yoast-seo-wordpress\/ -->\n<title>Instituto Profesional ARCOS se suma al llamado a integrar Comit\u00e9s Gestores de Valpara\u00edso Creativo - Valpara\u00ed\u00adso Creativo<\/title>\n<meta name=\"robots\" content=\"index, follow, max-snippet:-1, max-image-preview:large, max-video-preview:-1\" \/>\n<link rel=\"canonical\" href=\"https:\/\/dev.antudigital.cl\/sites\/vc\/instituto-profesional-arcos-se-suma-al-llamado-a-integrar-comites-gestores-de-valparaiso-creativo\/\" \/>\n<meta property=\"og:locale\" content=\"es_ES\" \/>\n<meta property=\"og:type\" content=\"article\" \/>\n<meta property=\"og:title\" content=\"Instituto Profesional ARCOS se suma al llamado a integrar Comit\u00e9s Gestores de Valpara\u00edso Creativo - Valpara\u00ed\u00adso Creativo\" \/>\n<meta property=\"og:description\" content=\"El programa Estrat\u00e9gico Regional de Corfo abri\u00f3 un nuevo ciclo de funcionamiento y para su periodo actual se encuentra en b\u00fasqueda de nuevos\/as integrantes de sus denominados \u201cComit\u00e9s Gestores\u201d. Valpara\u00edso Creativo est\u00e1 conformado por una gobernanza (llamada Comit\u00e9 Ejecutivo) que est\u00e1 a la cabeza de estos Comit\u00e9s, junto al equipo conformado por organismos p\u00fablicos y [&hellip;]\" \/>\n<meta property=\"og:url\" content=\"https:\/\/dev.antudigital.cl\/sites\/vc\/instituto-profesional-arcos-se-suma-al-llamado-a-integrar-comites-gestores-de-valparaiso-creativo\/\" \/>\n<meta property=\"og:site_name\" content=\"Valpara\u00ed\u00adso Creativo\" \/>\n<meta property=\"article:published_time\" content=\"2024-06-17T21:45:01+00:00\" \/>\n<meta property=\"article:modified_time\" content=\"2024-06-17T21:45:19+00:00\" \/>\n<meta property=\"og:image\" content=\"https:\/\/dev.antudigital.cl\/sites\/vc\/wp-content\/uploads\/2024\/06\/IMG_5166-scaled.jpg\" \/>\n\t<meta property=\"og:image:width\" content=\"2560\" \/>\n\t<meta property=\"og:image:height\" content=\"1920\" \/>\n\t<meta property=\"og:image:type\" content=\"image\/jpeg\" \/>\n<meta name=\"author\" content=\"Valpara\u00edso Creativo\" \/>\n<meta name=\"twitter:card\" content=\"summary_large_image\" \/>\n<meta name=\"twitter:label1\" content=\"Escrito por\" \/>\n\t<meta name=\"twitter:data1\" content=\"Valpara\u00edso Creativo\" \/>\n\t<meta name=\"twitter:label2\" content=\"Tiempo de lectura\" \/>\n\t<meta name=\"twitter:data2\" content=\"4 minutos\" \/>\n<script type=\"application\/ld+json\" class=\"yoast-schema-graph\">{\"@context\":\"https:\/\/schema.org\",\"@graph\":[{\"@type\":\"Article\",\"@id\":\"https:\/\/dev.antudigital.cl\/sites\/vc\/instituto-profesional-arcos-se-suma-al-llamado-a-integrar-comites-gestores-de-valparaiso-creativo\/#article\",\"isPartOf\":{\"@id\":\"https:\/\/dev.antudigital.cl\/sites\/vc\/instituto-profesional-arcos-se-suma-al-llamado-a-integrar-comites-gestores-de-valparaiso-creativo\/\"},\"author\":{\"name\":\"Valpara\u00edso Creativo\",\"@id\":\"https:\/\/dev.antudigital.cl\/sites\/vc\/#\/schema\/person\/c2b9da8dd545e27166fc5ab232837318\"},\"headline\":\"Instituto Profesional ARCOS se suma al llamado a integrar Comit\u00e9s Gestores de Valpara\u00edso Creativo\",\"datePublished\":\"2024-06-17T21:45:01+00:00\",\"dateModified\":\"2024-06-17T21:45:19+00:00\",\"mainEntityOfPage\":{\"@id\":\"https:\/\/dev.antudigital.cl\/sites\/vc\/instituto-profesional-arcos-se-suma-al-llamado-a-integrar-comites-gestores-de-valparaiso-creativo\/\"},\"wordCount\":665,\"image\":{\"@id\":\"https:\/\/dev.antudigital.cl\/sites\/vc\/instituto-profesional-arcos-se-suma-al-llamado-a-integrar-comites-gestores-de-valparaiso-creativo\/#primaryimage\"},\"thumbnailUrl\":\"https:\/\/dev.antudigital.cl\/sites\/vc\/wp-content\/uploads\/2024\/06\/IMG_5166-scaled.jpg\",\"articleSection\":[\"Blog\"],\"inLanguage\":\"es\"},{\"@type\":\"WebPage\",\"@id\":\"https:\/\/dev.antudigital.cl\/sites\/vc\/instituto-profesional-arcos-se-suma-al-llamado-a-integrar-comites-gestores-de-valparaiso-creativo\/\",\"url\":\"https:\/\/dev.antudigital.cl\/sites\/vc\/instituto-profesional-arcos-se-suma-al-llamado-a-integrar-comites-gestores-de-valparaiso-creativo\/\",\"name\":\"Instituto Profesional ARCOS se suma al llamado a integrar Comit\u00e9s Gestores de Valpara\u00edso Creativo - Valpara\u00ed\u00adso Creativo\",\"isPartOf\":{\"@id\":\"https:\/\/dev.antudigital.cl\/sites\/vc\/#website\"},\"primaryImageOfPage\":{\"@id\":\"https:\/\/dev.antudigital.cl\/sites\/vc\/instituto-profesional-arcos-se-suma-al-llamado-a-integrar-comites-gestores-de-valparaiso-creativo\/#primaryimage\"},\"image\":{\"@id\":\"https:\/\/dev.antudigital.cl\/sites\/vc\/instituto-profesional-arcos-se-suma-al-llamado-a-integrar-comites-gestores-de-valparaiso-creativo\/#primaryimage\"},\"thumbnailUrl\":\"https:\/\/dev.antudigital.cl\/sites\/vc\/wp-content\/uploads\/2024\/06\/IMG_5166-scaled.jpg\",\"datePublished\":\"2024-06-17T21:45:01+00:00\",\"dateModified\":\"2024-06-17T21:45:19+00:00\",\"author\":{\"@id\":\"https:\/\/dev.antudigital.cl\/sites\/vc\/#\/schema\/person\/c2b9da8dd545e27166fc5ab232837318\"},\"breadcrumb\":{\"@id\":\"https:\/\/dev.antudigital.cl\/sites\/vc\/instituto-profesional-arcos-se-suma-al-llamado-a-integrar-comites-gestores-de-valparaiso-creativo\/#breadcrumb\"},\"inLanguage\":\"es\",\"potentialAction\":[{\"@type\":\"ReadAction\",\"target\":[\"https:\/\/dev.antudigital.cl\/sites\/vc\/instituto-profesional-arcos-se-suma-al-llamado-a-integrar-comites-gestores-de-valparaiso-creativo\/\"]}]},{\"@type\":\"ImageObject\",\"inLanguage\":\"es\",\"@id\":\"https:\/\/dev.antudigital.cl\/sites\/vc\/instituto-profesional-arcos-se-suma-al-llamado-a-integrar-comites-gestores-de-valparaiso-creativo\/#primaryimage\",\"url\":\"https:\/\/dev.antudigital.cl\/sites\/vc\/wp-content\/uploads\/2024\/06\/IMG_5166-scaled.jpg\",\"contentUrl\":\"https:\/\/dev.antudigital.cl\/sites\/vc\/wp-content\/uploads\/2024\/06\/IMG_5166-scaled.jpg\",\"width\":2560,\"height\":1920},{\"@type\":\"BreadcrumbList\",\"@id\":\"https:\/\/dev.antudigital.cl\/sites\/vc\/instituto-profesional-arcos-se-suma-al-llamado-a-integrar-comites-gestores-de-valparaiso-creativo\/#breadcrumb\",\"itemListElement\":[{\"@type\":\"ListItem\",\"position\":1,\"name\":\"Home\",\"item\":\"https:\/\/dev.antudigital.cl\/sites\/vc\/\"},{\"@type\":\"ListItem\",\"position\":2,\"name\":\"Instituto Profesional ARCOS se suma al llamado a integrar Comit\u00e9s Gestores de Valpara\u00edso Creativo\"}]},{\"@type\":\"WebSite\",\"@id\":\"https:\/\/dev.antudigital.cl\/sites\/vc\/#website\",\"url\":\"https:\/\/dev.antudigital.cl\/sites\/vc\/\",\"name\":\"Valpara\u00ed\u00adso Creativo\",\"description\":\"\",\"potentialAction\":[{\"@type\":\"SearchAction\",\"target\":{\"@type\":\"EntryPoint\",\"urlTemplate\":\"https:\/\/dev.antudigital.cl\/sites\/vc\/?s={search_term_string}\"},\"query-input\":{\"@type\":\"PropertyValueSpecification\",\"valueRequired\":true,\"valueName\":\"search_term_string\"}}],\"inLanguage\":\"es\"},{\"@type\":\"Person\",\"@id\":\"https:\/\/dev.antudigital.cl\/sites\/vc\/#\/schema\/person\/c2b9da8dd545e27166fc5ab232837318\",\"name\":\"Valpara\u00edso Creativo\",\"description\":\"Periodista de cultura en la Regi\u00f3n de Valpara\u00edso.\",\"url\":\"https:\/\/dev.antudigital.cl\/sites\/vc\/author\/valpoadmin\/\"}]}<\/script>\n<!-- \/ Yoast SEO plugin. -->","yoast_head_json":{"title":"Instituto Profesional ARCOS se suma al llamado a integrar Comit\u00e9s Gestores de Valpara\u00edso Creativo - Valpara\u00ed\u00adso Creativo","robots":{"index":"index","follow":"follow","max-snippet":"max-snippet:-1","max-image-preview":"max-image-preview:large","max-video-preview":"max-video-preview:-1"},"canonical":"https:\/\/dev.antudigital.cl\/sites\/vc\/instituto-profesional-arcos-se-suma-al-llamado-a-integrar-comites-gestores-de-valparaiso-creativo\/","og_locale":"es_ES","og_type":"article","og_title":"Instituto Profesional ARCOS se suma al llamado a integrar Comit\u00e9s Gestores de Valpara\u00edso Creativo - Valpara\u00ed\u00adso Creativo","og_description":"El programa Estrat\u00e9gico Regional de Corfo abri\u00f3 un nuevo ciclo de funcionamiento y para su periodo actual se encuentra en b\u00fasqueda de nuevos\/as integrantes de sus denominados \u201cComit\u00e9s Gestores\u201d. Valpara\u00edso Creativo est\u00e1 conformado por una gobernanza (llamada Comit\u00e9 Ejecutivo) que est\u00e1 a la cabeza de estos Comit\u00e9s, junto al equipo conformado por organismos p\u00fablicos y [&hellip;]","og_url":"https:\/\/dev.antudigital.cl\/sites\/vc\/instituto-profesional-arcos-se-suma-al-llamado-a-integrar-comites-gestores-de-valparaiso-creativo\/","og_site_name":"Valpara\u00ed\u00adso Creativo","article_published_time":"2024-06-17T21:45:01+00:00","article_modified_time":"2024-06-17T21:45:19+00:00","og_image":[{"width":2560,"height":1920,"url":"https:\/\/dev.antudigital.cl\/sites\/vc\/wp-content\/uploads\/2024\/06\/IMG_5166-scaled.jpg","type":"image\/jpeg"}],"author":"Valpara\u00edso Creativo","twitter_card":"summary_large_image","twitter_misc":{"Escrito por":"Valpara\u00edso Creativo","Tiempo de lectura":"4 minutos"},"schema":{"@context":"https:\/\/schema.org","@graph":[{"@type":"Article","@id":"https:\/\/dev.antudigital.cl\/sites\/vc\/instituto-profesional-arcos-se-suma-al-llamado-a-integrar-comites-gestores-de-valparaiso-creativo\/#article","isPartOf":{"@id":"https:\/\/dev.antudigital.cl\/sites\/vc\/instituto-profesional-arcos-se-suma-al-llamado-a-integrar-comites-gestores-de-valparaiso-creativo\/"},"author":{"name":"Valpara\u00edso Creativo","@id":"https:\/\/dev.antudigital.cl\/sites\/vc\/#\/schema\/person\/c2b9da8dd545e27166fc5ab232837318"},"headline":"Instituto Profesional ARCOS se suma al llamado a integrar Comit\u00e9s Gestores de Valpara\u00edso Creativo","datePublished":"2024-06-17T21:45:01+00:00","dateModified":"2024-06-17T21:45:19+00:00","mainEntityOfPage":{"@id":"https:\/\/dev.antudigital.cl\/sites\/vc\/instituto-profesional-arcos-se-suma-al-llamado-a-integrar-comites-gestores-de-valparaiso-creativo\/"},"wordCount":665,"image":{"@id":"https:\/\/dev.antudigital.cl\/sites\/vc\/instituto-profesional-arcos-se-suma-al-llamado-a-integrar-comites-gestores-de-valparaiso-creativo\/#primaryimage"},"thumbnailUrl":"https:\/\/dev.antudigital.cl\/sites\/vc\/wp-content\/uploads\/2024\/06\/IMG_5166-scaled.jpg","articleSection":["Blog"],"inLanguage":"es"},{"@type":"WebPage","@id":"https:\/\/dev.antudigital.cl\/sites\/vc\/instituto-profesional-arcos-se-suma-al-llamado-a-integrar-comites-gestores-de-valparaiso-creativo\/","url":"https:\/\/dev.antudigital.cl\/sites\/vc\/instituto-profesional-arcos-se-suma-al-llamado-a-integrar-comites-gestores-de-valparaiso-creativo\/","name":"Instituto Profesional ARCOS se suma al llamado a integrar Comit\u00e9s Gestores de Valpara\u00edso Creativo - Valpara\u00ed\u00adso Creativo","isPartOf":{"@id":"https:\/\/dev.antudigital.cl\/sites\/vc\/#website"},"primaryImageOfPage":{"@id":"https:\/\/dev.antudigital.cl\/sites\/vc\/instituto-profesional-arcos-se-suma-al-llamado-a-integrar-comites-gestores-de-valparaiso-creativo\/#primaryimage"},"image":{"@id":"https:\/\/dev.antudigital.cl\/sites\/vc\/instituto-profesional-arcos-se-suma-al-llamado-a-integrar-comites-gestores-de-valparaiso-creativo\/#primaryimage"},"thumbnailUrl":"https:\/\/dev.antudigital.cl\/sites\/vc\/wp-content\/uploads\/2024\/06\/IMG_5166-scaled.jpg","datePublished":"2024-06-17T21:45:01+00:00","dateModified":"2024-06-17T21:45:19+00:00","author":{"@id":"https:\/\/dev.antudigital.cl\/sites\/vc\/#\/schema\/person\/c2b9da8dd545e27166fc5ab232837318"},"breadcrumb":{"@id":"https:\/\/dev.antudigital.cl\/sites\/vc\/instituto-profesional-arcos-se-suma-al-llamado-a-integrar-comites-gestores-de-valparaiso-creativo\/#breadcrumb"},"inLanguage":"es","potentialAction":[{"@type":"ReadAction","target":["https:\/\/dev.antudigital.cl\/sites\/vc\/instituto-profesional-arcos-se-suma-al-llamado-a-integrar-comites-gestores-de-valparaiso-creativo\/"]}]},{"@type":"ImageObject","inLanguage":"es","@id":"https:\/\/dev.antudigital.cl\/sites\/vc\/instituto-profesional-arcos-se-suma-al-llamado-a-integrar-comites-gestores-de-valparaiso-creativo\/#primaryimage","url":"https:\/\/dev.antudigital.cl\/sites\/vc\/wp-content\/uploads\/2024\/06\/IMG_5166-scaled.jpg","contentUrl":"https:\/\/dev.antudigital.cl\/sites\/vc\/wp-content\/uploads\/2024\/06\/IMG_5166-scaled.jpg","width":2560,"height":1920},{"@type":"BreadcrumbList","@id":"https:\/\/dev.antudigital.cl\/sites\/vc\/instituto-profesional-arcos-se-suma-al-llamado-a-integrar-comites-gestores-de-valparaiso-creativo\/#breadcrumb","itemListElement":[{"@type":"ListItem","position":1,"name":"Home","item":"https:\/\/dev.antudigital.cl\/sites\/vc\/"},{"@type":"ListItem","position":2,"name":"Instituto Profesional ARCOS se suma al llamado a integrar Comit\u00e9s Gestores de Valpara\u00edso Creativo"}]},{"@type":"WebSite","@id":"https:\/\/dev.antudigital.cl\/sites\/vc\/#website","url":"https:\/\/dev.antudigital.cl\/sites\/vc\/","name":"Valpara\u00ed\u00adso Creativo","description":"","potentialAction":[{"@type":"SearchAction","target":{"@type":"EntryPoint","urlTemplate":"https:\/\/dev.antudigital.cl\/sites\/vc\/?s={search_term_string}"},"query-input":{"@type":"PropertyValueSpecification","valueRequired":true,"valueName":"search_term_string"}}],"inLanguage":"es"},{"@type":"Person","@id":"https:\/\/dev.antudigital.cl\/sites\/vc\/#\/schema\/person\/c2b9da8dd545e27166fc5ab232837318","name":"Valpara\u00edso Creativo","description":"Periodista de cultura en la Regi\u00f3n de Valpara\u00edso.","url":"https:\/\/dev.antudigital.cl\/sites\/vc\/author\/valpoadmin\/"}]}},"_links":{"self":[{"href":"https:\/\/dev.antudigital.cl\/sites\/vc\/wp-json\/wp\/v2\/posts\/19394","targetHints":{"allow":["GET"]}}],"collection":[{"href":"https:\/\/dev.antudigital.cl\/sites\/vc\/wp-json\/wp\/v2\/posts"}],"about":[{"href":"https:\/\/dev.antudigital.cl\/sites\/vc\/wp-json\/wp\/v2\/types\/post"}],"author":[{"embeddable":true,"href":"https:\/\/dev.antudigital.cl\/sites\/vc\/wp-json\/wp\/v2\/users\/1"}],"replies":[{"embeddable":true,"href":"https:\/\/dev.antudigital.cl\/sites\/vc\/wp-json\/wp\/v2\/comments?post=19394"}],"version-history":[{"count":1,"href":"https:\/\/dev.antudigital.cl\/sites\/vc\/wp-json\/wp\/v2\/posts\/19394\/revisions"}],"predecessor-version":[{"id":19397,"href":"https:\/\/dev.antudigital.cl\/sites\/vc\/wp-json\/wp\/v2\/posts\/19394\/revisions\/19397"}],"wp:featuredmedia":[{"embeddable":true,"href":"https:\/\/dev.antudigital.cl\/sites\/vc\/wp-json\/wp\/v2\/media\/19395"}],"wp:attachment":[{"href":"https:\/\/dev.antudigital.cl\/sites\/vc\/wp-json\/wp\/v2\/media?parent=19394"}],"wp:term":[{"taxonomy":"category","embeddable":true,"href":"https:\/\/dev.antudigital.cl\/sites\/vc\/wp-json\/wp\/v2\/categories?post=19394"},{"taxonomy":"post_tag","embeddable":true,"href":"https:\/\/dev.antudigital.cl\/sites\/vc\/wp-json\/wp\/v2\/tags?post=19394"}],"curies":[{"name":"wp","href":"https:\/\/api.w.org\/{rel}","templated":true}]}}