{"id":19398,"date":"2024-06-18T01:35:39","date_gmt":"2024-06-18T01:35:39","guid":{"rendered":"https:\/\/www.valparaisocreativo.cl\/?p=19398"},"modified":"2024-06-18T14:08:15","modified_gmt":"2024-06-18T14:08:15","slug":"despues-de-la-lluvia-llega-rubio","status":"publish","type":"post","link":"https:\/\/dev.antudigital.cl\/sites\/vc\/despues-de-la-lluvia-llega-rubio\/","title":{"rendered":"Despu\u00e9s de la lluvia, llega Rubio"},"content":{"rendered":"\n<p>Despierto sobresaltada por la intensidad de los ronroneos de mi gata apoyada en mi pecho. Miro la hora, \u00abmierda\u00bb, pienso: ya es hora.<\/p>\n\n\n\n<p>Es medianoche en Valpara\u00edso y me encuentro en las escaleras del Club Segundo Piso, mientras comienza la presentaci\u00f3n de Fran Straube con su proyecto musical Rubio. Una serie de gritos anuncian su presencia. Desde el sal\u00f3n empiezan a emerger las melod\u00edas que la representan. Un ambiente et\u00e9reo que nos invita a todos a flotar. Los pasos de los asistentes fumadores se empiezan a acelerar para adentrarse en la experiencia.<\/p>\n\n\n\n<p>Segunda vez que veo a Rubio en vivo, recuerdo. La primera vez fue en el Parque Cultural de Valpara\u00edso, tal vez por ah\u00ed el 2019, tambi\u00e9n cubriendo el evento. Esa vez pude entrevistarla por tel\u00e9fono. Hablamos 10 minutos. Fue un bonito show.<\/p>\n\n\n\n<figure class=\"wp-block-image size-full\"><img fetchpriority=\"high\" decoding=\"async\" width=\"899\" height=\"589\" src=\"https:\/\/www.valparaisocreativo.cl\/wp-content\/uploads\/2024\/06\/Captura-de-Pantalla-2024-06-17-a-las-21.28.39.png\" alt=\"\" class=\"wp-image-19403\" srcset=\"https:\/\/dev.antudigital.cl\/sites\/vc\/wp-content\/uploads\/2024\/06\/Captura-de-Pantalla-2024-06-17-a-las-21.28.39.png 899w, https:\/\/dev.antudigital.cl\/sites\/vc\/wp-content\/uploads\/2024\/06\/Captura-de-Pantalla-2024-06-17-a-las-21.28.39-300x197.png 300w, https:\/\/dev.antudigital.cl\/sites\/vc\/wp-content\/uploads\/2024\/06\/Captura-de-Pantalla-2024-06-17-a-las-21.28.39-768x503.png 768w, https:\/\/dev.antudigital.cl\/sites\/vc\/wp-content\/uploads\/2024\/06\/Captura-de-Pantalla-2024-06-17-a-las-21.28.39-480x314.png 480w, https:\/\/dev.antudigital.cl\/sites\/vc\/wp-content\/uploads\/2024\/06\/Captura-de-Pantalla-2024-06-17-a-las-21.28.39-24x16.png 24w, https:\/\/dev.antudigital.cl\/sites\/vc\/wp-content\/uploads\/2024\/06\/Captura-de-Pantalla-2024-06-17-a-las-21.28.39-36x24.png 36w, https:\/\/dev.antudigital.cl\/sites\/vc\/wp-content\/uploads\/2024\/06\/Captura-de-Pantalla-2024-06-17-a-las-21.28.39-48x31.png 48w\" sizes=\"(max-width: 899px) 100vw, 899px\" \/><\/figure>\n\n\n\n<p>Vuelvo al momento presente en medio del calor de los cuerpos de invierno, abrigados. Las palmas de los asistentes se juntan para acompa\u00f1ar la m\u00fasica, que envuelve el lugar. Energ\u00eda, baile, sensualidad y melancol\u00eda son palabras que se me vienen a la mente para describir lo que Rubio genera y propone, ese es el mood.<\/p>\n\n\n\n<p>\u00bfC\u00f3mo debe sentirse estar constantemente en un escenario compartiendo tu creaci\u00f3n? Me pregunto mientras termina la canci\u00f3n y Fran extiende sus brazos, entregada a la energ\u00eda de la audiencia que acompa\u00f1a con atenci\u00f3n cada momento de la presentaci\u00f3n, moviendo los cuerpos de lado a lado, entreg\u00e1ndose a la energ\u00eda que el arte entrega.<\/p>\n\n\n\n<p>Los ramazzotis en copas pl\u00e1sticas se contonean al comp\u00e1s de la melod\u00eda. \u00abQuiero cuidarte\u00bb, reza la canci\u00f3n, antes de entrar en un trance que aumenta la emoci\u00f3n. Hay algo en la voz de Rubio que invita al misterio tanto como que conforta, suaviza la intensidad del mensaje que entrega con su tono, sin dejar de hacer una entrega efectiva.<\/p>\n\n\n\n<figure class=\"wp-block-image size-full\"><img decoding=\"async\" width=\"906\" height=\"548\" src=\"https:\/\/www.valparaisocreativo.cl\/wp-content\/uploads\/2024\/06\/Captura-de-Pantalla-2024-06-17-a-las-21.28.54.png\" alt=\"\" class=\"wp-image-19400\" srcset=\"https:\/\/dev.antudigital.cl\/sites\/vc\/wp-content\/uploads\/2024\/06\/Captura-de-Pantalla-2024-06-17-a-las-21.28.54.png 906w, https:\/\/dev.antudigital.cl\/sites\/vc\/wp-content\/uploads\/2024\/06\/Captura-de-Pantalla-2024-06-17-a-las-21.28.54-300x181.png 300w, https:\/\/dev.antudigital.cl\/sites\/vc\/wp-content\/uploads\/2024\/06\/Captura-de-Pantalla-2024-06-17-a-las-21.28.54-768x465.png 768w, https:\/\/dev.antudigital.cl\/sites\/vc\/wp-content\/uploads\/2024\/06\/Captura-de-Pantalla-2024-06-17-a-las-21.28.54-480x290.png 480w, https:\/\/dev.antudigital.cl\/sites\/vc\/wp-content\/uploads\/2024\/06\/Captura-de-Pantalla-2024-06-17-a-las-21.28.54-24x15.png 24w, https:\/\/dev.antudigital.cl\/sites\/vc\/wp-content\/uploads\/2024\/06\/Captura-de-Pantalla-2024-06-17-a-las-21.28.54-36x22.png 36w, https:\/\/dev.antudigital.cl\/sites\/vc\/wp-content\/uploads\/2024\/06\/Captura-de-Pantalla-2024-06-17-a-las-21.28.54-48x29.png 48w\" sizes=\"(max-width: 906px) 100vw, 906px\" \/><\/figure>\n\n\n\n<p>Me evoca sentires, sensaciones. La caricia de unos dedos pasando por mi espalda, un susurro Guardado que dulcemente se acerca a mi oreja. A primera o\u00edda me cuesta distinguir qu\u00e9 me est\u00e1 diciendo: si me invita a habitar la pena o el placer, pero aqu\u00ed me tiene, tambi\u00e9n moviendo mi cuerpo.<\/p>\n\n\n\n<p>Pausa. Los aplausos son interrumpidos por otra canci\u00f3n. el tema avanza y la noche en Valpara\u00edso tambi\u00e9n, \u00bfcu\u00e1nta gente habr\u00e1 en la calle, hoy? \u00bfCu\u00e1ntos est\u00e1n escuchando m\u00fasica ahora mismo en un bar, en sus casas?<\/p>\n\n\n\n<p>Straube interpreta, siente, conforma una puesta en escena que incluye un acompa\u00f1amiento visual que sumerge en la intensidad que promete, que intenciona. Las luces la envuelven mientras canta y grita en el escenario peque\u00f1o donde moviliza su cuerpo.<\/p>\n\n\n\n<figure class=\"wp-block-image size-full\"><img decoding=\"async\" width=\"906\" height=\"548\" src=\"https:\/\/www.valparaisocreativo.cl\/wp-content\/uploads\/2024\/06\/Captura-de-Pantalla-2024-06-17-a-las-21.28.34.png\" alt=\"\" class=\"wp-image-19402\" srcset=\"https:\/\/dev.antudigital.cl\/sites\/vc\/wp-content\/uploads\/2024\/06\/Captura-de-Pantalla-2024-06-17-a-las-21.28.34.png 906w, https:\/\/dev.antudigital.cl\/sites\/vc\/wp-content\/uploads\/2024\/06\/Captura-de-Pantalla-2024-06-17-a-las-21.28.34-300x181.png 300w, https:\/\/dev.antudigital.cl\/sites\/vc\/wp-content\/uploads\/2024\/06\/Captura-de-Pantalla-2024-06-17-a-las-21.28.34-768x465.png 768w, https:\/\/dev.antudigital.cl\/sites\/vc\/wp-content\/uploads\/2024\/06\/Captura-de-Pantalla-2024-06-17-a-las-21.28.34-480x290.png 480w, https:\/\/dev.antudigital.cl\/sites\/vc\/wp-content\/uploads\/2024\/06\/Captura-de-Pantalla-2024-06-17-a-las-21.28.34-24x15.png 24w, https:\/\/dev.antudigital.cl\/sites\/vc\/wp-content\/uploads\/2024\/06\/Captura-de-Pantalla-2024-06-17-a-las-21.28.34-36x22.png 36w, https:\/\/dev.antudigital.cl\/sites\/vc\/wp-content\/uploads\/2024\/06\/Captura-de-Pantalla-2024-06-17-a-las-21.28.34-48x29.png 48w\" sizes=\"(max-width: 906px) 100vw, 906px\" \/><\/figure>\n\n\n\n<p>Su sonoridad elaborada logra sortear los desaf\u00edos que presenta el lugar. Me llama la atenci\u00f3n c\u00f3mo usa como arma lo vocal, m\u00e1s que cantando, emitiendo sonidos que parecen nacer de una conexi\u00f3n profunda con lo m\u00e1s primitivo del ser.<\/p>\n\n\n\n<p>\u00bfQu\u00e9 preguntas llevaron a Fran Staube a experimentar? \u00bfA cantar? A conectar con esa \u00edntima potencia, lo personal del ruido. Dicho en otras palabras: \u00bfen qu\u00e9 vol\u00e1 te vai?<\/p>\n\n\n\n<p>Es inevitable cada vez que salgo consultarme lo que muchas veces no se pregunta on the record en una entrevista. Por ejemplo si cuesta mucho mover las fechas, vender las entradas, difundir los contenidos. Hay una brecha constante que sin duda afecta a la cultura, ya que no suele ser un objeto de deseo que forme parte del presupuesto mensual de cada individuo. Club Segundo Piso se ve lleno, pero, \u00bflo est\u00e1? O la pregunta que m\u00e1s desgana me da: \u00bfvale la pena presentarse afuera, agendar en Valpara\u00edso? No es que sea un tab\u00fa que sin duda estos son desaf\u00edos, a la vez necesarios, para sacar adelante un proyecto musical y vivir de \u00e9l.<\/p>\n\n\n\n<p>Estas dudas no afectan en nada. Rubio sigue en el escenario d\u00e1ndolo todo, conectando con los presentes, quienes cada quien a su manera disfrutan del momento, cada quien pensando en vaya a saber uno qu\u00e9 cosa o c\u00f3mo viven la m\u00fasica, pero aqu\u00ed est\u00e1n.<\/p>\n\n\n\n<figure class=\"wp-block-image size-full\"><img loading=\"lazy\" decoding=\"async\" width=\"905\" height=\"593\" src=\"https:\/\/www.valparaisocreativo.cl\/wp-content\/uploads\/2024\/06\/Captura-de-Pantalla-2024-06-17-a-las-21.28.44.png\" alt=\"\" class=\"wp-image-19404\" srcset=\"https:\/\/dev.antudigital.cl\/sites\/vc\/wp-content\/uploads\/2024\/06\/Captura-de-Pantalla-2024-06-17-a-las-21.28.44.png 905w, https:\/\/dev.antudigital.cl\/sites\/vc\/wp-content\/uploads\/2024\/06\/Captura-de-Pantalla-2024-06-17-a-las-21.28.44-300x197.png 300w, https:\/\/dev.antudigital.cl\/sites\/vc\/wp-content\/uploads\/2024\/06\/Captura-de-Pantalla-2024-06-17-a-las-21.28.44-768x503.png 768w, https:\/\/dev.antudigital.cl\/sites\/vc\/wp-content\/uploads\/2024\/06\/Captura-de-Pantalla-2024-06-17-a-las-21.28.44-480x315.png 480w, https:\/\/dev.antudigital.cl\/sites\/vc\/wp-content\/uploads\/2024\/06\/Captura-de-Pantalla-2024-06-17-a-las-21.28.44-24x16.png 24w, https:\/\/dev.antudigital.cl\/sites\/vc\/wp-content\/uploads\/2024\/06\/Captura-de-Pantalla-2024-06-17-a-las-21.28.44-36x24.png 36w, https:\/\/dev.antudigital.cl\/sites\/vc\/wp-content\/uploads\/2024\/06\/Captura-de-Pantalla-2024-06-17-a-las-21.28.44-48x31.png 48w\" sizes=\"(max-width: 905px) 100vw, 905px\" \/><\/figure>\n\n\n\n<p>Un abanico se agita en el aire denso mientras Straube baila. P\u00e1jaro triste suena ahora. El fin va acerc\u00e1ndose al show, pero no se detienen los silbidos ni coreos del p\u00fablico. Tienen para rato: hay una fiesta post show. Yo me refugio en mi abrigo peludo negro aunque ya no hace fr\u00edo, disimulo mis pocos pasos de baile, retazos de la energ\u00eda de la semana que el viernes se arrastra por donde voy. Es bueno un concierto para terminar la semana.<\/p>\n\n\n\n<p>Un grito de desesperado de motivaci\u00f3n inunda el lugar. Rubio va a buscar algo: toma un ramillete de hierbas y lo empieza a quemar, como si todos fu\u00e9ramos parte de una especie de ritual de purificaci\u00f3n acompa\u00f1ado del bajo que suena esta noche.<\/p>\n\n\n\n<p>La emoci\u00f3n de la gente sigue arriba cuando Rubio sale del escenario. Sabemos lo que se viene, todos quieren repetici\u00f3n. A m\u00ed me duele la rodilla por una ca\u00edda que tuve y decido retirarme. Mientras me despido del calor del Club, las gargantas se unen pidiendo otra canci\u00f3n. La oraci\u00f3n es recibida y Straube sale nuevamente a la acci\u00f3n. Siento c\u00f3mo la m\u00fasica vuelve a inundar el lugar al ritmo que bajo las escaleras para volver a enfrentarme al fr\u00edo. Afuera la noche est\u00e1 empezando, los vidrios del local retumban como cada fin de semana. Son las 1:47.<\/p>\n","protected":false},"excerpt":{"rendered":"<p>Despierto sobresaltada por la intensidad de los ronroneos de mi gata apoyada en mi pecho. Miro la hora, \u00abmierda\u00bb, pienso: ya es hora. Es medianoche en Valpara\u00edso y me encuentro en las escaleras del Club Segundo Piso, mientras comienza la presentaci\u00f3n de Fran Straube con su proyecto musical Rubio. Una serie de gritos anuncian su [&hellip;]<\/p>\n","protected":false},"author":1,"featured_media":19401,"comment_status":"closed","ping_status":"closed","sticky":false,"template":"","format":"standard","meta":{"_acf_changed":false,"footnotes":""},"categories":[218],"tags":[],"class_list":["post-19398","post","type-post","status-publish","format-standard","has-post-thumbnail","hentry","category-blog"],"acf":[],"yoast_head":"<!-- This site is optimized with the Yoast SEO plugin v27.1.1 - https:\/\/yoast.com\/product\/yoast-seo-wordpress\/ -->\n<title>Despu\u00e9s de la lluvia, llega Rubio - Valpara\u00ed\u00adso Creativo<\/title>\n<meta name=\"robots\" content=\"index, follow, max-snippet:-1, max-image-preview:large, max-video-preview:-1\" \/>\n<link rel=\"canonical\" href=\"https:\/\/dev.antudigital.cl\/sites\/vc\/despues-de-la-lluvia-llega-rubio\/\" \/>\n<meta property=\"og:locale\" content=\"es_ES\" \/>\n<meta property=\"og:type\" content=\"article\" \/>\n<meta property=\"og:title\" content=\"Despu\u00e9s de la lluvia, llega Rubio - Valpara\u00ed\u00adso Creativo\" \/>\n<meta property=\"og:description\" content=\"Despierto sobresaltada por la intensidad de los ronroneos de mi gata apoyada en mi pecho. Miro la hora, \u00abmierda\u00bb, pienso: ya es hora. Es medianoche en Valpara\u00edso y me encuentro en las escaleras del Club Segundo Piso, mientras comienza la presentaci\u00f3n de Fran Straube con su proyecto musical Rubio. Una serie de gritos anuncian su [&hellip;]\" \/>\n<meta property=\"og:url\" content=\"https:\/\/dev.antudigital.cl\/sites\/vc\/despues-de-la-lluvia-llega-rubio\/\" \/>\n<meta property=\"og:site_name\" content=\"Valpara\u00ed\u00adso Creativo\" \/>\n<meta property=\"article:published_time\" content=\"2024-06-18T01:35:39+00:00\" \/>\n<meta property=\"article:modified_time\" content=\"2024-06-18T14:08:15+00:00\" \/>\n<meta property=\"og:image\" content=\"https:\/\/dev.antudigital.cl\/sites\/vc\/wp-content\/uploads\/2024\/06\/Captura-de-Pantalla-2024-06-17-a-las-21.28.49.png\" \/>\n\t<meta property=\"og:image:width\" content=\"906\" \/>\n\t<meta property=\"og:image:height\" content=\"680\" \/>\n\t<meta property=\"og:image:type\" content=\"image\/png\" \/>\n<meta name=\"author\" content=\"Valpara\u00edso Creativo\" \/>\n<meta name=\"twitter:card\" content=\"summary_large_image\" \/>\n<meta name=\"twitter:label1\" content=\"Escrito por\" \/>\n\t<meta name=\"twitter:data1\" content=\"Valpara\u00edso Creativo\" \/>\n\t<meta name=\"twitter:label2\" content=\"Tiempo de lectura\" \/>\n\t<meta name=\"twitter:data2\" content=\"6 minutos\" \/>\n<script type=\"application\/ld+json\" class=\"yoast-schema-graph\">{\"@context\":\"https:\/\/schema.org\",\"@graph\":[{\"@type\":\"Article\",\"@id\":\"https:\/\/dev.antudigital.cl\/sites\/vc\/despues-de-la-lluvia-llega-rubio\/#article\",\"isPartOf\":{\"@id\":\"https:\/\/dev.antudigital.cl\/sites\/vc\/despues-de-la-lluvia-llega-rubio\/\"},\"author\":{\"name\":\"Valpara\u00edso Creativo\",\"@id\":\"https:\/\/dev.antudigital.cl\/sites\/vc\/#\/schema\/person\/c2b9da8dd545e27166fc5ab232837318\"},\"headline\":\"Despu\u00e9s de la lluvia, llega Rubio\",\"datePublished\":\"2024-06-18T01:35:39+00:00\",\"dateModified\":\"2024-06-18T14:08:15+00:00\",\"mainEntityOfPage\":{\"@id\":\"https:\/\/dev.antudigital.cl\/sites\/vc\/despues-de-la-lluvia-llega-rubio\/\"},\"wordCount\":946,\"image\":{\"@id\":\"https:\/\/dev.antudigital.cl\/sites\/vc\/despues-de-la-lluvia-llega-rubio\/#primaryimage\"},\"thumbnailUrl\":\"https:\/\/dev.antudigital.cl\/sites\/vc\/wp-content\/uploads\/2024\/06\/Captura-de-Pantalla-2024-06-17-a-las-21.28.49.png\",\"articleSection\":[\"Blog\"],\"inLanguage\":\"es\"},{\"@type\":\"WebPage\",\"@id\":\"https:\/\/dev.antudigital.cl\/sites\/vc\/despues-de-la-lluvia-llega-rubio\/\",\"url\":\"https:\/\/dev.antudigital.cl\/sites\/vc\/despues-de-la-lluvia-llega-rubio\/\",\"name\":\"Despu\u00e9s de la lluvia, llega Rubio - Valpara\u00ed\u00adso Creativo\",\"isPartOf\":{\"@id\":\"https:\/\/dev.antudigital.cl\/sites\/vc\/#website\"},\"primaryImageOfPage\":{\"@id\":\"https:\/\/dev.antudigital.cl\/sites\/vc\/despues-de-la-lluvia-llega-rubio\/#primaryimage\"},\"image\":{\"@id\":\"https:\/\/dev.antudigital.cl\/sites\/vc\/despues-de-la-lluvia-llega-rubio\/#primaryimage\"},\"thumbnailUrl\":\"https:\/\/dev.antudigital.cl\/sites\/vc\/wp-content\/uploads\/2024\/06\/Captura-de-Pantalla-2024-06-17-a-las-21.28.49.png\",\"datePublished\":\"2024-06-18T01:35:39+00:00\",\"dateModified\":\"2024-06-18T14:08:15+00:00\",\"author\":{\"@id\":\"https:\/\/dev.antudigital.cl\/sites\/vc\/#\/schema\/person\/c2b9da8dd545e27166fc5ab232837318\"},\"breadcrumb\":{\"@id\":\"https:\/\/dev.antudigital.cl\/sites\/vc\/despues-de-la-lluvia-llega-rubio\/#breadcrumb\"},\"inLanguage\":\"es\",\"potentialAction\":[{\"@type\":\"ReadAction\",\"target\":[\"https:\/\/dev.antudigital.cl\/sites\/vc\/despues-de-la-lluvia-llega-rubio\/\"]}]},{\"@type\":\"ImageObject\",\"inLanguage\":\"es\",\"@id\":\"https:\/\/dev.antudigital.cl\/sites\/vc\/despues-de-la-lluvia-llega-rubio\/#primaryimage\",\"url\":\"https:\/\/dev.antudigital.cl\/sites\/vc\/wp-content\/uploads\/2024\/06\/Captura-de-Pantalla-2024-06-17-a-las-21.28.49.png\",\"contentUrl\":\"https:\/\/dev.antudigital.cl\/sites\/vc\/wp-content\/uploads\/2024\/06\/Captura-de-Pantalla-2024-06-17-a-las-21.28.49.png\",\"width\":906,\"height\":680},{\"@type\":\"BreadcrumbList\",\"@id\":\"https:\/\/dev.antudigital.cl\/sites\/vc\/despues-de-la-lluvia-llega-rubio\/#breadcrumb\",\"itemListElement\":[{\"@type\":\"ListItem\",\"position\":1,\"name\":\"Home\",\"item\":\"https:\/\/dev.antudigital.cl\/sites\/vc\/\"},{\"@type\":\"ListItem\",\"position\":2,\"name\":\"Despu\u00e9s de la lluvia, llega Rubio\"}]},{\"@type\":\"WebSite\",\"@id\":\"https:\/\/dev.antudigital.cl\/sites\/vc\/#website\",\"url\":\"https:\/\/dev.antudigital.cl\/sites\/vc\/\",\"name\":\"Valpara\u00ed\u00adso Creativo\",\"description\":\"\",\"potentialAction\":[{\"@type\":\"SearchAction\",\"target\":{\"@type\":\"EntryPoint\",\"urlTemplate\":\"https:\/\/dev.antudigital.cl\/sites\/vc\/?s={search_term_string}\"},\"query-input\":{\"@type\":\"PropertyValueSpecification\",\"valueRequired\":true,\"valueName\":\"search_term_string\"}}],\"inLanguage\":\"es\"},{\"@type\":\"Person\",\"@id\":\"https:\/\/dev.antudigital.cl\/sites\/vc\/#\/schema\/person\/c2b9da8dd545e27166fc5ab232837318\",\"name\":\"Valpara\u00edso Creativo\",\"description\":\"Periodista de cultura en la Regi\u00f3n de Valpara\u00edso.\",\"url\":\"https:\/\/dev.antudigital.cl\/sites\/vc\/author\/valpoadmin\/\"}]}<\/script>\n<!-- \/ Yoast SEO plugin. -->","yoast_head_json":{"title":"Despu\u00e9s de la lluvia, llega Rubio - Valpara\u00ed\u00adso Creativo","robots":{"index":"index","follow":"follow","max-snippet":"max-snippet:-1","max-image-preview":"max-image-preview:large","max-video-preview":"max-video-preview:-1"},"canonical":"https:\/\/dev.antudigital.cl\/sites\/vc\/despues-de-la-lluvia-llega-rubio\/","og_locale":"es_ES","og_type":"article","og_title":"Despu\u00e9s de la lluvia, llega Rubio - Valpara\u00ed\u00adso Creativo","og_description":"Despierto sobresaltada por la intensidad de los ronroneos de mi gata apoyada en mi pecho. Miro la hora, \u00abmierda\u00bb, pienso: ya es hora. Es medianoche en Valpara\u00edso y me encuentro en las escaleras del Club Segundo Piso, mientras comienza la presentaci\u00f3n de Fran Straube con su proyecto musical Rubio. Una serie de gritos anuncian su [&hellip;]","og_url":"https:\/\/dev.antudigital.cl\/sites\/vc\/despues-de-la-lluvia-llega-rubio\/","og_site_name":"Valpara\u00ed\u00adso Creativo","article_published_time":"2024-06-18T01:35:39+00:00","article_modified_time":"2024-06-18T14:08:15+00:00","og_image":[{"width":906,"height":680,"url":"https:\/\/dev.antudigital.cl\/sites\/vc\/wp-content\/uploads\/2024\/06\/Captura-de-Pantalla-2024-06-17-a-las-21.28.49.png","type":"image\/png"}],"author":"Valpara\u00edso Creativo","twitter_card":"summary_large_image","twitter_misc":{"Escrito por":"Valpara\u00edso Creativo","Tiempo de lectura":"6 minutos"},"schema":{"@context":"https:\/\/schema.org","@graph":[{"@type":"Article","@id":"https:\/\/dev.antudigital.cl\/sites\/vc\/despues-de-la-lluvia-llega-rubio\/#article","isPartOf":{"@id":"https:\/\/dev.antudigital.cl\/sites\/vc\/despues-de-la-lluvia-llega-rubio\/"},"author":{"name":"Valpara\u00edso Creativo","@id":"https:\/\/dev.antudigital.cl\/sites\/vc\/#\/schema\/person\/c2b9da8dd545e27166fc5ab232837318"},"headline":"Despu\u00e9s de la lluvia, llega Rubio","datePublished":"2024-06-18T01:35:39+00:00","dateModified":"2024-06-18T14:08:15+00:00","mainEntityOfPage":{"@id":"https:\/\/dev.antudigital.cl\/sites\/vc\/despues-de-la-lluvia-llega-rubio\/"},"wordCount":946,"image":{"@id":"https:\/\/dev.antudigital.cl\/sites\/vc\/despues-de-la-lluvia-llega-rubio\/#primaryimage"},"thumbnailUrl":"https:\/\/dev.antudigital.cl\/sites\/vc\/wp-content\/uploads\/2024\/06\/Captura-de-Pantalla-2024-06-17-a-las-21.28.49.png","articleSection":["Blog"],"inLanguage":"es"},{"@type":"WebPage","@id":"https:\/\/dev.antudigital.cl\/sites\/vc\/despues-de-la-lluvia-llega-rubio\/","url":"https:\/\/dev.antudigital.cl\/sites\/vc\/despues-de-la-lluvia-llega-rubio\/","name":"Despu\u00e9s de la lluvia, llega Rubio - Valpara\u00ed\u00adso Creativo","isPartOf":{"@id":"https:\/\/dev.antudigital.cl\/sites\/vc\/#website"},"primaryImageOfPage":{"@id":"https:\/\/dev.antudigital.cl\/sites\/vc\/despues-de-la-lluvia-llega-rubio\/#primaryimage"},"image":{"@id":"https:\/\/dev.antudigital.cl\/sites\/vc\/despues-de-la-lluvia-llega-rubio\/#primaryimage"},"thumbnailUrl":"https:\/\/dev.antudigital.cl\/sites\/vc\/wp-content\/uploads\/2024\/06\/Captura-de-Pantalla-2024-06-17-a-las-21.28.49.png","datePublished":"2024-06-18T01:35:39+00:00","dateModified":"2024-06-18T14:08:15+00:00","author":{"@id":"https:\/\/dev.antudigital.cl\/sites\/vc\/#\/schema\/person\/c2b9da8dd545e27166fc5ab232837318"},"breadcrumb":{"@id":"https:\/\/dev.antudigital.cl\/sites\/vc\/despues-de-la-lluvia-llega-rubio\/#breadcrumb"},"inLanguage":"es","potentialAction":[{"@type":"ReadAction","target":["https:\/\/dev.antudigital.cl\/sites\/vc\/despues-de-la-lluvia-llega-rubio\/"]}]},{"@type":"ImageObject","inLanguage":"es","@id":"https:\/\/dev.antudigital.cl\/sites\/vc\/despues-de-la-lluvia-llega-rubio\/#primaryimage","url":"https:\/\/dev.antudigital.cl\/sites\/vc\/wp-content\/uploads\/2024\/06\/Captura-de-Pantalla-2024-06-17-a-las-21.28.49.png","contentUrl":"https:\/\/dev.antudigital.cl\/sites\/vc\/wp-content\/uploads\/2024\/06\/Captura-de-Pantalla-2024-06-17-a-las-21.28.49.png","width":906,"height":680},{"@type":"BreadcrumbList","@id":"https:\/\/dev.antudigital.cl\/sites\/vc\/despues-de-la-lluvia-llega-rubio\/#breadcrumb","itemListElement":[{"@type":"ListItem","position":1,"name":"Home","item":"https:\/\/dev.antudigital.cl\/sites\/vc\/"},{"@type":"ListItem","position":2,"name":"Despu\u00e9s de la lluvia, llega Rubio"}]},{"@type":"WebSite","@id":"https:\/\/dev.antudigital.cl\/sites\/vc\/#website","url":"https:\/\/dev.antudigital.cl\/sites\/vc\/","name":"Valpara\u00ed\u00adso Creativo","description":"","potentialAction":[{"@type":"SearchAction","target":{"@type":"EntryPoint","urlTemplate":"https:\/\/dev.antudigital.cl\/sites\/vc\/?s={search_term_string}"},"query-input":{"@type":"PropertyValueSpecification","valueRequired":true,"valueName":"search_term_string"}}],"inLanguage":"es"},{"@type":"Person","@id":"https:\/\/dev.antudigital.cl\/sites\/vc\/#\/schema\/person\/c2b9da8dd545e27166fc5ab232837318","name":"Valpara\u00edso Creativo","description":"Periodista de cultura en la Regi\u00f3n de Valpara\u00edso.","url":"https:\/\/dev.antudigital.cl\/sites\/vc\/author\/valpoadmin\/"}]}},"_links":{"self":[{"href":"https:\/\/dev.antudigital.cl\/sites\/vc\/wp-json\/wp\/v2\/posts\/19398","targetHints":{"allow":["GET"]}}],"collection":[{"href":"https:\/\/dev.antudigital.cl\/sites\/vc\/wp-json\/wp\/v2\/posts"}],"about":[{"href":"https:\/\/dev.antudigital.cl\/sites\/vc\/wp-json\/wp\/v2\/types\/post"}],"author":[{"embeddable":true,"href":"https:\/\/dev.antudigital.cl\/sites\/vc\/wp-json\/wp\/v2\/users\/1"}],"replies":[{"embeddable":true,"href":"https:\/\/dev.antudigital.cl\/sites\/vc\/wp-json\/wp\/v2\/comments?post=19398"}],"version-history":[{"count":3,"href":"https:\/\/dev.antudigital.cl\/sites\/vc\/wp-json\/wp\/v2\/posts\/19398\/revisions"}],"predecessor-version":[{"id":19462,"href":"https:\/\/dev.antudigital.cl\/sites\/vc\/wp-json\/wp\/v2\/posts\/19398\/revisions\/19462"}],"wp:featuredmedia":[{"embeddable":true,"href":"https:\/\/dev.antudigital.cl\/sites\/vc\/wp-json\/wp\/v2\/media\/19401"}],"wp:attachment":[{"href":"https:\/\/dev.antudigital.cl\/sites\/vc\/wp-json\/wp\/v2\/media?parent=19398"}],"wp:term":[{"taxonomy":"category","embeddable":true,"href":"https:\/\/dev.antudigital.cl\/sites\/vc\/wp-json\/wp\/v2\/categories?post=19398"},{"taxonomy":"post_tag","embeddable":true,"href":"https:\/\/dev.antudigital.cl\/sites\/vc\/wp-json\/wp\/v2\/tags?post=19398"}],"curies":[{"name":"wp","href":"https:\/\/api.w.org\/{rel}","templated":true}]}}