{"id":19407,"date":"2024-06-18T01:52:21","date_gmt":"2024-06-18T01:52:21","guid":{"rendered":"https:\/\/www.valparaisocreativo.cl\/?p=19407"},"modified":"2024-06-18T01:52:39","modified_gmt":"2024-06-18T01:52:39","slug":"reconocido-fotografo-chileno-realiza-lanzamiento-de-libro-sobre-viaje-por-mar-que-lo-trajo-de-regreso-a-chile-tras-el-exilio","status":"publish","type":"post","link":"https:\/\/dev.antudigital.cl\/sites\/vc\/reconocido-fotografo-chileno-realiza-lanzamiento-de-libro-sobre-viaje-por-mar-que-lo-trajo-de-regreso-a-chile-tras-el-exilio\/","title":{"rendered":"Reconocido fot\u00f3grafo chileno realiza lanzamiento de libro sobre viaje por mar que lo trajo de regreso a Chile tras el exilio"},"content":{"rendered":"\n<ul class=\"wp-block-list\">\n<li><em>Rodrigo G\u00f3mez Rovira, junto a la editorial Buen Lugar, realizar\u00e1 la presentaci\u00f3n de \u201cAnvers 1996 Valpara\u00edso\u201d este mi\u00e9rcoles 19 de junio a las 19:00 horas en la Biblioteca de Casa Espacio, ubicada en calle Buenos Aires 824 en la ciudad puerto. La entrada es liberada.\u00a0<\/em><\/li>\n<\/ul>\n\n\n\n<p>La traves\u00eda comenz\u00f3 en el puerto de Amberes, en B\u00e9lgica, cuando Rodrigo G\u00f3mez Rovira decide retornar a Chile despu\u00e9s del exilio junto a su familia en Francia debido a la dictadura de Augusto Pinochet. Se embarc\u00f3 en el buque de carga polaco KRAK\u00d3W II con su c\u00e1mara fotogr\u00e1fica que lo acompa\u00f1\u00f3 en cada minuto de la navegaci\u00f3n.&nbsp;<\/p>\n\n\n\n<p>\u201cAnvers 1996 Valpara\u00edso\u201d es la bit\u00e1cora de esta traves\u00eda que llev\u00f3 al fot\u00f3grafo por Espa\u00f1a, Hait\u00ed, Panam\u00e1, Venezuela, Ecuador y Per\u00fa para finalmente recalar en el puerto de Valpara\u00edso. El fotolibro tendr\u00e1 su lanzamiento en un Di\u00e1logo Fotogr\u00e1fico en la Biblioteca de Casa Espacio donde el autor nos sumergir\u00e1 en esta experiencia que vivi\u00f3 hace 28 a\u00f1os y contar\u00e1 detalles del proceso creativo que deriv\u00f3 en esta publicaci\u00f3n editada y publicada por Buen Lugar, editorial que estar\u00e1 presente en el encuentro en calle Buenos Aires 824 a las 19:00 horas.&nbsp;<\/p>\n\n\n\n<p>Este es un proyecto financiado por el Fondo Nacional de Desarrollo Cultural y las Artes, del Ministerio de las Culturas, las Artes y el Patrimonio, Convocatoria 2022.<\/p>\n\n\n\n<figure class=\"wp-block-image size-large\"><img fetchpriority=\"high\" decoding=\"async\" width=\"1024\" height=\"1024\" src=\"https:\/\/www.valparaisocreativo.cl\/wp-content\/uploads\/2024\/06\/Anvers_post_Instagram-3-1024x1024.png\" alt=\"\" class=\"wp-image-19409\" srcset=\"https:\/\/dev.antudigital.cl\/sites\/vc\/wp-content\/uploads\/2024\/06\/Anvers_post_Instagram-3-1024x1024.png 1024w, https:\/\/dev.antudigital.cl\/sites\/vc\/wp-content\/uploads\/2024\/06\/Anvers_post_Instagram-3-300x300.png 300w, https:\/\/dev.antudigital.cl\/sites\/vc\/wp-content\/uploads\/2024\/06\/Anvers_post_Instagram-3-150x150.png 150w, https:\/\/dev.antudigital.cl\/sites\/vc\/wp-content\/uploads\/2024\/06\/Anvers_post_Instagram-3-768x768.png 768w, https:\/\/dev.antudigital.cl\/sites\/vc\/wp-content\/uploads\/2024\/06\/Anvers_post_Instagram-3-1536x1536.png 1536w, https:\/\/dev.antudigital.cl\/sites\/vc\/wp-content\/uploads\/2024\/06\/Anvers_post_Instagram-3-2048x2048.png 2048w, https:\/\/dev.antudigital.cl\/sites\/vc\/wp-content\/uploads\/2024\/06\/Anvers_post_Instagram-3-1080x1080.png 1080w, https:\/\/dev.antudigital.cl\/sites\/vc\/wp-content\/uploads\/2024\/06\/Anvers_post_Instagram-3-1280x1280.png 1280w, https:\/\/dev.antudigital.cl\/sites\/vc\/wp-content\/uploads\/2024\/06\/Anvers_post_Instagram-3-980x980.png 980w, https:\/\/dev.antudigital.cl\/sites\/vc\/wp-content\/uploads\/2024\/06\/Anvers_post_Instagram-3-480x480.png 480w, https:\/\/dev.antudigital.cl\/sites\/vc\/wp-content\/uploads\/2024\/06\/Anvers_post_Instagram-3-24x24.png 24w, https:\/\/dev.antudigital.cl\/sites\/vc\/wp-content\/uploads\/2024\/06\/Anvers_post_Instagram-3-36x36.png 36w, https:\/\/dev.antudigital.cl\/sites\/vc\/wp-content\/uploads\/2024\/06\/Anvers_post_Instagram-3-48x48.png 48w\" sizes=\"(max-width: 1024px) 100vw, 1024px\" \/><\/figure>\n\n\n\n<p>\u201cHice un viaje que fue fundamental en la construcci\u00f3n de mi vida y cuando llegu\u00e9 a Chile con 28 a\u00f1os impuls\u00e9 con fuerza las fotos que hice para tratar de comunicar lo importante que hab\u00eda sido, y no me fue bien. Fui a diarios y revistas, pero no me pod\u00edan ofrecer lo que imaginaba para dar cuenta de lo que hab\u00eda sido esta experiencia, entonces me frustr\u00e9, pero nunca abandon\u00e9 el proyecto y guard\u00e9 las cosas.\u201d, relata G\u00f3mez Rovira&nbsp;<\/p>\n\n\n\n<p>Casi tres d\u00e9cadas despu\u00e9s Buen Lugar lo invit\u00f3 a editar esta serie de fotograf\u00edas. \u00abVolv\u00ed a mirar todo y, claro, el viaje segu\u00eda siendo algo s\u00faper importante para m\u00ed: hablaba de la historia en asados con amigos, en conferencias donde presentaba mi trabajo, en fin. Entonces fue construy\u00e9ndose algo de manera tan org\u00e1nica que, cuando lleg\u00f3 el momento de plasmarlo en un libro, todo sali\u00f3 muy natural (\u2026) Y eso me da mucha alegr\u00eda\u201d, reflexiona el tambi\u00e9n director del Festival Internacional de Fotograf\u00eda de Valpara\u00edso.&nbsp;<\/p>\n\n\n\n<p>El fot\u00f3grafo Crist\u00f3bal Olivares, editor y co-fundador de Buen Lugar, explica que la edici\u00f3n de esta publicaci\u00f3n de 216 p\u00e1ginas fue un proceso creativo particularmente interesante. \u201cTuvimos la oportunidad y el privilegio de tener un acceso total al archivo de este viaje, sin filtros. Poder mirar todas las fotograf\u00edas que Rodrigo realiz\u00f3, nos confirm\u00f3 la manera en la que ten\u00edamos que estructurar el libro. Es decir, de una forma cronol\u00f3gica donde las im\u00e1genes seleccionadas dan cuenta de un proceso, una transici\u00f3n y de una identidad propia. No se trata de crear una selecci\u00f3n de las mejores fotos, sino de una selecci\u00f3n que en conjunto busca narrar una historia \u00edntima y aventurera a la vez\u201d.&nbsp;&nbsp;<\/p>\n\n\n\n<p><strong>Sobre el autor<\/strong><\/p>\n\n\n\n<p>Rodrigo G\u00f3mez Rovira es fot\u00f3grafo, editor, director art\u00edstico del Festival Internacional de Fotograf\u00eda de Valpara\u00edso (FIFV) y miembro de la agencia francesa de fotograf\u00eda VU. De formaci\u00f3n autodidacta, ha publicado seis libros: Repertoire\u00a0(FIFV, 2013),\u00a0Cuaderno fotogr\u00e1fico. Valpara\u00edso\u00a0(FIFV, 2014), \u00daltimo sur\u00a0(Xavier Barral, 2019), El Terrado (2019), Registe des voyageurs (Filigranes, 2021) y Anvers 1996 Valpara\u00edso (Buen Lugar, 2023). Asimismo, ha editado diversas publicaciones de fotograf\u00eda en el marco del FIFV y ha participado con su obra en diversas exposiciones individuales y colectivas en Chile y el extranjero.\u00a0<\/p>\n\n\n\n<figure class=\"wp-block-image size-large\"><img decoding=\"async\" width=\"1024\" height=\"1024\" src=\"https:\/\/www.valparaisocreativo.cl\/wp-content\/uploads\/2024\/06\/Anvers_post_Instagram-1-1024x1024.png\" alt=\"\" class=\"wp-image-19408\" srcset=\"https:\/\/dev.antudigital.cl\/sites\/vc\/wp-content\/uploads\/2024\/06\/Anvers_post_Instagram-1-1024x1024.png 1024w, https:\/\/dev.antudigital.cl\/sites\/vc\/wp-content\/uploads\/2024\/06\/Anvers_post_Instagram-1-300x300.png 300w, https:\/\/dev.antudigital.cl\/sites\/vc\/wp-content\/uploads\/2024\/06\/Anvers_post_Instagram-1-150x150.png 150w, https:\/\/dev.antudigital.cl\/sites\/vc\/wp-content\/uploads\/2024\/06\/Anvers_post_Instagram-1-768x768.png 768w, https:\/\/dev.antudigital.cl\/sites\/vc\/wp-content\/uploads\/2024\/06\/Anvers_post_Instagram-1-1536x1536.png 1536w, https:\/\/dev.antudigital.cl\/sites\/vc\/wp-content\/uploads\/2024\/06\/Anvers_post_Instagram-1-2048x2048.png 2048w, https:\/\/dev.antudigital.cl\/sites\/vc\/wp-content\/uploads\/2024\/06\/Anvers_post_Instagram-1-1080x1080.png 1080w, https:\/\/dev.antudigital.cl\/sites\/vc\/wp-content\/uploads\/2024\/06\/Anvers_post_Instagram-1-1280x1280.png 1280w, https:\/\/dev.antudigital.cl\/sites\/vc\/wp-content\/uploads\/2024\/06\/Anvers_post_Instagram-1-980x980.png 980w, https:\/\/dev.antudigital.cl\/sites\/vc\/wp-content\/uploads\/2024\/06\/Anvers_post_Instagram-1-480x480.png 480w, https:\/\/dev.antudigital.cl\/sites\/vc\/wp-content\/uploads\/2024\/06\/Anvers_post_Instagram-1-24x24.png 24w, https:\/\/dev.antudigital.cl\/sites\/vc\/wp-content\/uploads\/2024\/06\/Anvers_post_Instagram-1-36x36.png 36w, https:\/\/dev.antudigital.cl\/sites\/vc\/wp-content\/uploads\/2024\/06\/Anvers_post_Instagram-1-48x48.png 48w\" sizes=\"(max-width: 1024px) 100vw, 1024px\" \/><\/figure>\n","protected":false},"excerpt":{"rendered":"<p>La traves\u00eda comenz\u00f3 en el puerto de Amberes, en B\u00e9lgica, cuando Rodrigo G\u00f3mez Rovira decide retornar a Chile despu\u00e9s del exilio junto a su familia en Francia debido a la dictadura de Augusto Pinochet. Se embarc\u00f3 en el buque de carga polaco KRAK\u00d3W II con su c\u00e1mara fotogr\u00e1fica que lo acompa\u00f1\u00f3 en cada minuto de [&hellip;]<\/p>\n","protected":false},"author":1,"featured_media":19410,"comment_status":"closed","ping_status":"closed","sticky":false,"template":"","format":"standard","meta":{"_acf_changed":false,"footnotes":""},"categories":[1],"tags":[],"class_list":["post-19407","post","type-post","status-publish","format-standard","has-post-thumbnail","hentry","category-uncategorized"],"acf":[],"yoast_head":"<!-- This site is optimized with the Yoast SEO plugin v27.1.1 - https:\/\/yoast.com\/product\/yoast-seo-wordpress\/ -->\n<title>Reconocido fot\u00f3grafo chileno realiza lanzamiento de libro sobre viaje por mar que lo trajo de regreso a Chile tras el exilio - Valpara\u00ed\u00adso Creativo<\/title>\n<meta name=\"robots\" content=\"index, follow, max-snippet:-1, max-image-preview:large, max-video-preview:-1\" \/>\n<link rel=\"canonical\" href=\"https:\/\/dev.antudigital.cl\/sites\/vc\/reconocido-fotografo-chileno-realiza-lanzamiento-de-libro-sobre-viaje-por-mar-que-lo-trajo-de-regreso-a-chile-tras-el-exilio\/\" \/>\n<meta property=\"og:locale\" content=\"es_ES\" \/>\n<meta property=\"og:type\" content=\"article\" \/>\n<meta property=\"og:title\" content=\"Reconocido fot\u00f3grafo chileno realiza lanzamiento de libro sobre viaje por mar que lo trajo de regreso a Chile tras el exilio - Valpara\u00ed\u00adso Creativo\" \/>\n<meta property=\"og:description\" content=\"La traves\u00eda comenz\u00f3 en el puerto de Amberes, en B\u00e9lgica, cuando Rodrigo G\u00f3mez Rovira decide retornar a Chile despu\u00e9s del exilio junto a su familia en Francia debido a la dictadura de Augusto Pinochet. Se embarc\u00f3 en el buque de carga polaco KRAK\u00d3W II con su c\u00e1mara fotogr\u00e1fica que lo acompa\u00f1\u00f3 en cada minuto de [&hellip;]\" \/>\n<meta property=\"og:url\" content=\"https:\/\/dev.antudigital.cl\/sites\/vc\/reconocido-fotografo-chileno-realiza-lanzamiento-de-libro-sobre-viaje-por-mar-que-lo-trajo-de-regreso-a-chile-tras-el-exilio\/\" \/>\n<meta property=\"og:site_name\" content=\"Valpara\u00ed\u00adso Creativo\" \/>\n<meta property=\"article:published_time\" content=\"2024-06-18T01:52:21+00:00\" \/>\n<meta property=\"article:modified_time\" content=\"2024-06-18T01:52:39+00:00\" \/>\n<meta property=\"og:image\" content=\"https:\/\/dev.antudigital.cl\/sites\/vc\/wp-content\/uploads\/2024\/06\/Anvers_post_Instagram-2-1024x1024.png\" \/>\n\t<meta property=\"og:image:width\" content=\"1024\" \/>\n\t<meta property=\"og:image:height\" content=\"1024\" \/>\n\t<meta property=\"og:image:type\" content=\"image\/png\" \/>\n<meta name=\"author\" content=\"Valpara\u00edso Creativo\" \/>\n<meta name=\"twitter:card\" content=\"summary_large_image\" \/>\n<meta name=\"twitter:label1\" content=\"Escrito por\" \/>\n\t<meta name=\"twitter:data1\" content=\"Valpara\u00edso Creativo\" \/>\n\t<meta name=\"twitter:label2\" content=\"Tiempo de lectura\" \/>\n\t<meta name=\"twitter:data2\" content=\"4 minutos\" \/>\n<script type=\"application\/ld+json\" class=\"yoast-schema-graph\">{\"@context\":\"https:\/\/schema.org\",\"@graph\":[{\"@type\":\"Article\",\"@id\":\"https:\/\/dev.antudigital.cl\/sites\/vc\/reconocido-fotografo-chileno-realiza-lanzamiento-de-libro-sobre-viaje-por-mar-que-lo-trajo-de-regreso-a-chile-tras-el-exilio\/#article\",\"isPartOf\":{\"@id\":\"https:\/\/dev.antudigital.cl\/sites\/vc\/reconocido-fotografo-chileno-realiza-lanzamiento-de-libro-sobre-viaje-por-mar-que-lo-trajo-de-regreso-a-chile-tras-el-exilio\/\"},\"author\":{\"name\":\"Valpara\u00edso Creativo\",\"@id\":\"https:\/\/dev.antudigital.cl\/sites\/vc\/#\/schema\/person\/c2b9da8dd545e27166fc5ab232837318\"},\"headline\":\"Reconocido fot\u00f3grafo chileno realiza lanzamiento de libro sobre viaje por mar que lo trajo de regreso a Chile tras el exilio\",\"datePublished\":\"2024-06-18T01:52:21+00:00\",\"dateModified\":\"2024-06-18T01:52:39+00:00\",\"mainEntityOfPage\":{\"@id\":\"https:\/\/dev.antudigital.cl\/sites\/vc\/reconocido-fotografo-chileno-realiza-lanzamiento-de-libro-sobre-viaje-por-mar-que-lo-trajo-de-regreso-a-chile-tras-el-exilio\/\"},\"wordCount\":660,\"image\":{\"@id\":\"https:\/\/dev.antudigital.cl\/sites\/vc\/reconocido-fotografo-chileno-realiza-lanzamiento-de-libro-sobre-viaje-por-mar-que-lo-trajo-de-regreso-a-chile-tras-el-exilio\/#primaryimage\"},\"thumbnailUrl\":\"https:\/\/dev.antudigital.cl\/sites\/vc\/wp-content\/uploads\/2024\/06\/Anvers_post_Instagram-2.png\",\"articleSection\":[\"Uncategorized\"],\"inLanguage\":\"es\"},{\"@type\":\"WebPage\",\"@id\":\"https:\/\/dev.antudigital.cl\/sites\/vc\/reconocido-fotografo-chileno-realiza-lanzamiento-de-libro-sobre-viaje-por-mar-que-lo-trajo-de-regreso-a-chile-tras-el-exilio\/\",\"url\":\"https:\/\/dev.antudigital.cl\/sites\/vc\/reconocido-fotografo-chileno-realiza-lanzamiento-de-libro-sobre-viaje-por-mar-que-lo-trajo-de-regreso-a-chile-tras-el-exilio\/\",\"name\":\"Reconocido fot\u00f3grafo chileno realiza lanzamiento de libro sobre viaje por mar que lo trajo de regreso a Chile tras el exilio - Valpara\u00ed\u00adso Creativo\",\"isPartOf\":{\"@id\":\"https:\/\/dev.antudigital.cl\/sites\/vc\/#website\"},\"primaryImageOfPage\":{\"@id\":\"https:\/\/dev.antudigital.cl\/sites\/vc\/reconocido-fotografo-chileno-realiza-lanzamiento-de-libro-sobre-viaje-por-mar-que-lo-trajo-de-regreso-a-chile-tras-el-exilio\/#primaryimage\"},\"image\":{\"@id\":\"https:\/\/dev.antudigital.cl\/sites\/vc\/reconocido-fotografo-chileno-realiza-lanzamiento-de-libro-sobre-viaje-por-mar-que-lo-trajo-de-regreso-a-chile-tras-el-exilio\/#primaryimage\"},\"thumbnailUrl\":\"https:\/\/dev.antudigital.cl\/sites\/vc\/wp-content\/uploads\/2024\/06\/Anvers_post_Instagram-2.png\",\"datePublished\":\"2024-06-18T01:52:21+00:00\",\"dateModified\":\"2024-06-18T01:52:39+00:00\",\"author\":{\"@id\":\"https:\/\/dev.antudigital.cl\/sites\/vc\/#\/schema\/person\/c2b9da8dd545e27166fc5ab232837318\"},\"breadcrumb\":{\"@id\":\"https:\/\/dev.antudigital.cl\/sites\/vc\/reconocido-fotografo-chileno-realiza-lanzamiento-de-libro-sobre-viaje-por-mar-que-lo-trajo-de-regreso-a-chile-tras-el-exilio\/#breadcrumb\"},\"inLanguage\":\"es\",\"potentialAction\":[{\"@type\":\"ReadAction\",\"target\":[\"https:\/\/dev.antudigital.cl\/sites\/vc\/reconocido-fotografo-chileno-realiza-lanzamiento-de-libro-sobre-viaje-por-mar-que-lo-trajo-de-regreso-a-chile-tras-el-exilio\/\"]}]},{\"@type\":\"ImageObject\",\"inLanguage\":\"es\",\"@id\":\"https:\/\/dev.antudigital.cl\/sites\/vc\/reconocido-fotografo-chileno-realiza-lanzamiento-de-libro-sobre-viaje-por-mar-que-lo-trajo-de-regreso-a-chile-tras-el-exilio\/#primaryimage\",\"url\":\"https:\/\/dev.antudigital.cl\/sites\/vc\/wp-content\/uploads\/2024\/06\/Anvers_post_Instagram-2.png\",\"contentUrl\":\"https:\/\/dev.antudigital.cl\/sites\/vc\/wp-content\/uploads\/2024\/06\/Anvers_post_Instagram-2.png\",\"width\":2250,\"height\":2250},{\"@type\":\"BreadcrumbList\",\"@id\":\"https:\/\/dev.antudigital.cl\/sites\/vc\/reconocido-fotografo-chileno-realiza-lanzamiento-de-libro-sobre-viaje-por-mar-que-lo-trajo-de-regreso-a-chile-tras-el-exilio\/#breadcrumb\",\"itemListElement\":[{\"@type\":\"ListItem\",\"position\":1,\"name\":\"Home\",\"item\":\"https:\/\/dev.antudigital.cl\/sites\/vc\/\"},{\"@type\":\"ListItem\",\"position\":2,\"name\":\"Reconocido fot\u00f3grafo chileno realiza lanzamiento de libro sobre viaje por mar que lo trajo de regreso a Chile tras el exilio\"}]},{\"@type\":\"WebSite\",\"@id\":\"https:\/\/dev.antudigital.cl\/sites\/vc\/#website\",\"url\":\"https:\/\/dev.antudigital.cl\/sites\/vc\/\",\"name\":\"Valpara\u00ed\u00adso Creativo\",\"description\":\"\",\"potentialAction\":[{\"@type\":\"SearchAction\",\"target\":{\"@type\":\"EntryPoint\",\"urlTemplate\":\"https:\/\/dev.antudigital.cl\/sites\/vc\/?s={search_term_string}\"},\"query-input\":{\"@type\":\"PropertyValueSpecification\",\"valueRequired\":true,\"valueName\":\"search_term_string\"}}],\"inLanguage\":\"es\"},{\"@type\":\"Person\",\"@id\":\"https:\/\/dev.antudigital.cl\/sites\/vc\/#\/schema\/person\/c2b9da8dd545e27166fc5ab232837318\",\"name\":\"Valpara\u00edso Creativo\",\"description\":\"Periodista de cultura en la Regi\u00f3n de Valpara\u00edso.\",\"url\":\"https:\/\/dev.antudigital.cl\/sites\/vc\/author\/valpoadmin\/\"}]}<\/script>\n<!-- \/ Yoast SEO plugin. -->","yoast_head_json":{"title":"Reconocido fot\u00f3grafo chileno realiza lanzamiento de libro sobre viaje por mar que lo trajo de regreso a Chile tras el exilio - Valpara\u00ed\u00adso Creativo","robots":{"index":"index","follow":"follow","max-snippet":"max-snippet:-1","max-image-preview":"max-image-preview:large","max-video-preview":"max-video-preview:-1"},"canonical":"https:\/\/dev.antudigital.cl\/sites\/vc\/reconocido-fotografo-chileno-realiza-lanzamiento-de-libro-sobre-viaje-por-mar-que-lo-trajo-de-regreso-a-chile-tras-el-exilio\/","og_locale":"es_ES","og_type":"article","og_title":"Reconocido fot\u00f3grafo chileno realiza lanzamiento de libro sobre viaje por mar que lo trajo de regreso a Chile tras el exilio - Valpara\u00ed\u00adso Creativo","og_description":"La traves\u00eda comenz\u00f3 en el puerto de Amberes, en B\u00e9lgica, cuando Rodrigo G\u00f3mez Rovira decide retornar a Chile despu\u00e9s del exilio junto a su familia en Francia debido a la dictadura de Augusto Pinochet. Se embarc\u00f3 en el buque de carga polaco KRAK\u00d3W II con su c\u00e1mara fotogr\u00e1fica que lo acompa\u00f1\u00f3 en cada minuto de [&hellip;]","og_url":"https:\/\/dev.antudigital.cl\/sites\/vc\/reconocido-fotografo-chileno-realiza-lanzamiento-de-libro-sobre-viaje-por-mar-que-lo-trajo-de-regreso-a-chile-tras-el-exilio\/","og_site_name":"Valpara\u00ed\u00adso Creativo","article_published_time":"2024-06-18T01:52:21+00:00","article_modified_time":"2024-06-18T01:52:39+00:00","og_image":[{"width":1024,"height":1024,"url":"https:\/\/dev.antudigital.cl\/sites\/vc\/wp-content\/uploads\/2024\/06\/Anvers_post_Instagram-2-1024x1024.png","type":"image\/png"}],"author":"Valpara\u00edso Creativo","twitter_card":"summary_large_image","twitter_misc":{"Escrito por":"Valpara\u00edso Creativo","Tiempo de lectura":"4 minutos"},"schema":{"@context":"https:\/\/schema.org","@graph":[{"@type":"Article","@id":"https:\/\/dev.antudigital.cl\/sites\/vc\/reconocido-fotografo-chileno-realiza-lanzamiento-de-libro-sobre-viaje-por-mar-que-lo-trajo-de-regreso-a-chile-tras-el-exilio\/#article","isPartOf":{"@id":"https:\/\/dev.antudigital.cl\/sites\/vc\/reconocido-fotografo-chileno-realiza-lanzamiento-de-libro-sobre-viaje-por-mar-que-lo-trajo-de-regreso-a-chile-tras-el-exilio\/"},"author":{"name":"Valpara\u00edso Creativo","@id":"https:\/\/dev.antudigital.cl\/sites\/vc\/#\/schema\/person\/c2b9da8dd545e27166fc5ab232837318"},"headline":"Reconocido fot\u00f3grafo chileno realiza lanzamiento de libro sobre viaje por mar que lo trajo de regreso a Chile tras el exilio","datePublished":"2024-06-18T01:52:21+00:00","dateModified":"2024-06-18T01:52:39+00:00","mainEntityOfPage":{"@id":"https:\/\/dev.antudigital.cl\/sites\/vc\/reconocido-fotografo-chileno-realiza-lanzamiento-de-libro-sobre-viaje-por-mar-que-lo-trajo-de-regreso-a-chile-tras-el-exilio\/"},"wordCount":660,"image":{"@id":"https:\/\/dev.antudigital.cl\/sites\/vc\/reconocido-fotografo-chileno-realiza-lanzamiento-de-libro-sobre-viaje-por-mar-que-lo-trajo-de-regreso-a-chile-tras-el-exilio\/#primaryimage"},"thumbnailUrl":"https:\/\/dev.antudigital.cl\/sites\/vc\/wp-content\/uploads\/2024\/06\/Anvers_post_Instagram-2.png","articleSection":["Uncategorized"],"inLanguage":"es"},{"@type":"WebPage","@id":"https:\/\/dev.antudigital.cl\/sites\/vc\/reconocido-fotografo-chileno-realiza-lanzamiento-de-libro-sobre-viaje-por-mar-que-lo-trajo-de-regreso-a-chile-tras-el-exilio\/","url":"https:\/\/dev.antudigital.cl\/sites\/vc\/reconocido-fotografo-chileno-realiza-lanzamiento-de-libro-sobre-viaje-por-mar-que-lo-trajo-de-regreso-a-chile-tras-el-exilio\/","name":"Reconocido fot\u00f3grafo chileno realiza lanzamiento de libro sobre viaje por mar que lo trajo de regreso a Chile tras el exilio - Valpara\u00ed\u00adso Creativo","isPartOf":{"@id":"https:\/\/dev.antudigital.cl\/sites\/vc\/#website"},"primaryImageOfPage":{"@id":"https:\/\/dev.antudigital.cl\/sites\/vc\/reconocido-fotografo-chileno-realiza-lanzamiento-de-libro-sobre-viaje-por-mar-que-lo-trajo-de-regreso-a-chile-tras-el-exilio\/#primaryimage"},"image":{"@id":"https:\/\/dev.antudigital.cl\/sites\/vc\/reconocido-fotografo-chileno-realiza-lanzamiento-de-libro-sobre-viaje-por-mar-que-lo-trajo-de-regreso-a-chile-tras-el-exilio\/#primaryimage"},"thumbnailUrl":"https:\/\/dev.antudigital.cl\/sites\/vc\/wp-content\/uploads\/2024\/06\/Anvers_post_Instagram-2.png","datePublished":"2024-06-18T01:52:21+00:00","dateModified":"2024-06-18T01:52:39+00:00","author":{"@id":"https:\/\/dev.antudigital.cl\/sites\/vc\/#\/schema\/person\/c2b9da8dd545e27166fc5ab232837318"},"breadcrumb":{"@id":"https:\/\/dev.antudigital.cl\/sites\/vc\/reconocido-fotografo-chileno-realiza-lanzamiento-de-libro-sobre-viaje-por-mar-que-lo-trajo-de-regreso-a-chile-tras-el-exilio\/#breadcrumb"},"inLanguage":"es","potentialAction":[{"@type":"ReadAction","target":["https:\/\/dev.antudigital.cl\/sites\/vc\/reconocido-fotografo-chileno-realiza-lanzamiento-de-libro-sobre-viaje-por-mar-que-lo-trajo-de-regreso-a-chile-tras-el-exilio\/"]}]},{"@type":"ImageObject","inLanguage":"es","@id":"https:\/\/dev.antudigital.cl\/sites\/vc\/reconocido-fotografo-chileno-realiza-lanzamiento-de-libro-sobre-viaje-por-mar-que-lo-trajo-de-regreso-a-chile-tras-el-exilio\/#primaryimage","url":"https:\/\/dev.antudigital.cl\/sites\/vc\/wp-content\/uploads\/2024\/06\/Anvers_post_Instagram-2.png","contentUrl":"https:\/\/dev.antudigital.cl\/sites\/vc\/wp-content\/uploads\/2024\/06\/Anvers_post_Instagram-2.png","width":2250,"height":2250},{"@type":"BreadcrumbList","@id":"https:\/\/dev.antudigital.cl\/sites\/vc\/reconocido-fotografo-chileno-realiza-lanzamiento-de-libro-sobre-viaje-por-mar-que-lo-trajo-de-regreso-a-chile-tras-el-exilio\/#breadcrumb","itemListElement":[{"@type":"ListItem","position":1,"name":"Home","item":"https:\/\/dev.antudigital.cl\/sites\/vc\/"},{"@type":"ListItem","position":2,"name":"Reconocido fot\u00f3grafo chileno realiza lanzamiento de libro sobre viaje por mar que lo trajo de regreso a Chile tras el exilio"}]},{"@type":"WebSite","@id":"https:\/\/dev.antudigital.cl\/sites\/vc\/#website","url":"https:\/\/dev.antudigital.cl\/sites\/vc\/","name":"Valpara\u00ed\u00adso Creativo","description":"","potentialAction":[{"@type":"SearchAction","target":{"@type":"EntryPoint","urlTemplate":"https:\/\/dev.antudigital.cl\/sites\/vc\/?s={search_term_string}"},"query-input":{"@type":"PropertyValueSpecification","valueRequired":true,"valueName":"search_term_string"}}],"inLanguage":"es"},{"@type":"Person","@id":"https:\/\/dev.antudigital.cl\/sites\/vc\/#\/schema\/person\/c2b9da8dd545e27166fc5ab232837318","name":"Valpara\u00edso Creativo","description":"Periodista de cultura en la Regi\u00f3n de Valpara\u00edso.","url":"https:\/\/dev.antudigital.cl\/sites\/vc\/author\/valpoadmin\/"}]}},"_links":{"self":[{"href":"https:\/\/dev.antudigital.cl\/sites\/vc\/wp-json\/wp\/v2\/posts\/19407","targetHints":{"allow":["GET"]}}],"collection":[{"href":"https:\/\/dev.antudigital.cl\/sites\/vc\/wp-json\/wp\/v2\/posts"}],"about":[{"href":"https:\/\/dev.antudigital.cl\/sites\/vc\/wp-json\/wp\/v2\/types\/post"}],"author":[{"embeddable":true,"href":"https:\/\/dev.antudigital.cl\/sites\/vc\/wp-json\/wp\/v2\/users\/1"}],"replies":[{"embeddable":true,"href":"https:\/\/dev.antudigital.cl\/sites\/vc\/wp-json\/wp\/v2\/comments?post=19407"}],"version-history":[{"count":1,"href":"https:\/\/dev.antudigital.cl\/sites\/vc\/wp-json\/wp\/v2\/posts\/19407\/revisions"}],"predecessor-version":[{"id":19411,"href":"https:\/\/dev.antudigital.cl\/sites\/vc\/wp-json\/wp\/v2\/posts\/19407\/revisions\/19411"}],"wp:featuredmedia":[{"embeddable":true,"href":"https:\/\/dev.antudigital.cl\/sites\/vc\/wp-json\/wp\/v2\/media\/19410"}],"wp:attachment":[{"href":"https:\/\/dev.antudigital.cl\/sites\/vc\/wp-json\/wp\/v2\/media?parent=19407"}],"wp:term":[{"taxonomy":"category","embeddable":true,"href":"https:\/\/dev.antudigital.cl\/sites\/vc\/wp-json\/wp\/v2\/categories?post=19407"},{"taxonomy":"post_tag","embeddable":true,"href":"https:\/\/dev.antudigital.cl\/sites\/vc\/wp-json\/wp\/v2\/tags?post=19407"}],"curies":[{"name":"wp","href":"https:\/\/api.w.org\/{rel}","templated":true}]}}