{"id":19412,"date":"2024-06-18T01:56:43","date_gmt":"2024-06-18T01:56:43","guid":{"rendered":"https:\/\/www.valparaisocreativo.cl\/?p=19412"},"modified":"2024-06-18T01:57:00","modified_gmt":"2024-06-18T01:57:00","slug":"no-te-pierdas-flamingo-festival","status":"publish","type":"post","link":"https:\/\/dev.antudigital.cl\/sites\/vc\/no-te-pierdas-flamingo-festival\/","title":{"rendered":"No te pierdas Flamingo Festival"},"content":{"rendered":"\n<p>\u00bfQui\u00e9n no ha so\u00f1ado alguna vez con ser bartender? Ahora tienes la oportunidad de convertirte en un experto catador por un d\u00eda.<\/p>\n\n\n\n<p>\u00a1De los creadores de Feria Sobremesa y Sanguchela, llega: FLAMINGO, Festival de Bares, en TP de Valpara\u00edso! &#x1f379;<\/p>\n\n\n\n<p>&#x1f9a9;<a href=\"https:\/\/www.instagram.com\/flamingo.festival\/\">@flamingo.festival<\/a><\/p>\n\n\n\n<p>Tendr\u00e1s clases exclusivas, les acompa\u00f1ar\u00e1n los mejores bares de la regi\u00f3n, realizar\u00e1n degustaciones y tendr\u00e1s acceso a un stand completo de herramientas de bartender.<\/p>\n\n\n\n<p>\u00a1No te pierdas esta experiencia \u00fanica para los amantes de la mixolog\u00eda! As\u00ed que ya sabes\u2026 si te gustar\u00eda aprender de ella, conocerla en profundidad, mientras empinas el codo y festejas, has llegado al evento indicado\u2026<\/p>\n\n\n\n<p>&#x1f4c5; Fecha: 28 y 29 de junio<br>&#x1f556; Horario: 19.00 hrs &#8211; 03.00 hrs<br>&#x1f4cd; Lugar: TP de Valpara\u00edso<\/p>\n\n\n\n<p>\u00a1Sum\u00e9rgete en el mundo de la cocteler\u00eda y vive una experiencia \u00fanica! Descubre &#x1f447;<\/p>\n\n\n\n<p>Que incluye tu ticket?<\/p>\n\n\n\n<p>&#x1f378; Clases magistrales de cocteler\u00eda<br>&#x1f3c6; Competencias de bartender con los mejores exponentes de Chile<br>&#x1f378; 4 Ticket con degustaciones en los bares participantes<br>&#x1f32e; Exquisita y variada gastronom\u00eda para satisfacer todos los antojos<br>&#x1f3b6; Bandas en vivo y DJs al ritmo de los 80, 90 y 2000 toda la noche!<br>&#x1f483; \u00a1Gran fiesta ultra bailable para cerrar con broche de oro!<\/p>\n\n\n\n<p>&#x1f39f;&#xfe0f; Entradas exclusivas en Vesti.cl<br>&#x1f4b2; Precio preventa: $15.000<br>&#x1f4b2; Precio en puerta: $20.000<br>&#x1f697; Estacionamiento: $4.000<br>&#x1f465; Evento para mayores de 18 a\u00f1os<\/p>\n\n\n\n<p>\u00a1\u00danete para una experiencia inolvidable! \u00a1Reserva tu lugar ahora!\u00a0<\/p>\n\n\n\n<p><a href=\"https:\/\/vesti.cl\/company\/feria-sobremesa\"><strong>Compra tu entrada aqu\u00ed.<\/strong><\/a><\/p>\n","protected":false},"excerpt":{"rendered":"<p>\u00bfQui\u00e9n no ha so\u00f1ado alguna vez con ser bartender? Ahora tienes la oportunidad de convertirte en un experto catador por un d\u00eda. \u00a1De los creadores de Feria Sobremesa y Sanguchela, llega: FLAMINGO, Festival de Bares, en TP de Valpara\u00edso! &#x1f379; &#x1f9a9;@flamingo.festival Tendr\u00e1s clases exclusivas, les acompa\u00f1ar\u00e1n los mejores bares de la regi\u00f3n, realizar\u00e1n degustaciones y [&hellip;]<\/p>\n","protected":false},"author":1,"featured_media":19413,"comment_status":"closed","ping_status":"closed","sticky":false,"template":"","format":"standard","meta":{"_acf_changed":false,"footnotes":""},"categories":[1],"tags":[],"class_list":["post-19412","post","type-post","status-publish","format-standard","has-post-thumbnail","hentry","category-uncategorized"],"acf":[],"yoast_head":"<!-- This site is optimized with the Yoast SEO plugin v27.1.1 - https:\/\/yoast.com\/product\/yoast-seo-wordpress\/ -->\n<title>No te pierdas Flamingo Festival - Valpara\u00ed\u00adso Creativo<\/title>\n<meta name=\"robots\" content=\"index, follow, max-snippet:-1, max-image-preview:large, max-video-preview:-1\" \/>\n<link rel=\"canonical\" href=\"https:\/\/dev.antudigital.cl\/sites\/vc\/no-te-pierdas-flamingo-festival\/\" \/>\n<meta property=\"og:locale\" content=\"es_ES\" \/>\n<meta property=\"og:type\" content=\"article\" \/>\n<meta property=\"og:title\" content=\"No te pierdas Flamingo Festival - Valpara\u00ed\u00adso Creativo\" \/>\n<meta property=\"og:description\" content=\"\u00bfQui\u00e9n no ha so\u00f1ado alguna vez con ser bartender? Ahora tienes la oportunidad de convertirte en un experto catador por un d\u00eda. \u00a1De los creadores de Feria Sobremesa y Sanguchela, llega: FLAMINGO, Festival de Bares, en TP de Valpara\u00edso! &#x1f379; &#x1f9a9;@flamingo.festival Tendr\u00e1s clases exclusivas, les acompa\u00f1ar\u00e1n los mejores bares de la regi\u00f3n, realizar\u00e1n degustaciones y [&hellip;]\" \/>\n<meta property=\"og:url\" content=\"https:\/\/dev.antudigital.cl\/sites\/vc\/no-te-pierdas-flamingo-festival\/\" \/>\n<meta property=\"og:site_name\" content=\"Valpara\u00ed\u00adso Creativo\" \/>\n<meta property=\"article:published_time\" content=\"2024-06-18T01:56:43+00:00\" \/>\n<meta property=\"article:modified_time\" content=\"2024-06-18T01:57:00+00:00\" \/>\n<meta property=\"og:image\" content=\"https:\/\/dev.antudigital.cl\/sites\/vc\/wp-content\/uploads\/2024\/06\/Captura-de-Pantalla-2024-06-17-a-las-21.54.07.png\" \/>\n\t<meta property=\"og:image:width\" content=\"622\" \/>\n\t<meta property=\"og:image:height\" content=\"624\" \/>\n\t<meta property=\"og:image:type\" content=\"image\/png\" \/>\n<meta name=\"author\" content=\"Valpara\u00edso Creativo\" \/>\n<meta name=\"twitter:card\" content=\"summary_large_image\" \/>\n<meta name=\"twitter:label1\" content=\"Escrito por\" \/>\n\t<meta name=\"twitter:data1\" content=\"Valpara\u00edso Creativo\" \/>\n\t<meta name=\"twitter:label2\" content=\"Tiempo de lectura\" \/>\n\t<meta name=\"twitter:data2\" content=\"2 minutos\" \/>\n<script type=\"application\/ld+json\" class=\"yoast-schema-graph\">{\"@context\":\"https:\/\/schema.org\",\"@graph\":[{\"@type\":\"Article\",\"@id\":\"https:\/\/dev.antudigital.cl\/sites\/vc\/no-te-pierdas-flamingo-festival\/#article\",\"isPartOf\":{\"@id\":\"https:\/\/dev.antudigital.cl\/sites\/vc\/no-te-pierdas-flamingo-festival\/\"},\"author\":{\"name\":\"Valpara\u00edso Creativo\",\"@id\":\"https:\/\/dev.antudigital.cl\/sites\/vc\/#\/schema\/person\/c2b9da8dd545e27166fc5ab232837318\"},\"headline\":\"No te pierdas Flamingo Festival\",\"datePublished\":\"2024-06-18T01:56:43+00:00\",\"dateModified\":\"2024-06-18T01:57:00+00:00\",\"mainEntityOfPage\":{\"@id\":\"https:\/\/dev.antudigital.cl\/sites\/vc\/no-te-pierdas-flamingo-festival\/\"},\"wordCount\":279,\"image\":{\"@id\":\"https:\/\/dev.antudigital.cl\/sites\/vc\/no-te-pierdas-flamingo-festival\/#primaryimage\"},\"thumbnailUrl\":\"https:\/\/dev.antudigital.cl\/sites\/vc\/wp-content\/uploads\/2024\/06\/Captura-de-Pantalla-2024-06-17-a-las-21.54.07.png\",\"articleSection\":[\"Uncategorized\"],\"inLanguage\":\"es\"},{\"@type\":\"WebPage\",\"@id\":\"https:\/\/dev.antudigital.cl\/sites\/vc\/no-te-pierdas-flamingo-festival\/\",\"url\":\"https:\/\/dev.antudigital.cl\/sites\/vc\/no-te-pierdas-flamingo-festival\/\",\"name\":\"No te pierdas Flamingo Festival - Valpara\u00ed\u00adso Creativo\",\"isPartOf\":{\"@id\":\"https:\/\/dev.antudigital.cl\/sites\/vc\/#website\"},\"primaryImageOfPage\":{\"@id\":\"https:\/\/dev.antudigital.cl\/sites\/vc\/no-te-pierdas-flamingo-festival\/#primaryimage\"},\"image\":{\"@id\":\"https:\/\/dev.antudigital.cl\/sites\/vc\/no-te-pierdas-flamingo-festival\/#primaryimage\"},\"thumbnailUrl\":\"https:\/\/dev.antudigital.cl\/sites\/vc\/wp-content\/uploads\/2024\/06\/Captura-de-Pantalla-2024-06-17-a-las-21.54.07.png\",\"datePublished\":\"2024-06-18T01:56:43+00:00\",\"dateModified\":\"2024-06-18T01:57:00+00:00\",\"author\":{\"@id\":\"https:\/\/dev.antudigital.cl\/sites\/vc\/#\/schema\/person\/c2b9da8dd545e27166fc5ab232837318\"},\"breadcrumb\":{\"@id\":\"https:\/\/dev.antudigital.cl\/sites\/vc\/no-te-pierdas-flamingo-festival\/#breadcrumb\"},\"inLanguage\":\"es\",\"potentialAction\":[{\"@type\":\"ReadAction\",\"target\":[\"https:\/\/dev.antudigital.cl\/sites\/vc\/no-te-pierdas-flamingo-festival\/\"]}]},{\"@type\":\"ImageObject\",\"inLanguage\":\"es\",\"@id\":\"https:\/\/dev.antudigital.cl\/sites\/vc\/no-te-pierdas-flamingo-festival\/#primaryimage\",\"url\":\"https:\/\/dev.antudigital.cl\/sites\/vc\/wp-content\/uploads\/2024\/06\/Captura-de-Pantalla-2024-06-17-a-las-21.54.07.png\",\"contentUrl\":\"https:\/\/dev.antudigital.cl\/sites\/vc\/wp-content\/uploads\/2024\/06\/Captura-de-Pantalla-2024-06-17-a-las-21.54.07.png\",\"width\":622,\"height\":624},{\"@type\":\"BreadcrumbList\",\"@id\":\"https:\/\/dev.antudigital.cl\/sites\/vc\/no-te-pierdas-flamingo-festival\/#breadcrumb\",\"itemListElement\":[{\"@type\":\"ListItem\",\"position\":1,\"name\":\"Home\",\"item\":\"https:\/\/dev.antudigital.cl\/sites\/vc\/\"},{\"@type\":\"ListItem\",\"position\":2,\"name\":\"No te pierdas Flamingo Festival\"}]},{\"@type\":\"WebSite\",\"@id\":\"https:\/\/dev.antudigital.cl\/sites\/vc\/#website\",\"url\":\"https:\/\/dev.antudigital.cl\/sites\/vc\/\",\"name\":\"Valpara\u00ed\u00adso Creativo\",\"description\":\"\",\"potentialAction\":[{\"@type\":\"SearchAction\",\"target\":{\"@type\":\"EntryPoint\",\"urlTemplate\":\"https:\/\/dev.antudigital.cl\/sites\/vc\/?s={search_term_string}\"},\"query-input\":{\"@type\":\"PropertyValueSpecification\",\"valueRequired\":true,\"valueName\":\"search_term_string\"}}],\"inLanguage\":\"es\"},{\"@type\":\"Person\",\"@id\":\"https:\/\/dev.antudigital.cl\/sites\/vc\/#\/schema\/person\/c2b9da8dd545e27166fc5ab232837318\",\"name\":\"Valpara\u00edso Creativo\",\"description\":\"Periodista de cultura en la Regi\u00f3n de Valpara\u00edso.\",\"url\":\"https:\/\/dev.antudigital.cl\/sites\/vc\/author\/valpoadmin\/\"}]}<\/script>\n<!-- \/ Yoast SEO plugin. -->","yoast_head_json":{"title":"No te pierdas Flamingo Festival - Valpara\u00ed\u00adso Creativo","robots":{"index":"index","follow":"follow","max-snippet":"max-snippet:-1","max-image-preview":"max-image-preview:large","max-video-preview":"max-video-preview:-1"},"canonical":"https:\/\/dev.antudigital.cl\/sites\/vc\/no-te-pierdas-flamingo-festival\/","og_locale":"es_ES","og_type":"article","og_title":"No te pierdas Flamingo Festival - Valpara\u00ed\u00adso Creativo","og_description":"\u00bfQui\u00e9n no ha so\u00f1ado alguna vez con ser bartender? Ahora tienes la oportunidad de convertirte en un experto catador por un d\u00eda. \u00a1De los creadores de Feria Sobremesa y Sanguchela, llega: FLAMINGO, Festival de Bares, en TP de Valpara\u00edso! &#x1f379; &#x1f9a9;@flamingo.festival Tendr\u00e1s clases exclusivas, les acompa\u00f1ar\u00e1n los mejores bares de la regi\u00f3n, realizar\u00e1n degustaciones y [&hellip;]","og_url":"https:\/\/dev.antudigital.cl\/sites\/vc\/no-te-pierdas-flamingo-festival\/","og_site_name":"Valpara\u00ed\u00adso Creativo","article_published_time":"2024-06-18T01:56:43+00:00","article_modified_time":"2024-06-18T01:57:00+00:00","og_image":[{"width":622,"height":624,"url":"https:\/\/dev.antudigital.cl\/sites\/vc\/wp-content\/uploads\/2024\/06\/Captura-de-Pantalla-2024-06-17-a-las-21.54.07.png","type":"image\/png"}],"author":"Valpara\u00edso Creativo","twitter_card":"summary_large_image","twitter_misc":{"Escrito por":"Valpara\u00edso Creativo","Tiempo de lectura":"2 minutos"},"schema":{"@context":"https:\/\/schema.org","@graph":[{"@type":"Article","@id":"https:\/\/dev.antudigital.cl\/sites\/vc\/no-te-pierdas-flamingo-festival\/#article","isPartOf":{"@id":"https:\/\/dev.antudigital.cl\/sites\/vc\/no-te-pierdas-flamingo-festival\/"},"author":{"name":"Valpara\u00edso Creativo","@id":"https:\/\/dev.antudigital.cl\/sites\/vc\/#\/schema\/person\/c2b9da8dd545e27166fc5ab232837318"},"headline":"No te pierdas Flamingo Festival","datePublished":"2024-06-18T01:56:43+00:00","dateModified":"2024-06-18T01:57:00+00:00","mainEntityOfPage":{"@id":"https:\/\/dev.antudigital.cl\/sites\/vc\/no-te-pierdas-flamingo-festival\/"},"wordCount":279,"image":{"@id":"https:\/\/dev.antudigital.cl\/sites\/vc\/no-te-pierdas-flamingo-festival\/#primaryimage"},"thumbnailUrl":"https:\/\/dev.antudigital.cl\/sites\/vc\/wp-content\/uploads\/2024\/06\/Captura-de-Pantalla-2024-06-17-a-las-21.54.07.png","articleSection":["Uncategorized"],"inLanguage":"es"},{"@type":"WebPage","@id":"https:\/\/dev.antudigital.cl\/sites\/vc\/no-te-pierdas-flamingo-festival\/","url":"https:\/\/dev.antudigital.cl\/sites\/vc\/no-te-pierdas-flamingo-festival\/","name":"No te pierdas Flamingo Festival - Valpara\u00ed\u00adso Creativo","isPartOf":{"@id":"https:\/\/dev.antudigital.cl\/sites\/vc\/#website"},"primaryImageOfPage":{"@id":"https:\/\/dev.antudigital.cl\/sites\/vc\/no-te-pierdas-flamingo-festival\/#primaryimage"},"image":{"@id":"https:\/\/dev.antudigital.cl\/sites\/vc\/no-te-pierdas-flamingo-festival\/#primaryimage"},"thumbnailUrl":"https:\/\/dev.antudigital.cl\/sites\/vc\/wp-content\/uploads\/2024\/06\/Captura-de-Pantalla-2024-06-17-a-las-21.54.07.png","datePublished":"2024-06-18T01:56:43+00:00","dateModified":"2024-06-18T01:57:00+00:00","author":{"@id":"https:\/\/dev.antudigital.cl\/sites\/vc\/#\/schema\/person\/c2b9da8dd545e27166fc5ab232837318"},"breadcrumb":{"@id":"https:\/\/dev.antudigital.cl\/sites\/vc\/no-te-pierdas-flamingo-festival\/#breadcrumb"},"inLanguage":"es","potentialAction":[{"@type":"ReadAction","target":["https:\/\/dev.antudigital.cl\/sites\/vc\/no-te-pierdas-flamingo-festival\/"]}]},{"@type":"ImageObject","inLanguage":"es","@id":"https:\/\/dev.antudigital.cl\/sites\/vc\/no-te-pierdas-flamingo-festival\/#primaryimage","url":"https:\/\/dev.antudigital.cl\/sites\/vc\/wp-content\/uploads\/2024\/06\/Captura-de-Pantalla-2024-06-17-a-las-21.54.07.png","contentUrl":"https:\/\/dev.antudigital.cl\/sites\/vc\/wp-content\/uploads\/2024\/06\/Captura-de-Pantalla-2024-06-17-a-las-21.54.07.png","width":622,"height":624},{"@type":"BreadcrumbList","@id":"https:\/\/dev.antudigital.cl\/sites\/vc\/no-te-pierdas-flamingo-festival\/#breadcrumb","itemListElement":[{"@type":"ListItem","position":1,"name":"Home","item":"https:\/\/dev.antudigital.cl\/sites\/vc\/"},{"@type":"ListItem","position":2,"name":"No te pierdas Flamingo Festival"}]},{"@type":"WebSite","@id":"https:\/\/dev.antudigital.cl\/sites\/vc\/#website","url":"https:\/\/dev.antudigital.cl\/sites\/vc\/","name":"Valpara\u00ed\u00adso Creativo","description":"","potentialAction":[{"@type":"SearchAction","target":{"@type":"EntryPoint","urlTemplate":"https:\/\/dev.antudigital.cl\/sites\/vc\/?s={search_term_string}"},"query-input":{"@type":"PropertyValueSpecification","valueRequired":true,"valueName":"search_term_string"}}],"inLanguage":"es"},{"@type":"Person","@id":"https:\/\/dev.antudigital.cl\/sites\/vc\/#\/schema\/person\/c2b9da8dd545e27166fc5ab232837318","name":"Valpara\u00edso Creativo","description":"Periodista de cultura en la Regi\u00f3n de Valpara\u00edso.","url":"https:\/\/dev.antudigital.cl\/sites\/vc\/author\/valpoadmin\/"}]}},"_links":{"self":[{"href":"https:\/\/dev.antudigital.cl\/sites\/vc\/wp-json\/wp\/v2\/posts\/19412","targetHints":{"allow":["GET"]}}],"collection":[{"href":"https:\/\/dev.antudigital.cl\/sites\/vc\/wp-json\/wp\/v2\/posts"}],"about":[{"href":"https:\/\/dev.antudigital.cl\/sites\/vc\/wp-json\/wp\/v2\/types\/post"}],"author":[{"embeddable":true,"href":"https:\/\/dev.antudigital.cl\/sites\/vc\/wp-json\/wp\/v2\/users\/1"}],"replies":[{"embeddable":true,"href":"https:\/\/dev.antudigital.cl\/sites\/vc\/wp-json\/wp\/v2\/comments?post=19412"}],"version-history":[{"count":1,"href":"https:\/\/dev.antudigital.cl\/sites\/vc\/wp-json\/wp\/v2\/posts\/19412\/revisions"}],"predecessor-version":[{"id":19414,"href":"https:\/\/dev.antudigital.cl\/sites\/vc\/wp-json\/wp\/v2\/posts\/19412\/revisions\/19414"}],"wp:featuredmedia":[{"embeddable":true,"href":"https:\/\/dev.antudigital.cl\/sites\/vc\/wp-json\/wp\/v2\/media\/19413"}],"wp:attachment":[{"href":"https:\/\/dev.antudigital.cl\/sites\/vc\/wp-json\/wp\/v2\/media?parent=19412"}],"wp:term":[{"taxonomy":"category","embeddable":true,"href":"https:\/\/dev.antudigital.cl\/sites\/vc\/wp-json\/wp\/v2\/categories?post=19412"},{"taxonomy":"post_tag","embeddable":true,"href":"https:\/\/dev.antudigital.cl\/sites\/vc\/wp-json\/wp\/v2\/tags?post=19412"}],"curies":[{"name":"wp","href":"https:\/\/api.w.org\/{rel}","templated":true}]}}