{"id":19425,"date":"2024-06-18T02:09:34","date_gmt":"2024-06-18T02:09:34","guid":{"rendered":"https:\/\/www.valparaisocreativo.cl\/?p=19425"},"modified":"2024-06-18T02:09:52","modified_gmt":"2024-06-18T02:09:52","slug":"encuentros-de-cultura-comunitaria-se-realizaran-en-santiago-y-valparaiso-con-expositores-de-argentina","status":"publish","type":"post","link":"https:\/\/dev.antudigital.cl\/sites\/vc\/encuentros-de-cultura-comunitaria-se-realizaran-en-santiago-y-valparaiso-con-expositores-de-argentina\/","title":{"rendered":"Encuentros de Cultura Comunitaria se realizar\u00e1n en Santiago y Valpara\u00edso con expositores de Argentina"},"content":{"rendered":"\n<p><strong>Encuentros de Cultura Comunitaria se realizar\u00e1n en Santiago y Valpara\u00edso junto a expositores de Argentina<\/strong><\/p>\n\n\n\n<p><em>En Valpara\u00edso las actividades se desarrollar\u00e1n en la Sala Centex, Sala El Peral y en la Sala Juan Araya, de la Facultad de Arquitectura de la Universidad de Valpara\u00edso.<\/em><\/p>\n\n\n\n<p>La pr\u00f3xima semana, Santiago y Valpara\u00edso ser\u00e1n escenarios de una serie de eventos destacados enfocados en la promoci\u00f3n de la\u00a0<strong>Cultura Viva Comunitaria<\/strong>\u00a0y el cooperativismo.\u00a0<\/p>\n\n\n\n<figure class=\"wp-block-image size-large\"><img fetchpriority=\"high\" decoding=\"async\" width=\"1024\" height=\"576\" src=\"https:\/\/www.valparaisocreativo.cl\/wp-content\/uploads\/2024\/06\/CCPA-foto-2-1024x576.jpg\" alt=\"\" class=\"wp-image-19427\" srcset=\"https:\/\/dev.antudigital.cl\/sites\/vc\/wp-content\/uploads\/2024\/06\/CCPA-foto-2-1024x576.jpg 1024w, https:\/\/dev.antudigital.cl\/sites\/vc\/wp-content\/uploads\/2024\/06\/CCPA-foto-2-300x169.jpg 300w, https:\/\/dev.antudigital.cl\/sites\/vc\/wp-content\/uploads\/2024\/06\/CCPA-foto-2-768x432.jpg 768w, https:\/\/dev.antudigital.cl\/sites\/vc\/wp-content\/uploads\/2024\/06\/CCPA-foto-2-1080x608.jpg 1080w, https:\/\/dev.antudigital.cl\/sites\/vc\/wp-content\/uploads\/2024\/06\/CCPA-foto-2-1280x720.jpg 1280w, https:\/\/dev.antudigital.cl\/sites\/vc\/wp-content\/uploads\/2024\/06\/CCPA-foto-2-980x551.jpg 980w, https:\/\/dev.antudigital.cl\/sites\/vc\/wp-content\/uploads\/2024\/06\/CCPA-foto-2-480x270.jpg 480w, https:\/\/dev.antudigital.cl\/sites\/vc\/wp-content\/uploads\/2024\/06\/CCPA-foto-2-24x14.jpg 24w, https:\/\/dev.antudigital.cl\/sites\/vc\/wp-content\/uploads\/2024\/06\/CCPA-foto-2-36x20.jpg 36w, https:\/\/dev.antudigital.cl\/sites\/vc\/wp-content\/uploads\/2024\/06\/CCPA-foto-2-48x27.jpg 48w, https:\/\/dev.antudigital.cl\/sites\/vc\/wp-content\/uploads\/2024\/06\/CCPA-foto-2.jpg 1500w\" sizes=\"(max-width: 1024px) 100vw, 1024px\" \/><\/figure>\n\n\n\n<p>Las actividades se enmarcan en el proyecto de la&nbsp;<strong>\u201cRed de Autoformaci\u00f3n Comunitaria\u201d<\/strong>, ejecutado por el&nbsp;<strong>Centro Cultural Playa Ancha&nbsp;<\/strong>y financiado por el programa de Puntos de Cultura Comunitaria del Ministerio de las Culturas las Artes y el Patrimonio.<\/p>\n\n\n\n<p>Estas actividades buscan fortalecer el di\u00e1logo y la colaboraci\u00f3n en torno a la cultura y la producci\u00f3n comunitaria y contar\u00e1n con la participaci\u00f3n de reconocidos expositores de Argentina. Al respecto,\u00a0<strong>Karem Jorquera<\/strong>,\u00a0<strong>presidenta del CC Playa Ancha<\/strong>\u00a0afirma: \u201c<em>Estos encuentros representan una oportunidad invaluable para el p\u00fablico general interesado en la cultura y el cooperativismo, ofreciendo espacios de aprendizaje y di\u00e1logo con expertos internacionales\u201d.<\/em><\/p>\n\n\n\n<figure class=\"wp-block-image size-large\"><img decoding=\"async\" width=\"1024\" height=\"576\" src=\"https:\/\/www.valparaisocreativo.cl\/wp-content\/uploads\/2024\/06\/CCPA-foto-1-1024x576.jpg\" alt=\"\" class=\"wp-image-19428\" srcset=\"https:\/\/dev.antudigital.cl\/sites\/vc\/wp-content\/uploads\/2024\/06\/CCPA-foto-1-1024x576.jpg 1024w, https:\/\/dev.antudigital.cl\/sites\/vc\/wp-content\/uploads\/2024\/06\/CCPA-foto-1-300x169.jpg 300w, https:\/\/dev.antudigital.cl\/sites\/vc\/wp-content\/uploads\/2024\/06\/CCPA-foto-1-768x432.jpg 768w, https:\/\/dev.antudigital.cl\/sites\/vc\/wp-content\/uploads\/2024\/06\/CCPA-foto-1-1080x608.jpg 1080w, https:\/\/dev.antudigital.cl\/sites\/vc\/wp-content\/uploads\/2024\/06\/CCPA-foto-1-980x551.jpg 980w, https:\/\/dev.antudigital.cl\/sites\/vc\/wp-content\/uploads\/2024\/06\/CCPA-foto-1-480x270.jpg 480w, https:\/\/dev.antudigital.cl\/sites\/vc\/wp-content\/uploads\/2024\/06\/CCPA-foto-1-24x14.jpg 24w, https:\/\/dev.antudigital.cl\/sites\/vc\/wp-content\/uploads\/2024\/06\/CCPA-foto-1-36x20.jpg 36w, https:\/\/dev.antudigital.cl\/sites\/vc\/wp-content\/uploads\/2024\/06\/CCPA-foto-1-48x27.jpg 48w, https:\/\/dev.antudigital.cl\/sites\/vc\/wp-content\/uploads\/2024\/06\/CCPA-foto-1.jpg 1280w\" sizes=\"(max-width: 1024px) 100vw, 1024px\" \/><\/figure>\n\n\n\n<p><strong>PROGRAMACI\u00d3N JUNIO<\/strong><\/p>\n\n\n\n<p>El primer encuentro, titulado&nbsp;<strong><em>\u00abDi\u00e1logos de Territorios: Cultura Viva Comunitaria y Puntos de Cultura\u00bb<\/em><\/strong>, se realizar\u00e1 el&nbsp;<strong>lunes 17 de junio<\/strong>&nbsp;de&nbsp;<strong>17:30 a 19:30 horas&nbsp;<\/strong>en el&nbsp;<strong>Teatro Novedades<\/strong>, ubicado en Cueto N\u00b0 257, a solo cuatro cuadras del metro Cumming en Santiago. La exposici\u00f3n estar\u00e1 a cargo de&nbsp;<strong>Mar\u00eda Emilia De la Iglesia<\/strong>, presidenta del Instituto Argentino de Promoci\u00f3n de la Cultura Viva Comunitaria y fundadora de la Cooperativa \u201cLa Comunitaria\u201d.<\/p>\n\n\n\n<p>Luego en&nbsp;<strong>Valpara\u00edso<\/strong>, el&nbsp;<strong>martes 18 de junio<\/strong>&nbsp;de&nbsp;<strong>10:00 a 13:00 horas<\/strong>&nbsp;en la&nbsp;<strong>Sala Centex<\/strong>, ubicada en Plaza Sotomayor 233 ser\u00e1 el turno de los&nbsp;<strong><em>\u00abDi\u00e1logos de Territorios: Cultura Viva Comunitaria y Puntos de Cultura\u00bb<\/em><\/strong>&nbsp;encabezados por Mar\u00eda Emilia De la Iglesia.<\/p>\n\n\n\n<p>Ese mismo martes por la tarde, de&nbsp;<strong>17:00 a 19:00 horas<\/strong>, en la&nbsp;<strong>Sala El Peral<\/strong>, ubicada en Paseo Yugoslavo del Cerro Alegre, se llevar\u00e1 a cabo el evento&nbsp;<strong><em>\u00abDi\u00e1logos para el Cooperativismo y Producci\u00f3n del Territorio\u00bb<\/em><\/strong>. Manuel Andr\u00e9s Martino, Ingeniero Agr\u00f3nomo y referente de La Comunitaria en el \u00e1rea de producci\u00f3n, expondr\u00e1 sobre su experiencia como Presidente de la Federaci\u00f3n Rural para la Producci\u00f3n y el Arraigo de las Cooperativas Argentinas.<\/p>\n\n\n\n<p>Finalmente, el<strong>&nbsp;jueves 20 de junio<\/strong>, se desarrollar\u00e1 el&nbsp;<strong>Seminario-Taller de Teatro Comunitario<\/strong>&nbsp;de&nbsp;<strong>10:00 a 17:00 horas<\/strong>&nbsp;en la&nbsp;<strong>Sala Juan Araya, de la Facultad de Arquitectura de la Universidad de Valpara\u00edso.<\/strong>&nbsp;Mar\u00eda Emilia De la Iglesia, en su rol de directora teatral, actriz, profesora y comunicadora social, facilitar\u00e1 este taller. Ella tambi\u00e9n es la fundadora de la Cooperativa \u201cLa Comunitaria\u201d y Presidenta del Instituto Argentino de Promoci\u00f3n de la Cultura Viva Comunitaria. Este seminario-taller requiere inscripci\u00f3n previa&nbsp;<a href=\"https:\/\/forms.gle\/biTk7R2DEYuyHo1W7\" target=\"_blank\" rel=\"noreferrer noopener\">https:\/\/forms.gle\/biTk7R2DEYuyHo1W7<\/a>&nbsp;<\/p>\n\n\n\n<p><strong>Redes sociales: @centroculturalplayanchavalpo<\/strong><\/p>\n\n\n\n<p><strong>correo:\u00a0<\/strong><a href=\"mailto:contacto.parquevioletaparra@gmail.com\" target=\"_blank\" rel=\"noreferrer noopener\"><strong>contacto.parquevioletaparra@gmail.com<\/strong><\/a><\/p>\n\n\n\n<figure class=\"wp-block-image size-large\"><img decoding=\"async\" width=\"819\" height=\"1024\" src=\"https:\/\/www.valparaisocreativo.cl\/wp-content\/uploads\/2024\/06\/CCPA_Taller-teatro-comunitario-819x1024.jpg\" alt=\"\" class=\"wp-image-19426\" srcset=\"https:\/\/dev.antudigital.cl\/sites\/vc\/wp-content\/uploads\/2024\/06\/CCPA_Taller-teatro-comunitario-819x1024.jpg 819w, https:\/\/dev.antudigital.cl\/sites\/vc\/wp-content\/uploads\/2024\/06\/CCPA_Taller-teatro-comunitario-240x300.jpg 240w, https:\/\/dev.antudigital.cl\/sites\/vc\/wp-content\/uploads\/2024\/06\/CCPA_Taller-teatro-comunitario-768x960.jpg 768w, https:\/\/dev.antudigital.cl\/sites\/vc\/wp-content\/uploads\/2024\/06\/CCPA_Taller-teatro-comunitario-1229x1536.jpg 1229w, https:\/\/dev.antudigital.cl\/sites\/vc\/wp-content\/uploads\/2024\/06\/CCPA_Taller-teatro-comunitario-1639x2048.jpg 1639w, https:\/\/dev.antudigital.cl\/sites\/vc\/wp-content\/uploads\/2024\/06\/CCPA_Taller-teatro-comunitario-1080x1350.jpg 1080w, https:\/\/dev.antudigital.cl\/sites\/vc\/wp-content\/uploads\/2024\/06\/CCPA_Taller-teatro-comunitario-1280x1600.jpg 1280w, https:\/\/dev.antudigital.cl\/sites\/vc\/wp-content\/uploads\/2024\/06\/CCPA_Taller-teatro-comunitario-980x1225.jpg 980w, https:\/\/dev.antudigital.cl\/sites\/vc\/wp-content\/uploads\/2024\/06\/CCPA_Taller-teatro-comunitario-480x600.jpg 480w, https:\/\/dev.antudigital.cl\/sites\/vc\/wp-content\/uploads\/2024\/06\/CCPA_Taller-teatro-comunitario-19x24.jpg 19w, https:\/\/dev.antudigital.cl\/sites\/vc\/wp-content\/uploads\/2024\/06\/CCPA_Taller-teatro-comunitario-29x36.jpg 29w, https:\/\/dev.antudigital.cl\/sites\/vc\/wp-content\/uploads\/2024\/06\/CCPA_Taller-teatro-comunitario-38x48.jpg 38w, https:\/\/dev.antudigital.cl\/sites\/vc\/wp-content\/uploads\/2024\/06\/CCPA_Taller-teatro-comunitario-scaled.jpg 2048w\" sizes=\"(max-width: 819px) 100vw, 819px\" \/><\/figure>\n","protected":false},"excerpt":{"rendered":"<p>Encuentros de Cultura Comunitaria se realizar\u00e1n en Santiago y Valpara\u00edso junto a expositores de Argentina En Valpara\u00edso las actividades se desarrollar\u00e1n en la Sala Centex, Sala El Peral y en la Sala Juan Araya, de la Facultad de Arquitectura de la Universidad de Valpara\u00edso. La pr\u00f3xima semana, Santiago y Valpara\u00edso ser\u00e1n escenarios de una serie [&hellip;]<\/p>\n","protected":false},"author":1,"featured_media":19429,"comment_status":"closed","ping_status":"closed","sticky":false,"template":"","format":"standard","meta":{"_acf_changed":false,"footnotes":""},"categories":[8],"tags":[],"class_list":["post-19425","post","type-post","status-publish","format-standard","has-post-thumbnail","hentry","category-noticia"],"acf":[],"yoast_head":"<!-- This site is optimized with the Yoast SEO plugin v27.1.1 - https:\/\/yoast.com\/product\/yoast-seo-wordpress\/ -->\n<title>Encuentros de Cultura Comunitaria se realizar\u00e1n en Santiago y Valpara\u00edso con expositores de Argentina - Valpara\u00ed\u00adso Creativo<\/title>\n<meta name=\"robots\" content=\"index, follow, max-snippet:-1, max-image-preview:large, max-video-preview:-1\" \/>\n<link rel=\"canonical\" href=\"https:\/\/dev.antudigital.cl\/sites\/vc\/encuentros-de-cultura-comunitaria-se-realizaran-en-santiago-y-valparaiso-con-expositores-de-argentina\/\" \/>\n<meta property=\"og:locale\" content=\"es_ES\" \/>\n<meta property=\"og:type\" content=\"article\" \/>\n<meta property=\"og:title\" content=\"Encuentros de Cultura Comunitaria se realizar\u00e1n en Santiago y Valpara\u00edso con expositores de Argentina - Valpara\u00ed\u00adso Creativo\" \/>\n<meta property=\"og:description\" content=\"Encuentros de Cultura Comunitaria se realizar\u00e1n en Santiago y Valpara\u00edso junto a expositores de Argentina En Valpara\u00edso las actividades se desarrollar\u00e1n en la Sala Centex, Sala El Peral y en la Sala Juan Araya, de la Facultad de Arquitectura de la Universidad de Valpara\u00edso. La pr\u00f3xima semana, Santiago y Valpara\u00edso ser\u00e1n escenarios de una serie [&hellip;]\" \/>\n<meta property=\"og:url\" content=\"https:\/\/dev.antudigital.cl\/sites\/vc\/encuentros-de-cultura-comunitaria-se-realizaran-en-santiago-y-valparaiso-con-expositores-de-argentina\/\" \/>\n<meta property=\"og:site_name\" content=\"Valpara\u00ed\u00adso Creativo\" \/>\n<meta property=\"article:published_time\" content=\"2024-06-18T02:09:34+00:00\" \/>\n<meta property=\"article:modified_time\" content=\"2024-06-18T02:09:52+00:00\" \/>\n<meta property=\"og:image\" content=\"https:\/\/dev.antudigital.cl\/sites\/vc\/wp-content\/uploads\/2024\/06\/CCPA-foto-0.jpeg\" \/>\n\t<meta property=\"og:image:width\" content=\"1600\" \/>\n\t<meta property=\"og:image:height\" content=\"771\" \/>\n\t<meta property=\"og:image:type\" content=\"image\/jpeg\" \/>\n<meta name=\"author\" content=\"Valpara\u00edso Creativo\" \/>\n<meta name=\"twitter:card\" content=\"summary_large_image\" \/>\n<meta name=\"twitter:label1\" content=\"Escrito por\" \/>\n\t<meta name=\"twitter:data1\" content=\"Valpara\u00edso Creativo\" \/>\n\t<meta name=\"twitter:label2\" content=\"Tiempo de lectura\" \/>\n\t<meta name=\"twitter:data2\" content=\"3 minutos\" \/>\n<script type=\"application\/ld+json\" class=\"yoast-schema-graph\">{\"@context\":\"https:\/\/schema.org\",\"@graph\":[{\"@type\":\"Article\",\"@id\":\"https:\/\/dev.antudigital.cl\/sites\/vc\/encuentros-de-cultura-comunitaria-se-realizaran-en-santiago-y-valparaiso-con-expositores-de-argentina\/#article\",\"isPartOf\":{\"@id\":\"https:\/\/dev.antudigital.cl\/sites\/vc\/encuentros-de-cultura-comunitaria-se-realizaran-en-santiago-y-valparaiso-con-expositores-de-argentina\/\"},\"author\":{\"name\":\"Valpara\u00edso Creativo\",\"@id\":\"https:\/\/dev.antudigital.cl\/sites\/vc\/#\/schema\/person\/c2b9da8dd545e27166fc5ab232837318\"},\"headline\":\"Encuentros de Cultura Comunitaria se realizar\u00e1n en Santiago y Valpara\u00edso con expositores de Argentina\",\"datePublished\":\"2024-06-18T02:09:34+00:00\",\"dateModified\":\"2024-06-18T02:09:52+00:00\",\"mainEntityOfPage\":{\"@id\":\"https:\/\/dev.antudigital.cl\/sites\/vc\/encuentros-de-cultura-comunitaria-se-realizaran-en-santiago-y-valparaiso-con-expositores-de-argentina\/\"},\"wordCount\":529,\"image\":{\"@id\":\"https:\/\/dev.antudigital.cl\/sites\/vc\/encuentros-de-cultura-comunitaria-se-realizaran-en-santiago-y-valparaiso-con-expositores-de-argentina\/#primaryimage\"},\"thumbnailUrl\":\"https:\/\/dev.antudigital.cl\/sites\/vc\/wp-content\/uploads\/2024\/06\/CCPA-foto-0.jpeg\",\"articleSection\":[\"Noticia\"],\"inLanguage\":\"es\"},{\"@type\":\"WebPage\",\"@id\":\"https:\/\/dev.antudigital.cl\/sites\/vc\/encuentros-de-cultura-comunitaria-se-realizaran-en-santiago-y-valparaiso-con-expositores-de-argentina\/\",\"url\":\"https:\/\/dev.antudigital.cl\/sites\/vc\/encuentros-de-cultura-comunitaria-se-realizaran-en-santiago-y-valparaiso-con-expositores-de-argentina\/\",\"name\":\"Encuentros de Cultura Comunitaria se realizar\u00e1n en Santiago y Valpara\u00edso con expositores de Argentina - Valpara\u00ed\u00adso Creativo\",\"isPartOf\":{\"@id\":\"https:\/\/dev.antudigital.cl\/sites\/vc\/#website\"},\"primaryImageOfPage\":{\"@id\":\"https:\/\/dev.antudigital.cl\/sites\/vc\/encuentros-de-cultura-comunitaria-se-realizaran-en-santiago-y-valparaiso-con-expositores-de-argentina\/#primaryimage\"},\"image\":{\"@id\":\"https:\/\/dev.antudigital.cl\/sites\/vc\/encuentros-de-cultura-comunitaria-se-realizaran-en-santiago-y-valparaiso-con-expositores-de-argentina\/#primaryimage\"},\"thumbnailUrl\":\"https:\/\/dev.antudigital.cl\/sites\/vc\/wp-content\/uploads\/2024\/06\/CCPA-foto-0.jpeg\",\"datePublished\":\"2024-06-18T02:09:34+00:00\",\"dateModified\":\"2024-06-18T02:09:52+00:00\",\"author\":{\"@id\":\"https:\/\/dev.antudigital.cl\/sites\/vc\/#\/schema\/person\/c2b9da8dd545e27166fc5ab232837318\"},\"breadcrumb\":{\"@id\":\"https:\/\/dev.antudigital.cl\/sites\/vc\/encuentros-de-cultura-comunitaria-se-realizaran-en-santiago-y-valparaiso-con-expositores-de-argentina\/#breadcrumb\"},\"inLanguage\":\"es\",\"potentialAction\":[{\"@type\":\"ReadAction\",\"target\":[\"https:\/\/dev.antudigital.cl\/sites\/vc\/encuentros-de-cultura-comunitaria-se-realizaran-en-santiago-y-valparaiso-con-expositores-de-argentina\/\"]}]},{\"@type\":\"ImageObject\",\"inLanguage\":\"es\",\"@id\":\"https:\/\/dev.antudigital.cl\/sites\/vc\/encuentros-de-cultura-comunitaria-se-realizaran-en-santiago-y-valparaiso-con-expositores-de-argentina\/#primaryimage\",\"url\":\"https:\/\/dev.antudigital.cl\/sites\/vc\/wp-content\/uploads\/2024\/06\/CCPA-foto-0.jpeg\",\"contentUrl\":\"https:\/\/dev.antudigital.cl\/sites\/vc\/wp-content\/uploads\/2024\/06\/CCPA-foto-0.jpeg\",\"width\":1600,\"height\":771},{\"@type\":\"BreadcrumbList\",\"@id\":\"https:\/\/dev.antudigital.cl\/sites\/vc\/encuentros-de-cultura-comunitaria-se-realizaran-en-santiago-y-valparaiso-con-expositores-de-argentina\/#breadcrumb\",\"itemListElement\":[{\"@type\":\"ListItem\",\"position\":1,\"name\":\"Home\",\"item\":\"https:\/\/dev.antudigital.cl\/sites\/vc\/\"},{\"@type\":\"ListItem\",\"position\":2,\"name\":\"Encuentros de Cultura Comunitaria se realizar\u00e1n en Santiago y Valpara\u00edso con expositores de Argentina\"}]},{\"@type\":\"WebSite\",\"@id\":\"https:\/\/dev.antudigital.cl\/sites\/vc\/#website\",\"url\":\"https:\/\/dev.antudigital.cl\/sites\/vc\/\",\"name\":\"Valpara\u00ed\u00adso Creativo\",\"description\":\"\",\"potentialAction\":[{\"@type\":\"SearchAction\",\"target\":{\"@type\":\"EntryPoint\",\"urlTemplate\":\"https:\/\/dev.antudigital.cl\/sites\/vc\/?s={search_term_string}\"},\"query-input\":{\"@type\":\"PropertyValueSpecification\",\"valueRequired\":true,\"valueName\":\"search_term_string\"}}],\"inLanguage\":\"es\"},{\"@type\":\"Person\",\"@id\":\"https:\/\/dev.antudigital.cl\/sites\/vc\/#\/schema\/person\/c2b9da8dd545e27166fc5ab232837318\",\"name\":\"Valpara\u00edso Creativo\",\"description\":\"Periodista de cultura en la Regi\u00f3n de Valpara\u00edso.\",\"url\":\"https:\/\/dev.antudigital.cl\/sites\/vc\/author\/valpoadmin\/\"}]}<\/script>\n<!-- \/ Yoast SEO plugin. -->","yoast_head_json":{"title":"Encuentros de Cultura Comunitaria se realizar\u00e1n en Santiago y Valpara\u00edso con expositores de Argentina - Valpara\u00ed\u00adso Creativo","robots":{"index":"index","follow":"follow","max-snippet":"max-snippet:-1","max-image-preview":"max-image-preview:large","max-video-preview":"max-video-preview:-1"},"canonical":"https:\/\/dev.antudigital.cl\/sites\/vc\/encuentros-de-cultura-comunitaria-se-realizaran-en-santiago-y-valparaiso-con-expositores-de-argentina\/","og_locale":"es_ES","og_type":"article","og_title":"Encuentros de Cultura Comunitaria se realizar\u00e1n en Santiago y Valpara\u00edso con expositores de Argentina - Valpara\u00ed\u00adso Creativo","og_description":"Encuentros de Cultura Comunitaria se realizar\u00e1n en Santiago y Valpara\u00edso junto a expositores de Argentina En Valpara\u00edso las actividades se desarrollar\u00e1n en la Sala Centex, Sala El Peral y en la Sala Juan Araya, de la Facultad de Arquitectura de la Universidad de Valpara\u00edso. La pr\u00f3xima semana, Santiago y Valpara\u00edso ser\u00e1n escenarios de una serie [&hellip;]","og_url":"https:\/\/dev.antudigital.cl\/sites\/vc\/encuentros-de-cultura-comunitaria-se-realizaran-en-santiago-y-valparaiso-con-expositores-de-argentina\/","og_site_name":"Valpara\u00ed\u00adso Creativo","article_published_time":"2024-06-18T02:09:34+00:00","article_modified_time":"2024-06-18T02:09:52+00:00","og_image":[{"width":1600,"height":771,"url":"https:\/\/dev.antudigital.cl\/sites\/vc\/wp-content\/uploads\/2024\/06\/CCPA-foto-0.jpeg","type":"image\/jpeg"}],"author":"Valpara\u00edso Creativo","twitter_card":"summary_large_image","twitter_misc":{"Escrito por":"Valpara\u00edso Creativo","Tiempo de lectura":"3 minutos"},"schema":{"@context":"https:\/\/schema.org","@graph":[{"@type":"Article","@id":"https:\/\/dev.antudigital.cl\/sites\/vc\/encuentros-de-cultura-comunitaria-se-realizaran-en-santiago-y-valparaiso-con-expositores-de-argentina\/#article","isPartOf":{"@id":"https:\/\/dev.antudigital.cl\/sites\/vc\/encuentros-de-cultura-comunitaria-se-realizaran-en-santiago-y-valparaiso-con-expositores-de-argentina\/"},"author":{"name":"Valpara\u00edso Creativo","@id":"https:\/\/dev.antudigital.cl\/sites\/vc\/#\/schema\/person\/c2b9da8dd545e27166fc5ab232837318"},"headline":"Encuentros de Cultura Comunitaria se realizar\u00e1n en Santiago y Valpara\u00edso con expositores de Argentina","datePublished":"2024-06-18T02:09:34+00:00","dateModified":"2024-06-18T02:09:52+00:00","mainEntityOfPage":{"@id":"https:\/\/dev.antudigital.cl\/sites\/vc\/encuentros-de-cultura-comunitaria-se-realizaran-en-santiago-y-valparaiso-con-expositores-de-argentina\/"},"wordCount":529,"image":{"@id":"https:\/\/dev.antudigital.cl\/sites\/vc\/encuentros-de-cultura-comunitaria-se-realizaran-en-santiago-y-valparaiso-con-expositores-de-argentina\/#primaryimage"},"thumbnailUrl":"https:\/\/dev.antudigital.cl\/sites\/vc\/wp-content\/uploads\/2024\/06\/CCPA-foto-0.jpeg","articleSection":["Noticia"],"inLanguage":"es"},{"@type":"WebPage","@id":"https:\/\/dev.antudigital.cl\/sites\/vc\/encuentros-de-cultura-comunitaria-se-realizaran-en-santiago-y-valparaiso-con-expositores-de-argentina\/","url":"https:\/\/dev.antudigital.cl\/sites\/vc\/encuentros-de-cultura-comunitaria-se-realizaran-en-santiago-y-valparaiso-con-expositores-de-argentina\/","name":"Encuentros de Cultura Comunitaria se realizar\u00e1n en Santiago y Valpara\u00edso con expositores de Argentina - Valpara\u00ed\u00adso Creativo","isPartOf":{"@id":"https:\/\/dev.antudigital.cl\/sites\/vc\/#website"},"primaryImageOfPage":{"@id":"https:\/\/dev.antudigital.cl\/sites\/vc\/encuentros-de-cultura-comunitaria-se-realizaran-en-santiago-y-valparaiso-con-expositores-de-argentina\/#primaryimage"},"image":{"@id":"https:\/\/dev.antudigital.cl\/sites\/vc\/encuentros-de-cultura-comunitaria-se-realizaran-en-santiago-y-valparaiso-con-expositores-de-argentina\/#primaryimage"},"thumbnailUrl":"https:\/\/dev.antudigital.cl\/sites\/vc\/wp-content\/uploads\/2024\/06\/CCPA-foto-0.jpeg","datePublished":"2024-06-18T02:09:34+00:00","dateModified":"2024-06-18T02:09:52+00:00","author":{"@id":"https:\/\/dev.antudigital.cl\/sites\/vc\/#\/schema\/person\/c2b9da8dd545e27166fc5ab232837318"},"breadcrumb":{"@id":"https:\/\/dev.antudigital.cl\/sites\/vc\/encuentros-de-cultura-comunitaria-se-realizaran-en-santiago-y-valparaiso-con-expositores-de-argentina\/#breadcrumb"},"inLanguage":"es","potentialAction":[{"@type":"ReadAction","target":["https:\/\/dev.antudigital.cl\/sites\/vc\/encuentros-de-cultura-comunitaria-se-realizaran-en-santiago-y-valparaiso-con-expositores-de-argentina\/"]}]},{"@type":"ImageObject","inLanguage":"es","@id":"https:\/\/dev.antudigital.cl\/sites\/vc\/encuentros-de-cultura-comunitaria-se-realizaran-en-santiago-y-valparaiso-con-expositores-de-argentina\/#primaryimage","url":"https:\/\/dev.antudigital.cl\/sites\/vc\/wp-content\/uploads\/2024\/06\/CCPA-foto-0.jpeg","contentUrl":"https:\/\/dev.antudigital.cl\/sites\/vc\/wp-content\/uploads\/2024\/06\/CCPA-foto-0.jpeg","width":1600,"height":771},{"@type":"BreadcrumbList","@id":"https:\/\/dev.antudigital.cl\/sites\/vc\/encuentros-de-cultura-comunitaria-se-realizaran-en-santiago-y-valparaiso-con-expositores-de-argentina\/#breadcrumb","itemListElement":[{"@type":"ListItem","position":1,"name":"Home","item":"https:\/\/dev.antudigital.cl\/sites\/vc\/"},{"@type":"ListItem","position":2,"name":"Encuentros de Cultura Comunitaria se realizar\u00e1n en Santiago y Valpara\u00edso con expositores de Argentina"}]},{"@type":"WebSite","@id":"https:\/\/dev.antudigital.cl\/sites\/vc\/#website","url":"https:\/\/dev.antudigital.cl\/sites\/vc\/","name":"Valpara\u00ed\u00adso Creativo","description":"","potentialAction":[{"@type":"SearchAction","target":{"@type":"EntryPoint","urlTemplate":"https:\/\/dev.antudigital.cl\/sites\/vc\/?s={search_term_string}"},"query-input":{"@type":"PropertyValueSpecification","valueRequired":true,"valueName":"search_term_string"}}],"inLanguage":"es"},{"@type":"Person","@id":"https:\/\/dev.antudigital.cl\/sites\/vc\/#\/schema\/person\/c2b9da8dd545e27166fc5ab232837318","name":"Valpara\u00edso Creativo","description":"Periodista de cultura en la Regi\u00f3n de Valpara\u00edso.","url":"https:\/\/dev.antudigital.cl\/sites\/vc\/author\/valpoadmin\/"}]}},"_links":{"self":[{"href":"https:\/\/dev.antudigital.cl\/sites\/vc\/wp-json\/wp\/v2\/posts\/19425","targetHints":{"allow":["GET"]}}],"collection":[{"href":"https:\/\/dev.antudigital.cl\/sites\/vc\/wp-json\/wp\/v2\/posts"}],"about":[{"href":"https:\/\/dev.antudigital.cl\/sites\/vc\/wp-json\/wp\/v2\/types\/post"}],"author":[{"embeddable":true,"href":"https:\/\/dev.antudigital.cl\/sites\/vc\/wp-json\/wp\/v2\/users\/1"}],"replies":[{"embeddable":true,"href":"https:\/\/dev.antudigital.cl\/sites\/vc\/wp-json\/wp\/v2\/comments?post=19425"}],"version-history":[{"count":1,"href":"https:\/\/dev.antudigital.cl\/sites\/vc\/wp-json\/wp\/v2\/posts\/19425\/revisions"}],"predecessor-version":[{"id":19430,"href":"https:\/\/dev.antudigital.cl\/sites\/vc\/wp-json\/wp\/v2\/posts\/19425\/revisions\/19430"}],"wp:featuredmedia":[{"embeddable":true,"href":"https:\/\/dev.antudigital.cl\/sites\/vc\/wp-json\/wp\/v2\/media\/19429"}],"wp:attachment":[{"href":"https:\/\/dev.antudigital.cl\/sites\/vc\/wp-json\/wp\/v2\/media?parent=19425"}],"wp:term":[{"taxonomy":"category","embeddable":true,"href":"https:\/\/dev.antudigital.cl\/sites\/vc\/wp-json\/wp\/v2\/categories?post=19425"},{"taxonomy":"post_tag","embeddable":true,"href":"https:\/\/dev.antudigital.cl\/sites\/vc\/wp-json\/wp\/v2\/tags?post=19425"}],"curies":[{"name":"wp","href":"https:\/\/api.w.org\/{rel}","templated":true}]}}