{"id":19436,"date":"2024-06-18T02:33:26","date_gmt":"2024-06-18T02:33:26","guid":{"rendered":"https:\/\/www.valparaisocreativo.cl\/?p=19436"},"modified":"2024-06-18T02:33:48","modified_gmt":"2024-06-18T02:33:48","slug":"obra-teatral-que-ofrece-potente-reflexion-multicultural-sobre-migracion-identidad-y-territorio-se-presentara-en-el-parque-cultural-de-valparaiso","status":"publish","type":"post","link":"https:\/\/dev.antudigital.cl\/sites\/vc\/obra-teatral-que-ofrece-potente-reflexion-multicultural-sobre-migracion-identidad-y-territorio-se-presentara-en-el-parque-cultural-de-valparaiso\/","title":{"rendered":"Obra teatral\u00a0que ofrece potente reflexi\u00f3n multicultural sobre migraci\u00f3n, identidad y territorio se presentar\u00e1 en el Parque Cultural de Valpara\u00edso"},"content":{"rendered":"\n<p>Ante la imperiosa necesidad de meditar sobre la crisis migratoria que impacta realidades a nivel mundial, la Agrupaci\u00f3n Cultural \u201cTeatro en Casa\u201d junto al Ministerio de las Culturas, las Artes y el Patrimonio, llega al Teatro del Parque Cultural de Valpara\u00edso con la colaboraci\u00f3n de la ONG Integra-Valpo y la Oficina Comunal de Personas Migrantes de la Ilustre Municipalidad de Valpara\u00edso para invitar a las comunidades a ser parte de la experiencia del montaje esc\u00e9nico \u201cSer Extranjer@ en Chile\u201d.<\/p>\n\n\n\n<p>La creaci\u00f3n se gesta por la importancia y urgencia de visibilizar la diversidad de relatos y miradas de quienes migran a Chile. Para la Agrupaci\u00f3n Cultural \u00abTeatro en Casa\u00bb\u00a0la migraci\u00f3n ha de ser reconocida como factor clave para el desarrollo cultural, social y econ\u00f3mico; se debe reconocer su contribuci\u00f3n positiva, su capacidad para regenerar la diversidad, a la vez que garantizar la protecci\u00f3n de los derechos culturales de quienes migran.<\/p>\n\n\n\n<figure class=\"wp-block-image size-large\"><img fetchpriority=\"high\" decoding=\"async\" width=\"1024\" height=\"670\" src=\"https:\/\/www.valparaisocreativo.cl\/wp-content\/uploads\/2024\/06\/Ser_extranjer@_en_Chile_03-1024x670.jpg\" alt=\"\" class=\"wp-image-19438\" srcset=\"https:\/\/dev.antudigital.cl\/sites\/vc\/wp-content\/uploads\/2024\/06\/Ser_extranjer@_en_Chile_03-1024x670.jpg 1024w, https:\/\/dev.antudigital.cl\/sites\/vc\/wp-content\/uploads\/2024\/06\/Ser_extranjer@_en_Chile_03-300x196.jpg 300w, https:\/\/dev.antudigital.cl\/sites\/vc\/wp-content\/uploads\/2024\/06\/Ser_extranjer@_en_Chile_03-768x502.jpg 768w, https:\/\/dev.antudigital.cl\/sites\/vc\/wp-content\/uploads\/2024\/06\/Ser_extranjer@_en_Chile_03-1536x1005.jpg 1536w, https:\/\/dev.antudigital.cl\/sites\/vc\/wp-content\/uploads\/2024\/06\/Ser_extranjer@_en_Chile_03-2048x1339.jpg 2048w, https:\/\/dev.antudigital.cl\/sites\/vc\/wp-content\/uploads\/2024\/06\/Ser_extranjer@_en_Chile_03-1080x706.jpg 1080w, https:\/\/dev.antudigital.cl\/sites\/vc\/wp-content\/uploads\/2024\/06\/Ser_extranjer@_en_Chile_03-1280x837.jpg 1280w, https:\/\/dev.antudigital.cl\/sites\/vc\/wp-content\/uploads\/2024\/06\/Ser_extranjer@_en_Chile_03-980x641.jpg 980w, https:\/\/dev.antudigital.cl\/sites\/vc\/wp-content\/uploads\/2024\/06\/Ser_extranjer@_en_Chile_03-480x314.jpg 480w, https:\/\/dev.antudigital.cl\/sites\/vc\/wp-content\/uploads\/2024\/06\/Ser_extranjer@_en_Chile_03-24x16.jpg 24w, https:\/\/dev.antudigital.cl\/sites\/vc\/wp-content\/uploads\/2024\/06\/Ser_extranjer@_en_Chile_03-36x24.jpg 36w, https:\/\/dev.antudigital.cl\/sites\/vc\/wp-content\/uploads\/2024\/06\/Ser_extranjer@_en_Chile_03-48x31.jpg 48w\" sizes=\"(max-width: 1024px) 100vw, 1024px\" \/><\/figure>\n\n\n\n<p>La obra aborda tem\u00e1ticas que cuestionan conceptos de identidad, territorio, racismo y g\u00e9nero,<strong>&nbsp;<\/strong>invitando al p\u00fablico a repensar la experiencia de habitar en Chile y trascender fronteras culturales junto a int\u00e9rpretes provenientes de Colombia, Serbia-Canad\u00e1, Venezuela y Hait\u00ed. El montaje teatral cautiva con relatos y vivencias que proponen una reflexi\u00f3n profunda sobre las estructuras pol\u00edticas, sociales y emocionales que envuelven el fen\u00f3meno migratorio.&nbsp;<\/p>\n\n\n\n<p><strong>Nicol\u00e1s Fernandois<\/strong>, co-director e integrante de la Agrupaci\u00f3n \u201cTeatro en Casa\u201d, expresa que&nbsp;<em>\u201cactualmente habitamos una crisis migratoria donde los gobiernos endurecen los discursos de odio y discriminaci\u00f3n, por tanto esta obra es una reuni\u00f3n de humanidad cr\u00edtica respecto a los derroteros que ha tomado la vida contempor\u00e1nea\u201d.&nbsp;<\/em>Y puntualiza en que&nbsp;<em>\u201cen este trabajo de creaci\u00f3n colectiva hemos intentado exponer esc\u00e9nicamente reflexiones de reivindicaci\u00f3n y de valorizaci\u00f3n de los procesos migratorios\u201d<\/em><\/p>\n\n\n\n<p>El integrante del elenco,&nbsp;<strong>Marcelo Torrealba<\/strong>, abogado, m\u00fasico y artista esc\u00e9nico de Venezuela, plantea que&nbsp;<em>\u201cla invitaci\u00f3n es a que el p\u00fablico nos acompa\u00f1e en medio de la comprensi\u00f3n universal m\u00e1s grande que nos une, que es la noci\u00f3n de sabernos vulnerables. Esperamos que la obra toque sus corazones y que materialice el mundo que todas y todos estamos invitados a construir desde nuestro espacios de influencia y acci\u00f3n\u201d<\/em>.&nbsp;<\/p>\n\n\n\n<p>Finalmente, el director ejecutivo (i) del Parque Cultural de Valpara\u00edso,&nbsp;<strong>Erick Fuentes<\/strong>, indica que<em>\u201cValpara\u00edso es una ciudad que en sus cimientos tiene un aporte fundamental realizado justamente por migrantes. En consecuencia, nos recuerda que es necesario volver a mirar nuestras historias locales para sustentar positivamente que la migraci\u00f3n, adem\u00e1s de ser un derecho humano, es algo que trae beneficios culturales insoslayables a una sociedad. As\u00ed que esperamos que las distintas comunidades puedan asistir y valorar el aporte que hace esta notable agrupaci\u00f3n teatral en un contexto contempor\u00e1neo complejo\u201d.<\/em>&nbsp;&nbsp;<\/p>\n\n\n\n<p>La funci\u00f3n de \u201cSer extranjer@ en Chile\u201d, recomendada para personas mayores de 14 a\u00f1os, podr\u00e1 ser vista, de manera gratuita, el d\u00eda s\u00e1bado 8 de junio a las 19.00 hrs. en el Teatro del Parque Cultural de Valpara\u00edso.&nbsp;<\/p>\n","protected":false},"excerpt":{"rendered":"<p>Ante la imperiosa necesidad de meditar sobre la crisis migratoria que impacta realidades a nivel mundial, la Agrupaci\u00f3n Cultural \u201cTeatro en Casa\u201d junto al Ministerio de las Culturas, las Artes y el Patrimonio, llega al Teatro del Parque Cultural de Valpara\u00edso con la colaboraci\u00f3n de la ONG Integra-Valpo y la Oficina Comunal de Personas Migrantes [&hellip;]<\/p>\n","protected":false},"author":1,"featured_media":19437,"comment_status":"closed","ping_status":"closed","sticky":false,"template":"","format":"standard","meta":{"_acf_changed":false,"footnotes":""},"categories":[8],"tags":[],"class_list":["post-19436","post","type-post","status-publish","format-standard","has-post-thumbnail","hentry","category-noticia"],"acf":[],"yoast_head":"<!-- This site is optimized with the Yoast SEO plugin v27.1.1 - https:\/\/yoast.com\/product\/yoast-seo-wordpress\/ -->\n<title>Obra teatral\u00a0que ofrece potente reflexi\u00f3n multicultural sobre migraci\u00f3n, identidad y territorio se presentar\u00e1 en el Parque Cultural de Valpara\u00edso - Valpara\u00ed\u00adso Creativo<\/title>\n<meta name=\"robots\" content=\"index, follow, max-snippet:-1, max-image-preview:large, max-video-preview:-1\" \/>\n<link rel=\"canonical\" href=\"https:\/\/dev.antudigital.cl\/sites\/vc\/obra-teatral-que-ofrece-potente-reflexion-multicultural-sobre-migracion-identidad-y-territorio-se-presentara-en-el-parque-cultural-de-valparaiso\/\" \/>\n<meta property=\"og:locale\" content=\"es_ES\" \/>\n<meta property=\"og:type\" content=\"article\" \/>\n<meta property=\"og:title\" content=\"Obra teatral\u00a0que ofrece potente reflexi\u00f3n multicultural sobre migraci\u00f3n, identidad y territorio se presentar\u00e1 en el Parque Cultural de Valpara\u00edso - Valpara\u00ed\u00adso Creativo\" \/>\n<meta property=\"og:description\" content=\"Ante la imperiosa necesidad de meditar sobre la crisis migratoria que impacta realidades a nivel mundial, la Agrupaci\u00f3n Cultural \u201cTeatro en Casa\u201d junto al Ministerio de las Culturas, las Artes y el Patrimonio, llega al Teatro del Parque Cultural de Valpara\u00edso con la colaboraci\u00f3n de la ONG Integra-Valpo y la Oficina Comunal de Personas Migrantes [&hellip;]\" \/>\n<meta property=\"og:url\" content=\"https:\/\/dev.antudigital.cl\/sites\/vc\/obra-teatral-que-ofrece-potente-reflexion-multicultural-sobre-migracion-identidad-y-territorio-se-presentara-en-el-parque-cultural-de-valparaiso\/\" \/>\n<meta property=\"og:site_name\" content=\"Valpara\u00ed\u00adso Creativo\" \/>\n<meta property=\"article:published_time\" content=\"2024-06-18T02:33:26+00:00\" \/>\n<meta property=\"article:modified_time\" content=\"2024-06-18T02:33:48+00:00\" \/>\n<meta property=\"og:image\" content=\"https:\/\/dev.antudigital.cl\/sites\/vc\/wp-content\/uploads\/2024\/06\/Ser_extranjer@_en_Chile_01-scaled.jpg\" \/>\n\t<meta property=\"og:image:width\" content=\"2560\" \/>\n\t<meta property=\"og:image:height\" content=\"1695\" \/>\n\t<meta property=\"og:image:type\" content=\"image\/jpeg\" \/>\n<meta name=\"author\" content=\"Valpara\u00edso Creativo\" \/>\n<meta name=\"twitter:card\" content=\"summary_large_image\" \/>\n<meta name=\"twitter:label1\" content=\"Escrito por\" \/>\n\t<meta name=\"twitter:data1\" content=\"Valpara\u00edso Creativo\" \/>\n\t<meta name=\"twitter:label2\" content=\"Tiempo de lectura\" \/>\n\t<meta name=\"twitter:data2\" content=\"3 minutos\" \/>\n<script type=\"application\/ld+json\" class=\"yoast-schema-graph\">{\"@context\":\"https:\/\/schema.org\",\"@graph\":[{\"@type\":\"Article\",\"@id\":\"https:\/\/dev.antudigital.cl\/sites\/vc\/obra-teatral-que-ofrece-potente-reflexion-multicultural-sobre-migracion-identidad-y-territorio-se-presentara-en-el-parque-cultural-de-valparaiso\/#article\",\"isPartOf\":{\"@id\":\"https:\/\/dev.antudigital.cl\/sites\/vc\/obra-teatral-que-ofrece-potente-reflexion-multicultural-sobre-migracion-identidad-y-territorio-se-presentara-en-el-parque-cultural-de-valparaiso\/\"},\"author\":{\"name\":\"Valpara\u00edso Creativo\",\"@id\":\"https:\/\/dev.antudigital.cl\/sites\/vc\/#\/schema\/person\/c2b9da8dd545e27166fc5ab232837318\"},\"headline\":\"Obra teatral\u00a0que ofrece potente reflexi\u00f3n multicultural sobre migraci\u00f3n, identidad y territorio se presentar\u00e1 en el Parque Cultural de Valpara\u00edso\",\"datePublished\":\"2024-06-18T02:33:26+00:00\",\"dateModified\":\"2024-06-18T02:33:48+00:00\",\"mainEntityOfPage\":{\"@id\":\"https:\/\/dev.antudigital.cl\/sites\/vc\/obra-teatral-que-ofrece-potente-reflexion-multicultural-sobre-migracion-identidad-y-territorio-se-presentara-en-el-parque-cultural-de-valparaiso\/\"},\"wordCount\":561,\"image\":{\"@id\":\"https:\/\/dev.antudigital.cl\/sites\/vc\/obra-teatral-que-ofrece-potente-reflexion-multicultural-sobre-migracion-identidad-y-territorio-se-presentara-en-el-parque-cultural-de-valparaiso\/#primaryimage\"},\"thumbnailUrl\":\"https:\/\/dev.antudigital.cl\/sites\/vc\/wp-content\/uploads\/2024\/06\/Ser_extranjer@_en_Chile_01-scaled.jpg\",\"articleSection\":[\"Noticia\"],\"inLanguage\":\"es\"},{\"@type\":\"WebPage\",\"@id\":\"https:\/\/dev.antudigital.cl\/sites\/vc\/obra-teatral-que-ofrece-potente-reflexion-multicultural-sobre-migracion-identidad-y-territorio-se-presentara-en-el-parque-cultural-de-valparaiso\/\",\"url\":\"https:\/\/dev.antudigital.cl\/sites\/vc\/obra-teatral-que-ofrece-potente-reflexion-multicultural-sobre-migracion-identidad-y-territorio-se-presentara-en-el-parque-cultural-de-valparaiso\/\",\"name\":\"Obra teatral\u00a0que ofrece potente reflexi\u00f3n multicultural sobre migraci\u00f3n, identidad y territorio se presentar\u00e1 en el Parque Cultural de Valpara\u00edso - Valpara\u00ed\u00adso Creativo\",\"isPartOf\":{\"@id\":\"https:\/\/dev.antudigital.cl\/sites\/vc\/#website\"},\"primaryImageOfPage\":{\"@id\":\"https:\/\/dev.antudigital.cl\/sites\/vc\/obra-teatral-que-ofrece-potente-reflexion-multicultural-sobre-migracion-identidad-y-territorio-se-presentara-en-el-parque-cultural-de-valparaiso\/#primaryimage\"},\"image\":{\"@id\":\"https:\/\/dev.antudigital.cl\/sites\/vc\/obra-teatral-que-ofrece-potente-reflexion-multicultural-sobre-migracion-identidad-y-territorio-se-presentara-en-el-parque-cultural-de-valparaiso\/#primaryimage\"},\"thumbnailUrl\":\"https:\/\/dev.antudigital.cl\/sites\/vc\/wp-content\/uploads\/2024\/06\/Ser_extranjer@_en_Chile_01-scaled.jpg\",\"datePublished\":\"2024-06-18T02:33:26+00:00\",\"dateModified\":\"2024-06-18T02:33:48+00:00\",\"author\":{\"@id\":\"https:\/\/dev.antudigital.cl\/sites\/vc\/#\/schema\/person\/c2b9da8dd545e27166fc5ab232837318\"},\"breadcrumb\":{\"@id\":\"https:\/\/dev.antudigital.cl\/sites\/vc\/obra-teatral-que-ofrece-potente-reflexion-multicultural-sobre-migracion-identidad-y-territorio-se-presentara-en-el-parque-cultural-de-valparaiso\/#breadcrumb\"},\"inLanguage\":\"es\",\"potentialAction\":[{\"@type\":\"ReadAction\",\"target\":[\"https:\/\/dev.antudigital.cl\/sites\/vc\/obra-teatral-que-ofrece-potente-reflexion-multicultural-sobre-migracion-identidad-y-territorio-se-presentara-en-el-parque-cultural-de-valparaiso\/\"]}]},{\"@type\":\"ImageObject\",\"inLanguage\":\"es\",\"@id\":\"https:\/\/dev.antudigital.cl\/sites\/vc\/obra-teatral-que-ofrece-potente-reflexion-multicultural-sobre-migracion-identidad-y-territorio-se-presentara-en-el-parque-cultural-de-valparaiso\/#primaryimage\",\"url\":\"https:\/\/dev.antudigital.cl\/sites\/vc\/wp-content\/uploads\/2024\/06\/Ser_extranjer@_en_Chile_01-scaled.jpg\",\"contentUrl\":\"https:\/\/dev.antudigital.cl\/sites\/vc\/wp-content\/uploads\/2024\/06\/Ser_extranjer@_en_Chile_01-scaled.jpg\",\"width\":2560,\"height\":1695},{\"@type\":\"BreadcrumbList\",\"@id\":\"https:\/\/dev.antudigital.cl\/sites\/vc\/obra-teatral-que-ofrece-potente-reflexion-multicultural-sobre-migracion-identidad-y-territorio-se-presentara-en-el-parque-cultural-de-valparaiso\/#breadcrumb\",\"itemListElement\":[{\"@type\":\"ListItem\",\"position\":1,\"name\":\"Home\",\"item\":\"https:\/\/dev.antudigital.cl\/sites\/vc\/\"},{\"@type\":\"ListItem\",\"position\":2,\"name\":\"Obra teatral\u00a0que ofrece potente reflexi\u00f3n multicultural sobre migraci\u00f3n, identidad y territorio se presentar\u00e1 en el Parque Cultural de Valpara\u00edso\"}]},{\"@type\":\"WebSite\",\"@id\":\"https:\/\/dev.antudigital.cl\/sites\/vc\/#website\",\"url\":\"https:\/\/dev.antudigital.cl\/sites\/vc\/\",\"name\":\"Valpara\u00ed\u00adso Creativo\",\"description\":\"\",\"potentialAction\":[{\"@type\":\"SearchAction\",\"target\":{\"@type\":\"EntryPoint\",\"urlTemplate\":\"https:\/\/dev.antudigital.cl\/sites\/vc\/?s={search_term_string}\"},\"query-input\":{\"@type\":\"PropertyValueSpecification\",\"valueRequired\":true,\"valueName\":\"search_term_string\"}}],\"inLanguage\":\"es\"},{\"@type\":\"Person\",\"@id\":\"https:\/\/dev.antudigital.cl\/sites\/vc\/#\/schema\/person\/c2b9da8dd545e27166fc5ab232837318\",\"name\":\"Valpara\u00edso Creativo\",\"description\":\"Periodista de cultura en la Regi\u00f3n de Valpara\u00edso.\",\"url\":\"https:\/\/dev.antudigital.cl\/sites\/vc\/author\/valpoadmin\/\"}]}<\/script>\n<!-- \/ Yoast SEO plugin. -->","yoast_head_json":{"title":"Obra teatral\u00a0que ofrece potente reflexi\u00f3n multicultural sobre migraci\u00f3n, identidad y territorio se presentar\u00e1 en el Parque Cultural de Valpara\u00edso - Valpara\u00ed\u00adso Creativo","robots":{"index":"index","follow":"follow","max-snippet":"max-snippet:-1","max-image-preview":"max-image-preview:large","max-video-preview":"max-video-preview:-1"},"canonical":"https:\/\/dev.antudigital.cl\/sites\/vc\/obra-teatral-que-ofrece-potente-reflexion-multicultural-sobre-migracion-identidad-y-territorio-se-presentara-en-el-parque-cultural-de-valparaiso\/","og_locale":"es_ES","og_type":"article","og_title":"Obra teatral\u00a0que ofrece potente reflexi\u00f3n multicultural sobre migraci\u00f3n, identidad y territorio se presentar\u00e1 en el Parque Cultural de Valpara\u00edso - Valpara\u00ed\u00adso Creativo","og_description":"Ante la imperiosa necesidad de meditar sobre la crisis migratoria que impacta realidades a nivel mundial, la Agrupaci\u00f3n Cultural \u201cTeatro en Casa\u201d junto al Ministerio de las Culturas, las Artes y el Patrimonio, llega al Teatro del Parque Cultural de Valpara\u00edso con la colaboraci\u00f3n de la ONG Integra-Valpo y la Oficina Comunal de Personas Migrantes [&hellip;]","og_url":"https:\/\/dev.antudigital.cl\/sites\/vc\/obra-teatral-que-ofrece-potente-reflexion-multicultural-sobre-migracion-identidad-y-territorio-se-presentara-en-el-parque-cultural-de-valparaiso\/","og_site_name":"Valpara\u00ed\u00adso Creativo","article_published_time":"2024-06-18T02:33:26+00:00","article_modified_time":"2024-06-18T02:33:48+00:00","og_image":[{"width":2560,"height":1695,"url":"https:\/\/dev.antudigital.cl\/sites\/vc\/wp-content\/uploads\/2024\/06\/Ser_extranjer@_en_Chile_01-scaled.jpg","type":"image\/jpeg"}],"author":"Valpara\u00edso Creativo","twitter_card":"summary_large_image","twitter_misc":{"Escrito por":"Valpara\u00edso Creativo","Tiempo de lectura":"3 minutos"},"schema":{"@context":"https:\/\/schema.org","@graph":[{"@type":"Article","@id":"https:\/\/dev.antudigital.cl\/sites\/vc\/obra-teatral-que-ofrece-potente-reflexion-multicultural-sobre-migracion-identidad-y-territorio-se-presentara-en-el-parque-cultural-de-valparaiso\/#article","isPartOf":{"@id":"https:\/\/dev.antudigital.cl\/sites\/vc\/obra-teatral-que-ofrece-potente-reflexion-multicultural-sobre-migracion-identidad-y-territorio-se-presentara-en-el-parque-cultural-de-valparaiso\/"},"author":{"name":"Valpara\u00edso Creativo","@id":"https:\/\/dev.antudigital.cl\/sites\/vc\/#\/schema\/person\/c2b9da8dd545e27166fc5ab232837318"},"headline":"Obra teatral\u00a0que ofrece potente reflexi\u00f3n multicultural sobre migraci\u00f3n, identidad y territorio se presentar\u00e1 en el Parque Cultural de Valpara\u00edso","datePublished":"2024-06-18T02:33:26+00:00","dateModified":"2024-06-18T02:33:48+00:00","mainEntityOfPage":{"@id":"https:\/\/dev.antudigital.cl\/sites\/vc\/obra-teatral-que-ofrece-potente-reflexion-multicultural-sobre-migracion-identidad-y-territorio-se-presentara-en-el-parque-cultural-de-valparaiso\/"},"wordCount":561,"image":{"@id":"https:\/\/dev.antudigital.cl\/sites\/vc\/obra-teatral-que-ofrece-potente-reflexion-multicultural-sobre-migracion-identidad-y-territorio-se-presentara-en-el-parque-cultural-de-valparaiso\/#primaryimage"},"thumbnailUrl":"https:\/\/dev.antudigital.cl\/sites\/vc\/wp-content\/uploads\/2024\/06\/Ser_extranjer@_en_Chile_01-scaled.jpg","articleSection":["Noticia"],"inLanguage":"es"},{"@type":"WebPage","@id":"https:\/\/dev.antudigital.cl\/sites\/vc\/obra-teatral-que-ofrece-potente-reflexion-multicultural-sobre-migracion-identidad-y-territorio-se-presentara-en-el-parque-cultural-de-valparaiso\/","url":"https:\/\/dev.antudigital.cl\/sites\/vc\/obra-teatral-que-ofrece-potente-reflexion-multicultural-sobre-migracion-identidad-y-territorio-se-presentara-en-el-parque-cultural-de-valparaiso\/","name":"Obra teatral\u00a0que ofrece potente reflexi\u00f3n multicultural sobre migraci\u00f3n, identidad y territorio se presentar\u00e1 en el Parque Cultural de Valpara\u00edso - Valpara\u00ed\u00adso Creativo","isPartOf":{"@id":"https:\/\/dev.antudigital.cl\/sites\/vc\/#website"},"primaryImageOfPage":{"@id":"https:\/\/dev.antudigital.cl\/sites\/vc\/obra-teatral-que-ofrece-potente-reflexion-multicultural-sobre-migracion-identidad-y-territorio-se-presentara-en-el-parque-cultural-de-valparaiso\/#primaryimage"},"image":{"@id":"https:\/\/dev.antudigital.cl\/sites\/vc\/obra-teatral-que-ofrece-potente-reflexion-multicultural-sobre-migracion-identidad-y-territorio-se-presentara-en-el-parque-cultural-de-valparaiso\/#primaryimage"},"thumbnailUrl":"https:\/\/dev.antudigital.cl\/sites\/vc\/wp-content\/uploads\/2024\/06\/Ser_extranjer@_en_Chile_01-scaled.jpg","datePublished":"2024-06-18T02:33:26+00:00","dateModified":"2024-06-18T02:33:48+00:00","author":{"@id":"https:\/\/dev.antudigital.cl\/sites\/vc\/#\/schema\/person\/c2b9da8dd545e27166fc5ab232837318"},"breadcrumb":{"@id":"https:\/\/dev.antudigital.cl\/sites\/vc\/obra-teatral-que-ofrece-potente-reflexion-multicultural-sobre-migracion-identidad-y-territorio-se-presentara-en-el-parque-cultural-de-valparaiso\/#breadcrumb"},"inLanguage":"es","potentialAction":[{"@type":"ReadAction","target":["https:\/\/dev.antudigital.cl\/sites\/vc\/obra-teatral-que-ofrece-potente-reflexion-multicultural-sobre-migracion-identidad-y-territorio-se-presentara-en-el-parque-cultural-de-valparaiso\/"]}]},{"@type":"ImageObject","inLanguage":"es","@id":"https:\/\/dev.antudigital.cl\/sites\/vc\/obra-teatral-que-ofrece-potente-reflexion-multicultural-sobre-migracion-identidad-y-territorio-se-presentara-en-el-parque-cultural-de-valparaiso\/#primaryimage","url":"https:\/\/dev.antudigital.cl\/sites\/vc\/wp-content\/uploads\/2024\/06\/Ser_extranjer@_en_Chile_01-scaled.jpg","contentUrl":"https:\/\/dev.antudigital.cl\/sites\/vc\/wp-content\/uploads\/2024\/06\/Ser_extranjer@_en_Chile_01-scaled.jpg","width":2560,"height":1695},{"@type":"BreadcrumbList","@id":"https:\/\/dev.antudigital.cl\/sites\/vc\/obra-teatral-que-ofrece-potente-reflexion-multicultural-sobre-migracion-identidad-y-territorio-se-presentara-en-el-parque-cultural-de-valparaiso\/#breadcrumb","itemListElement":[{"@type":"ListItem","position":1,"name":"Home","item":"https:\/\/dev.antudigital.cl\/sites\/vc\/"},{"@type":"ListItem","position":2,"name":"Obra teatral\u00a0que ofrece potente reflexi\u00f3n multicultural sobre migraci\u00f3n, identidad y territorio se presentar\u00e1 en el Parque Cultural de Valpara\u00edso"}]},{"@type":"WebSite","@id":"https:\/\/dev.antudigital.cl\/sites\/vc\/#website","url":"https:\/\/dev.antudigital.cl\/sites\/vc\/","name":"Valpara\u00ed\u00adso Creativo","description":"","potentialAction":[{"@type":"SearchAction","target":{"@type":"EntryPoint","urlTemplate":"https:\/\/dev.antudigital.cl\/sites\/vc\/?s={search_term_string}"},"query-input":{"@type":"PropertyValueSpecification","valueRequired":true,"valueName":"search_term_string"}}],"inLanguage":"es"},{"@type":"Person","@id":"https:\/\/dev.antudigital.cl\/sites\/vc\/#\/schema\/person\/c2b9da8dd545e27166fc5ab232837318","name":"Valpara\u00edso Creativo","description":"Periodista de cultura en la Regi\u00f3n de Valpara\u00edso.","url":"https:\/\/dev.antudigital.cl\/sites\/vc\/author\/valpoadmin\/"}]}},"_links":{"self":[{"href":"https:\/\/dev.antudigital.cl\/sites\/vc\/wp-json\/wp\/v2\/posts\/19436","targetHints":{"allow":["GET"]}}],"collection":[{"href":"https:\/\/dev.antudigital.cl\/sites\/vc\/wp-json\/wp\/v2\/posts"}],"about":[{"href":"https:\/\/dev.antudigital.cl\/sites\/vc\/wp-json\/wp\/v2\/types\/post"}],"author":[{"embeddable":true,"href":"https:\/\/dev.antudigital.cl\/sites\/vc\/wp-json\/wp\/v2\/users\/1"}],"replies":[{"embeddable":true,"href":"https:\/\/dev.antudigital.cl\/sites\/vc\/wp-json\/wp\/v2\/comments?post=19436"}],"version-history":[{"count":1,"href":"https:\/\/dev.antudigital.cl\/sites\/vc\/wp-json\/wp\/v2\/posts\/19436\/revisions"}],"predecessor-version":[{"id":19439,"href":"https:\/\/dev.antudigital.cl\/sites\/vc\/wp-json\/wp\/v2\/posts\/19436\/revisions\/19439"}],"wp:featuredmedia":[{"embeddable":true,"href":"https:\/\/dev.antudigital.cl\/sites\/vc\/wp-json\/wp\/v2\/media\/19437"}],"wp:attachment":[{"href":"https:\/\/dev.antudigital.cl\/sites\/vc\/wp-json\/wp\/v2\/media?parent=19436"}],"wp:term":[{"taxonomy":"category","embeddable":true,"href":"https:\/\/dev.antudigital.cl\/sites\/vc\/wp-json\/wp\/v2\/categories?post=19436"},{"taxonomy":"post_tag","embeddable":true,"href":"https:\/\/dev.antudigital.cl\/sites\/vc\/wp-json\/wp\/v2\/tags?post=19436"}],"curies":[{"name":"wp","href":"https:\/\/api.w.org\/{rel}","templated":true}]}}