{"id":19440,"date":"2024-06-18T02:40:28","date_gmt":"2024-06-18T02:40:28","guid":{"rendered":"https:\/\/www.valparaisocreativo.cl\/?p=19440"},"modified":"2024-06-18T02:40:47","modified_gmt":"2024-06-18T02:40:47","slug":"taller-iluminacion-para-teatro-lambe-lambe-se-facilitara-en-casa-oani","status":"publish","type":"post","link":"https:\/\/dev.antudigital.cl\/sites\/vc\/taller-iluminacion-para-teatro-lambe-lambe-se-facilitara-en-casa-oani\/","title":{"rendered":"Taller \u201cILUMINACI\u00d3N PARA TEATRO LAMBE LAMBE\u201d se facilitar\u00e1 en Casa OANI"},"content":{"rendered":"\n<p><strong>El s\u00e1bado 22 de junio Luciano Bugmann, de la Compa\u00f1\u00eda MestreLunas, facilitar\u00e1 el Taller \u201cIluminaci\u00f3n para el Teatro Lambe Lambe\u201d de 10:30 a 13:30 horas. La actividad se realizar\u00e1 en Casa OANI<\/strong>, ubicada en Lo Venegas #489, Cerro C\u00e1rcel, Valpara\u00edso. Esta iniciativa cuenta con el financiamiento de la&nbsp;<strong>Convocatoria 2023 de Apoyo a Puntos de Cultura Comunitaria del Ministerio de las Culturas, las Artes y el Patrimonio.<\/strong><\/p>\n\n\n\n<p>En el taller se van a entregar herramientas y revisar procedimientos t\u00e9cnicos para la construcci\u00f3n de iluminaci\u00f3n con luz led para teatros en miniatura. Hay cupo para 15 participantes mayores de 18 a\u00f1os. Los requerimientos son un caut\u00edn, un alicate peque\u00f1o y una caja de cart\u00f3n o un Teatro Lambe Lambe para instalar la maqueta de luces. El valor de la inscripci\u00f3n es de $5.000 a trav\u00e9s del siguiente enlace\u00a0<a href=\"https:\/\/forms.gle\/Cqzu7JeB8c9frZgZ8\" target=\"_blank\" rel=\"noreferrer noopener\">https:\/\/forms.gle\/Cqzu7JeB8c9frZgZ8<\/a>\u00a0 o en el Instagram @casaoani.\u00a0<\/p>\n\n\n\n<figure class=\"wp-block-image size-large\"><img fetchpriority=\"high\" decoding=\"async\" width=\"1024\" height=\"813\" src=\"https:\/\/www.valparaisocreativo.cl\/wp-content\/uploads\/2024\/06\/LUCIANO-1024x813.jpg\" alt=\"\" class=\"wp-image-19442\" srcset=\"https:\/\/dev.antudigital.cl\/sites\/vc\/wp-content\/uploads\/2024\/06\/LUCIANO-1024x813.jpg 1024w, https:\/\/dev.antudigital.cl\/sites\/vc\/wp-content\/uploads\/2024\/06\/LUCIANO-300x238.jpg 300w, https:\/\/dev.antudigital.cl\/sites\/vc\/wp-content\/uploads\/2024\/06\/LUCIANO-768x610.jpg 768w, https:\/\/dev.antudigital.cl\/sites\/vc\/wp-content\/uploads\/2024\/06\/LUCIANO-1080x858.jpg 1080w, https:\/\/dev.antudigital.cl\/sites\/vc\/wp-content\/uploads\/2024\/06\/LUCIANO-980x778.jpg 980w, https:\/\/dev.antudigital.cl\/sites\/vc\/wp-content\/uploads\/2024\/06\/LUCIANO-480x381.jpg 480w, https:\/\/dev.antudigital.cl\/sites\/vc\/wp-content\/uploads\/2024\/06\/LUCIANO-24x19.jpg 24w, https:\/\/dev.antudigital.cl\/sites\/vc\/wp-content\/uploads\/2024\/06\/LUCIANO-36x29.jpg 36w, https:\/\/dev.antudigital.cl\/sites\/vc\/wp-content\/uploads\/2024\/06\/LUCIANO-48x38.jpg 48w, https:\/\/dev.antudigital.cl\/sites\/vc\/wp-content\/uploads\/2024\/06\/LUCIANO.jpg 1274w\" sizes=\"(max-width: 1024px) 100vw, 1024px\" \/><\/figure>\n\n\n\n<p>Luciano Bugmann lleg\u00f3 al mundo del Lambe Lambe marcado por la literatura, un texto que ley\u00f3 en ense\u00f1anza media le qued\u00f3 dando vueltas por mucho tiempo. Antes de crear su primer espect\u00e1culo vio el quehacer de otros colegas, como \u201cLa cripta\u201d de Sergio Tastaldi, que utilizaba luces LED y alimentaci\u00f3n por bater\u00eda, algo muy novedoso en su momento, y el primer Lambe Lambe de Antonio de Boneco. Fue as\u00ed como mont\u00f3 \u201cEl noviazgo en el cementerio\u201d, obra estrenada el a\u00f1o 2007 que se inspir\u00f3 en el poema hom\u00f3nimo de Soares de Passos, poeta portugu\u00e9s del siglo XIX.&nbsp;<\/p>\n\n\n\n<p>La sorpresa y el asombro que sinti\u00f3 como espectador fue lo que captur\u00f3 a Luciano y lo hizo continuar en el camino del Lambe Lambe, viendo la riqueza de las posibilidades y la capacidad de este formato para crear un universo personal e impresionante. Sobre el taller comenta:<\/p>\n\n\n\n<p>\u201cHe realizado este Taller de Iluminaci\u00f3n varias veces antes. Cada circunstancia exige un enfoque diferente y un cuidado especial, ya que los p\u00fablicos cambian y los conocimientos tambi\u00e9n. Cada taller es un desaf\u00edo y una oportunidad de retroalimentaci\u00f3n din\u00e1mica, tanto para los participantes como para m\u00ed. Ense\u00f1ar es un proceso que enriquece mis propios conocimientos a medida que respondo a las dudas e inquietudes de los estudiantes\u201d.<\/p>\n\n\n\n<figure class=\"wp-block-image size-full\"><img decoding=\"async\" width=\"623\" height=\"623\" src=\"https:\/\/www.valparaisocreativo.cl\/wp-content\/uploads\/2024\/06\/Captura-de-Pantalla-2024-06-17-a-las-22.39.55.png\" alt=\"\" class=\"wp-image-19443\" srcset=\"https:\/\/dev.antudigital.cl\/sites\/vc\/wp-content\/uploads\/2024\/06\/Captura-de-Pantalla-2024-06-17-a-las-22.39.55.png 623w, https:\/\/dev.antudigital.cl\/sites\/vc\/wp-content\/uploads\/2024\/06\/Captura-de-Pantalla-2024-06-17-a-las-22.39.55-300x300.png 300w, https:\/\/dev.antudigital.cl\/sites\/vc\/wp-content\/uploads\/2024\/06\/Captura-de-Pantalla-2024-06-17-a-las-22.39.55-150x150.png 150w, https:\/\/dev.antudigital.cl\/sites\/vc\/wp-content\/uploads\/2024\/06\/Captura-de-Pantalla-2024-06-17-a-las-22.39.55-480x480.png 480w, https:\/\/dev.antudigital.cl\/sites\/vc\/wp-content\/uploads\/2024\/06\/Captura-de-Pantalla-2024-06-17-a-las-22.39.55-24x24.png 24w, https:\/\/dev.antudigital.cl\/sites\/vc\/wp-content\/uploads\/2024\/06\/Captura-de-Pantalla-2024-06-17-a-las-22.39.55-36x36.png 36w, https:\/\/dev.antudigital.cl\/sites\/vc\/wp-content\/uploads\/2024\/06\/Captura-de-Pantalla-2024-06-17-a-las-22.39.55-48x48.png 48w\" sizes=\"(max-width: 623px) 100vw, 623px\" \/><\/figure>\n\n\n\n<p>Respecto a los saberes a entregar, se\u00f1ala: \u201cEn este taller vamos a tratar la luz desde un enfoque te\u00f3rico y pr\u00e1ctico. Los participantes aprender\u00e1n sobre el fen\u00f3meno f\u00edsico de la luz, la historia y los conceptos importantes del lenguaje de la iluminaci\u00f3n teatral. Practicaremos con elementos t\u00e9cnicos como bater\u00edas, conectores, interruptores y LEDs. Aprender\u00e1n a soldar y construir su propio proyecto de iluminaci\u00f3n. Saldr\u00e1n con un conocimiento s\u00f3lido para realizar su primer proyecto de iluminaci\u00f3n con seguridad y eficacia\u201d.<\/p>\n\n\n\n<p>\u201cFacilitar un taller en Casa OANI Punto de Cultura Comunitaria es un motivo de gran orgullo para m\u00ed. Primero, porque puedo ver la evoluci\u00f3n que este arte ha tenido en Chile desde que estren\u00e9 mi primer espect\u00e1culo aqu\u00ed. Adem\u00e1s, OANI es un grupo con mucha experiencia y un trabajo art\u00edstico coherente que siempre busca nuevos lenguajes y formas de expresi\u00f3n. Ser parte de este grupo y de su evoluci\u00f3n como Punto de Cultura Comunitaria, que facilita el acceso al conocimiento, me llena de orgullo y felicidad.\u201d<\/p>\n\n\n\n<p>\u201cInvito a todos aquellos que sientan curiosidad o tengan alguna debilidad en relaci\u00f3n a la iluminaci\u00f3n teatral a unirse a nosotros. Ser\u00e1 una oportunidad para aprender, divertirse y mejorar sus futuros trabajos con t\u00e9cnicas y conocimientos que facilitar\u00e1n el encantamiento del p\u00fablico. Discutiremos y exploraremos c\u00f3mo jugar y componer con la luz para crear experiencias maravillosas\u201d, a\u00f1ade Luciano.<\/p>\n","protected":false},"excerpt":{"rendered":"<p>El s\u00e1bado 22 de junio Luciano Bugmann, de la Compa\u00f1\u00eda MestreLunas, facilitar\u00e1 el Taller \u201cIluminaci\u00f3n para el Teatro Lambe Lambe\u201d de 10:30 a 13:30 horas. La actividad se realizar\u00e1 en Casa OANI, ubicada en Lo Venegas #489, Cerro C\u00e1rcel, Valpara\u00edso. Esta iniciativa cuenta con el financiamiento de la&nbsp;Convocatoria 2023 de Apoyo a Puntos de Cultura [&hellip;]<\/p>\n","protected":false},"author":1,"featured_media":19441,"comment_status":"closed","ping_status":"closed","sticky":false,"template":"","format":"standard","meta":{"_acf_changed":false,"footnotes":""},"categories":[8],"tags":[],"class_list":["post-19440","post","type-post","status-publish","format-standard","has-post-thumbnail","hentry","category-noticia"],"acf":[],"yoast_head":"<!-- This site is optimized with the Yoast SEO plugin v27.1.1 - https:\/\/yoast.com\/product\/yoast-seo-wordpress\/ -->\n<title>Taller \u201cILUMINACI\u00d3N PARA TEATRO LAMBE LAMBE\u201d se facilitar\u00e1 en Casa OANI - Valpara\u00ed\u00adso Creativo<\/title>\n<meta name=\"robots\" content=\"index, follow, max-snippet:-1, max-image-preview:large, max-video-preview:-1\" \/>\n<link rel=\"canonical\" href=\"https:\/\/dev.antudigital.cl\/sites\/vc\/taller-iluminacion-para-teatro-lambe-lambe-se-facilitara-en-casa-oani\/\" \/>\n<meta property=\"og:locale\" content=\"es_ES\" \/>\n<meta property=\"og:type\" content=\"article\" \/>\n<meta property=\"og:title\" content=\"Taller \u201cILUMINACI\u00d3N PARA TEATRO LAMBE LAMBE\u201d se facilitar\u00e1 en Casa OANI - Valpara\u00ed\u00adso Creativo\" \/>\n<meta property=\"og:description\" content=\"El s\u00e1bado 22 de junio Luciano Bugmann, de la Compa\u00f1\u00eda MestreLunas, facilitar\u00e1 el Taller \u201cIluminaci\u00f3n para el Teatro Lambe Lambe\u201d de 10:30 a 13:30 horas. La actividad se realizar\u00e1 en Casa OANI, ubicada en Lo Venegas #489, Cerro C\u00e1rcel, Valpara\u00edso. Esta iniciativa cuenta con el financiamiento de la&nbsp;Convocatoria 2023 de Apoyo a Puntos de Cultura [&hellip;]\" \/>\n<meta property=\"og:url\" content=\"https:\/\/dev.antudigital.cl\/sites\/vc\/taller-iluminacion-para-teatro-lambe-lambe-se-facilitara-en-casa-oani\/\" \/>\n<meta property=\"og:site_name\" content=\"Valpara\u00ed\u00adso Creativo\" \/>\n<meta property=\"article:published_time\" content=\"2024-06-18T02:40:28+00:00\" \/>\n<meta property=\"article:modified_time\" content=\"2024-06-18T02:40:47+00:00\" \/>\n<meta property=\"og:image\" content=\"https:\/\/dev.antudigital.cl\/sites\/vc\/wp-content\/uploads\/2024\/06\/luciano-festilambe-2023.jpg\" \/>\n\t<meta property=\"og:image:width\" content=\"1502\" \/>\n\t<meta property=\"og:image:height\" content=\"849\" \/>\n\t<meta property=\"og:image:type\" content=\"image\/jpeg\" \/>\n<meta name=\"author\" content=\"Valpara\u00edso Creativo\" \/>\n<meta name=\"twitter:card\" content=\"summary_large_image\" \/>\n<meta name=\"twitter:label1\" content=\"Escrito por\" \/>\n\t<meta name=\"twitter:data1\" content=\"Valpara\u00edso Creativo\" \/>\n\t<meta name=\"twitter:label2\" content=\"Tiempo de lectura\" \/>\n\t<meta name=\"twitter:data2\" content=\"4 minutos\" \/>\n<script type=\"application\/ld+json\" class=\"yoast-schema-graph\">{\"@context\":\"https:\/\/schema.org\",\"@graph\":[{\"@type\":\"Article\",\"@id\":\"https:\/\/dev.antudigital.cl\/sites\/vc\/taller-iluminacion-para-teatro-lambe-lambe-se-facilitara-en-casa-oani\/#article\",\"isPartOf\":{\"@id\":\"https:\/\/dev.antudigital.cl\/sites\/vc\/taller-iluminacion-para-teatro-lambe-lambe-se-facilitara-en-casa-oani\/\"},\"author\":{\"name\":\"Valpara\u00edso Creativo\",\"@id\":\"https:\/\/dev.antudigital.cl\/sites\/vc\/#\/schema\/person\/c2b9da8dd545e27166fc5ab232837318\"},\"headline\":\"Taller \u201cILUMINACI\u00d3N PARA TEATRO LAMBE LAMBE\u201d se facilitar\u00e1 en Casa OANI\",\"datePublished\":\"2024-06-18T02:40:28+00:00\",\"dateModified\":\"2024-06-18T02:40:47+00:00\",\"mainEntityOfPage\":{\"@id\":\"https:\/\/dev.antudigital.cl\/sites\/vc\/taller-iluminacion-para-teatro-lambe-lambe-se-facilitara-en-casa-oani\/\"},\"wordCount\":644,\"image\":{\"@id\":\"https:\/\/dev.antudigital.cl\/sites\/vc\/taller-iluminacion-para-teatro-lambe-lambe-se-facilitara-en-casa-oani\/#primaryimage\"},\"thumbnailUrl\":\"https:\/\/dev.antudigital.cl\/sites\/vc\/wp-content\/uploads\/2024\/06\/luciano-festilambe-2023.jpg\",\"articleSection\":[\"Noticia\"],\"inLanguage\":\"es\"},{\"@type\":\"WebPage\",\"@id\":\"https:\/\/dev.antudigital.cl\/sites\/vc\/taller-iluminacion-para-teatro-lambe-lambe-se-facilitara-en-casa-oani\/\",\"url\":\"https:\/\/dev.antudigital.cl\/sites\/vc\/taller-iluminacion-para-teatro-lambe-lambe-se-facilitara-en-casa-oani\/\",\"name\":\"Taller \u201cILUMINACI\u00d3N PARA TEATRO LAMBE LAMBE\u201d se facilitar\u00e1 en Casa OANI - Valpara\u00ed\u00adso Creativo\",\"isPartOf\":{\"@id\":\"https:\/\/dev.antudigital.cl\/sites\/vc\/#website\"},\"primaryImageOfPage\":{\"@id\":\"https:\/\/dev.antudigital.cl\/sites\/vc\/taller-iluminacion-para-teatro-lambe-lambe-se-facilitara-en-casa-oani\/#primaryimage\"},\"image\":{\"@id\":\"https:\/\/dev.antudigital.cl\/sites\/vc\/taller-iluminacion-para-teatro-lambe-lambe-se-facilitara-en-casa-oani\/#primaryimage\"},\"thumbnailUrl\":\"https:\/\/dev.antudigital.cl\/sites\/vc\/wp-content\/uploads\/2024\/06\/luciano-festilambe-2023.jpg\",\"datePublished\":\"2024-06-18T02:40:28+00:00\",\"dateModified\":\"2024-06-18T02:40:47+00:00\",\"author\":{\"@id\":\"https:\/\/dev.antudigital.cl\/sites\/vc\/#\/schema\/person\/c2b9da8dd545e27166fc5ab232837318\"},\"breadcrumb\":{\"@id\":\"https:\/\/dev.antudigital.cl\/sites\/vc\/taller-iluminacion-para-teatro-lambe-lambe-se-facilitara-en-casa-oani\/#breadcrumb\"},\"inLanguage\":\"es\",\"potentialAction\":[{\"@type\":\"ReadAction\",\"target\":[\"https:\/\/dev.antudigital.cl\/sites\/vc\/taller-iluminacion-para-teatro-lambe-lambe-se-facilitara-en-casa-oani\/\"]}]},{\"@type\":\"ImageObject\",\"inLanguage\":\"es\",\"@id\":\"https:\/\/dev.antudigital.cl\/sites\/vc\/taller-iluminacion-para-teatro-lambe-lambe-se-facilitara-en-casa-oani\/#primaryimage\",\"url\":\"https:\/\/dev.antudigital.cl\/sites\/vc\/wp-content\/uploads\/2024\/06\/luciano-festilambe-2023.jpg\",\"contentUrl\":\"https:\/\/dev.antudigital.cl\/sites\/vc\/wp-content\/uploads\/2024\/06\/luciano-festilambe-2023.jpg\",\"width\":1502,\"height\":849},{\"@type\":\"BreadcrumbList\",\"@id\":\"https:\/\/dev.antudigital.cl\/sites\/vc\/taller-iluminacion-para-teatro-lambe-lambe-se-facilitara-en-casa-oani\/#breadcrumb\",\"itemListElement\":[{\"@type\":\"ListItem\",\"position\":1,\"name\":\"Home\",\"item\":\"https:\/\/dev.antudigital.cl\/sites\/vc\/\"},{\"@type\":\"ListItem\",\"position\":2,\"name\":\"Taller \u201cILUMINACI\u00d3N PARA TEATRO LAMBE LAMBE\u201d se facilitar\u00e1 en Casa OANI\"}]},{\"@type\":\"WebSite\",\"@id\":\"https:\/\/dev.antudigital.cl\/sites\/vc\/#website\",\"url\":\"https:\/\/dev.antudigital.cl\/sites\/vc\/\",\"name\":\"Valpara\u00ed\u00adso Creativo\",\"description\":\"\",\"potentialAction\":[{\"@type\":\"SearchAction\",\"target\":{\"@type\":\"EntryPoint\",\"urlTemplate\":\"https:\/\/dev.antudigital.cl\/sites\/vc\/?s={search_term_string}\"},\"query-input\":{\"@type\":\"PropertyValueSpecification\",\"valueRequired\":true,\"valueName\":\"search_term_string\"}}],\"inLanguage\":\"es\"},{\"@type\":\"Person\",\"@id\":\"https:\/\/dev.antudigital.cl\/sites\/vc\/#\/schema\/person\/c2b9da8dd545e27166fc5ab232837318\",\"name\":\"Valpara\u00edso Creativo\",\"description\":\"Periodista de cultura en la Regi\u00f3n de Valpara\u00edso.\",\"url\":\"https:\/\/dev.antudigital.cl\/sites\/vc\/author\/valpoadmin\/\"}]}<\/script>\n<!-- \/ Yoast SEO plugin. -->","yoast_head_json":{"title":"Taller \u201cILUMINACI\u00d3N PARA TEATRO LAMBE LAMBE\u201d se facilitar\u00e1 en Casa OANI - Valpara\u00ed\u00adso Creativo","robots":{"index":"index","follow":"follow","max-snippet":"max-snippet:-1","max-image-preview":"max-image-preview:large","max-video-preview":"max-video-preview:-1"},"canonical":"https:\/\/dev.antudigital.cl\/sites\/vc\/taller-iluminacion-para-teatro-lambe-lambe-se-facilitara-en-casa-oani\/","og_locale":"es_ES","og_type":"article","og_title":"Taller \u201cILUMINACI\u00d3N PARA TEATRO LAMBE LAMBE\u201d se facilitar\u00e1 en Casa OANI - Valpara\u00ed\u00adso Creativo","og_description":"El s\u00e1bado 22 de junio Luciano Bugmann, de la Compa\u00f1\u00eda MestreLunas, facilitar\u00e1 el Taller \u201cIluminaci\u00f3n para el Teatro Lambe Lambe\u201d de 10:30 a 13:30 horas. La actividad se realizar\u00e1 en Casa OANI, ubicada en Lo Venegas #489, Cerro C\u00e1rcel, Valpara\u00edso. Esta iniciativa cuenta con el financiamiento de la&nbsp;Convocatoria 2023 de Apoyo a Puntos de Cultura [&hellip;]","og_url":"https:\/\/dev.antudigital.cl\/sites\/vc\/taller-iluminacion-para-teatro-lambe-lambe-se-facilitara-en-casa-oani\/","og_site_name":"Valpara\u00ed\u00adso Creativo","article_published_time":"2024-06-18T02:40:28+00:00","article_modified_time":"2024-06-18T02:40:47+00:00","og_image":[{"width":1502,"height":849,"url":"https:\/\/dev.antudigital.cl\/sites\/vc\/wp-content\/uploads\/2024\/06\/luciano-festilambe-2023.jpg","type":"image\/jpeg"}],"author":"Valpara\u00edso Creativo","twitter_card":"summary_large_image","twitter_misc":{"Escrito por":"Valpara\u00edso Creativo","Tiempo de lectura":"4 minutos"},"schema":{"@context":"https:\/\/schema.org","@graph":[{"@type":"Article","@id":"https:\/\/dev.antudigital.cl\/sites\/vc\/taller-iluminacion-para-teatro-lambe-lambe-se-facilitara-en-casa-oani\/#article","isPartOf":{"@id":"https:\/\/dev.antudigital.cl\/sites\/vc\/taller-iluminacion-para-teatro-lambe-lambe-se-facilitara-en-casa-oani\/"},"author":{"name":"Valpara\u00edso Creativo","@id":"https:\/\/dev.antudigital.cl\/sites\/vc\/#\/schema\/person\/c2b9da8dd545e27166fc5ab232837318"},"headline":"Taller \u201cILUMINACI\u00d3N PARA TEATRO LAMBE LAMBE\u201d se facilitar\u00e1 en Casa OANI","datePublished":"2024-06-18T02:40:28+00:00","dateModified":"2024-06-18T02:40:47+00:00","mainEntityOfPage":{"@id":"https:\/\/dev.antudigital.cl\/sites\/vc\/taller-iluminacion-para-teatro-lambe-lambe-se-facilitara-en-casa-oani\/"},"wordCount":644,"image":{"@id":"https:\/\/dev.antudigital.cl\/sites\/vc\/taller-iluminacion-para-teatro-lambe-lambe-se-facilitara-en-casa-oani\/#primaryimage"},"thumbnailUrl":"https:\/\/dev.antudigital.cl\/sites\/vc\/wp-content\/uploads\/2024\/06\/luciano-festilambe-2023.jpg","articleSection":["Noticia"],"inLanguage":"es"},{"@type":"WebPage","@id":"https:\/\/dev.antudigital.cl\/sites\/vc\/taller-iluminacion-para-teatro-lambe-lambe-se-facilitara-en-casa-oani\/","url":"https:\/\/dev.antudigital.cl\/sites\/vc\/taller-iluminacion-para-teatro-lambe-lambe-se-facilitara-en-casa-oani\/","name":"Taller \u201cILUMINACI\u00d3N PARA TEATRO LAMBE LAMBE\u201d se facilitar\u00e1 en Casa OANI - Valpara\u00ed\u00adso Creativo","isPartOf":{"@id":"https:\/\/dev.antudigital.cl\/sites\/vc\/#website"},"primaryImageOfPage":{"@id":"https:\/\/dev.antudigital.cl\/sites\/vc\/taller-iluminacion-para-teatro-lambe-lambe-se-facilitara-en-casa-oani\/#primaryimage"},"image":{"@id":"https:\/\/dev.antudigital.cl\/sites\/vc\/taller-iluminacion-para-teatro-lambe-lambe-se-facilitara-en-casa-oani\/#primaryimage"},"thumbnailUrl":"https:\/\/dev.antudigital.cl\/sites\/vc\/wp-content\/uploads\/2024\/06\/luciano-festilambe-2023.jpg","datePublished":"2024-06-18T02:40:28+00:00","dateModified":"2024-06-18T02:40:47+00:00","author":{"@id":"https:\/\/dev.antudigital.cl\/sites\/vc\/#\/schema\/person\/c2b9da8dd545e27166fc5ab232837318"},"breadcrumb":{"@id":"https:\/\/dev.antudigital.cl\/sites\/vc\/taller-iluminacion-para-teatro-lambe-lambe-se-facilitara-en-casa-oani\/#breadcrumb"},"inLanguage":"es","potentialAction":[{"@type":"ReadAction","target":["https:\/\/dev.antudigital.cl\/sites\/vc\/taller-iluminacion-para-teatro-lambe-lambe-se-facilitara-en-casa-oani\/"]}]},{"@type":"ImageObject","inLanguage":"es","@id":"https:\/\/dev.antudigital.cl\/sites\/vc\/taller-iluminacion-para-teatro-lambe-lambe-se-facilitara-en-casa-oani\/#primaryimage","url":"https:\/\/dev.antudigital.cl\/sites\/vc\/wp-content\/uploads\/2024\/06\/luciano-festilambe-2023.jpg","contentUrl":"https:\/\/dev.antudigital.cl\/sites\/vc\/wp-content\/uploads\/2024\/06\/luciano-festilambe-2023.jpg","width":1502,"height":849},{"@type":"BreadcrumbList","@id":"https:\/\/dev.antudigital.cl\/sites\/vc\/taller-iluminacion-para-teatro-lambe-lambe-se-facilitara-en-casa-oani\/#breadcrumb","itemListElement":[{"@type":"ListItem","position":1,"name":"Home","item":"https:\/\/dev.antudigital.cl\/sites\/vc\/"},{"@type":"ListItem","position":2,"name":"Taller \u201cILUMINACI\u00d3N PARA TEATRO LAMBE LAMBE\u201d se facilitar\u00e1 en Casa OANI"}]},{"@type":"WebSite","@id":"https:\/\/dev.antudigital.cl\/sites\/vc\/#website","url":"https:\/\/dev.antudigital.cl\/sites\/vc\/","name":"Valpara\u00ed\u00adso Creativo","description":"","potentialAction":[{"@type":"SearchAction","target":{"@type":"EntryPoint","urlTemplate":"https:\/\/dev.antudigital.cl\/sites\/vc\/?s={search_term_string}"},"query-input":{"@type":"PropertyValueSpecification","valueRequired":true,"valueName":"search_term_string"}}],"inLanguage":"es"},{"@type":"Person","@id":"https:\/\/dev.antudigital.cl\/sites\/vc\/#\/schema\/person\/c2b9da8dd545e27166fc5ab232837318","name":"Valpara\u00edso Creativo","description":"Periodista de cultura en la Regi\u00f3n de Valpara\u00edso.","url":"https:\/\/dev.antudigital.cl\/sites\/vc\/author\/valpoadmin\/"}]}},"_links":{"self":[{"href":"https:\/\/dev.antudigital.cl\/sites\/vc\/wp-json\/wp\/v2\/posts\/19440","targetHints":{"allow":["GET"]}}],"collection":[{"href":"https:\/\/dev.antudigital.cl\/sites\/vc\/wp-json\/wp\/v2\/posts"}],"about":[{"href":"https:\/\/dev.antudigital.cl\/sites\/vc\/wp-json\/wp\/v2\/types\/post"}],"author":[{"embeddable":true,"href":"https:\/\/dev.antudigital.cl\/sites\/vc\/wp-json\/wp\/v2\/users\/1"}],"replies":[{"embeddable":true,"href":"https:\/\/dev.antudigital.cl\/sites\/vc\/wp-json\/wp\/v2\/comments?post=19440"}],"version-history":[{"count":1,"href":"https:\/\/dev.antudigital.cl\/sites\/vc\/wp-json\/wp\/v2\/posts\/19440\/revisions"}],"predecessor-version":[{"id":19444,"href":"https:\/\/dev.antudigital.cl\/sites\/vc\/wp-json\/wp\/v2\/posts\/19440\/revisions\/19444"}],"wp:featuredmedia":[{"embeddable":true,"href":"https:\/\/dev.antudigital.cl\/sites\/vc\/wp-json\/wp\/v2\/media\/19441"}],"wp:attachment":[{"href":"https:\/\/dev.antudigital.cl\/sites\/vc\/wp-json\/wp\/v2\/media?parent=19440"}],"wp:term":[{"taxonomy":"category","embeddable":true,"href":"https:\/\/dev.antudigital.cl\/sites\/vc\/wp-json\/wp\/v2\/categories?post=19440"},{"taxonomy":"post_tag","embeddable":true,"href":"https:\/\/dev.antudigital.cl\/sites\/vc\/wp-json\/wp\/v2\/tags?post=19440"}],"curies":[{"name":"wp","href":"https:\/\/api.w.org\/{rel}","templated":true}]}}