{"id":19445,"date":"2024-06-18T02:47:26","date_gmt":"2024-06-18T02:47:26","guid":{"rendered":"https:\/\/www.valparaisocreativo.cl\/?p=19445"},"modified":"2024-06-18T02:47:47","modified_gmt":"2024-06-18T02:47:47","slug":"convocatoria-desarrolla-inversion-productiva-region-de-valparaiso-1-convocatoria-2024","status":"publish","type":"post","link":"https:\/\/dev.antudigital.cl\/sites\/vc\/convocatoria-desarrolla-inversion-productiva-region-de-valparaiso-1-convocatoria-2024\/","title":{"rendered":"Convocatoria: DESARROLLA INVERSI\u00d3N PRODUCTIVA &#8211; REGI\u00d3N DE VALPARA\u00cdSO &#8211; 1\u00b0 CONVOCATORIA 2024"},"content":{"rendered":"\n<p>Hasta el 15 de julio.<\/p>\n\n\n\n<h2 class=\"wp-block-heading\">\u00bfQu\u00e9 es?<\/h2>\n\n\n\n<p>Este programa tiene por objeto apoyar la materializaci\u00f3n de proyectos de inversi\u00f3n productiva con potencial de generaci\u00f3n de externalidades positivas, mediante el otorgamiento de un cofinanciamiento para la adquisici\u00f3n de activo fijo, habilitaci\u00f3n de infraestructura productiva y capital de trabajo. Se entender\u00e1 por proyectos de inversi\u00f3n productiva, aquellos que tengan por objeto la producci\u00f3n y comercializaci\u00f3n de bienes o servicios, que contribuyan al incremento de la actividad econ\u00f3mica y generen nuevos empleos.\u00a0<\/p>\n\n\n\n<h2 class=\"wp-block-heading\">\u00bfQui\u00e9nes pueden postular?<\/h2>\n\n\n\n<p>Contribuyentes que tributen en Primera Categor\u00eda Nivel de ventas desde 1.200 UF hasta las 100.000 UF Materializaci\u00f3n de proyectos de inversi\u00f3n productiva que pertenezca a uno o m\u00e1s ejes estrat\u00e9gicos priorizado a nivel regional correspondientes a Industria 4.0, Producci\u00f3n Sostenible, Recurso H\u00eddrico, Recursos Energ\u00e9tico y Seguridad Alimentaria, en los siguientes sectores: Agroalimentario, Industrias Creativas, Turismo de Intereses Especiales, Log\u00edstica, Miner\u00eda, Construcci\u00f3n, Servicios, Comercio.<\/p>\n\n\n\n<p>Proyecto de inversi\u00f3n estimado debe ser igual o superior a $ 12.000.000 (doce millones de pesos).<\/p>\n\n\n\n<p><a href=\"https:\/\/www.corfo.cl\/sites\/cpp\/convocatorias\/dip_valparaiso_1er_24#legales\">Bases legales<\/a><\/p>\n\n\n\n<p>Empresas privadas no constituidas en Chile, que tributen en los t\u00e9rminos se\u00f1alados, o que desarrollen actividades similares a aquellas gravadas por el Impuesto de Primera Categor\u00eda.<\/p>\n\n\n\n<p>Empresa de base ind\u00edgena o cooperativas ind\u00edgenas, con un proyecto de inversi\u00f3n estimado igual o superior a $ 10.000.000 (diez millones de pesos) y, con potencial de generaci\u00f3n de externalidades positivas.<\/p>\n\n\n\n<p><a href=\"https:\/\/www.corfo.cl\/sites\/cpp\/convocatorias\/dip_valparaiso_1er_24\"><strong>Postula aqu\u00ed<\/strong><\/a><\/p>\n\n\n\n<figure class=\"wp-block-image size-full\"><img fetchpriority=\"high\" decoding=\"async\" width=\"581\" height=\"476\" src=\"https:\/\/www.valparaisocreativo.cl\/wp-content\/uploads\/2024\/06\/Captura-de-Pantalla-2024-06-17-a-las-22.43.42.png\" alt=\"\" class=\"wp-image-19446\" srcset=\"https:\/\/dev.antudigital.cl\/sites\/vc\/wp-content\/uploads\/2024\/06\/Captura-de-Pantalla-2024-06-17-a-las-22.43.42.png 581w, https:\/\/dev.antudigital.cl\/sites\/vc\/wp-content\/uploads\/2024\/06\/Captura-de-Pantalla-2024-06-17-a-las-22.43.42-300x246.png 300w, https:\/\/dev.antudigital.cl\/sites\/vc\/wp-content\/uploads\/2024\/06\/Captura-de-Pantalla-2024-06-17-a-las-22.43.42-480x393.png 480w, https:\/\/dev.antudigital.cl\/sites\/vc\/wp-content\/uploads\/2024\/06\/Captura-de-Pantalla-2024-06-17-a-las-22.43.42-24x20.png 24w, https:\/\/dev.antudigital.cl\/sites\/vc\/wp-content\/uploads\/2024\/06\/Captura-de-Pantalla-2024-06-17-a-las-22.43.42-36x29.png 36w, https:\/\/dev.antudigital.cl\/sites\/vc\/wp-content\/uploads\/2024\/06\/Captura-de-Pantalla-2024-06-17-a-las-22.43.42-48x39.png 48w\" sizes=\"(max-width: 581px) 100vw, 581px\" \/><\/figure>\n","protected":false},"excerpt":{"rendered":"<p>Hasta el 15 de julio. \u00bfQu\u00e9 es? Este programa tiene por objeto apoyar la materializaci\u00f3n de proyectos de inversi\u00f3n productiva con potencial de generaci\u00f3n de externalidades positivas, mediante el otorgamiento de un cofinanciamiento para la adquisici\u00f3n de activo fijo, habilitaci\u00f3n de infraestructura productiva y capital de trabajo. Se entender\u00e1 por proyectos de inversi\u00f3n productiva, aquellos [&hellip;]<\/p>\n","protected":false},"author":1,"featured_media":19447,"comment_status":"closed","ping_status":"closed","sticky":false,"template":"","format":"standard","meta":{"_acf_changed":false,"footnotes":""},"categories":[8],"tags":[],"class_list":["post-19445","post","type-post","status-publish","format-standard","has-post-thumbnail","hentry","category-noticia"],"acf":[],"yoast_head":"<!-- This site is optimized with the Yoast SEO plugin v27.1.1 - https:\/\/yoast.com\/product\/yoast-seo-wordpress\/ -->\n<title>Convocatoria: DESARROLLA INVERSI\u00d3N PRODUCTIVA - REGI\u00d3N DE VALPARA\u00cdSO - 1\u00b0 CONVOCATORIA 2024 - Valpara\u00ed\u00adso Creativo<\/title>\n<meta name=\"robots\" content=\"index, follow, max-snippet:-1, max-image-preview:large, max-video-preview:-1\" \/>\n<link rel=\"canonical\" href=\"https:\/\/dev.antudigital.cl\/sites\/vc\/convocatoria-desarrolla-inversion-productiva-region-de-valparaiso-1-convocatoria-2024\/\" \/>\n<meta property=\"og:locale\" content=\"es_ES\" \/>\n<meta property=\"og:type\" content=\"article\" \/>\n<meta property=\"og:title\" content=\"Convocatoria: DESARROLLA INVERSI\u00d3N PRODUCTIVA - REGI\u00d3N DE VALPARA\u00cdSO - 1\u00b0 CONVOCATORIA 2024 - Valpara\u00ed\u00adso Creativo\" \/>\n<meta property=\"og:description\" content=\"Hasta el 15 de julio. \u00bfQu\u00e9 es? Este programa tiene por objeto apoyar la materializaci\u00f3n de proyectos de inversi\u00f3n productiva con potencial de generaci\u00f3n de externalidades positivas, mediante el otorgamiento de un cofinanciamiento para la adquisici\u00f3n de activo fijo, habilitaci\u00f3n de infraestructura productiva y capital de trabajo. Se entender\u00e1 por proyectos de inversi\u00f3n productiva, aquellos [&hellip;]\" \/>\n<meta property=\"og:url\" content=\"https:\/\/dev.antudigital.cl\/sites\/vc\/convocatoria-desarrolla-inversion-productiva-region-de-valparaiso-1-convocatoria-2024\/\" \/>\n<meta property=\"og:site_name\" content=\"Valpara\u00ed\u00adso Creativo\" \/>\n<meta property=\"article:published_time\" content=\"2024-06-18T02:47:26+00:00\" \/>\n<meta property=\"article:modified_time\" content=\"2024-06-18T02:47:47+00:00\" \/>\n<meta property=\"og:image\" content=\"https:\/\/dev.antudigital.cl\/sites\/vc\/wp-content\/uploads\/2024\/06\/Captura-de-Pantalla-2024-06-17-a-las-22.43.33.png\" \/>\n\t<meta property=\"og:image:width\" content=\"546\" \/>\n\t<meta property=\"og:image:height\" content=\"166\" \/>\n\t<meta property=\"og:image:type\" content=\"image\/png\" \/>\n<meta name=\"author\" content=\"Valpara\u00edso Creativo\" \/>\n<meta name=\"twitter:card\" content=\"summary_large_image\" \/>\n<meta name=\"twitter:label1\" content=\"Escrito por\" \/>\n\t<meta name=\"twitter:data1\" content=\"Valpara\u00edso Creativo\" \/>\n\t<meta name=\"twitter:label2\" content=\"Tiempo de lectura\" \/>\n\t<meta name=\"twitter:data2\" content=\"2 minutos\" \/>\n<script type=\"application\/ld+json\" class=\"yoast-schema-graph\">{\"@context\":\"https:\/\/schema.org\",\"@graph\":[{\"@type\":\"Article\",\"@id\":\"https:\/\/dev.antudigital.cl\/sites\/vc\/convocatoria-desarrolla-inversion-productiva-region-de-valparaiso-1-convocatoria-2024\/#article\",\"isPartOf\":{\"@id\":\"https:\/\/dev.antudigital.cl\/sites\/vc\/convocatoria-desarrolla-inversion-productiva-region-de-valparaiso-1-convocatoria-2024\/\"},\"author\":{\"name\":\"Valpara\u00edso Creativo\",\"@id\":\"https:\/\/dev.antudigital.cl\/sites\/vc\/#\/schema\/person\/c2b9da8dd545e27166fc5ab232837318\"},\"headline\":\"Convocatoria: DESARROLLA INVERSI\u00d3N PRODUCTIVA &#8211; REGI\u00d3N DE VALPARA\u00cdSO &#8211; 1\u00b0 CONVOCATORIA 2024\",\"datePublished\":\"2024-06-18T02:47:26+00:00\",\"dateModified\":\"2024-06-18T02:47:47+00:00\",\"mainEntityOfPage\":{\"@id\":\"https:\/\/dev.antudigital.cl\/sites\/vc\/convocatoria-desarrolla-inversion-productiva-region-de-valparaiso-1-convocatoria-2024\/\"},\"wordCount\":256,\"image\":{\"@id\":\"https:\/\/dev.antudigital.cl\/sites\/vc\/convocatoria-desarrolla-inversion-productiva-region-de-valparaiso-1-convocatoria-2024\/#primaryimage\"},\"thumbnailUrl\":\"https:\/\/dev.antudigital.cl\/sites\/vc\/wp-content\/uploads\/2024\/06\/Captura-de-Pantalla-2024-06-17-a-las-22.43.33.png\",\"articleSection\":[\"Noticia\"],\"inLanguage\":\"es\"},{\"@type\":\"WebPage\",\"@id\":\"https:\/\/dev.antudigital.cl\/sites\/vc\/convocatoria-desarrolla-inversion-productiva-region-de-valparaiso-1-convocatoria-2024\/\",\"url\":\"https:\/\/dev.antudigital.cl\/sites\/vc\/convocatoria-desarrolla-inversion-productiva-region-de-valparaiso-1-convocatoria-2024\/\",\"name\":\"Convocatoria: DESARROLLA INVERSI\u00d3N PRODUCTIVA - REGI\u00d3N DE VALPARA\u00cdSO - 1\u00b0 CONVOCATORIA 2024 - Valpara\u00ed\u00adso Creativo\",\"isPartOf\":{\"@id\":\"https:\/\/dev.antudigital.cl\/sites\/vc\/#website\"},\"primaryImageOfPage\":{\"@id\":\"https:\/\/dev.antudigital.cl\/sites\/vc\/convocatoria-desarrolla-inversion-productiva-region-de-valparaiso-1-convocatoria-2024\/#primaryimage\"},\"image\":{\"@id\":\"https:\/\/dev.antudigital.cl\/sites\/vc\/convocatoria-desarrolla-inversion-productiva-region-de-valparaiso-1-convocatoria-2024\/#primaryimage\"},\"thumbnailUrl\":\"https:\/\/dev.antudigital.cl\/sites\/vc\/wp-content\/uploads\/2024\/06\/Captura-de-Pantalla-2024-06-17-a-las-22.43.33.png\",\"datePublished\":\"2024-06-18T02:47:26+00:00\",\"dateModified\":\"2024-06-18T02:47:47+00:00\",\"author\":{\"@id\":\"https:\/\/dev.antudigital.cl\/sites\/vc\/#\/schema\/person\/c2b9da8dd545e27166fc5ab232837318\"},\"breadcrumb\":{\"@id\":\"https:\/\/dev.antudigital.cl\/sites\/vc\/convocatoria-desarrolla-inversion-productiva-region-de-valparaiso-1-convocatoria-2024\/#breadcrumb\"},\"inLanguage\":\"es\",\"potentialAction\":[{\"@type\":\"ReadAction\",\"target\":[\"https:\/\/dev.antudigital.cl\/sites\/vc\/convocatoria-desarrolla-inversion-productiva-region-de-valparaiso-1-convocatoria-2024\/\"]}]},{\"@type\":\"ImageObject\",\"inLanguage\":\"es\",\"@id\":\"https:\/\/dev.antudigital.cl\/sites\/vc\/convocatoria-desarrolla-inversion-productiva-region-de-valparaiso-1-convocatoria-2024\/#primaryimage\",\"url\":\"https:\/\/dev.antudigital.cl\/sites\/vc\/wp-content\/uploads\/2024\/06\/Captura-de-Pantalla-2024-06-17-a-las-22.43.33.png\",\"contentUrl\":\"https:\/\/dev.antudigital.cl\/sites\/vc\/wp-content\/uploads\/2024\/06\/Captura-de-Pantalla-2024-06-17-a-las-22.43.33.png\",\"width\":546,\"height\":166},{\"@type\":\"BreadcrumbList\",\"@id\":\"https:\/\/dev.antudigital.cl\/sites\/vc\/convocatoria-desarrolla-inversion-productiva-region-de-valparaiso-1-convocatoria-2024\/#breadcrumb\",\"itemListElement\":[{\"@type\":\"ListItem\",\"position\":1,\"name\":\"Home\",\"item\":\"https:\/\/dev.antudigital.cl\/sites\/vc\/\"},{\"@type\":\"ListItem\",\"position\":2,\"name\":\"Convocatoria: DESARROLLA INVERSI\u00d3N PRODUCTIVA &#8211; REGI\u00d3N DE VALPARA\u00cdSO &#8211; 1\u00b0 CONVOCATORIA 2024\"}]},{\"@type\":\"WebSite\",\"@id\":\"https:\/\/dev.antudigital.cl\/sites\/vc\/#website\",\"url\":\"https:\/\/dev.antudigital.cl\/sites\/vc\/\",\"name\":\"Valpara\u00ed\u00adso Creativo\",\"description\":\"\",\"potentialAction\":[{\"@type\":\"SearchAction\",\"target\":{\"@type\":\"EntryPoint\",\"urlTemplate\":\"https:\/\/dev.antudigital.cl\/sites\/vc\/?s={search_term_string}\"},\"query-input\":{\"@type\":\"PropertyValueSpecification\",\"valueRequired\":true,\"valueName\":\"search_term_string\"}}],\"inLanguage\":\"es\"},{\"@type\":\"Person\",\"@id\":\"https:\/\/dev.antudigital.cl\/sites\/vc\/#\/schema\/person\/c2b9da8dd545e27166fc5ab232837318\",\"name\":\"Valpara\u00edso Creativo\",\"description\":\"Periodista de cultura en la Regi\u00f3n de Valpara\u00edso.\",\"url\":\"https:\/\/dev.antudigital.cl\/sites\/vc\/author\/valpoadmin\/\"}]}<\/script>\n<!-- \/ Yoast SEO plugin. -->","yoast_head_json":{"title":"Convocatoria: DESARROLLA INVERSI\u00d3N PRODUCTIVA - REGI\u00d3N DE VALPARA\u00cdSO - 1\u00b0 CONVOCATORIA 2024 - Valpara\u00ed\u00adso Creativo","robots":{"index":"index","follow":"follow","max-snippet":"max-snippet:-1","max-image-preview":"max-image-preview:large","max-video-preview":"max-video-preview:-1"},"canonical":"https:\/\/dev.antudigital.cl\/sites\/vc\/convocatoria-desarrolla-inversion-productiva-region-de-valparaiso-1-convocatoria-2024\/","og_locale":"es_ES","og_type":"article","og_title":"Convocatoria: DESARROLLA INVERSI\u00d3N PRODUCTIVA - REGI\u00d3N DE VALPARA\u00cdSO - 1\u00b0 CONVOCATORIA 2024 - Valpara\u00ed\u00adso Creativo","og_description":"Hasta el 15 de julio. \u00bfQu\u00e9 es? Este programa tiene por objeto apoyar la materializaci\u00f3n de proyectos de inversi\u00f3n productiva con potencial de generaci\u00f3n de externalidades positivas, mediante el otorgamiento de un cofinanciamiento para la adquisici\u00f3n de activo fijo, habilitaci\u00f3n de infraestructura productiva y capital de trabajo. Se entender\u00e1 por proyectos de inversi\u00f3n productiva, aquellos [&hellip;]","og_url":"https:\/\/dev.antudigital.cl\/sites\/vc\/convocatoria-desarrolla-inversion-productiva-region-de-valparaiso-1-convocatoria-2024\/","og_site_name":"Valpara\u00ed\u00adso Creativo","article_published_time":"2024-06-18T02:47:26+00:00","article_modified_time":"2024-06-18T02:47:47+00:00","og_image":[{"width":546,"height":166,"url":"https:\/\/dev.antudigital.cl\/sites\/vc\/wp-content\/uploads\/2024\/06\/Captura-de-Pantalla-2024-06-17-a-las-22.43.33.png","type":"image\/png"}],"author":"Valpara\u00edso Creativo","twitter_card":"summary_large_image","twitter_misc":{"Escrito por":"Valpara\u00edso Creativo","Tiempo de lectura":"2 minutos"},"schema":{"@context":"https:\/\/schema.org","@graph":[{"@type":"Article","@id":"https:\/\/dev.antudigital.cl\/sites\/vc\/convocatoria-desarrolla-inversion-productiva-region-de-valparaiso-1-convocatoria-2024\/#article","isPartOf":{"@id":"https:\/\/dev.antudigital.cl\/sites\/vc\/convocatoria-desarrolla-inversion-productiva-region-de-valparaiso-1-convocatoria-2024\/"},"author":{"name":"Valpara\u00edso Creativo","@id":"https:\/\/dev.antudigital.cl\/sites\/vc\/#\/schema\/person\/c2b9da8dd545e27166fc5ab232837318"},"headline":"Convocatoria: DESARROLLA INVERSI\u00d3N PRODUCTIVA &#8211; REGI\u00d3N DE VALPARA\u00cdSO &#8211; 1\u00b0 CONVOCATORIA 2024","datePublished":"2024-06-18T02:47:26+00:00","dateModified":"2024-06-18T02:47:47+00:00","mainEntityOfPage":{"@id":"https:\/\/dev.antudigital.cl\/sites\/vc\/convocatoria-desarrolla-inversion-productiva-region-de-valparaiso-1-convocatoria-2024\/"},"wordCount":256,"image":{"@id":"https:\/\/dev.antudigital.cl\/sites\/vc\/convocatoria-desarrolla-inversion-productiva-region-de-valparaiso-1-convocatoria-2024\/#primaryimage"},"thumbnailUrl":"https:\/\/dev.antudigital.cl\/sites\/vc\/wp-content\/uploads\/2024\/06\/Captura-de-Pantalla-2024-06-17-a-las-22.43.33.png","articleSection":["Noticia"],"inLanguage":"es"},{"@type":"WebPage","@id":"https:\/\/dev.antudigital.cl\/sites\/vc\/convocatoria-desarrolla-inversion-productiva-region-de-valparaiso-1-convocatoria-2024\/","url":"https:\/\/dev.antudigital.cl\/sites\/vc\/convocatoria-desarrolla-inversion-productiva-region-de-valparaiso-1-convocatoria-2024\/","name":"Convocatoria: DESARROLLA INVERSI\u00d3N PRODUCTIVA - REGI\u00d3N DE VALPARA\u00cdSO - 1\u00b0 CONVOCATORIA 2024 - Valpara\u00ed\u00adso Creativo","isPartOf":{"@id":"https:\/\/dev.antudigital.cl\/sites\/vc\/#website"},"primaryImageOfPage":{"@id":"https:\/\/dev.antudigital.cl\/sites\/vc\/convocatoria-desarrolla-inversion-productiva-region-de-valparaiso-1-convocatoria-2024\/#primaryimage"},"image":{"@id":"https:\/\/dev.antudigital.cl\/sites\/vc\/convocatoria-desarrolla-inversion-productiva-region-de-valparaiso-1-convocatoria-2024\/#primaryimage"},"thumbnailUrl":"https:\/\/dev.antudigital.cl\/sites\/vc\/wp-content\/uploads\/2024\/06\/Captura-de-Pantalla-2024-06-17-a-las-22.43.33.png","datePublished":"2024-06-18T02:47:26+00:00","dateModified":"2024-06-18T02:47:47+00:00","author":{"@id":"https:\/\/dev.antudigital.cl\/sites\/vc\/#\/schema\/person\/c2b9da8dd545e27166fc5ab232837318"},"breadcrumb":{"@id":"https:\/\/dev.antudigital.cl\/sites\/vc\/convocatoria-desarrolla-inversion-productiva-region-de-valparaiso-1-convocatoria-2024\/#breadcrumb"},"inLanguage":"es","potentialAction":[{"@type":"ReadAction","target":["https:\/\/dev.antudigital.cl\/sites\/vc\/convocatoria-desarrolla-inversion-productiva-region-de-valparaiso-1-convocatoria-2024\/"]}]},{"@type":"ImageObject","inLanguage":"es","@id":"https:\/\/dev.antudigital.cl\/sites\/vc\/convocatoria-desarrolla-inversion-productiva-region-de-valparaiso-1-convocatoria-2024\/#primaryimage","url":"https:\/\/dev.antudigital.cl\/sites\/vc\/wp-content\/uploads\/2024\/06\/Captura-de-Pantalla-2024-06-17-a-las-22.43.33.png","contentUrl":"https:\/\/dev.antudigital.cl\/sites\/vc\/wp-content\/uploads\/2024\/06\/Captura-de-Pantalla-2024-06-17-a-las-22.43.33.png","width":546,"height":166},{"@type":"BreadcrumbList","@id":"https:\/\/dev.antudigital.cl\/sites\/vc\/convocatoria-desarrolla-inversion-productiva-region-de-valparaiso-1-convocatoria-2024\/#breadcrumb","itemListElement":[{"@type":"ListItem","position":1,"name":"Home","item":"https:\/\/dev.antudigital.cl\/sites\/vc\/"},{"@type":"ListItem","position":2,"name":"Convocatoria: DESARROLLA INVERSI\u00d3N PRODUCTIVA &#8211; REGI\u00d3N DE VALPARA\u00cdSO &#8211; 1\u00b0 CONVOCATORIA 2024"}]},{"@type":"WebSite","@id":"https:\/\/dev.antudigital.cl\/sites\/vc\/#website","url":"https:\/\/dev.antudigital.cl\/sites\/vc\/","name":"Valpara\u00ed\u00adso Creativo","description":"","potentialAction":[{"@type":"SearchAction","target":{"@type":"EntryPoint","urlTemplate":"https:\/\/dev.antudigital.cl\/sites\/vc\/?s={search_term_string}"},"query-input":{"@type":"PropertyValueSpecification","valueRequired":true,"valueName":"search_term_string"}}],"inLanguage":"es"},{"@type":"Person","@id":"https:\/\/dev.antudigital.cl\/sites\/vc\/#\/schema\/person\/c2b9da8dd545e27166fc5ab232837318","name":"Valpara\u00edso Creativo","description":"Periodista de cultura en la Regi\u00f3n de Valpara\u00edso.","url":"https:\/\/dev.antudigital.cl\/sites\/vc\/author\/valpoadmin\/"}]}},"_links":{"self":[{"href":"https:\/\/dev.antudigital.cl\/sites\/vc\/wp-json\/wp\/v2\/posts\/19445","targetHints":{"allow":["GET"]}}],"collection":[{"href":"https:\/\/dev.antudigital.cl\/sites\/vc\/wp-json\/wp\/v2\/posts"}],"about":[{"href":"https:\/\/dev.antudigital.cl\/sites\/vc\/wp-json\/wp\/v2\/types\/post"}],"author":[{"embeddable":true,"href":"https:\/\/dev.antudigital.cl\/sites\/vc\/wp-json\/wp\/v2\/users\/1"}],"replies":[{"embeddable":true,"href":"https:\/\/dev.antudigital.cl\/sites\/vc\/wp-json\/wp\/v2\/comments?post=19445"}],"version-history":[{"count":1,"href":"https:\/\/dev.antudigital.cl\/sites\/vc\/wp-json\/wp\/v2\/posts\/19445\/revisions"}],"predecessor-version":[{"id":19448,"href":"https:\/\/dev.antudigital.cl\/sites\/vc\/wp-json\/wp\/v2\/posts\/19445\/revisions\/19448"}],"wp:featuredmedia":[{"embeddable":true,"href":"https:\/\/dev.antudigital.cl\/sites\/vc\/wp-json\/wp\/v2\/media\/19447"}],"wp:attachment":[{"href":"https:\/\/dev.antudigital.cl\/sites\/vc\/wp-json\/wp\/v2\/media?parent=19445"}],"wp:term":[{"taxonomy":"category","embeddable":true,"href":"https:\/\/dev.antudigital.cl\/sites\/vc\/wp-json\/wp\/v2\/categories?post=19445"},{"taxonomy":"post_tag","embeddable":true,"href":"https:\/\/dev.antudigital.cl\/sites\/vc\/wp-json\/wp\/v2\/tags?post=19445"}],"curies":[{"name":"wp","href":"https:\/\/api.w.org\/{rel}","templated":true}]}}