{"id":19449,"date":"2024-06-18T02:56:56","date_gmt":"2024-06-18T02:56:56","guid":{"rendered":"https:\/\/www.valparaisocreativo.cl\/?p=19449"},"modified":"2024-06-18T02:57:18","modified_gmt":"2024-06-18T02:57:18","slug":"de-procesos-y-migraciones-desde-san-felipe","status":"publish","type":"post","link":"https:\/\/dev.antudigital.cl\/sites\/vc\/de-procesos-y-migraciones-desde-san-felipe\/","title":{"rendered":"De procesos y migraciones desde San Felipe"},"content":{"rendered":"\n<p>Fotograf\u00edas de: Fiona Kemper<\/p>\n\n\n\n<p>Como una manta y un t\u00e9 tibio se siente <em>Casa Bohemia, <\/em>el primer LP de la banda Hemiola, quienes son oriundos de San Felipe y buscan expandir sus horizontes y llegar a m\u00e1s o\u00eddos. \u00bfA qu\u00e9 suenan? Tienen algo particular, de suavidad y ruido al mismo tiempo que me llama la atenci\u00f3n.\u00a0<\/p>\n\n\n\n<p>Son 10 tracks que nos llevan a deambular por escenarios conocidos, cotidianos, que habitamos entre el ritmo de las ciudades, diversas en cada Regi\u00f3n. Quiz\u00e1s, podr\u00edamos decir que de San Felipe hay algo de esto en ellos: un ritmo, un paso que me proyecta en el escenario actual, de junio. La lluvia afuera, en el suelo de la calle las hojas tiradas con sus colores y crujencia. Un ambiente propicio para la reflexi\u00f3n.<\/p>\n\n\n\n<p>Nos conectamos por Meet con Felipe Flores y Benjam\u00edn Brita, ambos son los compositores del proyecto Hemiola. Son 8 m\u00fasicos y m\u00fasica unidos por este mismo inter\u00e9s y quehacer, quienes nos presentan una propuesta amena, sentida, hecha con cari\u00f1o y calidad.<\/p>\n\n\n\n<p>Conozcamos m\u00e1s de quienes son y por qu\u00e9 los debes escuchar:<\/p>\n\n\n\n<p><strong>Vamos al grano: cu\u00e9ntenme su historia<\/strong><\/p>\n\n\n\n<p>La banda se form\u00f3 en el contexto del Estallido Social, durante unas reuniones de amigos que se organizaron en ese momento. Yo sal\u00eda con un grupo y, a trav\u00e9s de conocidos, conoc\u00ed a Felipe. Nos unimos debido a nuestras inquietudes musicales en com\u00fan. Ten\u00eda ganas de hacer algo y al inicio fue algo muy intuitivo, pero luego se convirti\u00f3 en nuestro proyecto musical actual. Se transform\u00f3.<\/p>\n\n\n\n<p>Felipe: Como dice Benjam\u00edn, esto ocurri\u00f3 en 2019. Nos juntamos en la Alameda a tocar durante una marcha, donde nos conocimos por primera vez. Ah\u00ed acordamos reunirnos y hacer una invitaci\u00f3n con guitarra. Cuando llegu\u00e9, hab\u00eda diversos m\u00fasicos con sus instrumentos. As\u00ed se fue forjando la idea. Durante alg\u00fan tiempo no tuvo nombre, pero para finales de ese a\u00f1o comenzamos a tocar en San Felipe, de d\u00f3nde venimos.<\/p>\n\n\n\n<p>Fue ese mismo a\u00f1o, en diciembre, cuando tambi\u00e9n iniciamos una campa\u00f1a de crowdfunding a trav\u00e9s de Catapulta.me, en la que levantamos recursos para iniciar y grabar nuestros primeros dos EP y as\u00ed formalizar el nacimiento de la banda como Hemiola.<\/p>\n\n\n\n<figure class=\"wp-block-image size-full\"><img fetchpriority=\"high\" decoding=\"async\" width=\"590\" height=\"392\" src=\"https:\/\/www.valparaisocreativo.cl\/wp-content\/uploads\/2024\/06\/Captura-de-Pantalla-2024-06-17-a-las-22.55.17.png\" alt=\"\" class=\"wp-image-19452\" srcset=\"https:\/\/dev.antudigital.cl\/sites\/vc\/wp-content\/uploads\/2024\/06\/Captura-de-Pantalla-2024-06-17-a-las-22.55.17.png 590w, https:\/\/dev.antudigital.cl\/sites\/vc\/wp-content\/uploads\/2024\/06\/Captura-de-Pantalla-2024-06-17-a-las-22.55.17-300x199.png 300w, https:\/\/dev.antudigital.cl\/sites\/vc\/wp-content\/uploads\/2024\/06\/Captura-de-Pantalla-2024-06-17-a-las-22.55.17-480x319.png 480w, https:\/\/dev.antudigital.cl\/sites\/vc\/wp-content\/uploads\/2024\/06\/Captura-de-Pantalla-2024-06-17-a-las-22.55.17-24x16.png 24w, https:\/\/dev.antudigital.cl\/sites\/vc\/wp-content\/uploads\/2024\/06\/Captura-de-Pantalla-2024-06-17-a-las-22.55.17-36x24.png 36w, https:\/\/dev.antudigital.cl\/sites\/vc\/wp-content\/uploads\/2024\/06\/Captura-de-Pantalla-2024-06-17-a-las-22.55.17-48x32.png 48w\" sizes=\"(max-width: 590px) 100vw, 590px\" \/><\/figure>\n\n\n\n<p><strong>Ustedes est\u00e1n en Santiago, pero como cuentan, son de San Felipe<\/strong><\/p>\n\n\n\n<p>Felipe: Si, viajamos a tocar, estamos repartidos entre San Felipe y Santiago, que tampoco est\u00e1n tan lejos, resulta c\u00f3modo para trabajar el proyecto en la capital.<\/p>\n\n\n\n<p><strong>\u00bfC\u00f3mo viven San Felipe? Desde el sentido de un proyecto musical.<\/strong><\/p>\n\n\n\n<p>Felipe: Bueno, San Felipe es una ciudad peque\u00f1a, tiene 70.000 habitantes, y es muy de tr\u00e1nsito entre Argentina y Chile. Si bien tiene muchas sedes de universidades, la poblaci\u00f3n es mayor. Y se ha ido desarrollando, pero culturalmente es una ciudad hogare\u00f1a, no de salir mucho, es m\u00e1s conservador el ambiente. Muy tranquilo, lo que genera que haya muy pocos espacios para tocar, a diferencia de Quilpu\u00e9 o VIlla Alemana que tienen varios locales.<\/p>\n\n\n\n<p>Benjam\u00edn: La verdad es que no hay privados que potencian o se dedican a los eventos y a la m\u00fasica.<\/p>\n\n\n\n<p>Felipe: Igual en el Valle de Aconcagua hay muchos festivales importantes de verano, donde en verdad todas las bandas locales quieren tocar y por ende, se compite de alg\u00fan modo. Aparte de eso no hay mucho movimiento de m\u00fasica en vivo, lo que hace dif\u00edcil ganarse un espacio. Nosotros ya vamos a cumplir 5 a\u00f1os y no hay muchos lugares donde podamos tocar. Nuestro prop\u00f3sito hoy es migrar a la capital donde la escena m\u00fasical indie es m\u00e1s como nosotros.&nbsp;<\/p>\n\n\n\n<p><strong>\u00bfC\u00f3mo fue ir encontrando su sonido?<\/strong><\/p>\n\n\n\n<p>Benjam\u00edn: Al principio ten\u00edamos un plan de estilos de m\u00fasica que quer\u00edamos tocar: samba, boleros, chacarera, muy ac\u00fastico y tranquilo. Despu\u00e9s le dimos libre albedr\u00edo a las composiciones, donde nos dimos cuenta que nuestra m\u00fasica nos llevaba a algo m\u00e1s rockero, con otra intencionalidad m\u00e1s ruidosa, sin perder lo reflexivo de las letras. Creo que cuando empezamos a abrirnos en este sentido, todo se mezcl\u00f3 hasta llegar al sonido, que se representa en el nuevo disco que tenemos.&nbsp;<\/p>\n\n\n\n<p>Felipe: El sonido tambi\u00e9n est\u00e1 m\u00e1s desarrollado porque la producci\u00f3n del \u00e1lbum la hizo uno de los integrantes de la banda, Emiliano Urbina (guitarrista mel\u00f3dico) de Instinto Music, que es de San Felipe y tiene una sede ac\u00e1 en Santiago, coproducido por Pepe Decal y Pedro Guti\u00e9rrez. Creo que el hecho de que Emiliano hiciera esto ayud\u00f3 al tr\u00e1nsito para que la mezcla de influencias de cada uno encontrara un sonido con m\u00e1s presencia y car\u00e1cter. Ahora el \u00e1lbum tiene una propuesta musical m\u00e1s definida, como menciona Benjam\u00edn, con mucha m\u00e1s identidad.<\/p>\n\n\n\n<figure class=\"wp-block-image size-large\"><img decoding=\"async\" width=\"1024\" height=\"1024\" src=\"https:\/\/www.valparaisocreativo.cl\/wp-content\/uploads\/2024\/06\/Hemiola-1024x1024.png\" alt=\"\" class=\"wp-image-19451\" srcset=\"https:\/\/dev.antudigital.cl\/sites\/vc\/wp-content\/uploads\/2024\/06\/Hemiola-1024x1024.png 1024w, https:\/\/dev.antudigital.cl\/sites\/vc\/wp-content\/uploads\/2024\/06\/Hemiola-300x300.png 300w, https:\/\/dev.antudigital.cl\/sites\/vc\/wp-content\/uploads\/2024\/06\/Hemiola-150x150.png 150w, https:\/\/dev.antudigital.cl\/sites\/vc\/wp-content\/uploads\/2024\/06\/Hemiola-768x768.png 768w, https:\/\/dev.antudigital.cl\/sites\/vc\/wp-content\/uploads\/2024\/06\/Hemiola-1536x1536.png 1536w, https:\/\/dev.antudigital.cl\/sites\/vc\/wp-content\/uploads\/2024\/06\/Hemiola-2048x2048.png 2048w, https:\/\/dev.antudigital.cl\/sites\/vc\/wp-content\/uploads\/2024\/06\/Hemiola-1080x1080.png 1080w, https:\/\/dev.antudigital.cl\/sites\/vc\/wp-content\/uploads\/2024\/06\/Hemiola-1280x1280.png 1280w, https:\/\/dev.antudigital.cl\/sites\/vc\/wp-content\/uploads\/2024\/06\/Hemiola-980x980.png 980w, https:\/\/dev.antudigital.cl\/sites\/vc\/wp-content\/uploads\/2024\/06\/Hemiola-480x480.png 480w, https:\/\/dev.antudigital.cl\/sites\/vc\/wp-content\/uploads\/2024\/06\/Hemiola-24x24.png 24w, https:\/\/dev.antudigital.cl\/sites\/vc\/wp-content\/uploads\/2024\/06\/Hemiola-36x36.png 36w, https:\/\/dev.antudigital.cl\/sites\/vc\/wp-content\/uploads\/2024\/06\/Hemiola-48x48.png 48w\" sizes=\"(max-width: 1024px) 100vw, 1024px\" \/><\/figure>\n\n\n\n<p><strong>Adem\u00e1s, \u00bfc\u00f3mo definieron las tem\u00e1ticas y las letras que componen?<\/strong><\/p>\n\n\n\n<p>Felipe: Compartimos con Benja lo melanc\u00f3lico y nost\u00e1lgico, pero desde puntos de vista distintos. Benja es mucho m\u00e1s citadino y las im\u00e1genes que evoca son muy cotidianas. Mis canciones por otro lado son m\u00e1s reflexivas, llamando a la introspecci\u00f3n y en un tono m\u00e1s personal. Lo que tenemos en com\u00fan es el&nbsp; letargo de la letra, esa misma sensaci\u00f3n que se transmite con nuestro entorno.&nbsp;<\/p>\n\n\n\n<p>Benjam\u00edn: Creo que la cuota melanc\u00f3lica es algo clave. Aparte, somos muy melodiosos, intentamos meternos en el o\u00eddo del oyente y que nos recuerde algo, m\u00e1s all\u00e1 de nuestra letra.<\/p>\n\n\n\n<p><strong>\u00bfC\u00f3mo ha sido el trabajar con tantos integrantes de la banda?<\/strong><\/p>\n\n\n\n<p>Benjam\u00edn: Es muy dif\u00edcil, somos ocho miembros, por lo que hay que ser fr\u00edos y verlo con rigurosidad, pero tampoco transformarlo en algo tedioso.&nbsp;<\/p>\n\n\n\n<p>Felipe: Despu\u00e9s de lanzar los dos primeros EP, fuimos a Buenos Aires. Ah\u00ed nos quedamos en un Airbnb que se llamaba \u201cCasa Bohemia\u201d, lo que inspir\u00f3 el nombre del \u00e1lbum. Despu\u00e9s de esa sesi\u00f3n, al regresar a Chile para grabar el \u00e1lbum, nos encontramos en procesos complejos para cada uno de nosotros. El 2022 fue un poco dif\u00edcil en ese sentido. Las relaciones se fueron afinando y el compromiso de cada integrante se renov\u00f3, lo que hoy nos permite tener otra energ\u00eda y una visi\u00f3n de futuro m\u00e1s clara, proyect\u00e1ndonos y empujando el proyecto hacia adelante. Es dif\u00edcil sostenerlo, pero nos llevamos bien y eso hace que el trabajo dentro y fuera del estudio sea agradable. Nos permitimos espacios para bromear, pero tambi\u00e9n para trabajar y avanzar.<\/p>\n\n\n\n<p>Benjam\u00edn: Tenemos un rumbo m\u00e1s claro.<\/p>\n\n\n\n<figure class=\"wp-block-image size-full\"><img decoding=\"async\" width=\"588\" height=\"380\" src=\"https:\/\/www.valparaisocreativo.cl\/wp-content\/uploads\/2024\/06\/Captura-de-Pantalla-2024-06-17-a-las-22.55.06.png\" alt=\"\" class=\"wp-image-19453\" srcset=\"https:\/\/dev.antudigital.cl\/sites\/vc\/wp-content\/uploads\/2024\/06\/Captura-de-Pantalla-2024-06-17-a-las-22.55.06.png 588w, https:\/\/dev.antudigital.cl\/sites\/vc\/wp-content\/uploads\/2024\/06\/Captura-de-Pantalla-2024-06-17-a-las-22.55.06-300x194.png 300w, https:\/\/dev.antudigital.cl\/sites\/vc\/wp-content\/uploads\/2024\/06\/Captura-de-Pantalla-2024-06-17-a-las-22.55.06-480x310.png 480w, https:\/\/dev.antudigital.cl\/sites\/vc\/wp-content\/uploads\/2024\/06\/Captura-de-Pantalla-2024-06-17-a-las-22.55.06-24x16.png 24w, https:\/\/dev.antudigital.cl\/sites\/vc\/wp-content\/uploads\/2024\/06\/Captura-de-Pantalla-2024-06-17-a-las-22.55.06-36x23.png 36w, https:\/\/dev.antudigital.cl\/sites\/vc\/wp-content\/uploads\/2024\/06\/Captura-de-Pantalla-2024-06-17-a-las-22.55.06-48x31.png 48w\" sizes=\"(max-width: 588px) 100vw, 588px\" \/><\/figure>\n\n\n\n<p><strong>\u00bfPara ustedes qu\u00e9 hay detr\u00e1s del impulso de trabajar en m\u00fasica?<\/strong><\/p>\n\n\n\n<p>Benjam\u00edn: Creo que lo primero es convencerse, atreverse y ese impulso te puede pillar en cualquier momento. Para m\u00ed fue cuando estaba saliendo de cuarto medio, con la decisi\u00f3n de estudiar y dedicarme a la m\u00fasica. El momento no es tan trascendental como la decisi\u00f3n de \u201cvoy a hacerlo\u201d. Pienso que para llevarlo a cabo hay que ser ordenado, siempre teniendo claro que es dif\u00edcil, pero uno puede usar sus herramientas para salir adelante.<\/p>\n\n\n\n<p>Felipe: Desde mi punto de vista, hay una necesidad de querer cantar y decir algo, de hacer m\u00fasica, pero luego est\u00e1 la decisi\u00f3n, como dice Benja, de dedicarnos a eso y no dejarlo como un hobby. Las artes siempre pueden ser un pasatiempo o algo paralelo, no todos optan por desarrollarse profesionalmente. En nuestro caso, independientemente de si estamos o no en Hemiola como proyecto, nos damos cuenta de que nuestro trabajo tiene proyecci\u00f3n si tomamos acciones ordenadas. Queremos hacer de la m\u00fasica nuestra vida, y de hecho ya lo es: vamos a grabar, siempre estamos conociendo a otros colegas, y bueno, estamos \u201clidiando con las consecuencias\u201d de esa decisi\u00f3n. Me recuerda a una entrevista de C. Tangana en la que dice: \u201cLa gente dice que tengo un \u00e9xito muy explosivo, pero llevo haciendo m\u00fasica desde hace 10 a\u00f1os y soy exitoso desde hace 3\u201d o algo as\u00ed. El resto no se ha visto, y eso sucede. Por eso hay que tomar la decisi\u00f3n, disfrutar los pros y los contras de ser m\u00fasico y luego insistir y confiar.<\/p>\n\n\n\n<p><strong>\u00bfY qu\u00e9 es lo m\u00e1s lindo para ustedes de este oficio y profesi\u00f3n?<\/strong><\/p>\n\n\n\n<p>Benjam\u00edn: Son muchas sensaciones. Me acuerdo cuando escuchamos el primer tema que grabamos, llamado \u00abRobo\u00bb, y fue s\u00faper emocionante. Pero tambi\u00e9n cuando hicimos la pre-escucha&#8230; todas esas cositas enriquecen el alma. La vida del m\u00fasico no es solo lo que uno ve en el escenario; hay otros momentos hermosos fuera de \u00e9l. Est\u00e1 la oportunidad de reencantarse con algo, de reencontrarse con algo. Podr\u00eda estar horas hablando de eso.<\/p>\n\n\n\n<p>Felipe: A m\u00ed lo que me gusta es el proceso de desarrollar una canci\u00f3n. Escribirlo y tener este hijo, pero despu\u00e9s uno lo lleva a la sala de ensayo y se nutre de las visiones de los colegas. Luego en el estudio es otro proceso creativo y me gusta apreciar ese trabajo que es s\u00faper paulatino, que se termina de concretar en los lanzamientos e interpretaciones en vivo, que son la raja. Estar ah\u00ed, conozcan o no tus canciones y que se identifiquen, es bac\u00e1n. Llena el alma. De lo m\u00e1s bonito que tiene la m\u00fasica: la satisfacci\u00f3n inmaterial que entrega.<\/p>\n\n\n\n<p>Es divertido tambi\u00e9n ir descubriendo los personajes de la m\u00fasica y encontrando sinton\u00edas.<\/p>\n\n\n\n<figure class=\"wp-block-embed is-type-video is-provider-youtube wp-block-embed-youtube wp-embed-aspect-16-9 wp-has-aspect-ratio\"><div class=\"wp-block-embed__wrapper\">\n<iframe title=\"Hemiola - Casa Bohemia | Full Album Video\" width=\"800\" height=\"450\" src=\"https:\/\/www.youtube.com\/embed\/jat7i_q12jQ?feature=oembed\" frameborder=\"0\" allow=\"accelerometer; autoplay; clipboard-write; encrypted-media; gyroscope; picture-in-picture; web-share\" referrerpolicy=\"strict-origin-when-cross-origin\" allowfullscreen><\/iframe>\n<\/div><\/figure>\n\n\n\n<p><strong>Tambi\u00e9n quer\u00eda saber acerca del proceso creativo al que te refieres, \u00bfc\u00f3mo es para ustedes, de qu\u00e9 etapas se conforman el proceso?<\/strong><\/p>\n\n\n\n<p>Felipe: En primer lugar, en el caso de Benja y yo, que somos quienes componemos, lo hacemos de forma independiente. Ahora hemos intentado juntarnos a trabajar, pero en el caso del \u00e1lbum \u201cCasa Bohemia\u201d, ten\u00edamos muchas canciones antes de decidir cu\u00e1les iban a entrar al \u00e1lbum. Eran unas 18 canciones que fuimos decantando. A medida que \u00edbamos escuchando los arreglos, nos dimos cuenta de que quer\u00edamos que el resultado fuera m\u00e1s ruidoso, m\u00e1s rockero, por decirlo de alg\u00fan modo. Porque, como te dec\u00eda, comenzamos s\u00faper ac\u00fasticos, cantando bolero, pero luego incorporamos la bater\u00eda y, por ende, la guitarra el\u00e9ctrica, lo que a su vez desarroll\u00f3 otro lenguaje posible. El terreno era otro. Dijimos \u00abqueremos caminar en esta direcci\u00f3n\u00bb y fuimos en esa direcci\u00f3n.<\/p>\n\n\n\n<p>Entonces, primero componemos, luego eso se nutre del colectivo de la banda, donde cada uno tiene influencias bien distintas, por lo que es como meter todo a la juguera, un miscel\u00e1neo. Finalmente, Emiliano Urbina es quien fusiona, desde la producci\u00f3n musical, la intenci\u00f3n que nosotros tenemos a trav\u00e9s del trabajo digital que se puede hacer.<\/p>\n\n\n\n<p>Felipe: No es que el disco tuviera un concepto inicial, sino que fue un proceso un poco inverso. Ten\u00edamos mucho material y seleccionamos las canciones que nos brindaban una identidad. Luego, poco a poco, fuimos descubriendo qu\u00e9 pod\u00edamos decir en torno al conjunto de temas, con ese tono nost\u00e1lgico que habla de la modernidad&#8230; por vivir actualmente en una gran ciudad, teniendo esta melancol\u00eda que te da la contemplaci\u00f3n campesina de San Felipe, donde todo es muy tranquilo y sin ruido, como dec\u00edamos.<\/p>\n\n\n\n<p><strong>Ahora est\u00e1n promocionando Casa Bohemia, \u00bfcu\u00e1ndo tienen fechas?<\/strong><\/p>\n\n\n\n<p>Felipe: La pr\u00f3xima fecha es el 4 de julio en Valpara\u00edso, en La Morada Bar. Ser\u00e1 un formato ac\u00fastico con 4 de nosotros, tocando un poco de nuestros primeros EP y otras canciones que no est\u00e1n publicadas, boleros y vals peruano, en ese ambiente. Adem\u00e1s tendremos algunos temas de Casa Bohemia en formato ac\u00fastico, en esa fecha estaremos con Sof\u00eda Lagos. Eso por ahora.<\/p>\n\n\n\n<p>En noviembre estaremos en Matucana 100 con la banda completa, con m\u00e1s sorpresas en un show m\u00e1s grande.<\/p>\n\n\n\n<p><a href=\"https:\/\/www.instagram.com\/hemiolabanda\/\">S\u00edguelos en sus redes sociales.<\/a><\/p>\n\n\n\n<figure class=\"wp-block-embed is-type-rich is-provider-spotify wp-block-embed-spotify wp-embed-aspect-21-9 wp-has-aspect-ratio\"><div class=\"wp-block-embed__wrapper\">\n<iframe title=\"Spotify Embed: Hemiola\" style=\"border-radius: 12px\" width=\"100%\" height=\"352\" frameborder=\"0\" allowfullscreen allow=\"autoplay; clipboard-write; encrypted-media; fullscreen; picture-in-picture\" loading=\"lazy\" src=\"https:\/\/open.spotify.com\/embed\/artist\/4fMxOTq3Ysh6l1Fhl2jARz?si=619c7ab1a17144df&#038;nd=1&#038;dlsi=1601d5c7ebeb4d29&#038;utm_source=oembed\"><\/iframe>\n<\/div><\/figure>\n","protected":false},"excerpt":{"rendered":"<p>Fotograf\u00edas de: Fiona Kemper Como una manta y un t\u00e9 tibio se siente Casa Bohemia, el primer LP de la banda Hemiola, quienes son oriundos de San Felipe y buscan expandir sus horizontes y llegar a m\u00e1s o\u00eddos. \u00bfA qu\u00e9 suenan? Tienen algo particular, de suavidad y ruido al mismo tiempo que me llama la [&hellip;]<\/p>\n","protected":false},"author":1,"featured_media":19450,"comment_status":"closed","ping_status":"closed","sticky":false,"template":"","format":"standard","meta":{"_acf_changed":false,"footnotes":""},"categories":[8],"tags":[],"class_list":["post-19449","post","type-post","status-publish","format-standard","has-post-thumbnail","hentry","category-noticia"],"acf":[],"yoast_head":"<!-- This site is optimized with the Yoast SEO plugin v27.1.1 - https:\/\/yoast.com\/product\/yoast-seo-wordpress\/ -->\n<title>De procesos y migraciones desde San Felipe - Valpara\u00ed\u00adso Creativo<\/title>\n<meta name=\"robots\" content=\"index, follow, max-snippet:-1, max-image-preview:large, max-video-preview:-1\" \/>\n<link rel=\"canonical\" href=\"https:\/\/dev.antudigital.cl\/sites\/vc\/de-procesos-y-migraciones-desde-san-felipe\/\" \/>\n<meta property=\"og:locale\" content=\"es_ES\" \/>\n<meta property=\"og:type\" content=\"article\" \/>\n<meta property=\"og:title\" content=\"De procesos y migraciones desde San Felipe - Valpara\u00ed\u00adso Creativo\" \/>\n<meta property=\"og:description\" content=\"Fotograf\u00edas de: Fiona Kemper Como una manta y un t\u00e9 tibio se siente Casa Bohemia, el primer LP de la banda Hemiola, quienes son oriundos de San Felipe y buscan expandir sus horizontes y llegar a m\u00e1s o\u00eddos. \u00bfA qu\u00e9 suenan? Tienen algo particular, de suavidad y ruido al mismo tiempo que me llama la [&hellip;]\" \/>\n<meta property=\"og:url\" content=\"https:\/\/dev.antudigital.cl\/sites\/vc\/de-procesos-y-migraciones-desde-san-felipe\/\" \/>\n<meta property=\"og:site_name\" content=\"Valpara\u00ed\u00adso Creativo\" \/>\n<meta property=\"article:published_time\" content=\"2024-06-18T02:56:56+00:00\" \/>\n<meta property=\"article:modified_time\" content=\"2024-06-18T02:57:18+00:00\" \/>\n<meta property=\"og:image\" content=\"https:\/\/dev.antudigital.cl\/sites\/vc\/wp-content\/uploads\/2024\/06\/Hemiola-scaled.jpeg\" \/>\n\t<meta property=\"og:image:width\" content=\"2560\" \/>\n\t<meta property=\"og:image:height\" content=\"1707\" \/>\n\t<meta property=\"og:image:type\" content=\"image\/jpeg\" \/>\n<meta name=\"author\" content=\"Valpara\u00edso Creativo\" \/>\n<meta name=\"twitter:card\" content=\"summary_large_image\" \/>\n<meta name=\"twitter:label1\" content=\"Escrito por\" \/>\n\t<meta name=\"twitter:data1\" content=\"Valpara\u00edso Creativo\" \/>\n\t<meta name=\"twitter:label2\" content=\"Tiempo de lectura\" \/>\n\t<meta name=\"twitter:data2\" content=\"10 minutos\" \/>\n<script type=\"application\/ld+json\" class=\"yoast-schema-graph\">{\"@context\":\"https:\/\/schema.org\",\"@graph\":[{\"@type\":\"Article\",\"@id\":\"https:\/\/dev.antudigital.cl\/sites\/vc\/de-procesos-y-migraciones-desde-san-felipe\/#article\",\"isPartOf\":{\"@id\":\"https:\/\/dev.antudigital.cl\/sites\/vc\/de-procesos-y-migraciones-desde-san-felipe\/\"},\"author\":{\"name\":\"Valpara\u00edso Creativo\",\"@id\":\"https:\/\/dev.antudigital.cl\/sites\/vc\/#\/schema\/person\/c2b9da8dd545e27166fc5ab232837318\"},\"headline\":\"De procesos y migraciones desde San Felipe\",\"datePublished\":\"2024-06-18T02:56:56+00:00\",\"dateModified\":\"2024-06-18T02:57:18+00:00\",\"mainEntityOfPage\":{\"@id\":\"https:\/\/dev.antudigital.cl\/sites\/vc\/de-procesos-y-migraciones-desde-san-felipe\/\"},\"wordCount\":2081,\"image\":{\"@id\":\"https:\/\/dev.antudigital.cl\/sites\/vc\/de-procesos-y-migraciones-desde-san-felipe\/#primaryimage\"},\"thumbnailUrl\":\"https:\/\/dev.antudigital.cl\/sites\/vc\/wp-content\/uploads\/2024\/06\/Hemiola-scaled.jpeg\",\"articleSection\":[\"Noticia\"],\"inLanguage\":\"es\"},{\"@type\":\"WebPage\",\"@id\":\"https:\/\/dev.antudigital.cl\/sites\/vc\/de-procesos-y-migraciones-desde-san-felipe\/\",\"url\":\"https:\/\/dev.antudigital.cl\/sites\/vc\/de-procesos-y-migraciones-desde-san-felipe\/\",\"name\":\"De procesos y migraciones desde San Felipe - Valpara\u00ed\u00adso Creativo\",\"isPartOf\":{\"@id\":\"https:\/\/dev.antudigital.cl\/sites\/vc\/#website\"},\"primaryImageOfPage\":{\"@id\":\"https:\/\/dev.antudigital.cl\/sites\/vc\/de-procesos-y-migraciones-desde-san-felipe\/#primaryimage\"},\"image\":{\"@id\":\"https:\/\/dev.antudigital.cl\/sites\/vc\/de-procesos-y-migraciones-desde-san-felipe\/#primaryimage\"},\"thumbnailUrl\":\"https:\/\/dev.antudigital.cl\/sites\/vc\/wp-content\/uploads\/2024\/06\/Hemiola-scaled.jpeg\",\"datePublished\":\"2024-06-18T02:56:56+00:00\",\"dateModified\":\"2024-06-18T02:57:18+00:00\",\"author\":{\"@id\":\"https:\/\/dev.antudigital.cl\/sites\/vc\/#\/schema\/person\/c2b9da8dd545e27166fc5ab232837318\"},\"breadcrumb\":{\"@id\":\"https:\/\/dev.antudigital.cl\/sites\/vc\/de-procesos-y-migraciones-desde-san-felipe\/#breadcrumb\"},\"inLanguage\":\"es\",\"potentialAction\":[{\"@type\":\"ReadAction\",\"target\":[\"https:\/\/dev.antudigital.cl\/sites\/vc\/de-procesos-y-migraciones-desde-san-felipe\/\"]}]},{\"@type\":\"ImageObject\",\"inLanguage\":\"es\",\"@id\":\"https:\/\/dev.antudigital.cl\/sites\/vc\/de-procesos-y-migraciones-desde-san-felipe\/#primaryimage\",\"url\":\"https:\/\/dev.antudigital.cl\/sites\/vc\/wp-content\/uploads\/2024\/06\/Hemiola-scaled.jpeg\",\"contentUrl\":\"https:\/\/dev.antudigital.cl\/sites\/vc\/wp-content\/uploads\/2024\/06\/Hemiola-scaled.jpeg\",\"width\":2560,\"height\":1707},{\"@type\":\"BreadcrumbList\",\"@id\":\"https:\/\/dev.antudigital.cl\/sites\/vc\/de-procesos-y-migraciones-desde-san-felipe\/#breadcrumb\",\"itemListElement\":[{\"@type\":\"ListItem\",\"position\":1,\"name\":\"Home\",\"item\":\"https:\/\/dev.antudigital.cl\/sites\/vc\/\"},{\"@type\":\"ListItem\",\"position\":2,\"name\":\"De procesos y migraciones desde San Felipe\"}]},{\"@type\":\"WebSite\",\"@id\":\"https:\/\/dev.antudigital.cl\/sites\/vc\/#website\",\"url\":\"https:\/\/dev.antudigital.cl\/sites\/vc\/\",\"name\":\"Valpara\u00ed\u00adso Creativo\",\"description\":\"\",\"potentialAction\":[{\"@type\":\"SearchAction\",\"target\":{\"@type\":\"EntryPoint\",\"urlTemplate\":\"https:\/\/dev.antudigital.cl\/sites\/vc\/?s={search_term_string}\"},\"query-input\":{\"@type\":\"PropertyValueSpecification\",\"valueRequired\":true,\"valueName\":\"search_term_string\"}}],\"inLanguage\":\"es\"},{\"@type\":\"Person\",\"@id\":\"https:\/\/dev.antudigital.cl\/sites\/vc\/#\/schema\/person\/c2b9da8dd545e27166fc5ab232837318\",\"name\":\"Valpara\u00edso Creativo\",\"description\":\"Periodista de cultura en la Regi\u00f3n de Valpara\u00edso.\",\"url\":\"https:\/\/dev.antudigital.cl\/sites\/vc\/author\/valpoadmin\/\"}]}<\/script>\n<!-- \/ Yoast SEO plugin. -->","yoast_head_json":{"title":"De procesos y migraciones desde San Felipe - Valpara\u00ed\u00adso Creativo","robots":{"index":"index","follow":"follow","max-snippet":"max-snippet:-1","max-image-preview":"max-image-preview:large","max-video-preview":"max-video-preview:-1"},"canonical":"https:\/\/dev.antudigital.cl\/sites\/vc\/de-procesos-y-migraciones-desde-san-felipe\/","og_locale":"es_ES","og_type":"article","og_title":"De procesos y migraciones desde San Felipe - Valpara\u00ed\u00adso Creativo","og_description":"Fotograf\u00edas de: Fiona Kemper Como una manta y un t\u00e9 tibio se siente Casa Bohemia, el primer LP de la banda Hemiola, quienes son oriundos de San Felipe y buscan expandir sus horizontes y llegar a m\u00e1s o\u00eddos. \u00bfA qu\u00e9 suenan? Tienen algo particular, de suavidad y ruido al mismo tiempo que me llama la [&hellip;]","og_url":"https:\/\/dev.antudigital.cl\/sites\/vc\/de-procesos-y-migraciones-desde-san-felipe\/","og_site_name":"Valpara\u00ed\u00adso Creativo","article_published_time":"2024-06-18T02:56:56+00:00","article_modified_time":"2024-06-18T02:57:18+00:00","og_image":[{"width":2560,"height":1707,"url":"https:\/\/dev.antudigital.cl\/sites\/vc\/wp-content\/uploads\/2024\/06\/Hemiola-scaled.jpeg","type":"image\/jpeg"}],"author":"Valpara\u00edso Creativo","twitter_card":"summary_large_image","twitter_misc":{"Escrito por":"Valpara\u00edso Creativo","Tiempo de lectura":"10 minutos"},"schema":{"@context":"https:\/\/schema.org","@graph":[{"@type":"Article","@id":"https:\/\/dev.antudigital.cl\/sites\/vc\/de-procesos-y-migraciones-desde-san-felipe\/#article","isPartOf":{"@id":"https:\/\/dev.antudigital.cl\/sites\/vc\/de-procesos-y-migraciones-desde-san-felipe\/"},"author":{"name":"Valpara\u00edso Creativo","@id":"https:\/\/dev.antudigital.cl\/sites\/vc\/#\/schema\/person\/c2b9da8dd545e27166fc5ab232837318"},"headline":"De procesos y migraciones desde San Felipe","datePublished":"2024-06-18T02:56:56+00:00","dateModified":"2024-06-18T02:57:18+00:00","mainEntityOfPage":{"@id":"https:\/\/dev.antudigital.cl\/sites\/vc\/de-procesos-y-migraciones-desde-san-felipe\/"},"wordCount":2081,"image":{"@id":"https:\/\/dev.antudigital.cl\/sites\/vc\/de-procesos-y-migraciones-desde-san-felipe\/#primaryimage"},"thumbnailUrl":"https:\/\/dev.antudigital.cl\/sites\/vc\/wp-content\/uploads\/2024\/06\/Hemiola-scaled.jpeg","articleSection":["Noticia"],"inLanguage":"es"},{"@type":"WebPage","@id":"https:\/\/dev.antudigital.cl\/sites\/vc\/de-procesos-y-migraciones-desde-san-felipe\/","url":"https:\/\/dev.antudigital.cl\/sites\/vc\/de-procesos-y-migraciones-desde-san-felipe\/","name":"De procesos y migraciones desde San Felipe - Valpara\u00ed\u00adso Creativo","isPartOf":{"@id":"https:\/\/dev.antudigital.cl\/sites\/vc\/#website"},"primaryImageOfPage":{"@id":"https:\/\/dev.antudigital.cl\/sites\/vc\/de-procesos-y-migraciones-desde-san-felipe\/#primaryimage"},"image":{"@id":"https:\/\/dev.antudigital.cl\/sites\/vc\/de-procesos-y-migraciones-desde-san-felipe\/#primaryimage"},"thumbnailUrl":"https:\/\/dev.antudigital.cl\/sites\/vc\/wp-content\/uploads\/2024\/06\/Hemiola-scaled.jpeg","datePublished":"2024-06-18T02:56:56+00:00","dateModified":"2024-06-18T02:57:18+00:00","author":{"@id":"https:\/\/dev.antudigital.cl\/sites\/vc\/#\/schema\/person\/c2b9da8dd545e27166fc5ab232837318"},"breadcrumb":{"@id":"https:\/\/dev.antudigital.cl\/sites\/vc\/de-procesos-y-migraciones-desde-san-felipe\/#breadcrumb"},"inLanguage":"es","potentialAction":[{"@type":"ReadAction","target":["https:\/\/dev.antudigital.cl\/sites\/vc\/de-procesos-y-migraciones-desde-san-felipe\/"]}]},{"@type":"ImageObject","inLanguage":"es","@id":"https:\/\/dev.antudigital.cl\/sites\/vc\/de-procesos-y-migraciones-desde-san-felipe\/#primaryimage","url":"https:\/\/dev.antudigital.cl\/sites\/vc\/wp-content\/uploads\/2024\/06\/Hemiola-scaled.jpeg","contentUrl":"https:\/\/dev.antudigital.cl\/sites\/vc\/wp-content\/uploads\/2024\/06\/Hemiola-scaled.jpeg","width":2560,"height":1707},{"@type":"BreadcrumbList","@id":"https:\/\/dev.antudigital.cl\/sites\/vc\/de-procesos-y-migraciones-desde-san-felipe\/#breadcrumb","itemListElement":[{"@type":"ListItem","position":1,"name":"Home","item":"https:\/\/dev.antudigital.cl\/sites\/vc\/"},{"@type":"ListItem","position":2,"name":"De procesos y migraciones desde San Felipe"}]},{"@type":"WebSite","@id":"https:\/\/dev.antudigital.cl\/sites\/vc\/#website","url":"https:\/\/dev.antudigital.cl\/sites\/vc\/","name":"Valpara\u00ed\u00adso Creativo","description":"","potentialAction":[{"@type":"SearchAction","target":{"@type":"EntryPoint","urlTemplate":"https:\/\/dev.antudigital.cl\/sites\/vc\/?s={search_term_string}"},"query-input":{"@type":"PropertyValueSpecification","valueRequired":true,"valueName":"search_term_string"}}],"inLanguage":"es"},{"@type":"Person","@id":"https:\/\/dev.antudigital.cl\/sites\/vc\/#\/schema\/person\/c2b9da8dd545e27166fc5ab232837318","name":"Valpara\u00edso Creativo","description":"Periodista de cultura en la Regi\u00f3n de Valpara\u00edso.","url":"https:\/\/dev.antudigital.cl\/sites\/vc\/author\/valpoadmin\/"}]}},"_links":{"self":[{"href":"https:\/\/dev.antudigital.cl\/sites\/vc\/wp-json\/wp\/v2\/posts\/19449","targetHints":{"allow":["GET"]}}],"collection":[{"href":"https:\/\/dev.antudigital.cl\/sites\/vc\/wp-json\/wp\/v2\/posts"}],"about":[{"href":"https:\/\/dev.antudigital.cl\/sites\/vc\/wp-json\/wp\/v2\/types\/post"}],"author":[{"embeddable":true,"href":"https:\/\/dev.antudigital.cl\/sites\/vc\/wp-json\/wp\/v2\/users\/1"}],"replies":[{"embeddable":true,"href":"https:\/\/dev.antudigital.cl\/sites\/vc\/wp-json\/wp\/v2\/comments?post=19449"}],"version-history":[{"count":1,"href":"https:\/\/dev.antudigital.cl\/sites\/vc\/wp-json\/wp\/v2\/posts\/19449\/revisions"}],"predecessor-version":[{"id":19454,"href":"https:\/\/dev.antudigital.cl\/sites\/vc\/wp-json\/wp\/v2\/posts\/19449\/revisions\/19454"}],"wp:featuredmedia":[{"embeddable":true,"href":"https:\/\/dev.antudigital.cl\/sites\/vc\/wp-json\/wp\/v2\/media\/19450"}],"wp:attachment":[{"href":"https:\/\/dev.antudigital.cl\/sites\/vc\/wp-json\/wp\/v2\/media?parent=19449"}],"wp:term":[{"taxonomy":"category","embeddable":true,"href":"https:\/\/dev.antudigital.cl\/sites\/vc\/wp-json\/wp\/v2\/categories?post=19449"},{"taxonomy":"post_tag","embeddable":true,"href":"https:\/\/dev.antudigital.cl\/sites\/vc\/wp-json\/wp\/v2\/tags?post=19449"}],"curies":[{"name":"wp","href":"https:\/\/api.w.org\/{rel}","templated":true}]}}