{"id":19456,"date":"2024-06-18T13:07:02","date_gmt":"2024-06-18T13:07:02","guid":{"rendered":"https:\/\/www.valparaisocreativo.cl\/?p=19456"},"modified":"2024-06-18T13:07:19","modified_gmt":"2024-06-18T13:07:19","slug":"parque-cultural-de-valparaiso-exhibe-exposicion-que-aborda-las-culturas-originarias-del-extremo-sur-de-chile","status":"publish","type":"post","link":"https:\/\/dev.antudigital.cl\/sites\/vc\/parque-cultural-de-valparaiso-exhibe-exposicion-que-aborda-las-culturas-originarias-del-extremo-sur-de-chile\/","title":{"rendered":"Parque Cultural de Valpara\u00edso exhibe exposici\u00f3n que aborda las culturas originarias del extremo sur de Chile"},"content":{"rendered":"\n<p>\u201cCamino a mis ancestros II\u201d es la nueva exposici\u00f3n de&nbsp; Carolina Ag\u00fcero, que fue inaugurada el s\u00e1bado 25 de mayo y estar\u00e1 en exhibici\u00f3n de manera gratuita hasta el viernes 21 de junio en el Parque Cultural de Valpara\u00edso (PCdV).&nbsp;<\/p>\n\n\n\n<p>La artista visual y fot\u00f3grafa luego de una investigaci\u00f3n vinculada al pueblo Kaw\u00e9sqar en zonas comprendidas entre Coyhaique y T\u00f3rtel y que tuvo por t\u00edtulo \u201cCamino a mis ancestros\u201d, decidi\u00f3 ahondar sobre los v\u00ednculos existentes entre las sociedades ancestrales del sur de Chile.&nbsp;&nbsp;<\/p>\n\n\n\n<p>Junto a la colaboraci\u00f3n de la historiadora Mar\u00eda Vanessa Stevani, Ag\u00fcero se dirigi\u00f3 a\u00a0<strong>territorios<\/strong>\u00a0habitados por los pueblos Selk&#8217;nam y Yag\u00e1n, con el inter\u00e9s de descubrir y experimentar con mayor\u00a0<strong>profundidad<\/strong>\u00a0la vida que llevaron; montando as\u00ed un viaje exploratorio y de reconocimiento en Punta Arenas y Tierra del Fuego.<\/p>\n\n\n\n<figure class=\"wp-block-image size-large\"><img fetchpriority=\"high\" decoding=\"async\" width=\"663\" height=\"1024\" src=\"https:\/\/www.valparaisocreativo.cl\/wp-content\/uploads\/2024\/06\/Camino_a_mis_ancestros_II_01-663x1024.jpg\" alt=\"\" class=\"wp-image-19457\" srcset=\"https:\/\/dev.antudigital.cl\/sites\/vc\/wp-content\/uploads\/2024\/06\/Camino_a_mis_ancestros_II_01-663x1024.jpg 663w, https:\/\/dev.antudigital.cl\/sites\/vc\/wp-content\/uploads\/2024\/06\/Camino_a_mis_ancestros_II_01-194x300.jpg 194w, https:\/\/dev.antudigital.cl\/sites\/vc\/wp-content\/uploads\/2024\/06\/Camino_a_mis_ancestros_II_01-768x1186.jpg 768w, https:\/\/dev.antudigital.cl\/sites\/vc\/wp-content\/uploads\/2024\/06\/Camino_a_mis_ancestros_II_01-995x1536.jpg 995w, https:\/\/dev.antudigital.cl\/sites\/vc\/wp-content\/uploads\/2024\/06\/Camino_a_mis_ancestros_II_01-1326x2048.jpg 1326w, https:\/\/dev.antudigital.cl\/sites\/vc\/wp-content\/uploads\/2024\/06\/Camino_a_mis_ancestros_II_01-1080x1668.jpg 1080w, https:\/\/dev.antudigital.cl\/sites\/vc\/wp-content\/uploads\/2024\/06\/Camino_a_mis_ancestros_II_01-1280x1976.jpg 1280w, https:\/\/dev.antudigital.cl\/sites\/vc\/wp-content\/uploads\/2024\/06\/Camino_a_mis_ancestros_II_01-980x1513.jpg 980w, https:\/\/dev.antudigital.cl\/sites\/vc\/wp-content\/uploads\/2024\/06\/Camino_a_mis_ancestros_II_01-480x741.jpg 480w, https:\/\/dev.antudigital.cl\/sites\/vc\/wp-content\/uploads\/2024\/06\/Camino_a_mis_ancestros_II_01-16x24.jpg 16w, https:\/\/dev.antudigital.cl\/sites\/vc\/wp-content\/uploads\/2024\/06\/Camino_a_mis_ancestros_II_01-23x36.jpg 23w, https:\/\/dev.antudigital.cl\/sites\/vc\/wp-content\/uploads\/2024\/06\/Camino_a_mis_ancestros_II_01-31x48.jpg 31w, https:\/\/dev.antudigital.cl\/sites\/vc\/wp-content\/uploads\/2024\/06\/Camino_a_mis_ancestros_II_01-scaled.jpg 1658w\" sizes=\"(max-width: 663px) 100vw, 663px\" \/><\/figure>\n\n\n\n<p><em>\u201cAbordo mis tem\u00e1ticas desde el respeto y la sensibilidad, con una perspectiva est\u00e9tica contempor\u00e1nea. Fundamentalmente propongo im\u00e1genes fotogr\u00e1ficas desde la autenticidad, invitando al espectador a reflexionar desde un punto cr\u00edtico y con respeto hacia una sociedad heterog\u00e9nea y desigual en sus derechos. Al presentar mis obras espero lograr reflexiones esenciales entre imagen y el sujeto\u201d.&nbsp;<\/em>Se\u00f1ala&nbsp;<strong>Carolina Ag\u00fcero<\/strong>&nbsp;como declaraci\u00f3n de principios en su sitio web.<\/p>\n\n\n\n<p>La muestra transmuta la experiencia exploratoria del territorio en un lenguaje po\u00e9tico visual contempor\u00e1neo, que destaca cuatro ejes presentes en la vida y cultura ancestral como son la conexi\u00f3n con el agua, la subsistencia colectiva, la ritualidad por medio de las piedras sagradas y, por \u00faltimo, la intervenci\u00f3n colonial.<\/p>\n\n\n\n<figure class=\"wp-block-image size-large\"><img decoding=\"async\" width=\"683\" height=\"1024\" src=\"https:\/\/www.valparaisocreativo.cl\/wp-content\/uploads\/2024\/06\/Camino_a_mis_ancestros_II_02-683x1024.jpg\" alt=\"\" class=\"wp-image-19458\" srcset=\"https:\/\/dev.antudigital.cl\/sites\/vc\/wp-content\/uploads\/2024\/06\/Camino_a_mis_ancestros_II_02-683x1024.jpg 683w, https:\/\/dev.antudigital.cl\/sites\/vc\/wp-content\/uploads\/2024\/06\/Camino_a_mis_ancestros_II_02-200x300.jpg 200w, https:\/\/dev.antudigital.cl\/sites\/vc\/wp-content\/uploads\/2024\/06\/Camino_a_mis_ancestros_II_02-768x1152.jpg 768w, https:\/\/dev.antudigital.cl\/sites\/vc\/wp-content\/uploads\/2024\/06\/Camino_a_mis_ancestros_II_02-1024x1536.jpg 1024w, https:\/\/dev.antudigital.cl\/sites\/vc\/wp-content\/uploads\/2024\/06\/Camino_a_mis_ancestros_II_02-1365x2048.jpg 1365w, https:\/\/dev.antudigital.cl\/sites\/vc\/wp-content\/uploads\/2024\/06\/Camino_a_mis_ancestros_II_02-1080x1620.jpg 1080w, https:\/\/dev.antudigital.cl\/sites\/vc\/wp-content\/uploads\/2024\/06\/Camino_a_mis_ancestros_II_02-1280x1920.jpg 1280w, https:\/\/dev.antudigital.cl\/sites\/vc\/wp-content\/uploads\/2024\/06\/Camino_a_mis_ancestros_II_02-980x1470.jpg 980w, https:\/\/dev.antudigital.cl\/sites\/vc\/wp-content\/uploads\/2024\/06\/Camino_a_mis_ancestros_II_02-480x720.jpg 480w, https:\/\/dev.antudigital.cl\/sites\/vc\/wp-content\/uploads\/2024\/06\/Camino_a_mis_ancestros_II_02-16x24.jpg 16w, https:\/\/dev.antudigital.cl\/sites\/vc\/wp-content\/uploads\/2024\/06\/Camino_a_mis_ancestros_II_02-24x36.jpg 24w, https:\/\/dev.antudigital.cl\/sites\/vc\/wp-content\/uploads\/2024\/06\/Camino_a_mis_ancestros_II_02-32x48.jpg 32w, https:\/\/dev.antudigital.cl\/sites\/vc\/wp-content\/uploads\/2024\/06\/Camino_a_mis_ancestros_II_02-scaled.jpg 1707w\" sizes=\"(max-width: 683px) 100vw, 683px\" \/><\/figure>\n\n\n\n<p>Por su parte, el director ejecutivo (i) del PCdV,&nbsp;<strong>Erick Fuentes<\/strong>, indic\u00f3 que&nbsp;<em>\u201crecientemente hemos vivido el D\u00eda de los Patrimonios, pero bien sabemos que para fortalecer el patrimonio y la identidad cultural del pa\u00eds hay que fomentar constantemente el encuentro de la ciudadan\u00eda desde su anclaje territorial, con pr\u00e1cticas y expresiones art\u00edsticas que act\u00faen de transductores. Y justamente esto es lo que ocurre con la exposici\u00f3n de Carolina Ag\u00fcero, cuyo trabajo trae al presente cosmogon\u00edas de culturas originarias y que exhibimos aqu\u00ed en el Parque para que las personas puedan remirarse y reflexionar en torno a ellas y entenderlas como parte de nuestro patrimonio\u201d.<\/em>&nbsp;<\/p>\n\n\n\n<p>La exposici\u00f3n \u201cCamino a mis ancestros II\u201d cuenta con acceso liberado, es apta para todas las edades y puede ser visitada de martes a domingo de 10:00 a 13:30 hrs. y de 16:30 a 18:30 hrs. en la Sala Laboratorio, ubicada en el tercer nivel del Edificio de Difusi\u00f3n del PCdV.<\/p>\n","protected":false},"excerpt":{"rendered":"<p>\u201cCamino a mis ancestros II\u201d es la nueva exposici\u00f3n de&nbsp; Carolina Ag\u00fcero, que fue inaugurada el s\u00e1bado 25 de mayo y estar\u00e1 en exhibici\u00f3n de manera gratuita hasta el viernes 21 de junio en el Parque Cultural de Valpara\u00edso (PCdV).&nbsp; La artista visual y fot\u00f3grafa luego de una investigaci\u00f3n vinculada al pueblo Kaw\u00e9sqar en zonas [&hellip;]<\/p>\n","protected":false},"author":1,"featured_media":19459,"comment_status":"closed","ping_status":"closed","sticky":false,"template":"","format":"standard","meta":{"_acf_changed":false,"footnotes":""},"categories":[8],"tags":[],"class_list":["post-19456","post","type-post","status-publish","format-standard","has-post-thumbnail","hentry","category-noticia"],"acf":[],"yoast_head":"<!-- This site is optimized with the Yoast SEO plugin v27.1.1 - https:\/\/yoast.com\/product\/yoast-seo-wordpress\/ -->\n<title>Parque Cultural de Valpara\u00edso exhibe exposici\u00f3n que aborda las culturas originarias del extremo sur de Chile - Valpara\u00ed\u00adso Creativo<\/title>\n<meta name=\"robots\" content=\"index, follow, max-snippet:-1, max-image-preview:large, max-video-preview:-1\" \/>\n<link rel=\"canonical\" href=\"https:\/\/dev.antudigital.cl\/sites\/vc\/parque-cultural-de-valparaiso-exhibe-exposicion-que-aborda-las-culturas-originarias-del-extremo-sur-de-chile\/\" \/>\n<meta property=\"og:locale\" content=\"es_ES\" \/>\n<meta property=\"og:type\" content=\"article\" \/>\n<meta property=\"og:title\" content=\"Parque Cultural de Valpara\u00edso exhibe exposici\u00f3n que aborda las culturas originarias del extremo sur de Chile - Valpara\u00ed\u00adso Creativo\" \/>\n<meta property=\"og:description\" content=\"\u201cCamino a mis ancestros II\u201d es la nueva exposici\u00f3n de&nbsp; Carolina Ag\u00fcero, que fue inaugurada el s\u00e1bado 25 de mayo y estar\u00e1 en exhibici\u00f3n de manera gratuita hasta el viernes 21 de junio en el Parque Cultural de Valpara\u00edso (PCdV).&nbsp; La artista visual y fot\u00f3grafa luego de una investigaci\u00f3n vinculada al pueblo Kaw\u00e9sqar en zonas [&hellip;]\" \/>\n<meta property=\"og:url\" content=\"https:\/\/dev.antudigital.cl\/sites\/vc\/parque-cultural-de-valparaiso-exhibe-exposicion-que-aborda-las-culturas-originarias-del-extremo-sur-de-chile\/\" \/>\n<meta property=\"og:site_name\" content=\"Valpara\u00ed\u00adso Creativo\" \/>\n<meta property=\"article:published_time\" content=\"2024-06-18T13:07:02+00:00\" \/>\n<meta property=\"article:modified_time\" content=\"2024-06-18T13:07:19+00:00\" \/>\n<meta property=\"og:image\" content=\"https:\/\/dev.antudigital.cl\/sites\/vc\/wp-content\/uploads\/2024\/06\/Captura-de-Pantalla-2024-06-18-a-las-09.06.31.png\" \/>\n\t<meta property=\"og:image:width\" content=\"596\" \/>\n\t<meta property=\"og:image:height\" content=\"281\" \/>\n\t<meta property=\"og:image:type\" content=\"image\/png\" \/>\n<meta name=\"author\" content=\"Valpara\u00edso Creativo\" \/>\n<meta name=\"twitter:card\" content=\"summary_large_image\" \/>\n<meta name=\"twitter:label1\" content=\"Escrito por\" \/>\n\t<meta name=\"twitter:data1\" content=\"Valpara\u00edso Creativo\" \/>\n\t<meta name=\"twitter:label2\" content=\"Tiempo de lectura\" \/>\n\t<meta name=\"twitter:data2\" content=\"3 minutos\" \/>\n<script type=\"application\/ld+json\" class=\"yoast-schema-graph\">{\"@context\":\"https:\/\/schema.org\",\"@graph\":[{\"@type\":\"Article\",\"@id\":\"https:\/\/dev.antudigital.cl\/sites\/vc\/parque-cultural-de-valparaiso-exhibe-exposicion-que-aborda-las-culturas-originarias-del-extremo-sur-de-chile\/#article\",\"isPartOf\":{\"@id\":\"https:\/\/dev.antudigital.cl\/sites\/vc\/parque-cultural-de-valparaiso-exhibe-exposicion-que-aborda-las-culturas-originarias-del-extremo-sur-de-chile\/\"},\"author\":{\"name\":\"Valpara\u00edso Creativo\",\"@id\":\"https:\/\/dev.antudigital.cl\/sites\/vc\/#\/schema\/person\/c2b9da8dd545e27166fc5ab232837318\"},\"headline\":\"Parque Cultural de Valpara\u00edso exhibe exposici\u00f3n que aborda las culturas originarias del extremo sur de Chile\",\"datePublished\":\"2024-06-18T13:07:02+00:00\",\"dateModified\":\"2024-06-18T13:07:19+00:00\",\"mainEntityOfPage\":{\"@id\":\"https:\/\/dev.antudigital.cl\/sites\/vc\/parque-cultural-de-valparaiso-exhibe-exposicion-que-aborda-las-culturas-originarias-del-extremo-sur-de-chile\/\"},\"wordCount\":469,\"image\":{\"@id\":\"https:\/\/dev.antudigital.cl\/sites\/vc\/parque-cultural-de-valparaiso-exhibe-exposicion-que-aborda-las-culturas-originarias-del-extremo-sur-de-chile\/#primaryimage\"},\"thumbnailUrl\":\"https:\/\/dev.antudigital.cl\/sites\/vc\/wp-content\/uploads\/2024\/06\/Captura-de-Pantalla-2024-06-18-a-las-09.06.31.png\",\"articleSection\":[\"Noticia\"],\"inLanguage\":\"es\"},{\"@type\":\"WebPage\",\"@id\":\"https:\/\/dev.antudigital.cl\/sites\/vc\/parque-cultural-de-valparaiso-exhibe-exposicion-que-aborda-las-culturas-originarias-del-extremo-sur-de-chile\/\",\"url\":\"https:\/\/dev.antudigital.cl\/sites\/vc\/parque-cultural-de-valparaiso-exhibe-exposicion-que-aborda-las-culturas-originarias-del-extremo-sur-de-chile\/\",\"name\":\"Parque Cultural de Valpara\u00edso exhibe exposici\u00f3n que aborda las culturas originarias del extremo sur de Chile - Valpara\u00ed\u00adso Creativo\",\"isPartOf\":{\"@id\":\"https:\/\/dev.antudigital.cl\/sites\/vc\/#website\"},\"primaryImageOfPage\":{\"@id\":\"https:\/\/dev.antudigital.cl\/sites\/vc\/parque-cultural-de-valparaiso-exhibe-exposicion-que-aborda-las-culturas-originarias-del-extremo-sur-de-chile\/#primaryimage\"},\"image\":{\"@id\":\"https:\/\/dev.antudigital.cl\/sites\/vc\/parque-cultural-de-valparaiso-exhibe-exposicion-que-aborda-las-culturas-originarias-del-extremo-sur-de-chile\/#primaryimage\"},\"thumbnailUrl\":\"https:\/\/dev.antudigital.cl\/sites\/vc\/wp-content\/uploads\/2024\/06\/Captura-de-Pantalla-2024-06-18-a-las-09.06.31.png\",\"datePublished\":\"2024-06-18T13:07:02+00:00\",\"dateModified\":\"2024-06-18T13:07:19+00:00\",\"author\":{\"@id\":\"https:\/\/dev.antudigital.cl\/sites\/vc\/#\/schema\/person\/c2b9da8dd545e27166fc5ab232837318\"},\"breadcrumb\":{\"@id\":\"https:\/\/dev.antudigital.cl\/sites\/vc\/parque-cultural-de-valparaiso-exhibe-exposicion-que-aborda-las-culturas-originarias-del-extremo-sur-de-chile\/#breadcrumb\"},\"inLanguage\":\"es\",\"potentialAction\":[{\"@type\":\"ReadAction\",\"target\":[\"https:\/\/dev.antudigital.cl\/sites\/vc\/parque-cultural-de-valparaiso-exhibe-exposicion-que-aborda-las-culturas-originarias-del-extremo-sur-de-chile\/\"]}]},{\"@type\":\"ImageObject\",\"inLanguage\":\"es\",\"@id\":\"https:\/\/dev.antudigital.cl\/sites\/vc\/parque-cultural-de-valparaiso-exhibe-exposicion-que-aborda-las-culturas-originarias-del-extremo-sur-de-chile\/#primaryimage\",\"url\":\"https:\/\/dev.antudigital.cl\/sites\/vc\/wp-content\/uploads\/2024\/06\/Captura-de-Pantalla-2024-06-18-a-las-09.06.31.png\",\"contentUrl\":\"https:\/\/dev.antudigital.cl\/sites\/vc\/wp-content\/uploads\/2024\/06\/Captura-de-Pantalla-2024-06-18-a-las-09.06.31.png\",\"width\":596,\"height\":281},{\"@type\":\"BreadcrumbList\",\"@id\":\"https:\/\/dev.antudigital.cl\/sites\/vc\/parque-cultural-de-valparaiso-exhibe-exposicion-que-aborda-las-culturas-originarias-del-extremo-sur-de-chile\/#breadcrumb\",\"itemListElement\":[{\"@type\":\"ListItem\",\"position\":1,\"name\":\"Home\",\"item\":\"https:\/\/dev.antudigital.cl\/sites\/vc\/\"},{\"@type\":\"ListItem\",\"position\":2,\"name\":\"Parque Cultural de Valpara\u00edso exhibe exposici\u00f3n que aborda las culturas originarias del extremo sur de Chile\"}]},{\"@type\":\"WebSite\",\"@id\":\"https:\/\/dev.antudigital.cl\/sites\/vc\/#website\",\"url\":\"https:\/\/dev.antudigital.cl\/sites\/vc\/\",\"name\":\"Valpara\u00ed\u00adso Creativo\",\"description\":\"\",\"potentialAction\":[{\"@type\":\"SearchAction\",\"target\":{\"@type\":\"EntryPoint\",\"urlTemplate\":\"https:\/\/dev.antudigital.cl\/sites\/vc\/?s={search_term_string}\"},\"query-input\":{\"@type\":\"PropertyValueSpecification\",\"valueRequired\":true,\"valueName\":\"search_term_string\"}}],\"inLanguage\":\"es\"},{\"@type\":\"Person\",\"@id\":\"https:\/\/dev.antudigital.cl\/sites\/vc\/#\/schema\/person\/c2b9da8dd545e27166fc5ab232837318\",\"name\":\"Valpara\u00edso Creativo\",\"description\":\"Periodista de cultura en la Regi\u00f3n de Valpara\u00edso.\",\"url\":\"https:\/\/dev.antudigital.cl\/sites\/vc\/author\/valpoadmin\/\"}]}<\/script>\n<!-- \/ Yoast SEO plugin. -->","yoast_head_json":{"title":"Parque Cultural de Valpara\u00edso exhibe exposici\u00f3n que aborda las culturas originarias del extremo sur de Chile - Valpara\u00ed\u00adso Creativo","robots":{"index":"index","follow":"follow","max-snippet":"max-snippet:-1","max-image-preview":"max-image-preview:large","max-video-preview":"max-video-preview:-1"},"canonical":"https:\/\/dev.antudigital.cl\/sites\/vc\/parque-cultural-de-valparaiso-exhibe-exposicion-que-aborda-las-culturas-originarias-del-extremo-sur-de-chile\/","og_locale":"es_ES","og_type":"article","og_title":"Parque Cultural de Valpara\u00edso exhibe exposici\u00f3n que aborda las culturas originarias del extremo sur de Chile - Valpara\u00ed\u00adso Creativo","og_description":"\u201cCamino a mis ancestros II\u201d es la nueva exposici\u00f3n de&nbsp; Carolina Ag\u00fcero, que fue inaugurada el s\u00e1bado 25 de mayo y estar\u00e1 en exhibici\u00f3n de manera gratuita hasta el viernes 21 de junio en el Parque Cultural de Valpara\u00edso (PCdV).&nbsp; La artista visual y fot\u00f3grafa luego de una investigaci\u00f3n vinculada al pueblo Kaw\u00e9sqar en zonas [&hellip;]","og_url":"https:\/\/dev.antudigital.cl\/sites\/vc\/parque-cultural-de-valparaiso-exhibe-exposicion-que-aborda-las-culturas-originarias-del-extremo-sur-de-chile\/","og_site_name":"Valpara\u00ed\u00adso Creativo","article_published_time":"2024-06-18T13:07:02+00:00","article_modified_time":"2024-06-18T13:07:19+00:00","og_image":[{"width":596,"height":281,"url":"https:\/\/dev.antudigital.cl\/sites\/vc\/wp-content\/uploads\/2024\/06\/Captura-de-Pantalla-2024-06-18-a-las-09.06.31.png","type":"image\/png"}],"author":"Valpara\u00edso Creativo","twitter_card":"summary_large_image","twitter_misc":{"Escrito por":"Valpara\u00edso Creativo","Tiempo de lectura":"3 minutos"},"schema":{"@context":"https:\/\/schema.org","@graph":[{"@type":"Article","@id":"https:\/\/dev.antudigital.cl\/sites\/vc\/parque-cultural-de-valparaiso-exhibe-exposicion-que-aborda-las-culturas-originarias-del-extremo-sur-de-chile\/#article","isPartOf":{"@id":"https:\/\/dev.antudigital.cl\/sites\/vc\/parque-cultural-de-valparaiso-exhibe-exposicion-que-aborda-las-culturas-originarias-del-extremo-sur-de-chile\/"},"author":{"name":"Valpara\u00edso Creativo","@id":"https:\/\/dev.antudigital.cl\/sites\/vc\/#\/schema\/person\/c2b9da8dd545e27166fc5ab232837318"},"headline":"Parque Cultural de Valpara\u00edso exhibe exposici\u00f3n que aborda las culturas originarias del extremo sur de Chile","datePublished":"2024-06-18T13:07:02+00:00","dateModified":"2024-06-18T13:07:19+00:00","mainEntityOfPage":{"@id":"https:\/\/dev.antudigital.cl\/sites\/vc\/parque-cultural-de-valparaiso-exhibe-exposicion-que-aborda-las-culturas-originarias-del-extremo-sur-de-chile\/"},"wordCount":469,"image":{"@id":"https:\/\/dev.antudigital.cl\/sites\/vc\/parque-cultural-de-valparaiso-exhibe-exposicion-que-aborda-las-culturas-originarias-del-extremo-sur-de-chile\/#primaryimage"},"thumbnailUrl":"https:\/\/dev.antudigital.cl\/sites\/vc\/wp-content\/uploads\/2024\/06\/Captura-de-Pantalla-2024-06-18-a-las-09.06.31.png","articleSection":["Noticia"],"inLanguage":"es"},{"@type":"WebPage","@id":"https:\/\/dev.antudigital.cl\/sites\/vc\/parque-cultural-de-valparaiso-exhibe-exposicion-que-aborda-las-culturas-originarias-del-extremo-sur-de-chile\/","url":"https:\/\/dev.antudigital.cl\/sites\/vc\/parque-cultural-de-valparaiso-exhibe-exposicion-que-aborda-las-culturas-originarias-del-extremo-sur-de-chile\/","name":"Parque Cultural de Valpara\u00edso exhibe exposici\u00f3n que aborda las culturas originarias del extremo sur de Chile - Valpara\u00ed\u00adso Creativo","isPartOf":{"@id":"https:\/\/dev.antudigital.cl\/sites\/vc\/#website"},"primaryImageOfPage":{"@id":"https:\/\/dev.antudigital.cl\/sites\/vc\/parque-cultural-de-valparaiso-exhibe-exposicion-que-aborda-las-culturas-originarias-del-extremo-sur-de-chile\/#primaryimage"},"image":{"@id":"https:\/\/dev.antudigital.cl\/sites\/vc\/parque-cultural-de-valparaiso-exhibe-exposicion-que-aborda-las-culturas-originarias-del-extremo-sur-de-chile\/#primaryimage"},"thumbnailUrl":"https:\/\/dev.antudigital.cl\/sites\/vc\/wp-content\/uploads\/2024\/06\/Captura-de-Pantalla-2024-06-18-a-las-09.06.31.png","datePublished":"2024-06-18T13:07:02+00:00","dateModified":"2024-06-18T13:07:19+00:00","author":{"@id":"https:\/\/dev.antudigital.cl\/sites\/vc\/#\/schema\/person\/c2b9da8dd545e27166fc5ab232837318"},"breadcrumb":{"@id":"https:\/\/dev.antudigital.cl\/sites\/vc\/parque-cultural-de-valparaiso-exhibe-exposicion-que-aborda-las-culturas-originarias-del-extremo-sur-de-chile\/#breadcrumb"},"inLanguage":"es","potentialAction":[{"@type":"ReadAction","target":["https:\/\/dev.antudigital.cl\/sites\/vc\/parque-cultural-de-valparaiso-exhibe-exposicion-que-aborda-las-culturas-originarias-del-extremo-sur-de-chile\/"]}]},{"@type":"ImageObject","inLanguage":"es","@id":"https:\/\/dev.antudigital.cl\/sites\/vc\/parque-cultural-de-valparaiso-exhibe-exposicion-que-aborda-las-culturas-originarias-del-extremo-sur-de-chile\/#primaryimage","url":"https:\/\/dev.antudigital.cl\/sites\/vc\/wp-content\/uploads\/2024\/06\/Captura-de-Pantalla-2024-06-18-a-las-09.06.31.png","contentUrl":"https:\/\/dev.antudigital.cl\/sites\/vc\/wp-content\/uploads\/2024\/06\/Captura-de-Pantalla-2024-06-18-a-las-09.06.31.png","width":596,"height":281},{"@type":"BreadcrumbList","@id":"https:\/\/dev.antudigital.cl\/sites\/vc\/parque-cultural-de-valparaiso-exhibe-exposicion-que-aborda-las-culturas-originarias-del-extremo-sur-de-chile\/#breadcrumb","itemListElement":[{"@type":"ListItem","position":1,"name":"Home","item":"https:\/\/dev.antudigital.cl\/sites\/vc\/"},{"@type":"ListItem","position":2,"name":"Parque Cultural de Valpara\u00edso exhibe exposici\u00f3n que aborda las culturas originarias del extremo sur de Chile"}]},{"@type":"WebSite","@id":"https:\/\/dev.antudigital.cl\/sites\/vc\/#website","url":"https:\/\/dev.antudigital.cl\/sites\/vc\/","name":"Valpara\u00ed\u00adso Creativo","description":"","potentialAction":[{"@type":"SearchAction","target":{"@type":"EntryPoint","urlTemplate":"https:\/\/dev.antudigital.cl\/sites\/vc\/?s={search_term_string}"},"query-input":{"@type":"PropertyValueSpecification","valueRequired":true,"valueName":"search_term_string"}}],"inLanguage":"es"},{"@type":"Person","@id":"https:\/\/dev.antudigital.cl\/sites\/vc\/#\/schema\/person\/c2b9da8dd545e27166fc5ab232837318","name":"Valpara\u00edso Creativo","description":"Periodista de cultura en la Regi\u00f3n de Valpara\u00edso.","url":"https:\/\/dev.antudigital.cl\/sites\/vc\/author\/valpoadmin\/"}]}},"_links":{"self":[{"href":"https:\/\/dev.antudigital.cl\/sites\/vc\/wp-json\/wp\/v2\/posts\/19456","targetHints":{"allow":["GET"]}}],"collection":[{"href":"https:\/\/dev.antudigital.cl\/sites\/vc\/wp-json\/wp\/v2\/posts"}],"about":[{"href":"https:\/\/dev.antudigital.cl\/sites\/vc\/wp-json\/wp\/v2\/types\/post"}],"author":[{"embeddable":true,"href":"https:\/\/dev.antudigital.cl\/sites\/vc\/wp-json\/wp\/v2\/users\/1"}],"replies":[{"embeddable":true,"href":"https:\/\/dev.antudigital.cl\/sites\/vc\/wp-json\/wp\/v2\/comments?post=19456"}],"version-history":[{"count":1,"href":"https:\/\/dev.antudigital.cl\/sites\/vc\/wp-json\/wp\/v2\/posts\/19456\/revisions"}],"predecessor-version":[{"id":19461,"href":"https:\/\/dev.antudigital.cl\/sites\/vc\/wp-json\/wp\/v2\/posts\/19456\/revisions\/19461"}],"wp:featuredmedia":[{"embeddable":true,"href":"https:\/\/dev.antudigital.cl\/sites\/vc\/wp-json\/wp\/v2\/media\/19459"}],"wp:attachment":[{"href":"https:\/\/dev.antudigital.cl\/sites\/vc\/wp-json\/wp\/v2\/media?parent=19456"}],"wp:term":[{"taxonomy":"category","embeddable":true,"href":"https:\/\/dev.antudigital.cl\/sites\/vc\/wp-json\/wp\/v2\/categories?post=19456"},{"taxonomy":"post_tag","embeddable":true,"href":"https:\/\/dev.antudigital.cl\/sites\/vc\/wp-json\/wp\/v2\/tags?post=19456"}],"curies":[{"name":"wp","href":"https:\/\/api.w.org\/{rel}","templated":true}]}}