{"id":19467,"date":"2024-06-21T17:31:59","date_gmt":"2024-06-21T17:31:59","guid":{"rendered":"https:\/\/www.valparaisocreativo.cl\/?p=19467"},"modified":"2024-06-21T18:11:37","modified_gmt":"2024-06-21T18:11:37","slug":"cp-ensamble-ganador-de-premio-pulsar-se-presentara-en-el-parque-cultural-de-valparaiso","status":"publish","type":"post","link":"https:\/\/dev.antudigital.cl\/sites\/vc\/cp-ensamble-ganador-de-premio-pulsar-se-presentara-en-el-parque-cultural-de-valparaiso\/","title":{"rendered":"Ensamble ganador de Premio Pulsar se presentar\u00e1 en el Parque Cultural de Valpara\u00edso"},"content":{"rendered":"\n<p><em>Este s\u00e1bado 22 de junio se presentar\u00e1 en el teatro de la ex c\u00e1rcel la agrupaci\u00f3n Antonio Monasterio Ensamble<\/em><\/p>\n\n\n\n<p>Menos de un a\u00f1o ha transcurrido desde la \u00faltima presentaci\u00f3n de Antonio Monasterio Ensamble en el Teatro del Parque Cultural de Valpara\u00edso (PCdV), en aquel entonces presentaban su segundo LP \u201cLas Furias y el Mar\u201d (Mescalina, 2023) y preparaban su gira a Asia. Este s\u00e1bado 22 de junio, a las 19:00 hrs., regresan a uno de los mejores escenarios que hay para la m\u00fasica y las artes esc\u00e9nicas en el pa\u00eds; y lo hacen con el reconocimiento del medio nacional a dicho \u00e1lbum gracias a la obtenci\u00f3n&nbsp; que les entreg\u00f3 la Sociedad Chilena del Derecho de Autor (SCD) mediante el&nbsp;Premio Pulsar en la categor\u00eda de \u201cMejor artista de jazz fusi\u00f3n\u201d.<\/p>\n\n\n\n<p>Al ser consultado por el concierto que presentar\u00e1n en el teatro de la ex c\u00e1rcel porte\u00f1a,&nbsp;<strong>Antonio Monasterio<\/strong>&nbsp;manifest\u00f3 que&nbsp;<em>\u201cnuestro concierto del s\u00e1bado 22 de junio en el PCdV se enmarca en la celebraci\u00f3n de nuestro premio pulsar al mejor artista de jazz fusi\u00f3n 2024, por tanto principalmente tocaremos m\u00fasicas del \u00e1lbum \u201cLas Furias y el Mar\u201d, disco que recibi\u00f3 el reconocimiento pero tambi\u00e9n algunas de \u201cCentro y Periferia\u201d. nuestro primer \u00e1lbum. Estamos muy felices de tocar nuevamente en el querido PCdV, ya que es el lugar perfecto para el show que presentaremos, con una t\u00e9cnica excelente nos permitir\u00e1 desplegar var\u00edas experiencias para la audiencia, desde show luminico, visuales, etc. Adem\u00e1s contaremos con la presencia de Tom\u00e1s Carrasco y Moa Edmunds, dos tremendos invitados que nos visitan de Nepal, y que fueron parte fundacional del ensamble. Ser\u00e1 una noche con un tono de celebraci\u00f3n con nuestro querido p\u00fablico porte\u00f1o\u201d<\/em>.<\/p>\n\n\n\n<p>En tanto&nbsp;<strong>Erick Fuentes<\/strong>, director ejecutivo (i) del PCdV, se\u00f1al\u00f3&nbsp;<em>\u201cque la primera presentaci\u00f3n de Antonio Monasterio Ensamble luego de haber sido distinguidos con el Premio Pulsar se realice en nuestro teatro, es motivo del buen trabajo que se est\u00e1 realizando. No hay que olvidar que ya tuvimos en la explanada a Manu Chao y La Br\u00edgida Orquesta, banda que tambi\u00e9n se llev\u00f3 un Premio Pulsar este a\u00f1o. Todas estas acciones contribuyen a Valpara\u00edso, en tanto es una \u201cCiudad Creativa de la M\u00fasica\u201d reconocida por la UNESCO. Esperamos que vengan a la Ex C\u00e1rcel a vivir la experiencia de este ensamble representativo del nuevo jazz fusi\u00f3n que hay en el pa\u00eds\u201d.&nbsp;&nbsp;<\/em><\/p>\n\n\n\n<p>Para asistir al concierto solo queda disponible la entrada general cuyo valor es de $12.000 y que puedes comprar en el sitio web&nbsp;<a href=\"http:\/\/www.portalticket.cl\/\" target=\"_blank\" rel=\"noreferrer noopener\">www.portalticket.cl<\/a>&nbsp;o bien adquirir en puerta, en caso de no agotarse antes. El show comienza a las 19:00 hrs. y las puertas abrir\u00e1n a las 18:30 hrs.,&nbsp; el acceso ser\u00e1 por orden de llegada. El teatro de la ex c\u00e1rcel se encuentra en el segundo nivel del Edificio de Difusi\u00f3n del Parque Cultural de Valpara\u00edso, ubicado en la subida Cumming, altura #590, del cerro C\u00e1rcel.<\/p>\n","protected":false},"excerpt":{"rendered":"<p>Este s\u00e1bado 22 de junio se presentar\u00e1 en el teatro de la ex c\u00e1rcel la agrupaci\u00f3n Antonio Monasterio Ensamble Menos de un a\u00f1o ha transcurrido desde la \u00faltima presentaci\u00f3n de Antonio Monasterio Ensamble en el Teatro del Parque Cultural de Valpara\u00edso (PCdV), en aquel entonces presentaban su segundo LP \u201cLas Furias y el Mar\u201d (Mescalina, [&hellip;]<\/p>\n","protected":false},"author":1,"featured_media":19469,"comment_status":"closed","ping_status":"closed","sticky":false,"template":"","format":"standard","meta":{"_acf_changed":false,"footnotes":""},"categories":[8],"tags":[],"class_list":["post-19467","post","type-post","status-publish","format-standard","has-post-thumbnail","hentry","category-noticia"],"acf":[],"yoast_head":"<!-- This site is optimized with the Yoast SEO plugin v27.1.1 - https:\/\/yoast.com\/product\/yoast-seo-wordpress\/ -->\n<title>Ensamble ganador de Premio Pulsar se presentar\u00e1 en el Parque Cultural de Valpara\u00edso - Valpara\u00ed\u00adso Creativo<\/title>\n<meta name=\"robots\" content=\"index, follow, max-snippet:-1, max-image-preview:large, max-video-preview:-1\" \/>\n<link rel=\"canonical\" href=\"https:\/\/dev.antudigital.cl\/sites\/vc\/cp-ensamble-ganador-de-premio-pulsar-se-presentara-en-el-parque-cultural-de-valparaiso\/\" \/>\n<meta property=\"og:locale\" content=\"es_ES\" \/>\n<meta property=\"og:type\" content=\"article\" \/>\n<meta property=\"og:title\" content=\"Ensamble ganador de Premio Pulsar se presentar\u00e1 en el Parque Cultural de Valpara\u00edso - Valpara\u00ed\u00adso Creativo\" \/>\n<meta property=\"og:description\" content=\"Este s\u00e1bado 22 de junio se presentar\u00e1 en el teatro de la ex c\u00e1rcel la agrupaci\u00f3n Antonio Monasterio Ensamble Menos de un a\u00f1o ha transcurrido desde la \u00faltima presentaci\u00f3n de Antonio Monasterio Ensamble en el Teatro del Parque Cultural de Valpara\u00edso (PCdV), en aquel entonces presentaban su segundo LP \u201cLas Furias y el Mar\u201d (Mescalina, [&hellip;]\" \/>\n<meta property=\"og:url\" content=\"https:\/\/dev.antudigital.cl\/sites\/vc\/cp-ensamble-ganador-de-premio-pulsar-se-presentara-en-el-parque-cultural-de-valparaiso\/\" \/>\n<meta property=\"og:site_name\" content=\"Valpara\u00ed\u00adso Creativo\" \/>\n<meta property=\"article:published_time\" content=\"2024-06-21T17:31:59+00:00\" \/>\n<meta property=\"article:modified_time\" content=\"2024-06-21T18:11:37+00:00\" \/>\n<meta property=\"og:image\" content=\"https:\/\/dev.antudigital.cl\/sites\/vc\/wp-content\/uploads\/2024\/06\/unnamed.jpeg\" \/>\n\t<meta property=\"og:image:width\" content=\"1080\" \/>\n\t<meta property=\"og:image:height\" content=\"1080\" \/>\n\t<meta property=\"og:image:type\" content=\"image\/jpeg\" \/>\n<meta name=\"author\" content=\"Valpara\u00edso Creativo\" \/>\n<meta name=\"twitter:card\" content=\"summary_large_image\" \/>\n<meta name=\"twitter:label1\" content=\"Escrito por\" \/>\n\t<meta name=\"twitter:data1\" content=\"Valpara\u00edso Creativo\" \/>\n\t<meta name=\"twitter:label2\" content=\"Tiempo de lectura\" \/>\n\t<meta name=\"twitter:data2\" content=\"3 minutos\" \/>\n<script type=\"application\/ld+json\" class=\"yoast-schema-graph\">{\"@context\":\"https:\/\/schema.org\",\"@graph\":[{\"@type\":\"Article\",\"@id\":\"https:\/\/dev.antudigital.cl\/sites\/vc\/cp-ensamble-ganador-de-premio-pulsar-se-presentara-en-el-parque-cultural-de-valparaiso\/#article\",\"isPartOf\":{\"@id\":\"https:\/\/dev.antudigital.cl\/sites\/vc\/cp-ensamble-ganador-de-premio-pulsar-se-presentara-en-el-parque-cultural-de-valparaiso\/\"},\"author\":{\"name\":\"Valpara\u00edso Creativo\",\"@id\":\"https:\/\/dev.antudigital.cl\/sites\/vc\/#\/schema\/person\/c2b9da8dd545e27166fc5ab232837318\"},\"headline\":\"Ensamble ganador de Premio Pulsar se presentar\u00e1 en el Parque Cultural de Valpara\u00edso\",\"datePublished\":\"2024-06-21T17:31:59+00:00\",\"dateModified\":\"2024-06-21T18:11:37+00:00\",\"mainEntityOfPage\":{\"@id\":\"https:\/\/dev.antudigital.cl\/sites\/vc\/cp-ensamble-ganador-de-premio-pulsar-se-presentara-en-el-parque-cultural-de-valparaiso\/\"},\"wordCount\":540,\"image\":{\"@id\":\"https:\/\/dev.antudigital.cl\/sites\/vc\/cp-ensamble-ganador-de-premio-pulsar-se-presentara-en-el-parque-cultural-de-valparaiso\/#primaryimage\"},\"thumbnailUrl\":\"https:\/\/dev.antudigital.cl\/sites\/vc\/wp-content\/uploads\/2024\/06\/unnamed.jpeg\",\"articleSection\":[\"Noticia\"],\"inLanguage\":\"es\"},{\"@type\":\"WebPage\",\"@id\":\"https:\/\/dev.antudigital.cl\/sites\/vc\/cp-ensamble-ganador-de-premio-pulsar-se-presentara-en-el-parque-cultural-de-valparaiso\/\",\"url\":\"https:\/\/dev.antudigital.cl\/sites\/vc\/cp-ensamble-ganador-de-premio-pulsar-se-presentara-en-el-parque-cultural-de-valparaiso\/\",\"name\":\"Ensamble ganador de Premio Pulsar se presentar\u00e1 en el Parque Cultural de Valpara\u00edso - Valpara\u00ed\u00adso Creativo\",\"isPartOf\":{\"@id\":\"https:\/\/dev.antudigital.cl\/sites\/vc\/#website\"},\"primaryImageOfPage\":{\"@id\":\"https:\/\/dev.antudigital.cl\/sites\/vc\/cp-ensamble-ganador-de-premio-pulsar-se-presentara-en-el-parque-cultural-de-valparaiso\/#primaryimage\"},\"image\":{\"@id\":\"https:\/\/dev.antudigital.cl\/sites\/vc\/cp-ensamble-ganador-de-premio-pulsar-se-presentara-en-el-parque-cultural-de-valparaiso\/#primaryimage\"},\"thumbnailUrl\":\"https:\/\/dev.antudigital.cl\/sites\/vc\/wp-content\/uploads\/2024\/06\/unnamed.jpeg\",\"datePublished\":\"2024-06-21T17:31:59+00:00\",\"dateModified\":\"2024-06-21T18:11:37+00:00\",\"author\":{\"@id\":\"https:\/\/dev.antudigital.cl\/sites\/vc\/#\/schema\/person\/c2b9da8dd545e27166fc5ab232837318\"},\"breadcrumb\":{\"@id\":\"https:\/\/dev.antudigital.cl\/sites\/vc\/cp-ensamble-ganador-de-premio-pulsar-se-presentara-en-el-parque-cultural-de-valparaiso\/#breadcrumb\"},\"inLanguage\":\"es\",\"potentialAction\":[{\"@type\":\"ReadAction\",\"target\":[\"https:\/\/dev.antudigital.cl\/sites\/vc\/cp-ensamble-ganador-de-premio-pulsar-se-presentara-en-el-parque-cultural-de-valparaiso\/\"]}]},{\"@type\":\"ImageObject\",\"inLanguage\":\"es\",\"@id\":\"https:\/\/dev.antudigital.cl\/sites\/vc\/cp-ensamble-ganador-de-premio-pulsar-se-presentara-en-el-parque-cultural-de-valparaiso\/#primaryimage\",\"url\":\"https:\/\/dev.antudigital.cl\/sites\/vc\/wp-content\/uploads\/2024\/06\/unnamed.jpeg\",\"contentUrl\":\"https:\/\/dev.antudigital.cl\/sites\/vc\/wp-content\/uploads\/2024\/06\/unnamed.jpeg\",\"width\":1080,\"height\":1080},{\"@type\":\"BreadcrumbList\",\"@id\":\"https:\/\/dev.antudigital.cl\/sites\/vc\/cp-ensamble-ganador-de-premio-pulsar-se-presentara-en-el-parque-cultural-de-valparaiso\/#breadcrumb\",\"itemListElement\":[{\"@type\":\"ListItem\",\"position\":1,\"name\":\"Home\",\"item\":\"https:\/\/dev.antudigital.cl\/sites\/vc\/\"},{\"@type\":\"ListItem\",\"position\":2,\"name\":\"Ensamble ganador de Premio Pulsar se presentar\u00e1 en el Parque Cultural de Valpara\u00edso\"}]},{\"@type\":\"WebSite\",\"@id\":\"https:\/\/dev.antudigital.cl\/sites\/vc\/#website\",\"url\":\"https:\/\/dev.antudigital.cl\/sites\/vc\/\",\"name\":\"Valpara\u00ed\u00adso Creativo\",\"description\":\"\",\"potentialAction\":[{\"@type\":\"SearchAction\",\"target\":{\"@type\":\"EntryPoint\",\"urlTemplate\":\"https:\/\/dev.antudigital.cl\/sites\/vc\/?s={search_term_string}\"},\"query-input\":{\"@type\":\"PropertyValueSpecification\",\"valueRequired\":true,\"valueName\":\"search_term_string\"}}],\"inLanguage\":\"es\"},{\"@type\":\"Person\",\"@id\":\"https:\/\/dev.antudigital.cl\/sites\/vc\/#\/schema\/person\/c2b9da8dd545e27166fc5ab232837318\",\"name\":\"Valpara\u00edso Creativo\",\"description\":\"Periodista de cultura en la Regi\u00f3n de Valpara\u00edso.\",\"url\":\"https:\/\/dev.antudigital.cl\/sites\/vc\/author\/valpoadmin\/\"}]}<\/script>\n<!-- \/ Yoast SEO plugin. -->","yoast_head_json":{"title":"Ensamble ganador de Premio Pulsar se presentar\u00e1 en el Parque Cultural de Valpara\u00edso - Valpara\u00ed\u00adso Creativo","robots":{"index":"index","follow":"follow","max-snippet":"max-snippet:-1","max-image-preview":"max-image-preview:large","max-video-preview":"max-video-preview:-1"},"canonical":"https:\/\/dev.antudigital.cl\/sites\/vc\/cp-ensamble-ganador-de-premio-pulsar-se-presentara-en-el-parque-cultural-de-valparaiso\/","og_locale":"es_ES","og_type":"article","og_title":"Ensamble ganador de Premio Pulsar se presentar\u00e1 en el Parque Cultural de Valpara\u00edso - Valpara\u00ed\u00adso Creativo","og_description":"Este s\u00e1bado 22 de junio se presentar\u00e1 en el teatro de la ex c\u00e1rcel la agrupaci\u00f3n Antonio Monasterio Ensamble Menos de un a\u00f1o ha transcurrido desde la \u00faltima presentaci\u00f3n de Antonio Monasterio Ensamble en el Teatro del Parque Cultural de Valpara\u00edso (PCdV), en aquel entonces presentaban su segundo LP \u201cLas Furias y el Mar\u201d (Mescalina, [&hellip;]","og_url":"https:\/\/dev.antudigital.cl\/sites\/vc\/cp-ensamble-ganador-de-premio-pulsar-se-presentara-en-el-parque-cultural-de-valparaiso\/","og_site_name":"Valpara\u00ed\u00adso Creativo","article_published_time":"2024-06-21T17:31:59+00:00","article_modified_time":"2024-06-21T18:11:37+00:00","og_image":[{"width":1080,"height":1080,"url":"https:\/\/dev.antudigital.cl\/sites\/vc\/wp-content\/uploads\/2024\/06\/unnamed.jpeg","type":"image\/jpeg"}],"author":"Valpara\u00edso Creativo","twitter_card":"summary_large_image","twitter_misc":{"Escrito por":"Valpara\u00edso Creativo","Tiempo de lectura":"3 minutos"},"schema":{"@context":"https:\/\/schema.org","@graph":[{"@type":"Article","@id":"https:\/\/dev.antudigital.cl\/sites\/vc\/cp-ensamble-ganador-de-premio-pulsar-se-presentara-en-el-parque-cultural-de-valparaiso\/#article","isPartOf":{"@id":"https:\/\/dev.antudigital.cl\/sites\/vc\/cp-ensamble-ganador-de-premio-pulsar-se-presentara-en-el-parque-cultural-de-valparaiso\/"},"author":{"name":"Valpara\u00edso Creativo","@id":"https:\/\/dev.antudigital.cl\/sites\/vc\/#\/schema\/person\/c2b9da8dd545e27166fc5ab232837318"},"headline":"Ensamble ganador de Premio Pulsar se presentar\u00e1 en el Parque Cultural de Valpara\u00edso","datePublished":"2024-06-21T17:31:59+00:00","dateModified":"2024-06-21T18:11:37+00:00","mainEntityOfPage":{"@id":"https:\/\/dev.antudigital.cl\/sites\/vc\/cp-ensamble-ganador-de-premio-pulsar-se-presentara-en-el-parque-cultural-de-valparaiso\/"},"wordCount":540,"image":{"@id":"https:\/\/dev.antudigital.cl\/sites\/vc\/cp-ensamble-ganador-de-premio-pulsar-se-presentara-en-el-parque-cultural-de-valparaiso\/#primaryimage"},"thumbnailUrl":"https:\/\/dev.antudigital.cl\/sites\/vc\/wp-content\/uploads\/2024\/06\/unnamed.jpeg","articleSection":["Noticia"],"inLanguage":"es"},{"@type":"WebPage","@id":"https:\/\/dev.antudigital.cl\/sites\/vc\/cp-ensamble-ganador-de-premio-pulsar-se-presentara-en-el-parque-cultural-de-valparaiso\/","url":"https:\/\/dev.antudigital.cl\/sites\/vc\/cp-ensamble-ganador-de-premio-pulsar-se-presentara-en-el-parque-cultural-de-valparaiso\/","name":"Ensamble ganador de Premio Pulsar se presentar\u00e1 en el Parque Cultural de Valpara\u00edso - Valpara\u00ed\u00adso Creativo","isPartOf":{"@id":"https:\/\/dev.antudigital.cl\/sites\/vc\/#website"},"primaryImageOfPage":{"@id":"https:\/\/dev.antudigital.cl\/sites\/vc\/cp-ensamble-ganador-de-premio-pulsar-se-presentara-en-el-parque-cultural-de-valparaiso\/#primaryimage"},"image":{"@id":"https:\/\/dev.antudigital.cl\/sites\/vc\/cp-ensamble-ganador-de-premio-pulsar-se-presentara-en-el-parque-cultural-de-valparaiso\/#primaryimage"},"thumbnailUrl":"https:\/\/dev.antudigital.cl\/sites\/vc\/wp-content\/uploads\/2024\/06\/unnamed.jpeg","datePublished":"2024-06-21T17:31:59+00:00","dateModified":"2024-06-21T18:11:37+00:00","author":{"@id":"https:\/\/dev.antudigital.cl\/sites\/vc\/#\/schema\/person\/c2b9da8dd545e27166fc5ab232837318"},"breadcrumb":{"@id":"https:\/\/dev.antudigital.cl\/sites\/vc\/cp-ensamble-ganador-de-premio-pulsar-se-presentara-en-el-parque-cultural-de-valparaiso\/#breadcrumb"},"inLanguage":"es","potentialAction":[{"@type":"ReadAction","target":["https:\/\/dev.antudigital.cl\/sites\/vc\/cp-ensamble-ganador-de-premio-pulsar-se-presentara-en-el-parque-cultural-de-valparaiso\/"]}]},{"@type":"ImageObject","inLanguage":"es","@id":"https:\/\/dev.antudigital.cl\/sites\/vc\/cp-ensamble-ganador-de-premio-pulsar-se-presentara-en-el-parque-cultural-de-valparaiso\/#primaryimage","url":"https:\/\/dev.antudigital.cl\/sites\/vc\/wp-content\/uploads\/2024\/06\/unnamed.jpeg","contentUrl":"https:\/\/dev.antudigital.cl\/sites\/vc\/wp-content\/uploads\/2024\/06\/unnamed.jpeg","width":1080,"height":1080},{"@type":"BreadcrumbList","@id":"https:\/\/dev.antudigital.cl\/sites\/vc\/cp-ensamble-ganador-de-premio-pulsar-se-presentara-en-el-parque-cultural-de-valparaiso\/#breadcrumb","itemListElement":[{"@type":"ListItem","position":1,"name":"Home","item":"https:\/\/dev.antudigital.cl\/sites\/vc\/"},{"@type":"ListItem","position":2,"name":"Ensamble ganador de Premio Pulsar se presentar\u00e1 en el Parque Cultural de Valpara\u00edso"}]},{"@type":"WebSite","@id":"https:\/\/dev.antudigital.cl\/sites\/vc\/#website","url":"https:\/\/dev.antudigital.cl\/sites\/vc\/","name":"Valpara\u00ed\u00adso Creativo","description":"","potentialAction":[{"@type":"SearchAction","target":{"@type":"EntryPoint","urlTemplate":"https:\/\/dev.antudigital.cl\/sites\/vc\/?s={search_term_string}"},"query-input":{"@type":"PropertyValueSpecification","valueRequired":true,"valueName":"search_term_string"}}],"inLanguage":"es"},{"@type":"Person","@id":"https:\/\/dev.antudigital.cl\/sites\/vc\/#\/schema\/person\/c2b9da8dd545e27166fc5ab232837318","name":"Valpara\u00edso Creativo","description":"Periodista de cultura en la Regi\u00f3n de Valpara\u00edso.","url":"https:\/\/dev.antudigital.cl\/sites\/vc\/author\/valpoadmin\/"}]}},"_links":{"self":[{"href":"https:\/\/dev.antudigital.cl\/sites\/vc\/wp-json\/wp\/v2\/posts\/19467","targetHints":{"allow":["GET"]}}],"collection":[{"href":"https:\/\/dev.antudigital.cl\/sites\/vc\/wp-json\/wp\/v2\/posts"}],"about":[{"href":"https:\/\/dev.antudigital.cl\/sites\/vc\/wp-json\/wp\/v2\/types\/post"}],"author":[{"embeddable":true,"href":"https:\/\/dev.antudigital.cl\/sites\/vc\/wp-json\/wp\/v2\/users\/1"}],"replies":[{"embeddable":true,"href":"https:\/\/dev.antudigital.cl\/sites\/vc\/wp-json\/wp\/v2\/comments?post=19467"}],"version-history":[{"count":2,"href":"https:\/\/dev.antudigital.cl\/sites\/vc\/wp-json\/wp\/v2\/posts\/19467\/revisions"}],"predecessor-version":[{"id":19476,"href":"https:\/\/dev.antudigital.cl\/sites\/vc\/wp-json\/wp\/v2\/posts\/19467\/revisions\/19476"}],"wp:featuredmedia":[{"embeddable":true,"href":"https:\/\/dev.antudigital.cl\/sites\/vc\/wp-json\/wp\/v2\/media\/19469"}],"wp:attachment":[{"href":"https:\/\/dev.antudigital.cl\/sites\/vc\/wp-json\/wp\/v2\/media?parent=19467"}],"wp:term":[{"taxonomy":"category","embeddable":true,"href":"https:\/\/dev.antudigital.cl\/sites\/vc\/wp-json\/wp\/v2\/categories?post=19467"},{"taxonomy":"post_tag","embeddable":true,"href":"https:\/\/dev.antudigital.cl\/sites\/vc\/wp-json\/wp\/v2\/tags?post=19467"}],"curies":[{"name":"wp","href":"https:\/\/api.w.org\/{rel}","templated":true}]}}