{"id":19477,"date":"2024-06-25T01:56:02","date_gmt":"2024-06-25T01:56:02","guid":{"rendered":"https:\/\/www.valparaisocreativo.cl\/?p=19477"},"modified":"2024-06-25T01:56:22","modified_gmt":"2024-06-25T01:56:22","slug":"arcos-y-valparaiso-creativo-invitan-a-tocatas-junto-al-mar-en-mes-lgbtiqbna","status":"publish","type":"post","link":"https:\/\/dev.antudigital.cl\/sites\/vc\/arcos-y-valparaiso-creativo-invitan-a-tocatas-junto-al-mar-en-mes-lgbtiqbna\/","title":{"rendered":"ARCOS Y VALPARA\u00cdSO CREATIVO INVITAN A \u201cTOCATAS JUNTO AL MAR\u201d EN MES LGBTIQBNA+"},"content":{"rendered":"\n<p>Una nueva tarde de conciertos se tomar\u00e1 el escenario principal del Campus Valpara\u00edso de I.P. ARCOS, en una nueva edici\u00f3n de \u201cTocatas junto al Mar\u201d, esta vez dedicada al Mes del Orgullo. La jornada se llevar\u00e1 a cabo este mi\u00e9rcoles 26 de junio, a las 14:30 horas. En esta oportunidad, se suma al cartel musical la artista interdisciplinaria Araceli Cantora, titulada del Instituto de la carrera de Fotograf\u00eda, quien presentar\u00e1 sus letras po\u00e9ticas que dan visibilidad a luchas sociales, la naturaleza y la comunidad LGBTQ+.<\/p>\n\n\n\n<p>La cantautora estar\u00e1 acompa\u00f1ada de dos exponentes de la Escuela de M\u00fasica y Sonido de ARCOS. \u201cIncinera\u201d, proyecto de trap no binario de Emilix Contreras, estudiante de Composici\u00f3n Musical y Laura Garza, mostrando un d\u00fao anglo con Mart\u00edn Aguilar, provenientes de la misma carrera.&nbsp;<\/p>\n\n\n\n<p>Valpara\u00edso Creativo, como aliado estrat\u00e9gico de I.P. ARCOS, se suma al llamado a asistir a esta instancia y conmemorar tanto la m\u00fasica local como el Mes del Orgullo, entendiendo la importancia de que existan actividades como esta, que abran los espacios y discursos para la amplia diversidad sexual que compone la sociedad. Las presentaciones mencionadas brindan una nueva mirada a trav\u00e9s de la m\u00fasica y letras, que acerca al p\u00fablico a estas tem\u00e1ticas tan contingentes e importantes de abordar. Son espacios clave en una comuna como Valpara\u00edso, Ciudad Creativa de la M\u00fasica, para albergar todas las posibilidades y expresiones.<\/p>\n\n\n\n<p>Araceli Cantora, quien ha irrumpido en la escena local a\u00f1adiendo un toque contempor\u00e1neo al estilo de la nueva trova, agradeci\u00f3 la invitaci\u00f3n e hizo un llamado a la comunidad de ARCOS y Valpara\u00edso a participar del encuentro. <em>\u201cConmemorar nuestro mes es un gesto importante y urgente. Una declaraci\u00f3n t\u00e1cita de que el mundo est\u00e1 cambiando y que las existencias disidentes importan y son protagonistas de esta nueva era\u201d,<\/em> expres\u00f3 la artista.<\/p>\n\n\n\n<p>Representando su proyecto de trap no binario y su \u00faltimo lanzamiento \u201cNi\u00f1e de nadie\u201d, la artista Incinera, realiz\u00f3 una invitaci\u00f3n a disfrutar de las exponentes y representantes de la comunidad LGBTIQBNA+ que debutar\u00e1n en el nuevo ciclo de las tocatas, mientras que Laura Garzo, quien cursa primer a\u00f1o de la carrera de Composici\u00f3n Musical, prepara un repertorio anglo en formato d\u00fao, junto al estudiante de segundo a\u00f1o Mart\u00edn Aguilar.&nbsp;<\/p>\n\n\n\n<p>Por su parte, Araceli Cantora manifest\u00f3 lo importante que es seguir conmemorando esta fecha, reclamando que \u201ctenemos historia, s\u00ed, esa historicidad rigurosa de hechos que modifican sociedades y proponen maneras de vivir. Nosotras las lesbianas, gays, trans\/queer hemos existido y resistido a lo largo de los a\u00f1os, sin importar legalidades ni aplausos. Hemos amado y creado, trabajado y navegado. Hemos sido poetas, ingenieras, doctoras, profesoras y madres. Hemos empu\u00f1ado armas y tambi\u00e9n cultivado la tierra. Hemos entregado nuestra vida a causas sociales mundiales y hemos gritado y celebrado nuestras existencias cada vez que alguien nos intent\u00f3 humillar. Locas, atrevidas, marginales, conscientes e inconscientes. Caminamos dispersas, pero nunca solas por este mundo patriarcal y extractivista que todo reduce. Monocultura asfixiante que fertiliza la creatividad inagotable de todo lo disidente\u201d, coment\u00f3 extendiendo un mensaje de resistencia y apoyo mutuo entre pares.&nbsp;<\/p>\n\n\n\n<p>El nuevo ciclo de Tocatas junto al Mar es organizado por la <a href=\"https:\/\/www.arcos.cl\/escuelas\/escuela-de-sonido-y-musica\/?utm_source=arcos&amp;utm_medium=main_menu\">Escuela de Sonido y M\u00fasica<\/a>, junto a <a href=\"https:\/\/www.arcos.cl\/direccion-de-vinculacion-con-el-medio\/#:~:text=La%20Vinculaci%C3%B3n%20con%20el%20Medio,desde%20la%20visi%C3%B3n%20que%20propone.\">Vinculaci\u00f3n con el Medio<\/a> regional y en esta oportunidad, la colaboraci\u00f3n del <a href=\"https:\/\/www.arcos.cl\/genero-y-diversidad\/?utm_source=arcos&amp;utm_medium=main_menu\">Departamento de G\u00e9nero y Diversidades del Instituto Profesional ARCOS.&nbsp;<\/a><\/p>\n\n\n\n<p><\/p>\n\n\n\n<p><\/p>\n\n\n\n<p><a href=\"https:\/\/docs.google.com\/forms\/d\/e\/1FAIpQLScQKuf8dpvAhdqn4H46_ki6Z6fkoreKitJ-ZnkwoG0OfSFHDQ\/viewform\">Inscr\u00edbete ac\u00e1<\/a><\/p>\n\n\n\n<figure class=\"wp-block-image size-full\"><img fetchpriority=\"high\" decoding=\"async\" width=\"1024\" height=\"1024\" src=\"https:\/\/www.valparaisocreativo.cl\/wp-content\/uploads\/2024\/06\/tocatas-junto-al-mar-con-Araceli-Cantora-1024x1024-1.jpeg\" alt=\"\" class=\"wp-image-19479\" srcset=\"https:\/\/dev.antudigital.cl\/sites\/vc\/wp-content\/uploads\/2024\/06\/tocatas-junto-al-mar-con-Araceli-Cantora-1024x1024-1.jpeg 1024w, https:\/\/dev.antudigital.cl\/sites\/vc\/wp-content\/uploads\/2024\/06\/tocatas-junto-al-mar-con-Araceli-Cantora-1024x1024-1-300x300.jpeg 300w, https:\/\/dev.antudigital.cl\/sites\/vc\/wp-content\/uploads\/2024\/06\/tocatas-junto-al-mar-con-Araceli-Cantora-1024x1024-1-150x150.jpeg 150w, https:\/\/dev.antudigital.cl\/sites\/vc\/wp-content\/uploads\/2024\/06\/tocatas-junto-al-mar-con-Araceli-Cantora-1024x1024-1-768x768.jpeg 768w, https:\/\/dev.antudigital.cl\/sites\/vc\/wp-content\/uploads\/2024\/06\/tocatas-junto-al-mar-con-Araceli-Cantora-1024x1024-1-980x980.jpeg 980w, https:\/\/dev.antudigital.cl\/sites\/vc\/wp-content\/uploads\/2024\/06\/tocatas-junto-al-mar-con-Araceli-Cantora-1024x1024-1-480x480.jpeg 480w, https:\/\/dev.antudigital.cl\/sites\/vc\/wp-content\/uploads\/2024\/06\/tocatas-junto-al-mar-con-Araceli-Cantora-1024x1024-1-24x24.jpeg 24w, https:\/\/dev.antudigital.cl\/sites\/vc\/wp-content\/uploads\/2024\/06\/tocatas-junto-al-mar-con-Araceli-Cantora-1024x1024-1-36x36.jpeg 36w, https:\/\/dev.antudigital.cl\/sites\/vc\/wp-content\/uploads\/2024\/06\/tocatas-junto-al-mar-con-Araceli-Cantora-1024x1024-1-48x48.jpeg 48w\" sizes=\"(max-width: 1024px) 100vw, 1024px\" \/><\/figure>\n","protected":false},"excerpt":{"rendered":"<p>Una nueva tarde de conciertos se tomar\u00e1 el escenario principal del Campus Valpara\u00edso de I.P. ARCOS, en una nueva edici\u00f3n de \u201cTocatas junto al Mar\u201d, esta vez dedicada al Mes del Orgullo. La jornada se llevar\u00e1 a cabo este mi\u00e9rcoles 26 de junio, a las 14:30 horas. En esta oportunidad, se suma al cartel musical [&hellip;]<\/p>\n","protected":false},"author":1,"featured_media":19478,"comment_status":"closed","ping_status":"closed","sticky":false,"template":"","format":"standard","meta":{"_acf_changed":false,"footnotes":""},"categories":[218],"tags":[],"class_list":["post-19477","post","type-post","status-publish","format-standard","has-post-thumbnail","hentry","category-blog"],"acf":[],"yoast_head":"<!-- This site is optimized with the Yoast SEO plugin v27.1.1 - https:\/\/yoast.com\/product\/yoast-seo-wordpress\/ -->\n<title>ARCOS Y VALPARA\u00cdSO CREATIVO INVITAN A \u201cTOCATAS JUNTO AL MAR\u201d EN MES LGBTIQBNA+ - Valpara\u00ed\u00adso Creativo<\/title>\n<meta name=\"robots\" content=\"index, follow, max-snippet:-1, max-image-preview:large, max-video-preview:-1\" \/>\n<link rel=\"canonical\" href=\"https:\/\/dev.antudigital.cl\/sites\/vc\/arcos-y-valparaiso-creativo-invitan-a-tocatas-junto-al-mar-en-mes-lgbtiqbna\/\" \/>\n<meta property=\"og:locale\" content=\"es_ES\" \/>\n<meta property=\"og:type\" content=\"article\" \/>\n<meta property=\"og:title\" content=\"ARCOS Y VALPARA\u00cdSO CREATIVO INVITAN A \u201cTOCATAS JUNTO AL MAR\u201d EN MES LGBTIQBNA+ - Valpara\u00ed\u00adso Creativo\" \/>\n<meta property=\"og:description\" content=\"Una nueva tarde de conciertos se tomar\u00e1 el escenario principal del Campus Valpara\u00edso de I.P. ARCOS, en una nueva edici\u00f3n de \u201cTocatas junto al Mar\u201d, esta vez dedicada al Mes del Orgullo. La jornada se llevar\u00e1 a cabo este mi\u00e9rcoles 26 de junio, a las 14:30 horas. En esta oportunidad, se suma al cartel musical [&hellip;]\" \/>\n<meta property=\"og:url\" content=\"https:\/\/dev.antudigital.cl\/sites\/vc\/arcos-y-valparaiso-creativo-invitan-a-tocatas-junto-al-mar-en-mes-lgbtiqbna\/\" \/>\n<meta property=\"og:site_name\" content=\"Valpara\u00ed\u00adso Creativo\" \/>\n<meta property=\"article:published_time\" content=\"2024-06-25T01:56:02+00:00\" \/>\n<meta property=\"article:modified_time\" content=\"2024-06-25T01:56:22+00:00\" \/>\n<meta property=\"og:image\" content=\"https:\/\/dev.antudigital.cl\/sites\/vc\/wp-content\/uploads\/2024\/06\/Captura-de-Pantalla-2024-06-24-a-las-21.52.09.png\" \/>\n\t<meta property=\"og:image:width\" content=\"895\" \/>\n\t<meta property=\"og:image:height\" content=\"539\" \/>\n\t<meta property=\"og:image:type\" content=\"image\/png\" \/>\n<meta name=\"author\" content=\"Valpara\u00edso Creativo\" \/>\n<meta name=\"twitter:card\" content=\"summary_large_image\" \/>\n<meta name=\"twitter:label1\" content=\"Escrito por\" \/>\n\t<meta name=\"twitter:data1\" content=\"Valpara\u00edso Creativo\" \/>\n\t<meta name=\"twitter:label2\" content=\"Tiempo de lectura\" \/>\n\t<meta name=\"twitter:data2\" content=\"3 minutos\" \/>\n<script type=\"application\/ld+json\" class=\"yoast-schema-graph\">{\"@context\":\"https:\/\/schema.org\",\"@graph\":[{\"@type\":\"Article\",\"@id\":\"https:\/\/dev.antudigital.cl\/sites\/vc\/arcos-y-valparaiso-creativo-invitan-a-tocatas-junto-al-mar-en-mes-lgbtiqbna\/#article\",\"isPartOf\":{\"@id\":\"https:\/\/dev.antudigital.cl\/sites\/vc\/arcos-y-valparaiso-creativo-invitan-a-tocatas-junto-al-mar-en-mes-lgbtiqbna\/\"},\"author\":{\"name\":\"Valpara\u00edso Creativo\",\"@id\":\"https:\/\/dev.antudigital.cl\/sites\/vc\/#\/schema\/person\/c2b9da8dd545e27166fc5ab232837318\"},\"headline\":\"ARCOS Y VALPARA\u00cdSO CREATIVO INVITAN A \u201cTOCATAS JUNTO AL MAR\u201d EN MES LGBTIQBNA+\",\"datePublished\":\"2024-06-25T01:56:02+00:00\",\"dateModified\":\"2024-06-25T01:56:22+00:00\",\"mainEntityOfPage\":{\"@id\":\"https:\/\/dev.antudigital.cl\/sites\/vc\/arcos-y-valparaiso-creativo-invitan-a-tocatas-junto-al-mar-en-mes-lgbtiqbna\/\"},\"wordCount\":609,\"image\":{\"@id\":\"https:\/\/dev.antudigital.cl\/sites\/vc\/arcos-y-valparaiso-creativo-invitan-a-tocatas-junto-al-mar-en-mes-lgbtiqbna\/#primaryimage\"},\"thumbnailUrl\":\"https:\/\/dev.antudigital.cl\/sites\/vc\/wp-content\/uploads\/2024\/06\/Captura-de-Pantalla-2024-06-24-a-las-21.52.09.png\",\"articleSection\":[\"Blog\"],\"inLanguage\":\"es\"},{\"@type\":\"WebPage\",\"@id\":\"https:\/\/dev.antudigital.cl\/sites\/vc\/arcos-y-valparaiso-creativo-invitan-a-tocatas-junto-al-mar-en-mes-lgbtiqbna\/\",\"url\":\"https:\/\/dev.antudigital.cl\/sites\/vc\/arcos-y-valparaiso-creativo-invitan-a-tocatas-junto-al-mar-en-mes-lgbtiqbna\/\",\"name\":\"ARCOS Y VALPARA\u00cdSO CREATIVO INVITAN A \u201cTOCATAS JUNTO AL MAR\u201d EN MES LGBTIQBNA+ - Valpara\u00ed\u00adso Creativo\",\"isPartOf\":{\"@id\":\"https:\/\/dev.antudigital.cl\/sites\/vc\/#website\"},\"primaryImageOfPage\":{\"@id\":\"https:\/\/dev.antudigital.cl\/sites\/vc\/arcos-y-valparaiso-creativo-invitan-a-tocatas-junto-al-mar-en-mes-lgbtiqbna\/#primaryimage\"},\"image\":{\"@id\":\"https:\/\/dev.antudigital.cl\/sites\/vc\/arcos-y-valparaiso-creativo-invitan-a-tocatas-junto-al-mar-en-mes-lgbtiqbna\/#primaryimage\"},\"thumbnailUrl\":\"https:\/\/dev.antudigital.cl\/sites\/vc\/wp-content\/uploads\/2024\/06\/Captura-de-Pantalla-2024-06-24-a-las-21.52.09.png\",\"datePublished\":\"2024-06-25T01:56:02+00:00\",\"dateModified\":\"2024-06-25T01:56:22+00:00\",\"author\":{\"@id\":\"https:\/\/dev.antudigital.cl\/sites\/vc\/#\/schema\/person\/c2b9da8dd545e27166fc5ab232837318\"},\"breadcrumb\":{\"@id\":\"https:\/\/dev.antudigital.cl\/sites\/vc\/arcos-y-valparaiso-creativo-invitan-a-tocatas-junto-al-mar-en-mes-lgbtiqbna\/#breadcrumb\"},\"inLanguage\":\"es\",\"potentialAction\":[{\"@type\":\"ReadAction\",\"target\":[\"https:\/\/dev.antudigital.cl\/sites\/vc\/arcos-y-valparaiso-creativo-invitan-a-tocatas-junto-al-mar-en-mes-lgbtiqbna\/\"]}]},{\"@type\":\"ImageObject\",\"inLanguage\":\"es\",\"@id\":\"https:\/\/dev.antudigital.cl\/sites\/vc\/arcos-y-valparaiso-creativo-invitan-a-tocatas-junto-al-mar-en-mes-lgbtiqbna\/#primaryimage\",\"url\":\"https:\/\/dev.antudigital.cl\/sites\/vc\/wp-content\/uploads\/2024\/06\/Captura-de-Pantalla-2024-06-24-a-las-21.52.09.png\",\"contentUrl\":\"https:\/\/dev.antudigital.cl\/sites\/vc\/wp-content\/uploads\/2024\/06\/Captura-de-Pantalla-2024-06-24-a-las-21.52.09.png\",\"width\":895,\"height\":539},{\"@type\":\"BreadcrumbList\",\"@id\":\"https:\/\/dev.antudigital.cl\/sites\/vc\/arcos-y-valparaiso-creativo-invitan-a-tocatas-junto-al-mar-en-mes-lgbtiqbna\/#breadcrumb\",\"itemListElement\":[{\"@type\":\"ListItem\",\"position\":1,\"name\":\"Home\",\"item\":\"https:\/\/dev.antudigital.cl\/sites\/vc\/\"},{\"@type\":\"ListItem\",\"position\":2,\"name\":\"ARCOS Y VALPARA\u00cdSO CREATIVO INVITAN A \u201cTOCATAS JUNTO AL MAR\u201d EN MES LGBTIQBNA+\"}]},{\"@type\":\"WebSite\",\"@id\":\"https:\/\/dev.antudigital.cl\/sites\/vc\/#website\",\"url\":\"https:\/\/dev.antudigital.cl\/sites\/vc\/\",\"name\":\"Valpara\u00ed\u00adso Creativo\",\"description\":\"\",\"potentialAction\":[{\"@type\":\"SearchAction\",\"target\":{\"@type\":\"EntryPoint\",\"urlTemplate\":\"https:\/\/dev.antudigital.cl\/sites\/vc\/?s={search_term_string}\"},\"query-input\":{\"@type\":\"PropertyValueSpecification\",\"valueRequired\":true,\"valueName\":\"search_term_string\"}}],\"inLanguage\":\"es\"},{\"@type\":\"Person\",\"@id\":\"https:\/\/dev.antudigital.cl\/sites\/vc\/#\/schema\/person\/c2b9da8dd545e27166fc5ab232837318\",\"name\":\"Valpara\u00edso Creativo\",\"description\":\"Periodista de cultura en la Regi\u00f3n de Valpara\u00edso.\",\"url\":\"https:\/\/dev.antudigital.cl\/sites\/vc\/author\/valpoadmin\/\"}]}<\/script>\n<!-- \/ Yoast SEO plugin. -->","yoast_head_json":{"title":"ARCOS Y VALPARA\u00cdSO CREATIVO INVITAN A \u201cTOCATAS JUNTO AL MAR\u201d EN MES LGBTIQBNA+ - Valpara\u00ed\u00adso Creativo","robots":{"index":"index","follow":"follow","max-snippet":"max-snippet:-1","max-image-preview":"max-image-preview:large","max-video-preview":"max-video-preview:-1"},"canonical":"https:\/\/dev.antudigital.cl\/sites\/vc\/arcos-y-valparaiso-creativo-invitan-a-tocatas-junto-al-mar-en-mes-lgbtiqbna\/","og_locale":"es_ES","og_type":"article","og_title":"ARCOS Y VALPARA\u00cdSO CREATIVO INVITAN A \u201cTOCATAS JUNTO AL MAR\u201d EN MES LGBTIQBNA+ - Valpara\u00ed\u00adso Creativo","og_description":"Una nueva tarde de conciertos se tomar\u00e1 el escenario principal del Campus Valpara\u00edso de I.P. ARCOS, en una nueva edici\u00f3n de \u201cTocatas junto al Mar\u201d, esta vez dedicada al Mes del Orgullo. La jornada se llevar\u00e1 a cabo este mi\u00e9rcoles 26 de junio, a las 14:30 horas. En esta oportunidad, se suma al cartel musical [&hellip;]","og_url":"https:\/\/dev.antudigital.cl\/sites\/vc\/arcos-y-valparaiso-creativo-invitan-a-tocatas-junto-al-mar-en-mes-lgbtiqbna\/","og_site_name":"Valpara\u00ed\u00adso Creativo","article_published_time":"2024-06-25T01:56:02+00:00","article_modified_time":"2024-06-25T01:56:22+00:00","og_image":[{"width":895,"height":539,"url":"https:\/\/dev.antudigital.cl\/sites\/vc\/wp-content\/uploads\/2024\/06\/Captura-de-Pantalla-2024-06-24-a-las-21.52.09.png","type":"image\/png"}],"author":"Valpara\u00edso Creativo","twitter_card":"summary_large_image","twitter_misc":{"Escrito por":"Valpara\u00edso Creativo","Tiempo de lectura":"3 minutos"},"schema":{"@context":"https:\/\/schema.org","@graph":[{"@type":"Article","@id":"https:\/\/dev.antudigital.cl\/sites\/vc\/arcos-y-valparaiso-creativo-invitan-a-tocatas-junto-al-mar-en-mes-lgbtiqbna\/#article","isPartOf":{"@id":"https:\/\/dev.antudigital.cl\/sites\/vc\/arcos-y-valparaiso-creativo-invitan-a-tocatas-junto-al-mar-en-mes-lgbtiqbna\/"},"author":{"name":"Valpara\u00edso Creativo","@id":"https:\/\/dev.antudigital.cl\/sites\/vc\/#\/schema\/person\/c2b9da8dd545e27166fc5ab232837318"},"headline":"ARCOS Y VALPARA\u00cdSO CREATIVO INVITAN A \u201cTOCATAS JUNTO AL MAR\u201d EN MES LGBTIQBNA+","datePublished":"2024-06-25T01:56:02+00:00","dateModified":"2024-06-25T01:56:22+00:00","mainEntityOfPage":{"@id":"https:\/\/dev.antudigital.cl\/sites\/vc\/arcos-y-valparaiso-creativo-invitan-a-tocatas-junto-al-mar-en-mes-lgbtiqbna\/"},"wordCount":609,"image":{"@id":"https:\/\/dev.antudigital.cl\/sites\/vc\/arcos-y-valparaiso-creativo-invitan-a-tocatas-junto-al-mar-en-mes-lgbtiqbna\/#primaryimage"},"thumbnailUrl":"https:\/\/dev.antudigital.cl\/sites\/vc\/wp-content\/uploads\/2024\/06\/Captura-de-Pantalla-2024-06-24-a-las-21.52.09.png","articleSection":["Blog"],"inLanguage":"es"},{"@type":"WebPage","@id":"https:\/\/dev.antudigital.cl\/sites\/vc\/arcos-y-valparaiso-creativo-invitan-a-tocatas-junto-al-mar-en-mes-lgbtiqbna\/","url":"https:\/\/dev.antudigital.cl\/sites\/vc\/arcos-y-valparaiso-creativo-invitan-a-tocatas-junto-al-mar-en-mes-lgbtiqbna\/","name":"ARCOS Y VALPARA\u00cdSO CREATIVO INVITAN A \u201cTOCATAS JUNTO AL MAR\u201d EN MES LGBTIQBNA+ - Valpara\u00ed\u00adso Creativo","isPartOf":{"@id":"https:\/\/dev.antudigital.cl\/sites\/vc\/#website"},"primaryImageOfPage":{"@id":"https:\/\/dev.antudigital.cl\/sites\/vc\/arcos-y-valparaiso-creativo-invitan-a-tocatas-junto-al-mar-en-mes-lgbtiqbna\/#primaryimage"},"image":{"@id":"https:\/\/dev.antudigital.cl\/sites\/vc\/arcos-y-valparaiso-creativo-invitan-a-tocatas-junto-al-mar-en-mes-lgbtiqbna\/#primaryimage"},"thumbnailUrl":"https:\/\/dev.antudigital.cl\/sites\/vc\/wp-content\/uploads\/2024\/06\/Captura-de-Pantalla-2024-06-24-a-las-21.52.09.png","datePublished":"2024-06-25T01:56:02+00:00","dateModified":"2024-06-25T01:56:22+00:00","author":{"@id":"https:\/\/dev.antudigital.cl\/sites\/vc\/#\/schema\/person\/c2b9da8dd545e27166fc5ab232837318"},"breadcrumb":{"@id":"https:\/\/dev.antudigital.cl\/sites\/vc\/arcos-y-valparaiso-creativo-invitan-a-tocatas-junto-al-mar-en-mes-lgbtiqbna\/#breadcrumb"},"inLanguage":"es","potentialAction":[{"@type":"ReadAction","target":["https:\/\/dev.antudigital.cl\/sites\/vc\/arcos-y-valparaiso-creativo-invitan-a-tocatas-junto-al-mar-en-mes-lgbtiqbna\/"]}]},{"@type":"ImageObject","inLanguage":"es","@id":"https:\/\/dev.antudigital.cl\/sites\/vc\/arcos-y-valparaiso-creativo-invitan-a-tocatas-junto-al-mar-en-mes-lgbtiqbna\/#primaryimage","url":"https:\/\/dev.antudigital.cl\/sites\/vc\/wp-content\/uploads\/2024\/06\/Captura-de-Pantalla-2024-06-24-a-las-21.52.09.png","contentUrl":"https:\/\/dev.antudigital.cl\/sites\/vc\/wp-content\/uploads\/2024\/06\/Captura-de-Pantalla-2024-06-24-a-las-21.52.09.png","width":895,"height":539},{"@type":"BreadcrumbList","@id":"https:\/\/dev.antudigital.cl\/sites\/vc\/arcos-y-valparaiso-creativo-invitan-a-tocatas-junto-al-mar-en-mes-lgbtiqbna\/#breadcrumb","itemListElement":[{"@type":"ListItem","position":1,"name":"Home","item":"https:\/\/dev.antudigital.cl\/sites\/vc\/"},{"@type":"ListItem","position":2,"name":"ARCOS Y VALPARA\u00cdSO CREATIVO INVITAN A \u201cTOCATAS JUNTO AL MAR\u201d EN MES LGBTIQBNA+"}]},{"@type":"WebSite","@id":"https:\/\/dev.antudigital.cl\/sites\/vc\/#website","url":"https:\/\/dev.antudigital.cl\/sites\/vc\/","name":"Valpara\u00ed\u00adso Creativo","description":"","potentialAction":[{"@type":"SearchAction","target":{"@type":"EntryPoint","urlTemplate":"https:\/\/dev.antudigital.cl\/sites\/vc\/?s={search_term_string}"},"query-input":{"@type":"PropertyValueSpecification","valueRequired":true,"valueName":"search_term_string"}}],"inLanguage":"es"},{"@type":"Person","@id":"https:\/\/dev.antudigital.cl\/sites\/vc\/#\/schema\/person\/c2b9da8dd545e27166fc5ab232837318","name":"Valpara\u00edso Creativo","description":"Periodista de cultura en la Regi\u00f3n de Valpara\u00edso.","url":"https:\/\/dev.antudigital.cl\/sites\/vc\/author\/valpoadmin\/"}]}},"_links":{"self":[{"href":"https:\/\/dev.antudigital.cl\/sites\/vc\/wp-json\/wp\/v2\/posts\/19477","targetHints":{"allow":["GET"]}}],"collection":[{"href":"https:\/\/dev.antudigital.cl\/sites\/vc\/wp-json\/wp\/v2\/posts"}],"about":[{"href":"https:\/\/dev.antudigital.cl\/sites\/vc\/wp-json\/wp\/v2\/types\/post"}],"author":[{"embeddable":true,"href":"https:\/\/dev.antudigital.cl\/sites\/vc\/wp-json\/wp\/v2\/users\/1"}],"replies":[{"embeddable":true,"href":"https:\/\/dev.antudigital.cl\/sites\/vc\/wp-json\/wp\/v2\/comments?post=19477"}],"version-history":[{"count":1,"href":"https:\/\/dev.antudigital.cl\/sites\/vc\/wp-json\/wp\/v2\/posts\/19477\/revisions"}],"predecessor-version":[{"id":19480,"href":"https:\/\/dev.antudigital.cl\/sites\/vc\/wp-json\/wp\/v2\/posts\/19477\/revisions\/19480"}],"wp:featuredmedia":[{"embeddable":true,"href":"https:\/\/dev.antudigital.cl\/sites\/vc\/wp-json\/wp\/v2\/media\/19478"}],"wp:attachment":[{"href":"https:\/\/dev.antudigital.cl\/sites\/vc\/wp-json\/wp\/v2\/media?parent=19477"}],"wp:term":[{"taxonomy":"category","embeddable":true,"href":"https:\/\/dev.antudigital.cl\/sites\/vc\/wp-json\/wp\/v2\/categories?post=19477"},{"taxonomy":"post_tag","embeddable":true,"href":"https:\/\/dev.antudigital.cl\/sites\/vc\/wp-json\/wp\/v2\/tags?post=19477"}],"curies":[{"name":"wp","href":"https:\/\/api.w.org\/{rel}","templated":true}]}}