{"id":19481,"date":"2024-06-25T03:06:09","date_gmt":"2024-06-25T03:06:09","guid":{"rendered":"https:\/\/www.valparaisocreativo.cl\/?p=19481"},"modified":"2024-06-25T17:38:26","modified_gmt":"2024-06-25T17:38:26","slug":"el-cine-es-un-vehiculo-para-hablar-de-la-realidad","status":"publish","type":"post","link":"https:\/\/dev.antudigital.cl\/sites\/vc\/el-cine-es-un-vehiculo-para-hablar-de-la-realidad\/","title":{"rendered":"\u201cEl cine es un veh\u00edculo para hablar de la realidad\u201d"},"content":{"rendered":"\n<p>Nos encontramos en el punto \u00e1lgido de la ciudad, m\u00e1s espec\u00edficamente en Casaplan, su caf\u00e9. Adentro parece no importar el correr de las micros y el bullicio de la calle. Los meseros se mueven \u00e1giles, pero de todos modos tienen un ritmo pausado. Es el puerto, dicen. Tiene su ritmo. Su comp\u00e1s, su son.<\/p>\n\n\n\n<p>Ingreso al rect\u00e1ngulo iluminado, desde cuya esquina me saludan. No sab\u00eda qu\u00e9 caras buscar, eso pasa mucho con las entrevistas, una no siempre sabe c\u00f3mo se ve la otra persona antes de ir a hacerle preguntas. Sensaci\u00f3n extra\u00f1a. Avanzo y animados me saludan An\u00edbal Jofr\u00e9 y Felipe Morgado, con quienes hab\u00eda intercambiado unos correos y WhatsApp minutos antes, mientras bajaba por el ascensor (que tambi\u00e9n toma su tiempo).<\/p>\n\n\n\n<figure class=\"wp-block-image size-large\"><img fetchpriority=\"high\" decoding=\"async\" width=\"1024\" height=\"769\" src=\"https:\/\/www.valparaisocreativo.cl\/wp-content\/uploads\/2024\/06\/IMG_6972-1024x769.jpg\" alt=\"\" class=\"wp-image-19524\" srcset=\"https:\/\/dev.antudigital.cl\/sites\/vc\/wp-content\/uploads\/2024\/06\/IMG_6972-1024x769.jpg 1024w, https:\/\/dev.antudigital.cl\/sites\/vc\/wp-content\/uploads\/2024\/06\/IMG_6972-300x225.jpg 300w, https:\/\/dev.antudigital.cl\/sites\/vc\/wp-content\/uploads\/2024\/06\/IMG_6972-768x577.jpg 768w, https:\/\/dev.antudigital.cl\/sites\/vc\/wp-content\/uploads\/2024\/06\/IMG_6972-1536x1154.jpg 1536w, https:\/\/dev.antudigital.cl\/sites\/vc\/wp-content\/uploads\/2024\/06\/IMG_6972-2048x1539.jpg 2048w, https:\/\/dev.antudigital.cl\/sites\/vc\/wp-content\/uploads\/2024\/06\/IMG_6972-510x382.jpg 510w, https:\/\/dev.antudigital.cl\/sites\/vc\/wp-content\/uploads\/2024\/06\/IMG_6972-1080x811.jpg 1080w, https:\/\/dev.antudigital.cl\/sites\/vc\/wp-content\/uploads\/2024\/06\/IMG_6972-1280x962.jpg 1280w, https:\/\/dev.antudigital.cl\/sites\/vc\/wp-content\/uploads\/2024\/06\/IMG_6972-980x736.jpg 980w, https:\/\/dev.antudigital.cl\/sites\/vc\/wp-content\/uploads\/2024\/06\/IMG_6972-480x361.jpg 480w, https:\/\/dev.antudigital.cl\/sites\/vc\/wp-content\/uploads\/2024\/06\/IMG_6972-24x18.jpg 24w, https:\/\/dev.antudigital.cl\/sites\/vc\/wp-content\/uploads\/2024\/06\/IMG_6972-36x27.jpg 36w, https:\/\/dev.antudigital.cl\/sites\/vc\/wp-content\/uploads\/2024\/06\/IMG_6972-48x36.jpg 48w\" sizes=\"(max-width: 1024px) 100vw, 1024px\" \/><\/figure>\n\n\n\n<p>Las entrevistas son a veces muy directas y otras veces tienen la singularidad de ser oportunidades m\u00e1s distendidas, donde una puede hablar y conocer m\u00e1s al otro, darse el tiempo para conectar, aunque sea dif\u00edcil. Comenzamos hablando entonces de d\u00f3nde vengo y qu\u00e9 hacemos. Mientras lo hago, encontramos puntos en com\u00fan, m\u00e1s bien gente que conocemos y eso hace que todo fluya distinto. \u201cQu\u00e9 chico el mundo\u201d, pensamos.<\/p>\n\n\n\n<p>An\u00edbal Jofr\u00e9 (34) es director y guionista de cine y docente en Santiago y Valpara\u00edso. Descubrimos que tenemos amigos compartidos, con Felipe Morgado, productor (32) tambi\u00e9n, quien es de y reside en Quilpu\u00e9. Con ambos nos sentamos a tomar un caf\u00e9 a mediod\u00eda para hablar de este proyecto que los tuvo en Insomnia Teatro Condell estrenando el pasado martes 18 de junio con Pampas Marcianas, un docu-ficci\u00f3n que aprovecha el humor como excusa para mostrar una invisibilizada realidad.<\/p>\n\n\n\n<figure class=\"wp-block-image size-large\"><img decoding=\"async\" width=\"878\" height=\"1024\" src=\"https:\/\/www.valparaisocreativo.cl\/wp-content\/uploads\/2024\/06\/anibal-jofre-director-878x1024.jpg\" alt=\"\" class=\"wp-image-19486\" srcset=\"https:\/\/dev.antudigital.cl\/sites\/vc\/wp-content\/uploads\/2024\/06\/anibal-jofre-director-878x1024.jpg 878w, https:\/\/dev.antudigital.cl\/sites\/vc\/wp-content\/uploads\/2024\/06\/anibal-jofre-director-257x300.jpg 257w, https:\/\/dev.antudigital.cl\/sites\/vc\/wp-content\/uploads\/2024\/06\/anibal-jofre-director-768x896.jpg 768w, https:\/\/dev.antudigital.cl\/sites\/vc\/wp-content\/uploads\/2024\/06\/anibal-jofre-director-1316x1536.jpg 1316w, https:\/\/dev.antudigital.cl\/sites\/vc\/wp-content\/uploads\/2024\/06\/anibal-jofre-director-1755x2048.jpg 1755w, https:\/\/dev.antudigital.cl\/sites\/vc\/wp-content\/uploads\/2024\/06\/anibal-jofre-director-1080x1260.jpg 1080w, https:\/\/dev.antudigital.cl\/sites\/vc\/wp-content\/uploads\/2024\/06\/anibal-jofre-director-1280x1494.jpg 1280w, https:\/\/dev.antudigital.cl\/sites\/vc\/wp-content\/uploads\/2024\/06\/anibal-jofre-director-980x1143.jpg 980w, https:\/\/dev.antudigital.cl\/sites\/vc\/wp-content\/uploads\/2024\/06\/anibal-jofre-director-480x560.jpg 480w, https:\/\/dev.antudigital.cl\/sites\/vc\/wp-content\/uploads\/2024\/06\/anibal-jofre-director-21x24.jpg 21w, https:\/\/dev.antudigital.cl\/sites\/vc\/wp-content\/uploads\/2024\/06\/anibal-jofre-director-31x36.jpg 31w, https:\/\/dev.antudigital.cl\/sites\/vc\/wp-content\/uploads\/2024\/06\/anibal-jofre-director-41x48.jpg 41w\" sizes=\"(max-width: 878px) 100vw, 878px\" \/><\/figure>\n\n\n\n<p>Comenzamos hablando de quienes son.<\/p>\n\n\n\n<p>An\u00edbal: Mi primera pel\u00edcula se llama <em>Volant\u00edn Cortado<\/em>. Ambos pertenecemos a un colectivo llamado MAFI, Mapa F\u00edlmico de un Pa\u00eds. Yo entr\u00e9 ah\u00ed para hacerme cargo del \u00e1rea de territorio, que es de donde nace <em>Pampas Macianas<\/em>. MAFI comienza con el proyecto de sus mapas interactivos, y despu\u00e9s esto comienza a ramificarse, dando lugar a otros proyectos tanto con esa propuesta formal como con otras. Dentro del colectivo, empezamos a desarrollar muchos proyectos ligados a la educaci\u00f3n, mediaci\u00f3n y creaci\u00f3n colaborativa. Realizamos varias iniciativas en este \u00e1mbito, y junto con Felipe, comenzamos a participar en un programa de Red Cultura, realizando residencias de arte colaborativo. Dentro de este programa, llevamos a cabo tres residencias en lugares distintos, trabajando de manera independiente. Estas residencias se realizaron en Melipeuco, Mar\u00eda Elena y Cerro Sombrero.<\/p>\n\n\n\n<p>Felipe: Soy documentalista y trabajo en cine desde 2014. Comenc\u00e9 en MAFI en el \u00e1rea de comunicaciones y luego me fui adentrando en el mundo de la producci\u00f3n, comenzando como asistente de producci\u00f3n. Cuando An\u00edbal empez\u00f3 a liderar el \u00e1rea territorial, me un\u00ed a las residencias. Durante esos a\u00f1os, nos dedicamos por completo al cine, desarrollando varios proyectos. Trabaj\u00e9 como asistente de producci\u00f3n en otras pel\u00edculas y tambi\u00e9n en un cortometraje. Como realizador, he filmado otros proyectos y recientemente dirig\u00ed el tercer largometraje de MAFI, <em>Oasis<\/em>.<\/p>\n\n\n\n<p>He desempe\u00f1ado diversos roles en la industria y tambi\u00e9n imparto talleres de cine en colegios, liceos y escuelas b\u00e1sicas, colaborando con entidades de la regi\u00f3n como el Centro Cultural Quilpu\u00e9 Audiovisual. Soy de Quilpu\u00e9 y he trabajado con el FECICH, impartiendo talleres y participando como jurado. Poco a poco, me he ido involucrando en el cine local y ya llevo diez a\u00f1os dedic\u00e1ndome a esta pasi\u00f3n.<\/p>\n\n\n\n<figure class=\"wp-block-image size-large\"><img decoding=\"async\" width=\"683\" height=\"1024\" src=\"https:\/\/www.valparaisocreativo.cl\/wp-content\/uploads\/2024\/06\/felipe-morgado-productor-683x1024.jpg\" alt=\"\" class=\"wp-image-19487\" srcset=\"https:\/\/dev.antudigital.cl\/sites\/vc\/wp-content\/uploads\/2024\/06\/felipe-morgado-productor-683x1024.jpg 683w, https:\/\/dev.antudigital.cl\/sites\/vc\/wp-content\/uploads\/2024\/06\/felipe-morgado-productor-200x300.jpg 200w, https:\/\/dev.antudigital.cl\/sites\/vc\/wp-content\/uploads\/2024\/06\/felipe-morgado-productor-768x1152.jpg 768w, https:\/\/dev.antudigital.cl\/sites\/vc\/wp-content\/uploads\/2024\/06\/felipe-morgado-productor-1024x1536.jpg 1024w, https:\/\/dev.antudigital.cl\/sites\/vc\/wp-content\/uploads\/2024\/06\/felipe-morgado-productor-1365x2048.jpg 1365w, https:\/\/dev.antudigital.cl\/sites\/vc\/wp-content\/uploads\/2024\/06\/felipe-morgado-productor-1080x1620.jpg 1080w, https:\/\/dev.antudigital.cl\/sites\/vc\/wp-content\/uploads\/2024\/06\/felipe-morgado-productor-1280x1921.jpg 1280w, https:\/\/dev.antudigital.cl\/sites\/vc\/wp-content\/uploads\/2024\/06\/felipe-morgado-productor-980x1471.jpg 980w, https:\/\/dev.antudigital.cl\/sites\/vc\/wp-content\/uploads\/2024\/06\/felipe-morgado-productor-480x720.jpg 480w, https:\/\/dev.antudigital.cl\/sites\/vc\/wp-content\/uploads\/2024\/06\/felipe-morgado-productor-16x24.jpg 16w, https:\/\/dev.antudigital.cl\/sites\/vc\/wp-content\/uploads\/2024\/06\/felipe-morgado-productor-24x36.jpg 24w, https:\/\/dev.antudigital.cl\/sites\/vc\/wp-content\/uploads\/2024\/06\/felipe-morgado-productor-32x48.jpg 32w, https:\/\/dev.antudigital.cl\/sites\/vc\/wp-content\/uploads\/2024\/06\/felipe-morgado-productor-scaled.jpg 1706w\" sizes=\"(max-width: 683px) 100vw, 683px\" \/><\/figure>\n\n\n\n<p><strong>\u00bfC\u00f3mo visualizan la realidad? \u00bfEn qu\u00e9 lenguaje creen que piensan? \u00bfC\u00f3mo imaginan sus pensamientos y reacciones cotidianas, m\u00e1s all\u00e1 de los proyectos laborales?<\/strong><\/p>\n\n\n\n<p>An\u00edbal: Es una pregunta profunda. Honestamente, siento que tengo varios lenguajes internos en los que pienso y diferentes estructuras de pensamiento para enfrentar distintas situaciones. En lo m\u00e1s personal, \u2026 son m\u00e1s como divagaciones po\u00e9ticas, as\u00ed encuentro el lenguaje para lo que me est\u00e1 pasando. Tambi\u00e9n tengo un ojo observador y un o\u00eddo agudo que me acompa\u00f1an en el d\u00eda a d\u00eda. Observando, escuchando. Esa es mi deformaci\u00f3n personal: veo planos y personajes.&nbsp; A veces no es algo que estoy trabajando, pero veo una escena y quiero registrarla, aunque no sepa si la usar\u00e9 despu\u00e9s. Creo que el trabajo de ser artista es una recolecci\u00f3n constante.&nbsp;<\/p>\n\n\n\n<p>Felipe: En mi caso, mis pensamientos cotidianos no tienen ni pies ni cabeza. No hay ninguna estructura ni narrativa definida en el d\u00eda a d\u00eda. Sin embargo, me he obligado a tener una rutina y a trabajar en cosas que me permitan liberar la mayor cantidad de tiempo. Trabajar lo menos posible, sentirlo as\u00ed, para poder estar en un ritmo diferente al que se nos impone, esa presi\u00f3n constante por producir.&nbsp;<\/p>\n\n\n\n<p>Intento descontaminar el cerebro de im\u00e1genes producidas y estar alejado de las pantallas para vivir m\u00e1s en el tiempo real. Tomar distancia, como dec\u00eda An\u00edbal, para mirar, escuchar y vivir\u2026 no las pel\u00edculas que pasan a tu alrededor, sino las ficciones que uno crea desde esa observaci\u00f3n. Siento que nos contamos ficciones. Cuando tomamos la c\u00e1mara, es como un impulso o juego de registrar, grabar. Ah\u00ed es donde puede surgir el g\u00e9nero cinematogr\u00e1fico: el documental, la ficci\u00f3n. Cuando los mundos se unen aparece el humor, la comedia, el drama. Esto es una excepci\u00f3n a la rutina diaria, donde trato de salir y conversar con la gente. Con el t\u00edo de la verduler\u00eda, el de la carnicer\u00eda&#8230; personas que son seductoras y, aunque no sean personajes de una pel\u00edcula, son gente real, viviendo en un tiempo no atrofiado por ninguna intervenci\u00f3n externa.&nbsp;<\/p>\n\n\n\n<p>Para m\u00ed, la realidad tiene m\u00e1s que ver con el montaje. La sucesi\u00f3n de eventos que ocurren, aunque tengan una cronolog\u00eda, est\u00e1n relacionadas de manera que, al final del d\u00eda, forman una narrativa. Cuando te juntas con un amigo a tomar una cerveza y cuentas \u00ab\u00bfqu\u00e9 hiciste hoy?\u00bb, la narrativa se monta. Es aleatoria, no tiene sentido en un principio, pero cobra significado en el relato.<\/p>\n\n\n\n<p>Hay pocas pel\u00edculas pasando en mi cabeza en el d\u00eda, pero uno va haciendo memoria y cre\u00e1ndose una ficci\u00f3n en la cabeza. Es entretenido cuando tienes tiempo.<\/p>\n\n\n\n<figure class=\"wp-block-image size-large\"><img loading=\"lazy\" decoding=\"async\" width=\"1024\" height=\"768\" src=\"https:\/\/www.valparaisocreativo.cl\/wp-content\/uploads\/2024\/06\/IMG_6970-1024x768.jpg\" alt=\"\" class=\"wp-image-19525\" srcset=\"https:\/\/dev.antudigital.cl\/sites\/vc\/wp-content\/uploads\/2024\/06\/IMG_6970-1024x768.jpg 1024w, https:\/\/dev.antudigital.cl\/sites\/vc\/wp-content\/uploads\/2024\/06\/IMG_6970-300x225.jpg 300w, https:\/\/dev.antudigital.cl\/sites\/vc\/wp-content\/uploads\/2024\/06\/IMG_6970-768x576.jpg 768w, https:\/\/dev.antudigital.cl\/sites\/vc\/wp-content\/uploads\/2024\/06\/IMG_6970-1536x1152.jpg 1536w, https:\/\/dev.antudigital.cl\/sites\/vc\/wp-content\/uploads\/2024\/06\/IMG_6970-2048x1536.jpg 2048w, https:\/\/dev.antudigital.cl\/sites\/vc\/wp-content\/uploads\/2024\/06\/IMG_6970-510x382.jpg 510w, https:\/\/dev.antudigital.cl\/sites\/vc\/wp-content\/uploads\/2024\/06\/IMG_6970-1080x810.jpg 1080w, https:\/\/dev.antudigital.cl\/sites\/vc\/wp-content\/uploads\/2024\/06\/IMG_6970-1280x960.jpg 1280w, https:\/\/dev.antudigital.cl\/sites\/vc\/wp-content\/uploads\/2024\/06\/IMG_6970-980x735.jpg 980w, https:\/\/dev.antudigital.cl\/sites\/vc\/wp-content\/uploads\/2024\/06\/IMG_6970-480x360.jpg 480w, https:\/\/dev.antudigital.cl\/sites\/vc\/wp-content\/uploads\/2024\/06\/IMG_6970-24x18.jpg 24w, https:\/\/dev.antudigital.cl\/sites\/vc\/wp-content\/uploads\/2024\/06\/IMG_6970-36x27.jpg 36w, https:\/\/dev.antudigital.cl\/sites\/vc\/wp-content\/uploads\/2024\/06\/IMG_6970-48x36.jpg 48w\" sizes=\"(max-width: 1024px) 100vw, 1024px\" \/><\/figure>\n\n\n\n<p><strong>A la vez de sus proyectos audiovisuales y art\u00edsticos, \u00bfson \u00e1vidos consumidores de contenido audiovisual, o hay periodos? \u00bfC\u00f3mo lo viven?<\/strong><\/p>\n\n\n\n<p><strong>An\u00edbal:<\/strong> En mi caso, soy m\u00e1s de per\u00edodos. No creo que haya sido nunca un cin\u00e9filo. Me imagino que he visto muchas pel\u00edculas, pero no me considero como tal. Disfruto ver pel\u00edculas y leer libros, pero lo veo de una manera m\u00e1s diversa: ver exposiciones, performances, ir al teatro, ver xilograf\u00edas, cuadros&#8230; Creo que me interesa m\u00e1s la cita sobre el cine y su vinculaci\u00f3n con la realidad. Me interesa la realidad, y el cine es un veh\u00edculo para trabajar sobre eso.&nbsp;<\/p>\n\n\n\n<p>Recuerdo que en mi \u00e9poca de estudiante sent\u00eda mucha culpa por no estar al d\u00eda con todos los t\u00edtulos y premios como la Palma de Oro. Me cost\u00f3 superar esa culpa en las clases, pero luego me di cuenta de que estaba bien (risas). Cada uno tiene sus gustos y tiempos, y vivimos en una vor\u00e1gine contempor\u00e1nea con una cantidad brutal de obras produci\u00e9ndose. Esto genera ansiedad por consumirlo todo. He tenido per\u00edodos en los que veo mucho para entender lo que est\u00e1 pasando, pero esos visionados no son de tanta calidad, ya que solo estoy viendo en lugar de observar una obra, procesarla y reflexionar sobre ella en los d\u00edas siguientes, e incluso volver a verla.<\/p>\n\n\n\n<p><strong>Felipe:<\/strong> Yo consumo muy poco contenido audiovisual, y me cuesta mucho ver pel\u00edculas en casa. A veces prefiero salir y dar una vuelta en lugar de sentarme a ver una pel\u00edcula. Mi relaci\u00f3n con las pel\u00edculas tiene que ver con las personas y los amigos que me rodean. Las pel\u00edculas que veo son las que me recomiendan o aquellas que han impactado a alguien cercano. Me gusta reunirme a almorzar con una amiga y hablar de una pel\u00edcula que vio hace a\u00f1os.<\/p>\n\n\n\n<p>Cuando veo una pel\u00edcula, me afecta profundamente, por lo que me cuesta ver varias seguidas. Aunque me guste, necesito tiempo para procesarlas y podr\u00eda estar hablando de eso mucho rato. Prefiero ir al cine. Afortunadamente, en Quilpu\u00e9, Quilpu\u00e9 Audiovisual tiene programaci\u00f3n todo el a\u00f1o, donde se pueden ver pel\u00edculas chilenas. Algunas veces ya las vi o no me gustan, pero ir a Villa Alemana, tomar el metro, estar all\u00e1 y de repente toparse con alguien, compartir en los conversatorios con bastantes viejitos, hace que la experiencia sea distinta aunque haya visto la pel\u00edcula antes. Siempre priorizo eso, m\u00e1s que ver una pel\u00edcula premiada en casa. Prefiero ver algo malo en el cine que algo bueno en mi casa. Me gusta la rutina de salir; antes hab\u00eda cines en todas partes, ahora se cierran.<\/p>\n\n\n\n<p><strong>An\u00edbal:<\/strong> Hay algo colectivo en eso que es muy distinto. Un director ingl\u00e9s defendi\u00f3 las salas de cine, especialmente post pandemia con la arremetida del streaming, que ya es una hegemon\u00eda absoluta. Defend\u00eda esa idea colectiva que parece fuera de lugar en el siglo XXI: reunirnos con comunidades, aunque sean desconocidas, a compartir espacio en una sala oscura sin otras pantallas. \u00a1Wow! Es contracorriente, pero hay algo lindo en eso. Soy un nost\u00e1lgico.<\/p>\n\n\n\n<figure class=\"wp-block-image size-large\"><img loading=\"lazy\" decoding=\"async\" width=\"1024\" height=\"517\" src=\"https:\/\/www.valparaisocreativo.cl\/wp-content\/uploads\/2024\/06\/Still-Pampas-M_25-1024x517.png\" alt=\"\" class=\"wp-image-19489\" srcset=\"https:\/\/dev.antudigital.cl\/sites\/vc\/wp-content\/uploads\/2024\/06\/Still-Pampas-M_25-1024x517.png 1024w, https:\/\/dev.antudigital.cl\/sites\/vc\/wp-content\/uploads\/2024\/06\/Still-Pampas-M_25-300x152.png 300w, https:\/\/dev.antudigital.cl\/sites\/vc\/wp-content\/uploads\/2024\/06\/Still-Pampas-M_25-768x388.png 768w, https:\/\/dev.antudigital.cl\/sites\/vc\/wp-content\/uploads\/2024\/06\/Still-Pampas-M_25-1536x776.png 1536w, https:\/\/dev.antudigital.cl\/sites\/vc\/wp-content\/uploads\/2024\/06\/Still-Pampas-M_25-2048x1034.png 2048w, https:\/\/dev.antudigital.cl\/sites\/vc\/wp-content\/uploads\/2024\/06\/Still-Pampas-M_25-1080x546.png 1080w, https:\/\/dev.antudigital.cl\/sites\/vc\/wp-content\/uploads\/2024\/06\/Still-Pampas-M_25-1280x647.png 1280w, https:\/\/dev.antudigital.cl\/sites\/vc\/wp-content\/uploads\/2024\/06\/Still-Pampas-M_25-980x495.png 980w, https:\/\/dev.antudigital.cl\/sites\/vc\/wp-content\/uploads\/2024\/06\/Still-Pampas-M_25-480x242.png 480w, https:\/\/dev.antudigital.cl\/sites\/vc\/wp-content\/uploads\/2024\/06\/Still-Pampas-M_25-24x12.png 24w, https:\/\/dev.antudigital.cl\/sites\/vc\/wp-content\/uploads\/2024\/06\/Still-Pampas-M_25-36x18.png 36w, https:\/\/dev.antudigital.cl\/sites\/vc\/wp-content\/uploads\/2024\/06\/Still-Pampas-M_25-48x24.png 48w\" sizes=\"(max-width: 1024px) 100vw, 1024px\" \/><\/figure>\n\n\n\n<p><strong>Oigan y, \u00bfse acuerdan de alguna cosa en su vida &#8211; infancia, adolescencia &#8211; que les hizo conectar, en este caso, con crear en este lenguaje que hoy usan? Siempre hay algo, \u00bfno?<\/strong><\/p>\n\n\n\n<p><strong>An\u00edbal:<\/strong> Para m\u00ed, fue la fotograf\u00eda an\u00e1loga. La descubr\u00ed ya siendo adolescente. La formaci\u00f3n escolar tiene algo tan violento que, mientras crec\u00eda, ten\u00eda intereses diversos. Siempre dec\u00eda que har\u00eda cualquier cosa menos algo relacionado con el lenguaje o las artes. Y despu\u00e9s termin\u00e9 trabajando como guionista (risas). Era porque pinto mal, dibujo mal, esas eran mis peores notas, mientras todos sacaban 7. Siempre me gust\u00f3 ir a museos y ver cosas, aunque nunca me llam\u00f3 la atenci\u00f3n el cine espec\u00edficamente.<\/p>\n\n\n\n<p>Tom\u00e9 un curso electivo de fotograf\u00eda an\u00e1loga, donde pude conocer todo ese proceso, y fue muy revelador para m\u00ed. Hab\u00eda una m\u00e1quina que mediaba mi relaci\u00f3n con el mundo y mi mano torpe, que no pod\u00eda dibujar, ya no era un obst\u00e1culo para traspasar una sensibilidad frente al mundo. Lo hice de manera muy intuitiva, pero con mucho entusiasmo. Despert\u00f3 algo en m\u00ed. Recientemente, vi la caja donde guardo esas fotos adolescentes y es incre\u00edble. Una mirada mucho m\u00e1s salvaje, ind\u00f3mita y filosa. Creo que ah\u00ed se me abri\u00f3 algo con la imagen y la capacidad de traspasar emociones a trav\u00e9s de un encuadre o una exposici\u00f3n.<\/p>\n\n\n\n<p><strong>Felipe:<\/strong> Para m\u00ed, fueron mis amigos. Ninguno de ellos se dedica al arte ni al cine; son todos muy distintos: electricistas, bi\u00f3logos, un abogado por ah\u00ed, constructores\u2026 pero lo que m\u00e1s disfrutaba cuando era chico era hacer re\u00edr a mis amigos, hacer estupideces y ser unos rebeldes pesados. Para m\u00ed, era una liberaci\u00f3n del sistema autoritario del colegio. Lo pas\u00e9 terrible all\u00ed. Sent\u00eda que en esas escapadas hab\u00eda algo que realmente me gustaba. Tiene que ver con el juego, con el humor, con hacernos re\u00edr.<\/p>\n\n\n\n<p>En un momento sucedi\u00f3 algo con mi primo, que es periodista y con quien somos muy amigos. \u00c9l me recomendaba cosas y empec\u00e9 a ver m\u00e1s contenido con \u00e9l. Cuando empez\u00f3 a grabar en su carrera, ten\u00eda una c\u00e1mara y yo le segu\u00ed el ejemplo. Para Navidad me regalaron una c\u00e1mara chiquitita y empezamos a grabar todo lo que hac\u00edamos con mis amigos. Viv\u00edamos en Quilpu\u00e9 e \u00edbamos a jugar a un basural en Belloto Norte. Tengo dos amigos a quienes les gustaba la naturaleza, los animales, las aventuras, y yo grababa todo eso. Y lo que pasaba cuando ve\u00edamos esos videos a veces era m\u00e1s chistoso o mejor de lo que pasaba mientras grab\u00e1bamos y me hice un poco adicto a esa sensaci\u00f3n. A esa idea de ver cosas que hab\u00edamos hecho antes y crear un archivo. No ten\u00eda idea de qu\u00e9 quer\u00eda hacer cuando creciera, pero hab\u00eda algo en eso que me gust\u00f3 mucho. Me hice adicto a revisitar esas cosas que est\u00e1bamos haciendo.<\/p>\n\n\n\n<p>Adem\u00e1s, soy muy ordenado. Lo paso s\u00faper bien organizando cosas, y juego Tetris. Esta afici\u00f3n se despert\u00f3 cuando, a los 17 a\u00f1os, trabaj\u00e9 en Falabella y ordenaba las poleras por color. Esto se transform\u00f3 en algo que hasta el d\u00eda de hoy mantengo. Me encanta la sistematizaci\u00f3n. Cuando entr\u00e9 a trabajar en cine, disfrutaba ordenar los materiales, la imagen, el sonido, categorizarlos y hacer que todo empezara a calzar. Mi coraz\u00f3n es de asistente de producci\u00f3n: coordinar, llevar, gestionar, e incluso hacer las rendiciones de dinero, a veces lo disfruto un poco. El Excel para m\u00ed es algo casi rom\u00e1ntico y satisfactorio.<\/p>\n\n\n\n<p>Me encantaba eso y empec\u00e9 a ordenar muchos archivos que estaban dando vueltas en mi vida: VHS de mi abuelo, cosas antiguas de mi familia, los videos que grababa de chico, y los respaldaba todos por fecha. As\u00ed que cuando revisito esos archivos, tengo la misma sensaci\u00f3n. Hacer cine es un poco eso: ser muy ordenado, planificar mucho, pero a la hora de grabar, es libertad pura. Si no eres libre en el momento en que aprietas REC, no vale la pena. Esa sensaci\u00f3n se me repite todo el tiempo y lo paso muy bien.<\/p>\n\n\n\n<p><strong>Aterrizando m\u00e1s en lo que es la pel\u00edcula, documental-ficci\u00f3n, \u00bfc\u00f3mo llegaron al desierto? Mencionaron que fue a trav\u00e9s de un programa de Red Cultura, que ya no existe. \u00bfEligieron los territorios o c\u00f3mo fue?<\/strong><\/p>\n\n\n\n<p>An\u00edbal: Un poco las dos cosas. Iba variando a\u00f1o a a\u00f1o, pero pod\u00edas elegir la regi\u00f3n en la que quer\u00edas estar. Se publicaban los lugares a trabajar, con dos o tres lugares de residencia por Regi\u00f3n, estas residencias eran interdisciplinarias, no trabajando para hacer su trabajo de autor, sino obras de creaci\u00f3n colaborativa de cualquier disciplina. Entonces nosotros sab\u00edamos que quer\u00edamos ir al desierto, ya que el a\u00f1o anterior fuimos al Wallmapu andino, un lugar incre\u00edble, hermoso, frondoso, de naturaleza muy poderosa y que est\u00e1 por todos lados. Quer\u00edamos algo diverso, muy distinto y con la inquietud de entender el desierto, que me era m\u00e1s ajeno, ya que hab\u00eda ido al sur y el norte me resultaba inentendible.<\/p>\n\n\n\n<p>Dijimos vamos al desierto. Mirando las posibilidades que se publicaron dijimos Antofagasta. Quer\u00edamos ir a Mar\u00eda Elena, pero no pod\u00edamos decidir. Es una postulaci\u00f3n abierta y hay que ser seleccionados. Cuando nos contaron que quedamos, est\u00e1bamos felices.<\/p>\n\n\n\n<figure class=\"wp-block-image size-large\"><img loading=\"lazy\" decoding=\"async\" width=\"1024\" height=\"521\" src=\"https:\/\/www.valparaisocreativo.cl\/wp-content\/uploads\/2024\/06\/Still-Pampas-M_26-1024x521.png\" alt=\"\" class=\"wp-image-19490\" srcset=\"https:\/\/dev.antudigital.cl\/sites\/vc\/wp-content\/uploads\/2024\/06\/Still-Pampas-M_26-1024x521.png 1024w, https:\/\/dev.antudigital.cl\/sites\/vc\/wp-content\/uploads\/2024\/06\/Still-Pampas-M_26-300x153.png 300w, https:\/\/dev.antudigital.cl\/sites\/vc\/wp-content\/uploads\/2024\/06\/Still-Pampas-M_26-768x390.png 768w, https:\/\/dev.antudigital.cl\/sites\/vc\/wp-content\/uploads\/2024\/06\/Still-Pampas-M_26-1536x781.png 1536w, https:\/\/dev.antudigital.cl\/sites\/vc\/wp-content\/uploads\/2024\/06\/Still-Pampas-M_26-2048x1041.png 2048w, https:\/\/dev.antudigital.cl\/sites\/vc\/wp-content\/uploads\/2024\/06\/Still-Pampas-M_26-1080x549.png 1080w, https:\/\/dev.antudigital.cl\/sites\/vc\/wp-content\/uploads\/2024\/06\/Still-Pampas-M_26-1280x651.png 1280w, https:\/\/dev.antudigital.cl\/sites\/vc\/wp-content\/uploads\/2024\/06\/Still-Pampas-M_26-980x498.png 980w, https:\/\/dev.antudigital.cl\/sites\/vc\/wp-content\/uploads\/2024\/06\/Still-Pampas-M_26-480x244.png 480w, https:\/\/dev.antudigital.cl\/sites\/vc\/wp-content\/uploads\/2024\/06\/Still-Pampas-M_26-24x12.png 24w, https:\/\/dev.antudigital.cl\/sites\/vc\/wp-content\/uploads\/2024\/06\/Still-Pampas-M_26-36x18.png 36w, https:\/\/dev.antudigital.cl\/sites\/vc\/wp-content\/uploads\/2024\/06\/Still-Pampas-M_26-48x24.png 48w\" sizes=\"(max-width: 1024px) 100vw, 1024px\" \/><\/figure>\n\n\n\n<p><strong>\u00bfDe inmediato comenzaron ah\u00ed este proyecto de Pampas Marcianas? \u00bfO sali\u00f3 en el camino?<\/strong><\/p>\n\n\n\n<p>Felipe: En la postulaci\u00f3n al proyecto Red Cultura, t\u00fa enviabas una propuesta. Eso se fue r\u00e1pidamente al carajo. No nos funcion\u00f3 a nosotros, ni sent\u00edamos que era pertinente. Era como hacer lo mismo que se estaba haciendo en Mar\u00eda Elena, que era un archivo m\u00faltiple de recolectar lo que hay en el desierto. Hab\u00edamos ido antes en un viaje de investigaci\u00f3n, donde hablamos con vecinos, trabajadores, y todos hablaban de lo bonita que fue la vida antes en la salitrera, y que hab\u00edan muchos objetos, como juguetes, actividades\u2026 Hab\u00edan creado una cultura que pensamos digitalizar o recolectar y que exista una memoria archivada de ella.<\/p>\n\n\n\n<p>Sin embargo, al llegar a la residencia, esa idea se agot\u00f3 r\u00e1pidamente porque no nos parec\u00eda adecuado trabajar para ese pasado nost\u00e1lgico cuando hab\u00eda un antecedente muy importante: el inminente cierre de la oficina salitrera, siendo Mar\u00eda Elena la \u00fanica que quedaba. Sentimos que hab\u00eda algo problem\u00e1tico en enfocarnos solo en el pasado. Ah\u00ed descartamos la primera idea y empezamos a entrar en un trance de frustraci\u00f3n y delirio por estar en el desierto sin saber qu\u00e9 hacer.<\/p>\n\n\n\n<p>Pasaban las horas y nos mor\u00edamos de calor. \u00bfQu\u00e9 hacer? Convers\u00e1bamos con la gente y segu\u00edan remiti\u00e9ndose al pasado. Nos sentimos atrapados. En ese proceso comenzamos a lanzar ideas y as\u00ed surgi\u00f3 la pel\u00edcula, que es un h\u00edbrido entre el documental y la ciencia ficci\u00f3n. Planteamos la pregunta: \u00bfte ir\u00edas a Marte? Los pampinos fueron elegidos para ser los primeros habitantes del planeta rojo, ya que han vivido en el desierto, el lugar m\u00e1s parecido a Marte en la Tierra. La analog\u00eda entre ese territorio y un nuevo \u00e9xodo de la pampa salitrera, pero esta vez a otro planeta, hizo mucho sentido en la comunidad. De alguna manera, fue una provocaci\u00f3n que sac\u00f3 a relucir esos temas tab\u00fa que estaban ocultos bajo la tierra del pasado. Nos aferramos a esa idea porque fue lo que nos hizo sentido.<\/p>\n\n\n\n<p>An\u00edbal: Y muy delirante todo igual. La residencia era para hacer cualquier obra, normalmente son obras s\u00faper acotadas y peque\u00f1as, pero agarramos vuelo con la comunidad y no hab\u00eda c\u00f3mo detenerlo.<\/p>\n\n\n\n<p><strong>Adem\u00e1s participaron m\u00e1s de 70 habitantes, \u00a1incre\u00edble!<\/strong><\/p>\n\n\n\n<p>Felipe: S\u00ed, en total, ya que iban participando en diferentes escenas.<\/p>\n\n\n\n<p><strong>Se genera esa conversaci\u00f3n y articulaci\u00f3n con la comunidad, \u00bffue muy dif\u00edcil llegar hasta ese punto?<\/strong><\/p>\n\n\n\n<p>An\u00edbal: S\u00ed, como extranjeros del lugar fue dif\u00edcil. Adem\u00e1s vivir all\u00e1 es complicado en t\u00e9rminos f\u00edsicos y cotidianos. El clima es muy extremo: la sequedad, el sol intenso. Tienes que usar anteojos de seguridad porque el sol rebota en la pampa y es muy fuerte. Todos los d\u00edas son iguales, no hay nubes y hay cuatro o cinco horas al d\u00eda en las que todos se guardan, incluso el colegio. Todos van a sus casas y luego vuelven a completar sus jornadas. Es un universo en el que, dadas las extremas condiciones clim\u00e1ticas, aprender a vivir esas horas de calor fue dif\u00edcil. No pod\u00edamos ni leer ni ver una pel\u00edcula. Fue una adaptaci\u00f3n larga.<\/p>\n\n\n\n<p>Fuimos desde septiembre hasta diciembre. Estos procesos implican vivir de frente en el territorio de manera temporal, lo que va generando encuentros diarios con mucha gente. Tuvimos experiencias con la comunidad, vincul\u00e1ndonos con agrupaciones clave en Mar\u00eda Elena, entendiendo su historia. Nos invitaron a sus celebraciones, como un picnic que tienen los Hijos de Pedro de Valdivia. Ah\u00ed comenzaron a surgir muchas conversaciones. Es gente muy c\u00e1lida y dispuesta a compartir.<\/p>\n\n\n\n<p>S\u00ed estaba la nostalgia del pasado, donde la vida social es lo que los pampinos m\u00e1s a\u00f1oran y era incre\u00edble. Hab\u00eda campeonato de bowling, waterpolo, una cosa muy activa. Con la decadencia de la producci\u00f3n eso se fue, los espacios de reuni\u00f3n eran muy escasos. Es un lugar donde se vive muy encuevado por las condiciones clim\u00e1ticas, de hecho nadie camina, porque hay ciertas horas en las que simplemente no se puede caminar.&nbsp;<\/p>\n\n\n\n<p>Cuando descartamos el proyecto del archivo, salimos del discurso oficial de la cultura de ese lugar. Vimos la complejidad del territorio y sentimos que ten\u00edamos que generar un proyecto que fuera una provocaci\u00f3n de parte nuestra, que pudiera generar un movimiento y romper esa monoton\u00eda en la que estaba sumido ese espacio. Hab\u00eda que hacer algo atrevido, lo que nos convenci\u00f3 de la idea de Pampas Marcianas, donde podemos remar y jugar en ese espacio. El objetivo era tener una excusa que pudiera movilizarnos y abrir di\u00e1logos que no estaban ocurriendo, de alg\u00fan modo. Eso fue lo que habilit\u00f3 la pel\u00edcula.<\/p>\n\n\n\n<p>Hubo varios momentos en los que sucedieron cosas que fueron reveladoras para todos quienes compartimos la experiencia, eso fue muy bonito.&nbsp;<\/p>\n\n\n\n<figure class=\"wp-block-image size-large\"><img loading=\"lazy\" decoding=\"async\" width=\"1024\" height=\"521\" src=\"https:\/\/www.valparaisocreativo.cl\/wp-content\/uploads\/2024\/06\/Still-Pampas-M_22-1024x521.png\" alt=\"\" class=\"wp-image-19488\" srcset=\"https:\/\/dev.antudigital.cl\/sites\/vc\/wp-content\/uploads\/2024\/06\/Still-Pampas-M_22-1024x521.png 1024w, https:\/\/dev.antudigital.cl\/sites\/vc\/wp-content\/uploads\/2024\/06\/Still-Pampas-M_22-300x153.png 300w, https:\/\/dev.antudigital.cl\/sites\/vc\/wp-content\/uploads\/2024\/06\/Still-Pampas-M_22-768x390.png 768w, https:\/\/dev.antudigital.cl\/sites\/vc\/wp-content\/uploads\/2024\/06\/Still-Pampas-M_22-1536x781.png 1536w, https:\/\/dev.antudigital.cl\/sites\/vc\/wp-content\/uploads\/2024\/06\/Still-Pampas-M_22-2048x1041.png 2048w, https:\/\/dev.antudigital.cl\/sites\/vc\/wp-content\/uploads\/2024\/06\/Still-Pampas-M_22-1080x549.png 1080w, https:\/\/dev.antudigital.cl\/sites\/vc\/wp-content\/uploads\/2024\/06\/Still-Pampas-M_22-1280x651.png 1280w, https:\/\/dev.antudigital.cl\/sites\/vc\/wp-content\/uploads\/2024\/06\/Still-Pampas-M_22-980x498.png 980w, https:\/\/dev.antudigital.cl\/sites\/vc\/wp-content\/uploads\/2024\/06\/Still-Pampas-M_22-480x244.png 480w, https:\/\/dev.antudigital.cl\/sites\/vc\/wp-content\/uploads\/2024\/06\/Still-Pampas-M_22-24x12.png 24w, https:\/\/dev.antudigital.cl\/sites\/vc\/wp-content\/uploads\/2024\/06\/Still-Pampas-M_22-36x18.png 36w, https:\/\/dev.antudigital.cl\/sites\/vc\/wp-content\/uploads\/2024\/06\/Still-Pampas-M_22-48x24.png 48w\" sizes=\"(max-width: 1024px) 100vw, 1024px\" \/><\/figure>\n\n\n\n<p><strong>En este mismo sentido, \u00bfla idea, la trama, surge de estas mismas conversaciones con la comunidad o c\u00f3mo sucedi\u00f3 eso?<\/strong><\/p>\n\n\n\n<p>An\u00edbal: Un poco de varias cosas. Llegamos a la premisa de la colonizaci\u00f3n de Marte con la pregunta detonante, una vez que pasaba eso, que cont\u00e1bamos la trama de la pel\u00edcula. A partir de esa frase, a la gente le hac\u00eda cierto sentido porque tiene que ver con la historia de la pampa, que es una historia de desarraigo.&nbsp;<\/p>\n\n\n\n<p>Es un desarraigo forzado de las empresas que moviliza desde un pueblo a otro, hablando de eso desde el resguardo que te da la ficci\u00f3n para hacerlo. Eso fue clave para que todes se sintieran c\u00f3modas y c\u00f3modos de participar en este proyecto, incluy\u00e9ndonos. Entonces, por ejemplo, una an\u00e9cdota es que ten\u00edamos ya v\u00ednculos con mucha gente y conocimos a Juliana, que le gustaba mucho la fotograf\u00eda y tiene una c\u00e1mara y tomaba fotos y era la ni\u00f1a fot\u00f3grafa de ah\u00ed. Nos vinculamos con ella porque tambi\u00e9n quer\u00eda aprender cosas y participar en el proyecto. A la vez, la criaban Juan y Juana, sus abuelos, quienes eran dos pampinos mayores con quienes nos juntamos y les contamos la idea. Juan qued\u00f3 medio colgado, y Juliana le dijo \u201cEs lo mismo que cuando nos fuimos de Pedro de Valdivia y llegamos ac\u00e1 a Mar\u00eda Elena, s\u00f3lo que ahora nos vamos a otro planeta\u201d y ah\u00ed se habr\u00edan las posibilidades y aparec\u00edan las escenas.<\/p>\n\n\n\n<p>\u00cdbamos investigando, por lo que generamos v\u00ednculos con distintas agrupaciones con quienes nos juntamos a hablar de cosas y nos planteaban sus dudas y dentro de eso ten\u00edamos un cronograma de las actividades del pueblo. Lo tomamos con la idea de pel\u00edcula y vimos c\u00f3mo pod\u00edamos hacer que estas acciones documentales tuvieran un giro hacia lo marciano. Ah\u00ed nacen muchas escenas tambi\u00e9n.&nbsp;<\/p>\n\n\n\n<p>Una de ellas es el plebiscito, donde se elige si van a ir a Marte o no. Era la elecci\u00f3n presidencial que hab\u00eda, teniendo a la radio local como c\u00f3mplice para montar la escena. Juegos de ese tipo. La celebraci\u00f3n de una v\u00edrgen, tambi\u00e9n, nos fuimos a presentar a la agrupaci\u00f3n de la Iglesia y tuvimos una conversaci\u00f3n incre\u00edble y acordamos grabar y luego llevar un discurso pidiendo por la gente que se va a ir a Marte. Hay otras que son m\u00e1s de puesta en escena, por ejemplo trabajamos guiones con los ni\u00f1os del liceo. S\u00ed vimos una estructura de la pel\u00edcula, muy inspirada en Cr\u00f3nicas Marcianas de Ray Bradbury, donde cada episodio te permite una libertad de no tener un conflicto tan grande, sino como peque\u00f1os cuentos. Fuimos encontrando el hilo conductor que cada vez se va enrareciendo m\u00e1s porque se acercaba \u201cel viaje a Marte\u201d. Cada rodaje era libre y la pel\u00edcula es un collage de materiales distintos, donde hay material de archivo en 16 mil\u00edmetros que fue encontrado, fotograf\u00edas antiguas, las fotograf\u00edas de Juliana y m\u00edas, hay uso de handycam, registros de otro tipo y as\u00ed.<\/p>\n\n\n\n<p><strong>Ya hablando de su actual alianza con Red de Salas de Cine, que hoy los tiene haciendo gira con visionado y conversatorios, \u00bfde qu\u00e9 manera surge y c\u00f3mo les potencia?<\/strong><\/p>\n\n\n\n<p>Felipe: Despu\u00e9s de filmar la pel\u00edcula entramos en un proceso largo y desfinanciado de montaje y postproducci\u00f3n que fue complejo de llevar entre la pandemia y la revuelta. Entre medio de todo eso, que nos dimos el tiempo para hacer junto a An\u00edbal, Melissa Miranda (montajista) y yo, Melissa hizo un trabajo de artesan\u00eda en la pel\u00edcula uniendo todos estos materiales que hablaba An\u00edbal, encontrando un cuerpo. En todo ese proceso invertimos mucha energ\u00eda en participar de laboratorios, work in progress, festivales de cine y uno de esos fue el FICVi\u00f1a. Ah\u00ed nos fue s\u00faper bien. Uno fue poder ir a una instancia en Guadalajara (M\u00e9xico) donde fue An\u00edbal y el otro era un premio de la Red de Salas, que era asegurar el estreno de la pel\u00edcula cuando estuviera lista, lo que fue incre\u00edble.&nbsp;<\/p>\n\n\n\n<p>Despu\u00e9s de mucho tiempo, cuando terminamos, volvemos con la Red y calzamos con el mes de la Red de Salas de Cine. Ideal ya que no solo creo que exhibir en sala es un acto de resistencia, sino tambi\u00e9n como estar con funciones especiales, cineforo, poder ir a conversar con la gente. Estuvimos en Santiago, ahora Valpara\u00edso y vamos al norte a Antofagasta, Tocopilla y Mar\u00eda Elena, donde nos encontraremos con quienes participaron que es un regalo precioso. Y la Red de Salas ha sido m\u00e1s que una distribuidora, como amigas con quienes trabajamos codo a codo sacando las funciones. Todas las voluntades que se han sumado para esta pel\u00edcula conectan con un sentimiento que es el punto de vista de la pel\u00edcula: hacer un cine colaborativo y que de alguna manera dista con una hegemon\u00eda cinematogr\u00e1fica en toda su l\u00ednea de acci\u00f3n.<\/p>\n\n\n\n<p>Seguiremos haciendo alianzas y tratando de llevar la pel\u00edcula a todos los espacios que se pueda. Debido al trabajo territorial que hemos hecho, estamos vinculados con muchos lugares del extremo sur, del centro, del norte, por lo que estaremos levantando funciones en varias otras salas independientes, priorizando la experiencia cinematogr\u00e1fica colectiva en cine. Despu\u00e9s las pel\u00edculas cumplen ese ciclo, lo sabemos. Luego veremos.&nbsp;<\/p>\n\n\n\n<p>An\u00edbal: Quer\u00eda sumar que creo que es una pel\u00edcula cuyo visionado es liviano, es corta, es graciosa, tiene mucho humor que es muy propio de ser chileno, siento, que es re\u00edr en la debacle y re\u00edrse de lo que est\u00e1 pasando, muy de pa\u00eds s\u00edsmico, con la Cordillera encima. Hemos tenido funciones muy diversas que producen conversaciones interesantes, que es lo que esperamos que siga ocurriendo de ac\u00e1 al futuro: encuentro con p\u00fablicos diversos y que la pel\u00edcula pueda encontrar su camino.<\/p>\n\n\n\n<p><strong>\u00bfC\u00f3mo estuvo el visionado de Insomnia el martes pasado? \u00bfQu\u00e9 inquietudes podr\u00edan destacar?<\/strong><\/p>\n\n\n\n<p>An\u00edbal: Estuvo muy bonito. Insomnia es mi sala favorita. En el camino aparecen pampinos o descendientes de pampinos, hab\u00eda un chico que ten\u00eda familia de estos territorios. Comienza a suceder que la pel\u00edcula da cuenta con justicia de una identidad que es s\u00faper particular y que parece que no existe, pero cuando aparece es muy fuerte.<\/p>\n","protected":false},"excerpt":{"rendered":"<p>Nos encontramos en el punto \u00e1lgido de la ciudad, m\u00e1s espec\u00edficamente en Casaplan, su caf\u00e9. Adentro parece no importar el correr de las micros y el bullicio de la calle. Los meseros se mueven \u00e1giles, pero de todos modos tienen un ritmo pausado. Es el puerto, dicen. Tiene su ritmo. Su comp\u00e1s, su son. Ingreso [&hellip;]<\/p>\n","protected":false},"author":1,"featured_media":19485,"comment_status":"closed","ping_status":"closed","sticky":false,"template":"","format":"standard","meta":{"_acf_changed":false,"footnotes":""},"categories":[218],"tags":[],"class_list":["post-19481","post","type-post","status-publish","format-standard","has-post-thumbnail","hentry","category-blog"],"acf":[],"yoast_head":"<!-- This site is optimized with the Yoast SEO plugin v27.1.1 - https:\/\/yoast.com\/product\/yoast-seo-wordpress\/ -->\n<title>\u201cEl cine es un veh\u00edculo para hablar de la realidad\u201d - Valpara\u00ed\u00adso Creativo<\/title>\n<meta name=\"robots\" content=\"index, follow, max-snippet:-1, max-image-preview:large, max-video-preview:-1\" \/>\n<link rel=\"canonical\" href=\"https:\/\/dev.antudigital.cl\/sites\/vc\/el-cine-es-un-vehiculo-para-hablar-de-la-realidad\/\" \/>\n<meta property=\"og:locale\" content=\"es_ES\" \/>\n<meta property=\"og:type\" content=\"article\" \/>\n<meta property=\"og:title\" content=\"\u201cEl cine es un veh\u00edculo para hablar de la realidad\u201d - Valpara\u00ed\u00adso Creativo\" \/>\n<meta property=\"og:description\" content=\"Nos encontramos en el punto \u00e1lgido de la ciudad, m\u00e1s espec\u00edficamente en Casaplan, su caf\u00e9. Adentro parece no importar el correr de las micros y el bullicio de la calle. Los meseros se mueven \u00e1giles, pero de todos modos tienen un ritmo pausado. Es el puerto, dicen. Tiene su ritmo. Su comp\u00e1s, su son. Ingreso [&hellip;]\" \/>\n<meta property=\"og:url\" content=\"https:\/\/dev.antudigital.cl\/sites\/vc\/el-cine-es-un-vehiculo-para-hablar-de-la-realidad\/\" \/>\n<meta property=\"og:site_name\" content=\"Valpara\u00ed\u00adso Creativo\" \/>\n<meta property=\"article:published_time\" content=\"2024-06-25T03:06:09+00:00\" \/>\n<meta property=\"article:modified_time\" content=\"2024-06-25T17:38:26+00:00\" \/>\n<meta property=\"og:image\" content=\"https:\/\/dev.antudigital.cl\/sites\/vc\/wp-content\/uploads\/2024\/06\/Still-Pampas-M_1-1024x519.png\" \/>\n\t<meta property=\"og:image:width\" content=\"1024\" \/>\n\t<meta property=\"og:image:height\" content=\"519\" \/>\n\t<meta property=\"og:image:type\" content=\"image\/png\" \/>\n<meta name=\"author\" content=\"Valpara\u00edso Creativo\" \/>\n<meta name=\"twitter:card\" content=\"summary_large_image\" \/>\n<meta name=\"twitter:label1\" content=\"Escrito por\" \/>\n\t<meta name=\"twitter:data1\" content=\"Valpara\u00edso Creativo\" \/>\n\t<meta name=\"twitter:label2\" content=\"Tiempo de lectura\" \/>\n\t<meta name=\"twitter:data2\" content=\"21 minutos\" \/>\n<script type=\"application\/ld+json\" class=\"yoast-schema-graph\">{\"@context\":\"https:\/\/schema.org\",\"@graph\":[{\"@type\":\"Article\",\"@id\":\"https:\/\/dev.antudigital.cl\/sites\/vc\/el-cine-es-un-vehiculo-para-hablar-de-la-realidad\/#article\",\"isPartOf\":{\"@id\":\"https:\/\/dev.antudigital.cl\/sites\/vc\/el-cine-es-un-vehiculo-para-hablar-de-la-realidad\/\"},\"author\":{\"name\":\"Valpara\u00edso Creativo\",\"@id\":\"https:\/\/dev.antudigital.cl\/sites\/vc\/#\/schema\/person\/c2b9da8dd545e27166fc5ab232837318\"},\"headline\":\"\u201cEl cine es un veh\u00edculo para hablar de la realidad\u201d\",\"datePublished\":\"2024-06-25T03:06:09+00:00\",\"dateModified\":\"2024-06-25T17:38:26+00:00\",\"mainEntityOfPage\":{\"@id\":\"https:\/\/dev.antudigital.cl\/sites\/vc\/el-cine-es-un-vehiculo-para-hablar-de-la-realidad\/\"},\"wordCount\":4540,\"image\":{\"@id\":\"https:\/\/dev.antudigital.cl\/sites\/vc\/el-cine-es-un-vehiculo-para-hablar-de-la-realidad\/#primaryimage\"},\"thumbnailUrl\":\"https:\/\/dev.antudigital.cl\/sites\/vc\/wp-content\/uploads\/2024\/06\/Still-Pampas-M_1.png\",\"articleSection\":[\"Blog\"],\"inLanguage\":\"es\"},{\"@type\":\"WebPage\",\"@id\":\"https:\/\/dev.antudigital.cl\/sites\/vc\/el-cine-es-un-vehiculo-para-hablar-de-la-realidad\/\",\"url\":\"https:\/\/dev.antudigital.cl\/sites\/vc\/el-cine-es-un-vehiculo-para-hablar-de-la-realidad\/\",\"name\":\"\u201cEl cine es un veh\u00edculo para hablar de la realidad\u201d - Valpara\u00ed\u00adso Creativo\",\"isPartOf\":{\"@id\":\"https:\/\/dev.antudigital.cl\/sites\/vc\/#website\"},\"primaryImageOfPage\":{\"@id\":\"https:\/\/dev.antudigital.cl\/sites\/vc\/el-cine-es-un-vehiculo-para-hablar-de-la-realidad\/#primaryimage\"},\"image\":{\"@id\":\"https:\/\/dev.antudigital.cl\/sites\/vc\/el-cine-es-un-vehiculo-para-hablar-de-la-realidad\/#primaryimage\"},\"thumbnailUrl\":\"https:\/\/dev.antudigital.cl\/sites\/vc\/wp-content\/uploads\/2024\/06\/Still-Pampas-M_1.png\",\"datePublished\":\"2024-06-25T03:06:09+00:00\",\"dateModified\":\"2024-06-25T17:38:26+00:00\",\"author\":{\"@id\":\"https:\/\/dev.antudigital.cl\/sites\/vc\/#\/schema\/person\/c2b9da8dd545e27166fc5ab232837318\"},\"breadcrumb\":{\"@id\":\"https:\/\/dev.antudigital.cl\/sites\/vc\/el-cine-es-un-vehiculo-para-hablar-de-la-realidad\/#breadcrumb\"},\"inLanguage\":\"es\",\"potentialAction\":[{\"@type\":\"ReadAction\",\"target\":[\"https:\/\/dev.antudigital.cl\/sites\/vc\/el-cine-es-un-vehiculo-para-hablar-de-la-realidad\/\"]}]},{\"@type\":\"ImageObject\",\"inLanguage\":\"es\",\"@id\":\"https:\/\/dev.antudigital.cl\/sites\/vc\/el-cine-es-un-vehiculo-para-hablar-de-la-realidad\/#primaryimage\",\"url\":\"https:\/\/dev.antudigital.cl\/sites\/vc\/wp-content\/uploads\/2024\/06\/Still-Pampas-M_1.png\",\"contentUrl\":\"https:\/\/dev.antudigital.cl\/sites\/vc\/wp-content\/uploads\/2024\/06\/Still-Pampas-M_1.png\",\"width\":2160,\"height\":1095},{\"@type\":\"BreadcrumbList\",\"@id\":\"https:\/\/dev.antudigital.cl\/sites\/vc\/el-cine-es-un-vehiculo-para-hablar-de-la-realidad\/#breadcrumb\",\"itemListElement\":[{\"@type\":\"ListItem\",\"position\":1,\"name\":\"Home\",\"item\":\"https:\/\/dev.antudigital.cl\/sites\/vc\/\"},{\"@type\":\"ListItem\",\"position\":2,\"name\":\"\u201cEl cine es un veh\u00edculo para hablar de la realidad\u201d\"}]},{\"@type\":\"WebSite\",\"@id\":\"https:\/\/dev.antudigital.cl\/sites\/vc\/#website\",\"url\":\"https:\/\/dev.antudigital.cl\/sites\/vc\/\",\"name\":\"Valpara\u00ed\u00adso Creativo\",\"description\":\"\",\"potentialAction\":[{\"@type\":\"SearchAction\",\"target\":{\"@type\":\"EntryPoint\",\"urlTemplate\":\"https:\/\/dev.antudigital.cl\/sites\/vc\/?s={search_term_string}\"},\"query-input\":{\"@type\":\"PropertyValueSpecification\",\"valueRequired\":true,\"valueName\":\"search_term_string\"}}],\"inLanguage\":\"es\"},{\"@type\":\"Person\",\"@id\":\"https:\/\/dev.antudigital.cl\/sites\/vc\/#\/schema\/person\/c2b9da8dd545e27166fc5ab232837318\",\"name\":\"Valpara\u00edso Creativo\",\"description\":\"Periodista de cultura en la Regi\u00f3n de Valpara\u00edso.\",\"url\":\"https:\/\/dev.antudigital.cl\/sites\/vc\/author\/valpoadmin\/\"}]}<\/script>\n<!-- \/ Yoast SEO plugin. -->","yoast_head_json":{"title":"\u201cEl cine es un veh\u00edculo para hablar de la realidad\u201d - Valpara\u00ed\u00adso Creativo","robots":{"index":"index","follow":"follow","max-snippet":"max-snippet:-1","max-image-preview":"max-image-preview:large","max-video-preview":"max-video-preview:-1"},"canonical":"https:\/\/dev.antudigital.cl\/sites\/vc\/el-cine-es-un-vehiculo-para-hablar-de-la-realidad\/","og_locale":"es_ES","og_type":"article","og_title":"\u201cEl cine es un veh\u00edculo para hablar de la realidad\u201d - Valpara\u00ed\u00adso Creativo","og_description":"Nos encontramos en el punto \u00e1lgido de la ciudad, m\u00e1s espec\u00edficamente en Casaplan, su caf\u00e9. Adentro parece no importar el correr de las micros y el bullicio de la calle. Los meseros se mueven \u00e1giles, pero de todos modos tienen un ritmo pausado. Es el puerto, dicen. Tiene su ritmo. Su comp\u00e1s, su son. Ingreso [&hellip;]","og_url":"https:\/\/dev.antudigital.cl\/sites\/vc\/el-cine-es-un-vehiculo-para-hablar-de-la-realidad\/","og_site_name":"Valpara\u00ed\u00adso Creativo","article_published_time":"2024-06-25T03:06:09+00:00","article_modified_time":"2024-06-25T17:38:26+00:00","og_image":[{"width":1024,"height":519,"url":"https:\/\/dev.antudigital.cl\/sites\/vc\/wp-content\/uploads\/2024\/06\/Still-Pampas-M_1-1024x519.png","type":"image\/png"}],"author":"Valpara\u00edso Creativo","twitter_card":"summary_large_image","twitter_misc":{"Escrito por":"Valpara\u00edso Creativo","Tiempo de lectura":"21 minutos"},"schema":{"@context":"https:\/\/schema.org","@graph":[{"@type":"Article","@id":"https:\/\/dev.antudigital.cl\/sites\/vc\/el-cine-es-un-vehiculo-para-hablar-de-la-realidad\/#article","isPartOf":{"@id":"https:\/\/dev.antudigital.cl\/sites\/vc\/el-cine-es-un-vehiculo-para-hablar-de-la-realidad\/"},"author":{"name":"Valpara\u00edso Creativo","@id":"https:\/\/dev.antudigital.cl\/sites\/vc\/#\/schema\/person\/c2b9da8dd545e27166fc5ab232837318"},"headline":"\u201cEl cine es un veh\u00edculo para hablar de la realidad\u201d","datePublished":"2024-06-25T03:06:09+00:00","dateModified":"2024-06-25T17:38:26+00:00","mainEntityOfPage":{"@id":"https:\/\/dev.antudigital.cl\/sites\/vc\/el-cine-es-un-vehiculo-para-hablar-de-la-realidad\/"},"wordCount":4540,"image":{"@id":"https:\/\/dev.antudigital.cl\/sites\/vc\/el-cine-es-un-vehiculo-para-hablar-de-la-realidad\/#primaryimage"},"thumbnailUrl":"https:\/\/dev.antudigital.cl\/sites\/vc\/wp-content\/uploads\/2024\/06\/Still-Pampas-M_1.png","articleSection":["Blog"],"inLanguage":"es"},{"@type":"WebPage","@id":"https:\/\/dev.antudigital.cl\/sites\/vc\/el-cine-es-un-vehiculo-para-hablar-de-la-realidad\/","url":"https:\/\/dev.antudigital.cl\/sites\/vc\/el-cine-es-un-vehiculo-para-hablar-de-la-realidad\/","name":"\u201cEl cine es un veh\u00edculo para hablar de la realidad\u201d - Valpara\u00ed\u00adso Creativo","isPartOf":{"@id":"https:\/\/dev.antudigital.cl\/sites\/vc\/#website"},"primaryImageOfPage":{"@id":"https:\/\/dev.antudigital.cl\/sites\/vc\/el-cine-es-un-vehiculo-para-hablar-de-la-realidad\/#primaryimage"},"image":{"@id":"https:\/\/dev.antudigital.cl\/sites\/vc\/el-cine-es-un-vehiculo-para-hablar-de-la-realidad\/#primaryimage"},"thumbnailUrl":"https:\/\/dev.antudigital.cl\/sites\/vc\/wp-content\/uploads\/2024\/06\/Still-Pampas-M_1.png","datePublished":"2024-06-25T03:06:09+00:00","dateModified":"2024-06-25T17:38:26+00:00","author":{"@id":"https:\/\/dev.antudigital.cl\/sites\/vc\/#\/schema\/person\/c2b9da8dd545e27166fc5ab232837318"},"breadcrumb":{"@id":"https:\/\/dev.antudigital.cl\/sites\/vc\/el-cine-es-un-vehiculo-para-hablar-de-la-realidad\/#breadcrumb"},"inLanguage":"es","potentialAction":[{"@type":"ReadAction","target":["https:\/\/dev.antudigital.cl\/sites\/vc\/el-cine-es-un-vehiculo-para-hablar-de-la-realidad\/"]}]},{"@type":"ImageObject","inLanguage":"es","@id":"https:\/\/dev.antudigital.cl\/sites\/vc\/el-cine-es-un-vehiculo-para-hablar-de-la-realidad\/#primaryimage","url":"https:\/\/dev.antudigital.cl\/sites\/vc\/wp-content\/uploads\/2024\/06\/Still-Pampas-M_1.png","contentUrl":"https:\/\/dev.antudigital.cl\/sites\/vc\/wp-content\/uploads\/2024\/06\/Still-Pampas-M_1.png","width":2160,"height":1095},{"@type":"BreadcrumbList","@id":"https:\/\/dev.antudigital.cl\/sites\/vc\/el-cine-es-un-vehiculo-para-hablar-de-la-realidad\/#breadcrumb","itemListElement":[{"@type":"ListItem","position":1,"name":"Home","item":"https:\/\/dev.antudigital.cl\/sites\/vc\/"},{"@type":"ListItem","position":2,"name":"\u201cEl cine es un veh\u00edculo para hablar de la realidad\u201d"}]},{"@type":"WebSite","@id":"https:\/\/dev.antudigital.cl\/sites\/vc\/#website","url":"https:\/\/dev.antudigital.cl\/sites\/vc\/","name":"Valpara\u00ed\u00adso Creativo","description":"","potentialAction":[{"@type":"SearchAction","target":{"@type":"EntryPoint","urlTemplate":"https:\/\/dev.antudigital.cl\/sites\/vc\/?s={search_term_string}"},"query-input":{"@type":"PropertyValueSpecification","valueRequired":true,"valueName":"search_term_string"}}],"inLanguage":"es"},{"@type":"Person","@id":"https:\/\/dev.antudigital.cl\/sites\/vc\/#\/schema\/person\/c2b9da8dd545e27166fc5ab232837318","name":"Valpara\u00edso Creativo","description":"Periodista de cultura en la Regi\u00f3n de Valpara\u00edso.","url":"https:\/\/dev.antudigital.cl\/sites\/vc\/author\/valpoadmin\/"}]}},"_links":{"self":[{"href":"https:\/\/dev.antudigital.cl\/sites\/vc\/wp-json\/wp\/v2\/posts\/19481","targetHints":{"allow":["GET"]}}],"collection":[{"href":"https:\/\/dev.antudigital.cl\/sites\/vc\/wp-json\/wp\/v2\/posts"}],"about":[{"href":"https:\/\/dev.antudigital.cl\/sites\/vc\/wp-json\/wp\/v2\/types\/post"}],"author":[{"embeddable":true,"href":"https:\/\/dev.antudigital.cl\/sites\/vc\/wp-json\/wp\/v2\/users\/1"}],"replies":[{"embeddable":true,"href":"https:\/\/dev.antudigital.cl\/sites\/vc\/wp-json\/wp\/v2\/comments?post=19481"}],"version-history":[{"count":4,"href":"https:\/\/dev.antudigital.cl\/sites\/vc\/wp-json\/wp\/v2\/posts\/19481\/revisions"}],"predecessor-version":[{"id":19527,"href":"https:\/\/dev.antudigital.cl\/sites\/vc\/wp-json\/wp\/v2\/posts\/19481\/revisions\/19527"}],"wp:featuredmedia":[{"embeddable":true,"href":"https:\/\/dev.antudigital.cl\/sites\/vc\/wp-json\/wp\/v2\/media\/19485"}],"wp:attachment":[{"href":"https:\/\/dev.antudigital.cl\/sites\/vc\/wp-json\/wp\/v2\/media?parent=19481"}],"wp:term":[{"taxonomy":"category","embeddable":true,"href":"https:\/\/dev.antudigital.cl\/sites\/vc\/wp-json\/wp\/v2\/categories?post=19481"},{"taxonomy":"post_tag","embeddable":true,"href":"https:\/\/dev.antudigital.cl\/sites\/vc\/wp-json\/wp\/v2\/tags?post=19481"}],"curies":[{"name":"wp","href":"https:\/\/api.w.org\/{rel}","templated":true}]}}