{"id":19483,"date":"2024-06-25T03:10:09","date_gmt":"2024-06-25T03:10:09","guid":{"rendered":"https:\/\/www.valparaisocreativo.cl\/?p=19483"},"modified":"2024-06-25T03:10:30","modified_gmt":"2024-06-25T03:10:30","slug":"parque-cultural-activa-talleres-gratuitos-para-estas-vacaciones-de-invierno","status":"publish","type":"post","link":"https:\/\/dev.antudigital.cl\/sites\/vc\/parque-cultural-activa-talleres-gratuitos-para-estas-vacaciones-de-invierno\/","title":{"rendered":"Parque Cultural activa talleres gratuitos para estas vacaciones de invierno"},"content":{"rendered":"\n<p>Como ha ocurrido a\u00f1os atr\u00e1s, para las vacaciones de invierno, el Parque Cultural de Valpara\u00edso (PCdV) ha preparado una serie de talleres gratuitos que buscan motivar el inter\u00e9s de ni\u00f1as, ni\u00f1os y j\u00f3venes por disciplinas art\u00edsticas mediante actividades que despierten su creatividad, por ello es que tienden la invitaci\u00f3n a participar de su programa \u201cParque en Invierno\u201d, el que se desarrollar\u00e1 desde el martes 25 de junio hasta el domingo 7 de julio y que finalizar\u00e1 con funciones de la obra teatral \u201cEl lobo y la caperucita\u201d, de la compa\u00f1\u00eda \u201cTeatro Bohemia\u201d.&nbsp;<\/p>\n\n\n\n<p>El director ejecutivo (i) del PCdV,\u00a0<strong>Erick Fuentes G\u00f3ngora<\/strong>, al respecto indic\u00f3 que \u201cla invitaci\u00f3n es a que las familias vengan y participen de estas actividades, que buscan despertar la imaginaci\u00f3n y creatividad a trav\u00e9s de\u00a0experiencias art\u00edsticas gratuitas para las comunidades en estas vacaciones. Habr\u00e1n talleres interdisciplinares y encuentros con creadoras que estar\u00e1n felices de compartir sus saberes. Adem\u00e1s est\u00e1 nuestra BiblioParque, espacio que ha estado funcionando desde inicios de este a\u00f1o en la explanada y que le facilita a la familia el acercamiento de sus hijos al mundo de la lectura dentro de un amplia y segura \u00e1rea verde en Valpara\u00edso\u201d.\u00a0<\/p>\n\n\n\n<figure class=\"wp-block-image size-large\"><img fetchpriority=\"high\" decoding=\"async\" width=\"1024\" height=\"1024\" src=\"https:\/\/www.valparaisocreativo.cl\/wp-content\/uploads\/2024\/06\/Parque_en_invierno_2024_web_01-1024x1024.jpg\" alt=\"\" class=\"wp-image-19493\" srcset=\"https:\/\/dev.antudigital.cl\/sites\/vc\/wp-content\/uploads\/2024\/06\/Parque_en_invierno_2024_web_01-1024x1024.jpg 1024w, https:\/\/dev.antudigital.cl\/sites\/vc\/wp-content\/uploads\/2024\/06\/Parque_en_invierno_2024_web_01-300x300.jpg 300w, https:\/\/dev.antudigital.cl\/sites\/vc\/wp-content\/uploads\/2024\/06\/Parque_en_invierno_2024_web_01-150x150.jpg 150w, https:\/\/dev.antudigital.cl\/sites\/vc\/wp-content\/uploads\/2024\/06\/Parque_en_invierno_2024_web_01-768x768.jpg 768w, https:\/\/dev.antudigital.cl\/sites\/vc\/wp-content\/uploads\/2024\/06\/Parque_en_invierno_2024_web_01-980x980.jpg 980w, https:\/\/dev.antudigital.cl\/sites\/vc\/wp-content\/uploads\/2024\/06\/Parque_en_invierno_2024_web_01-480x480.jpg 480w, https:\/\/dev.antudigital.cl\/sites\/vc\/wp-content\/uploads\/2024\/06\/Parque_en_invierno_2024_web_01-24x24.jpg 24w, https:\/\/dev.antudigital.cl\/sites\/vc\/wp-content\/uploads\/2024\/06\/Parque_en_invierno_2024_web_01-36x36.jpg 36w, https:\/\/dev.antudigital.cl\/sites\/vc\/wp-content\/uploads\/2024\/06\/Parque_en_invierno_2024_web_01-48x48.jpg 48w, https:\/\/dev.antudigital.cl\/sites\/vc\/wp-content\/uploads\/2024\/06\/Parque_en_invierno_2024_web_01.jpg 1081w\" sizes=\"(max-width: 1024px) 100vw, 1024px\" \/><\/figure>\n\n\n\n<p>A continuaci\u00f3n los talleres, que tienen cupos limitados y requieren inscripci\u00f3n previa, para mayor informaci\u00f3n visita las rr.ss. y el sitio web del Parque Cultural de Valpara\u00edso.<\/p>\n\n\n\n<figure class=\"wp-block-table\"><table><tbody><tr><td colspan=\"4\">Nombre del taller: HISTORIAS EN ACORDE\u00d3N<\/td><\/tr><tr><td colspan=\"4\"><strong>Facilitadores:<\/strong>&nbsp;Katia Guaquiate y Sara Cecchetto&nbsp;&nbsp;<\/td><\/tr><tr><td><strong>Fecha:&nbsp;<\/strong>martes 25 y mi\u00e9rcoles 26 junio\/11:00 A 12:30 hrs.<\/td><td><strong>Edad:&nbsp;<\/strong>7 a 12 a\u00f1os<\/td><td><strong>Cupos:<\/strong>&nbsp;20<\/td><td><strong>Sala:&nbsp;<\/strong>Sala Estudio<\/td><\/tr><tr><td colspan=\"4\"><strong>Rese\u00f1a taller:<\/strong>Te invitamos a vivir una experiencia de creaci\u00f3n colectiva, a trav\u00e9s del cuerpo y la voz, en la que se obtendr\u00e1 una historia com\u00fan que luego se plasmar\u00e1 en un libro acorde\u00f3n personalizado, el que podr\u00e1s realizar con diferentes t\u00e9cnicas pl\u00e1sticas, como collage, acuarela, l\u00e1pices, etc.<\/td><\/tr><\/tbody><\/table><\/figure>\n\n\n\n<figure class=\"wp-block-table\"><table><tbody><tr><td colspan=\"4\"><strong>2. Nombre del taller: VALPOP, CREA TU FANZINE<\/strong><\/td><\/tr><tr><td colspan=\"4\"><strong>Facilitadores:<\/strong>&nbsp;Arelis Uribe<\/td><\/tr><tr><td><strong>Fecha:&nbsp;<\/strong>martes<strong>&nbsp;<\/strong>25 junio \/16:00 a 18:00 hrs.<\/td><td><strong>Edad:&nbsp;+<\/strong>12 a\u00f1os<\/td><td><strong>Cupos:&nbsp;<\/strong>15<\/td><td><strong>Sala:&nbsp;<\/strong>Sala Lectura<\/td><\/tr><tr><td colspan=\"4\"><strong>Rese\u00f1a taller:&nbsp;<\/strong>Escritura creativa y fanzines! realizaremos un ejercicio de improvisaci\u00f3n escritural y despu\u00e9s se pondr\u00e1 manos a la obra para crear nuestro propio libro de bolsillo o fanzine.<\/td><\/tr><\/tbody><\/table><\/figure>\n\n\n\n<figure class=\"wp-block-table\"><table><tbody><tr><td colspan=\"4\"><strong>3. Nombre del taller:&nbsp; PERFORMANCE COLABORATIVA<\/strong><\/td><\/tr><tr><td colspan=\"4\"><strong>Facilitadores:<\/strong>&nbsp;Las Tesis (Sibila Sotomayor y Daffne Vald\u00e9s)<\/td><\/tr><tr><td><strong>Fecha:&nbsp;<\/strong>Jueves 27 y viernes 28 junio \/ 11:00 a 12:30 hrs<\/td><td><strong>Edad:&nbsp;<\/strong>+15 a\u00f1os<\/td><td><strong>Cupos:<\/strong>&nbsp;20<\/td><td><strong>Sala:&nbsp;<\/strong>Sala Estudio<\/td><\/tr><tr><td colspan=\"4\"><strong>Rese\u00f1a taller:<\/strong>Taller a cargo del colectivo LASTESIS, que tiene como objetivo compartir la metodolog\u00eda de trabajo a partir de la creaci\u00f3n colaborativa.&nbsp;<\/td><\/tr><\/tbody><\/table><\/figure>\n\n\n\n<figure class=\"wp-block-table\"><table><tbody><tr><td colspan=\"4\"><strong>4. Nombre del taller: TALLER EXPERIMENTAL DE PODCAST Y RADIO<\/strong><\/td><\/tr><tr><td colspan=\"4\"><strong>Facilitadora:&nbsp;<\/strong>Natacha G\u00f3mez&nbsp;<\/td><\/tr><tr><td><strong>Fecha:<\/strong>&nbsp;jueves 27 y viernes 28 de junio \/ 16:00 a 18:00 hrs.<\/td><td><strong>Edad:<\/strong>&nbsp;+15 a\u00f1os<\/td><td><strong>Cupos:<\/strong>&nbsp;12<\/td><td><strong>Sala:&nbsp;<\/strong>Adulto mayor ySala 8<\/td><\/tr><tr><td colspan=\"4\"><strong>Rese\u00f1a taller:<\/strong>Aprende a crear un guion y a conocer t\u00e9cnicas de locuci\u00f3n para hacer tu propio podcast o programa radial con las historias que siempre so\u00f1aste contar.<\/td><\/tr><\/tbody><\/table><\/figure>\n\n\n\n<figure class=\"wp-block-table\"><table><tbody><tr><td colspan=\"4\"><strong>5. Nombre del taller: MUSICALIZA TUS MONITOS ANIMADOS&nbsp;<\/strong><\/td><\/tr><tr><td colspan=\"4\"><strong>Facilitadores:<\/strong>&nbsp;Mabel Carabelli y Rodrigo Ben\u00edtez<\/td><\/tr><tr><td><strong>Fecha:&nbsp;<\/strong>Martes 2 y mi\u00e9rcoles 3 de julio \/11:00 a 13:00 hrs.<\/td><td><strong>Edad:&nbsp;<\/strong>12 a 18 a\u00f1os<\/td><td><strong>Cupos:&nbsp;<\/strong>15<\/td><td><strong>Sala:&nbsp;<\/strong>M\u00fasica 1<\/td><\/tr><tr><td colspan=\"4\"><strong>Rese\u00f1a taller:&nbsp;<\/strong>Trae tus juguetes m\u00e1s divertidos y aprende a animar una historia que t\u00fa mismo vas a musicalizar utilizando una aplicaci\u00f3n de celular (Stop Motion Studio app).<\/td><\/tr><\/tbody><\/table><\/figure>\n\n\n\n<figure class=\"wp-block-table\"><table><tbody><tr><td colspan=\"4\"><strong>6. Nombre del taller: CREANDO MUNDOS A TRAV\u00c9S DE T\u00cdTERES&nbsp;<\/strong><\/td><\/tr><tr><td colspan=\"4\"><strong>Facilitadores:<\/strong>&nbsp;Compa\u00f1\u00eda de Teatro Bohemia: Pablo Aravena, Diana del R\u00edo, Pabla Vargas, Carolina Castillo<\/td><\/tr><tr><td><strong>Fecha:&nbsp;<\/strong>jueves 4 y viernes 5 de julio \/ 16:00 a 18:00 hrs.<\/td><td><strong>Edad:<\/strong>&nbsp;7 a 12 a\u00f1os.<\/td><td><strong>Cupos:&nbsp;<\/strong>20<\/td><td><strong>Sala:&nbsp;<\/strong>M\u00fasica 1<\/td><\/tr><tr><td colspan=\"4\"><strong>Rese\u00f1a taller:<\/strong>Te invitamos a construir t\u00edteres con desecho textil que luego de un trabajo guiado por los integrantes de la Compa\u00f1\u00eda Teatro Bohemia, dar\u00e1n vida a entretenidos personajes en una peque\u00f1a puesta en escena dentro de un teatrillo de t\u00edteres.&nbsp;<\/td><\/tr><\/tbody><\/table><\/figure>\n\n\n\n<figure class=\"wp-block-table\"><table><tbody><tr><td colspan=\"4\"><strong>7. Nombre del taller: HUERTA PARA LA NI\u00d1EZ \u00abSER PLANTAE\u00bb<\/strong><\/td><\/tr><tr><td colspan=\"4\"><strong>Facilitadores:<\/strong>&nbsp;Margot Ojeda Fuentes<\/td><\/tr><tr><td><strong>Fecha:<\/strong>&nbsp;Sesi\u00f3n 1 martes 25 de junio, 15:30 a 17:00 hrs. Sesi\u00f3n 2 mi\u00e9rcoles 26 de junio, 15:30 a 17:00 hrs.<\/td><td><strong>Edad:<\/strong>&nbsp;a partir de los 7 a\u00f1os&nbsp;<\/td><td><strong>Cupos:&nbsp;<\/strong>25<\/td><td><strong>Lugar:&nbsp;<\/strong>Huerta Los Pimientos<\/td><\/tr><tr><td colspan=\"4\"><strong>Rese\u00f1a taller:&nbsp;<\/strong>busca promover pr\u00e1cticas de agricultura urbana con bases en la ecolog\u00eda para potenciar el bienestar f\u00edsico, mental y espiritual. En las dos sesiones podr\u00e1n conocer la Huerta Los Pimientos del PCdV y aprender conceptos y t\u00e9cnicas b\u00e1sicas, realizando alm\u00e1cigos de forma grupal y pintando los elementos identificados en el espacio.&nbsp;<\/td><\/tr><\/tbody><\/table><\/figure>\n\n\n\n<figure class=\"wp-block-table\"><table><tbody><tr><td colspan=\"4\"><strong>8. Nombre del taller: Basura Cero para ni\u00f1ez \u00abCON LAS MANOS EN LA TIERRA\u00bb<\/strong><\/td><\/tr><tr><td colspan=\"4\"><strong>Facilitadores:<\/strong>&nbsp;Pilar Lodis Gamboa<\/td><\/tr><tr><td><strong>Fecha:&nbsp;<\/strong>viernes 28 de junio \/ 12:00 a 13:00 hrs.<\/td><td><strong>Edad:<\/strong>&nbsp;a partir de los 7 a\u00f1os&nbsp;<\/td><td><strong>Cupos:&nbsp;<\/strong>20<\/td><td><strong>Lugar:&nbsp;<\/strong>Huerta Los Pimientos<\/td><\/tr><tr><td colspan=\"4\"><strong>Rese\u00f1a taller:&nbsp;<\/strong>En el taller podr\u00e1s conocer diferentes manejos de materia org\u00e1nica, aprender a realizar un sistema de compostaje casero y a preparar bombas de semillas.&nbsp;<\/td><\/tr><\/tbody><\/table><\/figure>\n","protected":false},"excerpt":{"rendered":"<p>Como ha ocurrido a\u00f1os atr\u00e1s, para las vacaciones de invierno, el Parque Cultural de Valpara\u00edso (PCdV) ha preparado una serie de talleres gratuitos que buscan motivar el inter\u00e9s de ni\u00f1as, ni\u00f1os y j\u00f3venes por disciplinas art\u00edsticas mediante actividades que despierten su creatividad, por ello es que tienden la invitaci\u00f3n a participar de su programa \u201cParque [&hellip;]<\/p>\n","protected":false},"author":1,"featured_media":19494,"comment_status":"closed","ping_status":"closed","sticky":false,"template":"","format":"standard","meta":{"_acf_changed":false,"footnotes":""},"categories":[8],"tags":[],"class_list":["post-19483","post","type-post","status-publish","format-standard","has-post-thumbnail","hentry","category-noticia"],"acf":[],"yoast_head":"<!-- This site is optimized with the Yoast SEO plugin v27.1.1 - https:\/\/yoast.com\/product\/yoast-seo-wordpress\/ -->\n<title>Parque Cultural activa talleres gratuitos para estas vacaciones de invierno - Valpara\u00ed\u00adso Creativo<\/title>\n<meta name=\"robots\" content=\"index, follow, max-snippet:-1, max-image-preview:large, max-video-preview:-1\" \/>\n<link rel=\"canonical\" href=\"https:\/\/dev.antudigital.cl\/sites\/vc\/parque-cultural-activa-talleres-gratuitos-para-estas-vacaciones-de-invierno\/\" \/>\n<meta property=\"og:locale\" content=\"es_ES\" \/>\n<meta property=\"og:type\" content=\"article\" \/>\n<meta property=\"og:title\" content=\"Parque Cultural activa talleres gratuitos para estas vacaciones de invierno - Valpara\u00ed\u00adso Creativo\" \/>\n<meta property=\"og:description\" content=\"Como ha ocurrido a\u00f1os atr\u00e1s, para las vacaciones de invierno, el Parque Cultural de Valpara\u00edso (PCdV) ha preparado una serie de talleres gratuitos que buscan motivar el inter\u00e9s de ni\u00f1as, ni\u00f1os y j\u00f3venes por disciplinas art\u00edsticas mediante actividades que despierten su creatividad, por ello es que tienden la invitaci\u00f3n a participar de su programa \u201cParque [&hellip;]\" \/>\n<meta property=\"og:url\" content=\"https:\/\/dev.antudigital.cl\/sites\/vc\/parque-cultural-activa-talleres-gratuitos-para-estas-vacaciones-de-invierno\/\" \/>\n<meta property=\"og:site_name\" content=\"Valpara\u00ed\u00adso Creativo\" \/>\n<meta property=\"article:published_time\" content=\"2024-06-25T03:10:09+00:00\" \/>\n<meta property=\"article:modified_time\" content=\"2024-06-25T03:10:30+00:00\" \/>\n<meta property=\"og:image\" content=\"https:\/\/dev.antudigital.cl\/sites\/vc\/wp-content\/uploads\/2024\/06\/Parque_en_Invierno_2024_05.jpg\" \/>\n\t<meta property=\"og:image:width\" content=\"799\" \/>\n\t<meta property=\"og:image:height\" content=\"534\" \/>\n\t<meta property=\"og:image:type\" content=\"image\/jpeg\" \/>\n<meta name=\"author\" content=\"Valpara\u00edso Creativo\" \/>\n<meta name=\"twitter:card\" content=\"summary_large_image\" \/>\n<meta name=\"twitter:label1\" content=\"Escrito por\" \/>\n\t<meta name=\"twitter:data1\" content=\"Valpara\u00edso Creativo\" \/>\n\t<meta name=\"twitter:label2\" content=\"Tiempo de lectura\" \/>\n\t<meta name=\"twitter:data2\" content=\"5 minutos\" \/>\n<script type=\"application\/ld+json\" class=\"yoast-schema-graph\">{\"@context\":\"https:\/\/schema.org\",\"@graph\":[{\"@type\":\"Article\",\"@id\":\"https:\/\/dev.antudigital.cl\/sites\/vc\/parque-cultural-activa-talleres-gratuitos-para-estas-vacaciones-de-invierno\/#article\",\"isPartOf\":{\"@id\":\"https:\/\/dev.antudigital.cl\/sites\/vc\/parque-cultural-activa-talleres-gratuitos-para-estas-vacaciones-de-invierno\/\"},\"author\":{\"name\":\"Valpara\u00edso Creativo\",\"@id\":\"https:\/\/dev.antudigital.cl\/sites\/vc\/#\/schema\/person\/c2b9da8dd545e27166fc5ab232837318\"},\"headline\":\"Parque Cultural activa talleres gratuitos para estas vacaciones de invierno\",\"datePublished\":\"2024-06-25T03:10:09+00:00\",\"dateModified\":\"2024-06-25T03:10:30+00:00\",\"mainEntityOfPage\":{\"@id\":\"https:\/\/dev.antudigital.cl\/sites\/vc\/parque-cultural-activa-talleres-gratuitos-para-estas-vacaciones-de-invierno\/\"},\"wordCount\":887,\"image\":{\"@id\":\"https:\/\/dev.antudigital.cl\/sites\/vc\/parque-cultural-activa-talleres-gratuitos-para-estas-vacaciones-de-invierno\/#primaryimage\"},\"thumbnailUrl\":\"https:\/\/dev.antudigital.cl\/sites\/vc\/wp-content\/uploads\/2024\/06\/Parque_en_Invierno_2024_05.jpg\",\"articleSection\":[\"Noticia\"],\"inLanguage\":\"es\"},{\"@type\":\"WebPage\",\"@id\":\"https:\/\/dev.antudigital.cl\/sites\/vc\/parque-cultural-activa-talleres-gratuitos-para-estas-vacaciones-de-invierno\/\",\"url\":\"https:\/\/dev.antudigital.cl\/sites\/vc\/parque-cultural-activa-talleres-gratuitos-para-estas-vacaciones-de-invierno\/\",\"name\":\"Parque Cultural activa talleres gratuitos para estas vacaciones de invierno - Valpara\u00ed\u00adso Creativo\",\"isPartOf\":{\"@id\":\"https:\/\/dev.antudigital.cl\/sites\/vc\/#website\"},\"primaryImageOfPage\":{\"@id\":\"https:\/\/dev.antudigital.cl\/sites\/vc\/parque-cultural-activa-talleres-gratuitos-para-estas-vacaciones-de-invierno\/#primaryimage\"},\"image\":{\"@id\":\"https:\/\/dev.antudigital.cl\/sites\/vc\/parque-cultural-activa-talleres-gratuitos-para-estas-vacaciones-de-invierno\/#primaryimage\"},\"thumbnailUrl\":\"https:\/\/dev.antudigital.cl\/sites\/vc\/wp-content\/uploads\/2024\/06\/Parque_en_Invierno_2024_05.jpg\",\"datePublished\":\"2024-06-25T03:10:09+00:00\",\"dateModified\":\"2024-06-25T03:10:30+00:00\",\"author\":{\"@id\":\"https:\/\/dev.antudigital.cl\/sites\/vc\/#\/schema\/person\/c2b9da8dd545e27166fc5ab232837318\"},\"breadcrumb\":{\"@id\":\"https:\/\/dev.antudigital.cl\/sites\/vc\/parque-cultural-activa-talleres-gratuitos-para-estas-vacaciones-de-invierno\/#breadcrumb\"},\"inLanguage\":\"es\",\"potentialAction\":[{\"@type\":\"ReadAction\",\"target\":[\"https:\/\/dev.antudigital.cl\/sites\/vc\/parque-cultural-activa-talleres-gratuitos-para-estas-vacaciones-de-invierno\/\"]}]},{\"@type\":\"ImageObject\",\"inLanguage\":\"es\",\"@id\":\"https:\/\/dev.antudigital.cl\/sites\/vc\/parque-cultural-activa-talleres-gratuitos-para-estas-vacaciones-de-invierno\/#primaryimage\",\"url\":\"https:\/\/dev.antudigital.cl\/sites\/vc\/wp-content\/uploads\/2024\/06\/Parque_en_Invierno_2024_05.jpg\",\"contentUrl\":\"https:\/\/dev.antudigital.cl\/sites\/vc\/wp-content\/uploads\/2024\/06\/Parque_en_Invierno_2024_05.jpg\",\"width\":799,\"height\":534},{\"@type\":\"BreadcrumbList\",\"@id\":\"https:\/\/dev.antudigital.cl\/sites\/vc\/parque-cultural-activa-talleres-gratuitos-para-estas-vacaciones-de-invierno\/#breadcrumb\",\"itemListElement\":[{\"@type\":\"ListItem\",\"position\":1,\"name\":\"Home\",\"item\":\"https:\/\/dev.antudigital.cl\/sites\/vc\/\"},{\"@type\":\"ListItem\",\"position\":2,\"name\":\"Parque Cultural activa talleres gratuitos para estas vacaciones de invierno\"}]},{\"@type\":\"WebSite\",\"@id\":\"https:\/\/dev.antudigital.cl\/sites\/vc\/#website\",\"url\":\"https:\/\/dev.antudigital.cl\/sites\/vc\/\",\"name\":\"Valpara\u00ed\u00adso Creativo\",\"description\":\"\",\"potentialAction\":[{\"@type\":\"SearchAction\",\"target\":{\"@type\":\"EntryPoint\",\"urlTemplate\":\"https:\/\/dev.antudigital.cl\/sites\/vc\/?s={search_term_string}\"},\"query-input\":{\"@type\":\"PropertyValueSpecification\",\"valueRequired\":true,\"valueName\":\"search_term_string\"}}],\"inLanguage\":\"es\"},{\"@type\":\"Person\",\"@id\":\"https:\/\/dev.antudigital.cl\/sites\/vc\/#\/schema\/person\/c2b9da8dd545e27166fc5ab232837318\",\"name\":\"Valpara\u00edso Creativo\",\"description\":\"Periodista de cultura en la Regi\u00f3n de Valpara\u00edso.\",\"url\":\"https:\/\/dev.antudigital.cl\/sites\/vc\/author\/valpoadmin\/\"}]}<\/script>\n<!-- \/ Yoast SEO plugin. -->","yoast_head_json":{"title":"Parque Cultural activa talleres gratuitos para estas vacaciones de invierno - Valpara\u00ed\u00adso Creativo","robots":{"index":"index","follow":"follow","max-snippet":"max-snippet:-1","max-image-preview":"max-image-preview:large","max-video-preview":"max-video-preview:-1"},"canonical":"https:\/\/dev.antudigital.cl\/sites\/vc\/parque-cultural-activa-talleres-gratuitos-para-estas-vacaciones-de-invierno\/","og_locale":"es_ES","og_type":"article","og_title":"Parque Cultural activa talleres gratuitos para estas vacaciones de invierno - Valpara\u00ed\u00adso Creativo","og_description":"Como ha ocurrido a\u00f1os atr\u00e1s, para las vacaciones de invierno, el Parque Cultural de Valpara\u00edso (PCdV) ha preparado una serie de talleres gratuitos que buscan motivar el inter\u00e9s de ni\u00f1as, ni\u00f1os y j\u00f3venes por disciplinas art\u00edsticas mediante actividades que despierten su creatividad, por ello es que tienden la invitaci\u00f3n a participar de su programa \u201cParque [&hellip;]","og_url":"https:\/\/dev.antudigital.cl\/sites\/vc\/parque-cultural-activa-talleres-gratuitos-para-estas-vacaciones-de-invierno\/","og_site_name":"Valpara\u00ed\u00adso Creativo","article_published_time":"2024-06-25T03:10:09+00:00","article_modified_time":"2024-06-25T03:10:30+00:00","og_image":[{"width":799,"height":534,"url":"https:\/\/dev.antudigital.cl\/sites\/vc\/wp-content\/uploads\/2024\/06\/Parque_en_Invierno_2024_05.jpg","type":"image\/jpeg"}],"author":"Valpara\u00edso Creativo","twitter_card":"summary_large_image","twitter_misc":{"Escrito por":"Valpara\u00edso Creativo","Tiempo de lectura":"5 minutos"},"schema":{"@context":"https:\/\/schema.org","@graph":[{"@type":"Article","@id":"https:\/\/dev.antudigital.cl\/sites\/vc\/parque-cultural-activa-talleres-gratuitos-para-estas-vacaciones-de-invierno\/#article","isPartOf":{"@id":"https:\/\/dev.antudigital.cl\/sites\/vc\/parque-cultural-activa-talleres-gratuitos-para-estas-vacaciones-de-invierno\/"},"author":{"name":"Valpara\u00edso Creativo","@id":"https:\/\/dev.antudigital.cl\/sites\/vc\/#\/schema\/person\/c2b9da8dd545e27166fc5ab232837318"},"headline":"Parque Cultural activa talleres gratuitos para estas vacaciones de invierno","datePublished":"2024-06-25T03:10:09+00:00","dateModified":"2024-06-25T03:10:30+00:00","mainEntityOfPage":{"@id":"https:\/\/dev.antudigital.cl\/sites\/vc\/parque-cultural-activa-talleres-gratuitos-para-estas-vacaciones-de-invierno\/"},"wordCount":887,"image":{"@id":"https:\/\/dev.antudigital.cl\/sites\/vc\/parque-cultural-activa-talleres-gratuitos-para-estas-vacaciones-de-invierno\/#primaryimage"},"thumbnailUrl":"https:\/\/dev.antudigital.cl\/sites\/vc\/wp-content\/uploads\/2024\/06\/Parque_en_Invierno_2024_05.jpg","articleSection":["Noticia"],"inLanguage":"es"},{"@type":"WebPage","@id":"https:\/\/dev.antudigital.cl\/sites\/vc\/parque-cultural-activa-talleres-gratuitos-para-estas-vacaciones-de-invierno\/","url":"https:\/\/dev.antudigital.cl\/sites\/vc\/parque-cultural-activa-talleres-gratuitos-para-estas-vacaciones-de-invierno\/","name":"Parque Cultural activa talleres gratuitos para estas vacaciones de invierno - Valpara\u00ed\u00adso Creativo","isPartOf":{"@id":"https:\/\/dev.antudigital.cl\/sites\/vc\/#website"},"primaryImageOfPage":{"@id":"https:\/\/dev.antudigital.cl\/sites\/vc\/parque-cultural-activa-talleres-gratuitos-para-estas-vacaciones-de-invierno\/#primaryimage"},"image":{"@id":"https:\/\/dev.antudigital.cl\/sites\/vc\/parque-cultural-activa-talleres-gratuitos-para-estas-vacaciones-de-invierno\/#primaryimage"},"thumbnailUrl":"https:\/\/dev.antudigital.cl\/sites\/vc\/wp-content\/uploads\/2024\/06\/Parque_en_Invierno_2024_05.jpg","datePublished":"2024-06-25T03:10:09+00:00","dateModified":"2024-06-25T03:10:30+00:00","author":{"@id":"https:\/\/dev.antudigital.cl\/sites\/vc\/#\/schema\/person\/c2b9da8dd545e27166fc5ab232837318"},"breadcrumb":{"@id":"https:\/\/dev.antudigital.cl\/sites\/vc\/parque-cultural-activa-talleres-gratuitos-para-estas-vacaciones-de-invierno\/#breadcrumb"},"inLanguage":"es","potentialAction":[{"@type":"ReadAction","target":["https:\/\/dev.antudigital.cl\/sites\/vc\/parque-cultural-activa-talleres-gratuitos-para-estas-vacaciones-de-invierno\/"]}]},{"@type":"ImageObject","inLanguage":"es","@id":"https:\/\/dev.antudigital.cl\/sites\/vc\/parque-cultural-activa-talleres-gratuitos-para-estas-vacaciones-de-invierno\/#primaryimage","url":"https:\/\/dev.antudigital.cl\/sites\/vc\/wp-content\/uploads\/2024\/06\/Parque_en_Invierno_2024_05.jpg","contentUrl":"https:\/\/dev.antudigital.cl\/sites\/vc\/wp-content\/uploads\/2024\/06\/Parque_en_Invierno_2024_05.jpg","width":799,"height":534},{"@type":"BreadcrumbList","@id":"https:\/\/dev.antudigital.cl\/sites\/vc\/parque-cultural-activa-talleres-gratuitos-para-estas-vacaciones-de-invierno\/#breadcrumb","itemListElement":[{"@type":"ListItem","position":1,"name":"Home","item":"https:\/\/dev.antudigital.cl\/sites\/vc\/"},{"@type":"ListItem","position":2,"name":"Parque Cultural activa talleres gratuitos para estas vacaciones de invierno"}]},{"@type":"WebSite","@id":"https:\/\/dev.antudigital.cl\/sites\/vc\/#website","url":"https:\/\/dev.antudigital.cl\/sites\/vc\/","name":"Valpara\u00ed\u00adso Creativo","description":"","potentialAction":[{"@type":"SearchAction","target":{"@type":"EntryPoint","urlTemplate":"https:\/\/dev.antudigital.cl\/sites\/vc\/?s={search_term_string}"},"query-input":{"@type":"PropertyValueSpecification","valueRequired":true,"valueName":"search_term_string"}}],"inLanguage":"es"},{"@type":"Person","@id":"https:\/\/dev.antudigital.cl\/sites\/vc\/#\/schema\/person\/c2b9da8dd545e27166fc5ab232837318","name":"Valpara\u00edso Creativo","description":"Periodista de cultura en la Regi\u00f3n de Valpara\u00edso.","url":"https:\/\/dev.antudigital.cl\/sites\/vc\/author\/valpoadmin\/"}]}},"_links":{"self":[{"href":"https:\/\/dev.antudigital.cl\/sites\/vc\/wp-json\/wp\/v2\/posts\/19483","targetHints":{"allow":["GET"]}}],"collection":[{"href":"https:\/\/dev.antudigital.cl\/sites\/vc\/wp-json\/wp\/v2\/posts"}],"about":[{"href":"https:\/\/dev.antudigital.cl\/sites\/vc\/wp-json\/wp\/v2\/types\/post"}],"author":[{"embeddable":true,"href":"https:\/\/dev.antudigital.cl\/sites\/vc\/wp-json\/wp\/v2\/users\/1"}],"replies":[{"embeddable":true,"href":"https:\/\/dev.antudigital.cl\/sites\/vc\/wp-json\/wp\/v2\/comments?post=19483"}],"version-history":[{"count":2,"href":"https:\/\/dev.antudigital.cl\/sites\/vc\/wp-json\/wp\/v2\/posts\/19483\/revisions"}],"predecessor-version":[{"id":19495,"href":"https:\/\/dev.antudigital.cl\/sites\/vc\/wp-json\/wp\/v2\/posts\/19483\/revisions\/19495"}],"wp:featuredmedia":[{"embeddable":true,"href":"https:\/\/dev.antudigital.cl\/sites\/vc\/wp-json\/wp\/v2\/media\/19494"}],"wp:attachment":[{"href":"https:\/\/dev.antudigital.cl\/sites\/vc\/wp-json\/wp\/v2\/media?parent=19483"}],"wp:term":[{"taxonomy":"category","embeddable":true,"href":"https:\/\/dev.antudigital.cl\/sites\/vc\/wp-json\/wp\/v2\/categories?post=19483"},{"taxonomy":"post_tag","embeddable":true,"href":"https:\/\/dev.antudigital.cl\/sites\/vc\/wp-json\/wp\/v2\/tags?post=19483"}],"curies":[{"name":"wp","href":"https:\/\/api.w.org\/{rel}","templated":true}]}}