{"id":19500,"date":"2024-06-25T03:18:35","date_gmt":"2024-06-25T03:18:35","guid":{"rendered":"https:\/\/www.valparaisocreativo.cl\/?p=19500"},"modified":"2024-06-25T03:18:54","modified_gmt":"2024-06-25T03:18:54","slug":"electrodomesticos-presenta-mirar-la-luz-este-29-de-junio-en-el-parque-cultural-de-valparaiso","status":"publish","type":"post","link":"https:\/\/dev.antudigital.cl\/sites\/vc\/electrodomesticos-presenta-mirar-la-luz-este-29-de-junio-en-el-parque-cultural-de-valparaiso\/","title":{"rendered":"Electrodom\u00e9sticos presenta Mirar La Luz este 29 de junio en el Parque Cultural de Valpara\u00edso"},"content":{"rendered":"\n<blockquote class=\"wp-block-quote is-layout-flow wp-block-quote-is-layout-flow\">\n<figure class=\"wp-block-table\"><table><tbody><tr><td>Lo que prepara<strong>\u00a0Electrodom\u00e9sticos en Valpara\u00edso<\/strong>\u00a0ser\u00e1 el segundo show que presencie en vivo\u00a0MIRAR LA LUZ, su nuevo material de estudio, con fecha para este<strong>\u00a0s\u00e1bado\u00a029\u00a0de junio\u00a0en el Teatro Parque Cultural de Valpara\u00edso<\/strong>, desde las 19:00 horas.<br>\u00a0<br>Este concierto ha sido preparado por la banda como una instancia especial, que considera una puesta en escena que no ha visto antes su p\u00fablico. Con nuevos elementos visuales e invitados que acompa\u00f1ar\u00e1n lo musical, el cuarteto recorrer\u00e1 no s\u00f3lo el nuevo disco en su totalidad, sino tambi\u00e9n canciones del repertorio que esperaban su momento para volver a sonar en vivo.<em><strong>\u00abEstamos muy entusiasmados de presentar\u00a0nuestro disco Mirar La Luz, que hemos ido trabajando con un equipo grande, desarrollando una puesta en escena que tiene varias sorpresas, desde lo tecnol\u00f3gico hasta lo humano. Y presentando el disco en vinilo tambi\u00e9n. Estamos trabajando para que sea una experiencia \u00fanica como nos gusta que suceda cuando presentamos nuestros discos\u00bb<\/strong><\/em><strong>,<\/strong>\u00a0anticipa Carlos Cabezas, voz y fundador del grupo.\u00a0<br>\u00a0<br>Adem\u00e1s, en el concierto, se podr\u00e1 acceder a los nuevos dise\u00f1os de merchandising oficial de la banda, as\u00ed como el disco nuevo en vinilo.\u00a0<strong>Entradas bajo sistema\u00a0<\/strong><a href=\"https:\/\/dkx0d.r.sp1-brevo.net\/mk\/cl\/f\/sh\/OycZvHuFo1eQsnbUYIAFqDxf\/55oyl4uU_be2\" target=\"_blank\" rel=\"noreferrer noopener\"><strong>Passline<\/strong><\/a><strong>.<\/strong><em>Mirar la Luz\u00a0<\/em>ya est\u00e1 disponible en plataformas digitales y disquer\u00edas del pa\u00eds.<br><br><a href=\"https:\/\/dkx0d.r.sp1-brevo.net\/mk\/cl\/f\/sh\/OycZvHuFo1kTb2QaACJlPpqB\/_KMyRimSKWJ_\" target=\"_blank\" rel=\"noreferrer noopener\">Entradas disponibles<\/a><br><strong>Adem\u00e1s, accede a un 20% de descuento con el c\u00f3digo VALPARAISOCREATIVO<\/strong><\/td><\/tr><\/tbody><\/table><\/figure>\n<\/blockquote>\n\n\n\n<figure class=\"wp-block-image size-large\"><img fetchpriority=\"high\" decoding=\"async\" width=\"1024\" height=\"1024\" src=\"https:\/\/www.valparaisocreativo.cl\/wp-content\/uploads\/2024\/06\/Descuento-VALPARAISOCREATIVO-1-1024x1024.png\" alt=\"\" class=\"wp-image-19502\" srcset=\"https:\/\/dev.antudigital.cl\/sites\/vc\/wp-content\/uploads\/2024\/06\/Descuento-VALPARAISOCREATIVO-1-1024x1024.png 1024w, https:\/\/dev.antudigital.cl\/sites\/vc\/wp-content\/uploads\/2024\/06\/Descuento-VALPARAISOCREATIVO-1-300x300.png 300w, https:\/\/dev.antudigital.cl\/sites\/vc\/wp-content\/uploads\/2024\/06\/Descuento-VALPARAISOCREATIVO-1-150x150.png 150w, https:\/\/dev.antudigital.cl\/sites\/vc\/wp-content\/uploads\/2024\/06\/Descuento-VALPARAISOCREATIVO-1-768x768.png 768w, https:\/\/dev.antudigital.cl\/sites\/vc\/wp-content\/uploads\/2024\/06\/Descuento-VALPARAISOCREATIVO-1-980x980.png 980w, https:\/\/dev.antudigital.cl\/sites\/vc\/wp-content\/uploads\/2024\/06\/Descuento-VALPARAISOCREATIVO-1-480x480.png 480w, https:\/\/dev.antudigital.cl\/sites\/vc\/wp-content\/uploads\/2024\/06\/Descuento-VALPARAISOCREATIVO-1-24x24.png 24w, https:\/\/dev.antudigital.cl\/sites\/vc\/wp-content\/uploads\/2024\/06\/Descuento-VALPARAISOCREATIVO-1-36x36.png 36w, https:\/\/dev.antudigital.cl\/sites\/vc\/wp-content\/uploads\/2024\/06\/Descuento-VALPARAISOCREATIVO-1-48x48.png 48w, https:\/\/dev.antudigital.cl\/sites\/vc\/wp-content\/uploads\/2024\/06\/Descuento-VALPARAISOCREATIVO-1.png 1080w\" sizes=\"(max-width: 1024px) 100vw, 1024px\" \/><\/figure>\n","protected":false},"excerpt":{"rendered":"<p>Lo que prepara\u00a0Electrodom\u00e9sticos en Valpara\u00edso\u00a0ser\u00e1 el segundo show que presencie en vivo\u00a0MIRAR LA LUZ, su nuevo material de estudio, con fecha para este\u00a0s\u00e1bado\u00a029\u00a0de junio\u00a0en el Teatro Parque Cultural de Valpara\u00edso, desde las 19:00 horas.\u00a0Este concierto ha sido preparado por la banda como una instancia especial, que considera una puesta en escena que no ha visto [&hellip;]<\/p>\n","protected":false},"author":1,"featured_media":19501,"comment_status":"closed","ping_status":"closed","sticky":false,"template":"","format":"standard","meta":{"_acf_changed":false,"footnotes":""},"categories":[1],"tags":[],"class_list":["post-19500","post","type-post","status-publish","format-standard","has-post-thumbnail","hentry","category-uncategorized"],"acf":[],"yoast_head":"<!-- This site is optimized with the Yoast SEO plugin v27.1.1 - https:\/\/yoast.com\/product\/yoast-seo-wordpress\/ -->\n<title>Electrodom\u00e9sticos presenta Mirar La Luz este 29 de junio en el Parque Cultural de Valpara\u00edso - Valpara\u00ed\u00adso Creativo<\/title>\n<meta name=\"robots\" content=\"index, follow, max-snippet:-1, max-image-preview:large, max-video-preview:-1\" \/>\n<link rel=\"canonical\" href=\"https:\/\/dev.antudigital.cl\/sites\/vc\/electrodomesticos-presenta-mirar-la-luz-este-29-de-junio-en-el-parque-cultural-de-valparaiso\/\" \/>\n<meta property=\"og:locale\" content=\"es_ES\" \/>\n<meta property=\"og:type\" content=\"article\" \/>\n<meta property=\"og:title\" content=\"Electrodom\u00e9sticos presenta Mirar La Luz este 29 de junio en el Parque Cultural de Valpara\u00edso - Valpara\u00ed\u00adso Creativo\" \/>\n<meta property=\"og:description\" content=\"Lo que prepara\u00a0Electrodom\u00e9sticos en Valpara\u00edso\u00a0ser\u00e1 el segundo show que presencie en vivo\u00a0MIRAR LA LUZ, su nuevo material de estudio, con fecha para este\u00a0s\u00e1bado\u00a029\u00a0de junio\u00a0en el Teatro Parque Cultural de Valpara\u00edso, desde las 19:00 horas.\u00a0Este concierto ha sido preparado por la banda como una instancia especial, que considera una puesta en escena que no ha visto [&hellip;]\" \/>\n<meta property=\"og:url\" content=\"https:\/\/dev.antudigital.cl\/sites\/vc\/electrodomesticos-presenta-mirar-la-luz-este-29-de-junio-en-el-parque-cultural-de-valparaiso\/\" \/>\n<meta property=\"og:site_name\" content=\"Valpara\u00ed\u00adso Creativo\" \/>\n<meta property=\"article:published_time\" content=\"2024-06-25T03:18:35+00:00\" \/>\n<meta property=\"article:modified_time\" content=\"2024-06-25T03:18:54+00:00\" \/>\n<meta property=\"og:image\" content=\"https:\/\/dev.antudigital.cl\/sites\/vc\/wp-content\/uploads\/2024\/06\/Captura-de-Pantalla-2024-06-24-a-las-23.17.23.png\" \/>\n\t<meta property=\"og:image:width\" content=\"815\" \/>\n\t<meta property=\"og:image:height\" content=\"551\" \/>\n\t<meta property=\"og:image:type\" content=\"image\/png\" \/>\n<meta name=\"author\" content=\"Valpara\u00edso Creativo\" \/>\n<meta name=\"twitter:card\" content=\"summary_large_image\" \/>\n<meta name=\"twitter:label1\" content=\"Escrito por\" \/>\n\t<meta name=\"twitter:data1\" content=\"Valpara\u00edso Creativo\" \/>\n\t<meta name=\"twitter:label2\" content=\"Tiempo de lectura\" \/>\n\t<meta name=\"twitter:data2\" content=\"1 minuto\" \/>\n<script type=\"application\/ld+json\" class=\"yoast-schema-graph\">{\"@context\":\"https:\/\/schema.org\",\"@graph\":[{\"@type\":\"Article\",\"@id\":\"https:\/\/dev.antudigital.cl\/sites\/vc\/electrodomesticos-presenta-mirar-la-luz-este-29-de-junio-en-el-parque-cultural-de-valparaiso\/#article\",\"isPartOf\":{\"@id\":\"https:\/\/dev.antudigital.cl\/sites\/vc\/electrodomesticos-presenta-mirar-la-luz-este-29-de-junio-en-el-parque-cultural-de-valparaiso\/\"},\"author\":{\"name\":\"Valpara\u00edso Creativo\",\"@id\":\"https:\/\/dev.antudigital.cl\/sites\/vc\/#\/schema\/person\/c2b9da8dd545e27166fc5ab232837318\"},\"headline\":\"Electrodom\u00e9sticos presenta Mirar La Luz este 29 de junio en el Parque Cultural de Valpara\u00edso\",\"datePublished\":\"2024-06-25T03:18:35+00:00\",\"dateModified\":\"2024-06-25T03:18:54+00:00\",\"mainEntityOfPage\":{\"@id\":\"https:\/\/dev.antudigital.cl\/sites\/vc\/electrodomesticos-presenta-mirar-la-luz-este-29-de-junio-en-el-parque-cultural-de-valparaiso\/\"},\"wordCount\":251,\"image\":{\"@id\":\"https:\/\/dev.antudigital.cl\/sites\/vc\/electrodomesticos-presenta-mirar-la-luz-este-29-de-junio-en-el-parque-cultural-de-valparaiso\/#primaryimage\"},\"thumbnailUrl\":\"https:\/\/dev.antudigital.cl\/sites\/vc\/wp-content\/uploads\/2024\/06\/Captura-de-Pantalla-2024-06-24-a-las-23.17.23.png\",\"articleSection\":[\"Uncategorized\"],\"inLanguage\":\"es\"},{\"@type\":\"WebPage\",\"@id\":\"https:\/\/dev.antudigital.cl\/sites\/vc\/electrodomesticos-presenta-mirar-la-luz-este-29-de-junio-en-el-parque-cultural-de-valparaiso\/\",\"url\":\"https:\/\/dev.antudigital.cl\/sites\/vc\/electrodomesticos-presenta-mirar-la-luz-este-29-de-junio-en-el-parque-cultural-de-valparaiso\/\",\"name\":\"Electrodom\u00e9sticos presenta Mirar La Luz este 29 de junio en el Parque Cultural de Valpara\u00edso - Valpara\u00ed\u00adso Creativo\",\"isPartOf\":{\"@id\":\"https:\/\/dev.antudigital.cl\/sites\/vc\/#website\"},\"primaryImageOfPage\":{\"@id\":\"https:\/\/dev.antudigital.cl\/sites\/vc\/electrodomesticos-presenta-mirar-la-luz-este-29-de-junio-en-el-parque-cultural-de-valparaiso\/#primaryimage\"},\"image\":{\"@id\":\"https:\/\/dev.antudigital.cl\/sites\/vc\/electrodomesticos-presenta-mirar-la-luz-este-29-de-junio-en-el-parque-cultural-de-valparaiso\/#primaryimage\"},\"thumbnailUrl\":\"https:\/\/dev.antudigital.cl\/sites\/vc\/wp-content\/uploads\/2024\/06\/Captura-de-Pantalla-2024-06-24-a-las-23.17.23.png\",\"datePublished\":\"2024-06-25T03:18:35+00:00\",\"dateModified\":\"2024-06-25T03:18:54+00:00\",\"author\":{\"@id\":\"https:\/\/dev.antudigital.cl\/sites\/vc\/#\/schema\/person\/c2b9da8dd545e27166fc5ab232837318\"},\"breadcrumb\":{\"@id\":\"https:\/\/dev.antudigital.cl\/sites\/vc\/electrodomesticos-presenta-mirar-la-luz-este-29-de-junio-en-el-parque-cultural-de-valparaiso\/#breadcrumb\"},\"inLanguage\":\"es\",\"potentialAction\":[{\"@type\":\"ReadAction\",\"target\":[\"https:\/\/dev.antudigital.cl\/sites\/vc\/electrodomesticos-presenta-mirar-la-luz-este-29-de-junio-en-el-parque-cultural-de-valparaiso\/\"]}]},{\"@type\":\"ImageObject\",\"inLanguage\":\"es\",\"@id\":\"https:\/\/dev.antudigital.cl\/sites\/vc\/electrodomesticos-presenta-mirar-la-luz-este-29-de-junio-en-el-parque-cultural-de-valparaiso\/#primaryimage\",\"url\":\"https:\/\/dev.antudigital.cl\/sites\/vc\/wp-content\/uploads\/2024\/06\/Captura-de-Pantalla-2024-06-24-a-las-23.17.23.png\",\"contentUrl\":\"https:\/\/dev.antudigital.cl\/sites\/vc\/wp-content\/uploads\/2024\/06\/Captura-de-Pantalla-2024-06-24-a-las-23.17.23.png\",\"width\":815,\"height\":551},{\"@type\":\"BreadcrumbList\",\"@id\":\"https:\/\/dev.antudigital.cl\/sites\/vc\/electrodomesticos-presenta-mirar-la-luz-este-29-de-junio-en-el-parque-cultural-de-valparaiso\/#breadcrumb\",\"itemListElement\":[{\"@type\":\"ListItem\",\"position\":1,\"name\":\"Home\",\"item\":\"https:\/\/dev.antudigital.cl\/sites\/vc\/\"},{\"@type\":\"ListItem\",\"position\":2,\"name\":\"Electrodom\u00e9sticos presenta Mirar La Luz este 29 de junio en el Parque Cultural de Valpara\u00edso\"}]},{\"@type\":\"WebSite\",\"@id\":\"https:\/\/dev.antudigital.cl\/sites\/vc\/#website\",\"url\":\"https:\/\/dev.antudigital.cl\/sites\/vc\/\",\"name\":\"Valpara\u00ed\u00adso Creativo\",\"description\":\"\",\"potentialAction\":[{\"@type\":\"SearchAction\",\"target\":{\"@type\":\"EntryPoint\",\"urlTemplate\":\"https:\/\/dev.antudigital.cl\/sites\/vc\/?s={search_term_string}\"},\"query-input\":{\"@type\":\"PropertyValueSpecification\",\"valueRequired\":true,\"valueName\":\"search_term_string\"}}],\"inLanguage\":\"es\"},{\"@type\":\"Person\",\"@id\":\"https:\/\/dev.antudigital.cl\/sites\/vc\/#\/schema\/person\/c2b9da8dd545e27166fc5ab232837318\",\"name\":\"Valpara\u00edso Creativo\",\"description\":\"Periodista de cultura en la Regi\u00f3n de Valpara\u00edso.\",\"url\":\"https:\/\/dev.antudigital.cl\/sites\/vc\/author\/valpoadmin\/\"}]}<\/script>\n<!-- \/ Yoast SEO plugin. -->","yoast_head_json":{"title":"Electrodom\u00e9sticos presenta Mirar La Luz este 29 de junio en el Parque Cultural de Valpara\u00edso - Valpara\u00ed\u00adso Creativo","robots":{"index":"index","follow":"follow","max-snippet":"max-snippet:-1","max-image-preview":"max-image-preview:large","max-video-preview":"max-video-preview:-1"},"canonical":"https:\/\/dev.antudigital.cl\/sites\/vc\/electrodomesticos-presenta-mirar-la-luz-este-29-de-junio-en-el-parque-cultural-de-valparaiso\/","og_locale":"es_ES","og_type":"article","og_title":"Electrodom\u00e9sticos presenta Mirar La Luz este 29 de junio en el Parque Cultural de Valpara\u00edso - Valpara\u00ed\u00adso Creativo","og_description":"Lo que prepara\u00a0Electrodom\u00e9sticos en Valpara\u00edso\u00a0ser\u00e1 el segundo show que presencie en vivo\u00a0MIRAR LA LUZ, su nuevo material de estudio, con fecha para este\u00a0s\u00e1bado\u00a029\u00a0de junio\u00a0en el Teatro Parque Cultural de Valpara\u00edso, desde las 19:00 horas.\u00a0Este concierto ha sido preparado por la banda como una instancia especial, que considera una puesta en escena que no ha visto [&hellip;]","og_url":"https:\/\/dev.antudigital.cl\/sites\/vc\/electrodomesticos-presenta-mirar-la-luz-este-29-de-junio-en-el-parque-cultural-de-valparaiso\/","og_site_name":"Valpara\u00ed\u00adso Creativo","article_published_time":"2024-06-25T03:18:35+00:00","article_modified_time":"2024-06-25T03:18:54+00:00","og_image":[{"width":815,"height":551,"url":"https:\/\/dev.antudigital.cl\/sites\/vc\/wp-content\/uploads\/2024\/06\/Captura-de-Pantalla-2024-06-24-a-las-23.17.23.png","type":"image\/png"}],"author":"Valpara\u00edso Creativo","twitter_card":"summary_large_image","twitter_misc":{"Escrito por":"Valpara\u00edso Creativo","Tiempo de lectura":"1 minuto"},"schema":{"@context":"https:\/\/schema.org","@graph":[{"@type":"Article","@id":"https:\/\/dev.antudigital.cl\/sites\/vc\/electrodomesticos-presenta-mirar-la-luz-este-29-de-junio-en-el-parque-cultural-de-valparaiso\/#article","isPartOf":{"@id":"https:\/\/dev.antudigital.cl\/sites\/vc\/electrodomesticos-presenta-mirar-la-luz-este-29-de-junio-en-el-parque-cultural-de-valparaiso\/"},"author":{"name":"Valpara\u00edso Creativo","@id":"https:\/\/dev.antudigital.cl\/sites\/vc\/#\/schema\/person\/c2b9da8dd545e27166fc5ab232837318"},"headline":"Electrodom\u00e9sticos presenta Mirar La Luz este 29 de junio en el Parque Cultural de Valpara\u00edso","datePublished":"2024-06-25T03:18:35+00:00","dateModified":"2024-06-25T03:18:54+00:00","mainEntityOfPage":{"@id":"https:\/\/dev.antudigital.cl\/sites\/vc\/electrodomesticos-presenta-mirar-la-luz-este-29-de-junio-en-el-parque-cultural-de-valparaiso\/"},"wordCount":251,"image":{"@id":"https:\/\/dev.antudigital.cl\/sites\/vc\/electrodomesticos-presenta-mirar-la-luz-este-29-de-junio-en-el-parque-cultural-de-valparaiso\/#primaryimage"},"thumbnailUrl":"https:\/\/dev.antudigital.cl\/sites\/vc\/wp-content\/uploads\/2024\/06\/Captura-de-Pantalla-2024-06-24-a-las-23.17.23.png","articleSection":["Uncategorized"],"inLanguage":"es"},{"@type":"WebPage","@id":"https:\/\/dev.antudigital.cl\/sites\/vc\/electrodomesticos-presenta-mirar-la-luz-este-29-de-junio-en-el-parque-cultural-de-valparaiso\/","url":"https:\/\/dev.antudigital.cl\/sites\/vc\/electrodomesticos-presenta-mirar-la-luz-este-29-de-junio-en-el-parque-cultural-de-valparaiso\/","name":"Electrodom\u00e9sticos presenta Mirar La Luz este 29 de junio en el Parque Cultural de Valpara\u00edso - Valpara\u00ed\u00adso Creativo","isPartOf":{"@id":"https:\/\/dev.antudigital.cl\/sites\/vc\/#website"},"primaryImageOfPage":{"@id":"https:\/\/dev.antudigital.cl\/sites\/vc\/electrodomesticos-presenta-mirar-la-luz-este-29-de-junio-en-el-parque-cultural-de-valparaiso\/#primaryimage"},"image":{"@id":"https:\/\/dev.antudigital.cl\/sites\/vc\/electrodomesticos-presenta-mirar-la-luz-este-29-de-junio-en-el-parque-cultural-de-valparaiso\/#primaryimage"},"thumbnailUrl":"https:\/\/dev.antudigital.cl\/sites\/vc\/wp-content\/uploads\/2024\/06\/Captura-de-Pantalla-2024-06-24-a-las-23.17.23.png","datePublished":"2024-06-25T03:18:35+00:00","dateModified":"2024-06-25T03:18:54+00:00","author":{"@id":"https:\/\/dev.antudigital.cl\/sites\/vc\/#\/schema\/person\/c2b9da8dd545e27166fc5ab232837318"},"breadcrumb":{"@id":"https:\/\/dev.antudigital.cl\/sites\/vc\/electrodomesticos-presenta-mirar-la-luz-este-29-de-junio-en-el-parque-cultural-de-valparaiso\/#breadcrumb"},"inLanguage":"es","potentialAction":[{"@type":"ReadAction","target":["https:\/\/dev.antudigital.cl\/sites\/vc\/electrodomesticos-presenta-mirar-la-luz-este-29-de-junio-en-el-parque-cultural-de-valparaiso\/"]}]},{"@type":"ImageObject","inLanguage":"es","@id":"https:\/\/dev.antudigital.cl\/sites\/vc\/electrodomesticos-presenta-mirar-la-luz-este-29-de-junio-en-el-parque-cultural-de-valparaiso\/#primaryimage","url":"https:\/\/dev.antudigital.cl\/sites\/vc\/wp-content\/uploads\/2024\/06\/Captura-de-Pantalla-2024-06-24-a-las-23.17.23.png","contentUrl":"https:\/\/dev.antudigital.cl\/sites\/vc\/wp-content\/uploads\/2024\/06\/Captura-de-Pantalla-2024-06-24-a-las-23.17.23.png","width":815,"height":551},{"@type":"BreadcrumbList","@id":"https:\/\/dev.antudigital.cl\/sites\/vc\/electrodomesticos-presenta-mirar-la-luz-este-29-de-junio-en-el-parque-cultural-de-valparaiso\/#breadcrumb","itemListElement":[{"@type":"ListItem","position":1,"name":"Home","item":"https:\/\/dev.antudigital.cl\/sites\/vc\/"},{"@type":"ListItem","position":2,"name":"Electrodom\u00e9sticos presenta Mirar La Luz este 29 de junio en el Parque Cultural de Valpara\u00edso"}]},{"@type":"WebSite","@id":"https:\/\/dev.antudigital.cl\/sites\/vc\/#website","url":"https:\/\/dev.antudigital.cl\/sites\/vc\/","name":"Valpara\u00ed\u00adso Creativo","description":"","potentialAction":[{"@type":"SearchAction","target":{"@type":"EntryPoint","urlTemplate":"https:\/\/dev.antudigital.cl\/sites\/vc\/?s={search_term_string}"},"query-input":{"@type":"PropertyValueSpecification","valueRequired":true,"valueName":"search_term_string"}}],"inLanguage":"es"},{"@type":"Person","@id":"https:\/\/dev.antudigital.cl\/sites\/vc\/#\/schema\/person\/c2b9da8dd545e27166fc5ab232837318","name":"Valpara\u00edso Creativo","description":"Periodista de cultura en la Regi\u00f3n de Valpara\u00edso.","url":"https:\/\/dev.antudigital.cl\/sites\/vc\/author\/valpoadmin\/"}]}},"_links":{"self":[{"href":"https:\/\/dev.antudigital.cl\/sites\/vc\/wp-json\/wp\/v2\/posts\/19500","targetHints":{"allow":["GET"]}}],"collection":[{"href":"https:\/\/dev.antudigital.cl\/sites\/vc\/wp-json\/wp\/v2\/posts"}],"about":[{"href":"https:\/\/dev.antudigital.cl\/sites\/vc\/wp-json\/wp\/v2\/types\/post"}],"author":[{"embeddable":true,"href":"https:\/\/dev.antudigital.cl\/sites\/vc\/wp-json\/wp\/v2\/users\/1"}],"replies":[{"embeddable":true,"href":"https:\/\/dev.antudigital.cl\/sites\/vc\/wp-json\/wp\/v2\/comments?post=19500"}],"version-history":[{"count":1,"href":"https:\/\/dev.antudigital.cl\/sites\/vc\/wp-json\/wp\/v2\/posts\/19500\/revisions"}],"predecessor-version":[{"id":19503,"href":"https:\/\/dev.antudigital.cl\/sites\/vc\/wp-json\/wp\/v2\/posts\/19500\/revisions\/19503"}],"wp:featuredmedia":[{"embeddable":true,"href":"https:\/\/dev.antudigital.cl\/sites\/vc\/wp-json\/wp\/v2\/media\/19501"}],"wp:attachment":[{"href":"https:\/\/dev.antudigital.cl\/sites\/vc\/wp-json\/wp\/v2\/media?parent=19500"}],"wp:term":[{"taxonomy":"category","embeddable":true,"href":"https:\/\/dev.antudigital.cl\/sites\/vc\/wp-json\/wp\/v2\/categories?post=19500"},{"taxonomy":"post_tag","embeddable":true,"href":"https:\/\/dev.antudigital.cl\/sites\/vc\/wp-json\/wp\/v2\/tags?post=19500"}],"curies":[{"name":"wp","href":"https:\/\/api.w.org\/{rel}","templated":true}]}}