{"id":19504,"date":"2024-06-25T03:24:57","date_gmt":"2024-06-25T03:24:57","guid":{"rendered":"https:\/\/www.valparaisocreativo.cl\/?p=19504"},"modified":"2024-06-25T03:25:16","modified_gmt":"2024-06-25T03:25:16","slug":"habitantes-productor-musical-de-quilpue-lanza-un-nuevo-adelanto-de-su-disco-geminis","status":"publish","type":"post","link":"https:\/\/dev.antudigital.cl\/sites\/vc\/habitantes-productor-musical-de-quilpue-lanza-un-nuevo-adelanto-de-su-disco-geminis\/","title":{"rendered":"\u201cHabitantes\u201d: productor musical de Quilpu\u00e9 lanza un nuevo adelanto de su disco \u201cG\u00e9minis\u201d"},"content":{"rendered":"\n<p><em>El m\u00fasico y productor musical Le\u00f3n Mart\u00edn, ya lanz\u00f3 en plataformas digitales parte de lo que ser\u00e1 su primer LP \u201cG\u00e9minis: m\u00fasica de ra\u00edz, desde la ra\u00edz del coraz\u00f3n\u00bb, autoproducci\u00f3n musical realizada en CalleFolk.<\/em><\/p>\n\n\n\n<p><em>***<\/em><\/p>\n\n\n\n<p>Le\u00f3n Mart\u00edn, destacado m\u00fasico, int\u00e9rprete, compositor, productor musical y director de arte, lanz\u00f3 su segundo single \u00abHabitantes\u00bb, parte de su pr\u00f3ximo disco \u00abG\u00e9minis\u00bb. Este nuevo adelanto se suma a la propuesta musical que define a Le\u00f3n Mart\u00edn como un referente de la m\u00fasica fusi\u00f3n de ra\u00edz, tocando las fibras m\u00e1s profundas del coraz\u00f3n.<\/p>\n\n\n\n<p>Le\u00f3n Mart\u00edn, nombrado miembro Cultor de la M\u00fasica de la Bohemia Tradicional de Valpara\u00edso en 2022 y fundador de CalleFolk Records, ha trabajado intensamente para presentar esta nueva creaci\u00f3n, donde se ha acompa\u00f1ado de destacados y destacadas artistas de la regi\u00f3n: Vivi C, Cami Olmos, Sebasti\u00e1n Oyarz\u00fan, Juanito Castro, Ayel\u00e9n Lautaro, Miguel Barra y Luis Carrasco.<\/p>\n\n\n\n<p>\u201c<em>Es una composici\u00f3n profundamente personal, escrita el d\u00eda que naci\u00f3 mi hijo en medio de la pandemia, una tormenta y el mar. Es una canci\u00f3n que inicialmente brot\u00f3 para mi familia, pero que, en su desarrollo, se convirti\u00f3 en un himno para todos aquellos y aquellas que aman sin medidas, sin reparos, sin inter\u00e9s ni condiciones, al amor supremo\u201d,&nbsp;<\/em>detalla Le\u00f3n Mart\u00edn respecto a \u201cHabitantes\u201d.<\/p>\n\n\n\n<p>Este single es una auto-producci\u00f3n musical, materializada en el estudio CalleFolk, donde el artista se encarg\u00f3 de componer, grabar, mezclar y masterizar la obra. La autoproducci\u00f3n, seg\u00fan Le\u00f3n Mart\u00edn, \u201c<em>es una herramienta que permite aterrizar ideas musicales, reconocer las etapas y contenidos creativos necesarios para cada producci\u00f3n y gestionar los tiempos de desarrollo de mi m\u00fasica. La autoproducci\u00f3n es parte integral de mi proceso creativo, que me permite lograr sensaciones dif\u00edciles de verbalizar<\/em>\u201d.<\/p>\n\n\n\n<p>El disco \u00abG\u00e9minis: M\u00fasica de ra\u00edz, desde la ra\u00edz del coraz\u00f3n\u00bb es una obra que sintetiza el v\u00ednculo de Le\u00f3n Mart\u00edn con las diversas m\u00fasicas que ha cultivado durante 15 a\u00f1os de trabajo en el circuito musical de Valpara\u00edso. Con una sonoridad fresca y una \u00f3ptica creativa urbana y porte\u00f1a, el disco se destaca por su escritura chilena en coplas y d\u00e9cimas.<\/p>\n\n\n\n<p><strong>Videoclip<\/strong><\/p>\n\n\n\n<p>\u201cHabitantes\u201d se lanz\u00f3 a las plataformas digitales de m\u00fasica junto a un videoclip, disponible en Youtube, realizado por Pablo Saavedra de la productora Resonante Audiovisual.<\/p>\n\n\n\n<p>Este video, se\u00f1ala Le\u00f3n Mart\u00edn, \u201c<em>representa las etapas de gestaci\u00f3n y desarrollo de un hijo, convirti\u00e9ndose tambi\u00e9n en un \u00e1lbum familiar y un testimonio visual<\/em>\u201d.<\/p>\n\n\n\n<p><strong>Sobre el artista<\/strong><\/p>\n\n\n\n<p>Le\u00f3n Mart\u00edn se forma como int\u00e9rprete musical en la ciudad de Valpara\u00edso y ha colaborado en el circuito de m\u00fasica nacional en agrupaciones como Movimiento Original, Mauricio Redol\u00e9s y La Quinta de Los N\u00fa\u00f1ez. Actualmente, es parte de la banda Arte Elegante, La Isla de la Fantas\u00eda y Melissa Johnson y Chagual, donde adem\u00e1s es productor musical.&nbsp;<\/p>\n\n\n\n<p>Dentro de sus producciones podemos destacar el primer disco de tango de Valpara\u00edso \u201cTomacho Santib\u00e1\u00f1ez y La Revancha\u201d, el cantautor Diego de la Trova, Las Mestizas Cueca y el cultor e hijo ilustre C\u00e9sar Olivares.<\/p>\n\n\n\n<p>Le\u00f3n Mart\u00edn estar\u00e1 compartiendo esta obra en un concierto en vivo en noviembre, y espera contar con la presencia y el apoyo de todos. Cabe destacar que esta&nbsp;auto producci\u00f3n&nbsp;musical no cuenta con financiamiento, sino que ha sido un trabajo autogestionado y colaborativo.<br><a href=\"https:\/\/open.spotify.com\/intl-es\/album\/3xivpjwwSeZlMoQoZYy2OA?si=g0IvipR2Qcenlla3guaZpw\" target=\"_blank\" rel=\"noreferrer noopener\">\u00abHabitantes\u00bb en Spotify<\/a><\/p>\n\n\n\n<p><a href=\"https:\/\/youtu.be\/c8oCqVPU4jg?si=oAFpLnHIobZoNkPM\" target=\"_blank\" rel=\"noreferrer noopener\">Videoclip \u00abHabitantes\u00bb en Youtube<\/a><\/p>\n\n\n\n<p><a href=\"https:\/\/www.instagram.com\/leonmartinproduce\/\" target=\"_blank\" rel=\"noreferrer noopener\">Instagram:\u00a0@leonmartinproduce<\/a><\/p>\n\n\n\n<figure class=\"wp-block-image size-large\"><img fetchpriority=\"high\" decoding=\"async\" width=\"1024\" height=\"1024\" src=\"https:\/\/www.valparaisocreativo.cl\/wp-content\/uploads\/2024\/06\/LEON-MARTIN-HABITANTES-CD-Album-Cover-1024x1024.png\" alt=\"\" class=\"wp-image-19506\" srcset=\"https:\/\/dev.antudigital.cl\/sites\/vc\/wp-content\/uploads\/2024\/06\/LEON-MARTIN-HABITANTES-CD-Album-Cover-1024x1024.png 1024w, https:\/\/dev.antudigital.cl\/sites\/vc\/wp-content\/uploads\/2024\/06\/LEON-MARTIN-HABITANTES-CD-Album-Cover-300x300.png 300w, https:\/\/dev.antudigital.cl\/sites\/vc\/wp-content\/uploads\/2024\/06\/LEON-MARTIN-HABITANTES-CD-Album-Cover-150x150.png 150w, https:\/\/dev.antudigital.cl\/sites\/vc\/wp-content\/uploads\/2024\/06\/LEON-MARTIN-HABITANTES-CD-Album-Cover-768x768.png 768w, https:\/\/dev.antudigital.cl\/sites\/vc\/wp-content\/uploads\/2024\/06\/LEON-MARTIN-HABITANTES-CD-Album-Cover-1536x1536.png 1536w, https:\/\/dev.antudigital.cl\/sites\/vc\/wp-content\/uploads\/2024\/06\/LEON-MARTIN-HABITANTES-CD-Album-Cover-2048x2048.png 2048w, https:\/\/dev.antudigital.cl\/sites\/vc\/wp-content\/uploads\/2024\/06\/LEON-MARTIN-HABITANTES-CD-Album-Cover-1080x1080.png 1080w, https:\/\/dev.antudigital.cl\/sites\/vc\/wp-content\/uploads\/2024\/06\/LEON-MARTIN-HABITANTES-CD-Album-Cover-1280x1280.png 1280w, https:\/\/dev.antudigital.cl\/sites\/vc\/wp-content\/uploads\/2024\/06\/LEON-MARTIN-HABITANTES-CD-Album-Cover-980x980.png 980w, https:\/\/dev.antudigital.cl\/sites\/vc\/wp-content\/uploads\/2024\/06\/LEON-MARTIN-HABITANTES-CD-Album-Cover-480x480.png 480w, https:\/\/dev.antudigital.cl\/sites\/vc\/wp-content\/uploads\/2024\/06\/LEON-MARTIN-HABITANTES-CD-Album-Cover-24x24.png 24w, https:\/\/dev.antudigital.cl\/sites\/vc\/wp-content\/uploads\/2024\/06\/LEON-MARTIN-HABITANTES-CD-Album-Cover-36x36.png 36w, https:\/\/dev.antudigital.cl\/sites\/vc\/wp-content\/uploads\/2024\/06\/LEON-MARTIN-HABITANTES-CD-Album-Cover-48x48.png 48w\" sizes=\"(max-width: 1024px) 100vw, 1024px\" \/><\/figure>\n","protected":false},"excerpt":{"rendered":"<p>El m\u00fasico y productor musical Le\u00f3n Mart\u00edn, ya lanz\u00f3 en plataformas digitales parte de lo que ser\u00e1 su primer LP \u201cG\u00e9minis: m\u00fasica de ra\u00edz, desde la ra\u00edz del coraz\u00f3n\u00bb, autoproducci\u00f3n musical realizada en CalleFolk. *** Le\u00f3n Mart\u00edn, destacado m\u00fasico, int\u00e9rprete, compositor, productor musical y director de arte, lanz\u00f3 su segundo single \u00abHabitantes\u00bb, parte de su [&hellip;]<\/p>\n","protected":false},"author":1,"featured_media":19505,"comment_status":"closed","ping_status":"closed","sticky":false,"template":"","format":"standard","meta":{"_acf_changed":false,"footnotes":""},"categories":[8],"tags":[],"class_list":["post-19504","post","type-post","status-publish","format-standard","has-post-thumbnail","hentry","category-noticia"],"acf":[],"yoast_head":"<!-- This site is optimized with the Yoast SEO plugin v27.1.1 - https:\/\/yoast.com\/product\/yoast-seo-wordpress\/ -->\n<title>\u201cHabitantes\u201d: productor musical de Quilpu\u00e9 lanza un nuevo adelanto de su disco \u201cG\u00e9minis\u201d - Valpara\u00ed\u00adso Creativo<\/title>\n<meta name=\"robots\" content=\"index, follow, max-snippet:-1, max-image-preview:large, max-video-preview:-1\" \/>\n<link rel=\"canonical\" href=\"https:\/\/dev.antudigital.cl\/sites\/vc\/habitantes-productor-musical-de-quilpue-lanza-un-nuevo-adelanto-de-su-disco-geminis\/\" \/>\n<meta property=\"og:locale\" content=\"es_ES\" \/>\n<meta property=\"og:type\" content=\"article\" \/>\n<meta property=\"og:title\" content=\"\u201cHabitantes\u201d: productor musical de Quilpu\u00e9 lanza un nuevo adelanto de su disco \u201cG\u00e9minis\u201d - Valpara\u00ed\u00adso Creativo\" \/>\n<meta property=\"og:description\" content=\"El m\u00fasico y productor musical Le\u00f3n Mart\u00edn, ya lanz\u00f3 en plataformas digitales parte de lo que ser\u00e1 su primer LP \u201cG\u00e9minis: m\u00fasica de ra\u00edz, desde la ra\u00edz del coraz\u00f3n\u00bb, autoproducci\u00f3n musical realizada en CalleFolk. *** Le\u00f3n Mart\u00edn, destacado m\u00fasico, int\u00e9rprete, compositor, productor musical y director de arte, lanz\u00f3 su segundo single \u00abHabitantes\u00bb, parte de su [&hellip;]\" \/>\n<meta property=\"og:url\" content=\"https:\/\/dev.antudigital.cl\/sites\/vc\/habitantes-productor-musical-de-quilpue-lanza-un-nuevo-adelanto-de-su-disco-geminis\/\" \/>\n<meta property=\"og:site_name\" content=\"Valpara\u00ed\u00adso Creativo\" \/>\n<meta property=\"article:published_time\" content=\"2024-06-25T03:24:57+00:00\" \/>\n<meta property=\"article:modified_time\" content=\"2024-06-25T03:25:16+00:00\" \/>\n<meta property=\"og:image\" content=\"https:\/\/dev.antudigital.cl\/sites\/vc\/wp-content\/uploads\/2024\/06\/Leon-Martin-Habitantes-scaled.jpg\" \/>\n\t<meta property=\"og:image:width\" content=\"2560\" \/>\n\t<meta property=\"og:image:height\" content=\"2560\" \/>\n\t<meta property=\"og:image:type\" content=\"image\/jpeg\" \/>\n<meta name=\"author\" content=\"Valpara\u00edso Creativo\" \/>\n<meta name=\"twitter:card\" content=\"summary_large_image\" \/>\n<meta name=\"twitter:label1\" content=\"Escrito por\" \/>\n\t<meta name=\"twitter:data1\" content=\"Valpara\u00edso Creativo\" \/>\n\t<meta name=\"twitter:label2\" content=\"Tiempo de lectura\" \/>\n\t<meta name=\"twitter:data2\" content=\"3 minutos\" \/>\n<script type=\"application\/ld+json\" class=\"yoast-schema-graph\">{\"@context\":\"https:\/\/schema.org\",\"@graph\":[{\"@type\":\"Article\",\"@id\":\"https:\/\/dev.antudigital.cl\/sites\/vc\/habitantes-productor-musical-de-quilpue-lanza-un-nuevo-adelanto-de-su-disco-geminis\/#article\",\"isPartOf\":{\"@id\":\"https:\/\/dev.antudigital.cl\/sites\/vc\/habitantes-productor-musical-de-quilpue-lanza-un-nuevo-adelanto-de-su-disco-geminis\/\"},\"author\":{\"name\":\"Valpara\u00edso Creativo\",\"@id\":\"https:\/\/dev.antudigital.cl\/sites\/vc\/#\/schema\/person\/c2b9da8dd545e27166fc5ab232837318\"},\"headline\":\"\u201cHabitantes\u201d: productor musical de Quilpu\u00e9 lanza un nuevo adelanto de su disco \u201cG\u00e9minis\u201d\",\"datePublished\":\"2024-06-25T03:24:57+00:00\",\"dateModified\":\"2024-06-25T03:25:16+00:00\",\"mainEntityOfPage\":{\"@id\":\"https:\/\/dev.antudigital.cl\/sites\/vc\/habitantes-productor-musical-de-quilpue-lanza-un-nuevo-adelanto-de-su-disco-geminis\/\"},\"wordCount\":640,\"image\":{\"@id\":\"https:\/\/dev.antudigital.cl\/sites\/vc\/habitantes-productor-musical-de-quilpue-lanza-un-nuevo-adelanto-de-su-disco-geminis\/#primaryimage\"},\"thumbnailUrl\":\"https:\/\/dev.antudigital.cl\/sites\/vc\/wp-content\/uploads\/2024\/06\/Leon-Martin-Habitantes-scaled.jpg\",\"articleSection\":[\"Noticia\"],\"inLanguage\":\"es\"},{\"@type\":\"WebPage\",\"@id\":\"https:\/\/dev.antudigital.cl\/sites\/vc\/habitantes-productor-musical-de-quilpue-lanza-un-nuevo-adelanto-de-su-disco-geminis\/\",\"url\":\"https:\/\/dev.antudigital.cl\/sites\/vc\/habitantes-productor-musical-de-quilpue-lanza-un-nuevo-adelanto-de-su-disco-geminis\/\",\"name\":\"\u201cHabitantes\u201d: productor musical de Quilpu\u00e9 lanza un nuevo adelanto de su disco \u201cG\u00e9minis\u201d - Valpara\u00ed\u00adso Creativo\",\"isPartOf\":{\"@id\":\"https:\/\/dev.antudigital.cl\/sites\/vc\/#website\"},\"primaryImageOfPage\":{\"@id\":\"https:\/\/dev.antudigital.cl\/sites\/vc\/habitantes-productor-musical-de-quilpue-lanza-un-nuevo-adelanto-de-su-disco-geminis\/#primaryimage\"},\"image\":{\"@id\":\"https:\/\/dev.antudigital.cl\/sites\/vc\/habitantes-productor-musical-de-quilpue-lanza-un-nuevo-adelanto-de-su-disco-geminis\/#primaryimage\"},\"thumbnailUrl\":\"https:\/\/dev.antudigital.cl\/sites\/vc\/wp-content\/uploads\/2024\/06\/Leon-Martin-Habitantes-scaled.jpg\",\"datePublished\":\"2024-06-25T03:24:57+00:00\",\"dateModified\":\"2024-06-25T03:25:16+00:00\",\"author\":{\"@id\":\"https:\/\/dev.antudigital.cl\/sites\/vc\/#\/schema\/person\/c2b9da8dd545e27166fc5ab232837318\"},\"breadcrumb\":{\"@id\":\"https:\/\/dev.antudigital.cl\/sites\/vc\/habitantes-productor-musical-de-quilpue-lanza-un-nuevo-adelanto-de-su-disco-geminis\/#breadcrumb\"},\"inLanguage\":\"es\",\"potentialAction\":[{\"@type\":\"ReadAction\",\"target\":[\"https:\/\/dev.antudigital.cl\/sites\/vc\/habitantes-productor-musical-de-quilpue-lanza-un-nuevo-adelanto-de-su-disco-geminis\/\"]}]},{\"@type\":\"ImageObject\",\"inLanguage\":\"es\",\"@id\":\"https:\/\/dev.antudigital.cl\/sites\/vc\/habitantes-productor-musical-de-quilpue-lanza-un-nuevo-adelanto-de-su-disco-geminis\/#primaryimage\",\"url\":\"https:\/\/dev.antudigital.cl\/sites\/vc\/wp-content\/uploads\/2024\/06\/Leon-Martin-Habitantes-scaled.jpg\",\"contentUrl\":\"https:\/\/dev.antudigital.cl\/sites\/vc\/wp-content\/uploads\/2024\/06\/Leon-Martin-Habitantes-scaled.jpg\",\"width\":2560,\"height\":2560},{\"@type\":\"BreadcrumbList\",\"@id\":\"https:\/\/dev.antudigital.cl\/sites\/vc\/habitantes-productor-musical-de-quilpue-lanza-un-nuevo-adelanto-de-su-disco-geminis\/#breadcrumb\",\"itemListElement\":[{\"@type\":\"ListItem\",\"position\":1,\"name\":\"Home\",\"item\":\"https:\/\/dev.antudigital.cl\/sites\/vc\/\"},{\"@type\":\"ListItem\",\"position\":2,\"name\":\"\u201cHabitantes\u201d: productor musical de Quilpu\u00e9 lanza un nuevo adelanto de su disco \u201cG\u00e9minis\u201d\"}]},{\"@type\":\"WebSite\",\"@id\":\"https:\/\/dev.antudigital.cl\/sites\/vc\/#website\",\"url\":\"https:\/\/dev.antudigital.cl\/sites\/vc\/\",\"name\":\"Valpara\u00ed\u00adso Creativo\",\"description\":\"\",\"potentialAction\":[{\"@type\":\"SearchAction\",\"target\":{\"@type\":\"EntryPoint\",\"urlTemplate\":\"https:\/\/dev.antudigital.cl\/sites\/vc\/?s={search_term_string}\"},\"query-input\":{\"@type\":\"PropertyValueSpecification\",\"valueRequired\":true,\"valueName\":\"search_term_string\"}}],\"inLanguage\":\"es\"},{\"@type\":\"Person\",\"@id\":\"https:\/\/dev.antudigital.cl\/sites\/vc\/#\/schema\/person\/c2b9da8dd545e27166fc5ab232837318\",\"name\":\"Valpara\u00edso Creativo\",\"description\":\"Periodista de cultura en la Regi\u00f3n de Valpara\u00edso.\",\"url\":\"https:\/\/dev.antudigital.cl\/sites\/vc\/author\/valpoadmin\/\"}]}<\/script>\n<!-- \/ Yoast SEO plugin. -->","yoast_head_json":{"title":"\u201cHabitantes\u201d: productor musical de Quilpu\u00e9 lanza un nuevo adelanto de su disco \u201cG\u00e9minis\u201d - Valpara\u00ed\u00adso Creativo","robots":{"index":"index","follow":"follow","max-snippet":"max-snippet:-1","max-image-preview":"max-image-preview:large","max-video-preview":"max-video-preview:-1"},"canonical":"https:\/\/dev.antudigital.cl\/sites\/vc\/habitantes-productor-musical-de-quilpue-lanza-un-nuevo-adelanto-de-su-disco-geminis\/","og_locale":"es_ES","og_type":"article","og_title":"\u201cHabitantes\u201d: productor musical de Quilpu\u00e9 lanza un nuevo adelanto de su disco \u201cG\u00e9minis\u201d - Valpara\u00ed\u00adso Creativo","og_description":"El m\u00fasico y productor musical Le\u00f3n Mart\u00edn, ya lanz\u00f3 en plataformas digitales parte de lo que ser\u00e1 su primer LP \u201cG\u00e9minis: m\u00fasica de ra\u00edz, desde la ra\u00edz del coraz\u00f3n\u00bb, autoproducci\u00f3n musical realizada en CalleFolk. *** Le\u00f3n Mart\u00edn, destacado m\u00fasico, int\u00e9rprete, compositor, productor musical y director de arte, lanz\u00f3 su segundo single \u00abHabitantes\u00bb, parte de su [&hellip;]","og_url":"https:\/\/dev.antudigital.cl\/sites\/vc\/habitantes-productor-musical-de-quilpue-lanza-un-nuevo-adelanto-de-su-disco-geminis\/","og_site_name":"Valpara\u00ed\u00adso Creativo","article_published_time":"2024-06-25T03:24:57+00:00","article_modified_time":"2024-06-25T03:25:16+00:00","og_image":[{"width":2560,"height":2560,"url":"https:\/\/dev.antudigital.cl\/sites\/vc\/wp-content\/uploads\/2024\/06\/Leon-Martin-Habitantes-scaled.jpg","type":"image\/jpeg"}],"author":"Valpara\u00edso Creativo","twitter_card":"summary_large_image","twitter_misc":{"Escrito por":"Valpara\u00edso Creativo","Tiempo de lectura":"3 minutos"},"schema":{"@context":"https:\/\/schema.org","@graph":[{"@type":"Article","@id":"https:\/\/dev.antudigital.cl\/sites\/vc\/habitantes-productor-musical-de-quilpue-lanza-un-nuevo-adelanto-de-su-disco-geminis\/#article","isPartOf":{"@id":"https:\/\/dev.antudigital.cl\/sites\/vc\/habitantes-productor-musical-de-quilpue-lanza-un-nuevo-adelanto-de-su-disco-geminis\/"},"author":{"name":"Valpara\u00edso Creativo","@id":"https:\/\/dev.antudigital.cl\/sites\/vc\/#\/schema\/person\/c2b9da8dd545e27166fc5ab232837318"},"headline":"\u201cHabitantes\u201d: productor musical de Quilpu\u00e9 lanza un nuevo adelanto de su disco \u201cG\u00e9minis\u201d","datePublished":"2024-06-25T03:24:57+00:00","dateModified":"2024-06-25T03:25:16+00:00","mainEntityOfPage":{"@id":"https:\/\/dev.antudigital.cl\/sites\/vc\/habitantes-productor-musical-de-quilpue-lanza-un-nuevo-adelanto-de-su-disco-geminis\/"},"wordCount":640,"image":{"@id":"https:\/\/dev.antudigital.cl\/sites\/vc\/habitantes-productor-musical-de-quilpue-lanza-un-nuevo-adelanto-de-su-disco-geminis\/#primaryimage"},"thumbnailUrl":"https:\/\/dev.antudigital.cl\/sites\/vc\/wp-content\/uploads\/2024\/06\/Leon-Martin-Habitantes-scaled.jpg","articleSection":["Noticia"],"inLanguage":"es"},{"@type":"WebPage","@id":"https:\/\/dev.antudigital.cl\/sites\/vc\/habitantes-productor-musical-de-quilpue-lanza-un-nuevo-adelanto-de-su-disco-geminis\/","url":"https:\/\/dev.antudigital.cl\/sites\/vc\/habitantes-productor-musical-de-quilpue-lanza-un-nuevo-adelanto-de-su-disco-geminis\/","name":"\u201cHabitantes\u201d: productor musical de Quilpu\u00e9 lanza un nuevo adelanto de su disco \u201cG\u00e9minis\u201d - Valpara\u00ed\u00adso Creativo","isPartOf":{"@id":"https:\/\/dev.antudigital.cl\/sites\/vc\/#website"},"primaryImageOfPage":{"@id":"https:\/\/dev.antudigital.cl\/sites\/vc\/habitantes-productor-musical-de-quilpue-lanza-un-nuevo-adelanto-de-su-disco-geminis\/#primaryimage"},"image":{"@id":"https:\/\/dev.antudigital.cl\/sites\/vc\/habitantes-productor-musical-de-quilpue-lanza-un-nuevo-adelanto-de-su-disco-geminis\/#primaryimage"},"thumbnailUrl":"https:\/\/dev.antudigital.cl\/sites\/vc\/wp-content\/uploads\/2024\/06\/Leon-Martin-Habitantes-scaled.jpg","datePublished":"2024-06-25T03:24:57+00:00","dateModified":"2024-06-25T03:25:16+00:00","author":{"@id":"https:\/\/dev.antudigital.cl\/sites\/vc\/#\/schema\/person\/c2b9da8dd545e27166fc5ab232837318"},"breadcrumb":{"@id":"https:\/\/dev.antudigital.cl\/sites\/vc\/habitantes-productor-musical-de-quilpue-lanza-un-nuevo-adelanto-de-su-disco-geminis\/#breadcrumb"},"inLanguage":"es","potentialAction":[{"@type":"ReadAction","target":["https:\/\/dev.antudigital.cl\/sites\/vc\/habitantes-productor-musical-de-quilpue-lanza-un-nuevo-adelanto-de-su-disco-geminis\/"]}]},{"@type":"ImageObject","inLanguage":"es","@id":"https:\/\/dev.antudigital.cl\/sites\/vc\/habitantes-productor-musical-de-quilpue-lanza-un-nuevo-adelanto-de-su-disco-geminis\/#primaryimage","url":"https:\/\/dev.antudigital.cl\/sites\/vc\/wp-content\/uploads\/2024\/06\/Leon-Martin-Habitantes-scaled.jpg","contentUrl":"https:\/\/dev.antudigital.cl\/sites\/vc\/wp-content\/uploads\/2024\/06\/Leon-Martin-Habitantes-scaled.jpg","width":2560,"height":2560},{"@type":"BreadcrumbList","@id":"https:\/\/dev.antudigital.cl\/sites\/vc\/habitantes-productor-musical-de-quilpue-lanza-un-nuevo-adelanto-de-su-disco-geminis\/#breadcrumb","itemListElement":[{"@type":"ListItem","position":1,"name":"Home","item":"https:\/\/dev.antudigital.cl\/sites\/vc\/"},{"@type":"ListItem","position":2,"name":"\u201cHabitantes\u201d: productor musical de Quilpu\u00e9 lanza un nuevo adelanto de su disco \u201cG\u00e9minis\u201d"}]},{"@type":"WebSite","@id":"https:\/\/dev.antudigital.cl\/sites\/vc\/#website","url":"https:\/\/dev.antudigital.cl\/sites\/vc\/","name":"Valpara\u00ed\u00adso Creativo","description":"","potentialAction":[{"@type":"SearchAction","target":{"@type":"EntryPoint","urlTemplate":"https:\/\/dev.antudigital.cl\/sites\/vc\/?s={search_term_string}"},"query-input":{"@type":"PropertyValueSpecification","valueRequired":true,"valueName":"search_term_string"}}],"inLanguage":"es"},{"@type":"Person","@id":"https:\/\/dev.antudigital.cl\/sites\/vc\/#\/schema\/person\/c2b9da8dd545e27166fc5ab232837318","name":"Valpara\u00edso Creativo","description":"Periodista de cultura en la Regi\u00f3n de Valpara\u00edso.","url":"https:\/\/dev.antudigital.cl\/sites\/vc\/author\/valpoadmin\/"}]}},"_links":{"self":[{"href":"https:\/\/dev.antudigital.cl\/sites\/vc\/wp-json\/wp\/v2\/posts\/19504","targetHints":{"allow":["GET"]}}],"collection":[{"href":"https:\/\/dev.antudigital.cl\/sites\/vc\/wp-json\/wp\/v2\/posts"}],"about":[{"href":"https:\/\/dev.antudigital.cl\/sites\/vc\/wp-json\/wp\/v2\/types\/post"}],"author":[{"embeddable":true,"href":"https:\/\/dev.antudigital.cl\/sites\/vc\/wp-json\/wp\/v2\/users\/1"}],"replies":[{"embeddable":true,"href":"https:\/\/dev.antudigital.cl\/sites\/vc\/wp-json\/wp\/v2\/comments?post=19504"}],"version-history":[{"count":1,"href":"https:\/\/dev.antudigital.cl\/sites\/vc\/wp-json\/wp\/v2\/posts\/19504\/revisions"}],"predecessor-version":[{"id":19507,"href":"https:\/\/dev.antudigital.cl\/sites\/vc\/wp-json\/wp\/v2\/posts\/19504\/revisions\/19507"}],"wp:featuredmedia":[{"embeddable":true,"href":"https:\/\/dev.antudigital.cl\/sites\/vc\/wp-json\/wp\/v2\/media\/19505"}],"wp:attachment":[{"href":"https:\/\/dev.antudigital.cl\/sites\/vc\/wp-json\/wp\/v2\/media?parent=19504"}],"wp:term":[{"taxonomy":"category","embeddable":true,"href":"https:\/\/dev.antudigital.cl\/sites\/vc\/wp-json\/wp\/v2\/categories?post=19504"},{"taxonomy":"post_tag","embeddable":true,"href":"https:\/\/dev.antudigital.cl\/sites\/vc\/wp-json\/wp\/v2\/tags?post=19504"}],"curies":[{"name":"wp","href":"https:\/\/api.w.org\/{rel}","templated":true}]}}