{"id":19508,"date":"2024-06-25T03:28:23","date_gmt":"2024-06-25T03:28:23","guid":{"rendered":"https:\/\/www.valparaisocreativo.cl\/?p=19508"},"modified":"2024-06-25T03:28:42","modified_gmt":"2024-06-25T03:28:42","slug":"programa-de-apoyo-a-la-preservacion-del-patrimonio-audiovisual-2024","status":"publish","type":"post","link":"https:\/\/dev.antudigital.cl\/sites\/vc\/programa-de-apoyo-a-la-preservacion-del-patrimonio-audiovisual-2024\/","title":{"rendered":"Programa de Apoyo a la Preservaci\u00f3n del Patrimonio Audiovisual 2024"},"content":{"rendered":"\n<p>Hasta el 8 de julio 2024.<\/p>\n\n\n\n<p>Esta convocatoria tiene por objetivo apoyar proyectos destinados a la preservaci\u00f3n del patrimonio audiovisual nacional, a trav\u00e9s de acciones y pr\u00e1cticas que contribuyan a su conservaci\u00f3n, as\u00ed como la accesibilidad permanente a su contenido. Por lo anterior se entregar\u00e1 financiamiento parcial para iniciativas de preservaci\u00f3n y salvaguardia del patrimonio audiovisual nacional; as\u00ed como a iniciativas que desarrollen instancias que contribuyan a promover, difundir, divulgar o poner en valor el patrimonio audiovisual nacional para todos los p\u00fablicos, tales como festivales, muestras, encuentros, plataformas digitales de libre acceso, entre otras; que cumplan con las caracter\u00edsticas establecidas en esta convocatoria.<\/p>\n\n\n\n<h2 class=\"wp-block-heading\">Modalidades<\/h2>\n\n\n\n<p><strong>Salvaguardia del Patrimonio Audiovisual<\/strong><\/p>\n\n\n\n<p>Entrega financiamiento parcial a programas de trabajo de preservaci\u00f3n y salvaguardia del patrimonio audiovisual nacional. Se podr\u00e1 solicitar financiamiento para al menos una de las siguientes actividades: (i) B\u00fasqueda, adquisici\u00f3n, investigaci\u00f3n y catalogaci\u00f3n de material; (ii) Restauraci\u00f3n; y\/o (iii) Implementaci\u00f3n de infraestructura, equipamiento y gesti\u00f3n para conservaci\u00f3n. El proyecto debe incluir lo siguiente:<\/p>\n\n\n\n<ul class=\"wp-block-list\">\n<li>Al menos una actividad presencial de exhibici\u00f3n del material catalogado, rescatado, restaurado y\/o conservado en el marco del proyecto. Dicha(s) actividad(es) tendr\u00e1(n) que estar dirigida(s) al p\u00fablico general y ser de \u0301 acceso gratuito. Se podr\u00e1 solicitar montos destinados a la difusi\u00f3n y prensa del evento.<\/li>\n\n\n\n<li>Al menos una actividad de mediaci\u00f3n dirigida al p\u00fablico de la actividad presencial de exhibici\u00f3n. Para ello se deber\u00e1 considerar dentro del equipo a al menos un\/a especialista en mediaci\u00f3n de p\u00fablicos.<\/li>\n<\/ul>\n\n\n\n<p><em>Monto m\u00e1ximo por proyecto: $60.000.000.-<\/em><\/p>\n\n\n\n<p><strong>Difusi\u00f3n del Patrimonio Audiovisual<\/strong><\/p>\n\n\n\n<p>Entrega financiamiento parcial para proyectos que desarrollen instancias que contribuyan a promover, difundir, divulgar o poner en valor el patrimonio audiovisual nacional para todos los p\u00fablicos, tales como festivales, muestras, encuentros, entre otras.<\/p>\n\n\n\n<ul class=\"wp-block-list\">\n<li>Se incluyen actividades presenciales o mixtas.<\/li>\n\n\n\n<li>Se debe incorporar al menos una actividad en formato presencial de mediaci\u00f3n, dirigida a p\u00fablico general, adem\u00e1s de desarrollar una estrategia para alcanzar nuevos p\u00fablicos. Para ello el equipo de trabajo debe contemplar al menos un\/a profesional en mediaci\u00f3n de p\u00fablicos.<\/li>\n\n\n\n<li>Si el proyecto se lleva a cabo con modalidad mixta, se debe considerar al menos una exhibici\u00f3n presencial en un festival, muestra y\/o encuentro. Esta actividad puede ser propia del proyecto, o part\u00edcipe de una instancia gestionada por terceros.<\/li>\n\n\n\n<li>Se pueden considerar alianzas asociativas con festivales, muestras u otros espacios de exhibici\u00f3n nacionales, para difundir las obras y\/o materiales patrimoniales que formen parte del proyecto postulado.<\/li>\n<\/ul>\n\n\n\n<p><em>Monto m\u00e1ximo por proyecto: $25.000.000.-<\/em><\/p>\n\n\n\n<p><a href=\"https:\/\/www.fondosdecultura.cl\/programa-de-apoyo-a-la-preservacion-del-patrimonio-audiovisual-2024\/\"><strong>Descarga aqu\u00ed las bases y postula.<\/strong><\/a><\/p>\n","protected":false},"excerpt":{"rendered":"<p>Hasta el 8 de julio 2024. Esta convocatoria tiene por objetivo apoyar proyectos destinados a la preservaci\u00f3n del patrimonio audiovisual nacional, a trav\u00e9s de acciones y pr\u00e1cticas que contribuyan a su conservaci\u00f3n, as\u00ed como la accesibilidad permanente a su contenido. Por lo anterior se entregar\u00e1 financiamiento parcial para iniciativas de preservaci\u00f3n y salvaguardia del patrimonio [&hellip;]<\/p>\n","protected":false},"author":1,"featured_media":19509,"comment_status":"closed","ping_status":"closed","sticky":false,"template":"","format":"standard","meta":{"_acf_changed":false,"footnotes":""},"categories":[8],"tags":[],"class_list":["post-19508","post","type-post","status-publish","format-standard","has-post-thumbnail","hentry","category-noticia"],"acf":[],"yoast_head":"<!-- This site is optimized with the Yoast SEO plugin v27.1.1 - https:\/\/yoast.com\/product\/yoast-seo-wordpress\/ -->\n<title>Programa de Apoyo a la Preservaci\u00f3n del Patrimonio Audiovisual 2024 - Valpara\u00ed\u00adso Creativo<\/title>\n<meta name=\"robots\" content=\"index, follow, max-snippet:-1, max-image-preview:large, max-video-preview:-1\" \/>\n<link rel=\"canonical\" href=\"https:\/\/dev.antudigital.cl\/sites\/vc\/programa-de-apoyo-a-la-preservacion-del-patrimonio-audiovisual-2024\/\" \/>\n<meta property=\"og:locale\" content=\"es_ES\" \/>\n<meta property=\"og:type\" content=\"article\" \/>\n<meta property=\"og:title\" content=\"Programa de Apoyo a la Preservaci\u00f3n del Patrimonio Audiovisual 2024 - Valpara\u00ed\u00adso Creativo\" \/>\n<meta property=\"og:description\" content=\"Hasta el 8 de julio 2024. Esta convocatoria tiene por objetivo apoyar proyectos destinados a la preservaci\u00f3n del patrimonio audiovisual nacional, a trav\u00e9s de acciones y pr\u00e1cticas que contribuyan a su conservaci\u00f3n, as\u00ed como la accesibilidad permanente a su contenido. Por lo anterior se entregar\u00e1 financiamiento parcial para iniciativas de preservaci\u00f3n y salvaguardia del patrimonio [&hellip;]\" \/>\n<meta property=\"og:url\" content=\"https:\/\/dev.antudigital.cl\/sites\/vc\/programa-de-apoyo-a-la-preservacion-del-patrimonio-audiovisual-2024\/\" \/>\n<meta property=\"og:site_name\" content=\"Valpara\u00ed\u00adso Creativo\" \/>\n<meta property=\"article:published_time\" content=\"2024-06-25T03:28:23+00:00\" \/>\n<meta property=\"article:modified_time\" content=\"2024-06-25T03:28:42+00:00\" \/>\n<meta property=\"og:image\" content=\"https:\/\/dev.antudigital.cl\/sites\/vc\/wp-content\/uploads\/2024\/06\/Captura-de-Pantalla-2024-06-24-a-las-23.27.21.png\" \/>\n\t<meta property=\"og:image:width\" content=\"746\" \/>\n\t<meta property=\"og:image:height\" content=\"192\" \/>\n\t<meta property=\"og:image:type\" content=\"image\/png\" \/>\n<meta name=\"author\" content=\"Valpara\u00edso Creativo\" \/>\n<meta name=\"twitter:card\" content=\"summary_large_image\" \/>\n<meta name=\"twitter:label1\" content=\"Escrito por\" \/>\n\t<meta name=\"twitter:data1\" content=\"Valpara\u00edso Creativo\" \/>\n\t<meta name=\"twitter:label2\" content=\"Tiempo de lectura\" \/>\n\t<meta name=\"twitter:data2\" content=\"3 minutos\" \/>\n<script type=\"application\/ld+json\" class=\"yoast-schema-graph\">{\"@context\":\"https:\/\/schema.org\",\"@graph\":[{\"@type\":\"Article\",\"@id\":\"https:\/\/dev.antudigital.cl\/sites\/vc\/programa-de-apoyo-a-la-preservacion-del-patrimonio-audiovisual-2024\/#article\",\"isPartOf\":{\"@id\":\"https:\/\/dev.antudigital.cl\/sites\/vc\/programa-de-apoyo-a-la-preservacion-del-patrimonio-audiovisual-2024\/\"},\"author\":{\"name\":\"Valpara\u00edso Creativo\",\"@id\":\"https:\/\/dev.antudigital.cl\/sites\/vc\/#\/schema\/person\/c2b9da8dd545e27166fc5ab232837318\"},\"headline\":\"Programa de Apoyo a la Preservaci\u00f3n del Patrimonio Audiovisual 2024\",\"datePublished\":\"2024-06-25T03:28:23+00:00\",\"dateModified\":\"2024-06-25T03:28:42+00:00\",\"mainEntityOfPage\":{\"@id\":\"https:\/\/dev.antudigital.cl\/sites\/vc\/programa-de-apoyo-a-la-preservacion-del-patrimonio-audiovisual-2024\/\"},\"wordCount\":459,\"image\":{\"@id\":\"https:\/\/dev.antudigital.cl\/sites\/vc\/programa-de-apoyo-a-la-preservacion-del-patrimonio-audiovisual-2024\/#primaryimage\"},\"thumbnailUrl\":\"https:\/\/dev.antudigital.cl\/sites\/vc\/wp-content\/uploads\/2024\/06\/Captura-de-Pantalla-2024-06-24-a-las-23.27.21.png\",\"articleSection\":[\"Noticia\"],\"inLanguage\":\"es\"},{\"@type\":\"WebPage\",\"@id\":\"https:\/\/dev.antudigital.cl\/sites\/vc\/programa-de-apoyo-a-la-preservacion-del-patrimonio-audiovisual-2024\/\",\"url\":\"https:\/\/dev.antudigital.cl\/sites\/vc\/programa-de-apoyo-a-la-preservacion-del-patrimonio-audiovisual-2024\/\",\"name\":\"Programa de Apoyo a la Preservaci\u00f3n del Patrimonio Audiovisual 2024 - Valpara\u00ed\u00adso Creativo\",\"isPartOf\":{\"@id\":\"https:\/\/dev.antudigital.cl\/sites\/vc\/#website\"},\"primaryImageOfPage\":{\"@id\":\"https:\/\/dev.antudigital.cl\/sites\/vc\/programa-de-apoyo-a-la-preservacion-del-patrimonio-audiovisual-2024\/#primaryimage\"},\"image\":{\"@id\":\"https:\/\/dev.antudigital.cl\/sites\/vc\/programa-de-apoyo-a-la-preservacion-del-patrimonio-audiovisual-2024\/#primaryimage\"},\"thumbnailUrl\":\"https:\/\/dev.antudigital.cl\/sites\/vc\/wp-content\/uploads\/2024\/06\/Captura-de-Pantalla-2024-06-24-a-las-23.27.21.png\",\"datePublished\":\"2024-06-25T03:28:23+00:00\",\"dateModified\":\"2024-06-25T03:28:42+00:00\",\"author\":{\"@id\":\"https:\/\/dev.antudigital.cl\/sites\/vc\/#\/schema\/person\/c2b9da8dd545e27166fc5ab232837318\"},\"breadcrumb\":{\"@id\":\"https:\/\/dev.antudigital.cl\/sites\/vc\/programa-de-apoyo-a-la-preservacion-del-patrimonio-audiovisual-2024\/#breadcrumb\"},\"inLanguage\":\"es\",\"potentialAction\":[{\"@type\":\"ReadAction\",\"target\":[\"https:\/\/dev.antudigital.cl\/sites\/vc\/programa-de-apoyo-a-la-preservacion-del-patrimonio-audiovisual-2024\/\"]}]},{\"@type\":\"ImageObject\",\"inLanguage\":\"es\",\"@id\":\"https:\/\/dev.antudigital.cl\/sites\/vc\/programa-de-apoyo-a-la-preservacion-del-patrimonio-audiovisual-2024\/#primaryimage\",\"url\":\"https:\/\/dev.antudigital.cl\/sites\/vc\/wp-content\/uploads\/2024\/06\/Captura-de-Pantalla-2024-06-24-a-las-23.27.21.png\",\"contentUrl\":\"https:\/\/dev.antudigital.cl\/sites\/vc\/wp-content\/uploads\/2024\/06\/Captura-de-Pantalla-2024-06-24-a-las-23.27.21.png\",\"width\":746,\"height\":192},{\"@type\":\"BreadcrumbList\",\"@id\":\"https:\/\/dev.antudigital.cl\/sites\/vc\/programa-de-apoyo-a-la-preservacion-del-patrimonio-audiovisual-2024\/#breadcrumb\",\"itemListElement\":[{\"@type\":\"ListItem\",\"position\":1,\"name\":\"Home\",\"item\":\"https:\/\/dev.antudigital.cl\/sites\/vc\/\"},{\"@type\":\"ListItem\",\"position\":2,\"name\":\"Programa de Apoyo a la Preservaci\u00f3n del Patrimonio Audiovisual 2024\"}]},{\"@type\":\"WebSite\",\"@id\":\"https:\/\/dev.antudigital.cl\/sites\/vc\/#website\",\"url\":\"https:\/\/dev.antudigital.cl\/sites\/vc\/\",\"name\":\"Valpara\u00ed\u00adso Creativo\",\"description\":\"\",\"potentialAction\":[{\"@type\":\"SearchAction\",\"target\":{\"@type\":\"EntryPoint\",\"urlTemplate\":\"https:\/\/dev.antudigital.cl\/sites\/vc\/?s={search_term_string}\"},\"query-input\":{\"@type\":\"PropertyValueSpecification\",\"valueRequired\":true,\"valueName\":\"search_term_string\"}}],\"inLanguage\":\"es\"},{\"@type\":\"Person\",\"@id\":\"https:\/\/dev.antudigital.cl\/sites\/vc\/#\/schema\/person\/c2b9da8dd545e27166fc5ab232837318\",\"name\":\"Valpara\u00edso Creativo\",\"description\":\"Periodista de cultura en la Regi\u00f3n de Valpara\u00edso.\",\"url\":\"https:\/\/dev.antudigital.cl\/sites\/vc\/author\/valpoadmin\/\"}]}<\/script>\n<!-- \/ Yoast SEO plugin. -->","yoast_head_json":{"title":"Programa de Apoyo a la Preservaci\u00f3n del Patrimonio Audiovisual 2024 - Valpara\u00ed\u00adso Creativo","robots":{"index":"index","follow":"follow","max-snippet":"max-snippet:-1","max-image-preview":"max-image-preview:large","max-video-preview":"max-video-preview:-1"},"canonical":"https:\/\/dev.antudigital.cl\/sites\/vc\/programa-de-apoyo-a-la-preservacion-del-patrimonio-audiovisual-2024\/","og_locale":"es_ES","og_type":"article","og_title":"Programa de Apoyo a la Preservaci\u00f3n del Patrimonio Audiovisual 2024 - Valpara\u00ed\u00adso Creativo","og_description":"Hasta el 8 de julio 2024. Esta convocatoria tiene por objetivo apoyar proyectos destinados a la preservaci\u00f3n del patrimonio audiovisual nacional, a trav\u00e9s de acciones y pr\u00e1cticas que contribuyan a su conservaci\u00f3n, as\u00ed como la accesibilidad permanente a su contenido. Por lo anterior se entregar\u00e1 financiamiento parcial para iniciativas de preservaci\u00f3n y salvaguardia del patrimonio [&hellip;]","og_url":"https:\/\/dev.antudigital.cl\/sites\/vc\/programa-de-apoyo-a-la-preservacion-del-patrimonio-audiovisual-2024\/","og_site_name":"Valpara\u00ed\u00adso Creativo","article_published_time":"2024-06-25T03:28:23+00:00","article_modified_time":"2024-06-25T03:28:42+00:00","og_image":[{"width":746,"height":192,"url":"https:\/\/dev.antudigital.cl\/sites\/vc\/wp-content\/uploads\/2024\/06\/Captura-de-Pantalla-2024-06-24-a-las-23.27.21.png","type":"image\/png"}],"author":"Valpara\u00edso Creativo","twitter_card":"summary_large_image","twitter_misc":{"Escrito por":"Valpara\u00edso Creativo","Tiempo de lectura":"3 minutos"},"schema":{"@context":"https:\/\/schema.org","@graph":[{"@type":"Article","@id":"https:\/\/dev.antudigital.cl\/sites\/vc\/programa-de-apoyo-a-la-preservacion-del-patrimonio-audiovisual-2024\/#article","isPartOf":{"@id":"https:\/\/dev.antudigital.cl\/sites\/vc\/programa-de-apoyo-a-la-preservacion-del-patrimonio-audiovisual-2024\/"},"author":{"name":"Valpara\u00edso Creativo","@id":"https:\/\/dev.antudigital.cl\/sites\/vc\/#\/schema\/person\/c2b9da8dd545e27166fc5ab232837318"},"headline":"Programa de Apoyo a la Preservaci\u00f3n del Patrimonio Audiovisual 2024","datePublished":"2024-06-25T03:28:23+00:00","dateModified":"2024-06-25T03:28:42+00:00","mainEntityOfPage":{"@id":"https:\/\/dev.antudigital.cl\/sites\/vc\/programa-de-apoyo-a-la-preservacion-del-patrimonio-audiovisual-2024\/"},"wordCount":459,"image":{"@id":"https:\/\/dev.antudigital.cl\/sites\/vc\/programa-de-apoyo-a-la-preservacion-del-patrimonio-audiovisual-2024\/#primaryimage"},"thumbnailUrl":"https:\/\/dev.antudigital.cl\/sites\/vc\/wp-content\/uploads\/2024\/06\/Captura-de-Pantalla-2024-06-24-a-las-23.27.21.png","articleSection":["Noticia"],"inLanguage":"es"},{"@type":"WebPage","@id":"https:\/\/dev.antudigital.cl\/sites\/vc\/programa-de-apoyo-a-la-preservacion-del-patrimonio-audiovisual-2024\/","url":"https:\/\/dev.antudigital.cl\/sites\/vc\/programa-de-apoyo-a-la-preservacion-del-patrimonio-audiovisual-2024\/","name":"Programa de Apoyo a la Preservaci\u00f3n del Patrimonio Audiovisual 2024 - Valpara\u00ed\u00adso Creativo","isPartOf":{"@id":"https:\/\/dev.antudigital.cl\/sites\/vc\/#website"},"primaryImageOfPage":{"@id":"https:\/\/dev.antudigital.cl\/sites\/vc\/programa-de-apoyo-a-la-preservacion-del-patrimonio-audiovisual-2024\/#primaryimage"},"image":{"@id":"https:\/\/dev.antudigital.cl\/sites\/vc\/programa-de-apoyo-a-la-preservacion-del-patrimonio-audiovisual-2024\/#primaryimage"},"thumbnailUrl":"https:\/\/dev.antudigital.cl\/sites\/vc\/wp-content\/uploads\/2024\/06\/Captura-de-Pantalla-2024-06-24-a-las-23.27.21.png","datePublished":"2024-06-25T03:28:23+00:00","dateModified":"2024-06-25T03:28:42+00:00","author":{"@id":"https:\/\/dev.antudigital.cl\/sites\/vc\/#\/schema\/person\/c2b9da8dd545e27166fc5ab232837318"},"breadcrumb":{"@id":"https:\/\/dev.antudigital.cl\/sites\/vc\/programa-de-apoyo-a-la-preservacion-del-patrimonio-audiovisual-2024\/#breadcrumb"},"inLanguage":"es","potentialAction":[{"@type":"ReadAction","target":["https:\/\/dev.antudigital.cl\/sites\/vc\/programa-de-apoyo-a-la-preservacion-del-patrimonio-audiovisual-2024\/"]}]},{"@type":"ImageObject","inLanguage":"es","@id":"https:\/\/dev.antudigital.cl\/sites\/vc\/programa-de-apoyo-a-la-preservacion-del-patrimonio-audiovisual-2024\/#primaryimage","url":"https:\/\/dev.antudigital.cl\/sites\/vc\/wp-content\/uploads\/2024\/06\/Captura-de-Pantalla-2024-06-24-a-las-23.27.21.png","contentUrl":"https:\/\/dev.antudigital.cl\/sites\/vc\/wp-content\/uploads\/2024\/06\/Captura-de-Pantalla-2024-06-24-a-las-23.27.21.png","width":746,"height":192},{"@type":"BreadcrumbList","@id":"https:\/\/dev.antudigital.cl\/sites\/vc\/programa-de-apoyo-a-la-preservacion-del-patrimonio-audiovisual-2024\/#breadcrumb","itemListElement":[{"@type":"ListItem","position":1,"name":"Home","item":"https:\/\/dev.antudigital.cl\/sites\/vc\/"},{"@type":"ListItem","position":2,"name":"Programa de Apoyo a la Preservaci\u00f3n del Patrimonio Audiovisual 2024"}]},{"@type":"WebSite","@id":"https:\/\/dev.antudigital.cl\/sites\/vc\/#website","url":"https:\/\/dev.antudigital.cl\/sites\/vc\/","name":"Valpara\u00ed\u00adso Creativo","description":"","potentialAction":[{"@type":"SearchAction","target":{"@type":"EntryPoint","urlTemplate":"https:\/\/dev.antudigital.cl\/sites\/vc\/?s={search_term_string}"},"query-input":{"@type":"PropertyValueSpecification","valueRequired":true,"valueName":"search_term_string"}}],"inLanguage":"es"},{"@type":"Person","@id":"https:\/\/dev.antudigital.cl\/sites\/vc\/#\/schema\/person\/c2b9da8dd545e27166fc5ab232837318","name":"Valpara\u00edso Creativo","description":"Periodista de cultura en la Regi\u00f3n de Valpara\u00edso.","url":"https:\/\/dev.antudigital.cl\/sites\/vc\/author\/valpoadmin\/"}]}},"_links":{"self":[{"href":"https:\/\/dev.antudigital.cl\/sites\/vc\/wp-json\/wp\/v2\/posts\/19508","targetHints":{"allow":["GET"]}}],"collection":[{"href":"https:\/\/dev.antudigital.cl\/sites\/vc\/wp-json\/wp\/v2\/posts"}],"about":[{"href":"https:\/\/dev.antudigital.cl\/sites\/vc\/wp-json\/wp\/v2\/types\/post"}],"author":[{"embeddable":true,"href":"https:\/\/dev.antudigital.cl\/sites\/vc\/wp-json\/wp\/v2\/users\/1"}],"replies":[{"embeddable":true,"href":"https:\/\/dev.antudigital.cl\/sites\/vc\/wp-json\/wp\/v2\/comments?post=19508"}],"version-history":[{"count":1,"href":"https:\/\/dev.antudigital.cl\/sites\/vc\/wp-json\/wp\/v2\/posts\/19508\/revisions"}],"predecessor-version":[{"id":19510,"href":"https:\/\/dev.antudigital.cl\/sites\/vc\/wp-json\/wp\/v2\/posts\/19508\/revisions\/19510"}],"wp:featuredmedia":[{"embeddable":true,"href":"https:\/\/dev.antudigital.cl\/sites\/vc\/wp-json\/wp\/v2\/media\/19509"}],"wp:attachment":[{"href":"https:\/\/dev.antudigital.cl\/sites\/vc\/wp-json\/wp\/v2\/media?parent=19508"}],"wp:term":[{"taxonomy":"category","embeddable":true,"href":"https:\/\/dev.antudigital.cl\/sites\/vc\/wp-json\/wp\/v2\/categories?post=19508"},{"taxonomy":"post_tag","embeddable":true,"href":"https:\/\/dev.antudigital.cl\/sites\/vc\/wp-json\/wp\/v2\/tags?post=19508"}],"curies":[{"name":"wp","href":"https:\/\/api.w.org\/{rel}","templated":true}]}}