{"id":19513,"date":"2024-06-25T03:32:34","date_gmt":"2024-06-25T03:32:34","guid":{"rendered":"https:\/\/www.valparaisocreativo.cl\/?p=19513"},"modified":"2024-06-25T03:32:53","modified_gmt":"2024-06-25T03:32:53","slug":"linea-de-circulacion-nacional-e-internacional-tercer-periodo-fondart-nacional-2024","status":"publish","type":"post","link":"https:\/\/dev.antudigital.cl\/sites\/vc\/linea-de-circulacion-nacional-e-internacional-tercer-periodo-fondart-nacional-2024\/","title":{"rendered":"L\u00ednea de Circulaci\u00f3n Nacional e Internacional \u2013 Tercer periodo \u2013 Fondart Nacional 2024"},"content":{"rendered":"\n<p>Hasta el 15 de julio 2024.<\/p>\n\n\n\n<p>Esta convocatoria tiene por objetivo el financiamiento total o parcial para proyectos presentados por artistas, artesanos\/as, dise\u00f1adores\/as, arquitectos\/as, cultores\/as, gestores\/as, mediadores\/as, curadores\/as, galeristas e intermediarios, con el prop\u00f3sito de realizar circulaci\u00f3n de obra y de contenidos, participando en encuentros, muestras, residencias art\u00edsticas, festivales, ferias expositivas y\/o artesanales, de tem\u00e1ticas vinculadas a las disciplinas que financia Fondart en esta l\u00ednea, a saber: arquitectura, dise\u00f1o, artesan\u00eda, folclor, artes de la visualidad, e interdisciplinas, combinando las disciplinas mencionadas, y\/o agregando la gesti\u00f3n cultural propia de ellas; instancias en las cuales se participar\u00e1 de manera virtual (digital), presencial, o mixta, dentro y fuera del territorio nacional.<\/p>\n\n\n\n<p>Al momento de preparar tu proyecto deber\u00e1s considerar que entenderemos por circulaci\u00f3n virtual (digital) cuando la obra o contenidos sean exhibidos o transmitidos de manera virtual en una plataforma virtual de una organizaci\u00f3n nacional o internacional, seg\u00fan corresponda.<\/p>\n\n\n\n<h2 class=\"wp-block-heading\">Grupos y Modalidades<\/h2>\n\n\n\n<p>Para postular debes elegir un grupo de acuerdo a la disciplina art\u00edstica a la cual corresponda tu proyecto.<\/p>\n\n\n\n<p><strong>Grupos<\/strong><\/p>\n\n\n\n<ul class=\"wp-block-list\">\n<li>Grupo A. Artes de la visualidad, que considera artes visuales, fotograf\u00eda y nuevos medios.<\/li>\n\n\n\n<li>Grupo B. Dise\u00f1o y arquitectura.<\/li>\n\n\n\n<li>Grupo C. Artesan\u00eda y folclor.<\/li>\n\n\n\n<li>Grupo D. Interdisciplinas, incluye las disciplinas ya mencionadas y la gesti\u00f3n cultural propia de cada una de ellas.<\/li>\n<\/ul>\n\n\n\n<p>En cada grupo estar\u00e1n disponibles las siguientes modalidades:<\/p>\n\n\n\n<ul class=\"wp-block-list\">\n<li><strong>Modalidad Circulaci\u00f3n de obra\/s:\u00a0<\/strong>Entrega financiamiento total o parcial a proyectos que consistan en la circulaci\u00f3n de obra\/s producida, con la finalidad de exponer y\/o vender las obras o piezas. Para el caso de la artesan\u00eda, la participaci\u00f3n puede considerar que el\/la artesano\/a apoye la muestra de productos con traspaso de sus conocimientos u oficio.<\/li>\n\n\n\n<li><strong>Modalidad de Circulaci\u00f3n de Contenidos:\u00a0<\/strong>Entrega financiamiento total o parcial a proyectos que consistan en la circulaci\u00f3n del trabajo te\u00f3rico ya producido, el cual ser\u00e1 presentado a modo de ponencia o conferencia. Tambi\u00e9n se considerar\u00e1 la participaci\u00f3n en instancias experimentales y\/o de procesos, tales como: laboratorios y\/o residencias art\u00edsticas de intercambio.<\/li>\n<\/ul>\n\n\n\n<p><em>Las disciplinas art\u00edsticas consideradas en esta l\u00ednea de Fondart son: Arquitectura, Dise\u00f1o, Artesan\u00eda, Folclor, Artes de la Visualidad (incluye: artes visuales, fotograf\u00eda y nuevos medios). Adem\u00e1s, en la alternativa Interdisciplinas, puedes indicar m\u00e1s de una, o considerar la gesti\u00f3n cultural propia de algunas de ellas. Recuerda que las postulaciones est\u00e1n referidas a las disciplinas financiadas por Fondart y son distintas a las artes esc\u00e9nicas, m\u00fasica, audiovisual, patrimonio y libro.<\/em><\/p>\n\n\n\n<h2 class=\"wp-block-heading\">Periodos de postulaci\u00f3n<\/h2>\n\n\n\n<ul class=\"wp-block-list\">\n<li><strong>1er periodo:<\/strong>\u00a015 de diciembre de 2023 al 15 enero de 2024, para actividades que inicien desde el 20 de marzo de 2024.\u00a0<strong><a href=\"https:\/\/www.fondosdecultura.cl\/circulacion-fondart-nacional-2024\/#resultados\">Ver resultados<\/a><\/strong><\/li>\n\n\n\n<li><strong>2do periodo:\u00a0<\/strong>15 de marzo al 15 de abril de 2024, para actividades que inicien desde el 21 de junio de 2024.<\/li>\n\n\n\n<li><strong>3er periodo:<\/strong>\u00a014 de junio al 15 de julio de 2024, para actividades que inicien desde el 24 de septiembre al 31 de diciembre de 2024.<\/li>\n<\/ul>\n\n\n\n<p><a href=\"https:\/\/www.fondosdecultura.cl\/circulacion-fondart-nacional-2024\/\"><strong>Descarga las bases y postula aqu\u00ed.<\/strong><\/a><\/p>\n","protected":false},"excerpt":{"rendered":"<p>Hasta el 15 de julio 2024. Esta convocatoria tiene por objetivo el financiamiento total o parcial para proyectos presentados por artistas, artesanos\/as, dise\u00f1adores\/as, arquitectos\/as, cultores\/as, gestores\/as, mediadores\/as, curadores\/as, galeristas e intermediarios, con el prop\u00f3sito de realizar circulaci\u00f3n de obra y de contenidos, participando en encuentros, muestras, residencias art\u00edsticas, festivales, ferias expositivas y\/o artesanales, de tem\u00e1ticas [&hellip;]<\/p>\n","protected":false},"author":1,"featured_media":19509,"comment_status":"closed","ping_status":"closed","sticky":false,"template":"","format":"standard","meta":{"_acf_changed":false,"footnotes":""},"categories":[8],"tags":[],"class_list":["post-19513","post","type-post","status-publish","format-standard","has-post-thumbnail","hentry","category-noticia"],"acf":[],"yoast_head":"<!-- This site is optimized with the Yoast SEO plugin v27.1.1 - https:\/\/yoast.com\/product\/yoast-seo-wordpress\/ -->\n<title>L\u00ednea de Circulaci\u00f3n Nacional e Internacional \u2013 Tercer periodo \u2013 Fondart Nacional 2024 - Valpara\u00ed\u00adso Creativo<\/title>\n<meta name=\"robots\" content=\"index, follow, max-snippet:-1, max-image-preview:large, max-video-preview:-1\" \/>\n<link rel=\"canonical\" href=\"https:\/\/dev.antudigital.cl\/sites\/vc\/linea-de-circulacion-nacional-e-internacional-tercer-periodo-fondart-nacional-2024\/\" \/>\n<meta property=\"og:locale\" content=\"es_ES\" \/>\n<meta property=\"og:type\" content=\"article\" \/>\n<meta property=\"og:title\" content=\"L\u00ednea de Circulaci\u00f3n Nacional e Internacional \u2013 Tercer periodo \u2013 Fondart Nacional 2024 - Valpara\u00ed\u00adso Creativo\" \/>\n<meta property=\"og:description\" content=\"Hasta el 15 de julio 2024. Esta convocatoria tiene por objetivo el financiamiento total o parcial para proyectos presentados por artistas, artesanos\/as, dise\u00f1adores\/as, arquitectos\/as, cultores\/as, gestores\/as, mediadores\/as, curadores\/as, galeristas e intermediarios, con el prop\u00f3sito de realizar circulaci\u00f3n de obra y de contenidos, participando en encuentros, muestras, residencias art\u00edsticas, festivales, ferias expositivas y\/o artesanales, de tem\u00e1ticas [&hellip;]\" \/>\n<meta property=\"og:url\" content=\"https:\/\/dev.antudigital.cl\/sites\/vc\/linea-de-circulacion-nacional-e-internacional-tercer-periodo-fondart-nacional-2024\/\" \/>\n<meta property=\"og:site_name\" content=\"Valpara\u00ed\u00adso Creativo\" \/>\n<meta property=\"article:published_time\" content=\"2024-06-25T03:32:34+00:00\" \/>\n<meta property=\"article:modified_time\" content=\"2024-06-25T03:32:53+00:00\" \/>\n<meta property=\"og:image\" content=\"https:\/\/dev.antudigital.cl\/sites\/vc\/wp-content\/uploads\/2024\/06\/Captura-de-Pantalla-2024-06-24-a-las-23.27.21.png\" \/>\n\t<meta property=\"og:image:width\" content=\"746\" \/>\n\t<meta property=\"og:image:height\" content=\"192\" \/>\n\t<meta property=\"og:image:type\" content=\"image\/png\" \/>\n<meta name=\"author\" content=\"Valpara\u00edso Creativo\" \/>\n<meta name=\"twitter:card\" content=\"summary_large_image\" \/>\n<meta name=\"twitter:label1\" content=\"Escrito por\" \/>\n\t<meta name=\"twitter:data1\" content=\"Valpara\u00edso Creativo\" \/>\n\t<meta name=\"twitter:label2\" content=\"Tiempo de lectura\" \/>\n\t<meta name=\"twitter:data2\" content=\"3 minutos\" \/>\n<script type=\"application\/ld+json\" class=\"yoast-schema-graph\">{\"@context\":\"https:\/\/schema.org\",\"@graph\":[{\"@type\":\"Article\",\"@id\":\"https:\/\/dev.antudigital.cl\/sites\/vc\/linea-de-circulacion-nacional-e-internacional-tercer-periodo-fondart-nacional-2024\/#article\",\"isPartOf\":{\"@id\":\"https:\/\/dev.antudigital.cl\/sites\/vc\/linea-de-circulacion-nacional-e-internacional-tercer-periodo-fondart-nacional-2024\/\"},\"author\":{\"name\":\"Valpara\u00edso Creativo\",\"@id\":\"https:\/\/dev.antudigital.cl\/sites\/vc\/#\/schema\/person\/c2b9da8dd545e27166fc5ab232837318\"},\"headline\":\"L\u00ednea de Circulaci\u00f3n Nacional e Internacional \u2013 Tercer periodo \u2013 Fondart Nacional 2024\",\"datePublished\":\"2024-06-25T03:32:34+00:00\",\"dateModified\":\"2024-06-25T03:32:53+00:00\",\"mainEntityOfPage\":{\"@id\":\"https:\/\/dev.antudigital.cl\/sites\/vc\/linea-de-circulacion-nacional-e-internacional-tercer-periodo-fondart-nacional-2024\/\"},\"wordCount\":525,\"image\":{\"@id\":\"https:\/\/dev.antudigital.cl\/sites\/vc\/linea-de-circulacion-nacional-e-internacional-tercer-periodo-fondart-nacional-2024\/#primaryimage\"},\"thumbnailUrl\":\"https:\/\/dev.antudigital.cl\/sites\/vc\/wp-content\/uploads\/2024\/06\/Captura-de-Pantalla-2024-06-24-a-las-23.27.21.png\",\"articleSection\":[\"Noticia\"],\"inLanguage\":\"es\"},{\"@type\":\"WebPage\",\"@id\":\"https:\/\/dev.antudigital.cl\/sites\/vc\/linea-de-circulacion-nacional-e-internacional-tercer-periodo-fondart-nacional-2024\/\",\"url\":\"https:\/\/dev.antudigital.cl\/sites\/vc\/linea-de-circulacion-nacional-e-internacional-tercer-periodo-fondart-nacional-2024\/\",\"name\":\"L\u00ednea de Circulaci\u00f3n Nacional e Internacional \u2013 Tercer periodo \u2013 Fondart Nacional 2024 - Valpara\u00ed\u00adso Creativo\",\"isPartOf\":{\"@id\":\"https:\/\/dev.antudigital.cl\/sites\/vc\/#website\"},\"primaryImageOfPage\":{\"@id\":\"https:\/\/dev.antudigital.cl\/sites\/vc\/linea-de-circulacion-nacional-e-internacional-tercer-periodo-fondart-nacional-2024\/#primaryimage\"},\"image\":{\"@id\":\"https:\/\/dev.antudigital.cl\/sites\/vc\/linea-de-circulacion-nacional-e-internacional-tercer-periodo-fondart-nacional-2024\/#primaryimage\"},\"thumbnailUrl\":\"https:\/\/dev.antudigital.cl\/sites\/vc\/wp-content\/uploads\/2024\/06\/Captura-de-Pantalla-2024-06-24-a-las-23.27.21.png\",\"datePublished\":\"2024-06-25T03:32:34+00:00\",\"dateModified\":\"2024-06-25T03:32:53+00:00\",\"author\":{\"@id\":\"https:\/\/dev.antudigital.cl\/sites\/vc\/#\/schema\/person\/c2b9da8dd545e27166fc5ab232837318\"},\"breadcrumb\":{\"@id\":\"https:\/\/dev.antudigital.cl\/sites\/vc\/linea-de-circulacion-nacional-e-internacional-tercer-periodo-fondart-nacional-2024\/#breadcrumb\"},\"inLanguage\":\"es\",\"potentialAction\":[{\"@type\":\"ReadAction\",\"target\":[\"https:\/\/dev.antudigital.cl\/sites\/vc\/linea-de-circulacion-nacional-e-internacional-tercer-periodo-fondart-nacional-2024\/\"]}]},{\"@type\":\"ImageObject\",\"inLanguage\":\"es\",\"@id\":\"https:\/\/dev.antudigital.cl\/sites\/vc\/linea-de-circulacion-nacional-e-internacional-tercer-periodo-fondart-nacional-2024\/#primaryimage\",\"url\":\"https:\/\/dev.antudigital.cl\/sites\/vc\/wp-content\/uploads\/2024\/06\/Captura-de-Pantalla-2024-06-24-a-las-23.27.21.png\",\"contentUrl\":\"https:\/\/dev.antudigital.cl\/sites\/vc\/wp-content\/uploads\/2024\/06\/Captura-de-Pantalla-2024-06-24-a-las-23.27.21.png\",\"width\":746,\"height\":192},{\"@type\":\"BreadcrumbList\",\"@id\":\"https:\/\/dev.antudigital.cl\/sites\/vc\/linea-de-circulacion-nacional-e-internacional-tercer-periodo-fondart-nacional-2024\/#breadcrumb\",\"itemListElement\":[{\"@type\":\"ListItem\",\"position\":1,\"name\":\"Home\",\"item\":\"https:\/\/dev.antudigital.cl\/sites\/vc\/\"},{\"@type\":\"ListItem\",\"position\":2,\"name\":\"L\u00ednea de Circulaci\u00f3n Nacional e Internacional \u2013 Tercer periodo \u2013 Fondart Nacional 2024\"}]},{\"@type\":\"WebSite\",\"@id\":\"https:\/\/dev.antudigital.cl\/sites\/vc\/#website\",\"url\":\"https:\/\/dev.antudigital.cl\/sites\/vc\/\",\"name\":\"Valpara\u00ed\u00adso Creativo\",\"description\":\"\",\"potentialAction\":[{\"@type\":\"SearchAction\",\"target\":{\"@type\":\"EntryPoint\",\"urlTemplate\":\"https:\/\/dev.antudigital.cl\/sites\/vc\/?s={search_term_string}\"},\"query-input\":{\"@type\":\"PropertyValueSpecification\",\"valueRequired\":true,\"valueName\":\"search_term_string\"}}],\"inLanguage\":\"es\"},{\"@type\":\"Person\",\"@id\":\"https:\/\/dev.antudigital.cl\/sites\/vc\/#\/schema\/person\/c2b9da8dd545e27166fc5ab232837318\",\"name\":\"Valpara\u00edso Creativo\",\"description\":\"Periodista de cultura en la Regi\u00f3n de Valpara\u00edso.\",\"url\":\"https:\/\/dev.antudigital.cl\/sites\/vc\/author\/valpoadmin\/\"}]}<\/script>\n<!-- \/ Yoast SEO plugin. -->","yoast_head_json":{"title":"L\u00ednea de Circulaci\u00f3n Nacional e Internacional \u2013 Tercer periodo \u2013 Fondart Nacional 2024 - Valpara\u00ed\u00adso Creativo","robots":{"index":"index","follow":"follow","max-snippet":"max-snippet:-1","max-image-preview":"max-image-preview:large","max-video-preview":"max-video-preview:-1"},"canonical":"https:\/\/dev.antudigital.cl\/sites\/vc\/linea-de-circulacion-nacional-e-internacional-tercer-periodo-fondart-nacional-2024\/","og_locale":"es_ES","og_type":"article","og_title":"L\u00ednea de Circulaci\u00f3n Nacional e Internacional \u2013 Tercer periodo \u2013 Fondart Nacional 2024 - Valpara\u00ed\u00adso Creativo","og_description":"Hasta el 15 de julio 2024. Esta convocatoria tiene por objetivo el financiamiento total o parcial para proyectos presentados por artistas, artesanos\/as, dise\u00f1adores\/as, arquitectos\/as, cultores\/as, gestores\/as, mediadores\/as, curadores\/as, galeristas e intermediarios, con el prop\u00f3sito de realizar circulaci\u00f3n de obra y de contenidos, participando en encuentros, muestras, residencias art\u00edsticas, festivales, ferias expositivas y\/o artesanales, de tem\u00e1ticas [&hellip;]","og_url":"https:\/\/dev.antudigital.cl\/sites\/vc\/linea-de-circulacion-nacional-e-internacional-tercer-periodo-fondart-nacional-2024\/","og_site_name":"Valpara\u00ed\u00adso Creativo","article_published_time":"2024-06-25T03:32:34+00:00","article_modified_time":"2024-06-25T03:32:53+00:00","og_image":[{"width":746,"height":192,"url":"https:\/\/dev.antudigital.cl\/sites\/vc\/wp-content\/uploads\/2024\/06\/Captura-de-Pantalla-2024-06-24-a-las-23.27.21.png","type":"image\/png"}],"author":"Valpara\u00edso Creativo","twitter_card":"summary_large_image","twitter_misc":{"Escrito por":"Valpara\u00edso Creativo","Tiempo de lectura":"3 minutos"},"schema":{"@context":"https:\/\/schema.org","@graph":[{"@type":"Article","@id":"https:\/\/dev.antudigital.cl\/sites\/vc\/linea-de-circulacion-nacional-e-internacional-tercer-periodo-fondart-nacional-2024\/#article","isPartOf":{"@id":"https:\/\/dev.antudigital.cl\/sites\/vc\/linea-de-circulacion-nacional-e-internacional-tercer-periodo-fondart-nacional-2024\/"},"author":{"name":"Valpara\u00edso Creativo","@id":"https:\/\/dev.antudigital.cl\/sites\/vc\/#\/schema\/person\/c2b9da8dd545e27166fc5ab232837318"},"headline":"L\u00ednea de Circulaci\u00f3n Nacional e Internacional \u2013 Tercer periodo \u2013 Fondart Nacional 2024","datePublished":"2024-06-25T03:32:34+00:00","dateModified":"2024-06-25T03:32:53+00:00","mainEntityOfPage":{"@id":"https:\/\/dev.antudigital.cl\/sites\/vc\/linea-de-circulacion-nacional-e-internacional-tercer-periodo-fondart-nacional-2024\/"},"wordCount":525,"image":{"@id":"https:\/\/dev.antudigital.cl\/sites\/vc\/linea-de-circulacion-nacional-e-internacional-tercer-periodo-fondart-nacional-2024\/#primaryimage"},"thumbnailUrl":"https:\/\/dev.antudigital.cl\/sites\/vc\/wp-content\/uploads\/2024\/06\/Captura-de-Pantalla-2024-06-24-a-las-23.27.21.png","articleSection":["Noticia"],"inLanguage":"es"},{"@type":"WebPage","@id":"https:\/\/dev.antudigital.cl\/sites\/vc\/linea-de-circulacion-nacional-e-internacional-tercer-periodo-fondart-nacional-2024\/","url":"https:\/\/dev.antudigital.cl\/sites\/vc\/linea-de-circulacion-nacional-e-internacional-tercer-periodo-fondart-nacional-2024\/","name":"L\u00ednea de Circulaci\u00f3n Nacional e Internacional \u2013 Tercer periodo \u2013 Fondart Nacional 2024 - Valpara\u00ed\u00adso Creativo","isPartOf":{"@id":"https:\/\/dev.antudigital.cl\/sites\/vc\/#website"},"primaryImageOfPage":{"@id":"https:\/\/dev.antudigital.cl\/sites\/vc\/linea-de-circulacion-nacional-e-internacional-tercer-periodo-fondart-nacional-2024\/#primaryimage"},"image":{"@id":"https:\/\/dev.antudigital.cl\/sites\/vc\/linea-de-circulacion-nacional-e-internacional-tercer-periodo-fondart-nacional-2024\/#primaryimage"},"thumbnailUrl":"https:\/\/dev.antudigital.cl\/sites\/vc\/wp-content\/uploads\/2024\/06\/Captura-de-Pantalla-2024-06-24-a-las-23.27.21.png","datePublished":"2024-06-25T03:32:34+00:00","dateModified":"2024-06-25T03:32:53+00:00","author":{"@id":"https:\/\/dev.antudigital.cl\/sites\/vc\/#\/schema\/person\/c2b9da8dd545e27166fc5ab232837318"},"breadcrumb":{"@id":"https:\/\/dev.antudigital.cl\/sites\/vc\/linea-de-circulacion-nacional-e-internacional-tercer-periodo-fondart-nacional-2024\/#breadcrumb"},"inLanguage":"es","potentialAction":[{"@type":"ReadAction","target":["https:\/\/dev.antudigital.cl\/sites\/vc\/linea-de-circulacion-nacional-e-internacional-tercer-periodo-fondart-nacional-2024\/"]}]},{"@type":"ImageObject","inLanguage":"es","@id":"https:\/\/dev.antudigital.cl\/sites\/vc\/linea-de-circulacion-nacional-e-internacional-tercer-periodo-fondart-nacional-2024\/#primaryimage","url":"https:\/\/dev.antudigital.cl\/sites\/vc\/wp-content\/uploads\/2024\/06\/Captura-de-Pantalla-2024-06-24-a-las-23.27.21.png","contentUrl":"https:\/\/dev.antudigital.cl\/sites\/vc\/wp-content\/uploads\/2024\/06\/Captura-de-Pantalla-2024-06-24-a-las-23.27.21.png","width":746,"height":192},{"@type":"BreadcrumbList","@id":"https:\/\/dev.antudigital.cl\/sites\/vc\/linea-de-circulacion-nacional-e-internacional-tercer-periodo-fondart-nacional-2024\/#breadcrumb","itemListElement":[{"@type":"ListItem","position":1,"name":"Home","item":"https:\/\/dev.antudigital.cl\/sites\/vc\/"},{"@type":"ListItem","position":2,"name":"L\u00ednea de Circulaci\u00f3n Nacional e Internacional \u2013 Tercer periodo \u2013 Fondart Nacional 2024"}]},{"@type":"WebSite","@id":"https:\/\/dev.antudigital.cl\/sites\/vc\/#website","url":"https:\/\/dev.antudigital.cl\/sites\/vc\/","name":"Valpara\u00ed\u00adso Creativo","description":"","potentialAction":[{"@type":"SearchAction","target":{"@type":"EntryPoint","urlTemplate":"https:\/\/dev.antudigital.cl\/sites\/vc\/?s={search_term_string}"},"query-input":{"@type":"PropertyValueSpecification","valueRequired":true,"valueName":"search_term_string"}}],"inLanguage":"es"},{"@type":"Person","@id":"https:\/\/dev.antudigital.cl\/sites\/vc\/#\/schema\/person\/c2b9da8dd545e27166fc5ab232837318","name":"Valpara\u00edso Creativo","description":"Periodista de cultura en la Regi\u00f3n de Valpara\u00edso.","url":"https:\/\/dev.antudigital.cl\/sites\/vc\/author\/valpoadmin\/"}]}},"_links":{"self":[{"href":"https:\/\/dev.antudigital.cl\/sites\/vc\/wp-json\/wp\/v2\/posts\/19513","targetHints":{"allow":["GET"]}}],"collection":[{"href":"https:\/\/dev.antudigital.cl\/sites\/vc\/wp-json\/wp\/v2\/posts"}],"about":[{"href":"https:\/\/dev.antudigital.cl\/sites\/vc\/wp-json\/wp\/v2\/types\/post"}],"author":[{"embeddable":true,"href":"https:\/\/dev.antudigital.cl\/sites\/vc\/wp-json\/wp\/v2\/users\/1"}],"replies":[{"embeddable":true,"href":"https:\/\/dev.antudigital.cl\/sites\/vc\/wp-json\/wp\/v2\/comments?post=19513"}],"version-history":[{"count":1,"href":"https:\/\/dev.antudigital.cl\/sites\/vc\/wp-json\/wp\/v2\/posts\/19513\/revisions"}],"predecessor-version":[{"id":19514,"href":"https:\/\/dev.antudigital.cl\/sites\/vc\/wp-json\/wp\/v2\/posts\/19513\/revisions\/19514"}],"wp:featuredmedia":[{"embeddable":true,"href":"https:\/\/dev.antudigital.cl\/sites\/vc\/wp-json\/wp\/v2\/media\/19509"}],"wp:attachment":[{"href":"https:\/\/dev.antudigital.cl\/sites\/vc\/wp-json\/wp\/v2\/media?parent=19513"}],"wp:term":[{"taxonomy":"category","embeddable":true,"href":"https:\/\/dev.antudigital.cl\/sites\/vc\/wp-json\/wp\/v2\/categories?post=19513"},{"taxonomy":"post_tag","embeddable":true,"href":"https:\/\/dev.antudigital.cl\/sites\/vc\/wp-json\/wp\/v2\/tags?post=19513"}],"curies":[{"name":"wp","href":"https:\/\/api.w.org\/{rel}","templated":true}]}}