{"id":19515,"date":"2024-06-25T03:35:14","date_gmt":"2024-06-25T03:35:14","guid":{"rendered":"https:\/\/www.valparaisocreativo.cl\/?p=19515"},"modified":"2024-06-25T03:39:12","modified_gmt":"2024-06-25T03:39:12","slug":"sumate-a-los-puntos-de-cultura","status":"publish","type":"post","link":"https:\/\/dev.antudigital.cl\/sites\/vc\/sumate-a-los-puntos-de-cultura\/","title":{"rendered":"S\u00famate a los Puntos de Cultura"},"content":{"rendered":"\n<p><strong>Puntos de Cultura Comunitaria<\/strong>&nbsp;es un programa p\u00fablico nacional, a cargo del Departamento de Ciudadan\u00eda Cultural de la Subsecretar\u00eda de las Culturas y las Artes, del Ministerio de las Culturas las Artes y el Patrimonio.<\/p>\n\n\n\n<p>Su objetivo es aumentar el desarrollo de las pr\u00e1cticas socioculturales sostenidas por organizaciones de base comunitaria, reconoci\u00e9ndolas a trav\u00e9s de su registro, y fortaleciendo su organizaci\u00f3n entregando financiamiento y asistencia t\u00e9cnica, aportando en su gesti\u00f3n, crecimiento, sostenibilidad y desarrollo en redes.<\/p>\n\n\n\n<p>El programa se enfoca en mantener un registro de aquellas organizaciones que cumplen con el perfil establecido en la regulaci\u00f3n correspondiente, haci\u00e9ndolas parte de un espacio com\u00fan de trabajo, interacci\u00f3n y asistencia. Una vez registradas, las organizaciones pueden participar de diversas instancias y convocatorias para acceder a diferentes tipos de financiamiento, adem\u00e1s de herramientas y apoyo para su crecimiento en el tiempo.<\/p>\n\n\n\n<ul class=\"wp-block-list\">\n<li><a href=\"https:\/\/puntos.cultura.gob.cl\/wp-content\/uploads\/2024\/06\/1431-Formaliza-lineas-programaticas-PCC.pdf\">Resoluci\u00f3n 1431 formaliza l\u00edneas program\u00e1ticas, componentes y gastos del programa (junio 2024)<\/a><\/li>\n\n\n\n<li><a href=\"https:\/\/puntos.cultura.gob.cl\/wp-content\/uploads\/2023\/05\/DECRETO-EXENTO-N%C2%B012_DIARIO-OFICIAL_2023.pdf\">Decreto 12 que crea el Registro Puntos de Cultura Comunitaria (mayo 2023)<\/a><\/li>\n<\/ul>\n\n\n\n<p><a href=\"https:\/\/puntos.cultura.gob.cl\/\"><strong>Revisa aqu\u00ed la informaci\u00f3n y convocatoria.<\/strong><\/a><\/p>\n\n\n\n<figure class=\"wp-block-image size-large\"><img fetchpriority=\"high\" decoding=\"async\" width=\"819\" height=\"1024\" src=\"https:\/\/www.valparaisocreativo.cl\/wp-content\/uploads\/2024\/06\/448954467_18129028084347423_2182292154098313447_n-819x1024.jpeg\" alt=\"\" class=\"wp-image-19519\" srcset=\"https:\/\/dev.antudigital.cl\/sites\/vc\/wp-content\/uploads\/2024\/06\/448954467_18129028084347423_2182292154098313447_n-819x1024.jpeg 819w, https:\/\/dev.antudigital.cl\/sites\/vc\/wp-content\/uploads\/2024\/06\/448954467_18129028084347423_2182292154098313447_n-240x300.jpeg 240w, https:\/\/dev.antudigital.cl\/sites\/vc\/wp-content\/uploads\/2024\/06\/448954467_18129028084347423_2182292154098313447_n-768x960.jpeg 768w, https:\/\/dev.antudigital.cl\/sites\/vc\/wp-content\/uploads\/2024\/06\/448954467_18129028084347423_2182292154098313447_n-1229x1536.jpeg 1229w, https:\/\/dev.antudigital.cl\/sites\/vc\/wp-content\/uploads\/2024\/06\/448954467_18129028084347423_2182292154098313447_n-1080x1350.jpeg 1080w, https:\/\/dev.antudigital.cl\/sites\/vc\/wp-content\/uploads\/2024\/06\/448954467_18129028084347423_2182292154098313447_n-1280x1600.jpeg 1280w, https:\/\/dev.antudigital.cl\/sites\/vc\/wp-content\/uploads\/2024\/06\/448954467_18129028084347423_2182292154098313447_n-980x1225.jpeg 980w, https:\/\/dev.antudigital.cl\/sites\/vc\/wp-content\/uploads\/2024\/06\/448954467_18129028084347423_2182292154098313447_n-480x600.jpeg 480w, https:\/\/dev.antudigital.cl\/sites\/vc\/wp-content\/uploads\/2024\/06\/448954467_18129028084347423_2182292154098313447_n-19x24.jpeg 19w, https:\/\/dev.antudigital.cl\/sites\/vc\/wp-content\/uploads\/2024\/06\/448954467_18129028084347423_2182292154098313447_n-29x36.jpeg 29w, https:\/\/dev.antudigital.cl\/sites\/vc\/wp-content\/uploads\/2024\/06\/448954467_18129028084347423_2182292154098313447_n-38x48.jpeg 38w, https:\/\/dev.antudigital.cl\/sites\/vc\/wp-content\/uploads\/2024\/06\/448954467_18129028084347423_2182292154098313447_n.jpeg 1440w\" sizes=\"(max-width: 819px) 100vw, 819px\" \/><\/figure>\n","protected":false},"excerpt":{"rendered":"<p>Puntos de Cultura Comunitaria&nbsp;es un programa p\u00fablico nacional, a cargo del Departamento de Ciudadan\u00eda Cultural de la Subsecretar\u00eda de las Culturas y las Artes, del Ministerio de las Culturas las Artes y el Patrimonio. Su objetivo es aumentar el desarrollo de las pr\u00e1cticas socioculturales sostenidas por organizaciones de base comunitaria, reconoci\u00e9ndolas a trav\u00e9s de su [&hellip;]<\/p>\n","protected":false},"author":1,"featured_media":19516,"comment_status":"closed","ping_status":"closed","sticky":false,"template":"","format":"standard","meta":{"_acf_changed":false,"footnotes":""},"categories":[8],"tags":[],"class_list":["post-19515","post","type-post","status-publish","format-standard","has-post-thumbnail","hentry","category-noticia"],"acf":[],"yoast_head":"<!-- This site is optimized with the Yoast SEO plugin v27.1.1 - https:\/\/yoast.com\/product\/yoast-seo-wordpress\/ -->\n<title>S\u00famate a los Puntos de Cultura - Valpara\u00ed\u00adso Creativo<\/title>\n<meta name=\"robots\" content=\"index, follow, max-snippet:-1, max-image-preview:large, max-video-preview:-1\" \/>\n<link rel=\"canonical\" href=\"https:\/\/dev.antudigital.cl\/sites\/vc\/sumate-a-los-puntos-de-cultura\/\" \/>\n<meta property=\"og:locale\" content=\"es_ES\" \/>\n<meta property=\"og:type\" content=\"article\" \/>\n<meta property=\"og:title\" content=\"S\u00famate a los Puntos de Cultura - Valpara\u00ed\u00adso Creativo\" \/>\n<meta property=\"og:description\" content=\"Puntos de Cultura Comunitaria&nbsp;es un programa p\u00fablico nacional, a cargo del Departamento de Ciudadan\u00eda Cultural de la Subsecretar\u00eda de las Culturas y las Artes, del Ministerio de las Culturas las Artes y el Patrimonio. Su objetivo es aumentar el desarrollo de las pr\u00e1cticas socioculturales sostenidas por organizaciones de base comunitaria, reconoci\u00e9ndolas a trav\u00e9s de su [&hellip;]\" \/>\n<meta property=\"og:url\" content=\"https:\/\/dev.antudigital.cl\/sites\/vc\/sumate-a-los-puntos-de-cultura\/\" \/>\n<meta property=\"og:site_name\" content=\"Valpara\u00ed\u00adso Creativo\" \/>\n<meta property=\"article:published_time\" content=\"2024-06-25T03:35:14+00:00\" \/>\n<meta property=\"article:modified_time\" content=\"2024-06-25T03:39:12+00:00\" \/>\n<meta property=\"og:image\" content=\"https:\/\/dev.antudigital.cl\/sites\/vc\/wp-content\/uploads\/2024\/06\/Captura-de-Pantalla-2024-06-24-a-las-23.34.48.png\" \/>\n\t<meta property=\"og:image:width\" content=\"878\" \/>\n\t<meta property=\"og:image:height\" content=\"219\" \/>\n\t<meta property=\"og:image:type\" content=\"image\/png\" \/>\n<meta name=\"author\" content=\"Valpara\u00edso Creativo\" \/>\n<meta name=\"twitter:card\" content=\"summary_large_image\" \/>\n<meta name=\"twitter:label1\" content=\"Escrito por\" \/>\n\t<meta name=\"twitter:data1\" content=\"Valpara\u00edso Creativo\" \/>\n\t<meta name=\"twitter:label2\" content=\"Tiempo de lectura\" \/>\n\t<meta name=\"twitter:data2\" content=\"2 minutos\" \/>\n<script type=\"application\/ld+json\" class=\"yoast-schema-graph\">{\"@context\":\"https:\/\/schema.org\",\"@graph\":[{\"@type\":\"Article\",\"@id\":\"https:\/\/dev.antudigital.cl\/sites\/vc\/sumate-a-los-puntos-de-cultura\/#article\",\"isPartOf\":{\"@id\":\"https:\/\/dev.antudigital.cl\/sites\/vc\/sumate-a-los-puntos-de-cultura\/\"},\"author\":{\"name\":\"Valpara\u00edso Creativo\",\"@id\":\"https:\/\/dev.antudigital.cl\/sites\/vc\/#\/schema\/person\/c2b9da8dd545e27166fc5ab232837318\"},\"headline\":\"S\u00famate a los Puntos de Cultura\",\"datePublished\":\"2024-06-25T03:35:14+00:00\",\"dateModified\":\"2024-06-25T03:39:12+00:00\",\"mainEntityOfPage\":{\"@id\":\"https:\/\/dev.antudigital.cl\/sites\/vc\/sumate-a-los-puntos-de-cultura\/\"},\"wordCount\":190,\"image\":{\"@id\":\"https:\/\/dev.antudigital.cl\/sites\/vc\/sumate-a-los-puntos-de-cultura\/#primaryimage\"},\"thumbnailUrl\":\"https:\/\/dev.antudigital.cl\/sites\/vc\/wp-content\/uploads\/2024\/06\/Captura-de-Pantalla-2024-06-24-a-las-23.34.48.png\",\"articleSection\":[\"Noticia\"],\"inLanguage\":\"es\"},{\"@type\":\"WebPage\",\"@id\":\"https:\/\/dev.antudigital.cl\/sites\/vc\/sumate-a-los-puntos-de-cultura\/\",\"url\":\"https:\/\/dev.antudigital.cl\/sites\/vc\/sumate-a-los-puntos-de-cultura\/\",\"name\":\"S\u00famate a los Puntos de Cultura - Valpara\u00ed\u00adso Creativo\",\"isPartOf\":{\"@id\":\"https:\/\/dev.antudigital.cl\/sites\/vc\/#website\"},\"primaryImageOfPage\":{\"@id\":\"https:\/\/dev.antudigital.cl\/sites\/vc\/sumate-a-los-puntos-de-cultura\/#primaryimage\"},\"image\":{\"@id\":\"https:\/\/dev.antudigital.cl\/sites\/vc\/sumate-a-los-puntos-de-cultura\/#primaryimage\"},\"thumbnailUrl\":\"https:\/\/dev.antudigital.cl\/sites\/vc\/wp-content\/uploads\/2024\/06\/Captura-de-Pantalla-2024-06-24-a-las-23.34.48.png\",\"datePublished\":\"2024-06-25T03:35:14+00:00\",\"dateModified\":\"2024-06-25T03:39:12+00:00\",\"author\":{\"@id\":\"https:\/\/dev.antudigital.cl\/sites\/vc\/#\/schema\/person\/c2b9da8dd545e27166fc5ab232837318\"},\"breadcrumb\":{\"@id\":\"https:\/\/dev.antudigital.cl\/sites\/vc\/sumate-a-los-puntos-de-cultura\/#breadcrumb\"},\"inLanguage\":\"es\",\"potentialAction\":[{\"@type\":\"ReadAction\",\"target\":[\"https:\/\/dev.antudigital.cl\/sites\/vc\/sumate-a-los-puntos-de-cultura\/\"]}]},{\"@type\":\"ImageObject\",\"inLanguage\":\"es\",\"@id\":\"https:\/\/dev.antudigital.cl\/sites\/vc\/sumate-a-los-puntos-de-cultura\/#primaryimage\",\"url\":\"https:\/\/dev.antudigital.cl\/sites\/vc\/wp-content\/uploads\/2024\/06\/Captura-de-Pantalla-2024-06-24-a-las-23.34.48.png\",\"contentUrl\":\"https:\/\/dev.antudigital.cl\/sites\/vc\/wp-content\/uploads\/2024\/06\/Captura-de-Pantalla-2024-06-24-a-las-23.34.48.png\",\"width\":878,\"height\":219},{\"@type\":\"BreadcrumbList\",\"@id\":\"https:\/\/dev.antudigital.cl\/sites\/vc\/sumate-a-los-puntos-de-cultura\/#breadcrumb\",\"itemListElement\":[{\"@type\":\"ListItem\",\"position\":1,\"name\":\"Home\",\"item\":\"https:\/\/dev.antudigital.cl\/sites\/vc\/\"},{\"@type\":\"ListItem\",\"position\":2,\"name\":\"S\u00famate a los Puntos de Cultura\"}]},{\"@type\":\"WebSite\",\"@id\":\"https:\/\/dev.antudigital.cl\/sites\/vc\/#website\",\"url\":\"https:\/\/dev.antudigital.cl\/sites\/vc\/\",\"name\":\"Valpara\u00ed\u00adso Creativo\",\"description\":\"\",\"potentialAction\":[{\"@type\":\"SearchAction\",\"target\":{\"@type\":\"EntryPoint\",\"urlTemplate\":\"https:\/\/dev.antudigital.cl\/sites\/vc\/?s={search_term_string}\"},\"query-input\":{\"@type\":\"PropertyValueSpecification\",\"valueRequired\":true,\"valueName\":\"search_term_string\"}}],\"inLanguage\":\"es\"},{\"@type\":\"Person\",\"@id\":\"https:\/\/dev.antudigital.cl\/sites\/vc\/#\/schema\/person\/c2b9da8dd545e27166fc5ab232837318\",\"name\":\"Valpara\u00edso Creativo\",\"description\":\"Periodista de cultura en la Regi\u00f3n de Valpara\u00edso.\",\"url\":\"https:\/\/dev.antudigital.cl\/sites\/vc\/author\/valpoadmin\/\"}]}<\/script>\n<!-- \/ Yoast SEO plugin. -->","yoast_head_json":{"title":"S\u00famate a los Puntos de Cultura - Valpara\u00ed\u00adso Creativo","robots":{"index":"index","follow":"follow","max-snippet":"max-snippet:-1","max-image-preview":"max-image-preview:large","max-video-preview":"max-video-preview:-1"},"canonical":"https:\/\/dev.antudigital.cl\/sites\/vc\/sumate-a-los-puntos-de-cultura\/","og_locale":"es_ES","og_type":"article","og_title":"S\u00famate a los Puntos de Cultura - Valpara\u00ed\u00adso Creativo","og_description":"Puntos de Cultura Comunitaria&nbsp;es un programa p\u00fablico nacional, a cargo del Departamento de Ciudadan\u00eda Cultural de la Subsecretar\u00eda de las Culturas y las Artes, del Ministerio de las Culturas las Artes y el Patrimonio. Su objetivo es aumentar el desarrollo de las pr\u00e1cticas socioculturales sostenidas por organizaciones de base comunitaria, reconoci\u00e9ndolas a trav\u00e9s de su [&hellip;]","og_url":"https:\/\/dev.antudigital.cl\/sites\/vc\/sumate-a-los-puntos-de-cultura\/","og_site_name":"Valpara\u00ed\u00adso Creativo","article_published_time":"2024-06-25T03:35:14+00:00","article_modified_time":"2024-06-25T03:39:12+00:00","og_image":[{"width":878,"height":219,"url":"https:\/\/dev.antudigital.cl\/sites\/vc\/wp-content\/uploads\/2024\/06\/Captura-de-Pantalla-2024-06-24-a-las-23.34.48.png","type":"image\/png"}],"author":"Valpara\u00edso Creativo","twitter_card":"summary_large_image","twitter_misc":{"Escrito por":"Valpara\u00edso Creativo","Tiempo de lectura":"2 minutos"},"schema":{"@context":"https:\/\/schema.org","@graph":[{"@type":"Article","@id":"https:\/\/dev.antudigital.cl\/sites\/vc\/sumate-a-los-puntos-de-cultura\/#article","isPartOf":{"@id":"https:\/\/dev.antudigital.cl\/sites\/vc\/sumate-a-los-puntos-de-cultura\/"},"author":{"name":"Valpara\u00edso Creativo","@id":"https:\/\/dev.antudigital.cl\/sites\/vc\/#\/schema\/person\/c2b9da8dd545e27166fc5ab232837318"},"headline":"S\u00famate a los Puntos de Cultura","datePublished":"2024-06-25T03:35:14+00:00","dateModified":"2024-06-25T03:39:12+00:00","mainEntityOfPage":{"@id":"https:\/\/dev.antudigital.cl\/sites\/vc\/sumate-a-los-puntos-de-cultura\/"},"wordCount":190,"image":{"@id":"https:\/\/dev.antudigital.cl\/sites\/vc\/sumate-a-los-puntos-de-cultura\/#primaryimage"},"thumbnailUrl":"https:\/\/dev.antudigital.cl\/sites\/vc\/wp-content\/uploads\/2024\/06\/Captura-de-Pantalla-2024-06-24-a-las-23.34.48.png","articleSection":["Noticia"],"inLanguage":"es"},{"@type":"WebPage","@id":"https:\/\/dev.antudigital.cl\/sites\/vc\/sumate-a-los-puntos-de-cultura\/","url":"https:\/\/dev.antudigital.cl\/sites\/vc\/sumate-a-los-puntos-de-cultura\/","name":"S\u00famate a los Puntos de Cultura - Valpara\u00ed\u00adso Creativo","isPartOf":{"@id":"https:\/\/dev.antudigital.cl\/sites\/vc\/#website"},"primaryImageOfPage":{"@id":"https:\/\/dev.antudigital.cl\/sites\/vc\/sumate-a-los-puntos-de-cultura\/#primaryimage"},"image":{"@id":"https:\/\/dev.antudigital.cl\/sites\/vc\/sumate-a-los-puntos-de-cultura\/#primaryimage"},"thumbnailUrl":"https:\/\/dev.antudigital.cl\/sites\/vc\/wp-content\/uploads\/2024\/06\/Captura-de-Pantalla-2024-06-24-a-las-23.34.48.png","datePublished":"2024-06-25T03:35:14+00:00","dateModified":"2024-06-25T03:39:12+00:00","author":{"@id":"https:\/\/dev.antudigital.cl\/sites\/vc\/#\/schema\/person\/c2b9da8dd545e27166fc5ab232837318"},"breadcrumb":{"@id":"https:\/\/dev.antudigital.cl\/sites\/vc\/sumate-a-los-puntos-de-cultura\/#breadcrumb"},"inLanguage":"es","potentialAction":[{"@type":"ReadAction","target":["https:\/\/dev.antudigital.cl\/sites\/vc\/sumate-a-los-puntos-de-cultura\/"]}]},{"@type":"ImageObject","inLanguage":"es","@id":"https:\/\/dev.antudigital.cl\/sites\/vc\/sumate-a-los-puntos-de-cultura\/#primaryimage","url":"https:\/\/dev.antudigital.cl\/sites\/vc\/wp-content\/uploads\/2024\/06\/Captura-de-Pantalla-2024-06-24-a-las-23.34.48.png","contentUrl":"https:\/\/dev.antudigital.cl\/sites\/vc\/wp-content\/uploads\/2024\/06\/Captura-de-Pantalla-2024-06-24-a-las-23.34.48.png","width":878,"height":219},{"@type":"BreadcrumbList","@id":"https:\/\/dev.antudigital.cl\/sites\/vc\/sumate-a-los-puntos-de-cultura\/#breadcrumb","itemListElement":[{"@type":"ListItem","position":1,"name":"Home","item":"https:\/\/dev.antudigital.cl\/sites\/vc\/"},{"@type":"ListItem","position":2,"name":"S\u00famate a los Puntos de Cultura"}]},{"@type":"WebSite","@id":"https:\/\/dev.antudigital.cl\/sites\/vc\/#website","url":"https:\/\/dev.antudigital.cl\/sites\/vc\/","name":"Valpara\u00ed\u00adso Creativo","description":"","potentialAction":[{"@type":"SearchAction","target":{"@type":"EntryPoint","urlTemplate":"https:\/\/dev.antudigital.cl\/sites\/vc\/?s={search_term_string}"},"query-input":{"@type":"PropertyValueSpecification","valueRequired":true,"valueName":"search_term_string"}}],"inLanguage":"es"},{"@type":"Person","@id":"https:\/\/dev.antudigital.cl\/sites\/vc\/#\/schema\/person\/c2b9da8dd545e27166fc5ab232837318","name":"Valpara\u00edso Creativo","description":"Periodista de cultura en la Regi\u00f3n de Valpara\u00edso.","url":"https:\/\/dev.antudigital.cl\/sites\/vc\/author\/valpoadmin\/"}]}},"_links":{"self":[{"href":"https:\/\/dev.antudigital.cl\/sites\/vc\/wp-json\/wp\/v2\/posts\/19515","targetHints":{"allow":["GET"]}}],"collection":[{"href":"https:\/\/dev.antudigital.cl\/sites\/vc\/wp-json\/wp\/v2\/posts"}],"about":[{"href":"https:\/\/dev.antudigital.cl\/sites\/vc\/wp-json\/wp\/v2\/types\/post"}],"author":[{"embeddable":true,"href":"https:\/\/dev.antudigital.cl\/sites\/vc\/wp-json\/wp\/v2\/users\/1"}],"replies":[{"embeddable":true,"href":"https:\/\/dev.antudigital.cl\/sites\/vc\/wp-json\/wp\/v2\/comments?post=19515"}],"version-history":[{"count":2,"href":"https:\/\/dev.antudigital.cl\/sites\/vc\/wp-json\/wp\/v2\/posts\/19515\/revisions"}],"predecessor-version":[{"id":19520,"href":"https:\/\/dev.antudigital.cl\/sites\/vc\/wp-json\/wp\/v2\/posts\/19515\/revisions\/19520"}],"wp:featuredmedia":[{"embeddable":true,"href":"https:\/\/dev.antudigital.cl\/sites\/vc\/wp-json\/wp\/v2\/media\/19516"}],"wp:attachment":[{"href":"https:\/\/dev.antudigital.cl\/sites\/vc\/wp-json\/wp\/v2\/media?parent=19515"}],"wp:term":[{"taxonomy":"category","embeddable":true,"href":"https:\/\/dev.antudigital.cl\/sites\/vc\/wp-json\/wp\/v2\/categories?post=19515"},{"taxonomy":"post_tag","embeddable":true,"href":"https:\/\/dev.antudigital.cl\/sites\/vc\/wp-json\/wp\/v2\/tags?post=19515"}],"curies":[{"name":"wp","href":"https:\/\/api.w.org\/{rel}","templated":true}]}}