{"id":19521,"date":"2024-06-25T03:44:43","date_gmt":"2024-06-25T03:44:43","guid":{"rendered":"https:\/\/www.valparaisocreativo.cl\/?p=19521"},"modified":"2024-06-25T03:45:02","modified_gmt":"2024-06-25T03:45:02","slug":"scd-abre-convocatoria-para-fondo-de-apoyo-2024-a-actividades-de-difusion-de-la-musica-chilena","status":"publish","type":"post","link":"https:\/\/dev.antudigital.cl\/sites\/vc\/scd-abre-convocatoria-para-fondo-de-apoyo-2024-a-actividades-de-difusion-de-la-musica-chilena\/","title":{"rendered":"SCD abre convocatoria para Fondo de apoyo 2024 a actividades de difusi\u00f3n de la m\u00fasica chilena"},"content":{"rendered":"\n<p>La&nbsp;<strong>Sociedad Chilena de Autores e Int\u00e9rpretes Musicales (SCD)<\/strong>&nbsp;abre su tercer proceso de postulaci\u00f3n al&nbsp;<strong>Fondo de Apoyo a Actividades de Difusi\u00f3n de la M\u00fasica Chilena 2024<\/strong>.<\/p>\n\n\n\n<p>Esta iniciativa est\u00e1 orientada a<strong>&nbsp;proyectos de car\u00e1cter presencial&nbsp;&nbsp;<\/strong>que fomenten la difusi\u00f3n de la m\u00fasica chilena, con un enfoque especial en aquellos proyectos que aporten beneficios colectivos y contribuyan a enriquecer el panorama cultural y musical del pa\u00eds.<\/p>\n\n\n\n<p>El apoyo va dirigido a actividades en diversos formatos tales como festivales, concursos de interpretaci\u00f3n, ciclos, encuentros musicales y exhibiciones con m\u00fasica en vivo.<\/p>\n\n\n\n<p>La primera convocatoria y segunda convocatoria ya cerraron, pero a\u00fan queda un \u00faltimo proceso de postulaci\u00f3n . De esa manera<strong>, este 13 de junio se inicia el tercer llamado para presentar proyectos que sean aptos y cumplan los requisitos para este fondo<\/strong>.<\/p>\n\n\n\n<p><strong>Recuerda que se excluyen del apoyo los siguientes proyectos:<\/strong><\/p>\n\n\n\n<ul class=\"wp-block-list\">\n<li>No podr\u00e1n postular a este apoyo aquellos que hayan sido beneficiarios en alguna de las dos convocatorias ya realizadas en el presente a\u00f1o.<\/li>\n\n\n\n<li>Es obligatorio incluir a SCD como auspiciador o patrocinador en todo material gr\u00e1fico y de papeler\u00eda relacionado con el proyecto.<\/li>\n\n\n\n<li>No se apoyar\u00e1n actividades como conciertos promocionales de artistas, giras, lanzamientos y grabaciones de discos, producci\u00f3n o lanzamientos de libros o videoclips.<\/li>\n\n\n\n<li>Este fondo no financia becas o estudios relacionados con la m\u00fasica.<\/li>\n\n\n\n<li>Se excluyen gastos de inversi\u00f3n para la adquisici\u00f3n de equipos t\u00e9cnicos, implementos e instrumentos.<\/li>\n\n\n\n<li>No apoya desarrollo de plataformas web, medios de comunicaci\u00f3n o programas de radio o TV.<\/li>\n\n\n\n<li>Cualquier proyecto, titular o recinto que no est\u00e9 al d\u00eda en el pago de derechos y\/o licencias de la Sociedad Chilena del Derecho de Autor (SCD) queda excluido de la postulaci\u00f3n.<\/li>\n<\/ul>\n\n\n\n<h1 class=\"wp-block-heading\"><strong>\u00bfC\u00d3MO POSTULAR?<\/strong><\/h1>\n\n\n\n<h3 class=\"wp-block-heading\">REQUISITOS<\/h3>\n\n\n\n<ul class=\"wp-block-list\">\n<li>Destinado a socios SCD o instituciones culturales con personalidad jur\u00eddica.<\/li>\n\n\n\n<li>Pueden solicitar un m\u00e1ximo del 25% del presupuesto total del proyecto.<\/li>\n\n\n\n<li>El proyecto debe contar con la autorizaci\u00f3n de SCD (Licencia) y el posterior pago de derechos correspondientes por la comunicaci\u00f3n p\u00fablica de las obras musicales ejecutadas.<\/li>\n\n\n\n<li>Los proyectos deben contemplar una remuneraci\u00f3n justa y adecuada para los artistas participantes. Esta condici\u00f3n busca asegurar el respeto y valorizaci\u00f3n del trabajo de los m\u00fasicos implicados en los proyectos.<\/li>\n\n\n\n<li>Se debe presentar un detalle del proyecto que incluya: fecha y lugar de realizaci\u00f3n. Los proyectos deben ser ejecutados en Chile.<\/li>\n\n\n\n<li>Se debe adjuntar una carta de apoyo del espacio\/lugar donde se realizar\u00e1 el evento\/proyecto.<\/li>\n<\/ul>\n\n\n\n<h3 class=\"wp-block-heading\">EVALUACI\u00d3N DE LOS PROYECTOS<\/h3>\n\n\n\n<p>Los proyectos ser\u00e1n evaluados por el Comit\u00e9 de Auspicios y Patrocinios considerando los siguientes criterios:<\/p>\n\n\n\n<ul class=\"wp-block-list\">\n<li>Calidad y contribuci\u00f3n a la difusi\u00f3n de la m\u00fasica chilena.<\/li>\n\n\n\n<li>Viabilidad financiera y log\u00edstica del proyecto.<\/li>\n\n\n\n<li>Inclusi\u00f3n de una remuneraci\u00f3n justa para los m\u00fasicos participantes.<\/li>\n\n\n\n<li>Diversificaci\u00f3n de fuentes de financiamiento.<\/li>\n<\/ul>\n\n\n\n<p>La evaluaci\u00f3n de los proyectos estar\u00e1 a cargo del Comit\u00e9 de Auspicios y Patrocinios. Los postulantes recibir\u00e1n una respuesta v\u00eda correo electr\u00f3nico en un plazo m\u00e1ximo de 15 d\u00edas h\u00e1biles tras el cierre de cada convocatoria.<\/p>\n\n\n\n<h3 class=\"wp-block-heading\">DISTRIBUCI\u00d3N DE FONDOS<\/h3>\n\n\n\n<p>La asignaci\u00f3n de fondos se basar\u00e1 en la evaluaci\u00f3n del proyecto, permitiendo que, de seleccionarse, este reciba total o parcialmente el monto o apoyo solicitado.<\/p>\n\n\n\n<p><strong>Asignaci\u00f3n M\u00e1xima por Proyecto<\/strong>: Hasta $1.000.000 m\u00e1s IVA.<\/p>\n\n\n\n<p><strong>Fondo Total Disponible por Convocatoria<\/strong>: $6.000.000 m\u00e1s IVA.<\/p>\n\n\n\n<p>Los fondos otorgados se transferir\u00e1n directamente al proveedor designado por el solicitante despu\u00e9s de la realizaci\u00f3n del evento. No ser\u00e1 necesario solicitar al proveedor facturas o boletas de honorarios para este proceso.<\/p>\n\n\n\n<h3 class=\"wp-block-heading\">FECHAS DE POSTULACI\u00d3N<\/h3>\n\n\n\n<p><strong>1.Primera Convocatoria: CERRADA<\/strong><\/p>\n\n\n\n<p><strong>2. Segunda Convocatoria: CERRADA<\/strong><\/p>\n\n\n\n<p><strong>3. Tercera Convocatoria: DEL 13 DE JUNIO AL 15 JULIO<br><\/strong>Proyectos a realizarse en: noviembre 2024, diciembre 2024, enero 2025 y febrero 2025.<\/p>\n\n\n\n<h1 class=\"wp-block-heading\"><a href=\"https:\/\/docs.google.com\/forms\/d\/e\/1FAIpQLSfH7Ptw8mpmXKUXRWhEW7Dvor6nXqVFqQCXCgyDOp-_31KOTw\/viewform\" target=\"_blank\" rel=\"noreferrer noopener\">ENCUENTRA AQU\u00cd EL FORMULARIO DE SOLICITUD DE EVALUACI\u00d3N DE PROYECTOS<\/a><\/h1>\n","protected":false},"excerpt":{"rendered":"<p>La&nbsp;Sociedad Chilena de Autores e Int\u00e9rpretes Musicales (SCD)&nbsp;abre su tercer proceso de postulaci\u00f3n al&nbsp;Fondo de Apoyo a Actividades de Difusi\u00f3n de la M\u00fasica Chilena 2024. Esta iniciativa est\u00e1 orientada a&nbsp;proyectos de car\u00e1cter presencial&nbsp;&nbsp;que fomenten la difusi\u00f3n de la m\u00fasica chilena, con un enfoque especial en aquellos proyectos que aporten beneficios colectivos y contribuyan a enriquecer [&hellip;]<\/p>\n","protected":false},"author":1,"featured_media":19522,"comment_status":"closed","ping_status":"closed","sticky":false,"template":"","format":"standard","meta":{"_acf_changed":false,"footnotes":""},"categories":[8],"tags":[],"class_list":["post-19521","post","type-post","status-publish","format-standard","has-post-thumbnail","hentry","category-noticia"],"acf":[],"yoast_head":"<!-- This site is optimized with the Yoast SEO plugin v27.1.1 - https:\/\/yoast.com\/product\/yoast-seo-wordpress\/ -->\n<title>SCD abre convocatoria para Fondo de apoyo 2024 a actividades de difusi\u00f3n de la m\u00fasica chilena - Valpara\u00ed\u00adso Creativo<\/title>\n<meta name=\"robots\" content=\"index, follow, max-snippet:-1, max-image-preview:large, max-video-preview:-1\" \/>\n<link rel=\"canonical\" href=\"https:\/\/dev.antudigital.cl\/sites\/vc\/scd-abre-convocatoria-para-fondo-de-apoyo-2024-a-actividades-de-difusion-de-la-musica-chilena\/\" \/>\n<meta property=\"og:locale\" content=\"es_ES\" \/>\n<meta property=\"og:type\" content=\"article\" \/>\n<meta property=\"og:title\" content=\"SCD abre convocatoria para Fondo de apoyo 2024 a actividades de difusi\u00f3n de la m\u00fasica chilena - Valpara\u00ed\u00adso Creativo\" \/>\n<meta property=\"og:description\" content=\"La&nbsp;Sociedad Chilena de Autores e Int\u00e9rpretes Musicales (SCD)&nbsp;abre su tercer proceso de postulaci\u00f3n al&nbsp;Fondo de Apoyo a Actividades de Difusi\u00f3n de la M\u00fasica Chilena 2024. Esta iniciativa est\u00e1 orientada a&nbsp;proyectos de car\u00e1cter presencial&nbsp;&nbsp;que fomenten la difusi\u00f3n de la m\u00fasica chilena, con un enfoque especial en aquellos proyectos que aporten beneficios colectivos y contribuyan a enriquecer [&hellip;]\" \/>\n<meta property=\"og:url\" content=\"https:\/\/dev.antudigital.cl\/sites\/vc\/scd-abre-convocatoria-para-fondo-de-apoyo-2024-a-actividades-de-difusion-de-la-musica-chilena\/\" \/>\n<meta property=\"og:site_name\" content=\"Valpara\u00ed\u00adso Creativo\" \/>\n<meta property=\"article:published_time\" content=\"2024-06-25T03:44:43+00:00\" \/>\n<meta property=\"article:modified_time\" content=\"2024-06-25T03:45:02+00:00\" \/>\n<meta property=\"og:image\" content=\"https:\/\/dev.antudigital.cl\/sites\/vc\/wp-content\/uploads\/2024\/06\/unnamed-1.jpeg\" \/>\n\t<meta property=\"og:image:width\" content=\"592\" \/>\n\t<meta property=\"og:image:height\" content=\"401\" \/>\n\t<meta property=\"og:image:type\" content=\"image\/jpeg\" \/>\n<meta name=\"author\" content=\"Valpara\u00edso Creativo\" \/>\n<meta name=\"twitter:card\" content=\"summary_large_image\" \/>\n<meta name=\"twitter:label1\" content=\"Escrito por\" \/>\n\t<meta name=\"twitter:data1\" content=\"Valpara\u00edso Creativo\" \/>\n\t<meta name=\"twitter:label2\" content=\"Tiempo de lectura\" \/>\n\t<meta name=\"twitter:data2\" content=\"3 minutos\" \/>\n<script type=\"application\/ld+json\" class=\"yoast-schema-graph\">{\"@context\":\"https:\/\/schema.org\",\"@graph\":[{\"@type\":\"Article\",\"@id\":\"https:\/\/dev.antudigital.cl\/sites\/vc\/scd-abre-convocatoria-para-fondo-de-apoyo-2024-a-actividades-de-difusion-de-la-musica-chilena\/#article\",\"isPartOf\":{\"@id\":\"https:\/\/dev.antudigital.cl\/sites\/vc\/scd-abre-convocatoria-para-fondo-de-apoyo-2024-a-actividades-de-difusion-de-la-musica-chilena\/\"},\"author\":{\"name\":\"Valpara\u00edso Creativo\",\"@id\":\"https:\/\/dev.antudigital.cl\/sites\/vc\/#\/schema\/person\/c2b9da8dd545e27166fc5ab232837318\"},\"headline\":\"SCD abre convocatoria para Fondo de apoyo 2024 a actividades de difusi\u00f3n de la m\u00fasica chilena\",\"datePublished\":\"2024-06-25T03:44:43+00:00\",\"dateModified\":\"2024-06-25T03:45:02+00:00\",\"mainEntityOfPage\":{\"@id\":\"https:\/\/dev.antudigital.cl\/sites\/vc\/scd-abre-convocatoria-para-fondo-de-apoyo-2024-a-actividades-de-difusion-de-la-musica-chilena\/\"},\"wordCount\":673,\"image\":{\"@id\":\"https:\/\/dev.antudigital.cl\/sites\/vc\/scd-abre-convocatoria-para-fondo-de-apoyo-2024-a-actividades-de-difusion-de-la-musica-chilena\/#primaryimage\"},\"thumbnailUrl\":\"https:\/\/dev.antudigital.cl\/sites\/vc\/wp-content\/uploads\/2024\/06\/unnamed-1.jpeg\",\"articleSection\":[\"Noticia\"],\"inLanguage\":\"es\"},{\"@type\":\"WebPage\",\"@id\":\"https:\/\/dev.antudigital.cl\/sites\/vc\/scd-abre-convocatoria-para-fondo-de-apoyo-2024-a-actividades-de-difusion-de-la-musica-chilena\/\",\"url\":\"https:\/\/dev.antudigital.cl\/sites\/vc\/scd-abre-convocatoria-para-fondo-de-apoyo-2024-a-actividades-de-difusion-de-la-musica-chilena\/\",\"name\":\"SCD abre convocatoria para Fondo de apoyo 2024 a actividades de difusi\u00f3n de la m\u00fasica chilena - Valpara\u00ed\u00adso Creativo\",\"isPartOf\":{\"@id\":\"https:\/\/dev.antudigital.cl\/sites\/vc\/#website\"},\"primaryImageOfPage\":{\"@id\":\"https:\/\/dev.antudigital.cl\/sites\/vc\/scd-abre-convocatoria-para-fondo-de-apoyo-2024-a-actividades-de-difusion-de-la-musica-chilena\/#primaryimage\"},\"image\":{\"@id\":\"https:\/\/dev.antudigital.cl\/sites\/vc\/scd-abre-convocatoria-para-fondo-de-apoyo-2024-a-actividades-de-difusion-de-la-musica-chilena\/#primaryimage\"},\"thumbnailUrl\":\"https:\/\/dev.antudigital.cl\/sites\/vc\/wp-content\/uploads\/2024\/06\/unnamed-1.jpeg\",\"datePublished\":\"2024-06-25T03:44:43+00:00\",\"dateModified\":\"2024-06-25T03:45:02+00:00\",\"author\":{\"@id\":\"https:\/\/dev.antudigital.cl\/sites\/vc\/#\/schema\/person\/c2b9da8dd545e27166fc5ab232837318\"},\"breadcrumb\":{\"@id\":\"https:\/\/dev.antudigital.cl\/sites\/vc\/scd-abre-convocatoria-para-fondo-de-apoyo-2024-a-actividades-de-difusion-de-la-musica-chilena\/#breadcrumb\"},\"inLanguage\":\"es\",\"potentialAction\":[{\"@type\":\"ReadAction\",\"target\":[\"https:\/\/dev.antudigital.cl\/sites\/vc\/scd-abre-convocatoria-para-fondo-de-apoyo-2024-a-actividades-de-difusion-de-la-musica-chilena\/\"]}]},{\"@type\":\"ImageObject\",\"inLanguage\":\"es\",\"@id\":\"https:\/\/dev.antudigital.cl\/sites\/vc\/scd-abre-convocatoria-para-fondo-de-apoyo-2024-a-actividades-de-difusion-de-la-musica-chilena\/#primaryimage\",\"url\":\"https:\/\/dev.antudigital.cl\/sites\/vc\/wp-content\/uploads\/2024\/06\/unnamed-1.jpeg\",\"contentUrl\":\"https:\/\/dev.antudigital.cl\/sites\/vc\/wp-content\/uploads\/2024\/06\/unnamed-1.jpeg\",\"width\":592,\"height\":401},{\"@type\":\"BreadcrumbList\",\"@id\":\"https:\/\/dev.antudigital.cl\/sites\/vc\/scd-abre-convocatoria-para-fondo-de-apoyo-2024-a-actividades-de-difusion-de-la-musica-chilena\/#breadcrumb\",\"itemListElement\":[{\"@type\":\"ListItem\",\"position\":1,\"name\":\"Home\",\"item\":\"https:\/\/dev.antudigital.cl\/sites\/vc\/\"},{\"@type\":\"ListItem\",\"position\":2,\"name\":\"SCD abre convocatoria para Fondo de apoyo 2024 a actividades de difusi\u00f3n de la m\u00fasica chilena\"}]},{\"@type\":\"WebSite\",\"@id\":\"https:\/\/dev.antudigital.cl\/sites\/vc\/#website\",\"url\":\"https:\/\/dev.antudigital.cl\/sites\/vc\/\",\"name\":\"Valpara\u00ed\u00adso Creativo\",\"description\":\"\",\"potentialAction\":[{\"@type\":\"SearchAction\",\"target\":{\"@type\":\"EntryPoint\",\"urlTemplate\":\"https:\/\/dev.antudigital.cl\/sites\/vc\/?s={search_term_string}\"},\"query-input\":{\"@type\":\"PropertyValueSpecification\",\"valueRequired\":true,\"valueName\":\"search_term_string\"}}],\"inLanguage\":\"es\"},{\"@type\":\"Person\",\"@id\":\"https:\/\/dev.antudigital.cl\/sites\/vc\/#\/schema\/person\/c2b9da8dd545e27166fc5ab232837318\",\"name\":\"Valpara\u00edso Creativo\",\"description\":\"Periodista de cultura en la Regi\u00f3n de Valpara\u00edso.\",\"url\":\"https:\/\/dev.antudigital.cl\/sites\/vc\/author\/valpoadmin\/\"}]}<\/script>\n<!-- \/ Yoast SEO plugin. -->","yoast_head_json":{"title":"SCD abre convocatoria para Fondo de apoyo 2024 a actividades de difusi\u00f3n de la m\u00fasica chilena - Valpara\u00ed\u00adso Creativo","robots":{"index":"index","follow":"follow","max-snippet":"max-snippet:-1","max-image-preview":"max-image-preview:large","max-video-preview":"max-video-preview:-1"},"canonical":"https:\/\/dev.antudigital.cl\/sites\/vc\/scd-abre-convocatoria-para-fondo-de-apoyo-2024-a-actividades-de-difusion-de-la-musica-chilena\/","og_locale":"es_ES","og_type":"article","og_title":"SCD abre convocatoria para Fondo de apoyo 2024 a actividades de difusi\u00f3n de la m\u00fasica chilena - Valpara\u00ed\u00adso Creativo","og_description":"La&nbsp;Sociedad Chilena de Autores e Int\u00e9rpretes Musicales (SCD)&nbsp;abre su tercer proceso de postulaci\u00f3n al&nbsp;Fondo de Apoyo a Actividades de Difusi\u00f3n de la M\u00fasica Chilena 2024. Esta iniciativa est\u00e1 orientada a&nbsp;proyectos de car\u00e1cter presencial&nbsp;&nbsp;que fomenten la difusi\u00f3n de la m\u00fasica chilena, con un enfoque especial en aquellos proyectos que aporten beneficios colectivos y contribuyan a enriquecer [&hellip;]","og_url":"https:\/\/dev.antudigital.cl\/sites\/vc\/scd-abre-convocatoria-para-fondo-de-apoyo-2024-a-actividades-de-difusion-de-la-musica-chilena\/","og_site_name":"Valpara\u00ed\u00adso Creativo","article_published_time":"2024-06-25T03:44:43+00:00","article_modified_time":"2024-06-25T03:45:02+00:00","og_image":[{"width":592,"height":401,"url":"https:\/\/dev.antudigital.cl\/sites\/vc\/wp-content\/uploads\/2024\/06\/unnamed-1.jpeg","type":"image\/jpeg"}],"author":"Valpara\u00edso Creativo","twitter_card":"summary_large_image","twitter_misc":{"Escrito por":"Valpara\u00edso Creativo","Tiempo de lectura":"3 minutos"},"schema":{"@context":"https:\/\/schema.org","@graph":[{"@type":"Article","@id":"https:\/\/dev.antudigital.cl\/sites\/vc\/scd-abre-convocatoria-para-fondo-de-apoyo-2024-a-actividades-de-difusion-de-la-musica-chilena\/#article","isPartOf":{"@id":"https:\/\/dev.antudigital.cl\/sites\/vc\/scd-abre-convocatoria-para-fondo-de-apoyo-2024-a-actividades-de-difusion-de-la-musica-chilena\/"},"author":{"name":"Valpara\u00edso Creativo","@id":"https:\/\/dev.antudigital.cl\/sites\/vc\/#\/schema\/person\/c2b9da8dd545e27166fc5ab232837318"},"headline":"SCD abre convocatoria para Fondo de apoyo 2024 a actividades de difusi\u00f3n de la m\u00fasica chilena","datePublished":"2024-06-25T03:44:43+00:00","dateModified":"2024-06-25T03:45:02+00:00","mainEntityOfPage":{"@id":"https:\/\/dev.antudigital.cl\/sites\/vc\/scd-abre-convocatoria-para-fondo-de-apoyo-2024-a-actividades-de-difusion-de-la-musica-chilena\/"},"wordCount":673,"image":{"@id":"https:\/\/dev.antudigital.cl\/sites\/vc\/scd-abre-convocatoria-para-fondo-de-apoyo-2024-a-actividades-de-difusion-de-la-musica-chilena\/#primaryimage"},"thumbnailUrl":"https:\/\/dev.antudigital.cl\/sites\/vc\/wp-content\/uploads\/2024\/06\/unnamed-1.jpeg","articleSection":["Noticia"],"inLanguage":"es"},{"@type":"WebPage","@id":"https:\/\/dev.antudigital.cl\/sites\/vc\/scd-abre-convocatoria-para-fondo-de-apoyo-2024-a-actividades-de-difusion-de-la-musica-chilena\/","url":"https:\/\/dev.antudigital.cl\/sites\/vc\/scd-abre-convocatoria-para-fondo-de-apoyo-2024-a-actividades-de-difusion-de-la-musica-chilena\/","name":"SCD abre convocatoria para Fondo de apoyo 2024 a actividades de difusi\u00f3n de la m\u00fasica chilena - Valpara\u00ed\u00adso Creativo","isPartOf":{"@id":"https:\/\/dev.antudigital.cl\/sites\/vc\/#website"},"primaryImageOfPage":{"@id":"https:\/\/dev.antudigital.cl\/sites\/vc\/scd-abre-convocatoria-para-fondo-de-apoyo-2024-a-actividades-de-difusion-de-la-musica-chilena\/#primaryimage"},"image":{"@id":"https:\/\/dev.antudigital.cl\/sites\/vc\/scd-abre-convocatoria-para-fondo-de-apoyo-2024-a-actividades-de-difusion-de-la-musica-chilena\/#primaryimage"},"thumbnailUrl":"https:\/\/dev.antudigital.cl\/sites\/vc\/wp-content\/uploads\/2024\/06\/unnamed-1.jpeg","datePublished":"2024-06-25T03:44:43+00:00","dateModified":"2024-06-25T03:45:02+00:00","author":{"@id":"https:\/\/dev.antudigital.cl\/sites\/vc\/#\/schema\/person\/c2b9da8dd545e27166fc5ab232837318"},"breadcrumb":{"@id":"https:\/\/dev.antudigital.cl\/sites\/vc\/scd-abre-convocatoria-para-fondo-de-apoyo-2024-a-actividades-de-difusion-de-la-musica-chilena\/#breadcrumb"},"inLanguage":"es","potentialAction":[{"@type":"ReadAction","target":["https:\/\/dev.antudigital.cl\/sites\/vc\/scd-abre-convocatoria-para-fondo-de-apoyo-2024-a-actividades-de-difusion-de-la-musica-chilena\/"]}]},{"@type":"ImageObject","inLanguage":"es","@id":"https:\/\/dev.antudigital.cl\/sites\/vc\/scd-abre-convocatoria-para-fondo-de-apoyo-2024-a-actividades-de-difusion-de-la-musica-chilena\/#primaryimage","url":"https:\/\/dev.antudigital.cl\/sites\/vc\/wp-content\/uploads\/2024\/06\/unnamed-1.jpeg","contentUrl":"https:\/\/dev.antudigital.cl\/sites\/vc\/wp-content\/uploads\/2024\/06\/unnamed-1.jpeg","width":592,"height":401},{"@type":"BreadcrumbList","@id":"https:\/\/dev.antudigital.cl\/sites\/vc\/scd-abre-convocatoria-para-fondo-de-apoyo-2024-a-actividades-de-difusion-de-la-musica-chilena\/#breadcrumb","itemListElement":[{"@type":"ListItem","position":1,"name":"Home","item":"https:\/\/dev.antudigital.cl\/sites\/vc\/"},{"@type":"ListItem","position":2,"name":"SCD abre convocatoria para Fondo de apoyo 2024 a actividades de difusi\u00f3n de la m\u00fasica chilena"}]},{"@type":"WebSite","@id":"https:\/\/dev.antudigital.cl\/sites\/vc\/#website","url":"https:\/\/dev.antudigital.cl\/sites\/vc\/","name":"Valpara\u00ed\u00adso Creativo","description":"","potentialAction":[{"@type":"SearchAction","target":{"@type":"EntryPoint","urlTemplate":"https:\/\/dev.antudigital.cl\/sites\/vc\/?s={search_term_string}"},"query-input":{"@type":"PropertyValueSpecification","valueRequired":true,"valueName":"search_term_string"}}],"inLanguage":"es"},{"@type":"Person","@id":"https:\/\/dev.antudigital.cl\/sites\/vc\/#\/schema\/person\/c2b9da8dd545e27166fc5ab232837318","name":"Valpara\u00edso Creativo","description":"Periodista de cultura en la Regi\u00f3n de Valpara\u00edso.","url":"https:\/\/dev.antudigital.cl\/sites\/vc\/author\/valpoadmin\/"}]}},"_links":{"self":[{"href":"https:\/\/dev.antudigital.cl\/sites\/vc\/wp-json\/wp\/v2\/posts\/19521","targetHints":{"allow":["GET"]}}],"collection":[{"href":"https:\/\/dev.antudigital.cl\/sites\/vc\/wp-json\/wp\/v2\/posts"}],"about":[{"href":"https:\/\/dev.antudigital.cl\/sites\/vc\/wp-json\/wp\/v2\/types\/post"}],"author":[{"embeddable":true,"href":"https:\/\/dev.antudigital.cl\/sites\/vc\/wp-json\/wp\/v2\/users\/1"}],"replies":[{"embeddable":true,"href":"https:\/\/dev.antudigital.cl\/sites\/vc\/wp-json\/wp\/v2\/comments?post=19521"}],"version-history":[{"count":1,"href":"https:\/\/dev.antudigital.cl\/sites\/vc\/wp-json\/wp\/v2\/posts\/19521\/revisions"}],"predecessor-version":[{"id":19523,"href":"https:\/\/dev.antudigital.cl\/sites\/vc\/wp-json\/wp\/v2\/posts\/19521\/revisions\/19523"}],"wp:featuredmedia":[{"embeddable":true,"href":"https:\/\/dev.antudigital.cl\/sites\/vc\/wp-json\/wp\/v2\/media\/19522"}],"wp:attachment":[{"href":"https:\/\/dev.antudigital.cl\/sites\/vc\/wp-json\/wp\/v2\/media?parent=19521"}],"wp:term":[{"taxonomy":"category","embeddable":true,"href":"https:\/\/dev.antudigital.cl\/sites\/vc\/wp-json\/wp\/v2\/categories?post=19521"},{"taxonomy":"post_tag","embeddable":true,"href":"https:\/\/dev.antudigital.cl\/sites\/vc\/wp-json\/wp\/v2\/tags?post=19521"}],"curies":[{"name":"wp","href":"https:\/\/api.w.org\/{rel}","templated":true}]}}