{"id":19528,"date":"2024-06-25T23:54:53","date_gmt":"2024-06-25T23:54:53","guid":{"rendered":"https:\/\/www.valparaisocreativo.cl\/?p=19528"},"modified":"2024-06-25T23:55:11","modified_gmt":"2024-06-25T23:55:11","slug":"hacer-aparecer-desde-la-intuicion-entrevista-a-carlos-cabezas","status":"publish","type":"post","link":"https:\/\/dev.antudigital.cl\/sites\/vc\/hacer-aparecer-desde-la-intuicion-entrevista-a-carlos-cabezas\/","title":{"rendered":"\u201cHacer aparecer desde la intuici\u00f3n\u201d: entrevista a Carlos Cabezas"},"content":{"rendered":"\n<p>Cuarenta a\u00f1os lleva Electrodom\u00e9sticos vigente en la escena musical nacional, con vaivenes en su trayecto y diversas formaciones. M\u00e1s all\u00e1 de sus integrantes, el proyecto se ha consolidado como uno de los m\u00e1s vanguardistas e interesantes de Chile, innovando en su sonido y propuesta a trav\u00e9s de los a\u00f1os.<\/p>\n\n\n\n<p>Con Carlos Cabezas siempre manteni\u00e9ndose al volante, la banda cuenta con 6 \u00e1lbumes y 1 en vivo que reflejan su versatilidad y, por sobre todo, el gusto por la experimentaci\u00f3n. Mientras hablamos con el l\u00edder de esta m\u00edtica agrupaci\u00f3n, uno de los elementos que menciona es ese: para crear, es importante nunca dejar de jugar, de divertirse.&nbsp;<\/p>\n\n\n\n<p>Este s\u00e1bado 29 se presentar\u00e1n en el Parque Cultural de Valpara\u00edso para lanzar su \u00faltimo t\u00edtulo \u201cMirar la luz\u201d, una reflexi\u00f3n que nace del periodo entre Estallido Social y Pandemia que nos transform\u00f3 tanto, conect\u00e1ndonos con otras cosas en la vida. \u00bfQu\u00e9 sucedi\u00f3 con la humanidad en ese contexto? Esa y m\u00e1s preguntas se mantienen en el imaginario de Electrodom\u00e9sticos.<\/p>\n\n\n\n<p><a href=\"https:\/\/www.valparaisocreativo.cl\/electrodomesticos-presenta-mirar-la-luz-este-29-de-junio-en-el-parque-cultural-de-valparaiso\/\">[Haz click aqu\u00ed para m\u00e1s detalles y obtener 20% de descuento en tu entrada]<\/a><\/p>\n\n\n\n<figure class=\"wp-block-image size-full\"><img fetchpriority=\"high\" decoding=\"async\" width=\"943\" height=\"401\" src=\"https:\/\/www.valparaisocreativo.cl\/wp-content\/uploads\/2024\/06\/Captura-de-Pantalla-2024-06-25-a-las-13.24.47.png\" alt=\"\" class=\"wp-image-19531\" srcset=\"https:\/\/dev.antudigital.cl\/sites\/vc\/wp-content\/uploads\/2024\/06\/Captura-de-Pantalla-2024-06-25-a-las-13.24.47.png 943w, https:\/\/dev.antudigital.cl\/sites\/vc\/wp-content\/uploads\/2024\/06\/Captura-de-Pantalla-2024-06-25-a-las-13.24.47-300x128.png 300w, https:\/\/dev.antudigital.cl\/sites\/vc\/wp-content\/uploads\/2024\/06\/Captura-de-Pantalla-2024-06-25-a-las-13.24.47-768x327.png 768w, https:\/\/dev.antudigital.cl\/sites\/vc\/wp-content\/uploads\/2024\/06\/Captura-de-Pantalla-2024-06-25-a-las-13.24.47-480x204.png 480w, https:\/\/dev.antudigital.cl\/sites\/vc\/wp-content\/uploads\/2024\/06\/Captura-de-Pantalla-2024-06-25-a-las-13.24.47-24x10.png 24w, https:\/\/dev.antudigital.cl\/sites\/vc\/wp-content\/uploads\/2024\/06\/Captura-de-Pantalla-2024-06-25-a-las-13.24.47-36x15.png 36w, https:\/\/dev.antudigital.cl\/sites\/vc\/wp-content\/uploads\/2024\/06\/Captura-de-Pantalla-2024-06-25-a-las-13.24.47-48x20.png 48w\" sizes=\"(max-width: 943px) 100vw, 943px\" \/><\/figure>\n\n\n\n<p><strong>\u00bfDe qu\u00e9 est\u00e1 compuesto tu universo? Es amplio, as\u00ed que lo aterrizo: \u00bfc\u00f3mo visualizas tu imaginario? \u00bfLo ves en m\u00fasica, palabras, im\u00e1genes? \u00bfQu\u00e9 te nutre? \u00bfQu\u00e9 te interesa hoy, por ejemplo? Por ah\u00ed quiero ir.<\/strong><\/p>\n\n\n\n<p>Carlos Cabezas: Dios m\u00edo. Es bastante amplio. Puede ser la humanidad, en el sentido de la caracter\u00edstica de humanidad de las personas, lo que hay en ellas. Dentro de aquello, la m\u00fasica y el arte son un espacio donde pueden aparecer reflexiones sobre eso que, siento, lo que he aprendido a hacer tiene que ver con ese inter\u00e9s y esa curiosidad por entendernos mejor como seres humanos.&nbsp;<\/p>\n\n\n\n<p>El arte en general, trae reflexiones que vienen de lugares m\u00e1s intuitivos, menos racionales, en las muchas maneras de expresiones art\u00edsticas y de c\u00f3mo se generan las mismas. En mi caso, creo que viene de la observaci\u00f3n natural que uno hace o el inter\u00e9s que uno tiene permanente sobre c\u00f3mo nos comportamos, c\u00f3mo hacemos las cosas, c\u00f3mo nos entendemos o miramos a los ojos, c\u00f3mo nos sentimos. Desde siempre he tenido un inter\u00e9s por ese lado y la m\u00fasica tiene la capacidad de sacar a flote eso.<\/p>\n\n\n\n<p>Siempre estaba leyendo las noticias, hay una atenci\u00f3n permanente sobre eso y me gusta, por ejemplo, compartir con gente y caminar por la ciudad, mirar y sentir las vidas de las personas. Preguntarme qu\u00e9 puede estar sintiendo cada persona con la que me topo. Todo eso aparece de manera intuitiva en las canciones, los textos aparecen desde la m\u00fasica, no es al rev\u00e9s en mi caso.&nbsp;<\/p>\n\n\n\n<p><strong>Carlos, \u00bfqu\u00e9 experimentas en tu cotidiano en t\u00e9rminos culturales? \u00bfTe gusta el cine, la m\u00fasica, tienes periodos o c\u00f3mo lo vives?<\/strong><\/p>\n\n\n\n<p>&#8211; \u00daltimamente voy m\u00e1s al teatro que al cine, ya que la cartelera cinematogr\u00e1fica se basa en pel\u00edculas dise\u00f1adas seg\u00fan un modelo de negocios que gira en torno al consumo. Realmente en los cines no hay una oferta muy atractiva, a excepci\u00f3n de algunos que a\u00fan muestran cine que puede ser interesante. Entonces he estado yendo m\u00e1s al teatro, me gusta ver las puestas en escena, c\u00f3mo se arman los relatos. Ver la manera que arman las historias y as\u00ed.<\/p>\n\n\n\n<p><strong>No quiero sonar cuadrada, pero cu\u00e1l es una estrategia, o lo que a ustedes les ha funcionado, para mantener el frescor en la m\u00fasica, en cada proceso a trav\u00e9s de los a\u00f1os. \u00bfTienen alguna t\u00e9cnica, quiz\u00e1s algo que vaya cambiando?<\/strong><\/p>\n\n\n\n<p>&#8211; M\u00e1s que t\u00e9cnica, creo que lo que funciona es que la m\u00fasica pueda lucir esa capacidad que tiene de conectar a las personas desde un plano m\u00e1s emocional, menos racional &#8211; plano que est\u00e1 intoxicado con demasiada informaci\u00f3n. La verdad como concepto y como refugio para entendernos. Pero hay un plano que es la m\u00fasica, que cuando ocurre que la gente comparte por ejemplo en un festival, hay una conexi\u00f3n que va por otro lado. Entonces creo que para mantener la \u201cfrescura\u201d hay que cuidar aspectos de los seres humanos que est\u00e1n presentes muy b\u00e1sicamente en la infancia y que perdemos cuando nos hacemos adultos, como lo son el juego, la curiosidad, la exploraci\u00f3n, el riesgo. Pienso que mantener eso, buscar el asombro y sorprenderse, si se mantienen vivas esas cosas, esos aspectos de la gente, te da una vitalidad.<\/p>\n\n\n\n<p>En la m\u00fasica, por ejemplo, nadie piensa en retirarse. Me refiero, a diferencia de otras profesiones, porque te da esa vitalidad todo el rato: buscar esta idea del juego que mencionaba, con tus amigos juegas a hacer algo y aparecen cosas. Desde una intuici\u00f3n, sensaciones, emociones, lo que se refleja finalmente en la m\u00fasica. As\u00ed uno se mantiene activo y vital dentro de la m\u00fasica o actividades art\u00edsticas.<\/p>\n\n\n\n<figure class=\"wp-block-image size-large\"><img decoding=\"async\" width=\"683\" height=\"1024\" src=\"https:\/\/www.valparaisocreativo.cl\/wp-content\/uploads\/2024\/06\/02-Foto-683x1024.jpg\" alt=\"\" class=\"wp-image-19529\" srcset=\"https:\/\/dev.antudigital.cl\/sites\/vc\/wp-content\/uploads\/2024\/06\/02-Foto-683x1024.jpg 683w, https:\/\/dev.antudigital.cl\/sites\/vc\/wp-content\/uploads\/2024\/06\/02-Foto-200x300.jpg 200w, https:\/\/dev.antudigital.cl\/sites\/vc\/wp-content\/uploads\/2024\/06\/02-Foto-768x1152.jpg 768w, https:\/\/dev.antudigital.cl\/sites\/vc\/wp-content\/uploads\/2024\/06\/02-Foto-1024x1536.jpg 1024w, https:\/\/dev.antudigital.cl\/sites\/vc\/wp-content\/uploads\/2024\/06\/02-Foto-1365x2048.jpg 1365w, https:\/\/dev.antudigital.cl\/sites\/vc\/wp-content\/uploads\/2024\/06\/02-Foto-1080x1620.jpg 1080w, https:\/\/dev.antudigital.cl\/sites\/vc\/wp-content\/uploads\/2024\/06\/02-Foto-1280x1920.jpg 1280w, https:\/\/dev.antudigital.cl\/sites\/vc\/wp-content\/uploads\/2024\/06\/02-Foto-980x1470.jpg 980w, https:\/\/dev.antudigital.cl\/sites\/vc\/wp-content\/uploads\/2024\/06\/02-Foto-480x720.jpg 480w, https:\/\/dev.antudigital.cl\/sites\/vc\/wp-content\/uploads\/2024\/06\/02-Foto-16x24.jpg 16w, https:\/\/dev.antudigital.cl\/sites\/vc\/wp-content\/uploads\/2024\/06\/02-Foto-24x36.jpg 24w, https:\/\/dev.antudigital.cl\/sites\/vc\/wp-content\/uploads\/2024\/06\/02-Foto-32x48.jpg 32w, https:\/\/dev.antudigital.cl\/sites\/vc\/wp-content\/uploads\/2024\/06\/02-Foto-scaled.jpg 1707w\" sizes=\"(max-width: 683px) 100vw, 683px\" \/><\/figure>\n\n\n\n<p><strong>A prop\u00f3sito de su presentaci\u00f3n del s\u00e1bado, \u00bfcu\u00e1l es tu relaci\u00f3n con Valpara\u00edso?<\/strong><\/p>\n\n\n\n<p>&#8211; Bueno, hay una relaci\u00f3n desde hace un tiempo. En alg\u00fan minuto estuve un par de a\u00f1os estudiante en la Universidad Santa Mar\u00eda, donde conoc\u00ed el puerto, que tiene una energ\u00eda especial. Es distinta. Parte de todas las naciones que han confluido en esta ciudad han dejado de todo un poco. En general, las veces que hemos tocado all\u00e1 se siente diferente, especial. Adem\u00e1s las regiones siempre tienen otra manera diferente de lo que sucede en Santiago, tienen un brillo e intensidad distinta. Hay una energ\u00eda muy joven, por las universidades, lo que da vueltas en este lugar con tanta historia, que tiene esa cosa de los puertos, repito: tienen muchas historias. Llegaron tripulaciones de distintas partes, visiones de mundo, lo que traspasa a su identidad y a la mirada de la ciudad, lo que hace muy interesante la experiencia musical en Valpara\u00edso.<\/p>\n\n\n\n<p><strong>\u00bfY qu\u00e9 estudiaste ac\u00e1?<\/strong><\/p>\n\n\n\n<p>&#8211; Ingenier\u00eda Electr\u00f3nica, 2 a\u00f1os no m\u00e1s, no dur\u00e9 mucho. Pero era como un sacerdocio la universidad, no me llamaba tanto la atenci\u00f3n como joven. Pero recuerdo gente experimentando, haciendo m\u00fasica con los computadores, en esos primeros acercamientos. Fue breve.<\/p>\n\n\n\n<p><strong>Aterrizando un poco m\u00e1s en <\/strong><strong><em>Mirar la luz, <\/em><\/strong><strong>trabajo que les traer\u00e1 al Parque Cultural de Valpara\u00edso, \u00bfc\u00f3mo fue el proceso de selecci\u00f3n de las canciones? \u00bfFueron creando el material y luego acot\u00e1ndolo, o de qu\u00e9 manera se dio para este disco?<\/strong><\/p>\n\n\n\n<p>&#8211; Las canciones aparecieron desde la pandemia, inmediatamente despu\u00e9s del Estallido Social, en este espacio en el que nos sumergimos todos. Ah\u00ed fueron surgiendo en defensa propia, podr\u00edamos decir, a prop\u00f3sito de todo lo que estaba sucediendo. Creo que esa particularidad del disco, de venir desde ah\u00ed, de reflexiones m\u00e1s comunitarias y colectivas a prop\u00f3sito de todo lo que est\u00e1bamos viviendo y enfrentando intensamente, trae un aprendizaje y hay una idea \u201coptimista\u201d de que despu\u00e9s de la oscuridad, puedes mirar la luz.<\/p>\n\n\n\n<p>Entonces, creo que las reflexiones que aparecen de este disco son a ra\u00edz de eso: salir de nuevo a mirarnos a los ojos, salir de la competitividad a la que acostumbramos, donde nos dimos cuenta tambi\u00e9n que \u00e9ramos una comunidad donde debe irnos bien a todos para un bienestar colectivo.&nbsp;<\/p>\n\n\n\n<p>Primero aparecieron varias canciones y despu\u00e9s fuimos seleccionando y nos quedamos con estas 8 para trabajar en el disco.<\/p>\n\n\n\n<p><strong>Para terminar, remontemonos a tus inicios: \u00bfc\u00f3mo se te hizo encontrar tu voz, tu tono, para expresarte en la m\u00fasica? \u00bfC\u00f3mo se fue dando?<\/strong><\/p>\n\n\n\n<p>&#8211; Es un aprendizaje que se da con el tiempo. Al inicio \u00e9ramos estos tres cabros que lo pas\u00e1bamos muy bien jugando con estas nuevas m\u00e1quinas, hablando, en tiempos de la dictadura, en un contexto social bastante oscuro y con muy poco espacio para expresiones de ning\u00fan tipo. Naturalmente, a nivel de supervivencia, buscas a trav\u00e9s de la intuici\u00f3n un lugar y espacio distinto donde sentir alguna identidad. Con estos \u201cjuguetes\u201d la encontramos. Nunca pensamos en desarrollar una trayectoria o ruta musical, ya que no cumpl\u00edamos con los protocolos normales de lo que era un grupo: no ten\u00edamos baterista, lo que era un milagro de conseguir en la \u00e9poca, entre otras cosas que eran dif\u00edciles.<\/p>\n\n\n\n<p>Partimos con esto y de a poco nos fuimos sacando la voz, como en <em>Yo la quer\u00eda, <\/em>donde nos \u00edbamos empujando al micr\u00f3fono para ver qui\u00e9n aguantaba m\u00e1s cantando o intentando cantar entre los tres. El que m\u00e1s aguant\u00f3 fui yo <em>(r\u00ede)<\/em>. Fuimos avanzando en c\u00f3mo componer, aprendiendo de eso, pero todo en el camino de manera autodidacta. De acuerdo a lo que sent\u00edamos, la m\u00fasica con la que nos aliment\u00e1bamos era m\u00fasica que ven\u00eda de afuera, con el c\u00f3digo gen\u00e9tico de otro idioma, del ingl\u00e9s en este caso. Tiene palabras que frasean de distinta manera las cosas y el rock est\u00e1 \u00edntimamente ligado a eso, por lo que una manera de buscar el texto y la m\u00fasica, para que tengan una intimidad, una coherencia, fue trabajar en t\u00e9rminos de que la m\u00fasica fuera soplando, por decirlo de alguna manera, la letra. Susurrando la letra de a poco. Primero las melod\u00edas y luego aquellas transform\u00e1ndose en texto y me gusta que sea algo bien intuitivo. Hay distintas maneras de componer, todas muy v\u00e1lidas, como gente que lo hace desde la poes\u00eda o de una noticia y hacen m\u00fasica para eso.<\/p>\n\n\n\n<p>En mi caso, he llegado a esta manera de hacer las cosas, que es que la m\u00fasica me vaya soplando. Van apareciendo los elementos que se convierten de melod\u00eda en texto y los textos van sacando lo que vas acumulando dentro, pero cuando est\u00e1s escribiendo no est\u00e1s pensando realmente, como que se mueve solo el l\u00e1piz. Me gusta que sea as\u00ed, que no haya inteligencia. Intento mantener la astucia y todo lo intelectual lo m\u00e1s alejado posible al momento de componer. Cero estrategia, cero pensar en qu\u00e9 se espera de uno, sino que salga de la m\u00fasica, pues se supone que el inter\u00e9s que uno tiene en lo que nos sucede como seres humanos, hace que uno absorba mucha informaci\u00f3n de lo que est\u00e1 pasando y, como habl\u00e1bamos, el plano de comunicaci\u00f3n de la m\u00fasica hace que se entiendan esos textos.<br>Por ejemplo, en <em>Detr\u00e1s del alma, <\/em>hay lecturas muy distintas de esa canci\u00f3n. Es curioso c\u00f3mo las personas interpretan, que es desde su experiencia de vida, de donde les resuenan distintas cosas. Ese es un valor que tiene el arte, que te comunica cosas mucho m\u00e1s intuitivas y viscerales. Es bien honesto. Por ah\u00ed va la manera de hacer las cosas.<\/p>\n\n\n\n<figure class=\"wp-block-image size-large\"><img decoding=\"async\" width=\"1024\" height=\"1024\" src=\"https:\/\/www.valparaisocreativo.cl\/wp-content\/uploads\/2024\/06\/03-Afiche-1024x1024.jpeg\" alt=\"\" class=\"wp-image-19530\" srcset=\"https:\/\/dev.antudigital.cl\/sites\/vc\/wp-content\/uploads\/2024\/06\/03-Afiche-1024x1024.jpeg 1024w, https:\/\/dev.antudigital.cl\/sites\/vc\/wp-content\/uploads\/2024\/06\/03-Afiche-300x300.jpeg 300w, https:\/\/dev.antudigital.cl\/sites\/vc\/wp-content\/uploads\/2024\/06\/03-Afiche-150x150.jpeg 150w, https:\/\/dev.antudigital.cl\/sites\/vc\/wp-content\/uploads\/2024\/06\/03-Afiche-768x768.jpeg 768w, https:\/\/dev.antudigital.cl\/sites\/vc\/wp-content\/uploads\/2024\/06\/03-Afiche-980x980.jpeg 980w, https:\/\/dev.antudigital.cl\/sites\/vc\/wp-content\/uploads\/2024\/06\/03-Afiche-480x480.jpeg 480w, https:\/\/dev.antudigital.cl\/sites\/vc\/wp-content\/uploads\/2024\/06\/03-Afiche-24x24.jpeg 24w, https:\/\/dev.antudigital.cl\/sites\/vc\/wp-content\/uploads\/2024\/06\/03-Afiche-36x36.jpeg 36w, https:\/\/dev.antudigital.cl\/sites\/vc\/wp-content\/uploads\/2024\/06\/03-Afiche-48x48.jpeg 48w, https:\/\/dev.antudigital.cl\/sites\/vc\/wp-content\/uploads\/2024\/06\/03-Afiche.jpeg 1080w\" sizes=\"(max-width: 1024px) 100vw, 1024px\" \/><\/figure>\n","protected":false},"excerpt":{"rendered":"<p>Cuarenta a\u00f1os lleva Electrodom\u00e9sticos vigente en la escena musical nacional, con vaivenes en su trayecto y diversas formaciones. M\u00e1s all\u00e1 de sus integrantes, el proyecto se ha consolidado como uno de los m\u00e1s vanguardistas e interesantes de Chile, innovando en su sonido y propuesta a trav\u00e9s de los a\u00f1os. Con Carlos Cabezas siempre manteni\u00e9ndose al [&hellip;]<\/p>\n","protected":false},"author":1,"featured_media":19532,"comment_status":"closed","ping_status":"closed","sticky":false,"template":"","format":"standard","meta":{"_acf_changed":false,"footnotes":""},"categories":[218],"tags":[],"class_list":["post-19528","post","type-post","status-publish","format-standard","has-post-thumbnail","hentry","category-blog"],"acf":[],"yoast_head":"<!-- This site is optimized with the Yoast SEO plugin v27.1.1 - https:\/\/yoast.com\/product\/yoast-seo-wordpress\/ -->\n<title>\u201cHacer aparecer desde la intuici\u00f3n\u201d: entrevista a Carlos Cabezas - Valpara\u00ed\u00adso Creativo<\/title>\n<meta name=\"robots\" content=\"index, follow, max-snippet:-1, max-image-preview:large, max-video-preview:-1\" \/>\n<link rel=\"canonical\" href=\"https:\/\/dev.antudigital.cl\/sites\/vc\/hacer-aparecer-desde-la-intuicion-entrevista-a-carlos-cabezas\/\" \/>\n<meta property=\"og:locale\" content=\"es_ES\" \/>\n<meta property=\"og:type\" content=\"article\" \/>\n<meta property=\"og:title\" content=\"\u201cHacer aparecer desde la intuici\u00f3n\u201d: entrevista a Carlos Cabezas - Valpara\u00ed\u00adso Creativo\" \/>\n<meta property=\"og:description\" content=\"Cuarenta a\u00f1os lleva Electrodom\u00e9sticos vigente en la escena musical nacional, con vaivenes en su trayecto y diversas formaciones. M\u00e1s all\u00e1 de sus integrantes, el proyecto se ha consolidado como uno de los m\u00e1s vanguardistas e interesantes de Chile, innovando en su sonido y propuesta a trav\u00e9s de los a\u00f1os. Con Carlos Cabezas siempre manteni\u00e9ndose al [&hellip;]\" \/>\n<meta property=\"og:url\" content=\"https:\/\/dev.antudigital.cl\/sites\/vc\/hacer-aparecer-desde-la-intuicion-entrevista-a-carlos-cabezas\/\" \/>\n<meta property=\"og:site_name\" content=\"Valpara\u00ed\u00adso Creativo\" \/>\n<meta property=\"article:published_time\" content=\"2024-06-25T23:54:53+00:00\" \/>\n<meta property=\"article:modified_time\" content=\"2024-06-25T23:55:11+00:00\" \/>\n<meta property=\"og:image\" content=\"https:\/\/dev.antudigital.cl\/sites\/vc\/wp-content\/uploads\/2024\/06\/carlos-cabezas-768x433-1.jpeg\" \/>\n\t<meta property=\"og:image:width\" content=\"768\" \/>\n\t<meta property=\"og:image:height\" content=\"433\" \/>\n\t<meta property=\"og:image:type\" content=\"image\/jpeg\" \/>\n<meta name=\"author\" content=\"Valpara\u00edso Creativo\" \/>\n<meta name=\"twitter:card\" content=\"summary_large_image\" \/>\n<meta name=\"twitter:label1\" content=\"Escrito por\" \/>\n\t<meta name=\"twitter:data1\" content=\"Valpara\u00edso Creativo\" \/>\n\t<meta name=\"twitter:label2\" content=\"Tiempo de lectura\" \/>\n\t<meta name=\"twitter:data2\" content=\"9 minutos\" \/>\n<script type=\"application\/ld+json\" class=\"yoast-schema-graph\">{\"@context\":\"https:\/\/schema.org\",\"@graph\":[{\"@type\":\"Article\",\"@id\":\"https:\/\/dev.antudigital.cl\/sites\/vc\/hacer-aparecer-desde-la-intuicion-entrevista-a-carlos-cabezas\/#article\",\"isPartOf\":{\"@id\":\"https:\/\/dev.antudigital.cl\/sites\/vc\/hacer-aparecer-desde-la-intuicion-entrevista-a-carlos-cabezas\/\"},\"author\":{\"name\":\"Valpara\u00edso Creativo\",\"@id\":\"https:\/\/dev.antudigital.cl\/sites\/vc\/#\/schema\/person\/c2b9da8dd545e27166fc5ab232837318\"},\"headline\":\"\u201cHacer aparecer desde la intuici\u00f3n\u201d: entrevista a Carlos Cabezas\",\"datePublished\":\"2024-06-25T23:54:53+00:00\",\"dateModified\":\"2024-06-25T23:55:11+00:00\",\"mainEntityOfPage\":{\"@id\":\"https:\/\/dev.antudigital.cl\/sites\/vc\/hacer-aparecer-desde-la-intuicion-entrevista-a-carlos-cabezas\/\"},\"wordCount\":1876,\"image\":{\"@id\":\"https:\/\/dev.antudigital.cl\/sites\/vc\/hacer-aparecer-desde-la-intuicion-entrevista-a-carlos-cabezas\/#primaryimage\"},\"thumbnailUrl\":\"https:\/\/dev.antudigital.cl\/sites\/vc\/wp-content\/uploads\/2024\/06\/carlos-cabezas-768x433-1.jpeg\",\"articleSection\":[\"Blog\"],\"inLanguage\":\"es\"},{\"@type\":\"WebPage\",\"@id\":\"https:\/\/dev.antudigital.cl\/sites\/vc\/hacer-aparecer-desde-la-intuicion-entrevista-a-carlos-cabezas\/\",\"url\":\"https:\/\/dev.antudigital.cl\/sites\/vc\/hacer-aparecer-desde-la-intuicion-entrevista-a-carlos-cabezas\/\",\"name\":\"\u201cHacer aparecer desde la intuici\u00f3n\u201d: entrevista a Carlos Cabezas - Valpara\u00ed\u00adso Creativo\",\"isPartOf\":{\"@id\":\"https:\/\/dev.antudigital.cl\/sites\/vc\/#website\"},\"primaryImageOfPage\":{\"@id\":\"https:\/\/dev.antudigital.cl\/sites\/vc\/hacer-aparecer-desde-la-intuicion-entrevista-a-carlos-cabezas\/#primaryimage\"},\"image\":{\"@id\":\"https:\/\/dev.antudigital.cl\/sites\/vc\/hacer-aparecer-desde-la-intuicion-entrevista-a-carlos-cabezas\/#primaryimage\"},\"thumbnailUrl\":\"https:\/\/dev.antudigital.cl\/sites\/vc\/wp-content\/uploads\/2024\/06\/carlos-cabezas-768x433-1.jpeg\",\"datePublished\":\"2024-06-25T23:54:53+00:00\",\"dateModified\":\"2024-06-25T23:55:11+00:00\",\"author\":{\"@id\":\"https:\/\/dev.antudigital.cl\/sites\/vc\/#\/schema\/person\/c2b9da8dd545e27166fc5ab232837318\"},\"breadcrumb\":{\"@id\":\"https:\/\/dev.antudigital.cl\/sites\/vc\/hacer-aparecer-desde-la-intuicion-entrevista-a-carlos-cabezas\/#breadcrumb\"},\"inLanguage\":\"es\",\"potentialAction\":[{\"@type\":\"ReadAction\",\"target\":[\"https:\/\/dev.antudigital.cl\/sites\/vc\/hacer-aparecer-desde-la-intuicion-entrevista-a-carlos-cabezas\/\"]}]},{\"@type\":\"ImageObject\",\"inLanguage\":\"es\",\"@id\":\"https:\/\/dev.antudigital.cl\/sites\/vc\/hacer-aparecer-desde-la-intuicion-entrevista-a-carlos-cabezas\/#primaryimage\",\"url\":\"https:\/\/dev.antudigital.cl\/sites\/vc\/wp-content\/uploads\/2024\/06\/carlos-cabezas-768x433-1.jpeg\",\"contentUrl\":\"https:\/\/dev.antudigital.cl\/sites\/vc\/wp-content\/uploads\/2024\/06\/carlos-cabezas-768x433-1.jpeg\",\"width\":768,\"height\":433},{\"@type\":\"BreadcrumbList\",\"@id\":\"https:\/\/dev.antudigital.cl\/sites\/vc\/hacer-aparecer-desde-la-intuicion-entrevista-a-carlos-cabezas\/#breadcrumb\",\"itemListElement\":[{\"@type\":\"ListItem\",\"position\":1,\"name\":\"Home\",\"item\":\"https:\/\/dev.antudigital.cl\/sites\/vc\/\"},{\"@type\":\"ListItem\",\"position\":2,\"name\":\"\u201cHacer aparecer desde la intuici\u00f3n\u201d: entrevista a Carlos Cabezas\"}]},{\"@type\":\"WebSite\",\"@id\":\"https:\/\/dev.antudigital.cl\/sites\/vc\/#website\",\"url\":\"https:\/\/dev.antudigital.cl\/sites\/vc\/\",\"name\":\"Valpara\u00ed\u00adso Creativo\",\"description\":\"\",\"potentialAction\":[{\"@type\":\"SearchAction\",\"target\":{\"@type\":\"EntryPoint\",\"urlTemplate\":\"https:\/\/dev.antudigital.cl\/sites\/vc\/?s={search_term_string}\"},\"query-input\":{\"@type\":\"PropertyValueSpecification\",\"valueRequired\":true,\"valueName\":\"search_term_string\"}}],\"inLanguage\":\"es\"},{\"@type\":\"Person\",\"@id\":\"https:\/\/dev.antudigital.cl\/sites\/vc\/#\/schema\/person\/c2b9da8dd545e27166fc5ab232837318\",\"name\":\"Valpara\u00edso Creativo\",\"description\":\"Periodista de cultura en la Regi\u00f3n de Valpara\u00edso.\",\"url\":\"https:\/\/dev.antudigital.cl\/sites\/vc\/author\/valpoadmin\/\"}]}<\/script>\n<!-- \/ Yoast SEO plugin. -->","yoast_head_json":{"title":"\u201cHacer aparecer desde la intuici\u00f3n\u201d: entrevista a Carlos Cabezas - Valpara\u00ed\u00adso Creativo","robots":{"index":"index","follow":"follow","max-snippet":"max-snippet:-1","max-image-preview":"max-image-preview:large","max-video-preview":"max-video-preview:-1"},"canonical":"https:\/\/dev.antudigital.cl\/sites\/vc\/hacer-aparecer-desde-la-intuicion-entrevista-a-carlos-cabezas\/","og_locale":"es_ES","og_type":"article","og_title":"\u201cHacer aparecer desde la intuici\u00f3n\u201d: entrevista a Carlos Cabezas - Valpara\u00ed\u00adso Creativo","og_description":"Cuarenta a\u00f1os lleva Electrodom\u00e9sticos vigente en la escena musical nacional, con vaivenes en su trayecto y diversas formaciones. M\u00e1s all\u00e1 de sus integrantes, el proyecto se ha consolidado como uno de los m\u00e1s vanguardistas e interesantes de Chile, innovando en su sonido y propuesta a trav\u00e9s de los a\u00f1os. Con Carlos Cabezas siempre manteni\u00e9ndose al [&hellip;]","og_url":"https:\/\/dev.antudigital.cl\/sites\/vc\/hacer-aparecer-desde-la-intuicion-entrevista-a-carlos-cabezas\/","og_site_name":"Valpara\u00ed\u00adso Creativo","article_published_time":"2024-06-25T23:54:53+00:00","article_modified_time":"2024-06-25T23:55:11+00:00","og_image":[{"width":768,"height":433,"url":"https:\/\/dev.antudigital.cl\/sites\/vc\/wp-content\/uploads\/2024\/06\/carlos-cabezas-768x433-1.jpeg","type":"image\/jpeg"}],"author":"Valpara\u00edso Creativo","twitter_card":"summary_large_image","twitter_misc":{"Escrito por":"Valpara\u00edso Creativo","Tiempo de lectura":"9 minutos"},"schema":{"@context":"https:\/\/schema.org","@graph":[{"@type":"Article","@id":"https:\/\/dev.antudigital.cl\/sites\/vc\/hacer-aparecer-desde-la-intuicion-entrevista-a-carlos-cabezas\/#article","isPartOf":{"@id":"https:\/\/dev.antudigital.cl\/sites\/vc\/hacer-aparecer-desde-la-intuicion-entrevista-a-carlos-cabezas\/"},"author":{"name":"Valpara\u00edso Creativo","@id":"https:\/\/dev.antudigital.cl\/sites\/vc\/#\/schema\/person\/c2b9da8dd545e27166fc5ab232837318"},"headline":"\u201cHacer aparecer desde la intuici\u00f3n\u201d: entrevista a Carlos Cabezas","datePublished":"2024-06-25T23:54:53+00:00","dateModified":"2024-06-25T23:55:11+00:00","mainEntityOfPage":{"@id":"https:\/\/dev.antudigital.cl\/sites\/vc\/hacer-aparecer-desde-la-intuicion-entrevista-a-carlos-cabezas\/"},"wordCount":1876,"image":{"@id":"https:\/\/dev.antudigital.cl\/sites\/vc\/hacer-aparecer-desde-la-intuicion-entrevista-a-carlos-cabezas\/#primaryimage"},"thumbnailUrl":"https:\/\/dev.antudigital.cl\/sites\/vc\/wp-content\/uploads\/2024\/06\/carlos-cabezas-768x433-1.jpeg","articleSection":["Blog"],"inLanguage":"es"},{"@type":"WebPage","@id":"https:\/\/dev.antudigital.cl\/sites\/vc\/hacer-aparecer-desde-la-intuicion-entrevista-a-carlos-cabezas\/","url":"https:\/\/dev.antudigital.cl\/sites\/vc\/hacer-aparecer-desde-la-intuicion-entrevista-a-carlos-cabezas\/","name":"\u201cHacer aparecer desde la intuici\u00f3n\u201d: entrevista a Carlos Cabezas - Valpara\u00ed\u00adso Creativo","isPartOf":{"@id":"https:\/\/dev.antudigital.cl\/sites\/vc\/#website"},"primaryImageOfPage":{"@id":"https:\/\/dev.antudigital.cl\/sites\/vc\/hacer-aparecer-desde-la-intuicion-entrevista-a-carlos-cabezas\/#primaryimage"},"image":{"@id":"https:\/\/dev.antudigital.cl\/sites\/vc\/hacer-aparecer-desde-la-intuicion-entrevista-a-carlos-cabezas\/#primaryimage"},"thumbnailUrl":"https:\/\/dev.antudigital.cl\/sites\/vc\/wp-content\/uploads\/2024\/06\/carlos-cabezas-768x433-1.jpeg","datePublished":"2024-06-25T23:54:53+00:00","dateModified":"2024-06-25T23:55:11+00:00","author":{"@id":"https:\/\/dev.antudigital.cl\/sites\/vc\/#\/schema\/person\/c2b9da8dd545e27166fc5ab232837318"},"breadcrumb":{"@id":"https:\/\/dev.antudigital.cl\/sites\/vc\/hacer-aparecer-desde-la-intuicion-entrevista-a-carlos-cabezas\/#breadcrumb"},"inLanguage":"es","potentialAction":[{"@type":"ReadAction","target":["https:\/\/dev.antudigital.cl\/sites\/vc\/hacer-aparecer-desde-la-intuicion-entrevista-a-carlos-cabezas\/"]}]},{"@type":"ImageObject","inLanguage":"es","@id":"https:\/\/dev.antudigital.cl\/sites\/vc\/hacer-aparecer-desde-la-intuicion-entrevista-a-carlos-cabezas\/#primaryimage","url":"https:\/\/dev.antudigital.cl\/sites\/vc\/wp-content\/uploads\/2024\/06\/carlos-cabezas-768x433-1.jpeg","contentUrl":"https:\/\/dev.antudigital.cl\/sites\/vc\/wp-content\/uploads\/2024\/06\/carlos-cabezas-768x433-1.jpeg","width":768,"height":433},{"@type":"BreadcrumbList","@id":"https:\/\/dev.antudigital.cl\/sites\/vc\/hacer-aparecer-desde-la-intuicion-entrevista-a-carlos-cabezas\/#breadcrumb","itemListElement":[{"@type":"ListItem","position":1,"name":"Home","item":"https:\/\/dev.antudigital.cl\/sites\/vc\/"},{"@type":"ListItem","position":2,"name":"\u201cHacer aparecer desde la intuici\u00f3n\u201d: entrevista a Carlos Cabezas"}]},{"@type":"WebSite","@id":"https:\/\/dev.antudigital.cl\/sites\/vc\/#website","url":"https:\/\/dev.antudigital.cl\/sites\/vc\/","name":"Valpara\u00ed\u00adso Creativo","description":"","potentialAction":[{"@type":"SearchAction","target":{"@type":"EntryPoint","urlTemplate":"https:\/\/dev.antudigital.cl\/sites\/vc\/?s={search_term_string}"},"query-input":{"@type":"PropertyValueSpecification","valueRequired":true,"valueName":"search_term_string"}}],"inLanguage":"es"},{"@type":"Person","@id":"https:\/\/dev.antudigital.cl\/sites\/vc\/#\/schema\/person\/c2b9da8dd545e27166fc5ab232837318","name":"Valpara\u00edso Creativo","description":"Periodista de cultura en la Regi\u00f3n de Valpara\u00edso.","url":"https:\/\/dev.antudigital.cl\/sites\/vc\/author\/valpoadmin\/"}]}},"_links":{"self":[{"href":"https:\/\/dev.antudigital.cl\/sites\/vc\/wp-json\/wp\/v2\/posts\/19528","targetHints":{"allow":["GET"]}}],"collection":[{"href":"https:\/\/dev.antudigital.cl\/sites\/vc\/wp-json\/wp\/v2\/posts"}],"about":[{"href":"https:\/\/dev.antudigital.cl\/sites\/vc\/wp-json\/wp\/v2\/types\/post"}],"author":[{"embeddable":true,"href":"https:\/\/dev.antudigital.cl\/sites\/vc\/wp-json\/wp\/v2\/users\/1"}],"replies":[{"embeddable":true,"href":"https:\/\/dev.antudigital.cl\/sites\/vc\/wp-json\/wp\/v2\/comments?post=19528"}],"version-history":[{"count":1,"href":"https:\/\/dev.antudigital.cl\/sites\/vc\/wp-json\/wp\/v2\/posts\/19528\/revisions"}],"predecessor-version":[{"id":19533,"href":"https:\/\/dev.antudigital.cl\/sites\/vc\/wp-json\/wp\/v2\/posts\/19528\/revisions\/19533"}],"wp:featuredmedia":[{"embeddable":true,"href":"https:\/\/dev.antudigital.cl\/sites\/vc\/wp-json\/wp\/v2\/media\/19532"}],"wp:attachment":[{"href":"https:\/\/dev.antudigital.cl\/sites\/vc\/wp-json\/wp\/v2\/media?parent=19528"}],"wp:term":[{"taxonomy":"category","embeddable":true,"href":"https:\/\/dev.antudigital.cl\/sites\/vc\/wp-json\/wp\/v2\/categories?post=19528"},{"taxonomy":"post_tag","embeddable":true,"href":"https:\/\/dev.antudigital.cl\/sites\/vc\/wp-json\/wp\/v2\/tags?post=19528"}],"curies":[{"name":"wp","href":"https:\/\/api.w.org\/{rel}","templated":true}]}}