{"id":19534,"date":"2024-06-26T00:34:34","date_gmt":"2024-06-26T00:34:34","guid":{"rendered":"https:\/\/www.valparaisocreativo.cl\/?p=19534"},"modified":"2024-06-26T00:34:52","modified_gmt":"2024-06-26T00:34:52","slug":"el-laboratorio-culturales-proyectando-juntxs-abre-su-convocatoria-en-baj-valpo","status":"publish","type":"post","link":"https:\/\/dev.antudigital.cl\/sites\/vc\/el-laboratorio-culturales-proyectando-juntxs-abre-su-convocatoria-en-baj-valpo\/","title":{"rendered":"EL LABORATORIO CULTURALES \u201cPROYECTANDO JUNTXS\u201d ABRE SU CONVOCATORIA EN BAJ VALPO"},"content":{"rendered":"\n<p><strong>Balmaceda Arte Joven Valpara\u00edso abre una nueva convocatoria para el&nbsp;Laboratorio<\/strong> <strong>Proyectando<\/strong> <strong>Juntxs, con el objetivo de fomentar e integrar nuevos conceptos, habilidades y herramientas te\u00f3rico-pr\u00e1cticas para fortalecer ideas y avanzar en la creaci\u00f3n de proyectos culturales.&nbsp;La convocatoria ya est\u00e1 abierta y recibir\u00e1 postulaciones hasta el 7 de julio.<\/strong><\/p>\n\n\n\n<p>El laboratorio, coordinado por&nbsp;la Cineasta y Gestora Cultural<strong> Jeniffer Rojas<\/strong>, se enfoca en sistematizar las ideas creativas como un camino para concretar los deseos que emergen en los diversos \u00e1mbitos de la cultura, tales como teatro, danza, m\u00fasica, patrimonio, fotograf\u00eda, nuevos medios, literatura, escritura, artes visuales y muchos m\u00e1s. Siempre teniendo en cuenta el contexto y el territorio que nos acoge, actuando con criterio, memoria y sensibilidad.<\/p>\n\n\n\n<p>El programa de Proyecta 2024 se estructura de cuatro unidades que exploran aspectos fundamentales para el desarrollo de proyectos culturales, iniciando con la comprensi\u00f3n integral de su naturaleza, seguida por la conceptualizaci\u00f3n de ideas, diagn\u00f3stico, dise\u00f1o de objetivos y el manejo de formularios y aspectos de concursabilidad. Las ocho clases presenciales se desarrollar\u00e1n en la sede de BAJ Valpo, ubicada en Santa Isabel 739, Cerro Alegre.&nbsp;<strong>Las sesiones se llevar\u00e1n a cabo todos los martes y jueves, desde el 18 de julio hasta el 13 de agosto, en horario de 17:00 a 19:30 horas.<\/strong><\/p>\n\n\n\n<p>Para participar, debes tener entre 18 y 29 a\u00f1os, residir en la regi\u00f3n de Valpara\u00edso, y asistir a todas las sesiones del Laboratorio. Debes tener, adem\u00e1s, una idea creativa con potencial de transformarse en un proyecto (pueden participar hasta dos personas por proyecto) y no poseer denuncias o acusaciones vinculadas a violencia (de ning\u00fan tipo), abuso sexual o similares.<\/p>\n\n\n\n<p>La postulaci\u00f3n online culmina el<strong> 16 de julio a las 23.59 horas.&nbsp;<\/strong><\/p>\n\n\n\n<p><strong>Se otorgar\u00e1 un m\u00e1ximo de 25 cupos,<\/strong> propiciando la paridad de g\u00e9nero, diversidad de disciplinas art\u00edsticas y la participaci\u00f3n de j\u00f3venes de diversas comunas de la regi\u00f3n.&nbsp;<\/p>\n\n\n\n<p><strong>Revisa bases de postulaci\u00f3n y programa en <\/strong><a href=\"http:\/\/www.baj.cl\"><strong>www.baj.cl<\/strong><\/a><strong>\u00a0<\/strong><\/p>\n\n\n\n<figure class=\"wp-block-image size-large\"><img fetchpriority=\"high\" decoding=\"async\" width=\"1024\" height=\"1024\" src=\"https:\/\/www.valparaisocreativo.cl\/wp-content\/uploads\/2024\/06\/LABORATORIO-PROYECTAWSP-1024x1024.png\" alt=\"\" class=\"wp-image-19536\" srcset=\"https:\/\/dev.antudigital.cl\/sites\/vc\/wp-content\/uploads\/2024\/06\/LABORATORIO-PROYECTAWSP-1024x1024.png 1024w, https:\/\/dev.antudigital.cl\/sites\/vc\/wp-content\/uploads\/2024\/06\/LABORATORIO-PROYECTAWSP-300x300.png 300w, https:\/\/dev.antudigital.cl\/sites\/vc\/wp-content\/uploads\/2024\/06\/LABORATORIO-PROYECTAWSP-150x150.png 150w, https:\/\/dev.antudigital.cl\/sites\/vc\/wp-content\/uploads\/2024\/06\/LABORATORIO-PROYECTAWSP-768x768.png 768w, https:\/\/dev.antudigital.cl\/sites\/vc\/wp-content\/uploads\/2024\/06\/LABORATORIO-PROYECTAWSP-980x980.png 980w, https:\/\/dev.antudigital.cl\/sites\/vc\/wp-content\/uploads\/2024\/06\/LABORATORIO-PROYECTAWSP-480x480.png 480w, https:\/\/dev.antudigital.cl\/sites\/vc\/wp-content\/uploads\/2024\/06\/LABORATORIO-PROYECTAWSP-24x24.png 24w, https:\/\/dev.antudigital.cl\/sites\/vc\/wp-content\/uploads\/2024\/06\/LABORATORIO-PROYECTAWSP-36x36.png 36w, https:\/\/dev.antudigital.cl\/sites\/vc\/wp-content\/uploads\/2024\/06\/LABORATORIO-PROYECTAWSP-48x48.png 48w, https:\/\/dev.antudigital.cl\/sites\/vc\/wp-content\/uploads\/2024\/06\/LABORATORIO-PROYECTAWSP.png 1080w\" sizes=\"(max-width: 1024px) 100vw, 1024px\" \/><\/figure>\n","protected":false},"excerpt":{"rendered":"<p>Balmaceda Arte Joven Valpara\u00edso abre una nueva convocatoria para el&nbsp;Laboratorio Proyectando Juntxs, con el objetivo de fomentar e integrar nuevos conceptos, habilidades y herramientas te\u00f3rico-pr\u00e1cticas para fortalecer ideas y avanzar en la creaci\u00f3n de proyectos culturales.&nbsp;La convocatoria ya est\u00e1 abierta y recibir\u00e1 postulaciones hasta el 7 de julio. El laboratorio, coordinado por&nbsp;la Cineasta y Gestora [&hellip;]<\/p>\n","protected":false},"author":1,"featured_media":19535,"comment_status":"closed","ping_status":"closed","sticky":false,"template":"","format":"standard","meta":{"_acf_changed":false,"footnotes":""},"categories":[8],"tags":[],"class_list":["post-19534","post","type-post","status-publish","format-standard","has-post-thumbnail","hentry","category-noticia"],"acf":[],"yoast_head":"<!-- This site is optimized with the Yoast SEO plugin v27.1.1 - https:\/\/yoast.com\/product\/yoast-seo-wordpress\/ -->\n<title>EL LABORATORIO CULTURALES \u201cPROYECTANDO JUNTXS\u201d ABRE SU CONVOCATORIA EN BAJ VALPO - Valpara\u00ed\u00adso Creativo<\/title>\n<meta name=\"robots\" content=\"index, follow, max-snippet:-1, max-image-preview:large, max-video-preview:-1\" \/>\n<link rel=\"canonical\" href=\"https:\/\/dev.antudigital.cl\/sites\/vc\/el-laboratorio-culturales-proyectando-juntxs-abre-su-convocatoria-en-baj-valpo\/\" \/>\n<meta property=\"og:locale\" content=\"es_ES\" \/>\n<meta property=\"og:type\" content=\"article\" \/>\n<meta property=\"og:title\" content=\"EL LABORATORIO CULTURALES \u201cPROYECTANDO JUNTXS\u201d ABRE SU CONVOCATORIA EN BAJ VALPO - Valpara\u00ed\u00adso Creativo\" \/>\n<meta property=\"og:description\" content=\"Balmaceda Arte Joven Valpara\u00edso abre una nueva convocatoria para el&nbsp;Laboratorio Proyectando Juntxs, con el objetivo de fomentar e integrar nuevos conceptos, habilidades y herramientas te\u00f3rico-pr\u00e1cticas para fortalecer ideas y avanzar en la creaci\u00f3n de proyectos culturales.&nbsp;La convocatoria ya est\u00e1 abierta y recibir\u00e1 postulaciones hasta el 7 de julio. El laboratorio, coordinado por&nbsp;la Cineasta y Gestora [&hellip;]\" \/>\n<meta property=\"og:url\" content=\"https:\/\/dev.antudigital.cl\/sites\/vc\/el-laboratorio-culturales-proyectando-juntxs-abre-su-convocatoria-en-baj-valpo\/\" \/>\n<meta property=\"og:site_name\" content=\"Valpara\u00ed\u00adso Creativo\" \/>\n<meta property=\"article:published_time\" content=\"2024-06-26T00:34:34+00:00\" \/>\n<meta property=\"article:modified_time\" content=\"2024-06-26T00:34:52+00:00\" \/>\n<meta property=\"og:image\" content=\"https:\/\/dev.antudigital.cl\/sites\/vc\/wp-content\/uploads\/2024\/06\/LABORATORIO-PROYECTABANNER.png\" \/>\n\t<meta property=\"og:image:width\" content=\"1450\" \/>\n\t<meta property=\"og:image:height\" content=\"818\" \/>\n\t<meta property=\"og:image:type\" content=\"image\/png\" \/>\n<meta name=\"author\" content=\"Valpara\u00edso Creativo\" \/>\n<meta name=\"twitter:card\" content=\"summary_large_image\" \/>\n<meta name=\"twitter:label1\" content=\"Escrito por\" \/>\n\t<meta name=\"twitter:data1\" content=\"Valpara\u00edso Creativo\" \/>\n\t<meta name=\"twitter:label2\" content=\"Tiempo de lectura\" \/>\n\t<meta name=\"twitter:data2\" content=\"2 minutos\" \/>\n<script type=\"application\/ld+json\" class=\"yoast-schema-graph\">{\"@context\":\"https:\/\/schema.org\",\"@graph\":[{\"@type\":\"Article\",\"@id\":\"https:\/\/dev.antudigital.cl\/sites\/vc\/el-laboratorio-culturales-proyectando-juntxs-abre-su-convocatoria-en-baj-valpo\/#article\",\"isPartOf\":{\"@id\":\"https:\/\/dev.antudigital.cl\/sites\/vc\/el-laboratorio-culturales-proyectando-juntxs-abre-su-convocatoria-en-baj-valpo\/\"},\"author\":{\"name\":\"Valpara\u00edso Creativo\",\"@id\":\"https:\/\/dev.antudigital.cl\/sites\/vc\/#\/schema\/person\/c2b9da8dd545e27166fc5ab232837318\"},\"headline\":\"EL LABORATORIO CULTURALES \u201cPROYECTANDO JUNTXS\u201d ABRE SU CONVOCATORIA EN BAJ VALPO\",\"datePublished\":\"2024-06-26T00:34:34+00:00\",\"dateModified\":\"2024-06-26T00:34:52+00:00\",\"mainEntityOfPage\":{\"@id\":\"https:\/\/dev.antudigital.cl\/sites\/vc\/el-laboratorio-culturales-proyectando-juntxs-abre-su-convocatoria-en-baj-valpo\/\"},\"wordCount\":351,\"image\":{\"@id\":\"https:\/\/dev.antudigital.cl\/sites\/vc\/el-laboratorio-culturales-proyectando-juntxs-abre-su-convocatoria-en-baj-valpo\/#primaryimage\"},\"thumbnailUrl\":\"https:\/\/dev.antudigital.cl\/sites\/vc\/wp-content\/uploads\/2024\/06\/LABORATORIO-PROYECTABANNER.png\",\"articleSection\":[\"Noticia\"],\"inLanguage\":\"es\"},{\"@type\":\"WebPage\",\"@id\":\"https:\/\/dev.antudigital.cl\/sites\/vc\/el-laboratorio-culturales-proyectando-juntxs-abre-su-convocatoria-en-baj-valpo\/\",\"url\":\"https:\/\/dev.antudigital.cl\/sites\/vc\/el-laboratorio-culturales-proyectando-juntxs-abre-su-convocatoria-en-baj-valpo\/\",\"name\":\"EL LABORATORIO CULTURALES \u201cPROYECTANDO JUNTXS\u201d ABRE SU CONVOCATORIA EN BAJ VALPO - Valpara\u00ed\u00adso Creativo\",\"isPartOf\":{\"@id\":\"https:\/\/dev.antudigital.cl\/sites\/vc\/#website\"},\"primaryImageOfPage\":{\"@id\":\"https:\/\/dev.antudigital.cl\/sites\/vc\/el-laboratorio-culturales-proyectando-juntxs-abre-su-convocatoria-en-baj-valpo\/#primaryimage\"},\"image\":{\"@id\":\"https:\/\/dev.antudigital.cl\/sites\/vc\/el-laboratorio-culturales-proyectando-juntxs-abre-su-convocatoria-en-baj-valpo\/#primaryimage\"},\"thumbnailUrl\":\"https:\/\/dev.antudigital.cl\/sites\/vc\/wp-content\/uploads\/2024\/06\/LABORATORIO-PROYECTABANNER.png\",\"datePublished\":\"2024-06-26T00:34:34+00:00\",\"dateModified\":\"2024-06-26T00:34:52+00:00\",\"author\":{\"@id\":\"https:\/\/dev.antudigital.cl\/sites\/vc\/#\/schema\/person\/c2b9da8dd545e27166fc5ab232837318\"},\"breadcrumb\":{\"@id\":\"https:\/\/dev.antudigital.cl\/sites\/vc\/el-laboratorio-culturales-proyectando-juntxs-abre-su-convocatoria-en-baj-valpo\/#breadcrumb\"},\"inLanguage\":\"es\",\"potentialAction\":[{\"@type\":\"ReadAction\",\"target\":[\"https:\/\/dev.antudigital.cl\/sites\/vc\/el-laboratorio-culturales-proyectando-juntxs-abre-su-convocatoria-en-baj-valpo\/\"]}]},{\"@type\":\"ImageObject\",\"inLanguage\":\"es\",\"@id\":\"https:\/\/dev.antudigital.cl\/sites\/vc\/el-laboratorio-culturales-proyectando-juntxs-abre-su-convocatoria-en-baj-valpo\/#primaryimage\",\"url\":\"https:\/\/dev.antudigital.cl\/sites\/vc\/wp-content\/uploads\/2024\/06\/LABORATORIO-PROYECTABANNER.png\",\"contentUrl\":\"https:\/\/dev.antudigital.cl\/sites\/vc\/wp-content\/uploads\/2024\/06\/LABORATORIO-PROYECTABANNER.png\",\"width\":1450,\"height\":818},{\"@type\":\"BreadcrumbList\",\"@id\":\"https:\/\/dev.antudigital.cl\/sites\/vc\/el-laboratorio-culturales-proyectando-juntxs-abre-su-convocatoria-en-baj-valpo\/#breadcrumb\",\"itemListElement\":[{\"@type\":\"ListItem\",\"position\":1,\"name\":\"Home\",\"item\":\"https:\/\/dev.antudigital.cl\/sites\/vc\/\"},{\"@type\":\"ListItem\",\"position\":2,\"name\":\"EL LABORATORIO CULTURALES \u201cPROYECTANDO JUNTXS\u201d ABRE SU CONVOCATORIA EN BAJ VALPO\"}]},{\"@type\":\"WebSite\",\"@id\":\"https:\/\/dev.antudigital.cl\/sites\/vc\/#website\",\"url\":\"https:\/\/dev.antudigital.cl\/sites\/vc\/\",\"name\":\"Valpara\u00ed\u00adso Creativo\",\"description\":\"\",\"potentialAction\":[{\"@type\":\"SearchAction\",\"target\":{\"@type\":\"EntryPoint\",\"urlTemplate\":\"https:\/\/dev.antudigital.cl\/sites\/vc\/?s={search_term_string}\"},\"query-input\":{\"@type\":\"PropertyValueSpecification\",\"valueRequired\":true,\"valueName\":\"search_term_string\"}}],\"inLanguage\":\"es\"},{\"@type\":\"Person\",\"@id\":\"https:\/\/dev.antudigital.cl\/sites\/vc\/#\/schema\/person\/c2b9da8dd545e27166fc5ab232837318\",\"name\":\"Valpara\u00edso Creativo\",\"description\":\"Periodista de cultura en la Regi\u00f3n de Valpara\u00edso.\",\"url\":\"https:\/\/dev.antudigital.cl\/sites\/vc\/author\/valpoadmin\/\"}]}<\/script>\n<!-- \/ Yoast SEO plugin. -->","yoast_head_json":{"title":"EL LABORATORIO CULTURALES \u201cPROYECTANDO JUNTXS\u201d ABRE SU CONVOCATORIA EN BAJ VALPO - Valpara\u00ed\u00adso Creativo","robots":{"index":"index","follow":"follow","max-snippet":"max-snippet:-1","max-image-preview":"max-image-preview:large","max-video-preview":"max-video-preview:-1"},"canonical":"https:\/\/dev.antudigital.cl\/sites\/vc\/el-laboratorio-culturales-proyectando-juntxs-abre-su-convocatoria-en-baj-valpo\/","og_locale":"es_ES","og_type":"article","og_title":"EL LABORATORIO CULTURALES \u201cPROYECTANDO JUNTXS\u201d ABRE SU CONVOCATORIA EN BAJ VALPO - Valpara\u00ed\u00adso Creativo","og_description":"Balmaceda Arte Joven Valpara\u00edso abre una nueva convocatoria para el&nbsp;Laboratorio Proyectando Juntxs, con el objetivo de fomentar e integrar nuevos conceptos, habilidades y herramientas te\u00f3rico-pr\u00e1cticas para fortalecer ideas y avanzar en la creaci\u00f3n de proyectos culturales.&nbsp;La convocatoria ya est\u00e1 abierta y recibir\u00e1 postulaciones hasta el 7 de julio. El laboratorio, coordinado por&nbsp;la Cineasta y Gestora [&hellip;]","og_url":"https:\/\/dev.antudigital.cl\/sites\/vc\/el-laboratorio-culturales-proyectando-juntxs-abre-su-convocatoria-en-baj-valpo\/","og_site_name":"Valpara\u00ed\u00adso Creativo","article_published_time":"2024-06-26T00:34:34+00:00","article_modified_time":"2024-06-26T00:34:52+00:00","og_image":[{"width":1450,"height":818,"url":"https:\/\/dev.antudigital.cl\/sites\/vc\/wp-content\/uploads\/2024\/06\/LABORATORIO-PROYECTABANNER.png","type":"image\/png"}],"author":"Valpara\u00edso Creativo","twitter_card":"summary_large_image","twitter_misc":{"Escrito por":"Valpara\u00edso Creativo","Tiempo de lectura":"2 minutos"},"schema":{"@context":"https:\/\/schema.org","@graph":[{"@type":"Article","@id":"https:\/\/dev.antudigital.cl\/sites\/vc\/el-laboratorio-culturales-proyectando-juntxs-abre-su-convocatoria-en-baj-valpo\/#article","isPartOf":{"@id":"https:\/\/dev.antudigital.cl\/sites\/vc\/el-laboratorio-culturales-proyectando-juntxs-abre-su-convocatoria-en-baj-valpo\/"},"author":{"name":"Valpara\u00edso Creativo","@id":"https:\/\/dev.antudigital.cl\/sites\/vc\/#\/schema\/person\/c2b9da8dd545e27166fc5ab232837318"},"headline":"EL LABORATORIO CULTURALES \u201cPROYECTANDO JUNTXS\u201d ABRE SU CONVOCATORIA EN BAJ VALPO","datePublished":"2024-06-26T00:34:34+00:00","dateModified":"2024-06-26T00:34:52+00:00","mainEntityOfPage":{"@id":"https:\/\/dev.antudigital.cl\/sites\/vc\/el-laboratorio-culturales-proyectando-juntxs-abre-su-convocatoria-en-baj-valpo\/"},"wordCount":351,"image":{"@id":"https:\/\/dev.antudigital.cl\/sites\/vc\/el-laboratorio-culturales-proyectando-juntxs-abre-su-convocatoria-en-baj-valpo\/#primaryimage"},"thumbnailUrl":"https:\/\/dev.antudigital.cl\/sites\/vc\/wp-content\/uploads\/2024\/06\/LABORATORIO-PROYECTABANNER.png","articleSection":["Noticia"],"inLanguage":"es"},{"@type":"WebPage","@id":"https:\/\/dev.antudigital.cl\/sites\/vc\/el-laboratorio-culturales-proyectando-juntxs-abre-su-convocatoria-en-baj-valpo\/","url":"https:\/\/dev.antudigital.cl\/sites\/vc\/el-laboratorio-culturales-proyectando-juntxs-abre-su-convocatoria-en-baj-valpo\/","name":"EL LABORATORIO CULTURALES \u201cPROYECTANDO JUNTXS\u201d ABRE SU CONVOCATORIA EN BAJ VALPO - Valpara\u00ed\u00adso Creativo","isPartOf":{"@id":"https:\/\/dev.antudigital.cl\/sites\/vc\/#website"},"primaryImageOfPage":{"@id":"https:\/\/dev.antudigital.cl\/sites\/vc\/el-laboratorio-culturales-proyectando-juntxs-abre-su-convocatoria-en-baj-valpo\/#primaryimage"},"image":{"@id":"https:\/\/dev.antudigital.cl\/sites\/vc\/el-laboratorio-culturales-proyectando-juntxs-abre-su-convocatoria-en-baj-valpo\/#primaryimage"},"thumbnailUrl":"https:\/\/dev.antudigital.cl\/sites\/vc\/wp-content\/uploads\/2024\/06\/LABORATORIO-PROYECTABANNER.png","datePublished":"2024-06-26T00:34:34+00:00","dateModified":"2024-06-26T00:34:52+00:00","author":{"@id":"https:\/\/dev.antudigital.cl\/sites\/vc\/#\/schema\/person\/c2b9da8dd545e27166fc5ab232837318"},"breadcrumb":{"@id":"https:\/\/dev.antudigital.cl\/sites\/vc\/el-laboratorio-culturales-proyectando-juntxs-abre-su-convocatoria-en-baj-valpo\/#breadcrumb"},"inLanguage":"es","potentialAction":[{"@type":"ReadAction","target":["https:\/\/dev.antudigital.cl\/sites\/vc\/el-laboratorio-culturales-proyectando-juntxs-abre-su-convocatoria-en-baj-valpo\/"]}]},{"@type":"ImageObject","inLanguage":"es","@id":"https:\/\/dev.antudigital.cl\/sites\/vc\/el-laboratorio-culturales-proyectando-juntxs-abre-su-convocatoria-en-baj-valpo\/#primaryimage","url":"https:\/\/dev.antudigital.cl\/sites\/vc\/wp-content\/uploads\/2024\/06\/LABORATORIO-PROYECTABANNER.png","contentUrl":"https:\/\/dev.antudigital.cl\/sites\/vc\/wp-content\/uploads\/2024\/06\/LABORATORIO-PROYECTABANNER.png","width":1450,"height":818},{"@type":"BreadcrumbList","@id":"https:\/\/dev.antudigital.cl\/sites\/vc\/el-laboratorio-culturales-proyectando-juntxs-abre-su-convocatoria-en-baj-valpo\/#breadcrumb","itemListElement":[{"@type":"ListItem","position":1,"name":"Home","item":"https:\/\/dev.antudigital.cl\/sites\/vc\/"},{"@type":"ListItem","position":2,"name":"EL LABORATORIO CULTURALES \u201cPROYECTANDO JUNTXS\u201d ABRE SU CONVOCATORIA EN BAJ VALPO"}]},{"@type":"WebSite","@id":"https:\/\/dev.antudigital.cl\/sites\/vc\/#website","url":"https:\/\/dev.antudigital.cl\/sites\/vc\/","name":"Valpara\u00ed\u00adso Creativo","description":"","potentialAction":[{"@type":"SearchAction","target":{"@type":"EntryPoint","urlTemplate":"https:\/\/dev.antudigital.cl\/sites\/vc\/?s={search_term_string}"},"query-input":{"@type":"PropertyValueSpecification","valueRequired":true,"valueName":"search_term_string"}}],"inLanguage":"es"},{"@type":"Person","@id":"https:\/\/dev.antudigital.cl\/sites\/vc\/#\/schema\/person\/c2b9da8dd545e27166fc5ab232837318","name":"Valpara\u00edso Creativo","description":"Periodista de cultura en la Regi\u00f3n de Valpara\u00edso.","url":"https:\/\/dev.antudigital.cl\/sites\/vc\/author\/valpoadmin\/"}]}},"_links":{"self":[{"href":"https:\/\/dev.antudigital.cl\/sites\/vc\/wp-json\/wp\/v2\/posts\/19534","targetHints":{"allow":["GET"]}}],"collection":[{"href":"https:\/\/dev.antudigital.cl\/sites\/vc\/wp-json\/wp\/v2\/posts"}],"about":[{"href":"https:\/\/dev.antudigital.cl\/sites\/vc\/wp-json\/wp\/v2\/types\/post"}],"author":[{"embeddable":true,"href":"https:\/\/dev.antudigital.cl\/sites\/vc\/wp-json\/wp\/v2\/users\/1"}],"replies":[{"embeddable":true,"href":"https:\/\/dev.antudigital.cl\/sites\/vc\/wp-json\/wp\/v2\/comments?post=19534"}],"version-history":[{"count":1,"href":"https:\/\/dev.antudigital.cl\/sites\/vc\/wp-json\/wp\/v2\/posts\/19534\/revisions"}],"predecessor-version":[{"id":19537,"href":"https:\/\/dev.antudigital.cl\/sites\/vc\/wp-json\/wp\/v2\/posts\/19534\/revisions\/19537"}],"wp:featuredmedia":[{"embeddable":true,"href":"https:\/\/dev.antudigital.cl\/sites\/vc\/wp-json\/wp\/v2\/media\/19535"}],"wp:attachment":[{"href":"https:\/\/dev.antudigital.cl\/sites\/vc\/wp-json\/wp\/v2\/media?parent=19534"}],"wp:term":[{"taxonomy":"category","embeddable":true,"href":"https:\/\/dev.antudigital.cl\/sites\/vc\/wp-json\/wp\/v2\/categories?post=19534"},{"taxonomy":"post_tag","embeddable":true,"href":"https:\/\/dev.antudigital.cl\/sites\/vc\/wp-json\/wp\/v2\/tags?post=19534"}],"curies":[{"name":"wp","href":"https:\/\/api.w.org\/{rel}","templated":true}]}}