{"id":19538,"date":"2024-06-26T00:43:27","date_gmt":"2024-06-26T00:43:27","guid":{"rendered":"https:\/\/www.valparaisocreativo.cl\/?p=19538"},"modified":"2024-06-26T00:46:06","modified_gmt":"2024-06-26T00:46:06","slug":"master-class-direccion-de-arte-en-latinoamerica-creacion-y-produccion","status":"publish","type":"post","link":"https:\/\/dev.antudigital.cl\/sites\/vc\/master-class-direccion-de-arte-en-latinoamerica-creacion-y-produccion\/","title":{"rendered":"Master Class: Direcci\u00f3n de Arte en Latinoam\u00e9rica. Creaci\u00f3n y Producci\u00f3n\u00a0"},"content":{"rendered":"\n<p>En el marco del Diploma de Post\u00edtulo Direcci\u00f3n de Arte que organiza las Escuelas de Dise\u00f1o y Cine de la Facultad de Arquitectura de la Universidad de Valpara\u00edso, se&nbsp; presentar\u00e1 la primera master class que dictar\u00e1 Leandro Lunelli, director de arte.&nbsp; En esta clase magistral, Lunelli compartir\u00e1 su experiencia profesional sobre el rol del Director de Arte en Am\u00e9rica Latina, abarcando diversos formatos audiovisuales y su interacci\u00f3n con los distintos departamentos de arte. Adem\u00e1s, abordar\u00e1 las decisiones relacionadas con la creaci\u00f3n, producci\u00f3n y gesti\u00f3n de recursos disponible en el contexto de un proyecto audiovisual.<\/p>\n\n\n\n<p><strong>Breve presentaci\u00f3n Leandro Lunelli<\/strong><\/p>\n\n\n\n<p>Leandro Lunelli productor cultural, director de arte y escen\u00f3grafo, actualmente se dedica a la investigaci\u00f3n en el \u00e1rea de producci\u00f3n cr\u00edtica de im\u00e1genes en teatro y cine. Licenciado en Direcci\u00f3n de Arte de la Escuela de Cine de Chile y Licenciado en Teatro de la Universidad Estatal de Santa Catarina de Brasil. Lunelli, ha trabajado en la direcci\u00f3n de arte de largometrajes y series para plataformas como Netflix,&nbsp; Disney + y HBO +, entre otras. Adem\u00e1s, de incursionar en publicidad, escenograf\u00eda e iluminaci\u00f3n para teatro y espect\u00e1culos.<\/p>\n\n\n\n<p>La clase magistral es de libre acceso, pero con inscripci\u00f3n en el siguiente enlace:<\/p>\n\n\n\n<p><a href=\"https:\/\/forms.gle\/JfSMvkKy73wvrDm36\">https:\/\/forms.gle\/JfSMvkKy73wvrDm36<\/a><\/p>\n\n\n\n<figure class=\"wp-block-image size-large\"><img fetchpriority=\"high\" decoding=\"async\" width=\"1024\" height=\"838\" src=\"https:\/\/www.valparaisocreativo.cl\/wp-content\/uploads\/2024\/06\/1-master-class-1024x838.png\" alt=\"\" class=\"wp-image-19540\" srcset=\"https:\/\/dev.antudigital.cl\/sites\/vc\/wp-content\/uploads\/2024\/06\/1-master-class-1024x838.png 1024w, https:\/\/dev.antudigital.cl\/sites\/vc\/wp-content\/uploads\/2024\/06\/1-master-class-300x245.png 300w, https:\/\/dev.antudigital.cl\/sites\/vc\/wp-content\/uploads\/2024\/06\/1-master-class-768x628.png 768w, https:\/\/dev.antudigital.cl\/sites\/vc\/wp-content\/uploads\/2024\/06\/1-master-class-1536x1257.png 1536w, https:\/\/dev.antudigital.cl\/sites\/vc\/wp-content\/uploads\/2024\/06\/1-master-class-2048x1676.png 2048w, https:\/\/dev.antudigital.cl\/sites\/vc\/wp-content\/uploads\/2024\/06\/1-master-class-1080x884.png 1080w, https:\/\/dev.antudigital.cl\/sites\/vc\/wp-content\/uploads\/2024\/06\/1-master-class-1280x1047.png 1280w, https:\/\/dev.antudigital.cl\/sites\/vc\/wp-content\/uploads\/2024\/06\/1-master-class-980x802.png 980w, https:\/\/dev.antudigital.cl\/sites\/vc\/wp-content\/uploads\/2024\/06\/1-master-class-480x393.png 480w, https:\/\/dev.antudigital.cl\/sites\/vc\/wp-content\/uploads\/2024\/06\/1-master-class-24x20.png 24w, https:\/\/dev.antudigital.cl\/sites\/vc\/wp-content\/uploads\/2024\/06\/1-master-class-36x29.png 36w, https:\/\/dev.antudigital.cl\/sites\/vc\/wp-content\/uploads\/2024\/06\/1-master-class-48x39.png 48w\" sizes=\"(max-width: 1024px) 100vw, 1024px\" \/><\/figure>\n","protected":false},"excerpt":{"rendered":"<p>En el marco del Diploma de Post\u00edtulo Direcci\u00f3n de Arte que organiza las Escuelas de Dise\u00f1o y Cine de la Facultad de Arquitectura de la Universidad de Valpara\u00edso, se&nbsp; presentar\u00e1 la primera master class que dictar\u00e1 Leandro Lunelli, director de arte.&nbsp; En esta clase magistral, Lunelli compartir\u00e1 su experiencia profesional sobre el rol del Director [&hellip;]<\/p>\n","protected":false},"author":1,"featured_media":19539,"comment_status":"closed","ping_status":"closed","sticky":false,"template":"","format":"standard","meta":{"_acf_changed":false,"footnotes":""},"categories":[8],"tags":[],"class_list":["post-19538","post","type-post","status-publish","format-standard","has-post-thumbnail","hentry","category-noticia"],"acf":[],"yoast_head":"<!-- This site is optimized with the Yoast SEO plugin v27.1.1 - https:\/\/yoast.com\/product\/yoast-seo-wordpress\/ -->\n<title>Master Class: Direcci\u00f3n de Arte en Latinoam\u00e9rica. Creaci\u00f3n y Producci\u00f3n\u00a0 - Valpara\u00ed\u00adso Creativo<\/title>\n<meta name=\"robots\" content=\"index, follow, max-snippet:-1, max-image-preview:large, max-video-preview:-1\" \/>\n<link rel=\"canonical\" href=\"https:\/\/dev.antudigital.cl\/sites\/vc\/master-class-direccion-de-arte-en-latinoamerica-creacion-y-produccion\/\" \/>\n<meta property=\"og:locale\" content=\"es_ES\" \/>\n<meta property=\"og:type\" content=\"article\" \/>\n<meta property=\"og:title\" content=\"Master Class: Direcci\u00f3n de Arte en Latinoam\u00e9rica. Creaci\u00f3n y Producci\u00f3n\u00a0 - Valpara\u00ed\u00adso Creativo\" \/>\n<meta property=\"og:description\" content=\"En el marco del Diploma de Post\u00edtulo Direcci\u00f3n de Arte que organiza las Escuelas de Dise\u00f1o y Cine de la Facultad de Arquitectura de la Universidad de Valpara\u00edso, se&nbsp; presentar\u00e1 la primera master class que dictar\u00e1 Leandro Lunelli, director de arte.&nbsp; En esta clase magistral, Lunelli compartir\u00e1 su experiencia profesional sobre el rol del Director [&hellip;]\" \/>\n<meta property=\"og:url\" content=\"https:\/\/dev.antudigital.cl\/sites\/vc\/master-class-direccion-de-arte-en-latinoamerica-creacion-y-produccion\/\" \/>\n<meta property=\"og:site_name\" content=\"Valpara\u00ed\u00adso Creativo\" \/>\n<meta property=\"article:published_time\" content=\"2024-06-26T00:43:27+00:00\" \/>\n<meta property=\"article:modified_time\" content=\"2024-06-26T00:46:06+00:00\" \/>\n<meta property=\"og:image\" content=\"https:\/\/dev.antudigital.cl\/sites\/vc\/wp-content\/uploads\/2024\/06\/Captura-de-Pantalla-2024-06-25-a-las-20.41.47.png\" \/>\n\t<meta property=\"og:image:width\" content=\"634\" \/>\n\t<meta property=\"og:image:height\" content=\"153\" \/>\n\t<meta property=\"og:image:type\" content=\"image\/png\" \/>\n<meta name=\"author\" content=\"Valpara\u00edso Creativo\" \/>\n<meta name=\"twitter:card\" content=\"summary_large_image\" \/>\n<meta name=\"twitter:label1\" content=\"Escrito por\" \/>\n\t<meta name=\"twitter:data1\" content=\"Valpara\u00edso Creativo\" \/>\n\t<meta name=\"twitter:label2\" content=\"Tiempo de lectura\" \/>\n\t<meta name=\"twitter:data2\" content=\"2 minutos\" \/>\n<script type=\"application\/ld+json\" class=\"yoast-schema-graph\">{\"@context\":\"https:\/\/schema.org\",\"@graph\":[{\"@type\":\"Article\",\"@id\":\"https:\/\/dev.antudigital.cl\/sites\/vc\/master-class-direccion-de-arte-en-latinoamerica-creacion-y-produccion\/#article\",\"isPartOf\":{\"@id\":\"https:\/\/dev.antudigital.cl\/sites\/vc\/master-class-direccion-de-arte-en-latinoamerica-creacion-y-produccion\/\"},\"author\":{\"name\":\"Valpara\u00edso Creativo\",\"@id\":\"https:\/\/dev.antudigital.cl\/sites\/vc\/#\/schema\/person\/c2b9da8dd545e27166fc5ab232837318\"},\"headline\":\"Master Class: Direcci\u00f3n de Arte en Latinoam\u00e9rica. Creaci\u00f3n y Producci\u00f3n\u00a0\",\"datePublished\":\"2024-06-26T00:43:27+00:00\",\"dateModified\":\"2024-06-26T00:46:06+00:00\",\"mainEntityOfPage\":{\"@id\":\"https:\/\/dev.antudigital.cl\/sites\/vc\/master-class-direccion-de-arte-en-latinoamerica-creacion-y-produccion\/\"},\"wordCount\":242,\"image\":{\"@id\":\"https:\/\/dev.antudigital.cl\/sites\/vc\/master-class-direccion-de-arte-en-latinoamerica-creacion-y-produccion\/#primaryimage\"},\"thumbnailUrl\":\"https:\/\/dev.antudigital.cl\/sites\/vc\/wp-content\/uploads\/2024\/06\/Captura-de-Pantalla-2024-06-25-a-las-20.41.47.png\",\"articleSection\":[\"Noticia\"],\"inLanguage\":\"es\"},{\"@type\":\"WebPage\",\"@id\":\"https:\/\/dev.antudigital.cl\/sites\/vc\/master-class-direccion-de-arte-en-latinoamerica-creacion-y-produccion\/\",\"url\":\"https:\/\/dev.antudigital.cl\/sites\/vc\/master-class-direccion-de-arte-en-latinoamerica-creacion-y-produccion\/\",\"name\":\"Master Class: Direcci\u00f3n de Arte en Latinoam\u00e9rica. Creaci\u00f3n y Producci\u00f3n\u00a0 - Valpara\u00ed\u00adso Creativo\",\"isPartOf\":{\"@id\":\"https:\/\/dev.antudigital.cl\/sites\/vc\/#website\"},\"primaryImageOfPage\":{\"@id\":\"https:\/\/dev.antudigital.cl\/sites\/vc\/master-class-direccion-de-arte-en-latinoamerica-creacion-y-produccion\/#primaryimage\"},\"image\":{\"@id\":\"https:\/\/dev.antudigital.cl\/sites\/vc\/master-class-direccion-de-arte-en-latinoamerica-creacion-y-produccion\/#primaryimage\"},\"thumbnailUrl\":\"https:\/\/dev.antudigital.cl\/sites\/vc\/wp-content\/uploads\/2024\/06\/Captura-de-Pantalla-2024-06-25-a-las-20.41.47.png\",\"datePublished\":\"2024-06-26T00:43:27+00:00\",\"dateModified\":\"2024-06-26T00:46:06+00:00\",\"author\":{\"@id\":\"https:\/\/dev.antudigital.cl\/sites\/vc\/#\/schema\/person\/c2b9da8dd545e27166fc5ab232837318\"},\"breadcrumb\":{\"@id\":\"https:\/\/dev.antudigital.cl\/sites\/vc\/master-class-direccion-de-arte-en-latinoamerica-creacion-y-produccion\/#breadcrumb\"},\"inLanguage\":\"es\",\"potentialAction\":[{\"@type\":\"ReadAction\",\"target\":[\"https:\/\/dev.antudigital.cl\/sites\/vc\/master-class-direccion-de-arte-en-latinoamerica-creacion-y-produccion\/\"]}]},{\"@type\":\"ImageObject\",\"inLanguage\":\"es\",\"@id\":\"https:\/\/dev.antudigital.cl\/sites\/vc\/master-class-direccion-de-arte-en-latinoamerica-creacion-y-produccion\/#primaryimage\",\"url\":\"https:\/\/dev.antudigital.cl\/sites\/vc\/wp-content\/uploads\/2024\/06\/Captura-de-Pantalla-2024-06-25-a-las-20.41.47.png\",\"contentUrl\":\"https:\/\/dev.antudigital.cl\/sites\/vc\/wp-content\/uploads\/2024\/06\/Captura-de-Pantalla-2024-06-25-a-las-20.41.47.png\",\"width\":634,\"height\":153},{\"@type\":\"BreadcrumbList\",\"@id\":\"https:\/\/dev.antudigital.cl\/sites\/vc\/master-class-direccion-de-arte-en-latinoamerica-creacion-y-produccion\/#breadcrumb\",\"itemListElement\":[{\"@type\":\"ListItem\",\"position\":1,\"name\":\"Home\",\"item\":\"https:\/\/dev.antudigital.cl\/sites\/vc\/\"},{\"@type\":\"ListItem\",\"position\":2,\"name\":\"Master Class: Direcci\u00f3n de Arte en Latinoam\u00e9rica. Creaci\u00f3n y Producci\u00f3n\u00a0\"}]},{\"@type\":\"WebSite\",\"@id\":\"https:\/\/dev.antudigital.cl\/sites\/vc\/#website\",\"url\":\"https:\/\/dev.antudigital.cl\/sites\/vc\/\",\"name\":\"Valpara\u00ed\u00adso Creativo\",\"description\":\"\",\"potentialAction\":[{\"@type\":\"SearchAction\",\"target\":{\"@type\":\"EntryPoint\",\"urlTemplate\":\"https:\/\/dev.antudigital.cl\/sites\/vc\/?s={search_term_string}\"},\"query-input\":{\"@type\":\"PropertyValueSpecification\",\"valueRequired\":true,\"valueName\":\"search_term_string\"}}],\"inLanguage\":\"es\"},{\"@type\":\"Person\",\"@id\":\"https:\/\/dev.antudigital.cl\/sites\/vc\/#\/schema\/person\/c2b9da8dd545e27166fc5ab232837318\",\"name\":\"Valpara\u00edso Creativo\",\"description\":\"Periodista de cultura en la Regi\u00f3n de Valpara\u00edso.\",\"url\":\"https:\/\/dev.antudigital.cl\/sites\/vc\/author\/valpoadmin\/\"}]}<\/script>\n<!-- \/ Yoast SEO plugin. -->","yoast_head_json":{"title":"Master Class: Direcci\u00f3n de Arte en Latinoam\u00e9rica. Creaci\u00f3n y Producci\u00f3n\u00a0 - Valpara\u00ed\u00adso Creativo","robots":{"index":"index","follow":"follow","max-snippet":"max-snippet:-1","max-image-preview":"max-image-preview:large","max-video-preview":"max-video-preview:-1"},"canonical":"https:\/\/dev.antudigital.cl\/sites\/vc\/master-class-direccion-de-arte-en-latinoamerica-creacion-y-produccion\/","og_locale":"es_ES","og_type":"article","og_title":"Master Class: Direcci\u00f3n de Arte en Latinoam\u00e9rica. Creaci\u00f3n y Producci\u00f3n\u00a0 - Valpara\u00ed\u00adso Creativo","og_description":"En el marco del Diploma de Post\u00edtulo Direcci\u00f3n de Arte que organiza las Escuelas de Dise\u00f1o y Cine de la Facultad de Arquitectura de la Universidad de Valpara\u00edso, se&nbsp; presentar\u00e1 la primera master class que dictar\u00e1 Leandro Lunelli, director de arte.&nbsp; En esta clase magistral, Lunelli compartir\u00e1 su experiencia profesional sobre el rol del Director [&hellip;]","og_url":"https:\/\/dev.antudigital.cl\/sites\/vc\/master-class-direccion-de-arte-en-latinoamerica-creacion-y-produccion\/","og_site_name":"Valpara\u00ed\u00adso Creativo","article_published_time":"2024-06-26T00:43:27+00:00","article_modified_time":"2024-06-26T00:46:06+00:00","og_image":[{"width":634,"height":153,"url":"https:\/\/dev.antudigital.cl\/sites\/vc\/wp-content\/uploads\/2024\/06\/Captura-de-Pantalla-2024-06-25-a-las-20.41.47.png","type":"image\/png"}],"author":"Valpara\u00edso Creativo","twitter_card":"summary_large_image","twitter_misc":{"Escrito por":"Valpara\u00edso Creativo","Tiempo de lectura":"2 minutos"},"schema":{"@context":"https:\/\/schema.org","@graph":[{"@type":"Article","@id":"https:\/\/dev.antudigital.cl\/sites\/vc\/master-class-direccion-de-arte-en-latinoamerica-creacion-y-produccion\/#article","isPartOf":{"@id":"https:\/\/dev.antudigital.cl\/sites\/vc\/master-class-direccion-de-arte-en-latinoamerica-creacion-y-produccion\/"},"author":{"name":"Valpara\u00edso Creativo","@id":"https:\/\/dev.antudigital.cl\/sites\/vc\/#\/schema\/person\/c2b9da8dd545e27166fc5ab232837318"},"headline":"Master Class: Direcci\u00f3n de Arte en Latinoam\u00e9rica. Creaci\u00f3n y Producci\u00f3n\u00a0","datePublished":"2024-06-26T00:43:27+00:00","dateModified":"2024-06-26T00:46:06+00:00","mainEntityOfPage":{"@id":"https:\/\/dev.antudigital.cl\/sites\/vc\/master-class-direccion-de-arte-en-latinoamerica-creacion-y-produccion\/"},"wordCount":242,"image":{"@id":"https:\/\/dev.antudigital.cl\/sites\/vc\/master-class-direccion-de-arte-en-latinoamerica-creacion-y-produccion\/#primaryimage"},"thumbnailUrl":"https:\/\/dev.antudigital.cl\/sites\/vc\/wp-content\/uploads\/2024\/06\/Captura-de-Pantalla-2024-06-25-a-las-20.41.47.png","articleSection":["Noticia"],"inLanguage":"es"},{"@type":"WebPage","@id":"https:\/\/dev.antudigital.cl\/sites\/vc\/master-class-direccion-de-arte-en-latinoamerica-creacion-y-produccion\/","url":"https:\/\/dev.antudigital.cl\/sites\/vc\/master-class-direccion-de-arte-en-latinoamerica-creacion-y-produccion\/","name":"Master Class: Direcci\u00f3n de Arte en Latinoam\u00e9rica. Creaci\u00f3n y Producci\u00f3n\u00a0 - Valpara\u00ed\u00adso Creativo","isPartOf":{"@id":"https:\/\/dev.antudigital.cl\/sites\/vc\/#website"},"primaryImageOfPage":{"@id":"https:\/\/dev.antudigital.cl\/sites\/vc\/master-class-direccion-de-arte-en-latinoamerica-creacion-y-produccion\/#primaryimage"},"image":{"@id":"https:\/\/dev.antudigital.cl\/sites\/vc\/master-class-direccion-de-arte-en-latinoamerica-creacion-y-produccion\/#primaryimage"},"thumbnailUrl":"https:\/\/dev.antudigital.cl\/sites\/vc\/wp-content\/uploads\/2024\/06\/Captura-de-Pantalla-2024-06-25-a-las-20.41.47.png","datePublished":"2024-06-26T00:43:27+00:00","dateModified":"2024-06-26T00:46:06+00:00","author":{"@id":"https:\/\/dev.antudigital.cl\/sites\/vc\/#\/schema\/person\/c2b9da8dd545e27166fc5ab232837318"},"breadcrumb":{"@id":"https:\/\/dev.antudigital.cl\/sites\/vc\/master-class-direccion-de-arte-en-latinoamerica-creacion-y-produccion\/#breadcrumb"},"inLanguage":"es","potentialAction":[{"@type":"ReadAction","target":["https:\/\/dev.antudigital.cl\/sites\/vc\/master-class-direccion-de-arte-en-latinoamerica-creacion-y-produccion\/"]}]},{"@type":"ImageObject","inLanguage":"es","@id":"https:\/\/dev.antudigital.cl\/sites\/vc\/master-class-direccion-de-arte-en-latinoamerica-creacion-y-produccion\/#primaryimage","url":"https:\/\/dev.antudigital.cl\/sites\/vc\/wp-content\/uploads\/2024\/06\/Captura-de-Pantalla-2024-06-25-a-las-20.41.47.png","contentUrl":"https:\/\/dev.antudigital.cl\/sites\/vc\/wp-content\/uploads\/2024\/06\/Captura-de-Pantalla-2024-06-25-a-las-20.41.47.png","width":634,"height":153},{"@type":"BreadcrumbList","@id":"https:\/\/dev.antudigital.cl\/sites\/vc\/master-class-direccion-de-arte-en-latinoamerica-creacion-y-produccion\/#breadcrumb","itemListElement":[{"@type":"ListItem","position":1,"name":"Home","item":"https:\/\/dev.antudigital.cl\/sites\/vc\/"},{"@type":"ListItem","position":2,"name":"Master Class: Direcci\u00f3n de Arte en Latinoam\u00e9rica. Creaci\u00f3n y Producci\u00f3n\u00a0"}]},{"@type":"WebSite","@id":"https:\/\/dev.antudigital.cl\/sites\/vc\/#website","url":"https:\/\/dev.antudigital.cl\/sites\/vc\/","name":"Valpara\u00ed\u00adso Creativo","description":"","potentialAction":[{"@type":"SearchAction","target":{"@type":"EntryPoint","urlTemplate":"https:\/\/dev.antudigital.cl\/sites\/vc\/?s={search_term_string}"},"query-input":{"@type":"PropertyValueSpecification","valueRequired":true,"valueName":"search_term_string"}}],"inLanguage":"es"},{"@type":"Person","@id":"https:\/\/dev.antudigital.cl\/sites\/vc\/#\/schema\/person\/c2b9da8dd545e27166fc5ab232837318","name":"Valpara\u00edso Creativo","description":"Periodista de cultura en la Regi\u00f3n de Valpara\u00edso.","url":"https:\/\/dev.antudigital.cl\/sites\/vc\/author\/valpoadmin\/"}]}},"_links":{"self":[{"href":"https:\/\/dev.antudigital.cl\/sites\/vc\/wp-json\/wp\/v2\/posts\/19538","targetHints":{"allow":["GET"]}}],"collection":[{"href":"https:\/\/dev.antudigital.cl\/sites\/vc\/wp-json\/wp\/v2\/posts"}],"about":[{"href":"https:\/\/dev.antudigital.cl\/sites\/vc\/wp-json\/wp\/v2\/types\/post"}],"author":[{"embeddable":true,"href":"https:\/\/dev.antudigital.cl\/sites\/vc\/wp-json\/wp\/v2\/users\/1"}],"replies":[{"embeddable":true,"href":"https:\/\/dev.antudigital.cl\/sites\/vc\/wp-json\/wp\/v2\/comments?post=19538"}],"version-history":[{"count":2,"href":"https:\/\/dev.antudigital.cl\/sites\/vc\/wp-json\/wp\/v2\/posts\/19538\/revisions"}],"predecessor-version":[{"id":19543,"href":"https:\/\/dev.antudigital.cl\/sites\/vc\/wp-json\/wp\/v2\/posts\/19538\/revisions\/19543"}],"wp:featuredmedia":[{"embeddable":true,"href":"https:\/\/dev.antudigital.cl\/sites\/vc\/wp-json\/wp\/v2\/media\/19539"}],"wp:attachment":[{"href":"https:\/\/dev.antudigital.cl\/sites\/vc\/wp-json\/wp\/v2\/media?parent=19538"}],"wp:term":[{"taxonomy":"category","embeddable":true,"href":"https:\/\/dev.antudigital.cl\/sites\/vc\/wp-json\/wp\/v2\/categories?post=19538"},{"taxonomy":"post_tag","embeddable":true,"href":"https:\/\/dev.antudigital.cl\/sites\/vc\/wp-json\/wp\/v2\/tags?post=19538"}],"curies":[{"name":"wp","href":"https:\/\/api.w.org\/{rel}","templated":true}]}}