{"id":19542,"date":"2024-06-26T00:53:51","date_gmt":"2024-06-26T00:53:51","guid":{"rendered":"https:\/\/www.valparaisocreativo.cl\/?p=19542"},"modified":"2024-06-26T00:54:10","modified_gmt":"2024-06-26T00:54:10","slug":"insomnia-inicia-las-vacaciones-de-invierno-con-especial-para-infancias-y-estreno-de-mi-pais-perdido","status":"publish","type":"post","link":"https:\/\/dev.antudigital.cl\/sites\/vc\/insomnia-inicia-las-vacaciones-de-invierno-con-especial-para-infancias-y-estreno-de-mi-pais-perdido\/","title":{"rendered":"INSOMNIA inicia las vacaciones de invierno con especial para infancias y estreno de Mi pa\u00eds perdido"},"content":{"rendered":"\n<p>INSOMNIA Teatro Condell nuevamente tiene una programaci\u00f3n especial para acompa\u00f1ar las vacaciones de invierno y escapar del fr\u00edo en una sala de cine patrimonial. En esta oportunidad al estreno de Intensa Mente 2, se suman las aclamadas Mi amigo y la garza, de Hayao Miyasaki, y Mi amigo robot, de Pablo Berger. Adem\u00e1s, vuelve a la pantalla grande la trilog\u00eda de culto \u201cEl se\u00f1or de los anillos\u201d inspirada en los libros de J.R.R. Tolkien y dirigida por Peter Jackson, para quienes no pudieron disfrutarla en la pantalla grande durante su estreno o quieren volver a vivir la experiencia. Adem\u00e1s, este jueves 27 de junio a las 18:30 horas se estrenar\u00e1 el documental de bzfilms \u201cMi pa\u00eds perdido\u201d de la directora Ishtar Yasin Guti\u00e9rrez, quien narra la historia de su padre, el exilio y los hechos hist\u00f3ricos que atravesaron a su familia.<\/p>\n\n\n\n<p>Para Leonardo Torres, director de INSOMNIA, es muy relevante mantener la programaci\u00f3n familiar: \u201cespecialmente en las vacaciones de invierno y de verano reforzamos nuestras franjas de las 12:00 y las 15:00 horas para dedicarlas al p\u00fablico familiar. Esto para nosotros es muy importante, porque es justamente a esa edad en que las personas se encantan con la experiencia del Cine. Entonces, la selecci\u00f3n de estas pel\u00edculas puede ser la puerta de entrada al maravilloso mundo del cine. Adem\u00e1s, estas vacaciones tenemos la fortuna de contar con tres estrenos de gran calidad, como son El ni\u00f1o y la garza, Mi amigo robot e Intensa Mente 2. Cada una destaca por su lenguaje peculiar para contar historias profundas, que permiten ser disfrutadas en distintos niveles y edades, permitiendo tener conversaciones significativas posterior a cada pel\u00edcula\u201d.<\/p>\n\n\n\n<p>Sobre la trilog\u00eda de El se\u00f1or de los anillos, explic\u00f3 que: \u201cse trata de una de las mayores piezas audiovisuales basadas en libro llevadas a la pantalla grande. Interpretada por actores y actrices de culto, con un manejo del ritmo narrativo impecable, es una de estas grandes historias que nos vuelven a recordar que no existen h\u00e9roes peque\u00f1os y no hay enemigos demasiado grandes\u201d.<\/p>\n\n\n\n<figure class=\"wp-block-image size-large\"><img fetchpriority=\"high\" decoding=\"async\" width=\"1024\" height=\"540\" src=\"https:\/\/www.valparaisocreativo.cl\/wp-content\/uploads\/2024\/06\/Mi-pais-Perdido-2-1024x540.jpg\" alt=\"\" class=\"wp-image-19545\" srcset=\"https:\/\/dev.antudigital.cl\/sites\/vc\/wp-content\/uploads\/2024\/06\/Mi-pais-Perdido-2-1024x540.jpg 1024w, https:\/\/dev.antudigital.cl\/sites\/vc\/wp-content\/uploads\/2024\/06\/Mi-pais-Perdido-2-300x158.jpg 300w, https:\/\/dev.antudigital.cl\/sites\/vc\/wp-content\/uploads\/2024\/06\/Mi-pais-Perdido-2-768x405.jpg 768w, https:\/\/dev.antudigital.cl\/sites\/vc\/wp-content\/uploads\/2024\/06\/Mi-pais-Perdido-2-1080x570.jpg 1080w, https:\/\/dev.antudigital.cl\/sites\/vc\/wp-content\/uploads\/2024\/06\/Mi-pais-Perdido-2-980x517.jpg 980w, https:\/\/dev.antudigital.cl\/sites\/vc\/wp-content\/uploads\/2024\/06\/Mi-pais-Perdido-2-480x253.jpg 480w, https:\/\/dev.antudigital.cl\/sites\/vc\/wp-content\/uploads\/2024\/06\/Mi-pais-Perdido-2-24x13.jpg 24w, https:\/\/dev.antudigital.cl\/sites\/vc\/wp-content\/uploads\/2024\/06\/Mi-pais-Perdido-2-36x19.jpg 36w, https:\/\/dev.antudigital.cl\/sites\/vc\/wp-content\/uploads\/2024\/06\/Mi-pais-Perdido-2-48x25.jpg 48w, https:\/\/dev.antudigital.cl\/sites\/vc\/wp-content\/uploads\/2024\/06\/Mi-pais-Perdido-2.jpg 1200w\" sizes=\"(max-width: 1024px) 100vw, 1024px\" \/><\/figure>\n\n\n\n<p><strong>Mi pa\u00eds perdido (Baladi Aldaia)<\/strong><\/p>\n\n\n\n<p>Con una funci\u00f3n \u00fanica se estrenar\u00e1 el documental de Ishtar Yasin: \u201cMi pa\u00eds perdido\u201d. En el a\u00f1o 2022, Ishtar visita el departamento de teatro del Instituto de Bellas Artes de Bagdad. En un aula vac\u00eda, ella revive la memoria de su padre, el director de teatro iraqu\u00ed Mohsen Sadoon Yasin, quien muri\u00f3 en Inglaterra, despu\u00e9s de un largo exilio, en el a\u00f1o 2014. Ishtar viaja al pasado, cuando su padre dirig\u00eda una obra de teatro con j\u00f3venes estudiantes iraqu\u00edes. En esos a\u00f1os Mohsen se cas\u00f3 en Bagdad con la bailarina chilena Elena Guti\u00e9rrez, y en 1968, viajaron juntos a Chile. A trav\u00e9s de la correspondencia entre Mohsen e Ishtar, de encuentros y separaciones, nos adentramos en un mundo \u00edntimo atravesado por hechos hist\u00f3ricos que van transformando sus vidas.<\/p>\n\n\n\n<p>La pel\u00edcula es una invocaci\u00f3n. El anhelo de un pa\u00eds perdido, imaginado, conquistado, que nos lleva en un viaje personal por diferentes continentes y latitudes, en Irak, Chile, Mosc\u00fa, Costa Rica, Dinamarca e Inglaterra. Canciones, fotograf\u00edas, cartas, videos, casetes, im\u00e1genes y fotograf\u00edas de archivo, recopilados a lo largo de los a\u00f1os, \u201cMi pa\u00eds perdido\u201d es un tejido, donde la poes\u00eda y los mitos cobran vida.<\/p>\n\n\n\n<p>Mi pa\u00eds perdido fue estrenada en diciembre de 2023 en la Cineteca Nacional de Chile: \u201cfue un estreno especial en donde pudimos invitar a distintos actores y actrices amigos de mi padre, el director de teatro Mohsen Sadoon Yasin, que trabaj\u00f3 en Chile desde el a\u00f1o 1968 al 73, cuando ocurre el golpe militar y junto a mi familia tienen que salir de Chile. Yo era una ni\u00f1a en ese entonces\u201d, explica la directora Ishtar Yas\u00edn.<\/p>\n\n\n\n<p>\u201cMi padre tuvo que salir de Irak, primero por la dictadura de Saddam Husein, y luego con la invasi\u00f3n de Estados Unidos y la llegada de los extremistas religiosos al pa\u00eds. Entonces necesitaba recuperar esas ra\u00edces \u00e1rabes. Con mi padre siempre quisimos viajar a Irak y trabajar all\u00e1, eso no fue posible, el muri\u00f3 en el exilio en Londres, sin poder regresar a su pa\u00eds. Y mi deseo era que las nuevas generaciones de Irak conocieran de su trabajo, conocieran a sus artistas, porque fueron muchas generaciones que tuvieron que escapar. Entonces creo que es muy importante para esas generaciones recuperar la memoria de esos artistas.<\/p>\n\n\n\n<p>De acuerdo con su directora, Ishtar Yas\u00edn, una de sus motivaciones m\u00e1s profunda es: \u201cpor ser latinoamericana y tambi\u00e9n \u00e1rabe, a trav\u00e9s de esta pel\u00edcula y a trav\u00e9s de esta obra quiero establecer un puente que conecte ambas culturas de sur a sur. Es decir, la colonizaci\u00f3n de nuestros pa\u00edses ha hecho tambi\u00e9n que nos alejemos, que exista un abismo entre nosotros. Entonces, c\u00f3mo a trav\u00e9s del arte, a trav\u00e9s de la creaci\u00f3n art\u00edstica podemos establecer nuevamente esa comunicaci\u00f3n, y no a trav\u00e9s de la destrucci\u00f3n o la guerra, sino a trav\u00e9s de la poes\u00eda, a trav\u00e9s del amor. Entonces tambi\u00e9n esta pel\u00edcula cumple esa funci\u00f3n, porque quisiera tambi\u00e9n que en Am\u00e9rica Latina conozcan m\u00e1s a Irak y no a partir de ese prejuicio que se ha creado por los medios masivos de comunicaci\u00f3n\u201d.<\/p>\n\n\n\n<p>Mi pa\u00eds perdido se estrenar\u00e1 este jueves 27 de junio a las 18:30 horas con funci\u00f3n \u00fanica. Las entradas a la venta est\u00e1n disponibles en la boleter\u00eda de INSOMNIA de lunes a domingo a partir de las 14:00 horas de manera presencial. Para m\u00e1s informaci\u00f3n visita&nbsp;<a href=\"http:\/\/www.insomniacine.cl\/\" target=\"_blank\" rel=\"noreferrer noopener\">www.insomniacine.cl<\/a>.<\/p>\n","protected":false},"excerpt":{"rendered":"<p>INSOMNIA Teatro Condell nuevamente tiene una programaci\u00f3n especial para acompa\u00f1ar las vacaciones de invierno y escapar del fr\u00edo en una sala de cine patrimonial. En esta oportunidad al estreno de Intensa Mente 2, se suman las aclamadas Mi amigo y la garza, de Hayao Miyasaki, y Mi amigo robot, de Pablo Berger. Adem\u00e1s, vuelve a [&hellip;]<\/p>\n","protected":false},"author":1,"featured_media":19544,"comment_status":"closed","ping_status":"closed","sticky":false,"template":"","format":"standard","meta":{"_acf_changed":false,"footnotes":""},"categories":[8],"tags":[],"class_list":["post-19542","post","type-post","status-publish","format-standard","has-post-thumbnail","hentry","category-noticia"],"acf":[],"yoast_head":"<!-- This site is optimized with the Yoast SEO plugin v27.1.1 - https:\/\/yoast.com\/product\/yoast-seo-wordpress\/ -->\n<title>INSOMNIA inicia las vacaciones de invierno con especial para infancias y estreno de Mi pa\u00eds perdido - Valpara\u00ed\u00adso Creativo<\/title>\n<meta name=\"robots\" content=\"index, follow, max-snippet:-1, max-image-preview:large, max-video-preview:-1\" \/>\n<link rel=\"canonical\" href=\"https:\/\/dev.antudigital.cl\/sites\/vc\/insomnia-inicia-las-vacaciones-de-invierno-con-especial-para-infancias-y-estreno-de-mi-pais-perdido\/\" \/>\n<meta property=\"og:locale\" content=\"es_ES\" \/>\n<meta property=\"og:type\" content=\"article\" \/>\n<meta property=\"og:title\" content=\"INSOMNIA inicia las vacaciones de invierno con especial para infancias y estreno de Mi pa\u00eds perdido - Valpara\u00ed\u00adso Creativo\" \/>\n<meta property=\"og:description\" content=\"INSOMNIA Teatro Condell nuevamente tiene una programaci\u00f3n especial para acompa\u00f1ar las vacaciones de invierno y escapar del fr\u00edo en una sala de cine patrimonial. En esta oportunidad al estreno de Intensa Mente 2, se suman las aclamadas Mi amigo y la garza, de Hayao Miyasaki, y Mi amigo robot, de Pablo Berger. Adem\u00e1s, vuelve a [&hellip;]\" \/>\n<meta property=\"og:url\" content=\"https:\/\/dev.antudigital.cl\/sites\/vc\/insomnia-inicia-las-vacaciones-de-invierno-con-especial-para-infancias-y-estreno-de-mi-pais-perdido\/\" \/>\n<meta property=\"og:site_name\" content=\"Valpara\u00ed\u00adso Creativo\" \/>\n<meta property=\"article:published_time\" content=\"2024-06-26T00:53:51+00:00\" \/>\n<meta property=\"article:modified_time\" content=\"2024-06-26T00:54:10+00:00\" \/>\n<meta property=\"og:image\" content=\"https:\/\/dev.antudigital.cl\/sites\/vc\/wp-content\/uploads\/2024\/06\/Intensa-Mente-2.png\" \/>\n\t<meta property=\"og:image:width\" content=\"1250\" \/>\n\t<meta property=\"og:image:height\" content=\"781\" \/>\n\t<meta property=\"og:image:type\" content=\"image\/png\" \/>\n<meta name=\"author\" content=\"Valpara\u00edso Creativo\" \/>\n<meta name=\"twitter:card\" content=\"summary_large_image\" \/>\n<meta name=\"twitter:label1\" content=\"Escrito por\" \/>\n\t<meta name=\"twitter:data1\" content=\"Valpara\u00edso Creativo\" \/>\n\t<meta name=\"twitter:label2\" content=\"Tiempo de lectura\" \/>\n\t<meta name=\"twitter:data2\" content=\"5 minutos\" \/>\n<script type=\"application\/ld+json\" class=\"yoast-schema-graph\">{\"@context\":\"https:\/\/schema.org\",\"@graph\":[{\"@type\":\"Article\",\"@id\":\"https:\/\/dev.antudigital.cl\/sites\/vc\/insomnia-inicia-las-vacaciones-de-invierno-con-especial-para-infancias-y-estreno-de-mi-pais-perdido\/#article\",\"isPartOf\":{\"@id\":\"https:\/\/dev.antudigital.cl\/sites\/vc\/insomnia-inicia-las-vacaciones-de-invierno-con-especial-para-infancias-y-estreno-de-mi-pais-perdido\/\"},\"author\":{\"name\":\"Valpara\u00edso Creativo\",\"@id\":\"https:\/\/dev.antudigital.cl\/sites\/vc\/#\/schema\/person\/c2b9da8dd545e27166fc5ab232837318\"},\"headline\":\"INSOMNIA inicia las vacaciones de invierno con especial para infancias y estreno de Mi pa\u00eds perdido\",\"datePublished\":\"2024-06-26T00:53:51+00:00\",\"dateModified\":\"2024-06-26T00:54:10+00:00\",\"mainEntityOfPage\":{\"@id\":\"https:\/\/dev.antudigital.cl\/sites\/vc\/insomnia-inicia-las-vacaciones-de-invierno-con-especial-para-infancias-y-estreno-de-mi-pais-perdido\/\"},\"wordCount\":991,\"image\":{\"@id\":\"https:\/\/dev.antudigital.cl\/sites\/vc\/insomnia-inicia-las-vacaciones-de-invierno-con-especial-para-infancias-y-estreno-de-mi-pais-perdido\/#primaryimage\"},\"thumbnailUrl\":\"https:\/\/dev.antudigital.cl\/sites\/vc\/wp-content\/uploads\/2024\/06\/Intensa-Mente-2.png\",\"articleSection\":[\"Noticia\"],\"inLanguage\":\"es\"},{\"@type\":\"WebPage\",\"@id\":\"https:\/\/dev.antudigital.cl\/sites\/vc\/insomnia-inicia-las-vacaciones-de-invierno-con-especial-para-infancias-y-estreno-de-mi-pais-perdido\/\",\"url\":\"https:\/\/dev.antudigital.cl\/sites\/vc\/insomnia-inicia-las-vacaciones-de-invierno-con-especial-para-infancias-y-estreno-de-mi-pais-perdido\/\",\"name\":\"INSOMNIA inicia las vacaciones de invierno con especial para infancias y estreno de Mi pa\u00eds perdido - Valpara\u00ed\u00adso Creativo\",\"isPartOf\":{\"@id\":\"https:\/\/dev.antudigital.cl\/sites\/vc\/#website\"},\"primaryImageOfPage\":{\"@id\":\"https:\/\/dev.antudigital.cl\/sites\/vc\/insomnia-inicia-las-vacaciones-de-invierno-con-especial-para-infancias-y-estreno-de-mi-pais-perdido\/#primaryimage\"},\"image\":{\"@id\":\"https:\/\/dev.antudigital.cl\/sites\/vc\/insomnia-inicia-las-vacaciones-de-invierno-con-especial-para-infancias-y-estreno-de-mi-pais-perdido\/#primaryimage\"},\"thumbnailUrl\":\"https:\/\/dev.antudigital.cl\/sites\/vc\/wp-content\/uploads\/2024\/06\/Intensa-Mente-2.png\",\"datePublished\":\"2024-06-26T00:53:51+00:00\",\"dateModified\":\"2024-06-26T00:54:10+00:00\",\"author\":{\"@id\":\"https:\/\/dev.antudigital.cl\/sites\/vc\/#\/schema\/person\/c2b9da8dd545e27166fc5ab232837318\"},\"breadcrumb\":{\"@id\":\"https:\/\/dev.antudigital.cl\/sites\/vc\/insomnia-inicia-las-vacaciones-de-invierno-con-especial-para-infancias-y-estreno-de-mi-pais-perdido\/#breadcrumb\"},\"inLanguage\":\"es\",\"potentialAction\":[{\"@type\":\"ReadAction\",\"target\":[\"https:\/\/dev.antudigital.cl\/sites\/vc\/insomnia-inicia-las-vacaciones-de-invierno-con-especial-para-infancias-y-estreno-de-mi-pais-perdido\/\"]}]},{\"@type\":\"ImageObject\",\"inLanguage\":\"es\",\"@id\":\"https:\/\/dev.antudigital.cl\/sites\/vc\/insomnia-inicia-las-vacaciones-de-invierno-con-especial-para-infancias-y-estreno-de-mi-pais-perdido\/#primaryimage\",\"url\":\"https:\/\/dev.antudigital.cl\/sites\/vc\/wp-content\/uploads\/2024\/06\/Intensa-Mente-2.png\",\"contentUrl\":\"https:\/\/dev.antudigital.cl\/sites\/vc\/wp-content\/uploads\/2024\/06\/Intensa-Mente-2.png\",\"width\":1250,\"height\":781},{\"@type\":\"BreadcrumbList\",\"@id\":\"https:\/\/dev.antudigital.cl\/sites\/vc\/insomnia-inicia-las-vacaciones-de-invierno-con-especial-para-infancias-y-estreno-de-mi-pais-perdido\/#breadcrumb\",\"itemListElement\":[{\"@type\":\"ListItem\",\"position\":1,\"name\":\"Home\",\"item\":\"https:\/\/dev.antudigital.cl\/sites\/vc\/\"},{\"@type\":\"ListItem\",\"position\":2,\"name\":\"INSOMNIA inicia las vacaciones de invierno con especial para infancias y estreno de Mi pa\u00eds perdido\"}]},{\"@type\":\"WebSite\",\"@id\":\"https:\/\/dev.antudigital.cl\/sites\/vc\/#website\",\"url\":\"https:\/\/dev.antudigital.cl\/sites\/vc\/\",\"name\":\"Valpara\u00ed\u00adso Creativo\",\"description\":\"\",\"potentialAction\":[{\"@type\":\"SearchAction\",\"target\":{\"@type\":\"EntryPoint\",\"urlTemplate\":\"https:\/\/dev.antudigital.cl\/sites\/vc\/?s={search_term_string}\"},\"query-input\":{\"@type\":\"PropertyValueSpecification\",\"valueRequired\":true,\"valueName\":\"search_term_string\"}}],\"inLanguage\":\"es\"},{\"@type\":\"Person\",\"@id\":\"https:\/\/dev.antudigital.cl\/sites\/vc\/#\/schema\/person\/c2b9da8dd545e27166fc5ab232837318\",\"name\":\"Valpara\u00edso Creativo\",\"description\":\"Periodista de cultura en la Regi\u00f3n de Valpara\u00edso.\",\"url\":\"https:\/\/dev.antudigital.cl\/sites\/vc\/author\/valpoadmin\/\"}]}<\/script>\n<!-- \/ Yoast SEO plugin. -->","yoast_head_json":{"title":"INSOMNIA inicia las vacaciones de invierno con especial para infancias y estreno de Mi pa\u00eds perdido - Valpara\u00ed\u00adso Creativo","robots":{"index":"index","follow":"follow","max-snippet":"max-snippet:-1","max-image-preview":"max-image-preview:large","max-video-preview":"max-video-preview:-1"},"canonical":"https:\/\/dev.antudigital.cl\/sites\/vc\/insomnia-inicia-las-vacaciones-de-invierno-con-especial-para-infancias-y-estreno-de-mi-pais-perdido\/","og_locale":"es_ES","og_type":"article","og_title":"INSOMNIA inicia las vacaciones de invierno con especial para infancias y estreno de Mi pa\u00eds perdido - Valpara\u00ed\u00adso Creativo","og_description":"INSOMNIA Teatro Condell nuevamente tiene una programaci\u00f3n especial para acompa\u00f1ar las vacaciones de invierno y escapar del fr\u00edo en una sala de cine patrimonial. En esta oportunidad al estreno de Intensa Mente 2, se suman las aclamadas Mi amigo y la garza, de Hayao Miyasaki, y Mi amigo robot, de Pablo Berger. Adem\u00e1s, vuelve a [&hellip;]","og_url":"https:\/\/dev.antudigital.cl\/sites\/vc\/insomnia-inicia-las-vacaciones-de-invierno-con-especial-para-infancias-y-estreno-de-mi-pais-perdido\/","og_site_name":"Valpara\u00ed\u00adso Creativo","article_published_time":"2024-06-26T00:53:51+00:00","article_modified_time":"2024-06-26T00:54:10+00:00","og_image":[{"width":1250,"height":781,"url":"https:\/\/dev.antudigital.cl\/sites\/vc\/wp-content\/uploads\/2024\/06\/Intensa-Mente-2.png","type":"image\/png"}],"author":"Valpara\u00edso Creativo","twitter_card":"summary_large_image","twitter_misc":{"Escrito por":"Valpara\u00edso Creativo","Tiempo de lectura":"5 minutos"},"schema":{"@context":"https:\/\/schema.org","@graph":[{"@type":"Article","@id":"https:\/\/dev.antudigital.cl\/sites\/vc\/insomnia-inicia-las-vacaciones-de-invierno-con-especial-para-infancias-y-estreno-de-mi-pais-perdido\/#article","isPartOf":{"@id":"https:\/\/dev.antudigital.cl\/sites\/vc\/insomnia-inicia-las-vacaciones-de-invierno-con-especial-para-infancias-y-estreno-de-mi-pais-perdido\/"},"author":{"name":"Valpara\u00edso Creativo","@id":"https:\/\/dev.antudigital.cl\/sites\/vc\/#\/schema\/person\/c2b9da8dd545e27166fc5ab232837318"},"headline":"INSOMNIA inicia las vacaciones de invierno con especial para infancias y estreno de Mi pa\u00eds perdido","datePublished":"2024-06-26T00:53:51+00:00","dateModified":"2024-06-26T00:54:10+00:00","mainEntityOfPage":{"@id":"https:\/\/dev.antudigital.cl\/sites\/vc\/insomnia-inicia-las-vacaciones-de-invierno-con-especial-para-infancias-y-estreno-de-mi-pais-perdido\/"},"wordCount":991,"image":{"@id":"https:\/\/dev.antudigital.cl\/sites\/vc\/insomnia-inicia-las-vacaciones-de-invierno-con-especial-para-infancias-y-estreno-de-mi-pais-perdido\/#primaryimage"},"thumbnailUrl":"https:\/\/dev.antudigital.cl\/sites\/vc\/wp-content\/uploads\/2024\/06\/Intensa-Mente-2.png","articleSection":["Noticia"],"inLanguage":"es"},{"@type":"WebPage","@id":"https:\/\/dev.antudigital.cl\/sites\/vc\/insomnia-inicia-las-vacaciones-de-invierno-con-especial-para-infancias-y-estreno-de-mi-pais-perdido\/","url":"https:\/\/dev.antudigital.cl\/sites\/vc\/insomnia-inicia-las-vacaciones-de-invierno-con-especial-para-infancias-y-estreno-de-mi-pais-perdido\/","name":"INSOMNIA inicia las vacaciones de invierno con especial para infancias y estreno de Mi pa\u00eds perdido - Valpara\u00ed\u00adso Creativo","isPartOf":{"@id":"https:\/\/dev.antudigital.cl\/sites\/vc\/#website"},"primaryImageOfPage":{"@id":"https:\/\/dev.antudigital.cl\/sites\/vc\/insomnia-inicia-las-vacaciones-de-invierno-con-especial-para-infancias-y-estreno-de-mi-pais-perdido\/#primaryimage"},"image":{"@id":"https:\/\/dev.antudigital.cl\/sites\/vc\/insomnia-inicia-las-vacaciones-de-invierno-con-especial-para-infancias-y-estreno-de-mi-pais-perdido\/#primaryimage"},"thumbnailUrl":"https:\/\/dev.antudigital.cl\/sites\/vc\/wp-content\/uploads\/2024\/06\/Intensa-Mente-2.png","datePublished":"2024-06-26T00:53:51+00:00","dateModified":"2024-06-26T00:54:10+00:00","author":{"@id":"https:\/\/dev.antudigital.cl\/sites\/vc\/#\/schema\/person\/c2b9da8dd545e27166fc5ab232837318"},"breadcrumb":{"@id":"https:\/\/dev.antudigital.cl\/sites\/vc\/insomnia-inicia-las-vacaciones-de-invierno-con-especial-para-infancias-y-estreno-de-mi-pais-perdido\/#breadcrumb"},"inLanguage":"es","potentialAction":[{"@type":"ReadAction","target":["https:\/\/dev.antudigital.cl\/sites\/vc\/insomnia-inicia-las-vacaciones-de-invierno-con-especial-para-infancias-y-estreno-de-mi-pais-perdido\/"]}]},{"@type":"ImageObject","inLanguage":"es","@id":"https:\/\/dev.antudigital.cl\/sites\/vc\/insomnia-inicia-las-vacaciones-de-invierno-con-especial-para-infancias-y-estreno-de-mi-pais-perdido\/#primaryimage","url":"https:\/\/dev.antudigital.cl\/sites\/vc\/wp-content\/uploads\/2024\/06\/Intensa-Mente-2.png","contentUrl":"https:\/\/dev.antudigital.cl\/sites\/vc\/wp-content\/uploads\/2024\/06\/Intensa-Mente-2.png","width":1250,"height":781},{"@type":"BreadcrumbList","@id":"https:\/\/dev.antudigital.cl\/sites\/vc\/insomnia-inicia-las-vacaciones-de-invierno-con-especial-para-infancias-y-estreno-de-mi-pais-perdido\/#breadcrumb","itemListElement":[{"@type":"ListItem","position":1,"name":"Home","item":"https:\/\/dev.antudigital.cl\/sites\/vc\/"},{"@type":"ListItem","position":2,"name":"INSOMNIA inicia las vacaciones de invierno con especial para infancias y estreno de Mi pa\u00eds perdido"}]},{"@type":"WebSite","@id":"https:\/\/dev.antudigital.cl\/sites\/vc\/#website","url":"https:\/\/dev.antudigital.cl\/sites\/vc\/","name":"Valpara\u00ed\u00adso Creativo","description":"","potentialAction":[{"@type":"SearchAction","target":{"@type":"EntryPoint","urlTemplate":"https:\/\/dev.antudigital.cl\/sites\/vc\/?s={search_term_string}"},"query-input":{"@type":"PropertyValueSpecification","valueRequired":true,"valueName":"search_term_string"}}],"inLanguage":"es"},{"@type":"Person","@id":"https:\/\/dev.antudigital.cl\/sites\/vc\/#\/schema\/person\/c2b9da8dd545e27166fc5ab232837318","name":"Valpara\u00edso Creativo","description":"Periodista de cultura en la Regi\u00f3n de Valpara\u00edso.","url":"https:\/\/dev.antudigital.cl\/sites\/vc\/author\/valpoadmin\/"}]}},"_links":{"self":[{"href":"https:\/\/dev.antudigital.cl\/sites\/vc\/wp-json\/wp\/v2\/posts\/19542","targetHints":{"allow":["GET"]}}],"collection":[{"href":"https:\/\/dev.antudigital.cl\/sites\/vc\/wp-json\/wp\/v2\/posts"}],"about":[{"href":"https:\/\/dev.antudigital.cl\/sites\/vc\/wp-json\/wp\/v2\/types\/post"}],"author":[{"embeddable":true,"href":"https:\/\/dev.antudigital.cl\/sites\/vc\/wp-json\/wp\/v2\/users\/1"}],"replies":[{"embeddable":true,"href":"https:\/\/dev.antudigital.cl\/sites\/vc\/wp-json\/wp\/v2\/comments?post=19542"}],"version-history":[{"count":1,"href":"https:\/\/dev.antudigital.cl\/sites\/vc\/wp-json\/wp\/v2\/posts\/19542\/revisions"}],"predecessor-version":[{"id":19547,"href":"https:\/\/dev.antudigital.cl\/sites\/vc\/wp-json\/wp\/v2\/posts\/19542\/revisions\/19547"}],"wp:featuredmedia":[{"embeddable":true,"href":"https:\/\/dev.antudigital.cl\/sites\/vc\/wp-json\/wp\/v2\/media\/19544"}],"wp:attachment":[{"href":"https:\/\/dev.antudigital.cl\/sites\/vc\/wp-json\/wp\/v2\/media?parent=19542"}],"wp:term":[{"taxonomy":"category","embeddable":true,"href":"https:\/\/dev.antudigital.cl\/sites\/vc\/wp-json\/wp\/v2\/categories?post=19542"},{"taxonomy":"post_tag","embeddable":true,"href":"https:\/\/dev.antudigital.cl\/sites\/vc\/wp-json\/wp\/v2\/tags?post=19542"}],"curies":[{"name":"wp","href":"https:\/\/api.w.org\/{rel}","templated":true}]}}