{"id":19551,"date":"2024-06-27T15:40:02","date_gmt":"2024-06-27T15:40:02","guid":{"rendered":"https:\/\/www.valparaisocreativo.cl\/?p=19551"},"modified":"2024-06-27T15:40:27","modified_gmt":"2024-06-27T15:40:27","slug":"con-exito-se-realizo-capacitacion-para-implementar-distritos-creativos-en-olmue","status":"publish","type":"post","link":"https:\/\/dev.antudigital.cl\/sites\/vc\/con-exito-se-realizo-capacitacion-para-implementar-distritos-creativos-en-olmue\/","title":{"rendered":"Con \u00e9xito se realiz\u00f3 capacitaci\u00f3n para implementar Distritos Creativos en Olmu\u00e9"},"content":{"rendered":"\n<ul class=\"wp-block-list\">\n<li><em>El equipo de MetaDistritos dict\u00f3 junto a un grupo de capacitadores lo que fue la primera de 14 instancias que se impartir\u00e1n en el territorio.<\/em><\/li>\n\n\n\n<li><em>El llamado es a registrarse en la plataforma <\/em><a href=\"http:\/\/www.metaditritos.cl\"><em>www.metaditritos.cl<\/em><\/a><em> para el catastro regional de Industrias Creativas que permitir\u00e1 articular acciones colaborativas.<\/em><\/li>\n<\/ul>\n\n\n\n<p>En el Centro de Eventos El Copihue de Olmu\u00e9 se desarroll\u00f3 el \u201cTaller de co-creaci\u00f3n del potencial Distritos Creativo de Olmu\u00e9\u201d, del proyecto FIC-R y su plataforma <em>Metadistritos. <\/em>Este evento, organizado por el equipo de profesionales detr\u00e1s de Metadistritos, con los exponentes Pablo D\u00edaz, Katya Reyes, Eveling Contreras de EIVA y Daniela Cubillos de Valpara\u00edso Creativo, abord\u00f3 diversas tem\u00e1ticas y herramientas en funci\u00f3n de potenciar las Econom\u00edas Creativas en el territorio.&nbsp;<\/p>\n\n\n\n<p>El taller se enmarca en el proyecto FIC-R \u00abMetodolog\u00eda para detectar potenciales distritos creativos para incrementar el desarrollo de las Econom\u00edas Creativas\u00bb, financiado por el Gobierno Regional de Valpara\u00edso y liderado por la Universidad Vi\u00f1a del Mar, con la colaboraci\u00f3n del Programa Estrat\u00e9gico Regional Valpara\u00edso Creativo de Corfo.\u00a0<\/p>\n\n\n\n<figure class=\"wp-block-image size-large\"><img fetchpriority=\"high\" decoding=\"async\" width=\"1024\" height=\"768\" src=\"https:\/\/www.valparaisocreativo.cl\/wp-content\/uploads\/2024\/06\/IMG_7339-1024x768.jpg\" alt=\"\" class=\"wp-image-19552\" srcset=\"https:\/\/dev.antudigital.cl\/sites\/vc\/wp-content\/uploads\/2024\/06\/IMG_7339-1024x768.jpg 1024w, https:\/\/dev.antudigital.cl\/sites\/vc\/wp-content\/uploads\/2024\/06\/IMG_7339-300x225.jpg 300w, https:\/\/dev.antudigital.cl\/sites\/vc\/wp-content\/uploads\/2024\/06\/IMG_7339-768x576.jpg 768w, https:\/\/dev.antudigital.cl\/sites\/vc\/wp-content\/uploads\/2024\/06\/IMG_7339-1536x1152.jpg 1536w, https:\/\/dev.antudigital.cl\/sites\/vc\/wp-content\/uploads\/2024\/06\/IMG_7339-2048x1536.jpg 2048w, https:\/\/dev.antudigital.cl\/sites\/vc\/wp-content\/uploads\/2024\/06\/IMG_7339-510x382.jpg 510w, https:\/\/dev.antudigital.cl\/sites\/vc\/wp-content\/uploads\/2024\/06\/IMG_7339-1080x810.jpg 1080w, https:\/\/dev.antudigital.cl\/sites\/vc\/wp-content\/uploads\/2024\/06\/IMG_7339-1280x960.jpg 1280w, https:\/\/dev.antudigital.cl\/sites\/vc\/wp-content\/uploads\/2024\/06\/IMG_7339-980x735.jpg 980w, https:\/\/dev.antudigital.cl\/sites\/vc\/wp-content\/uploads\/2024\/06\/IMG_7339-480x360.jpg 480w, https:\/\/dev.antudigital.cl\/sites\/vc\/wp-content\/uploads\/2024\/06\/IMG_7339-24x18.jpg 24w, https:\/\/dev.antudigital.cl\/sites\/vc\/wp-content\/uploads\/2024\/06\/IMG_7339-36x27.jpg 36w, https:\/\/dev.antudigital.cl\/sites\/vc\/wp-content\/uploads\/2024\/06\/IMG_7339-48x36.jpg 48w\" sizes=\"(max-width: 1024px) 100vw, 1024px\" \/><\/figure>\n\n\n\n<p>La instancia est\u00e1 dirigida a representantes de instituciones y entidades p\u00fablicas vinculadas a la cultura, desarrollo comunal, productivo y turismo de la comuna, as\u00ed como a representantes de organizaciones, gremios y empresas de los sectores creativos y culturales de la regi\u00f3n. Vale destacar que esta es la primera de 14 capacitaciones que se desarrollar\u00e1n a trav\u00e9s de la Regi\u00f3n.<\/p>\n\n\n\n<p>El objetivo principal del taller es profundizar en conceptos clave como Econom\u00eda Creativa, desarrollo territorial e instalar a los \u201cDistritos Culturales y Creativos\u201d, investigados e identificados a trav\u00e9s de una metodolog\u00eda espec\u00edfica en la Regi\u00f3n. Tambi\u00e9n propiciar el di\u00e1logo para identificar actores clave para articular un Distrito y escuchar las experiencias de creativos y creativas del territorio.<\/p>\n\n\n\n<figure class=\"wp-block-image size-large\"><img decoding=\"async\" width=\"1024\" height=\"768\" src=\"https:\/\/www.valparaisocreativo.cl\/wp-content\/uploads\/2024\/06\/IMG_7355-1024x768.jpg\" alt=\"\" class=\"wp-image-19554\" srcset=\"https:\/\/dev.antudigital.cl\/sites\/vc\/wp-content\/uploads\/2024\/06\/IMG_7355-1024x768.jpg 1024w, https:\/\/dev.antudigital.cl\/sites\/vc\/wp-content\/uploads\/2024\/06\/IMG_7355-300x225.jpg 300w, https:\/\/dev.antudigital.cl\/sites\/vc\/wp-content\/uploads\/2024\/06\/IMG_7355-768x576.jpg 768w, https:\/\/dev.antudigital.cl\/sites\/vc\/wp-content\/uploads\/2024\/06\/IMG_7355-1536x1152.jpg 1536w, https:\/\/dev.antudigital.cl\/sites\/vc\/wp-content\/uploads\/2024\/06\/IMG_7355-2048x1536.jpg 2048w, https:\/\/dev.antudigital.cl\/sites\/vc\/wp-content\/uploads\/2024\/06\/IMG_7355-510x382.jpg 510w, https:\/\/dev.antudigital.cl\/sites\/vc\/wp-content\/uploads\/2024\/06\/IMG_7355-1080x810.jpg 1080w, https:\/\/dev.antudigital.cl\/sites\/vc\/wp-content\/uploads\/2024\/06\/IMG_7355-1280x960.jpg 1280w, https:\/\/dev.antudigital.cl\/sites\/vc\/wp-content\/uploads\/2024\/06\/IMG_7355-980x735.jpg 980w, https:\/\/dev.antudigital.cl\/sites\/vc\/wp-content\/uploads\/2024\/06\/IMG_7355-480x360.jpg 480w, https:\/\/dev.antudigital.cl\/sites\/vc\/wp-content\/uploads\/2024\/06\/IMG_7355-24x18.jpg 24w, https:\/\/dev.antudigital.cl\/sites\/vc\/wp-content\/uploads\/2024\/06\/IMG_7355-36x27.jpg 36w, https:\/\/dev.antudigital.cl\/sites\/vc\/wp-content\/uploads\/2024\/06\/IMG_7355-48x36.jpg 48w\" sizes=\"(max-width: 1024px) 100vw, 1024px\" \/><\/figure>\n\n\n\n<p>Uno de los participantes fue Rodrigo C\u00e1rcamo, Encargado de Desarrollo local y de la OMIL de Olmu\u00e9, quien destac\u00f3 que \u201cEn la medida de que el turismo se desarrolle, se generar\u00e1 un impacto en el territorio. Es una creatividad que est\u00e1 dispersa, pero existe y falta coordinaci\u00f3n y ponerla en valor. A\u00fan est\u00e1 en un inicio y hay que potenciarlo\u201d.<\/p>\n\n\n\n<p>Durante la jornada, se present\u00f3 la metodolog\u00eda y los hallazgos del proyecto FIC-R respecto al potencial distrito creativo en Olmu\u00e9, con el fin de validar y complementar el diagn\u00f3stico existente con los creativos y creativas asistentes, entre quienes se encontraron organizaciones culturales, emprendimientos creativos y autoridades vinculadas al quehacer del Municipio.<\/p>\n\n\n\n<p>Diego Uma\u00f1a del tour operador Palgur, tambi\u00e9n agreg\u00f3 como parte del diagn\u00f3stico que&nbsp; \u201cTenemos que rescatar nuestro patrimonio, es parte de nuestra identidad, es lo que nos representa. En ese sentido, nosotros pensamos en relevar la Reserva Nacional de la Biosfera que tenemos y por la que hoy no tiene mucho resguardo. Hay mucho potencial\u201d.<\/p>\n\n\n\n<p>Fueron 20 participantes de diversas \u00e1reas del sector creativo que llegaron hasta El Copihue para aprender y trabajar en conjunto para ver el potencial que se encuentra en la comuna, donde se reconoce la identidad como aglutinador del territorio.<\/p>\n\n\n\n<figure class=\"wp-block-image size-large\"><img decoding=\"async\" width=\"1024\" height=\"768\" src=\"https:\/\/www.valparaisocreativo.cl\/wp-content\/uploads\/2024\/06\/IMG_7373-1024x768.jpg\" alt=\"\" class=\"wp-image-19556\" srcset=\"https:\/\/dev.antudigital.cl\/sites\/vc\/wp-content\/uploads\/2024\/06\/IMG_7373-1024x768.jpg 1024w, https:\/\/dev.antudigital.cl\/sites\/vc\/wp-content\/uploads\/2024\/06\/IMG_7373-300x225.jpg 300w, https:\/\/dev.antudigital.cl\/sites\/vc\/wp-content\/uploads\/2024\/06\/IMG_7373-768x576.jpg 768w, https:\/\/dev.antudigital.cl\/sites\/vc\/wp-content\/uploads\/2024\/06\/IMG_7373-1536x1152.jpg 1536w, https:\/\/dev.antudigital.cl\/sites\/vc\/wp-content\/uploads\/2024\/06\/IMG_7373-2048x1536.jpg 2048w, https:\/\/dev.antudigital.cl\/sites\/vc\/wp-content\/uploads\/2024\/06\/IMG_7373-510x382.jpg 510w, https:\/\/dev.antudigital.cl\/sites\/vc\/wp-content\/uploads\/2024\/06\/IMG_7373-1080x810.jpg 1080w, https:\/\/dev.antudigital.cl\/sites\/vc\/wp-content\/uploads\/2024\/06\/IMG_7373-1280x960.jpg 1280w, https:\/\/dev.antudigital.cl\/sites\/vc\/wp-content\/uploads\/2024\/06\/IMG_7373-980x735.jpg 980w, https:\/\/dev.antudigital.cl\/sites\/vc\/wp-content\/uploads\/2024\/06\/IMG_7373-480x360.jpg 480w, https:\/\/dev.antudigital.cl\/sites\/vc\/wp-content\/uploads\/2024\/06\/IMG_7373-24x18.jpg 24w, https:\/\/dev.antudigital.cl\/sites\/vc\/wp-content\/uploads\/2024\/06\/IMG_7373-36x27.jpg 36w, https:\/\/dev.antudigital.cl\/sites\/vc\/wp-content\/uploads\/2024\/06\/IMG_7373-48x36.jpg 48w\" sizes=\"(max-width: 1024px) 100vw, 1024px\" \/><\/figure>\n\n\n\n<p>Finalmente, Mar\u00eda Teresa Fern\u00e1ndez, Directora de Metadistritos y Jefa de la carrera de Dise\u00f1o de la Universidad Vi\u00f1a del Mar, concluy\u00f3 que \u201cRescatamos que hay un foco inevitable de las Econom\u00edas Creativas con tendencia al turismo en potencial y acciones que hay que organizar. Hoy la invitaci\u00f3n es a preguntarse: \u00bfhacia d\u00f3nde podemos mirar? Dialogar, conocernos y ampliarnos. Desarrollarnos como territorio\u201d.<\/p>\n\n\n\n<p>Despu\u00e9s de esta fecha, se abrir\u00e1n las pr\u00f3ximas convocatorias en el territorio, siguiendo por el 10 de julio en La Ligua, uno de los potenciales Distritos Creativos seg\u00fan los datos estudiados y cuyo lanzamiento como Distrito se gener\u00f3 en abril pasado.<\/p>\n","protected":false},"excerpt":{"rendered":"<p>En el Centro de Eventos El Copihue de Olmu\u00e9 se desarroll\u00f3 el \u201cTaller de co-creaci\u00f3n del potencial Distritos Creativo de Olmu\u00e9\u201d, del proyecto FIC-R y su plataforma Metadistritos. Este evento, organizado por el equipo de profesionales detr\u00e1s de Metadistritos, con los exponentes Pablo D\u00edaz, Katya Reyes, Eveling Contreras de EIVA y Daniela Cubillos de Valpara\u00edso [&hellip;]<\/p>\n","protected":false},"author":1,"featured_media":19557,"comment_status":"closed","ping_status":"closed","sticky":false,"template":"","format":"standard","meta":{"_acf_changed":false,"footnotes":""},"categories":[8],"tags":[],"class_list":["post-19551","post","type-post","status-publish","format-standard","has-post-thumbnail","hentry","category-noticia"],"acf":[],"yoast_head":"<!-- This site is optimized with the Yoast SEO plugin v27.1.1 - https:\/\/yoast.com\/product\/yoast-seo-wordpress\/ -->\n<title>Con \u00e9xito se realiz\u00f3 capacitaci\u00f3n para implementar Distritos Creativos en Olmu\u00e9 - Valpara\u00ed\u00adso Creativo<\/title>\n<meta name=\"robots\" content=\"index, follow, max-snippet:-1, max-image-preview:large, max-video-preview:-1\" \/>\n<link rel=\"canonical\" href=\"https:\/\/dev.antudigital.cl\/sites\/vc\/con-exito-se-realizo-capacitacion-para-implementar-distritos-creativos-en-olmue\/\" \/>\n<meta property=\"og:locale\" content=\"es_ES\" \/>\n<meta property=\"og:type\" content=\"article\" \/>\n<meta property=\"og:title\" content=\"Con \u00e9xito se realiz\u00f3 capacitaci\u00f3n para implementar Distritos Creativos en Olmu\u00e9 - Valpara\u00ed\u00adso Creativo\" \/>\n<meta property=\"og:description\" content=\"En el Centro de Eventos El Copihue de Olmu\u00e9 se desarroll\u00f3 el \u201cTaller de co-creaci\u00f3n del potencial Distritos Creativo de Olmu\u00e9\u201d, del proyecto FIC-R y su plataforma Metadistritos. Este evento, organizado por el equipo de profesionales detr\u00e1s de Metadistritos, con los exponentes Pablo D\u00edaz, Katya Reyes, Eveling Contreras de EIVA y Daniela Cubillos de Valpara\u00edso [&hellip;]\" \/>\n<meta property=\"og:url\" content=\"https:\/\/dev.antudigital.cl\/sites\/vc\/con-exito-se-realizo-capacitacion-para-implementar-distritos-creativos-en-olmue\/\" \/>\n<meta property=\"og:site_name\" content=\"Valpara\u00ed\u00adso Creativo\" \/>\n<meta property=\"article:published_time\" content=\"2024-06-27T15:40:02+00:00\" \/>\n<meta property=\"article:modified_time\" content=\"2024-06-27T15:40:27+00:00\" \/>\n<meta property=\"og:image\" content=\"https:\/\/dev.antudigital.cl\/sites\/vc\/wp-content\/uploads\/2024\/06\/IMG_7391-scaled.jpg\" \/>\n\t<meta property=\"og:image:width\" content=\"2560\" \/>\n\t<meta property=\"og:image:height\" content=\"1920\" \/>\n\t<meta property=\"og:image:type\" content=\"image\/jpeg\" \/>\n<meta name=\"author\" content=\"Valpara\u00edso Creativo\" \/>\n<meta name=\"twitter:card\" content=\"summary_large_image\" \/>\n<meta name=\"twitter:label1\" content=\"Escrito por\" \/>\n\t<meta name=\"twitter:data1\" content=\"Valpara\u00edso Creativo\" \/>\n\t<meta name=\"twitter:label2\" content=\"Tiempo de lectura\" \/>\n\t<meta name=\"twitter:data2\" content=\"4 minutos\" \/>\n<script type=\"application\/ld+json\" class=\"yoast-schema-graph\">{\"@context\":\"https:\/\/schema.org\",\"@graph\":[{\"@type\":\"Article\",\"@id\":\"https:\/\/dev.antudigital.cl\/sites\/vc\/con-exito-se-realizo-capacitacion-para-implementar-distritos-creativos-en-olmue\/#article\",\"isPartOf\":{\"@id\":\"https:\/\/dev.antudigital.cl\/sites\/vc\/con-exito-se-realizo-capacitacion-para-implementar-distritos-creativos-en-olmue\/\"},\"author\":{\"name\":\"Valpara\u00edso Creativo\",\"@id\":\"https:\/\/dev.antudigital.cl\/sites\/vc\/#\/schema\/person\/c2b9da8dd545e27166fc5ab232837318\"},\"headline\":\"Con \u00e9xito se realiz\u00f3 capacitaci\u00f3n para implementar Distritos Creativos en Olmu\u00e9\",\"datePublished\":\"2024-06-27T15:40:02+00:00\",\"dateModified\":\"2024-06-27T15:40:27+00:00\",\"mainEntityOfPage\":{\"@id\":\"https:\/\/dev.antudigital.cl\/sites\/vc\/con-exito-se-realizo-capacitacion-para-implementar-distritos-creativos-en-olmue\/\"},\"wordCount\":646,\"image\":{\"@id\":\"https:\/\/dev.antudigital.cl\/sites\/vc\/con-exito-se-realizo-capacitacion-para-implementar-distritos-creativos-en-olmue\/#primaryimage\"},\"thumbnailUrl\":\"https:\/\/dev.antudigital.cl\/sites\/vc\/wp-content\/uploads\/2024\/06\/IMG_7391-scaled.jpg\",\"articleSection\":[\"Noticia\"],\"inLanguage\":\"es\"},{\"@type\":\"WebPage\",\"@id\":\"https:\/\/dev.antudigital.cl\/sites\/vc\/con-exito-se-realizo-capacitacion-para-implementar-distritos-creativos-en-olmue\/\",\"url\":\"https:\/\/dev.antudigital.cl\/sites\/vc\/con-exito-se-realizo-capacitacion-para-implementar-distritos-creativos-en-olmue\/\",\"name\":\"Con \u00e9xito se realiz\u00f3 capacitaci\u00f3n para implementar Distritos Creativos en Olmu\u00e9 - Valpara\u00ed\u00adso Creativo\",\"isPartOf\":{\"@id\":\"https:\/\/dev.antudigital.cl\/sites\/vc\/#website\"},\"primaryImageOfPage\":{\"@id\":\"https:\/\/dev.antudigital.cl\/sites\/vc\/con-exito-se-realizo-capacitacion-para-implementar-distritos-creativos-en-olmue\/#primaryimage\"},\"image\":{\"@id\":\"https:\/\/dev.antudigital.cl\/sites\/vc\/con-exito-se-realizo-capacitacion-para-implementar-distritos-creativos-en-olmue\/#primaryimage\"},\"thumbnailUrl\":\"https:\/\/dev.antudigital.cl\/sites\/vc\/wp-content\/uploads\/2024\/06\/IMG_7391-scaled.jpg\",\"datePublished\":\"2024-06-27T15:40:02+00:00\",\"dateModified\":\"2024-06-27T15:40:27+00:00\",\"author\":{\"@id\":\"https:\/\/dev.antudigital.cl\/sites\/vc\/#\/schema\/person\/c2b9da8dd545e27166fc5ab232837318\"},\"breadcrumb\":{\"@id\":\"https:\/\/dev.antudigital.cl\/sites\/vc\/con-exito-se-realizo-capacitacion-para-implementar-distritos-creativos-en-olmue\/#breadcrumb\"},\"inLanguage\":\"es\",\"potentialAction\":[{\"@type\":\"ReadAction\",\"target\":[\"https:\/\/dev.antudigital.cl\/sites\/vc\/con-exito-se-realizo-capacitacion-para-implementar-distritos-creativos-en-olmue\/\"]}]},{\"@type\":\"ImageObject\",\"inLanguage\":\"es\",\"@id\":\"https:\/\/dev.antudigital.cl\/sites\/vc\/con-exito-se-realizo-capacitacion-para-implementar-distritos-creativos-en-olmue\/#primaryimage\",\"url\":\"https:\/\/dev.antudigital.cl\/sites\/vc\/wp-content\/uploads\/2024\/06\/IMG_7391-scaled.jpg\",\"contentUrl\":\"https:\/\/dev.antudigital.cl\/sites\/vc\/wp-content\/uploads\/2024\/06\/IMG_7391-scaled.jpg\",\"width\":2560,\"height\":1920},{\"@type\":\"BreadcrumbList\",\"@id\":\"https:\/\/dev.antudigital.cl\/sites\/vc\/con-exito-se-realizo-capacitacion-para-implementar-distritos-creativos-en-olmue\/#breadcrumb\",\"itemListElement\":[{\"@type\":\"ListItem\",\"position\":1,\"name\":\"Home\",\"item\":\"https:\/\/dev.antudigital.cl\/sites\/vc\/\"},{\"@type\":\"ListItem\",\"position\":2,\"name\":\"Con \u00e9xito se realiz\u00f3 capacitaci\u00f3n para implementar Distritos Creativos en Olmu\u00e9\"}]},{\"@type\":\"WebSite\",\"@id\":\"https:\/\/dev.antudigital.cl\/sites\/vc\/#website\",\"url\":\"https:\/\/dev.antudigital.cl\/sites\/vc\/\",\"name\":\"Valpara\u00ed\u00adso Creativo\",\"description\":\"\",\"potentialAction\":[{\"@type\":\"SearchAction\",\"target\":{\"@type\":\"EntryPoint\",\"urlTemplate\":\"https:\/\/dev.antudigital.cl\/sites\/vc\/?s={search_term_string}\"},\"query-input\":{\"@type\":\"PropertyValueSpecification\",\"valueRequired\":true,\"valueName\":\"search_term_string\"}}],\"inLanguage\":\"es\"},{\"@type\":\"Person\",\"@id\":\"https:\/\/dev.antudigital.cl\/sites\/vc\/#\/schema\/person\/c2b9da8dd545e27166fc5ab232837318\",\"name\":\"Valpara\u00edso Creativo\",\"description\":\"Periodista de cultura en la Regi\u00f3n de Valpara\u00edso.\",\"url\":\"https:\/\/dev.antudigital.cl\/sites\/vc\/author\/valpoadmin\/\"}]}<\/script>\n<!-- \/ Yoast SEO plugin. -->","yoast_head_json":{"title":"Con \u00e9xito se realiz\u00f3 capacitaci\u00f3n para implementar Distritos Creativos en Olmu\u00e9 - Valpara\u00ed\u00adso Creativo","robots":{"index":"index","follow":"follow","max-snippet":"max-snippet:-1","max-image-preview":"max-image-preview:large","max-video-preview":"max-video-preview:-1"},"canonical":"https:\/\/dev.antudigital.cl\/sites\/vc\/con-exito-se-realizo-capacitacion-para-implementar-distritos-creativos-en-olmue\/","og_locale":"es_ES","og_type":"article","og_title":"Con \u00e9xito se realiz\u00f3 capacitaci\u00f3n para implementar Distritos Creativos en Olmu\u00e9 - Valpara\u00ed\u00adso Creativo","og_description":"En el Centro de Eventos El Copihue de Olmu\u00e9 se desarroll\u00f3 el \u201cTaller de co-creaci\u00f3n del potencial Distritos Creativo de Olmu\u00e9\u201d, del proyecto FIC-R y su plataforma Metadistritos. Este evento, organizado por el equipo de profesionales detr\u00e1s de Metadistritos, con los exponentes Pablo D\u00edaz, Katya Reyes, Eveling Contreras de EIVA y Daniela Cubillos de Valpara\u00edso [&hellip;]","og_url":"https:\/\/dev.antudigital.cl\/sites\/vc\/con-exito-se-realizo-capacitacion-para-implementar-distritos-creativos-en-olmue\/","og_site_name":"Valpara\u00ed\u00adso Creativo","article_published_time":"2024-06-27T15:40:02+00:00","article_modified_time":"2024-06-27T15:40:27+00:00","og_image":[{"width":2560,"height":1920,"url":"https:\/\/dev.antudigital.cl\/sites\/vc\/wp-content\/uploads\/2024\/06\/IMG_7391-scaled.jpg","type":"image\/jpeg"}],"author":"Valpara\u00edso Creativo","twitter_card":"summary_large_image","twitter_misc":{"Escrito por":"Valpara\u00edso Creativo","Tiempo de lectura":"4 minutos"},"schema":{"@context":"https:\/\/schema.org","@graph":[{"@type":"Article","@id":"https:\/\/dev.antudigital.cl\/sites\/vc\/con-exito-se-realizo-capacitacion-para-implementar-distritos-creativos-en-olmue\/#article","isPartOf":{"@id":"https:\/\/dev.antudigital.cl\/sites\/vc\/con-exito-se-realizo-capacitacion-para-implementar-distritos-creativos-en-olmue\/"},"author":{"name":"Valpara\u00edso Creativo","@id":"https:\/\/dev.antudigital.cl\/sites\/vc\/#\/schema\/person\/c2b9da8dd545e27166fc5ab232837318"},"headline":"Con \u00e9xito se realiz\u00f3 capacitaci\u00f3n para implementar Distritos Creativos en Olmu\u00e9","datePublished":"2024-06-27T15:40:02+00:00","dateModified":"2024-06-27T15:40:27+00:00","mainEntityOfPage":{"@id":"https:\/\/dev.antudigital.cl\/sites\/vc\/con-exito-se-realizo-capacitacion-para-implementar-distritos-creativos-en-olmue\/"},"wordCount":646,"image":{"@id":"https:\/\/dev.antudigital.cl\/sites\/vc\/con-exito-se-realizo-capacitacion-para-implementar-distritos-creativos-en-olmue\/#primaryimage"},"thumbnailUrl":"https:\/\/dev.antudigital.cl\/sites\/vc\/wp-content\/uploads\/2024\/06\/IMG_7391-scaled.jpg","articleSection":["Noticia"],"inLanguage":"es"},{"@type":"WebPage","@id":"https:\/\/dev.antudigital.cl\/sites\/vc\/con-exito-se-realizo-capacitacion-para-implementar-distritos-creativos-en-olmue\/","url":"https:\/\/dev.antudigital.cl\/sites\/vc\/con-exito-se-realizo-capacitacion-para-implementar-distritos-creativos-en-olmue\/","name":"Con \u00e9xito se realiz\u00f3 capacitaci\u00f3n para implementar Distritos Creativos en Olmu\u00e9 - Valpara\u00ed\u00adso Creativo","isPartOf":{"@id":"https:\/\/dev.antudigital.cl\/sites\/vc\/#website"},"primaryImageOfPage":{"@id":"https:\/\/dev.antudigital.cl\/sites\/vc\/con-exito-se-realizo-capacitacion-para-implementar-distritos-creativos-en-olmue\/#primaryimage"},"image":{"@id":"https:\/\/dev.antudigital.cl\/sites\/vc\/con-exito-se-realizo-capacitacion-para-implementar-distritos-creativos-en-olmue\/#primaryimage"},"thumbnailUrl":"https:\/\/dev.antudigital.cl\/sites\/vc\/wp-content\/uploads\/2024\/06\/IMG_7391-scaled.jpg","datePublished":"2024-06-27T15:40:02+00:00","dateModified":"2024-06-27T15:40:27+00:00","author":{"@id":"https:\/\/dev.antudigital.cl\/sites\/vc\/#\/schema\/person\/c2b9da8dd545e27166fc5ab232837318"},"breadcrumb":{"@id":"https:\/\/dev.antudigital.cl\/sites\/vc\/con-exito-se-realizo-capacitacion-para-implementar-distritos-creativos-en-olmue\/#breadcrumb"},"inLanguage":"es","potentialAction":[{"@type":"ReadAction","target":["https:\/\/dev.antudigital.cl\/sites\/vc\/con-exito-se-realizo-capacitacion-para-implementar-distritos-creativos-en-olmue\/"]}]},{"@type":"ImageObject","inLanguage":"es","@id":"https:\/\/dev.antudigital.cl\/sites\/vc\/con-exito-se-realizo-capacitacion-para-implementar-distritos-creativos-en-olmue\/#primaryimage","url":"https:\/\/dev.antudigital.cl\/sites\/vc\/wp-content\/uploads\/2024\/06\/IMG_7391-scaled.jpg","contentUrl":"https:\/\/dev.antudigital.cl\/sites\/vc\/wp-content\/uploads\/2024\/06\/IMG_7391-scaled.jpg","width":2560,"height":1920},{"@type":"BreadcrumbList","@id":"https:\/\/dev.antudigital.cl\/sites\/vc\/con-exito-se-realizo-capacitacion-para-implementar-distritos-creativos-en-olmue\/#breadcrumb","itemListElement":[{"@type":"ListItem","position":1,"name":"Home","item":"https:\/\/dev.antudigital.cl\/sites\/vc\/"},{"@type":"ListItem","position":2,"name":"Con \u00e9xito se realiz\u00f3 capacitaci\u00f3n para implementar Distritos Creativos en Olmu\u00e9"}]},{"@type":"WebSite","@id":"https:\/\/dev.antudigital.cl\/sites\/vc\/#website","url":"https:\/\/dev.antudigital.cl\/sites\/vc\/","name":"Valpara\u00ed\u00adso Creativo","description":"","potentialAction":[{"@type":"SearchAction","target":{"@type":"EntryPoint","urlTemplate":"https:\/\/dev.antudigital.cl\/sites\/vc\/?s={search_term_string}"},"query-input":{"@type":"PropertyValueSpecification","valueRequired":true,"valueName":"search_term_string"}}],"inLanguage":"es"},{"@type":"Person","@id":"https:\/\/dev.antudigital.cl\/sites\/vc\/#\/schema\/person\/c2b9da8dd545e27166fc5ab232837318","name":"Valpara\u00edso Creativo","description":"Periodista de cultura en la Regi\u00f3n de Valpara\u00edso.","url":"https:\/\/dev.antudigital.cl\/sites\/vc\/author\/valpoadmin\/"}]}},"_links":{"self":[{"href":"https:\/\/dev.antudigital.cl\/sites\/vc\/wp-json\/wp\/v2\/posts\/19551","targetHints":{"allow":["GET"]}}],"collection":[{"href":"https:\/\/dev.antudigital.cl\/sites\/vc\/wp-json\/wp\/v2\/posts"}],"about":[{"href":"https:\/\/dev.antudigital.cl\/sites\/vc\/wp-json\/wp\/v2\/types\/post"}],"author":[{"embeddable":true,"href":"https:\/\/dev.antudigital.cl\/sites\/vc\/wp-json\/wp\/v2\/users\/1"}],"replies":[{"embeddable":true,"href":"https:\/\/dev.antudigital.cl\/sites\/vc\/wp-json\/wp\/v2\/comments?post=19551"}],"version-history":[{"count":1,"href":"https:\/\/dev.antudigital.cl\/sites\/vc\/wp-json\/wp\/v2\/posts\/19551\/revisions"}],"predecessor-version":[{"id":19558,"href":"https:\/\/dev.antudigital.cl\/sites\/vc\/wp-json\/wp\/v2\/posts\/19551\/revisions\/19558"}],"wp:featuredmedia":[{"embeddable":true,"href":"https:\/\/dev.antudigital.cl\/sites\/vc\/wp-json\/wp\/v2\/media\/19557"}],"wp:attachment":[{"href":"https:\/\/dev.antudigital.cl\/sites\/vc\/wp-json\/wp\/v2\/media?parent=19551"}],"wp:term":[{"taxonomy":"category","embeddable":true,"href":"https:\/\/dev.antudigital.cl\/sites\/vc\/wp-json\/wp\/v2\/categories?post=19551"},{"taxonomy":"post_tag","embeddable":true,"href":"https:\/\/dev.antudigital.cl\/sites\/vc\/wp-json\/wp\/v2\/tags?post=19551"}],"curies":[{"name":"wp","href":"https:\/\/api.w.org\/{rel}","templated":true}]}}