{"id":19559,"date":"2024-06-27T19:29:09","date_gmt":"2024-06-27T19:29:09","guid":{"rendered":"https:\/\/www.valparaisocreativo.cl\/?p=19559"},"modified":"2024-06-27T19:29:29","modified_gmt":"2024-06-27T19:29:29","slug":"temporada-de-teatro-familiar-vacaciones-de-invierno-en-el-centro-cultural-ipa","status":"publish","type":"post","link":"https:\/\/dev.antudigital.cl\/sites\/vc\/temporada-de-teatro-familiar-vacaciones-de-invierno-en-el-centro-cultural-ipa\/","title":{"rendered":"Temporada de Teatro Familiar: Vacaciones de Invierno en el Centro Cultural IPA"},"content":{"rendered":"\n<p><strong>Desde el 1 al 4 de julio, a las 18:00 horas, se presentan cuatro obras para toda la familia en la Sala de Teatro IPA, ubicada en Condell 1349, Valpara\u00edso<\/strong>. La Compa\u00f1\u00eda de Teatro IluCi\u00f3n montar\u00e1 \u201cSue\u00f1o de una noche de verano\u201d el lunes 1, \u201cPinocho\u201d el martes 2, \u201cPeter Pan\u201d el mi\u00e9rcoles 3 y \u201cEl Principito. Una aventura teatral\u201d el jueves 4. Las reservas se deben realizar v\u00eda Passline, siendo $2500 el aporte sugerido.<\/p>\n\n\n\n<p>Estas funciones son parte del Proyecto \u00abCONTINUIDAD DE LA PROGRAMACI\u00d3N DE LA SALA DE TEATRO DEL CENTRO CULTURAL IPA: 95 a\u00f1os de arte y cultura local\u00bb, iniciativa que cuenta con el financiamiento del Ministerio de las Culturas, las Artes y el Patrimonio a trav\u00e9s de su Programa de Apoyo a Organizaciones Culturales Colaboradoras<\/p>\n\n\n\n<p><strong>Claudio Vidal, director del Centro Cultural IPA,<\/strong>\u00a0comenta: \u201cEste a\u00f1o se adelantaron las vacaciones de invierno y nos vimos en la necesidad de generar una programaci\u00f3n. El enfoque, sin duda, para el Centro Cultural IPA de Valpara\u00edso, es la familia. Hemos hecho un trabajo de p\u00fablicos importante, cultivando el gusto por el teatro desde las y los m\u00e1s peque\u00f1os de la casa. Creemos y apostamos por educar para formar los p\u00fablicos del futuro, vinculando a la cultura de manera entretenida, uno de los objetivos que se ha trazado desde el Centro Cultural\u201d.<\/p>\n\n\n\n<figure class=\"wp-block-image size-large\"><img fetchpriority=\"high\" decoding=\"async\" width=\"1024\" height=\"768\" src=\"https:\/\/www.valparaisocreativo.cl\/wp-content\/uploads\/2024\/06\/DSC05837-1024x768.jpg\" alt=\"\" class=\"wp-image-19563\" srcset=\"https:\/\/dev.antudigital.cl\/sites\/vc\/wp-content\/uploads\/2024\/06\/DSC05837-1024x768.jpg 1024w, https:\/\/dev.antudigital.cl\/sites\/vc\/wp-content\/uploads\/2024\/06\/DSC05837-300x225.jpg 300w, https:\/\/dev.antudigital.cl\/sites\/vc\/wp-content\/uploads\/2024\/06\/DSC05837-768x576.jpg 768w, https:\/\/dev.antudigital.cl\/sites\/vc\/wp-content\/uploads\/2024\/06\/DSC05837-510x382.jpg 510w, https:\/\/dev.antudigital.cl\/sites\/vc\/wp-content\/uploads\/2024\/06\/DSC05837-980x735.jpg 980w, https:\/\/dev.antudigital.cl\/sites\/vc\/wp-content\/uploads\/2024\/06\/DSC05837-480x360.jpg 480w, https:\/\/dev.antudigital.cl\/sites\/vc\/wp-content\/uploads\/2024\/06\/DSC05837-24x18.jpg 24w, https:\/\/dev.antudigital.cl\/sites\/vc\/wp-content\/uploads\/2024\/06\/DSC05837-36x27.jpg 36w, https:\/\/dev.antudigital.cl\/sites\/vc\/wp-content\/uploads\/2024\/06\/DSC05837-48x36.jpg 48w, https:\/\/dev.antudigital.cl\/sites\/vc\/wp-content\/uploads\/2024\/06\/DSC05837.jpg 1066w\" sizes=\"(max-width: 1024px) 100vw, 1024px\" \/><\/figure>\n\n\n\n<p><strong>Lian Gallano, int\u00e9rprete en \u201cSue\u00f1o de una noche de verano\u201d<\/strong>, se\u00f1ala: \u201cHa sido muy gratificante ser parte de esta obra, la mayor\u00eda de las funciones las tenemos en colegios y las ni\u00f1as y ni\u00f1os disfrutan mucho. Lo m\u00e1s desafiante es encontrar siempre algo nuevo en las funciones, me gusta sentir que cada funci\u00f3n se diferencia de las otras que ya hemos hecho\u201d.<\/p>\n\n\n\n<p><strong>Andr\u00e9s P\u00e9rez, int\u00e9rprete<\/strong>, comparte: \u201cTrabajar esta temporada teatral implica un crecimiento tanto a nivel personal como profesional en lo que estamos haciendo. Un punto es la diversidad de personajes, cada obra nos reta con personajes complejos, como la eterna juventud y aventura de Peter Pan, como tambi\u00e9n en El Principito la profundidad filos\u00f3fica que se aborda. Estos roles han exigido una comprensi\u00f3n de las diversas emociones y situaciones que expanden nuestra capacidad actoral y empat\u00eda. El trabajo en equipo se ha fortalecido y va creciendo cada vez m\u00e1s\u201d.<\/p>\n\n\n\n<p>El proyecto \u201cCONTINUIDAD DE LA PROGRAMACI\u00d3N DE LA SALA DE TEATRO DEL CENTRO CULTURAL IPA: 95 a\u00f1os de arte y cultura local\u201d forma parte del Programa de Apoyo a Organizaciones Culturales Colaboradoras del Ministerio de las Culturas, las Artes y el Patrimonio, que busca fortalecer y dar continuidad a instituciones y organizaciones culturales de derecho privado y sin fines de lucro. Este programa adem\u00e1s es parte del Sistema de Financiamiento a Organizaciones e Infraestructura Cultural del Ministerio de las Culturas, las Artes y el Patrimonio que integra, articula y coordina de forma transversal los planes, programas y fondos orientados al fomento y apoyo de las organizaciones, de la infraestructura cultural, y de la mediaci\u00f3n art\u00edstica. Todo esto con una vocaci\u00f3n descentralizada, mecanismos participativos, y la promoci\u00f3n de la creaci\u00f3n de redes y asociaciones.<\/p>\n\n\n\n<figure class=\"wp-block-image size-large\"><img decoding=\"async\" width=\"1024\" height=\"768\" src=\"https:\/\/www.valparaisocreativo.cl\/wp-content\/uploads\/2024\/06\/DSC01119-1024x768.jpg\" alt=\"\" class=\"wp-image-19560\" srcset=\"https:\/\/dev.antudigital.cl\/sites\/vc\/wp-content\/uploads\/2024\/06\/DSC01119-1024x768.jpg 1024w, https:\/\/dev.antudigital.cl\/sites\/vc\/wp-content\/uploads\/2024\/06\/DSC01119-300x225.jpg 300w, https:\/\/dev.antudigital.cl\/sites\/vc\/wp-content\/uploads\/2024\/06\/DSC01119-768x576.jpg 768w, https:\/\/dev.antudigital.cl\/sites\/vc\/wp-content\/uploads\/2024\/06\/DSC01119-510x382.jpg 510w, https:\/\/dev.antudigital.cl\/sites\/vc\/wp-content\/uploads\/2024\/06\/DSC01119-980x735.jpg 980w, https:\/\/dev.antudigital.cl\/sites\/vc\/wp-content\/uploads\/2024\/06\/DSC01119-480x360.jpg 480w, https:\/\/dev.antudigital.cl\/sites\/vc\/wp-content\/uploads\/2024\/06\/DSC01119-24x18.jpg 24w, https:\/\/dev.antudigital.cl\/sites\/vc\/wp-content\/uploads\/2024\/06\/DSC01119-36x27.jpg 36w, https:\/\/dev.antudigital.cl\/sites\/vc\/wp-content\/uploads\/2024\/06\/DSC01119-48x36.jpg 48w, https:\/\/dev.antudigital.cl\/sites\/vc\/wp-content\/uploads\/2024\/06\/DSC01119.jpg 1066w\" sizes=\"(max-width: 1024px) 100vw, 1024px\" \/><\/figure>\n\n\n\n<p><strong>COORDENADAS<\/strong><\/p>\n\n\n\n<p>Lunes 1 de julio, 18:00 hrs.<\/p>\n\n\n\n<p>SUE\u00d1O DE UNA NOCHE DE VERANO<\/p>\n\n\n\n<p><a href=\"https:\/\/www.passline.com\/eventos\/sueno-de-una-noche-de-verano-27866\">https:\/\/www.passline.com\/eventos\/sueno-de-una-noche-de-verano-27866<\/a><\/p>\n\n\n\n<p>Martes 2 de julio, 18:00 hrs.<\/p>\n\n\n\n<p>PINOCHO<\/p>\n\n\n\n<p><a href=\"https:\/\/www.passline.com\/eventos\/pinocho-de-teatro-ilucion\">https:\/\/www.passline.com\/eventos\/pinocho-de-teatro-ilucion<\/a><\/p>\n\n\n\n<p>Mi\u00e9rcoles 3 de julio, 18:00 hrs.<\/p>\n\n\n\n<p>PETER PAN<\/p>\n\n\n\n<p><a href=\"https:\/\/www.passline.com\/eventos\/peter-pan-de-teatro-ilucion\">https:\/\/www.passline.com\/eventos\/peter-pan-de-teatro-ilucion<\/a><\/p>\n\n\n\n<p>Jueves 4 de julio, 18:00 hrs.<\/p>\n\n\n\n<p>EL PRINCIPITO. UNA AVENTURA TEATRAL<a href=\"https:\/\/www.passline.com\/eventos\/el-principito-una-aventura-teatral-de-cia-teatro-ilucion\" target=\"_blank\" rel=\"noreferrer noopener\">https:\/\/www.passline.com\/eventos\/el-principito-una-aventura-teatral-de-cia-teatro-ilucion<\/a><\/p>\n","protected":false},"excerpt":{"rendered":"<p>Desde el 1 al 4 de julio, a las 18:00 horas, se presentan cuatro obras para toda la familia en la Sala de Teatro IPA, ubicada en Condell 1349, Valpara\u00edso. La Compa\u00f1\u00eda de Teatro IluCi\u00f3n montar\u00e1 \u201cSue\u00f1o de una noche de verano\u201d el lunes 1, \u201cPinocho\u201d el martes 2, \u201cPeter Pan\u201d el mi\u00e9rcoles 3 y [&hellip;]<\/p>\n","protected":false},"author":1,"featured_media":19562,"comment_status":"closed","ping_status":"closed","sticky":false,"template":"","format":"standard","meta":{"_acf_changed":false,"footnotes":""},"categories":[8],"tags":[],"class_list":["post-19559","post","type-post","status-publish","format-standard","has-post-thumbnail","hentry","category-noticia"],"acf":[],"yoast_head":"<!-- This site is optimized with the Yoast SEO plugin v27.1.1 - https:\/\/yoast.com\/product\/yoast-seo-wordpress\/ -->\n<title>Temporada de Teatro Familiar: Vacaciones de Invierno en el Centro Cultural IPA - Valpara\u00ed\u00adso Creativo<\/title>\n<meta name=\"robots\" content=\"index, follow, max-snippet:-1, max-image-preview:large, max-video-preview:-1\" \/>\n<link rel=\"canonical\" href=\"https:\/\/dev.antudigital.cl\/sites\/vc\/temporada-de-teatro-familiar-vacaciones-de-invierno-en-el-centro-cultural-ipa\/\" \/>\n<meta property=\"og:locale\" content=\"es_ES\" \/>\n<meta property=\"og:type\" content=\"article\" \/>\n<meta property=\"og:title\" content=\"Temporada de Teatro Familiar: Vacaciones de Invierno en el Centro Cultural IPA - Valpara\u00ed\u00adso Creativo\" \/>\n<meta property=\"og:description\" content=\"Desde el 1 al 4 de julio, a las 18:00 horas, se presentan cuatro obras para toda la familia en la Sala de Teatro IPA, ubicada en Condell 1349, Valpara\u00edso. La Compa\u00f1\u00eda de Teatro IluCi\u00f3n montar\u00e1 \u201cSue\u00f1o de una noche de verano\u201d el lunes 1, \u201cPinocho\u201d el martes 2, \u201cPeter Pan\u201d el mi\u00e9rcoles 3 y [&hellip;]\" \/>\n<meta property=\"og:url\" content=\"https:\/\/dev.antudigital.cl\/sites\/vc\/temporada-de-teatro-familiar-vacaciones-de-invierno-en-el-centro-cultural-ipa\/\" \/>\n<meta property=\"og:site_name\" content=\"Valpara\u00ed\u00adso Creativo\" \/>\n<meta property=\"article:published_time\" content=\"2024-06-27T19:29:09+00:00\" \/>\n<meta property=\"article:modified_time\" content=\"2024-06-27T19:29:29+00:00\" \/>\n<meta property=\"og:image\" content=\"https:\/\/dev.antudigital.cl\/sites\/vc\/wp-content\/uploads\/2024\/06\/DSC05780.jpg\" \/>\n\t<meta property=\"og:image:width\" content=\"1066\" \/>\n\t<meta property=\"og:image:height\" content=\"800\" \/>\n\t<meta property=\"og:image:type\" content=\"image\/jpeg\" \/>\n<meta name=\"author\" content=\"Valpara\u00edso Creativo\" \/>\n<meta name=\"twitter:card\" content=\"summary_large_image\" \/>\n<meta name=\"twitter:label1\" content=\"Escrito por\" \/>\n\t<meta name=\"twitter:data1\" content=\"Valpara\u00edso Creativo\" \/>\n\t<meta name=\"twitter:label2\" content=\"Tiempo de lectura\" \/>\n\t<meta name=\"twitter:data2\" content=\"4 minutos\" \/>\n<script type=\"application\/ld+json\" class=\"yoast-schema-graph\">{\"@context\":\"https:\/\/schema.org\",\"@graph\":[{\"@type\":\"Article\",\"@id\":\"https:\/\/dev.antudigital.cl\/sites\/vc\/temporada-de-teatro-familiar-vacaciones-de-invierno-en-el-centro-cultural-ipa\/#article\",\"isPartOf\":{\"@id\":\"https:\/\/dev.antudigital.cl\/sites\/vc\/temporada-de-teatro-familiar-vacaciones-de-invierno-en-el-centro-cultural-ipa\/\"},\"author\":{\"name\":\"Valpara\u00edso Creativo\",\"@id\":\"https:\/\/dev.antudigital.cl\/sites\/vc\/#\/schema\/person\/c2b9da8dd545e27166fc5ab232837318\"},\"headline\":\"Temporada de Teatro Familiar: Vacaciones de Invierno en el Centro Cultural IPA\",\"datePublished\":\"2024-06-27T19:29:09+00:00\",\"dateModified\":\"2024-06-27T19:29:29+00:00\",\"mainEntityOfPage\":{\"@id\":\"https:\/\/dev.antudigital.cl\/sites\/vc\/temporada-de-teatro-familiar-vacaciones-de-invierno-en-el-centro-cultural-ipa\/\"},\"wordCount\":600,\"image\":{\"@id\":\"https:\/\/dev.antudigital.cl\/sites\/vc\/temporada-de-teatro-familiar-vacaciones-de-invierno-en-el-centro-cultural-ipa\/#primaryimage\"},\"thumbnailUrl\":\"https:\/\/dev.antudigital.cl\/sites\/vc\/wp-content\/uploads\/2024\/06\/DSC05780.jpg\",\"articleSection\":[\"Noticia\"],\"inLanguage\":\"es\"},{\"@type\":\"WebPage\",\"@id\":\"https:\/\/dev.antudigital.cl\/sites\/vc\/temporada-de-teatro-familiar-vacaciones-de-invierno-en-el-centro-cultural-ipa\/\",\"url\":\"https:\/\/dev.antudigital.cl\/sites\/vc\/temporada-de-teatro-familiar-vacaciones-de-invierno-en-el-centro-cultural-ipa\/\",\"name\":\"Temporada de Teatro Familiar: Vacaciones de Invierno en el Centro Cultural IPA - Valpara\u00ed\u00adso Creativo\",\"isPartOf\":{\"@id\":\"https:\/\/dev.antudigital.cl\/sites\/vc\/#website\"},\"primaryImageOfPage\":{\"@id\":\"https:\/\/dev.antudigital.cl\/sites\/vc\/temporada-de-teatro-familiar-vacaciones-de-invierno-en-el-centro-cultural-ipa\/#primaryimage\"},\"image\":{\"@id\":\"https:\/\/dev.antudigital.cl\/sites\/vc\/temporada-de-teatro-familiar-vacaciones-de-invierno-en-el-centro-cultural-ipa\/#primaryimage\"},\"thumbnailUrl\":\"https:\/\/dev.antudigital.cl\/sites\/vc\/wp-content\/uploads\/2024\/06\/DSC05780.jpg\",\"datePublished\":\"2024-06-27T19:29:09+00:00\",\"dateModified\":\"2024-06-27T19:29:29+00:00\",\"author\":{\"@id\":\"https:\/\/dev.antudigital.cl\/sites\/vc\/#\/schema\/person\/c2b9da8dd545e27166fc5ab232837318\"},\"breadcrumb\":{\"@id\":\"https:\/\/dev.antudigital.cl\/sites\/vc\/temporada-de-teatro-familiar-vacaciones-de-invierno-en-el-centro-cultural-ipa\/#breadcrumb\"},\"inLanguage\":\"es\",\"potentialAction\":[{\"@type\":\"ReadAction\",\"target\":[\"https:\/\/dev.antudigital.cl\/sites\/vc\/temporada-de-teatro-familiar-vacaciones-de-invierno-en-el-centro-cultural-ipa\/\"]}]},{\"@type\":\"ImageObject\",\"inLanguage\":\"es\",\"@id\":\"https:\/\/dev.antudigital.cl\/sites\/vc\/temporada-de-teatro-familiar-vacaciones-de-invierno-en-el-centro-cultural-ipa\/#primaryimage\",\"url\":\"https:\/\/dev.antudigital.cl\/sites\/vc\/wp-content\/uploads\/2024\/06\/DSC05780.jpg\",\"contentUrl\":\"https:\/\/dev.antudigital.cl\/sites\/vc\/wp-content\/uploads\/2024\/06\/DSC05780.jpg\",\"width\":1066,\"height\":800},{\"@type\":\"BreadcrumbList\",\"@id\":\"https:\/\/dev.antudigital.cl\/sites\/vc\/temporada-de-teatro-familiar-vacaciones-de-invierno-en-el-centro-cultural-ipa\/#breadcrumb\",\"itemListElement\":[{\"@type\":\"ListItem\",\"position\":1,\"name\":\"Home\",\"item\":\"https:\/\/dev.antudigital.cl\/sites\/vc\/\"},{\"@type\":\"ListItem\",\"position\":2,\"name\":\"Temporada de Teatro Familiar: Vacaciones de Invierno en el Centro Cultural IPA\"}]},{\"@type\":\"WebSite\",\"@id\":\"https:\/\/dev.antudigital.cl\/sites\/vc\/#website\",\"url\":\"https:\/\/dev.antudigital.cl\/sites\/vc\/\",\"name\":\"Valpara\u00ed\u00adso Creativo\",\"description\":\"\",\"potentialAction\":[{\"@type\":\"SearchAction\",\"target\":{\"@type\":\"EntryPoint\",\"urlTemplate\":\"https:\/\/dev.antudigital.cl\/sites\/vc\/?s={search_term_string}\"},\"query-input\":{\"@type\":\"PropertyValueSpecification\",\"valueRequired\":true,\"valueName\":\"search_term_string\"}}],\"inLanguage\":\"es\"},{\"@type\":\"Person\",\"@id\":\"https:\/\/dev.antudigital.cl\/sites\/vc\/#\/schema\/person\/c2b9da8dd545e27166fc5ab232837318\",\"name\":\"Valpara\u00edso Creativo\",\"description\":\"Periodista de cultura en la Regi\u00f3n de Valpara\u00edso.\",\"url\":\"https:\/\/dev.antudigital.cl\/sites\/vc\/author\/valpoadmin\/\"}]}<\/script>\n<!-- \/ Yoast SEO plugin. -->","yoast_head_json":{"title":"Temporada de Teatro Familiar: Vacaciones de Invierno en el Centro Cultural IPA - Valpara\u00ed\u00adso Creativo","robots":{"index":"index","follow":"follow","max-snippet":"max-snippet:-1","max-image-preview":"max-image-preview:large","max-video-preview":"max-video-preview:-1"},"canonical":"https:\/\/dev.antudigital.cl\/sites\/vc\/temporada-de-teatro-familiar-vacaciones-de-invierno-en-el-centro-cultural-ipa\/","og_locale":"es_ES","og_type":"article","og_title":"Temporada de Teatro Familiar: Vacaciones de Invierno en el Centro Cultural IPA - Valpara\u00ed\u00adso Creativo","og_description":"Desde el 1 al 4 de julio, a las 18:00 horas, se presentan cuatro obras para toda la familia en la Sala de Teatro IPA, ubicada en Condell 1349, Valpara\u00edso. La Compa\u00f1\u00eda de Teatro IluCi\u00f3n montar\u00e1 \u201cSue\u00f1o de una noche de verano\u201d el lunes 1, \u201cPinocho\u201d el martes 2, \u201cPeter Pan\u201d el mi\u00e9rcoles 3 y [&hellip;]","og_url":"https:\/\/dev.antudigital.cl\/sites\/vc\/temporada-de-teatro-familiar-vacaciones-de-invierno-en-el-centro-cultural-ipa\/","og_site_name":"Valpara\u00ed\u00adso Creativo","article_published_time":"2024-06-27T19:29:09+00:00","article_modified_time":"2024-06-27T19:29:29+00:00","og_image":[{"width":1066,"height":800,"url":"https:\/\/dev.antudigital.cl\/sites\/vc\/wp-content\/uploads\/2024\/06\/DSC05780.jpg","type":"image\/jpeg"}],"author":"Valpara\u00edso Creativo","twitter_card":"summary_large_image","twitter_misc":{"Escrito por":"Valpara\u00edso Creativo","Tiempo de lectura":"4 minutos"},"schema":{"@context":"https:\/\/schema.org","@graph":[{"@type":"Article","@id":"https:\/\/dev.antudigital.cl\/sites\/vc\/temporada-de-teatro-familiar-vacaciones-de-invierno-en-el-centro-cultural-ipa\/#article","isPartOf":{"@id":"https:\/\/dev.antudigital.cl\/sites\/vc\/temporada-de-teatro-familiar-vacaciones-de-invierno-en-el-centro-cultural-ipa\/"},"author":{"name":"Valpara\u00edso Creativo","@id":"https:\/\/dev.antudigital.cl\/sites\/vc\/#\/schema\/person\/c2b9da8dd545e27166fc5ab232837318"},"headline":"Temporada de Teatro Familiar: Vacaciones de Invierno en el Centro Cultural IPA","datePublished":"2024-06-27T19:29:09+00:00","dateModified":"2024-06-27T19:29:29+00:00","mainEntityOfPage":{"@id":"https:\/\/dev.antudigital.cl\/sites\/vc\/temporada-de-teatro-familiar-vacaciones-de-invierno-en-el-centro-cultural-ipa\/"},"wordCount":600,"image":{"@id":"https:\/\/dev.antudigital.cl\/sites\/vc\/temporada-de-teatro-familiar-vacaciones-de-invierno-en-el-centro-cultural-ipa\/#primaryimage"},"thumbnailUrl":"https:\/\/dev.antudigital.cl\/sites\/vc\/wp-content\/uploads\/2024\/06\/DSC05780.jpg","articleSection":["Noticia"],"inLanguage":"es"},{"@type":"WebPage","@id":"https:\/\/dev.antudigital.cl\/sites\/vc\/temporada-de-teatro-familiar-vacaciones-de-invierno-en-el-centro-cultural-ipa\/","url":"https:\/\/dev.antudigital.cl\/sites\/vc\/temporada-de-teatro-familiar-vacaciones-de-invierno-en-el-centro-cultural-ipa\/","name":"Temporada de Teatro Familiar: Vacaciones de Invierno en el Centro Cultural IPA - Valpara\u00ed\u00adso Creativo","isPartOf":{"@id":"https:\/\/dev.antudigital.cl\/sites\/vc\/#website"},"primaryImageOfPage":{"@id":"https:\/\/dev.antudigital.cl\/sites\/vc\/temporada-de-teatro-familiar-vacaciones-de-invierno-en-el-centro-cultural-ipa\/#primaryimage"},"image":{"@id":"https:\/\/dev.antudigital.cl\/sites\/vc\/temporada-de-teatro-familiar-vacaciones-de-invierno-en-el-centro-cultural-ipa\/#primaryimage"},"thumbnailUrl":"https:\/\/dev.antudigital.cl\/sites\/vc\/wp-content\/uploads\/2024\/06\/DSC05780.jpg","datePublished":"2024-06-27T19:29:09+00:00","dateModified":"2024-06-27T19:29:29+00:00","author":{"@id":"https:\/\/dev.antudigital.cl\/sites\/vc\/#\/schema\/person\/c2b9da8dd545e27166fc5ab232837318"},"breadcrumb":{"@id":"https:\/\/dev.antudigital.cl\/sites\/vc\/temporada-de-teatro-familiar-vacaciones-de-invierno-en-el-centro-cultural-ipa\/#breadcrumb"},"inLanguage":"es","potentialAction":[{"@type":"ReadAction","target":["https:\/\/dev.antudigital.cl\/sites\/vc\/temporada-de-teatro-familiar-vacaciones-de-invierno-en-el-centro-cultural-ipa\/"]}]},{"@type":"ImageObject","inLanguage":"es","@id":"https:\/\/dev.antudigital.cl\/sites\/vc\/temporada-de-teatro-familiar-vacaciones-de-invierno-en-el-centro-cultural-ipa\/#primaryimage","url":"https:\/\/dev.antudigital.cl\/sites\/vc\/wp-content\/uploads\/2024\/06\/DSC05780.jpg","contentUrl":"https:\/\/dev.antudigital.cl\/sites\/vc\/wp-content\/uploads\/2024\/06\/DSC05780.jpg","width":1066,"height":800},{"@type":"BreadcrumbList","@id":"https:\/\/dev.antudigital.cl\/sites\/vc\/temporada-de-teatro-familiar-vacaciones-de-invierno-en-el-centro-cultural-ipa\/#breadcrumb","itemListElement":[{"@type":"ListItem","position":1,"name":"Home","item":"https:\/\/dev.antudigital.cl\/sites\/vc\/"},{"@type":"ListItem","position":2,"name":"Temporada de Teatro Familiar: Vacaciones de Invierno en el Centro Cultural IPA"}]},{"@type":"WebSite","@id":"https:\/\/dev.antudigital.cl\/sites\/vc\/#website","url":"https:\/\/dev.antudigital.cl\/sites\/vc\/","name":"Valpara\u00ed\u00adso Creativo","description":"","potentialAction":[{"@type":"SearchAction","target":{"@type":"EntryPoint","urlTemplate":"https:\/\/dev.antudigital.cl\/sites\/vc\/?s={search_term_string}"},"query-input":{"@type":"PropertyValueSpecification","valueRequired":true,"valueName":"search_term_string"}}],"inLanguage":"es"},{"@type":"Person","@id":"https:\/\/dev.antudigital.cl\/sites\/vc\/#\/schema\/person\/c2b9da8dd545e27166fc5ab232837318","name":"Valpara\u00edso Creativo","description":"Periodista de cultura en la Regi\u00f3n de Valpara\u00edso.","url":"https:\/\/dev.antudigital.cl\/sites\/vc\/author\/valpoadmin\/"}]}},"_links":{"self":[{"href":"https:\/\/dev.antudigital.cl\/sites\/vc\/wp-json\/wp\/v2\/posts\/19559","targetHints":{"allow":["GET"]}}],"collection":[{"href":"https:\/\/dev.antudigital.cl\/sites\/vc\/wp-json\/wp\/v2\/posts"}],"about":[{"href":"https:\/\/dev.antudigital.cl\/sites\/vc\/wp-json\/wp\/v2\/types\/post"}],"author":[{"embeddable":true,"href":"https:\/\/dev.antudigital.cl\/sites\/vc\/wp-json\/wp\/v2\/users\/1"}],"replies":[{"embeddable":true,"href":"https:\/\/dev.antudigital.cl\/sites\/vc\/wp-json\/wp\/v2\/comments?post=19559"}],"version-history":[{"count":1,"href":"https:\/\/dev.antudigital.cl\/sites\/vc\/wp-json\/wp\/v2\/posts\/19559\/revisions"}],"predecessor-version":[{"id":19566,"href":"https:\/\/dev.antudigital.cl\/sites\/vc\/wp-json\/wp\/v2\/posts\/19559\/revisions\/19566"}],"wp:featuredmedia":[{"embeddable":true,"href":"https:\/\/dev.antudigital.cl\/sites\/vc\/wp-json\/wp\/v2\/media\/19562"}],"wp:attachment":[{"href":"https:\/\/dev.antudigital.cl\/sites\/vc\/wp-json\/wp\/v2\/media?parent=19559"}],"wp:term":[{"taxonomy":"category","embeddable":true,"href":"https:\/\/dev.antudigital.cl\/sites\/vc\/wp-json\/wp\/v2\/categories?post=19559"},{"taxonomy":"post_tag","embeddable":true,"href":"https:\/\/dev.antudigital.cl\/sites\/vc\/wp-json\/wp\/v2\/tags?post=19559"}],"curies":[{"name":"wp","href":"https:\/\/api.w.org\/{rel}","templated":true}]}}