{"id":19567,"date":"2024-06-27T19:32:57","date_gmt":"2024-06-27T19:32:57","guid":{"rendered":"https:\/\/www.valparaisocreativo.cl\/?p=19567"},"modified":"2024-06-27T19:33:15","modified_gmt":"2024-06-27T19:33:15","slug":"exposicion-que-visibiliza-destinos-de-confinamiento-politico-en-chile-se-inaugura-en-el-parque-cultural-de-valparaiso","status":"publish","type":"post","link":"https:\/\/dev.antudigital.cl\/sites\/vc\/exposicion-que-visibiliza-destinos-de-confinamiento-politico-en-chile-se-inaugura-en-el-parque-cultural-de-valparaiso\/","title":{"rendered":"Exposici\u00f3n que visibiliza destinos de confinamiento pol\u00edtico en Chile se inaugura en el Parque Cultural de Valpara\u00edso"},"content":{"rendered":"\n<p><em>\u201cRelegaci\u00f3n\u201d es la <\/em><em>sentida instalaci\u00f3n <\/em><em>del artista Cristian Maturana Ortiz que abre sus puerta al p\u00fablico este s\u00e1bado 29 de junio a las 12:00 hrs. <\/em><em>en el Sitio de Memoria de la Ex C\u00e1rcel Porte\u00f1a.<\/em><\/p>\n\n\n\n<p>Durante un a\u00f1o el fot\u00f3grafo y artista visual estuvo viajando para visitar los principales destinos -y no todos- a los que distintos reg\u00edmenes autoritarios en la historia republicana chilena decidieron trasladar forzosamente a personas con opiniones divergentes, para as\u00ed aplacar la disidencia.<\/p>\n\n\n\n<p>Al ser consultado por la relaci\u00f3n de la relegaci\u00f3n pol\u00edtica y la geograf\u00eda en Chile, <strong>Cristian Maturana Ortiz<\/strong> se\u00f1al\u00f3 que <em>\u201cese es un tema de especial inter\u00e9s para m\u00ed, porque en realidad est\u00e1 sujeta a la destinaci\u00f3n de personas, forzadamente, a lugares que son denominados zonas extremas; y esa denominaci\u00f3n es s\u00faper centralista porque en verdad zonas extremas como tal no hay, pero son pueblos e islas principalmente que el poder central se encarga de mantener en permanente abandono porque as\u00ed son vacantes para estos castigos: Pisagua, Pozo Almonte, Isla Quiriquina, Isla Dawson, Dalcahue y Quemchi en Chilo\u00e9, por nombrar algunos<\/em>\u201d. Y agrega <em>\u201cel poder se ve as\u00ed mismo en el centro y con la capacidad de enviar a personas que piensan distinto a otros destinos extremos para aplacar la disidencia, transform\u00e1ndolas en seres exc\u00e9ntricos, pero a su vez vuelve a estos lugares en focos sociales de disidencias, por lo que con esa acci\u00f3n termina reforzandola\u201d<\/em>.\u00a0<\/p>\n\n\n\n<figure class=\"wp-block-image size-large\"><img fetchpriority=\"high\" decoding=\"async\" width=\"1024\" height=\"683\" src=\"https:\/\/www.valparaisocreativo.cl\/wp-content\/uploads\/2024\/06\/Exposicion_Relegacion_en_PCdV_01-1024x683.jpg\" alt=\"\" class=\"wp-image-19568\" srcset=\"https:\/\/dev.antudigital.cl\/sites\/vc\/wp-content\/uploads\/2024\/06\/Exposicion_Relegacion_en_PCdV_01-1024x683.jpg 1024w, https:\/\/dev.antudigital.cl\/sites\/vc\/wp-content\/uploads\/2024\/06\/Exposicion_Relegacion_en_PCdV_01-300x200.jpg 300w, https:\/\/dev.antudigital.cl\/sites\/vc\/wp-content\/uploads\/2024\/06\/Exposicion_Relegacion_en_PCdV_01-768x512.jpg 768w, https:\/\/dev.antudigital.cl\/sites\/vc\/wp-content\/uploads\/2024\/06\/Exposicion_Relegacion_en_PCdV_01-1536x1024.jpg 1536w, https:\/\/dev.antudigital.cl\/sites\/vc\/wp-content\/uploads\/2024\/06\/Exposicion_Relegacion_en_PCdV_01-2048x1365.jpg 2048w, https:\/\/dev.antudigital.cl\/sites\/vc\/wp-content\/uploads\/2024\/06\/Exposicion_Relegacion_en_PCdV_01-1080x720.jpg 1080w, https:\/\/dev.antudigital.cl\/sites\/vc\/wp-content\/uploads\/2024\/06\/Exposicion_Relegacion_en_PCdV_01-1280x854.jpg 1280w, https:\/\/dev.antudigital.cl\/sites\/vc\/wp-content\/uploads\/2024\/06\/Exposicion_Relegacion_en_PCdV_01-980x653.jpg 980w, https:\/\/dev.antudigital.cl\/sites\/vc\/wp-content\/uploads\/2024\/06\/Exposicion_Relegacion_en_PCdV_01-480x320.jpg 480w, https:\/\/dev.antudigital.cl\/sites\/vc\/wp-content\/uploads\/2024\/06\/Exposicion_Relegacion_en_PCdV_01-24x16.jpg 24w, https:\/\/dev.antudigital.cl\/sites\/vc\/wp-content\/uploads\/2024\/06\/Exposicion_Relegacion_en_PCdV_01-36x24.jpg 36w, https:\/\/dev.antudigital.cl\/sites\/vc\/wp-content\/uploads\/2024\/06\/Exposicion_Relegacion_en_PCdV_01-48x32.jpg 48w\" sizes=\"(max-width: 1024px) 100vw, 1024px\" \/><\/figure>\n\n\n\n<p><strong>Erick Fuentes G\u00f3ngora<\/strong>, director ejecutivo (i) del PCdV al respecto indic\u00f3 que \u201calbergar esta muestra en la ex c\u00e1rcel de Valpara\u00edso es un acto simb\u00f3lico que nos llena de sentido, pues la obra de Cristian resuena con este emblem\u00e1tico sitio de memoria de la regi\u00f3n. Entonces el hecho de presentarse por primera vez al p\u00fablico aqu\u00ed cobra un valor especial, no hay que olvidar que este espacio fue el principal centro de detenci\u00f3n e interrogatorios de dictadura civil militar y que est\u00e1 emplazado en el principal puerto de Chile, hechos que configuran un escenario para que muchas de las personas que fueron regaladas en aquel tiempo, hayan pasado por aqu\u00ed durante su presidio. La obra de arte as\u00ed actualiza nuestra experiencia compartida como sociedad, promoviendo una reflexi\u00f3n sensible que repara en asuntos pendientes del pa\u00eds en memoria, verdad, justicia y reparaci\u00f3n\u201d.<\/p>\n\n\n\n<p>Si bien la relegaci\u00f3n pol\u00edtica se presenta pr\u00f3xima por los procesos llevados a cabo administrativa y judicialmente por el r\u00e9gimen de Pinochet, asusta por su extensi\u00f3n, hacia el pasado y hacia el futuro, pues la medida sancionatoria se encuentra perfectamente vigente en nuestro C\u00f3digo Penal por una parte y, por otra, la recurrencia con que ha sido aplicada desde 1814 en nuestra historia, da cuenta de una preocupante regularidad y naturalizaci\u00f3n de este castigo que, adem\u00e1s se somete normalmente a la categor\u00eda de \u00abpena blanda\u00bb, a\u00fan cuando atenta contra la cercan\u00eda de los afectos, contra la unidad de la familia, principios que el mismo conservadurismo siempre preserva, pero que en muchas oportunidades ha destru\u00eddo.&nbsp;<\/p>\n\n\n\n<p>La b\u00fasqueda del artista aborda sobre esos sentimientos y penas de un destierro dentro del propio pa\u00eds, dolor que ha sido subestimado en la construcci\u00f3n hist\u00f3rica de este territorio. El viaje largo, por medios tales como: barcos, buses, trenes y aviones, adem\u00e1s de los propios pies permite comprender al menos en una peque\u00f1a medida, c\u00f3mo se siente el extra\u00f1ar en la distancia. La obra no pone el foco en la raz\u00f3n por la cual ha sido castigado el exc\u00e9ntrico, sino en su sentir en tanto condenado, ahondando sobre los factores reflexivos y contemplativos de quien entiende en el paisaje lejano, adem\u00e1s de una fascinaci\u00f3n est\u00e9tica, una triste imposibilidad de compartir el querer.<\/p>\n\n\n\n<figure class=\"wp-block-image size-large\"><img decoding=\"async\" width=\"1024\" height=\"683\" src=\"https:\/\/www.valparaisocreativo.cl\/wp-content\/uploads\/2024\/06\/Exposicion_Relegacion_en_PCdV_07-1024x683.jpg\" alt=\"\" class=\"wp-image-19570\" srcset=\"https:\/\/dev.antudigital.cl\/sites\/vc\/wp-content\/uploads\/2024\/06\/Exposicion_Relegacion_en_PCdV_07-1024x683.jpg 1024w, https:\/\/dev.antudigital.cl\/sites\/vc\/wp-content\/uploads\/2024\/06\/Exposicion_Relegacion_en_PCdV_07-300x200.jpg 300w, https:\/\/dev.antudigital.cl\/sites\/vc\/wp-content\/uploads\/2024\/06\/Exposicion_Relegacion_en_PCdV_07-768x512.jpg 768w, https:\/\/dev.antudigital.cl\/sites\/vc\/wp-content\/uploads\/2024\/06\/Exposicion_Relegacion_en_PCdV_07-1536x1024.jpg 1536w, https:\/\/dev.antudigital.cl\/sites\/vc\/wp-content\/uploads\/2024\/06\/Exposicion_Relegacion_en_PCdV_07-2048x1365.jpg 2048w, https:\/\/dev.antudigital.cl\/sites\/vc\/wp-content\/uploads\/2024\/06\/Exposicion_Relegacion_en_PCdV_07-1080x720.jpg 1080w, https:\/\/dev.antudigital.cl\/sites\/vc\/wp-content\/uploads\/2024\/06\/Exposicion_Relegacion_en_PCdV_07-1280x854.jpg 1280w, https:\/\/dev.antudigital.cl\/sites\/vc\/wp-content\/uploads\/2024\/06\/Exposicion_Relegacion_en_PCdV_07-980x653.jpg 980w, https:\/\/dev.antudigital.cl\/sites\/vc\/wp-content\/uploads\/2024\/06\/Exposicion_Relegacion_en_PCdV_07-480x320.jpg 480w, https:\/\/dev.antudigital.cl\/sites\/vc\/wp-content\/uploads\/2024\/06\/Exposicion_Relegacion_en_PCdV_07-24x16.jpg 24w, https:\/\/dev.antudigital.cl\/sites\/vc\/wp-content\/uploads\/2024\/06\/Exposicion_Relegacion_en_PCdV_07-36x24.jpg 36w, https:\/\/dev.antudigital.cl\/sites\/vc\/wp-content\/uploads\/2024\/06\/Exposicion_Relegacion_en_PCdV_07-48x32.jpg 48w\" sizes=\"(max-width: 1024px) 100vw, 1024px\" \/><\/figure>\n\n\n\n<p>La instalaci\u00f3n se traduce en m\u00faltiples registros de video que desarrollan esa vocaci\u00f3n por hilar paisaje, horizonte, disidencia, pena y condena. Geograf\u00eda, desplazamientos y afectos inmersos en una profunda valoraci\u00f3n de la consecuencia \u00e9tica y pol\u00edtica. Pantallas, fotograf\u00edas, instalaci\u00f3n y textos componen la<strong> <\/strong>obra en s\u00ed, que se presenta desde este s\u00e1bado 29 de junio al viernes 26 de julio en la Sala Laboratorio, ubicada en el tercer nivel del Edificio de Difusi\u00f3n del Parque Cultural de Valpara\u00edso. La instalaci\u00f3n es apta para todas las edades y de acceso liberado.<\/p>\n","protected":false},"excerpt":{"rendered":"<p>\u201cRelegaci\u00f3n\u201d es la sentida instalaci\u00f3n del artista Cristian Maturana Ortiz que abre sus puerta al p\u00fablico este s\u00e1bado 29 de junio a las 12:00 hrs. en el Sitio de Memoria de la Ex C\u00e1rcel Porte\u00f1a. Durante un a\u00f1o el fot\u00f3grafo y artista visual estuvo viajando para visitar los principales destinos -y no todos- a los [&hellip;]<\/p>\n","protected":false},"author":1,"featured_media":19569,"comment_status":"closed","ping_status":"closed","sticky":false,"template":"","format":"standard","meta":{"_acf_changed":false,"footnotes":""},"categories":[8],"tags":[],"class_list":["post-19567","post","type-post","status-publish","format-standard","has-post-thumbnail","hentry","category-noticia"],"acf":[],"yoast_head":"<!-- This site is optimized with the Yoast SEO plugin v27.1.1 - https:\/\/yoast.com\/product\/yoast-seo-wordpress\/ -->\n<title>Exposici\u00f3n que visibiliza destinos de confinamiento pol\u00edtico en Chile se inaugura en el Parque Cultural de Valpara\u00edso - Valpara\u00ed\u00adso Creativo<\/title>\n<meta name=\"robots\" content=\"index, follow, max-snippet:-1, max-image-preview:large, max-video-preview:-1\" \/>\n<link rel=\"canonical\" href=\"https:\/\/dev.antudigital.cl\/sites\/vc\/exposicion-que-visibiliza-destinos-de-confinamiento-politico-en-chile-se-inaugura-en-el-parque-cultural-de-valparaiso\/\" \/>\n<meta property=\"og:locale\" content=\"es_ES\" \/>\n<meta property=\"og:type\" content=\"article\" \/>\n<meta property=\"og:title\" content=\"Exposici\u00f3n que visibiliza destinos de confinamiento pol\u00edtico en Chile se inaugura en el Parque Cultural de Valpara\u00edso - Valpara\u00ed\u00adso Creativo\" \/>\n<meta property=\"og:description\" content=\"\u201cRelegaci\u00f3n\u201d es la sentida instalaci\u00f3n del artista Cristian Maturana Ortiz que abre sus puerta al p\u00fablico este s\u00e1bado 29 de junio a las 12:00 hrs. en el Sitio de Memoria de la Ex C\u00e1rcel Porte\u00f1a. Durante un a\u00f1o el fot\u00f3grafo y artista visual estuvo viajando para visitar los principales destinos -y no todos- a los [&hellip;]\" \/>\n<meta property=\"og:url\" content=\"https:\/\/dev.antudigital.cl\/sites\/vc\/exposicion-que-visibiliza-destinos-de-confinamiento-politico-en-chile-se-inaugura-en-el-parque-cultural-de-valparaiso\/\" \/>\n<meta property=\"og:site_name\" content=\"Valpara\u00ed\u00adso Creativo\" \/>\n<meta property=\"article:published_time\" content=\"2024-06-27T19:32:57+00:00\" \/>\n<meta property=\"article:modified_time\" content=\"2024-06-27T19:33:15+00:00\" \/>\n<meta property=\"og:image\" content=\"https:\/\/dev.antudigital.cl\/sites\/vc\/wp-content\/uploads\/2024\/06\/Exposicion_Relegacion_en_PCdV_05-scaled.jpg\" \/>\n\t<meta property=\"og:image:width\" content=\"2560\" \/>\n\t<meta property=\"og:image:height\" content=\"1707\" \/>\n\t<meta property=\"og:image:type\" content=\"image\/jpeg\" \/>\n<meta name=\"author\" content=\"Valpara\u00edso Creativo\" \/>\n<meta name=\"twitter:card\" content=\"summary_large_image\" \/>\n<meta name=\"twitter:label1\" content=\"Escrito por\" \/>\n\t<meta name=\"twitter:data1\" content=\"Valpara\u00edso Creativo\" \/>\n\t<meta name=\"twitter:label2\" content=\"Tiempo de lectura\" \/>\n\t<meta name=\"twitter:data2\" content=\"4 minutos\" \/>\n<script type=\"application\/ld+json\" class=\"yoast-schema-graph\">{\"@context\":\"https:\/\/schema.org\",\"@graph\":[{\"@type\":\"Article\",\"@id\":\"https:\/\/dev.antudigital.cl\/sites\/vc\/exposicion-que-visibiliza-destinos-de-confinamiento-politico-en-chile-se-inaugura-en-el-parque-cultural-de-valparaiso\/#article\",\"isPartOf\":{\"@id\":\"https:\/\/dev.antudigital.cl\/sites\/vc\/exposicion-que-visibiliza-destinos-de-confinamiento-politico-en-chile-se-inaugura-en-el-parque-cultural-de-valparaiso\/\"},\"author\":{\"name\":\"Valpara\u00edso Creativo\",\"@id\":\"https:\/\/dev.antudigital.cl\/sites\/vc\/#\/schema\/person\/c2b9da8dd545e27166fc5ab232837318\"},\"headline\":\"Exposici\u00f3n que visibiliza destinos de confinamiento pol\u00edtico en Chile se inaugura en el Parque Cultural de Valpara\u00edso\",\"datePublished\":\"2024-06-27T19:32:57+00:00\",\"dateModified\":\"2024-06-27T19:33:15+00:00\",\"mainEntityOfPage\":{\"@id\":\"https:\/\/dev.antudigital.cl\/sites\/vc\/exposicion-que-visibiliza-destinos-de-confinamiento-politico-en-chile-se-inaugura-en-el-parque-cultural-de-valparaiso\/\"},\"wordCount\":775,\"image\":{\"@id\":\"https:\/\/dev.antudigital.cl\/sites\/vc\/exposicion-que-visibiliza-destinos-de-confinamiento-politico-en-chile-se-inaugura-en-el-parque-cultural-de-valparaiso\/#primaryimage\"},\"thumbnailUrl\":\"https:\/\/dev.antudigital.cl\/sites\/vc\/wp-content\/uploads\/2024\/06\/Exposicion_Relegacion_en_PCdV_05-scaled.jpg\",\"articleSection\":[\"Noticia\"],\"inLanguage\":\"es\"},{\"@type\":\"WebPage\",\"@id\":\"https:\/\/dev.antudigital.cl\/sites\/vc\/exposicion-que-visibiliza-destinos-de-confinamiento-politico-en-chile-se-inaugura-en-el-parque-cultural-de-valparaiso\/\",\"url\":\"https:\/\/dev.antudigital.cl\/sites\/vc\/exposicion-que-visibiliza-destinos-de-confinamiento-politico-en-chile-se-inaugura-en-el-parque-cultural-de-valparaiso\/\",\"name\":\"Exposici\u00f3n que visibiliza destinos de confinamiento pol\u00edtico en Chile se inaugura en el Parque Cultural de Valpara\u00edso - Valpara\u00ed\u00adso Creativo\",\"isPartOf\":{\"@id\":\"https:\/\/dev.antudigital.cl\/sites\/vc\/#website\"},\"primaryImageOfPage\":{\"@id\":\"https:\/\/dev.antudigital.cl\/sites\/vc\/exposicion-que-visibiliza-destinos-de-confinamiento-politico-en-chile-se-inaugura-en-el-parque-cultural-de-valparaiso\/#primaryimage\"},\"image\":{\"@id\":\"https:\/\/dev.antudigital.cl\/sites\/vc\/exposicion-que-visibiliza-destinos-de-confinamiento-politico-en-chile-se-inaugura-en-el-parque-cultural-de-valparaiso\/#primaryimage\"},\"thumbnailUrl\":\"https:\/\/dev.antudigital.cl\/sites\/vc\/wp-content\/uploads\/2024\/06\/Exposicion_Relegacion_en_PCdV_05-scaled.jpg\",\"datePublished\":\"2024-06-27T19:32:57+00:00\",\"dateModified\":\"2024-06-27T19:33:15+00:00\",\"author\":{\"@id\":\"https:\/\/dev.antudigital.cl\/sites\/vc\/#\/schema\/person\/c2b9da8dd545e27166fc5ab232837318\"},\"breadcrumb\":{\"@id\":\"https:\/\/dev.antudigital.cl\/sites\/vc\/exposicion-que-visibiliza-destinos-de-confinamiento-politico-en-chile-se-inaugura-en-el-parque-cultural-de-valparaiso\/#breadcrumb\"},\"inLanguage\":\"es\",\"potentialAction\":[{\"@type\":\"ReadAction\",\"target\":[\"https:\/\/dev.antudigital.cl\/sites\/vc\/exposicion-que-visibiliza-destinos-de-confinamiento-politico-en-chile-se-inaugura-en-el-parque-cultural-de-valparaiso\/\"]}]},{\"@type\":\"ImageObject\",\"inLanguage\":\"es\",\"@id\":\"https:\/\/dev.antudigital.cl\/sites\/vc\/exposicion-que-visibiliza-destinos-de-confinamiento-politico-en-chile-se-inaugura-en-el-parque-cultural-de-valparaiso\/#primaryimage\",\"url\":\"https:\/\/dev.antudigital.cl\/sites\/vc\/wp-content\/uploads\/2024\/06\/Exposicion_Relegacion_en_PCdV_05-scaled.jpg\",\"contentUrl\":\"https:\/\/dev.antudigital.cl\/sites\/vc\/wp-content\/uploads\/2024\/06\/Exposicion_Relegacion_en_PCdV_05-scaled.jpg\",\"width\":2560,\"height\":1707,\"caption\":\"CACA\"},{\"@type\":\"BreadcrumbList\",\"@id\":\"https:\/\/dev.antudigital.cl\/sites\/vc\/exposicion-que-visibiliza-destinos-de-confinamiento-politico-en-chile-se-inaugura-en-el-parque-cultural-de-valparaiso\/#breadcrumb\",\"itemListElement\":[{\"@type\":\"ListItem\",\"position\":1,\"name\":\"Home\",\"item\":\"https:\/\/dev.antudigital.cl\/sites\/vc\/\"},{\"@type\":\"ListItem\",\"position\":2,\"name\":\"Exposici\u00f3n que visibiliza destinos de confinamiento pol\u00edtico en Chile se inaugura en el Parque Cultural de Valpara\u00edso\"}]},{\"@type\":\"WebSite\",\"@id\":\"https:\/\/dev.antudigital.cl\/sites\/vc\/#website\",\"url\":\"https:\/\/dev.antudigital.cl\/sites\/vc\/\",\"name\":\"Valpara\u00ed\u00adso Creativo\",\"description\":\"\",\"potentialAction\":[{\"@type\":\"SearchAction\",\"target\":{\"@type\":\"EntryPoint\",\"urlTemplate\":\"https:\/\/dev.antudigital.cl\/sites\/vc\/?s={search_term_string}\"},\"query-input\":{\"@type\":\"PropertyValueSpecification\",\"valueRequired\":true,\"valueName\":\"search_term_string\"}}],\"inLanguage\":\"es\"},{\"@type\":\"Person\",\"@id\":\"https:\/\/dev.antudigital.cl\/sites\/vc\/#\/schema\/person\/c2b9da8dd545e27166fc5ab232837318\",\"name\":\"Valpara\u00edso Creativo\",\"description\":\"Periodista de cultura en la Regi\u00f3n de Valpara\u00edso.\",\"url\":\"https:\/\/dev.antudigital.cl\/sites\/vc\/author\/valpoadmin\/\"}]}<\/script>\n<!-- \/ Yoast SEO plugin. -->","yoast_head_json":{"title":"Exposici\u00f3n que visibiliza destinos de confinamiento pol\u00edtico en Chile se inaugura en el Parque Cultural de Valpara\u00edso - Valpara\u00ed\u00adso Creativo","robots":{"index":"index","follow":"follow","max-snippet":"max-snippet:-1","max-image-preview":"max-image-preview:large","max-video-preview":"max-video-preview:-1"},"canonical":"https:\/\/dev.antudigital.cl\/sites\/vc\/exposicion-que-visibiliza-destinos-de-confinamiento-politico-en-chile-se-inaugura-en-el-parque-cultural-de-valparaiso\/","og_locale":"es_ES","og_type":"article","og_title":"Exposici\u00f3n que visibiliza destinos de confinamiento pol\u00edtico en Chile se inaugura en el Parque Cultural de Valpara\u00edso - Valpara\u00ed\u00adso Creativo","og_description":"\u201cRelegaci\u00f3n\u201d es la sentida instalaci\u00f3n del artista Cristian Maturana Ortiz que abre sus puerta al p\u00fablico este s\u00e1bado 29 de junio a las 12:00 hrs. en el Sitio de Memoria de la Ex C\u00e1rcel Porte\u00f1a. Durante un a\u00f1o el fot\u00f3grafo y artista visual estuvo viajando para visitar los principales destinos -y no todos- a los [&hellip;]","og_url":"https:\/\/dev.antudigital.cl\/sites\/vc\/exposicion-que-visibiliza-destinos-de-confinamiento-politico-en-chile-se-inaugura-en-el-parque-cultural-de-valparaiso\/","og_site_name":"Valpara\u00ed\u00adso Creativo","article_published_time":"2024-06-27T19:32:57+00:00","article_modified_time":"2024-06-27T19:33:15+00:00","og_image":[{"width":2560,"height":1707,"url":"https:\/\/dev.antudigital.cl\/sites\/vc\/wp-content\/uploads\/2024\/06\/Exposicion_Relegacion_en_PCdV_05-scaled.jpg","type":"image\/jpeg"}],"author":"Valpara\u00edso Creativo","twitter_card":"summary_large_image","twitter_misc":{"Escrito por":"Valpara\u00edso Creativo","Tiempo de lectura":"4 minutos"},"schema":{"@context":"https:\/\/schema.org","@graph":[{"@type":"Article","@id":"https:\/\/dev.antudigital.cl\/sites\/vc\/exposicion-que-visibiliza-destinos-de-confinamiento-politico-en-chile-se-inaugura-en-el-parque-cultural-de-valparaiso\/#article","isPartOf":{"@id":"https:\/\/dev.antudigital.cl\/sites\/vc\/exposicion-que-visibiliza-destinos-de-confinamiento-politico-en-chile-se-inaugura-en-el-parque-cultural-de-valparaiso\/"},"author":{"name":"Valpara\u00edso Creativo","@id":"https:\/\/dev.antudigital.cl\/sites\/vc\/#\/schema\/person\/c2b9da8dd545e27166fc5ab232837318"},"headline":"Exposici\u00f3n que visibiliza destinos de confinamiento pol\u00edtico en Chile se inaugura en el Parque Cultural de Valpara\u00edso","datePublished":"2024-06-27T19:32:57+00:00","dateModified":"2024-06-27T19:33:15+00:00","mainEntityOfPage":{"@id":"https:\/\/dev.antudigital.cl\/sites\/vc\/exposicion-que-visibiliza-destinos-de-confinamiento-politico-en-chile-se-inaugura-en-el-parque-cultural-de-valparaiso\/"},"wordCount":775,"image":{"@id":"https:\/\/dev.antudigital.cl\/sites\/vc\/exposicion-que-visibiliza-destinos-de-confinamiento-politico-en-chile-se-inaugura-en-el-parque-cultural-de-valparaiso\/#primaryimage"},"thumbnailUrl":"https:\/\/dev.antudigital.cl\/sites\/vc\/wp-content\/uploads\/2024\/06\/Exposicion_Relegacion_en_PCdV_05-scaled.jpg","articleSection":["Noticia"],"inLanguage":"es"},{"@type":"WebPage","@id":"https:\/\/dev.antudigital.cl\/sites\/vc\/exposicion-que-visibiliza-destinos-de-confinamiento-politico-en-chile-se-inaugura-en-el-parque-cultural-de-valparaiso\/","url":"https:\/\/dev.antudigital.cl\/sites\/vc\/exposicion-que-visibiliza-destinos-de-confinamiento-politico-en-chile-se-inaugura-en-el-parque-cultural-de-valparaiso\/","name":"Exposici\u00f3n que visibiliza destinos de confinamiento pol\u00edtico en Chile se inaugura en el Parque Cultural de Valpara\u00edso - Valpara\u00ed\u00adso Creativo","isPartOf":{"@id":"https:\/\/dev.antudigital.cl\/sites\/vc\/#website"},"primaryImageOfPage":{"@id":"https:\/\/dev.antudigital.cl\/sites\/vc\/exposicion-que-visibiliza-destinos-de-confinamiento-politico-en-chile-se-inaugura-en-el-parque-cultural-de-valparaiso\/#primaryimage"},"image":{"@id":"https:\/\/dev.antudigital.cl\/sites\/vc\/exposicion-que-visibiliza-destinos-de-confinamiento-politico-en-chile-se-inaugura-en-el-parque-cultural-de-valparaiso\/#primaryimage"},"thumbnailUrl":"https:\/\/dev.antudigital.cl\/sites\/vc\/wp-content\/uploads\/2024\/06\/Exposicion_Relegacion_en_PCdV_05-scaled.jpg","datePublished":"2024-06-27T19:32:57+00:00","dateModified":"2024-06-27T19:33:15+00:00","author":{"@id":"https:\/\/dev.antudigital.cl\/sites\/vc\/#\/schema\/person\/c2b9da8dd545e27166fc5ab232837318"},"breadcrumb":{"@id":"https:\/\/dev.antudigital.cl\/sites\/vc\/exposicion-que-visibiliza-destinos-de-confinamiento-politico-en-chile-se-inaugura-en-el-parque-cultural-de-valparaiso\/#breadcrumb"},"inLanguage":"es","potentialAction":[{"@type":"ReadAction","target":["https:\/\/dev.antudigital.cl\/sites\/vc\/exposicion-que-visibiliza-destinos-de-confinamiento-politico-en-chile-se-inaugura-en-el-parque-cultural-de-valparaiso\/"]}]},{"@type":"ImageObject","inLanguage":"es","@id":"https:\/\/dev.antudigital.cl\/sites\/vc\/exposicion-que-visibiliza-destinos-de-confinamiento-politico-en-chile-se-inaugura-en-el-parque-cultural-de-valparaiso\/#primaryimage","url":"https:\/\/dev.antudigital.cl\/sites\/vc\/wp-content\/uploads\/2024\/06\/Exposicion_Relegacion_en_PCdV_05-scaled.jpg","contentUrl":"https:\/\/dev.antudigital.cl\/sites\/vc\/wp-content\/uploads\/2024\/06\/Exposicion_Relegacion_en_PCdV_05-scaled.jpg","width":2560,"height":1707,"caption":"CACA"},{"@type":"BreadcrumbList","@id":"https:\/\/dev.antudigital.cl\/sites\/vc\/exposicion-que-visibiliza-destinos-de-confinamiento-politico-en-chile-se-inaugura-en-el-parque-cultural-de-valparaiso\/#breadcrumb","itemListElement":[{"@type":"ListItem","position":1,"name":"Home","item":"https:\/\/dev.antudigital.cl\/sites\/vc\/"},{"@type":"ListItem","position":2,"name":"Exposici\u00f3n que visibiliza destinos de confinamiento pol\u00edtico en Chile se inaugura en el Parque Cultural de Valpara\u00edso"}]},{"@type":"WebSite","@id":"https:\/\/dev.antudigital.cl\/sites\/vc\/#website","url":"https:\/\/dev.antudigital.cl\/sites\/vc\/","name":"Valpara\u00ed\u00adso Creativo","description":"","potentialAction":[{"@type":"SearchAction","target":{"@type":"EntryPoint","urlTemplate":"https:\/\/dev.antudigital.cl\/sites\/vc\/?s={search_term_string}"},"query-input":{"@type":"PropertyValueSpecification","valueRequired":true,"valueName":"search_term_string"}}],"inLanguage":"es"},{"@type":"Person","@id":"https:\/\/dev.antudigital.cl\/sites\/vc\/#\/schema\/person\/c2b9da8dd545e27166fc5ab232837318","name":"Valpara\u00edso Creativo","description":"Periodista de cultura en la Regi\u00f3n de Valpara\u00edso.","url":"https:\/\/dev.antudigital.cl\/sites\/vc\/author\/valpoadmin\/"}]}},"_links":{"self":[{"href":"https:\/\/dev.antudigital.cl\/sites\/vc\/wp-json\/wp\/v2\/posts\/19567","targetHints":{"allow":["GET"]}}],"collection":[{"href":"https:\/\/dev.antudigital.cl\/sites\/vc\/wp-json\/wp\/v2\/posts"}],"about":[{"href":"https:\/\/dev.antudigital.cl\/sites\/vc\/wp-json\/wp\/v2\/types\/post"}],"author":[{"embeddable":true,"href":"https:\/\/dev.antudigital.cl\/sites\/vc\/wp-json\/wp\/v2\/users\/1"}],"replies":[{"embeddable":true,"href":"https:\/\/dev.antudigital.cl\/sites\/vc\/wp-json\/wp\/v2\/comments?post=19567"}],"version-history":[{"count":1,"href":"https:\/\/dev.antudigital.cl\/sites\/vc\/wp-json\/wp\/v2\/posts\/19567\/revisions"}],"predecessor-version":[{"id":19571,"href":"https:\/\/dev.antudigital.cl\/sites\/vc\/wp-json\/wp\/v2\/posts\/19567\/revisions\/19571"}],"wp:featuredmedia":[{"embeddable":true,"href":"https:\/\/dev.antudigital.cl\/sites\/vc\/wp-json\/wp\/v2\/media\/19569"}],"wp:attachment":[{"href":"https:\/\/dev.antudigital.cl\/sites\/vc\/wp-json\/wp\/v2\/media?parent=19567"}],"wp:term":[{"taxonomy":"category","embeddable":true,"href":"https:\/\/dev.antudigital.cl\/sites\/vc\/wp-json\/wp\/v2\/categories?post=19567"},{"taxonomy":"post_tag","embeddable":true,"href":"https:\/\/dev.antudigital.cl\/sites\/vc\/wp-json\/wp\/v2\/tags?post=19567"}],"curies":[{"name":"wp","href":"https:\/\/api.w.org\/{rel}","templated":true}]}}