{"id":19572,"date":"2024-06-27T19:35:28","date_gmt":"2024-06-27T19:35:28","guid":{"rendered":"https:\/\/www.valparaisocreativo.cl\/?p=19572"},"modified":"2024-06-27T19:35:45","modified_gmt":"2024-06-27T19:35:45","slug":"las-vacaciones-de-invierno-se-estan-viviendo-al-calor-del-arte-en-museo-artequin-vina-del-mar","status":"publish","type":"post","link":"https:\/\/dev.antudigital.cl\/sites\/vc\/las-vacaciones-de-invierno-se-estan-viviendo-al-calor-del-arte-en-museo-artequin-vina-del-mar\/","title":{"rendered":"Las vacaciones de invierno se est\u00e1n viviendo \u201cAl calor del arte\u201d en museo Artequin Vi\u00f1a del Mar"},"content":{"rendered":"\n<p><em>La oferta de entretenci\u00f3n es de lunes a domingo con talleres, arte y actividades familiares.<\/em><\/p>\n\n\n\n<p>Las vacaciones de invierno ya est\u00e1n instaladas en la Regi\u00f3n de Valpara\u00edso y con la creciente llegada de visitantes y turistas invernales, se inicia la b\u00fasqueda de ofertas para la entretenci\u00f3n y panoramas. Pensando en estos d\u00edas libres para muchos escolares, estudiantes y familias, el Museo Artequin de Vi\u00f1a del Mar ofrece una nutrida parrilla de actividades para todas las edades, con interesantes propuestas de lunes a domingo.<\/p>\n\n\n\n<p><strong>Talleres grupales y ciclos de t\u00e9cnicas<\/strong><\/p>\n\n\n\n<p>Los talleres \u201cAprendices\u201d abordar\u00e1n distintas t\u00e9cnicas como el grabado, la acuarela, pintura, y otras, en varios ciclos de continuidad, que busca perfeccionar las habilidades en cada uno de sus estilos. Para participar de esta modalidad existe la promoci\u00f3n \u201cTarjetas Aprendices\u201d con un descuento especial la que tambi\u00e9n pueden ser entregada como tarjeta de regalo, el valor para participar es de $3.000.- por sesi\u00f3n. Otra alternativa de talleres son los grupales \u201cen Patota\u201d que se ofrecer\u00e1n hasta 3 veces al d\u00eda, con actividades como recorridos por el jard\u00edn del museo, juegos con m\u00fasica, talleres de dibujo y pintura y mucho m\u00e1s, estas \u00faltimas est\u00e1n incluidas con el valor de la entrada al museo y todas tienen cupos limitados.<\/p>\n\n\n\n<figure class=\"wp-block-image size-large\"><img fetchpriority=\"high\" decoding=\"async\" width=\"1024\" height=\"576\" src=\"https:\/\/www.valparaisocreativo.cl\/wp-content\/uploads\/2024\/06\/exterior-dia-gente-1024x576.jpeg\" alt=\"\" class=\"wp-image-19574\" srcset=\"https:\/\/dev.antudigital.cl\/sites\/vc\/wp-content\/uploads\/2024\/06\/exterior-dia-gente-1024x576.jpeg 1024w, https:\/\/dev.antudigital.cl\/sites\/vc\/wp-content\/uploads\/2024\/06\/exterior-dia-gente-300x169.jpeg 300w, https:\/\/dev.antudigital.cl\/sites\/vc\/wp-content\/uploads\/2024\/06\/exterior-dia-gente-768x432.jpeg 768w, https:\/\/dev.antudigital.cl\/sites\/vc\/wp-content\/uploads\/2024\/06\/exterior-dia-gente-1080x608.jpeg 1080w, https:\/\/dev.antudigital.cl\/sites\/vc\/wp-content\/uploads\/2024\/06\/exterior-dia-gente-980x551.jpeg 980w, https:\/\/dev.antudigital.cl\/sites\/vc\/wp-content\/uploads\/2024\/06\/exterior-dia-gente-480x270.jpeg 480w, https:\/\/dev.antudigital.cl\/sites\/vc\/wp-content\/uploads\/2024\/06\/exterior-dia-gente-24x14.jpeg 24w, https:\/\/dev.antudigital.cl\/sites\/vc\/wp-content\/uploads\/2024\/06\/exterior-dia-gente-36x20.jpeg 36w, https:\/\/dev.antudigital.cl\/sites\/vc\/wp-content\/uploads\/2024\/06\/exterior-dia-gente-48x27.jpeg 48w, https:\/\/dev.antudigital.cl\/sites\/vc\/wp-content\/uploads\/2024\/06\/exterior-dia-gente.jpeg 1280w\" sizes=\"(max-width: 1024px) 100vw, 1024px\" \/><\/figure>\n\n\n\n<p><strong>Robots, espect\u00e1culos y espacios accesibles<\/strong><\/p>\n\n\n\n<p>En la programaci\u00f3n de esta temporada se incluyen fechas con espect\u00e1culos familiares que van desde show de t\u00edteres tradicionales a la sorprendente magia de terror, incluso una charla cient\u00edfica con la demostraci\u00f3n de un simp\u00e1tico perro robot, a cargo de la Universidad T\u00e9cnica Federico Santa Mar\u00eda y su departamento de desarrollo tecnol\u00f3gico AC3E.<\/p>\n\n\n\n<p>Conscientes del valor de la inclusi\u00f3n y la accesibilidad como un eje en su quehacer y desarrollo, el museo ha ido incorporando diferentes elementos en sus instalaciones como rampas de acceso, recorridos t\u00e1ctiles, gu\u00edas en lenguas de se\u00f1as y pictogramas junto a estimulaci\u00f3n sensorial e interactivo, los que acompa\u00f1an al visitante durante el recorrido por la museograf\u00eda.<\/p>\n\n\n\n<figure class=\"wp-block-image size-large\"><img decoding=\"async\" width=\"1024\" height=\"576\" src=\"https:\/\/www.valparaisocreativo.cl\/wp-content\/uploads\/2024\/06\/interior-sesion-grupal-1024x576.jpeg\" alt=\"\" class=\"wp-image-19573\" srcset=\"https:\/\/dev.antudigital.cl\/sites\/vc\/wp-content\/uploads\/2024\/06\/interior-sesion-grupal-1024x576.jpeg 1024w, https:\/\/dev.antudigital.cl\/sites\/vc\/wp-content\/uploads\/2024\/06\/interior-sesion-grupal-300x169.jpeg 300w, https:\/\/dev.antudigital.cl\/sites\/vc\/wp-content\/uploads\/2024\/06\/interior-sesion-grupal-768x432.jpeg 768w, https:\/\/dev.antudigital.cl\/sites\/vc\/wp-content\/uploads\/2024\/06\/interior-sesion-grupal-1080x608.jpeg 1080w, https:\/\/dev.antudigital.cl\/sites\/vc\/wp-content\/uploads\/2024\/06\/interior-sesion-grupal-980x551.jpeg 980w, https:\/\/dev.antudigital.cl\/sites\/vc\/wp-content\/uploads\/2024\/06\/interior-sesion-grupal-480x270.jpeg 480w, https:\/\/dev.antudigital.cl\/sites\/vc\/wp-content\/uploads\/2024\/06\/interior-sesion-grupal-24x14.jpeg 24w, https:\/\/dev.antudigital.cl\/sites\/vc\/wp-content\/uploads\/2024\/06\/interior-sesion-grupal-36x20.jpeg 36w, https:\/\/dev.antudigital.cl\/sites\/vc\/wp-content\/uploads\/2024\/06\/interior-sesion-grupal-48x27.jpeg 48w, https:\/\/dev.antudigital.cl\/sites\/vc\/wp-content\/uploads\/2024\/06\/interior-sesion-grupal.jpeg 1280w\" sizes=\"(max-width: 1024px) 100vw, 1024px\" \/><\/figure>\n\n\n\n<p>Su directora ejecutiva Macarena Ruiz nos comenta: \u201cQueremos entregar un espacio de entretenci\u00f3n y cultura, que reciba a las familias y a grupos de cualquier tipo y edades, un espacio seguro y de aprendizaje, para conectar con las emociones a trav\u00e9s del arte y la naturaleza, presente en el Parque Quinta Vergara, del que somos parte\u201d.&nbsp;<\/p>\n\n\n\n<p>El museo Artequin Vi\u00f1a cuenta con plazas con juegos infantiles y cafeter\u00eda con terraza.<\/p>\n\n\n\n<p>Todo el detalle de la programaci\u00f3n y sus valores la pueden encontrar de manera detallada en el sitio web del museo <a href=\"http:\/\/www.artequinvina.cl\">www.artequinvina.cl<\/a> o en sus redes sociales @artequinvina , tambi\u00e9n tiene disponible un chat v\u00eda whatsapp al numero +569 9162 0092.<\/p>\n\n\n\n<p><\/p>\n","protected":false},"excerpt":{"rendered":"<p>La oferta de entretenci\u00f3n es de lunes a domingo con talleres, arte y actividades familiares. Las vacaciones de invierno ya est\u00e1n instaladas en la Regi\u00f3n de Valpara\u00edso y con la creciente llegada de visitantes y turistas invernales, se inicia la b\u00fasqueda de ofertas para la entretenci\u00f3n y panoramas. Pensando en estos d\u00edas libres para muchos [&hellip;]<\/p>\n","protected":false},"author":1,"featured_media":19575,"comment_status":"closed","ping_status":"closed","sticky":false,"template":"","format":"standard","meta":{"_acf_changed":false,"footnotes":""},"categories":[8],"tags":[],"class_list":["post-19572","post","type-post","status-publish","format-standard","has-post-thumbnail","hentry","category-noticia"],"acf":[],"yoast_head":"<!-- This site is optimized with the Yoast SEO plugin v27.1.1 - https:\/\/yoast.com\/product\/yoast-seo-wordpress\/ -->\n<title>Las vacaciones de invierno se est\u00e1n viviendo \u201cAl calor del arte\u201d en museo Artequin Vi\u00f1a del Mar - Valpara\u00ed\u00adso Creativo<\/title>\n<meta name=\"robots\" content=\"index, follow, max-snippet:-1, max-image-preview:large, max-video-preview:-1\" \/>\n<link rel=\"canonical\" href=\"https:\/\/dev.antudigital.cl\/sites\/vc\/las-vacaciones-de-invierno-se-estan-viviendo-al-calor-del-arte-en-museo-artequin-vina-del-mar\/\" \/>\n<meta property=\"og:locale\" content=\"es_ES\" \/>\n<meta property=\"og:type\" content=\"article\" \/>\n<meta property=\"og:title\" content=\"Las vacaciones de invierno se est\u00e1n viviendo \u201cAl calor del arte\u201d en museo Artequin Vi\u00f1a del Mar - Valpara\u00ed\u00adso Creativo\" \/>\n<meta property=\"og:description\" content=\"La oferta de entretenci\u00f3n es de lunes a domingo con talleres, arte y actividades familiares. Las vacaciones de invierno ya est\u00e1n instaladas en la Regi\u00f3n de Valpara\u00edso y con la creciente llegada de visitantes y turistas invernales, se inicia la b\u00fasqueda de ofertas para la entretenci\u00f3n y panoramas. Pensando en estos d\u00edas libres para muchos [&hellip;]\" \/>\n<meta property=\"og:url\" content=\"https:\/\/dev.antudigital.cl\/sites\/vc\/las-vacaciones-de-invierno-se-estan-viviendo-al-calor-del-arte-en-museo-artequin-vina-del-mar\/\" \/>\n<meta property=\"og:site_name\" content=\"Valpara\u00ed\u00adso Creativo\" \/>\n<meta property=\"article:published_time\" content=\"2024-06-27T19:35:28+00:00\" \/>\n<meta property=\"article:modified_time\" content=\"2024-06-27T19:35:45+00:00\" \/>\n<meta property=\"og:image\" content=\"https:\/\/dev.antudigital.cl\/sites\/vc\/wp-content\/uploads\/2024\/06\/exteriormuseo-scaled.jpg\" \/>\n\t<meta property=\"og:image:width\" content=\"2560\" \/>\n\t<meta property=\"og:image:height\" content=\"1440\" \/>\n\t<meta property=\"og:image:type\" content=\"image\/jpeg\" \/>\n<meta name=\"author\" content=\"Valpara\u00edso Creativo\" \/>\n<meta name=\"twitter:card\" content=\"summary_large_image\" \/>\n<meta name=\"twitter:label1\" content=\"Escrito por\" \/>\n\t<meta name=\"twitter:data1\" content=\"Valpara\u00edso Creativo\" \/>\n\t<meta name=\"twitter:label2\" content=\"Tiempo de lectura\" \/>\n\t<meta name=\"twitter:data2\" content=\"3 minutos\" \/>\n<script type=\"application\/ld+json\" class=\"yoast-schema-graph\">{\"@context\":\"https:\/\/schema.org\",\"@graph\":[{\"@type\":\"Article\",\"@id\":\"https:\/\/dev.antudigital.cl\/sites\/vc\/las-vacaciones-de-invierno-se-estan-viviendo-al-calor-del-arte-en-museo-artequin-vina-del-mar\/#article\",\"isPartOf\":{\"@id\":\"https:\/\/dev.antudigital.cl\/sites\/vc\/las-vacaciones-de-invierno-se-estan-viviendo-al-calor-del-arte-en-museo-artequin-vina-del-mar\/\"},\"author\":{\"name\":\"Valpara\u00edso Creativo\",\"@id\":\"https:\/\/dev.antudigital.cl\/sites\/vc\/#\/schema\/person\/c2b9da8dd545e27166fc5ab232837318\"},\"headline\":\"Las vacaciones de invierno se est\u00e1n viviendo \u201cAl calor del arte\u201d en museo Artequin Vi\u00f1a del Mar\",\"datePublished\":\"2024-06-27T19:35:28+00:00\",\"dateModified\":\"2024-06-27T19:35:45+00:00\",\"mainEntityOfPage\":{\"@id\":\"https:\/\/dev.antudigital.cl\/sites\/vc\/las-vacaciones-de-invierno-se-estan-viviendo-al-calor-del-arte-en-museo-artequin-vina-del-mar\/\"},\"wordCount\":494,\"image\":{\"@id\":\"https:\/\/dev.antudigital.cl\/sites\/vc\/las-vacaciones-de-invierno-se-estan-viviendo-al-calor-del-arte-en-museo-artequin-vina-del-mar\/#primaryimage\"},\"thumbnailUrl\":\"https:\/\/dev.antudigital.cl\/sites\/vc\/wp-content\/uploads\/2024\/06\/exteriormuseo-scaled.jpg\",\"articleSection\":[\"Noticia\"],\"inLanguage\":\"es\"},{\"@type\":\"WebPage\",\"@id\":\"https:\/\/dev.antudigital.cl\/sites\/vc\/las-vacaciones-de-invierno-se-estan-viviendo-al-calor-del-arte-en-museo-artequin-vina-del-mar\/\",\"url\":\"https:\/\/dev.antudigital.cl\/sites\/vc\/las-vacaciones-de-invierno-se-estan-viviendo-al-calor-del-arte-en-museo-artequin-vina-del-mar\/\",\"name\":\"Las vacaciones de invierno se est\u00e1n viviendo \u201cAl calor del arte\u201d en museo Artequin Vi\u00f1a del Mar - Valpara\u00ed\u00adso Creativo\",\"isPartOf\":{\"@id\":\"https:\/\/dev.antudigital.cl\/sites\/vc\/#website\"},\"primaryImageOfPage\":{\"@id\":\"https:\/\/dev.antudigital.cl\/sites\/vc\/las-vacaciones-de-invierno-se-estan-viviendo-al-calor-del-arte-en-museo-artequin-vina-del-mar\/#primaryimage\"},\"image\":{\"@id\":\"https:\/\/dev.antudigital.cl\/sites\/vc\/las-vacaciones-de-invierno-se-estan-viviendo-al-calor-del-arte-en-museo-artequin-vina-del-mar\/#primaryimage\"},\"thumbnailUrl\":\"https:\/\/dev.antudigital.cl\/sites\/vc\/wp-content\/uploads\/2024\/06\/exteriormuseo-scaled.jpg\",\"datePublished\":\"2024-06-27T19:35:28+00:00\",\"dateModified\":\"2024-06-27T19:35:45+00:00\",\"author\":{\"@id\":\"https:\/\/dev.antudigital.cl\/sites\/vc\/#\/schema\/person\/c2b9da8dd545e27166fc5ab232837318\"},\"breadcrumb\":{\"@id\":\"https:\/\/dev.antudigital.cl\/sites\/vc\/las-vacaciones-de-invierno-se-estan-viviendo-al-calor-del-arte-en-museo-artequin-vina-del-mar\/#breadcrumb\"},\"inLanguage\":\"es\",\"potentialAction\":[{\"@type\":\"ReadAction\",\"target\":[\"https:\/\/dev.antudigital.cl\/sites\/vc\/las-vacaciones-de-invierno-se-estan-viviendo-al-calor-del-arte-en-museo-artequin-vina-del-mar\/\"]}]},{\"@type\":\"ImageObject\",\"inLanguage\":\"es\",\"@id\":\"https:\/\/dev.antudigital.cl\/sites\/vc\/las-vacaciones-de-invierno-se-estan-viviendo-al-calor-del-arte-en-museo-artequin-vina-del-mar\/#primaryimage\",\"url\":\"https:\/\/dev.antudigital.cl\/sites\/vc\/wp-content\/uploads\/2024\/06\/exteriormuseo-scaled.jpg\",\"contentUrl\":\"https:\/\/dev.antudigital.cl\/sites\/vc\/wp-content\/uploads\/2024\/06\/exteriormuseo-scaled.jpg\",\"width\":2560,\"height\":1440},{\"@type\":\"BreadcrumbList\",\"@id\":\"https:\/\/dev.antudigital.cl\/sites\/vc\/las-vacaciones-de-invierno-se-estan-viviendo-al-calor-del-arte-en-museo-artequin-vina-del-mar\/#breadcrumb\",\"itemListElement\":[{\"@type\":\"ListItem\",\"position\":1,\"name\":\"Home\",\"item\":\"https:\/\/dev.antudigital.cl\/sites\/vc\/\"},{\"@type\":\"ListItem\",\"position\":2,\"name\":\"Las vacaciones de invierno se est\u00e1n viviendo \u201cAl calor del arte\u201d en museo Artequin Vi\u00f1a del Mar\"}]},{\"@type\":\"WebSite\",\"@id\":\"https:\/\/dev.antudigital.cl\/sites\/vc\/#website\",\"url\":\"https:\/\/dev.antudigital.cl\/sites\/vc\/\",\"name\":\"Valpara\u00ed\u00adso Creativo\",\"description\":\"\",\"potentialAction\":[{\"@type\":\"SearchAction\",\"target\":{\"@type\":\"EntryPoint\",\"urlTemplate\":\"https:\/\/dev.antudigital.cl\/sites\/vc\/?s={search_term_string}\"},\"query-input\":{\"@type\":\"PropertyValueSpecification\",\"valueRequired\":true,\"valueName\":\"search_term_string\"}}],\"inLanguage\":\"es\"},{\"@type\":\"Person\",\"@id\":\"https:\/\/dev.antudigital.cl\/sites\/vc\/#\/schema\/person\/c2b9da8dd545e27166fc5ab232837318\",\"name\":\"Valpara\u00edso Creativo\",\"description\":\"Periodista de cultura en la Regi\u00f3n de Valpara\u00edso.\",\"url\":\"https:\/\/dev.antudigital.cl\/sites\/vc\/author\/valpoadmin\/\"}]}<\/script>\n<!-- \/ Yoast SEO plugin. -->","yoast_head_json":{"title":"Las vacaciones de invierno se est\u00e1n viviendo \u201cAl calor del arte\u201d en museo Artequin Vi\u00f1a del Mar - Valpara\u00ed\u00adso Creativo","robots":{"index":"index","follow":"follow","max-snippet":"max-snippet:-1","max-image-preview":"max-image-preview:large","max-video-preview":"max-video-preview:-1"},"canonical":"https:\/\/dev.antudigital.cl\/sites\/vc\/las-vacaciones-de-invierno-se-estan-viviendo-al-calor-del-arte-en-museo-artequin-vina-del-mar\/","og_locale":"es_ES","og_type":"article","og_title":"Las vacaciones de invierno se est\u00e1n viviendo \u201cAl calor del arte\u201d en museo Artequin Vi\u00f1a del Mar - Valpara\u00ed\u00adso Creativo","og_description":"La oferta de entretenci\u00f3n es de lunes a domingo con talleres, arte y actividades familiares. Las vacaciones de invierno ya est\u00e1n instaladas en la Regi\u00f3n de Valpara\u00edso y con la creciente llegada de visitantes y turistas invernales, se inicia la b\u00fasqueda de ofertas para la entretenci\u00f3n y panoramas. Pensando en estos d\u00edas libres para muchos [&hellip;]","og_url":"https:\/\/dev.antudigital.cl\/sites\/vc\/las-vacaciones-de-invierno-se-estan-viviendo-al-calor-del-arte-en-museo-artequin-vina-del-mar\/","og_site_name":"Valpara\u00ed\u00adso Creativo","article_published_time":"2024-06-27T19:35:28+00:00","article_modified_time":"2024-06-27T19:35:45+00:00","og_image":[{"width":2560,"height":1440,"url":"https:\/\/dev.antudigital.cl\/sites\/vc\/wp-content\/uploads\/2024\/06\/exteriormuseo-scaled.jpg","type":"image\/jpeg"}],"author":"Valpara\u00edso Creativo","twitter_card":"summary_large_image","twitter_misc":{"Escrito por":"Valpara\u00edso Creativo","Tiempo de lectura":"3 minutos"},"schema":{"@context":"https:\/\/schema.org","@graph":[{"@type":"Article","@id":"https:\/\/dev.antudigital.cl\/sites\/vc\/las-vacaciones-de-invierno-se-estan-viviendo-al-calor-del-arte-en-museo-artequin-vina-del-mar\/#article","isPartOf":{"@id":"https:\/\/dev.antudigital.cl\/sites\/vc\/las-vacaciones-de-invierno-se-estan-viviendo-al-calor-del-arte-en-museo-artequin-vina-del-mar\/"},"author":{"name":"Valpara\u00edso Creativo","@id":"https:\/\/dev.antudigital.cl\/sites\/vc\/#\/schema\/person\/c2b9da8dd545e27166fc5ab232837318"},"headline":"Las vacaciones de invierno se est\u00e1n viviendo \u201cAl calor del arte\u201d en museo Artequin Vi\u00f1a del Mar","datePublished":"2024-06-27T19:35:28+00:00","dateModified":"2024-06-27T19:35:45+00:00","mainEntityOfPage":{"@id":"https:\/\/dev.antudigital.cl\/sites\/vc\/las-vacaciones-de-invierno-se-estan-viviendo-al-calor-del-arte-en-museo-artequin-vina-del-mar\/"},"wordCount":494,"image":{"@id":"https:\/\/dev.antudigital.cl\/sites\/vc\/las-vacaciones-de-invierno-se-estan-viviendo-al-calor-del-arte-en-museo-artequin-vina-del-mar\/#primaryimage"},"thumbnailUrl":"https:\/\/dev.antudigital.cl\/sites\/vc\/wp-content\/uploads\/2024\/06\/exteriormuseo-scaled.jpg","articleSection":["Noticia"],"inLanguage":"es"},{"@type":"WebPage","@id":"https:\/\/dev.antudigital.cl\/sites\/vc\/las-vacaciones-de-invierno-se-estan-viviendo-al-calor-del-arte-en-museo-artequin-vina-del-mar\/","url":"https:\/\/dev.antudigital.cl\/sites\/vc\/las-vacaciones-de-invierno-se-estan-viviendo-al-calor-del-arte-en-museo-artequin-vina-del-mar\/","name":"Las vacaciones de invierno se est\u00e1n viviendo \u201cAl calor del arte\u201d en museo Artequin Vi\u00f1a del Mar - Valpara\u00ed\u00adso Creativo","isPartOf":{"@id":"https:\/\/dev.antudigital.cl\/sites\/vc\/#website"},"primaryImageOfPage":{"@id":"https:\/\/dev.antudigital.cl\/sites\/vc\/las-vacaciones-de-invierno-se-estan-viviendo-al-calor-del-arte-en-museo-artequin-vina-del-mar\/#primaryimage"},"image":{"@id":"https:\/\/dev.antudigital.cl\/sites\/vc\/las-vacaciones-de-invierno-se-estan-viviendo-al-calor-del-arte-en-museo-artequin-vina-del-mar\/#primaryimage"},"thumbnailUrl":"https:\/\/dev.antudigital.cl\/sites\/vc\/wp-content\/uploads\/2024\/06\/exteriormuseo-scaled.jpg","datePublished":"2024-06-27T19:35:28+00:00","dateModified":"2024-06-27T19:35:45+00:00","author":{"@id":"https:\/\/dev.antudigital.cl\/sites\/vc\/#\/schema\/person\/c2b9da8dd545e27166fc5ab232837318"},"breadcrumb":{"@id":"https:\/\/dev.antudigital.cl\/sites\/vc\/las-vacaciones-de-invierno-se-estan-viviendo-al-calor-del-arte-en-museo-artequin-vina-del-mar\/#breadcrumb"},"inLanguage":"es","potentialAction":[{"@type":"ReadAction","target":["https:\/\/dev.antudigital.cl\/sites\/vc\/las-vacaciones-de-invierno-se-estan-viviendo-al-calor-del-arte-en-museo-artequin-vina-del-mar\/"]}]},{"@type":"ImageObject","inLanguage":"es","@id":"https:\/\/dev.antudigital.cl\/sites\/vc\/las-vacaciones-de-invierno-se-estan-viviendo-al-calor-del-arte-en-museo-artequin-vina-del-mar\/#primaryimage","url":"https:\/\/dev.antudigital.cl\/sites\/vc\/wp-content\/uploads\/2024\/06\/exteriormuseo-scaled.jpg","contentUrl":"https:\/\/dev.antudigital.cl\/sites\/vc\/wp-content\/uploads\/2024\/06\/exteriormuseo-scaled.jpg","width":2560,"height":1440},{"@type":"BreadcrumbList","@id":"https:\/\/dev.antudigital.cl\/sites\/vc\/las-vacaciones-de-invierno-se-estan-viviendo-al-calor-del-arte-en-museo-artequin-vina-del-mar\/#breadcrumb","itemListElement":[{"@type":"ListItem","position":1,"name":"Home","item":"https:\/\/dev.antudigital.cl\/sites\/vc\/"},{"@type":"ListItem","position":2,"name":"Las vacaciones de invierno se est\u00e1n viviendo \u201cAl calor del arte\u201d en museo Artequin Vi\u00f1a del Mar"}]},{"@type":"WebSite","@id":"https:\/\/dev.antudigital.cl\/sites\/vc\/#website","url":"https:\/\/dev.antudigital.cl\/sites\/vc\/","name":"Valpara\u00ed\u00adso Creativo","description":"","potentialAction":[{"@type":"SearchAction","target":{"@type":"EntryPoint","urlTemplate":"https:\/\/dev.antudigital.cl\/sites\/vc\/?s={search_term_string}"},"query-input":{"@type":"PropertyValueSpecification","valueRequired":true,"valueName":"search_term_string"}}],"inLanguage":"es"},{"@type":"Person","@id":"https:\/\/dev.antudigital.cl\/sites\/vc\/#\/schema\/person\/c2b9da8dd545e27166fc5ab232837318","name":"Valpara\u00edso Creativo","description":"Periodista de cultura en la Regi\u00f3n de Valpara\u00edso.","url":"https:\/\/dev.antudigital.cl\/sites\/vc\/author\/valpoadmin\/"}]}},"_links":{"self":[{"href":"https:\/\/dev.antudigital.cl\/sites\/vc\/wp-json\/wp\/v2\/posts\/19572","targetHints":{"allow":["GET"]}}],"collection":[{"href":"https:\/\/dev.antudigital.cl\/sites\/vc\/wp-json\/wp\/v2\/posts"}],"about":[{"href":"https:\/\/dev.antudigital.cl\/sites\/vc\/wp-json\/wp\/v2\/types\/post"}],"author":[{"embeddable":true,"href":"https:\/\/dev.antudigital.cl\/sites\/vc\/wp-json\/wp\/v2\/users\/1"}],"replies":[{"embeddable":true,"href":"https:\/\/dev.antudigital.cl\/sites\/vc\/wp-json\/wp\/v2\/comments?post=19572"}],"version-history":[{"count":1,"href":"https:\/\/dev.antudigital.cl\/sites\/vc\/wp-json\/wp\/v2\/posts\/19572\/revisions"}],"predecessor-version":[{"id":19576,"href":"https:\/\/dev.antudigital.cl\/sites\/vc\/wp-json\/wp\/v2\/posts\/19572\/revisions\/19576"}],"wp:featuredmedia":[{"embeddable":true,"href":"https:\/\/dev.antudigital.cl\/sites\/vc\/wp-json\/wp\/v2\/media\/19575"}],"wp:attachment":[{"href":"https:\/\/dev.antudigital.cl\/sites\/vc\/wp-json\/wp\/v2\/media?parent=19572"}],"wp:term":[{"taxonomy":"category","embeddable":true,"href":"https:\/\/dev.antudigital.cl\/sites\/vc\/wp-json\/wp\/v2\/categories?post=19572"},{"taxonomy":"post_tag","embeddable":true,"href":"https:\/\/dev.antudigital.cl\/sites\/vc\/wp-json\/wp\/v2\/tags?post=19572"}],"curies":[{"name":"wp","href":"https:\/\/api.w.org\/{rel}","templated":true}]}}