{"id":19577,"date":"2024-06-27T19:38:49","date_gmt":"2024-06-27T19:38:49","guid":{"rendered":"https:\/\/www.valparaisocreativo.cl\/?p=19577"},"modified":"2024-06-27T19:39:07","modified_gmt":"2024-06-27T19:39:07","slug":"los-colonos-pelicula-sobre-el-genocio-selknam-se-exhibira-gratis-en-el-cft-pucv-de-quillota","status":"publish","type":"post","link":"https:\/\/dev.antudigital.cl\/sites\/vc\/los-colonos-pelicula-sobre-el-genocio-selknam-se-exhibira-gratis-en-el-cft-pucv-de-quillota\/","title":{"rendered":"\u201cLos Colonos\u201d, pel\u00edcula sobre el genocio Selk&#8217;nam, se exhibir\u00e1 gratis en el CFT PUCV de Quillota"},"content":{"rendered":"\n<p><em>La pel\u00edcula es para mayores de 14 a\u00f1os y habr\u00e1 un conversatorio posterior a la funci\u00f3n.&nbsp;<\/em><\/p>\n\n\n\n<p>Con el fin de seguir difundiendo el cine chileno en la regi\u00f3n de Valpara\u00edso, el Centro Cultural Quilpu\u00e9 Audiovisual en colaboraci\u00f3n con el CFT PUCV exhibir\u00e1n este&nbsp;<strong>viernes 28<\/strong>&nbsp;<strong>de junio<\/strong>&nbsp;a las&nbsp;<strong>16:30 horas&nbsp;<\/strong>en el auditorio del CFT Sede Quillota la pel\u00edcula \u201cLos Colonos\u201d.&nbsp;<\/p>\n\n\n\n<p>\u201cLos Colonos\u201d es la \u00f3pera prima del director Felipe G\u00e1lvez y retrata el genocidio del pueblo Selk\u2019nam en Tierra del Fuego. Chile, 1901. Un estanciero rico en Tierra del Fuego contrata a un teniente ingl\u00e9s y un mercenario estadounidense para abrir una ruta para sus ovejas hasta el Atl\u00e1ntico. Los gu\u00eda Segundo, un chileno mestizo que se vuelve c\u00f3mplice involuntario de una violenta cacer\u00eda de ind\u00edgenas. Siete a\u00f1os despu\u00e9s, un enviado del Presidente visita las tierras civilizadas.<\/p>\n\n\n\n<p>La actividad es con entrada liberada y est\u00e1 dirigida a todo el p\u00fablico estudiantil. Al respecto,\u00a0<strong>Makarena Ibaceta C\u00f3rdova<\/strong>, Directora de Vinculaci\u00f3n con el Medio de CFT PUCV, menciona que\u00a0<em>\u201crealizar intervenciones de ciclos de Cine Chileno en el marco del desarrollo cultural y las econom\u00edas creativas, puede aportar a la formaci\u00f3n integral de las y los estudiantes, promover la cultura nacional, estimular la creatividad, fomentar el debate y la reflexi\u00f3n abordando una amplia gama de temas sociales, culturales y humanos. Tambi\u00e9n, es importante apoyar a la industria audiovisual regional y fortalecer las alianzas estrat\u00e9gicas en el \u00e1mbito cinematogr\u00e1fico, por lo que se transforma en una herramienta valiosa para educar de una manera diferente\u201d.<\/em><\/p>\n\n\n\n<figure class=\"wp-block-image size-large\"><img fetchpriority=\"high\" decoding=\"async\" width=\"1024\" height=\"683\" src=\"https:\/\/www.valparaisocreativo.cl\/wp-content\/uploads\/2024\/06\/Los-Colonos-QP-1024x683.jpg\" alt=\"\" class=\"wp-image-19579\" srcset=\"https:\/\/dev.antudigital.cl\/sites\/vc\/wp-content\/uploads\/2024\/06\/Los-Colonos-QP-1024x683.jpg 1024w, https:\/\/dev.antudigital.cl\/sites\/vc\/wp-content\/uploads\/2024\/06\/Los-Colonos-QP-300x200.jpg 300w, https:\/\/dev.antudigital.cl\/sites\/vc\/wp-content\/uploads\/2024\/06\/Los-Colonos-QP-768x512.jpg 768w, https:\/\/dev.antudigital.cl\/sites\/vc\/wp-content\/uploads\/2024\/06\/Los-Colonos-QP-1536x1024.jpg 1536w, https:\/\/dev.antudigital.cl\/sites\/vc\/wp-content\/uploads\/2024\/06\/Los-Colonos-QP-2048x1365.jpg 2048w, https:\/\/dev.antudigital.cl\/sites\/vc\/wp-content\/uploads\/2024\/06\/Los-Colonos-QP-1080x720.jpg 1080w, https:\/\/dev.antudigital.cl\/sites\/vc\/wp-content\/uploads\/2024\/06\/Los-Colonos-QP-1280x854.jpg 1280w, https:\/\/dev.antudigital.cl\/sites\/vc\/wp-content\/uploads\/2024\/06\/Los-Colonos-QP-980x653.jpg 980w, https:\/\/dev.antudigital.cl\/sites\/vc\/wp-content\/uploads\/2024\/06\/Los-Colonos-QP-480x320.jpg 480w, https:\/\/dev.antudigital.cl\/sites\/vc\/wp-content\/uploads\/2024\/06\/Los-Colonos-QP-24x16.jpg 24w, https:\/\/dev.antudigital.cl\/sites\/vc\/wp-content\/uploads\/2024\/06\/Los-Colonos-QP-36x24.jpg 36w, https:\/\/dev.antudigital.cl\/sites\/vc\/wp-content\/uploads\/2024\/06\/Los-Colonos-QP-48x32.jpg 48w\" sizes=\"(max-width: 1024px) 100vw, 1024px\" \/><\/figure>\n\n\n\n<p>Por su parte,&nbsp;<strong>Laura Espinoza<\/strong>, encargada de mediaci\u00f3n y p\u00fablicos de Quilpu\u00e9 Audiovisual expresa que est\u00e1n muy felices de poder expandir la programaci\u00f3n de cine a otros espacios:&nbsp;<em>\u201cNos alegra mucho poder llevar el cine chileno a otras esferas de la ciudadan\u00eda pudiendo llegar esta vez a los y las estudiantes del CFT, a quienes invitamos a ver esta pel\u00edcula de gran factura y a reflexionar a trav\u00e9s del cine sobre lo que fue el genocidio Selk\u00b4nam en el sur de Chile\u201d.<\/em><\/p>\n\n\n\n<p><strong>Esta iniciativa cuenta con el financiamiento del Ministerio de las Culturas, las Artes y el Patrimonio<\/strong>&nbsp;a trav\u00e9s de su Programa de Apoyo a Organizaciones Culturales Colaboradoras&nbsp;y cuenta con la colaboraci\u00f3n de la&nbsp;<strong>Municipalidad de Quillota, CFT PUCV y&nbsp; EFE Trenes Valpara\u00edso.<\/strong><\/p>\n\n\n\n<p>Para m\u00e1s detalles sobre la cartelera mensual revisar&nbsp;<a href=\"http:\/\/www.quilpueaudiovisual.cl\/\" target=\"_blank\" rel=\"noreferrer noopener\">www.quilpueaudiovisual.cl<\/a><\/p>\n\n\n\n<p><strong>Redes sociales: @ccquilpueaudiovisual<\/strong><\/p>\n\n\n\n<figure class=\"wp-block-image size-large\"><img decoding=\"async\" width=\"819\" height=\"1024\" src=\"https:\/\/www.valparaisocreativo.cl\/wp-content\/uploads\/2024\/06\/QLL-28-junio-CCQA-819x1024.jpg\" alt=\"\" class=\"wp-image-19580\" srcset=\"https:\/\/dev.antudigital.cl\/sites\/vc\/wp-content\/uploads\/2024\/06\/QLL-28-junio-CCQA-819x1024.jpg 819w, https:\/\/dev.antudigital.cl\/sites\/vc\/wp-content\/uploads\/2024\/06\/QLL-28-junio-CCQA-240x300.jpg 240w, https:\/\/dev.antudigital.cl\/sites\/vc\/wp-content\/uploads\/2024\/06\/QLL-28-junio-CCQA-768x960.jpg 768w, https:\/\/dev.antudigital.cl\/sites\/vc\/wp-content\/uploads\/2024\/06\/QLL-28-junio-CCQA-980x1225.jpg 980w, https:\/\/dev.antudigital.cl\/sites\/vc\/wp-content\/uploads\/2024\/06\/QLL-28-junio-CCQA-480x600.jpg 480w, https:\/\/dev.antudigital.cl\/sites\/vc\/wp-content\/uploads\/2024\/06\/QLL-28-junio-CCQA-19x24.jpg 19w, https:\/\/dev.antudigital.cl\/sites\/vc\/wp-content\/uploads\/2024\/06\/QLL-28-junio-CCQA-29x36.jpg 29w, https:\/\/dev.antudigital.cl\/sites\/vc\/wp-content\/uploads\/2024\/06\/QLL-28-junio-CCQA-38x48.jpg 38w, https:\/\/dev.antudigital.cl\/sites\/vc\/wp-content\/uploads\/2024\/06\/QLL-28-junio-CCQA.jpg 1080w\" sizes=\"(max-width: 819px) 100vw, 819px\" \/><\/figure>\n","protected":false},"excerpt":{"rendered":"<p>La pel\u00edcula es para mayores de 14 a\u00f1os y habr\u00e1 un conversatorio posterior a la funci\u00f3n.&nbsp; Con el fin de seguir difundiendo el cine chileno en la regi\u00f3n de Valpara\u00edso, el Centro Cultural Quilpu\u00e9 Audiovisual en colaboraci\u00f3n con el CFT PUCV exhibir\u00e1n este&nbsp;viernes 28&nbsp;de junio&nbsp;a las&nbsp;16:30 horas&nbsp;en el auditorio del CFT Sede Quillota la pel\u00edcula [&hellip;]<\/p>\n","protected":false},"author":1,"featured_media":19578,"comment_status":"closed","ping_status":"closed","sticky":false,"template":"","format":"standard","meta":{"_acf_changed":false,"footnotes":""},"categories":[8],"tags":[],"class_list":["post-19577","post","type-post","status-publish","format-standard","has-post-thumbnail","hentry","category-noticia"],"acf":[],"yoast_head":"<!-- This site is optimized with the Yoast SEO plugin v27.1.1 - https:\/\/yoast.com\/product\/yoast-seo-wordpress\/ -->\n<title>\u201cLos Colonos\u201d, pel\u00edcula sobre el genocio Selk&#039;nam, se exhibir\u00e1 gratis en el CFT PUCV de Quillota - Valpara\u00ed\u00adso Creativo<\/title>\n<meta name=\"robots\" content=\"index, follow, max-snippet:-1, max-image-preview:large, max-video-preview:-1\" \/>\n<link rel=\"canonical\" href=\"https:\/\/dev.antudigital.cl\/sites\/vc\/los-colonos-pelicula-sobre-el-genocio-selknam-se-exhibira-gratis-en-el-cft-pucv-de-quillota\/\" \/>\n<meta property=\"og:locale\" content=\"es_ES\" \/>\n<meta property=\"og:type\" content=\"article\" \/>\n<meta property=\"og:title\" content=\"\u201cLos Colonos\u201d, pel\u00edcula sobre el genocio Selk&#039;nam, se exhibir\u00e1 gratis en el CFT PUCV de Quillota - Valpara\u00ed\u00adso Creativo\" \/>\n<meta property=\"og:description\" content=\"La pel\u00edcula es para mayores de 14 a\u00f1os y habr\u00e1 un conversatorio posterior a la funci\u00f3n.&nbsp; Con el fin de seguir difundiendo el cine chileno en la regi\u00f3n de Valpara\u00edso, el Centro Cultural Quilpu\u00e9 Audiovisual en colaboraci\u00f3n con el CFT PUCV exhibir\u00e1n este&nbsp;viernes 28&nbsp;de junio&nbsp;a las&nbsp;16:30 horas&nbsp;en el auditorio del CFT Sede Quillota la pel\u00edcula [&hellip;]\" \/>\n<meta property=\"og:url\" content=\"https:\/\/dev.antudigital.cl\/sites\/vc\/los-colonos-pelicula-sobre-el-genocio-selknam-se-exhibira-gratis-en-el-cft-pucv-de-quillota\/\" \/>\n<meta property=\"og:site_name\" content=\"Valpara\u00ed\u00adso Creativo\" \/>\n<meta property=\"article:published_time\" content=\"2024-06-27T19:38:49+00:00\" \/>\n<meta property=\"article:modified_time\" content=\"2024-06-27T19:39:07+00:00\" \/>\n<meta property=\"og:image\" content=\"https:\/\/dev.antudigital.cl\/sites\/vc\/wp-content\/uploads\/2024\/06\/Los-Colonos-QLL-scaled.jpg\" \/>\n\t<meta property=\"og:image:width\" content=\"2560\" \/>\n\t<meta property=\"og:image:height\" content=\"1707\" \/>\n\t<meta property=\"og:image:type\" content=\"image\/jpeg\" \/>\n<meta name=\"author\" content=\"Valpara\u00edso Creativo\" \/>\n<meta name=\"twitter:card\" content=\"summary_large_image\" \/>\n<meta name=\"twitter:label1\" content=\"Escrito por\" \/>\n\t<meta name=\"twitter:data1\" content=\"Valpara\u00edso Creativo\" \/>\n\t<meta name=\"twitter:label2\" content=\"Tiempo de lectura\" \/>\n\t<meta name=\"twitter:data2\" content=\"3 minutos\" \/>\n<script type=\"application\/ld+json\" class=\"yoast-schema-graph\">{\"@context\":\"https:\/\/schema.org\",\"@graph\":[{\"@type\":\"Article\",\"@id\":\"https:\/\/dev.antudigital.cl\/sites\/vc\/los-colonos-pelicula-sobre-el-genocio-selknam-se-exhibira-gratis-en-el-cft-pucv-de-quillota\/#article\",\"isPartOf\":{\"@id\":\"https:\/\/dev.antudigital.cl\/sites\/vc\/los-colonos-pelicula-sobre-el-genocio-selknam-se-exhibira-gratis-en-el-cft-pucv-de-quillota\/\"},\"author\":{\"name\":\"Valpara\u00edso Creativo\",\"@id\":\"https:\/\/dev.antudigital.cl\/sites\/vc\/#\/schema\/person\/c2b9da8dd545e27166fc5ab232837318\"},\"headline\":\"\u201cLos Colonos\u201d, pel\u00edcula sobre el genocio Selk&#8217;nam, se exhibir\u00e1 gratis en el CFT PUCV de Quillota\",\"datePublished\":\"2024-06-27T19:38:49+00:00\",\"dateModified\":\"2024-06-27T19:39:07+00:00\",\"mainEntityOfPage\":{\"@id\":\"https:\/\/dev.antudigital.cl\/sites\/vc\/los-colonos-pelicula-sobre-el-genocio-selknam-se-exhibira-gratis-en-el-cft-pucv-de-quillota\/\"},\"wordCount\":459,\"image\":{\"@id\":\"https:\/\/dev.antudigital.cl\/sites\/vc\/los-colonos-pelicula-sobre-el-genocio-selknam-se-exhibira-gratis-en-el-cft-pucv-de-quillota\/#primaryimage\"},\"thumbnailUrl\":\"https:\/\/dev.antudigital.cl\/sites\/vc\/wp-content\/uploads\/2024\/06\/Los-Colonos-QLL-scaled.jpg\",\"articleSection\":[\"Noticia\"],\"inLanguage\":\"es\"},{\"@type\":\"WebPage\",\"@id\":\"https:\/\/dev.antudigital.cl\/sites\/vc\/los-colonos-pelicula-sobre-el-genocio-selknam-se-exhibira-gratis-en-el-cft-pucv-de-quillota\/\",\"url\":\"https:\/\/dev.antudigital.cl\/sites\/vc\/los-colonos-pelicula-sobre-el-genocio-selknam-se-exhibira-gratis-en-el-cft-pucv-de-quillota\/\",\"name\":\"\u201cLos Colonos\u201d, pel\u00edcula sobre el genocio Selk'nam, se exhibir\u00e1 gratis en el CFT PUCV de Quillota - Valpara\u00ed\u00adso Creativo\",\"isPartOf\":{\"@id\":\"https:\/\/dev.antudigital.cl\/sites\/vc\/#website\"},\"primaryImageOfPage\":{\"@id\":\"https:\/\/dev.antudigital.cl\/sites\/vc\/los-colonos-pelicula-sobre-el-genocio-selknam-se-exhibira-gratis-en-el-cft-pucv-de-quillota\/#primaryimage\"},\"image\":{\"@id\":\"https:\/\/dev.antudigital.cl\/sites\/vc\/los-colonos-pelicula-sobre-el-genocio-selknam-se-exhibira-gratis-en-el-cft-pucv-de-quillota\/#primaryimage\"},\"thumbnailUrl\":\"https:\/\/dev.antudigital.cl\/sites\/vc\/wp-content\/uploads\/2024\/06\/Los-Colonos-QLL-scaled.jpg\",\"datePublished\":\"2024-06-27T19:38:49+00:00\",\"dateModified\":\"2024-06-27T19:39:07+00:00\",\"author\":{\"@id\":\"https:\/\/dev.antudigital.cl\/sites\/vc\/#\/schema\/person\/c2b9da8dd545e27166fc5ab232837318\"},\"breadcrumb\":{\"@id\":\"https:\/\/dev.antudigital.cl\/sites\/vc\/los-colonos-pelicula-sobre-el-genocio-selknam-se-exhibira-gratis-en-el-cft-pucv-de-quillota\/#breadcrumb\"},\"inLanguage\":\"es\",\"potentialAction\":[{\"@type\":\"ReadAction\",\"target\":[\"https:\/\/dev.antudigital.cl\/sites\/vc\/los-colonos-pelicula-sobre-el-genocio-selknam-se-exhibira-gratis-en-el-cft-pucv-de-quillota\/\"]}]},{\"@type\":\"ImageObject\",\"inLanguage\":\"es\",\"@id\":\"https:\/\/dev.antudigital.cl\/sites\/vc\/los-colonos-pelicula-sobre-el-genocio-selknam-se-exhibira-gratis-en-el-cft-pucv-de-quillota\/#primaryimage\",\"url\":\"https:\/\/dev.antudigital.cl\/sites\/vc\/wp-content\/uploads\/2024\/06\/Los-Colonos-QLL-scaled.jpg\",\"contentUrl\":\"https:\/\/dev.antudigital.cl\/sites\/vc\/wp-content\/uploads\/2024\/06\/Los-Colonos-QLL-scaled.jpg\",\"width\":2560,\"height\":1707},{\"@type\":\"BreadcrumbList\",\"@id\":\"https:\/\/dev.antudigital.cl\/sites\/vc\/los-colonos-pelicula-sobre-el-genocio-selknam-se-exhibira-gratis-en-el-cft-pucv-de-quillota\/#breadcrumb\",\"itemListElement\":[{\"@type\":\"ListItem\",\"position\":1,\"name\":\"Home\",\"item\":\"https:\/\/dev.antudigital.cl\/sites\/vc\/\"},{\"@type\":\"ListItem\",\"position\":2,\"name\":\"\u201cLos Colonos\u201d, pel\u00edcula sobre el genocio Selk&#8217;nam, se exhibir\u00e1 gratis en el CFT PUCV de Quillota\"}]},{\"@type\":\"WebSite\",\"@id\":\"https:\/\/dev.antudigital.cl\/sites\/vc\/#website\",\"url\":\"https:\/\/dev.antudigital.cl\/sites\/vc\/\",\"name\":\"Valpara\u00ed\u00adso Creativo\",\"description\":\"\",\"potentialAction\":[{\"@type\":\"SearchAction\",\"target\":{\"@type\":\"EntryPoint\",\"urlTemplate\":\"https:\/\/dev.antudigital.cl\/sites\/vc\/?s={search_term_string}\"},\"query-input\":{\"@type\":\"PropertyValueSpecification\",\"valueRequired\":true,\"valueName\":\"search_term_string\"}}],\"inLanguage\":\"es\"},{\"@type\":\"Person\",\"@id\":\"https:\/\/dev.antudigital.cl\/sites\/vc\/#\/schema\/person\/c2b9da8dd545e27166fc5ab232837318\",\"name\":\"Valpara\u00edso Creativo\",\"description\":\"Periodista de cultura en la Regi\u00f3n de Valpara\u00edso.\",\"url\":\"https:\/\/dev.antudigital.cl\/sites\/vc\/author\/valpoadmin\/\"}]}<\/script>\n<!-- \/ Yoast SEO plugin. -->","yoast_head_json":{"title":"\u201cLos Colonos\u201d, pel\u00edcula sobre el genocio Selk'nam, se exhibir\u00e1 gratis en el CFT PUCV de Quillota - Valpara\u00ed\u00adso Creativo","robots":{"index":"index","follow":"follow","max-snippet":"max-snippet:-1","max-image-preview":"max-image-preview:large","max-video-preview":"max-video-preview:-1"},"canonical":"https:\/\/dev.antudigital.cl\/sites\/vc\/los-colonos-pelicula-sobre-el-genocio-selknam-se-exhibira-gratis-en-el-cft-pucv-de-quillota\/","og_locale":"es_ES","og_type":"article","og_title":"\u201cLos Colonos\u201d, pel\u00edcula sobre el genocio Selk'nam, se exhibir\u00e1 gratis en el CFT PUCV de Quillota - Valpara\u00ed\u00adso Creativo","og_description":"La pel\u00edcula es para mayores de 14 a\u00f1os y habr\u00e1 un conversatorio posterior a la funci\u00f3n.&nbsp; Con el fin de seguir difundiendo el cine chileno en la regi\u00f3n de Valpara\u00edso, el Centro Cultural Quilpu\u00e9 Audiovisual en colaboraci\u00f3n con el CFT PUCV exhibir\u00e1n este&nbsp;viernes 28&nbsp;de junio&nbsp;a las&nbsp;16:30 horas&nbsp;en el auditorio del CFT Sede Quillota la pel\u00edcula [&hellip;]","og_url":"https:\/\/dev.antudigital.cl\/sites\/vc\/los-colonos-pelicula-sobre-el-genocio-selknam-se-exhibira-gratis-en-el-cft-pucv-de-quillota\/","og_site_name":"Valpara\u00ed\u00adso Creativo","article_published_time":"2024-06-27T19:38:49+00:00","article_modified_time":"2024-06-27T19:39:07+00:00","og_image":[{"width":2560,"height":1707,"url":"https:\/\/dev.antudigital.cl\/sites\/vc\/wp-content\/uploads\/2024\/06\/Los-Colonos-QLL-scaled.jpg","type":"image\/jpeg"}],"author":"Valpara\u00edso Creativo","twitter_card":"summary_large_image","twitter_misc":{"Escrito por":"Valpara\u00edso Creativo","Tiempo de lectura":"3 minutos"},"schema":{"@context":"https:\/\/schema.org","@graph":[{"@type":"Article","@id":"https:\/\/dev.antudigital.cl\/sites\/vc\/los-colonos-pelicula-sobre-el-genocio-selknam-se-exhibira-gratis-en-el-cft-pucv-de-quillota\/#article","isPartOf":{"@id":"https:\/\/dev.antudigital.cl\/sites\/vc\/los-colonos-pelicula-sobre-el-genocio-selknam-se-exhibira-gratis-en-el-cft-pucv-de-quillota\/"},"author":{"name":"Valpara\u00edso Creativo","@id":"https:\/\/dev.antudigital.cl\/sites\/vc\/#\/schema\/person\/c2b9da8dd545e27166fc5ab232837318"},"headline":"\u201cLos Colonos\u201d, pel\u00edcula sobre el genocio Selk&#8217;nam, se exhibir\u00e1 gratis en el CFT PUCV de Quillota","datePublished":"2024-06-27T19:38:49+00:00","dateModified":"2024-06-27T19:39:07+00:00","mainEntityOfPage":{"@id":"https:\/\/dev.antudigital.cl\/sites\/vc\/los-colonos-pelicula-sobre-el-genocio-selknam-se-exhibira-gratis-en-el-cft-pucv-de-quillota\/"},"wordCount":459,"image":{"@id":"https:\/\/dev.antudigital.cl\/sites\/vc\/los-colonos-pelicula-sobre-el-genocio-selknam-se-exhibira-gratis-en-el-cft-pucv-de-quillota\/#primaryimage"},"thumbnailUrl":"https:\/\/dev.antudigital.cl\/sites\/vc\/wp-content\/uploads\/2024\/06\/Los-Colonos-QLL-scaled.jpg","articleSection":["Noticia"],"inLanguage":"es"},{"@type":"WebPage","@id":"https:\/\/dev.antudigital.cl\/sites\/vc\/los-colonos-pelicula-sobre-el-genocio-selknam-se-exhibira-gratis-en-el-cft-pucv-de-quillota\/","url":"https:\/\/dev.antudigital.cl\/sites\/vc\/los-colonos-pelicula-sobre-el-genocio-selknam-se-exhibira-gratis-en-el-cft-pucv-de-quillota\/","name":"\u201cLos Colonos\u201d, pel\u00edcula sobre el genocio Selk'nam, se exhibir\u00e1 gratis en el CFT PUCV de Quillota - Valpara\u00ed\u00adso Creativo","isPartOf":{"@id":"https:\/\/dev.antudigital.cl\/sites\/vc\/#website"},"primaryImageOfPage":{"@id":"https:\/\/dev.antudigital.cl\/sites\/vc\/los-colonos-pelicula-sobre-el-genocio-selknam-se-exhibira-gratis-en-el-cft-pucv-de-quillota\/#primaryimage"},"image":{"@id":"https:\/\/dev.antudigital.cl\/sites\/vc\/los-colonos-pelicula-sobre-el-genocio-selknam-se-exhibira-gratis-en-el-cft-pucv-de-quillota\/#primaryimage"},"thumbnailUrl":"https:\/\/dev.antudigital.cl\/sites\/vc\/wp-content\/uploads\/2024\/06\/Los-Colonos-QLL-scaled.jpg","datePublished":"2024-06-27T19:38:49+00:00","dateModified":"2024-06-27T19:39:07+00:00","author":{"@id":"https:\/\/dev.antudigital.cl\/sites\/vc\/#\/schema\/person\/c2b9da8dd545e27166fc5ab232837318"},"breadcrumb":{"@id":"https:\/\/dev.antudigital.cl\/sites\/vc\/los-colonos-pelicula-sobre-el-genocio-selknam-se-exhibira-gratis-en-el-cft-pucv-de-quillota\/#breadcrumb"},"inLanguage":"es","potentialAction":[{"@type":"ReadAction","target":["https:\/\/dev.antudigital.cl\/sites\/vc\/los-colonos-pelicula-sobre-el-genocio-selknam-se-exhibira-gratis-en-el-cft-pucv-de-quillota\/"]}]},{"@type":"ImageObject","inLanguage":"es","@id":"https:\/\/dev.antudigital.cl\/sites\/vc\/los-colonos-pelicula-sobre-el-genocio-selknam-se-exhibira-gratis-en-el-cft-pucv-de-quillota\/#primaryimage","url":"https:\/\/dev.antudigital.cl\/sites\/vc\/wp-content\/uploads\/2024\/06\/Los-Colonos-QLL-scaled.jpg","contentUrl":"https:\/\/dev.antudigital.cl\/sites\/vc\/wp-content\/uploads\/2024\/06\/Los-Colonos-QLL-scaled.jpg","width":2560,"height":1707},{"@type":"BreadcrumbList","@id":"https:\/\/dev.antudigital.cl\/sites\/vc\/los-colonos-pelicula-sobre-el-genocio-selknam-se-exhibira-gratis-en-el-cft-pucv-de-quillota\/#breadcrumb","itemListElement":[{"@type":"ListItem","position":1,"name":"Home","item":"https:\/\/dev.antudigital.cl\/sites\/vc\/"},{"@type":"ListItem","position":2,"name":"\u201cLos Colonos\u201d, pel\u00edcula sobre el genocio Selk&#8217;nam, se exhibir\u00e1 gratis en el CFT PUCV de Quillota"}]},{"@type":"WebSite","@id":"https:\/\/dev.antudigital.cl\/sites\/vc\/#website","url":"https:\/\/dev.antudigital.cl\/sites\/vc\/","name":"Valpara\u00ed\u00adso Creativo","description":"","potentialAction":[{"@type":"SearchAction","target":{"@type":"EntryPoint","urlTemplate":"https:\/\/dev.antudigital.cl\/sites\/vc\/?s={search_term_string}"},"query-input":{"@type":"PropertyValueSpecification","valueRequired":true,"valueName":"search_term_string"}}],"inLanguage":"es"},{"@type":"Person","@id":"https:\/\/dev.antudigital.cl\/sites\/vc\/#\/schema\/person\/c2b9da8dd545e27166fc5ab232837318","name":"Valpara\u00edso Creativo","description":"Periodista de cultura en la Regi\u00f3n de Valpara\u00edso.","url":"https:\/\/dev.antudigital.cl\/sites\/vc\/author\/valpoadmin\/"}]}},"_links":{"self":[{"href":"https:\/\/dev.antudigital.cl\/sites\/vc\/wp-json\/wp\/v2\/posts\/19577","targetHints":{"allow":["GET"]}}],"collection":[{"href":"https:\/\/dev.antudigital.cl\/sites\/vc\/wp-json\/wp\/v2\/posts"}],"about":[{"href":"https:\/\/dev.antudigital.cl\/sites\/vc\/wp-json\/wp\/v2\/types\/post"}],"author":[{"embeddable":true,"href":"https:\/\/dev.antudigital.cl\/sites\/vc\/wp-json\/wp\/v2\/users\/1"}],"replies":[{"embeddable":true,"href":"https:\/\/dev.antudigital.cl\/sites\/vc\/wp-json\/wp\/v2\/comments?post=19577"}],"version-history":[{"count":1,"href":"https:\/\/dev.antudigital.cl\/sites\/vc\/wp-json\/wp\/v2\/posts\/19577\/revisions"}],"predecessor-version":[{"id":19581,"href":"https:\/\/dev.antudigital.cl\/sites\/vc\/wp-json\/wp\/v2\/posts\/19577\/revisions\/19581"}],"wp:featuredmedia":[{"embeddable":true,"href":"https:\/\/dev.antudigital.cl\/sites\/vc\/wp-json\/wp\/v2\/media\/19578"}],"wp:attachment":[{"href":"https:\/\/dev.antudigital.cl\/sites\/vc\/wp-json\/wp\/v2\/media?parent=19577"}],"wp:term":[{"taxonomy":"category","embeddable":true,"href":"https:\/\/dev.antudigital.cl\/sites\/vc\/wp-json\/wp\/v2\/categories?post=19577"},{"taxonomy":"post_tag","embeddable":true,"href":"https:\/\/dev.antudigital.cl\/sites\/vc\/wp-json\/wp\/v2\/tags?post=19577"}],"curies":[{"name":"wp","href":"https:\/\/api.w.org\/{rel}","templated":true}]}}