{"id":19582,"date":"2024-06-27T19:42:32","date_gmt":"2024-06-27T19:42:32","guid":{"rendered":"https:\/\/www.valparaisocreativo.cl\/?p=19582"},"modified":"2024-06-27T19:42:51","modified_gmt":"2024-06-27T19:42:51","slug":"la-pelicula-chilena-padre-nuestro-se-exhibira-gratuitamente-en-el-teatro-municipal-de-cabildo","status":"publish","type":"post","link":"https:\/\/dev.antudigital.cl\/sites\/vc\/la-pelicula-chilena-padre-nuestro-se-exhibira-gratuitamente-en-el-teatro-municipal-de-cabildo\/","title":{"rendered":"La pel\u00edcula chilena \u201cPadre Nuestro\u201d se exhibir\u00e1 gratuitamente en el Teatro Municipal de Cabildo"},"content":{"rendered":"\n<p><em>Las cintas \u201cCecilia, la incomparable\u201d y \u201cAn\u00e1logos\u201d tambi\u00e9n forman parte de la cartelera de cine chileno.<\/em><\/p>\n\n\n\n<p>Tras una exitosa primera exhibici\u00f3n, el&nbsp;<strong>Centro Cultural Quilpu\u00e9 Audiovisual&nbsp;<\/strong>en colaboraci\u00f3n con la&nbsp;<strong>Municipalidad de Cabildo&nbsp;<\/strong>invitan a la comunidad a seguir disfrutando del&nbsp;<strong>Ciclo de Cine Chileno&nbsp;<\/strong>dirigido a adultos mayores y al p\u00fablico general.<\/p>\n\n\n\n<p>Todas las funciones se realizar\u00e1n a las&nbsp;<strong>16:00 horas<\/strong>&nbsp;en el&nbsp;<strong>Teatro Municipal de Cabildo.<\/strong>&nbsp;Son con entrada liberada y consideran conversatorios despu\u00e9s de las exhibiciones. Se dispondr\u00e1 de palomitas de ma\u00edz gratis para los y las asistentes.<\/p>\n\n\n\n<p>Al respecto,\u00a0<strong>V\u00edctor Donoso Oyanedel<\/strong>, alcalde de Cabildo afirma:\u00a0<em>\u201cEn primer lugar, quiero agradecer p\u00fablicamente la posibilidad de que nuestros adultos mayores puedan disfrutar el cine chileno en Cabildo. Estos espacios, en territorios tan retirados como el nuestro, no siempre se puede viajar a La Calera, Quillota y Vi\u00f1a del Mar a ver una pel\u00edcula en el cine. Y hoy nosotros teniendo un teatro y cine espectacular, con este apoyo podemos realizar este tipo de actividades que fomentan la participaci\u00f3n de nuestras personas mayores, viendo, adem\u00e1s, algo maravilloso como lo es el cine chileno\u201d.<\/em><\/p>\n\n\n\n<figure class=\"wp-block-image size-large\"><img fetchpriority=\"high\" decoding=\"async\" width=\"1024\" height=\"683\" src=\"https:\/\/www.valparaisocreativo.cl\/wp-content\/uploads\/2024\/06\/Foto-Cabildo-CCQA-3-1024x683.jpg\" alt=\"\" class=\"wp-image-19583\" srcset=\"https:\/\/dev.antudigital.cl\/sites\/vc\/wp-content\/uploads\/2024\/06\/Foto-Cabildo-CCQA-3-1024x683.jpg 1024w, https:\/\/dev.antudigital.cl\/sites\/vc\/wp-content\/uploads\/2024\/06\/Foto-Cabildo-CCQA-3-300x200.jpg 300w, https:\/\/dev.antudigital.cl\/sites\/vc\/wp-content\/uploads\/2024\/06\/Foto-Cabildo-CCQA-3-768x512.jpg 768w, https:\/\/dev.antudigital.cl\/sites\/vc\/wp-content\/uploads\/2024\/06\/Foto-Cabildo-CCQA-3-1536x1024.jpg 1536w, https:\/\/dev.antudigital.cl\/sites\/vc\/wp-content\/uploads\/2024\/06\/Foto-Cabildo-CCQA-3-1080x720.jpg 1080w, https:\/\/dev.antudigital.cl\/sites\/vc\/wp-content\/uploads\/2024\/06\/Foto-Cabildo-CCQA-3-1280x853.jpg 1280w, https:\/\/dev.antudigital.cl\/sites\/vc\/wp-content\/uploads\/2024\/06\/Foto-Cabildo-CCQA-3-980x653.jpg 980w, https:\/\/dev.antudigital.cl\/sites\/vc\/wp-content\/uploads\/2024\/06\/Foto-Cabildo-CCQA-3-480x320.jpg 480w, https:\/\/dev.antudigital.cl\/sites\/vc\/wp-content\/uploads\/2024\/06\/Foto-Cabildo-CCQA-3-24x16.jpg 24w, https:\/\/dev.antudigital.cl\/sites\/vc\/wp-content\/uploads\/2024\/06\/Foto-Cabildo-CCQA-3-36x24.jpg 36w, https:\/\/dev.antudigital.cl\/sites\/vc\/wp-content\/uploads\/2024\/06\/Foto-Cabildo-CCQA-3-48x32.jpg 48w, https:\/\/dev.antudigital.cl\/sites\/vc\/wp-content\/uploads\/2024\/06\/Foto-Cabildo-CCQA-3.jpg 2048w\" sizes=\"(max-width: 1024px) 100vw, 1024px\" \/><\/figure>\n\n\n\n<p>La iniciativa es<strong>&nbsp;financiada&nbsp;<\/strong>por el&nbsp;<strong>Ministerio de las Culturas, las Artes y el Patrimonio a trav\u00e9s de su Programa de Apoyo a Organizaciones Culturales Colaboradoras (PAOCC)<\/strong>&nbsp;y cuenta con la colaboraci\u00f3n de la&nbsp;<strong>Municipalidad de Cabildo, Servicio Pa\u00eds Cabildo<\/strong>&nbsp;y el&nbsp;<strong>Centro de Formaci\u00f3n T\u00e9cnica de la PUCV.<\/strong><\/p>\n\n\n\n<p><strong>Programaci\u00f3n cine chileno<\/strong><\/p>\n\n\n\n<p>Ma\u00f1ana&nbsp;<strong>jueves 27 de junio<\/strong>&nbsp;se presentar\u00e1&nbsp;<strong>\u201cPadre Nuestro\u201d<\/strong>, pel\u00edcula protagonizada por Jaime Vadell, Cecilia Roth, Amparo Noguera, Luis Gnecco, Francisco Perez Bannen y Coca Guazzini.<\/p>\n\n\n\n<p>El filme cuenta la historia de Caco, un vividor empedernido, que abandon\u00f3 a su familia 9 a\u00f1os atr\u00e1s. Y mientras pasa su \u00faltimo d\u00eda de vida en un hospital de Valpara\u00edso, le pide a sus hijos que lo saquen de ah\u00ed. Ellos no sospechan que ese viejo divertido, alegre y exc\u00e9ntrico de anta\u00f1o, esta vez habla en serio y va a hacer todo lo posible para reunir a su familia, aun cuando esto le lleve la vida.<\/p>\n\n\n\n<p>La pr\u00f3xima funci\u00f3n ser\u00e1 el\u00a0<strong>4 de julio<\/strong>\u00a0con la exhibici\u00f3n de\u00a0<strong>\u201cCecilia, la incomparable\u201d<\/strong>\u00a0de la directora Vanessa Miller. Protagonizada por Amaya Forch, el largometraje musical cuenta la historia de la afamada cantante chilena, Cecilia, sus amores, desamores y conflictos.<\/p>\n\n\n\n<figure class=\"wp-block-image size-large\"><img decoding=\"async\" width=\"1024\" height=\"986\" src=\"https:\/\/www.valparaisocreativo.cl\/wp-content\/uploads\/2024\/06\/27-Junio_Padre-nuestro_Cabildo-CCQA-1024x986.jpg\" alt=\"\" class=\"wp-image-19585\" srcset=\"https:\/\/dev.antudigital.cl\/sites\/vc\/wp-content\/uploads\/2024\/06\/27-Junio_Padre-nuestro_Cabildo-CCQA-1024x986.jpg 1024w, https:\/\/dev.antudigital.cl\/sites\/vc\/wp-content\/uploads\/2024\/06\/27-Junio_Padre-nuestro_Cabildo-CCQA-300x289.jpg 300w, https:\/\/dev.antudigital.cl\/sites\/vc\/wp-content\/uploads\/2024\/06\/27-Junio_Padre-nuestro_Cabildo-CCQA-768x740.jpg 768w, https:\/\/dev.antudigital.cl\/sites\/vc\/wp-content\/uploads\/2024\/06\/27-Junio_Padre-nuestro_Cabildo-CCQA-980x944.jpg 980w, https:\/\/dev.antudigital.cl\/sites\/vc\/wp-content\/uploads\/2024\/06\/27-Junio_Padre-nuestro_Cabildo-CCQA-480x462.jpg 480w, https:\/\/dev.antudigital.cl\/sites\/vc\/wp-content\/uploads\/2024\/06\/27-Junio_Padre-nuestro_Cabildo-CCQA-24x24.jpg 24w, https:\/\/dev.antudigital.cl\/sites\/vc\/wp-content\/uploads\/2024\/06\/27-Junio_Padre-nuestro_Cabildo-CCQA-36x36.jpg 36w, https:\/\/dev.antudigital.cl\/sites\/vc\/wp-content\/uploads\/2024\/06\/27-Junio_Padre-nuestro_Cabildo-CCQA-48x46.jpg 48w, https:\/\/dev.antudigital.cl\/sites\/vc\/wp-content\/uploads\/2024\/06\/27-Junio_Padre-nuestro_Cabildo-CCQA.jpg 1080w\" sizes=\"(max-width: 1024px) 100vw, 1024px\" \/><\/figure>\n\n\n\n<p>Y para finalizar el ciclo, el&nbsp;<strong>jueves 11 de julio<\/strong>&nbsp;se proyectar\u00e1&nbsp;<strong>\u201cAn\u00e1logos\u201d<\/strong>, la \u00faltima pel\u00edcula del director Jorge Olgu\u00edn. Protagonizada por los actores M\u00f3nica Carrasco y Jorge Gajardo (Los Venegas), a trav\u00e9s de la ciencia ficci\u00f3n, la historia se centra en una pareja de ancianos solitarios que quedan aislados mientras un cometa se aproxima a la Tierra. La pel\u00edcula habla de los cuidados, la vejez y la salud mental.<\/p>\n\n\n\n<p>La cartelera anual de cine chileno del CC Quilpu\u00e9 Audiovisual tambi\u00e9n se extiende a otras siete comunas de la regi\u00f3n de Valpara\u00edso: Quilpu\u00e9, Quillota, Villa Alemana, Quintero, Algarrobo, Cabildo y La Ligua. Y la programaci\u00f3n cuenta con&nbsp;<strong>estrenos nacionales<\/strong>,&nbsp;<strong>funciones dirigidas al p\u00fablico escolar y personas mayores<\/strong>, adem\u00e1s de funciones en&nbsp;<strong>formato autocine<\/strong>&nbsp;\u00fanicamente para Villa Alemana, Quilpu\u00e9 y Quillota.<\/p>\n\n\n\n<p>El Centro Cultural Quilpu\u00e9 Audiovisual forma parte del Programa de Apoyo a Organizaciones Culturales Colaboradoras del Ministerio de las Culturas, las Artes y el Patrimonio, que busca fortalecer y dar continuidad a instituciones y organizaciones culturales de derecho privado y sin fines de lucro. Este programa adem\u00e1s es parte del Sistema de Financiamiento a Organizaciones e Infraestructura Cultural del Ministerio de las Culturas, las Artes y el Patrimonio que integra, articula y coordina de forma transversal los planes, programas y fondos orientados al fomento y apoyo de las organizaciones, de la infraestructura cultural, y de la mediaci\u00f3n art\u00edstica. Todo esto con una vocaci\u00f3n descentralizada, mecanismos participativos, y la promoci\u00f3n de la creaci\u00f3n de redes y asociaciones.<\/p>\n\n\n\n<p>Para m\u00e1s detalles sobre la cartelera mensual revisar&nbsp;<a href=\"http:\/\/www.quilpueaudiovisual.cl\/\" target=\"_blank\" rel=\"noreferrer noopener\">www.quilpueaudiovisual.cl<\/a><\/p>\n\n\n\n<p><strong>Redes sociales: @ccquilpueaudiovisual<\/strong><\/p>\n","protected":false},"excerpt":{"rendered":"<p>Las cintas \u201cCecilia, la incomparable\u201d y \u201cAn\u00e1logos\u201d tambi\u00e9n forman parte de la cartelera de cine chileno. Tras una exitosa primera exhibici\u00f3n, el&nbsp;Centro Cultural Quilpu\u00e9 Audiovisual&nbsp;en colaboraci\u00f3n con la&nbsp;Municipalidad de Cabildo&nbsp;invitan a la comunidad a seguir disfrutando del&nbsp;Ciclo de Cine Chileno&nbsp;dirigido a adultos mayores y al p\u00fablico general. Todas las funciones se realizar\u00e1n a las&nbsp;16:00 horas&nbsp;en [&hellip;]<\/p>\n","protected":false},"author":1,"featured_media":19584,"comment_status":"closed","ping_status":"closed","sticky":false,"template":"","format":"standard","meta":{"_acf_changed":false,"footnotes":""},"categories":[8],"tags":[],"class_list":["post-19582","post","type-post","status-publish","format-standard","has-post-thumbnail","hentry","category-noticia"],"acf":[],"yoast_head":"<!-- This site is optimized with the Yoast SEO plugin v27.1.1 - https:\/\/yoast.com\/product\/yoast-seo-wordpress\/ -->\n<title>La pel\u00edcula chilena \u201cPadre Nuestro\u201d se exhibir\u00e1 gratuitamente en el Teatro Municipal de Cabildo - Valpara\u00ed\u00adso Creativo<\/title>\n<meta name=\"robots\" content=\"index, follow, max-snippet:-1, max-image-preview:large, max-video-preview:-1\" \/>\n<link rel=\"canonical\" href=\"https:\/\/dev.antudigital.cl\/sites\/vc\/la-pelicula-chilena-padre-nuestro-se-exhibira-gratuitamente-en-el-teatro-municipal-de-cabildo\/\" \/>\n<meta property=\"og:locale\" content=\"es_ES\" \/>\n<meta property=\"og:type\" content=\"article\" \/>\n<meta property=\"og:title\" content=\"La pel\u00edcula chilena \u201cPadre Nuestro\u201d se exhibir\u00e1 gratuitamente en el Teatro Municipal de Cabildo - Valpara\u00ed\u00adso Creativo\" \/>\n<meta property=\"og:description\" content=\"Las cintas \u201cCecilia, la incomparable\u201d y \u201cAn\u00e1logos\u201d tambi\u00e9n forman parte de la cartelera de cine chileno. Tras una exitosa primera exhibici\u00f3n, el&nbsp;Centro Cultural Quilpu\u00e9 Audiovisual&nbsp;en colaboraci\u00f3n con la&nbsp;Municipalidad de Cabildo&nbsp;invitan a la comunidad a seguir disfrutando del&nbsp;Ciclo de Cine Chileno&nbsp;dirigido a adultos mayores y al p\u00fablico general. Todas las funciones se realizar\u00e1n a las&nbsp;16:00 horas&nbsp;en [&hellip;]\" \/>\n<meta property=\"og:url\" content=\"https:\/\/dev.antudigital.cl\/sites\/vc\/la-pelicula-chilena-padre-nuestro-se-exhibira-gratuitamente-en-el-teatro-municipal-de-cabildo\/\" \/>\n<meta property=\"og:site_name\" content=\"Valpara\u00ed\u00adso Creativo\" \/>\n<meta property=\"article:published_time\" content=\"2024-06-27T19:42:32+00:00\" \/>\n<meta property=\"article:modified_time\" content=\"2024-06-27T19:42:51+00:00\" \/>\n<meta property=\"og:image\" content=\"https:\/\/dev.antudigital.cl\/sites\/vc\/wp-content\/uploads\/2024\/06\/Padre-Nuestro-VA.png\" \/>\n\t<meta property=\"og:image:width\" content=\"1920\" \/>\n\t<meta property=\"og:image:height\" content=\"1080\" \/>\n\t<meta property=\"og:image:type\" content=\"image\/png\" \/>\n<meta name=\"author\" content=\"Valpara\u00edso Creativo\" \/>\n<meta name=\"twitter:card\" content=\"summary_large_image\" \/>\n<meta name=\"twitter:label1\" content=\"Escrito por\" \/>\n\t<meta name=\"twitter:data1\" content=\"Valpara\u00edso Creativo\" \/>\n\t<meta name=\"twitter:label2\" content=\"Tiempo de lectura\" \/>\n\t<meta name=\"twitter:data2\" content=\"4 minutos\" \/>\n<script type=\"application\/ld+json\" class=\"yoast-schema-graph\">{\"@context\":\"https:\/\/schema.org\",\"@graph\":[{\"@type\":\"Article\",\"@id\":\"https:\/\/dev.antudigital.cl\/sites\/vc\/la-pelicula-chilena-padre-nuestro-se-exhibira-gratuitamente-en-el-teatro-municipal-de-cabildo\/#article\",\"isPartOf\":{\"@id\":\"https:\/\/dev.antudigital.cl\/sites\/vc\/la-pelicula-chilena-padre-nuestro-se-exhibira-gratuitamente-en-el-teatro-municipal-de-cabildo\/\"},\"author\":{\"name\":\"Valpara\u00edso Creativo\",\"@id\":\"https:\/\/dev.antudigital.cl\/sites\/vc\/#\/schema\/person\/c2b9da8dd545e27166fc5ab232837318\"},\"headline\":\"La pel\u00edcula chilena \u201cPadre Nuestro\u201d se exhibir\u00e1 gratuitamente en el Teatro Municipal de Cabildo\",\"datePublished\":\"2024-06-27T19:42:32+00:00\",\"dateModified\":\"2024-06-27T19:42:51+00:00\",\"mainEntityOfPage\":{\"@id\":\"https:\/\/dev.antudigital.cl\/sites\/vc\/la-pelicula-chilena-padre-nuestro-se-exhibira-gratuitamente-en-el-teatro-municipal-de-cabildo\/\"},\"wordCount\":730,\"image\":{\"@id\":\"https:\/\/dev.antudigital.cl\/sites\/vc\/la-pelicula-chilena-padre-nuestro-se-exhibira-gratuitamente-en-el-teatro-municipal-de-cabildo\/#primaryimage\"},\"thumbnailUrl\":\"https:\/\/dev.antudigital.cl\/sites\/vc\/wp-content\/uploads\/2024\/06\/Padre-Nuestro-VA.png\",\"articleSection\":[\"Noticia\"],\"inLanguage\":\"es\"},{\"@type\":\"WebPage\",\"@id\":\"https:\/\/dev.antudigital.cl\/sites\/vc\/la-pelicula-chilena-padre-nuestro-se-exhibira-gratuitamente-en-el-teatro-municipal-de-cabildo\/\",\"url\":\"https:\/\/dev.antudigital.cl\/sites\/vc\/la-pelicula-chilena-padre-nuestro-se-exhibira-gratuitamente-en-el-teatro-municipal-de-cabildo\/\",\"name\":\"La pel\u00edcula chilena \u201cPadre Nuestro\u201d se exhibir\u00e1 gratuitamente en el Teatro Municipal de Cabildo - Valpara\u00ed\u00adso Creativo\",\"isPartOf\":{\"@id\":\"https:\/\/dev.antudigital.cl\/sites\/vc\/#website\"},\"primaryImageOfPage\":{\"@id\":\"https:\/\/dev.antudigital.cl\/sites\/vc\/la-pelicula-chilena-padre-nuestro-se-exhibira-gratuitamente-en-el-teatro-municipal-de-cabildo\/#primaryimage\"},\"image\":{\"@id\":\"https:\/\/dev.antudigital.cl\/sites\/vc\/la-pelicula-chilena-padre-nuestro-se-exhibira-gratuitamente-en-el-teatro-municipal-de-cabildo\/#primaryimage\"},\"thumbnailUrl\":\"https:\/\/dev.antudigital.cl\/sites\/vc\/wp-content\/uploads\/2024\/06\/Padre-Nuestro-VA.png\",\"datePublished\":\"2024-06-27T19:42:32+00:00\",\"dateModified\":\"2024-06-27T19:42:51+00:00\",\"author\":{\"@id\":\"https:\/\/dev.antudigital.cl\/sites\/vc\/#\/schema\/person\/c2b9da8dd545e27166fc5ab232837318\"},\"breadcrumb\":{\"@id\":\"https:\/\/dev.antudigital.cl\/sites\/vc\/la-pelicula-chilena-padre-nuestro-se-exhibira-gratuitamente-en-el-teatro-municipal-de-cabildo\/#breadcrumb\"},\"inLanguage\":\"es\",\"potentialAction\":[{\"@type\":\"ReadAction\",\"target\":[\"https:\/\/dev.antudigital.cl\/sites\/vc\/la-pelicula-chilena-padre-nuestro-se-exhibira-gratuitamente-en-el-teatro-municipal-de-cabildo\/\"]}]},{\"@type\":\"ImageObject\",\"inLanguage\":\"es\",\"@id\":\"https:\/\/dev.antudigital.cl\/sites\/vc\/la-pelicula-chilena-padre-nuestro-se-exhibira-gratuitamente-en-el-teatro-municipal-de-cabildo\/#primaryimage\",\"url\":\"https:\/\/dev.antudigital.cl\/sites\/vc\/wp-content\/uploads\/2024\/06\/Padre-Nuestro-VA.png\",\"contentUrl\":\"https:\/\/dev.antudigital.cl\/sites\/vc\/wp-content\/uploads\/2024\/06\/Padre-Nuestro-VA.png\",\"width\":1920,\"height\":1080},{\"@type\":\"BreadcrumbList\",\"@id\":\"https:\/\/dev.antudigital.cl\/sites\/vc\/la-pelicula-chilena-padre-nuestro-se-exhibira-gratuitamente-en-el-teatro-municipal-de-cabildo\/#breadcrumb\",\"itemListElement\":[{\"@type\":\"ListItem\",\"position\":1,\"name\":\"Home\",\"item\":\"https:\/\/dev.antudigital.cl\/sites\/vc\/\"},{\"@type\":\"ListItem\",\"position\":2,\"name\":\"La pel\u00edcula chilena \u201cPadre Nuestro\u201d se exhibir\u00e1 gratuitamente en el Teatro Municipal de Cabildo\"}]},{\"@type\":\"WebSite\",\"@id\":\"https:\/\/dev.antudigital.cl\/sites\/vc\/#website\",\"url\":\"https:\/\/dev.antudigital.cl\/sites\/vc\/\",\"name\":\"Valpara\u00ed\u00adso Creativo\",\"description\":\"\",\"potentialAction\":[{\"@type\":\"SearchAction\",\"target\":{\"@type\":\"EntryPoint\",\"urlTemplate\":\"https:\/\/dev.antudigital.cl\/sites\/vc\/?s={search_term_string}\"},\"query-input\":{\"@type\":\"PropertyValueSpecification\",\"valueRequired\":true,\"valueName\":\"search_term_string\"}}],\"inLanguage\":\"es\"},{\"@type\":\"Person\",\"@id\":\"https:\/\/dev.antudigital.cl\/sites\/vc\/#\/schema\/person\/c2b9da8dd545e27166fc5ab232837318\",\"name\":\"Valpara\u00edso Creativo\",\"description\":\"Periodista de cultura en la Regi\u00f3n de Valpara\u00edso.\",\"url\":\"https:\/\/dev.antudigital.cl\/sites\/vc\/author\/valpoadmin\/\"}]}<\/script>\n<!-- \/ Yoast SEO plugin. -->","yoast_head_json":{"title":"La pel\u00edcula chilena \u201cPadre Nuestro\u201d se exhibir\u00e1 gratuitamente en el Teatro Municipal de Cabildo - Valpara\u00ed\u00adso Creativo","robots":{"index":"index","follow":"follow","max-snippet":"max-snippet:-1","max-image-preview":"max-image-preview:large","max-video-preview":"max-video-preview:-1"},"canonical":"https:\/\/dev.antudigital.cl\/sites\/vc\/la-pelicula-chilena-padre-nuestro-se-exhibira-gratuitamente-en-el-teatro-municipal-de-cabildo\/","og_locale":"es_ES","og_type":"article","og_title":"La pel\u00edcula chilena \u201cPadre Nuestro\u201d se exhibir\u00e1 gratuitamente en el Teatro Municipal de Cabildo - Valpara\u00ed\u00adso Creativo","og_description":"Las cintas \u201cCecilia, la incomparable\u201d y \u201cAn\u00e1logos\u201d tambi\u00e9n forman parte de la cartelera de cine chileno. Tras una exitosa primera exhibici\u00f3n, el&nbsp;Centro Cultural Quilpu\u00e9 Audiovisual&nbsp;en colaboraci\u00f3n con la&nbsp;Municipalidad de Cabildo&nbsp;invitan a la comunidad a seguir disfrutando del&nbsp;Ciclo de Cine Chileno&nbsp;dirigido a adultos mayores y al p\u00fablico general. Todas las funciones se realizar\u00e1n a las&nbsp;16:00 horas&nbsp;en [&hellip;]","og_url":"https:\/\/dev.antudigital.cl\/sites\/vc\/la-pelicula-chilena-padre-nuestro-se-exhibira-gratuitamente-en-el-teatro-municipal-de-cabildo\/","og_site_name":"Valpara\u00ed\u00adso Creativo","article_published_time":"2024-06-27T19:42:32+00:00","article_modified_time":"2024-06-27T19:42:51+00:00","og_image":[{"width":1920,"height":1080,"url":"https:\/\/dev.antudigital.cl\/sites\/vc\/wp-content\/uploads\/2024\/06\/Padre-Nuestro-VA.png","type":"image\/png"}],"author":"Valpara\u00edso Creativo","twitter_card":"summary_large_image","twitter_misc":{"Escrito por":"Valpara\u00edso Creativo","Tiempo de lectura":"4 minutos"},"schema":{"@context":"https:\/\/schema.org","@graph":[{"@type":"Article","@id":"https:\/\/dev.antudigital.cl\/sites\/vc\/la-pelicula-chilena-padre-nuestro-se-exhibira-gratuitamente-en-el-teatro-municipal-de-cabildo\/#article","isPartOf":{"@id":"https:\/\/dev.antudigital.cl\/sites\/vc\/la-pelicula-chilena-padre-nuestro-se-exhibira-gratuitamente-en-el-teatro-municipal-de-cabildo\/"},"author":{"name":"Valpara\u00edso Creativo","@id":"https:\/\/dev.antudigital.cl\/sites\/vc\/#\/schema\/person\/c2b9da8dd545e27166fc5ab232837318"},"headline":"La pel\u00edcula chilena \u201cPadre Nuestro\u201d se exhibir\u00e1 gratuitamente en el Teatro Municipal de Cabildo","datePublished":"2024-06-27T19:42:32+00:00","dateModified":"2024-06-27T19:42:51+00:00","mainEntityOfPage":{"@id":"https:\/\/dev.antudigital.cl\/sites\/vc\/la-pelicula-chilena-padre-nuestro-se-exhibira-gratuitamente-en-el-teatro-municipal-de-cabildo\/"},"wordCount":730,"image":{"@id":"https:\/\/dev.antudigital.cl\/sites\/vc\/la-pelicula-chilena-padre-nuestro-se-exhibira-gratuitamente-en-el-teatro-municipal-de-cabildo\/#primaryimage"},"thumbnailUrl":"https:\/\/dev.antudigital.cl\/sites\/vc\/wp-content\/uploads\/2024\/06\/Padre-Nuestro-VA.png","articleSection":["Noticia"],"inLanguage":"es"},{"@type":"WebPage","@id":"https:\/\/dev.antudigital.cl\/sites\/vc\/la-pelicula-chilena-padre-nuestro-se-exhibira-gratuitamente-en-el-teatro-municipal-de-cabildo\/","url":"https:\/\/dev.antudigital.cl\/sites\/vc\/la-pelicula-chilena-padre-nuestro-se-exhibira-gratuitamente-en-el-teatro-municipal-de-cabildo\/","name":"La pel\u00edcula chilena \u201cPadre Nuestro\u201d se exhibir\u00e1 gratuitamente en el Teatro Municipal de Cabildo - Valpara\u00ed\u00adso Creativo","isPartOf":{"@id":"https:\/\/dev.antudigital.cl\/sites\/vc\/#website"},"primaryImageOfPage":{"@id":"https:\/\/dev.antudigital.cl\/sites\/vc\/la-pelicula-chilena-padre-nuestro-se-exhibira-gratuitamente-en-el-teatro-municipal-de-cabildo\/#primaryimage"},"image":{"@id":"https:\/\/dev.antudigital.cl\/sites\/vc\/la-pelicula-chilena-padre-nuestro-se-exhibira-gratuitamente-en-el-teatro-municipal-de-cabildo\/#primaryimage"},"thumbnailUrl":"https:\/\/dev.antudigital.cl\/sites\/vc\/wp-content\/uploads\/2024\/06\/Padre-Nuestro-VA.png","datePublished":"2024-06-27T19:42:32+00:00","dateModified":"2024-06-27T19:42:51+00:00","author":{"@id":"https:\/\/dev.antudigital.cl\/sites\/vc\/#\/schema\/person\/c2b9da8dd545e27166fc5ab232837318"},"breadcrumb":{"@id":"https:\/\/dev.antudigital.cl\/sites\/vc\/la-pelicula-chilena-padre-nuestro-se-exhibira-gratuitamente-en-el-teatro-municipal-de-cabildo\/#breadcrumb"},"inLanguage":"es","potentialAction":[{"@type":"ReadAction","target":["https:\/\/dev.antudigital.cl\/sites\/vc\/la-pelicula-chilena-padre-nuestro-se-exhibira-gratuitamente-en-el-teatro-municipal-de-cabildo\/"]}]},{"@type":"ImageObject","inLanguage":"es","@id":"https:\/\/dev.antudigital.cl\/sites\/vc\/la-pelicula-chilena-padre-nuestro-se-exhibira-gratuitamente-en-el-teatro-municipal-de-cabildo\/#primaryimage","url":"https:\/\/dev.antudigital.cl\/sites\/vc\/wp-content\/uploads\/2024\/06\/Padre-Nuestro-VA.png","contentUrl":"https:\/\/dev.antudigital.cl\/sites\/vc\/wp-content\/uploads\/2024\/06\/Padre-Nuestro-VA.png","width":1920,"height":1080},{"@type":"BreadcrumbList","@id":"https:\/\/dev.antudigital.cl\/sites\/vc\/la-pelicula-chilena-padre-nuestro-se-exhibira-gratuitamente-en-el-teatro-municipal-de-cabildo\/#breadcrumb","itemListElement":[{"@type":"ListItem","position":1,"name":"Home","item":"https:\/\/dev.antudigital.cl\/sites\/vc\/"},{"@type":"ListItem","position":2,"name":"La pel\u00edcula chilena \u201cPadre Nuestro\u201d se exhibir\u00e1 gratuitamente en el Teatro Municipal de Cabildo"}]},{"@type":"WebSite","@id":"https:\/\/dev.antudigital.cl\/sites\/vc\/#website","url":"https:\/\/dev.antudigital.cl\/sites\/vc\/","name":"Valpara\u00ed\u00adso Creativo","description":"","potentialAction":[{"@type":"SearchAction","target":{"@type":"EntryPoint","urlTemplate":"https:\/\/dev.antudigital.cl\/sites\/vc\/?s={search_term_string}"},"query-input":{"@type":"PropertyValueSpecification","valueRequired":true,"valueName":"search_term_string"}}],"inLanguage":"es"},{"@type":"Person","@id":"https:\/\/dev.antudigital.cl\/sites\/vc\/#\/schema\/person\/c2b9da8dd545e27166fc5ab232837318","name":"Valpara\u00edso Creativo","description":"Periodista de cultura en la Regi\u00f3n de Valpara\u00edso.","url":"https:\/\/dev.antudigital.cl\/sites\/vc\/author\/valpoadmin\/"}]}},"_links":{"self":[{"href":"https:\/\/dev.antudigital.cl\/sites\/vc\/wp-json\/wp\/v2\/posts\/19582","targetHints":{"allow":["GET"]}}],"collection":[{"href":"https:\/\/dev.antudigital.cl\/sites\/vc\/wp-json\/wp\/v2\/posts"}],"about":[{"href":"https:\/\/dev.antudigital.cl\/sites\/vc\/wp-json\/wp\/v2\/types\/post"}],"author":[{"embeddable":true,"href":"https:\/\/dev.antudigital.cl\/sites\/vc\/wp-json\/wp\/v2\/users\/1"}],"replies":[{"embeddable":true,"href":"https:\/\/dev.antudigital.cl\/sites\/vc\/wp-json\/wp\/v2\/comments?post=19582"}],"version-history":[{"count":1,"href":"https:\/\/dev.antudigital.cl\/sites\/vc\/wp-json\/wp\/v2\/posts\/19582\/revisions"}],"predecessor-version":[{"id":19586,"href":"https:\/\/dev.antudigital.cl\/sites\/vc\/wp-json\/wp\/v2\/posts\/19582\/revisions\/19586"}],"wp:featuredmedia":[{"embeddable":true,"href":"https:\/\/dev.antudigital.cl\/sites\/vc\/wp-json\/wp\/v2\/media\/19584"}],"wp:attachment":[{"href":"https:\/\/dev.antudigital.cl\/sites\/vc\/wp-json\/wp\/v2\/media?parent=19582"}],"wp:term":[{"taxonomy":"category","embeddable":true,"href":"https:\/\/dev.antudigital.cl\/sites\/vc\/wp-json\/wp\/v2\/categories?post=19582"},{"taxonomy":"post_tag","embeddable":true,"href":"https:\/\/dev.antudigital.cl\/sites\/vc\/wp-json\/wp\/v2\/tags?post=19582"}],"curies":[{"name":"wp","href":"https:\/\/api.w.org\/{rel}","templated":true}]}}