{"id":19588,"date":"2024-07-01T23:49:07","date_gmt":"2024-07-01T23:49:07","guid":{"rendered":"https:\/\/www.valparaisocreativo.cl\/?p=19588"},"modified":"2024-07-01T23:49:52","modified_gmt":"2024-07-01T23:49:52","slug":"jornada-comunitaria-de-hip-hop-en-cerro-cordillera","status":"publish","type":"post","link":"https:\/\/dev.antudigital.cl\/sites\/vc\/jornada-comunitaria-de-hip-hop-en-cerro-cordillera\/","title":{"rendered":"Jornada comunitaria de Hip Hop en Cerro Cordillera"},"content":{"rendered":"\n<p>Hip hop a mar abierto invita al primer encuentro comunitario de Hip Hop al Patio \/ Volumen I, un evento lleno de creatividad y cultura que no te puedes perder.<\/p>\n\n\n\n<p><img decoding=\"async\" alt=\"&#x1f4cd;\" src=\"https:\/\/fonts.gstatic.com\/s\/e\/notoemoji\/15.0\/1f4cd\/32.png\">&nbsp;<strong>Fecha y lugar:<\/strong>&nbsp;Este DOMINGO 7 DE JULIO, a partir de las 10:00 am en el Centro Cultural Patio S\u00f3crates, ubicado en Calle Villagran con S\u00f3crates, Cerro Cordillera (cerca del Ascensor Cordillera, a pasos de Plaza Sotomayor).&nbsp;<img decoding=\"async\" alt=\"&#x1f525;\" src=\"https:\/\/fonts.gstatic.com\/s\/e\/notoemoji\/15.0\/1f525\/32.png\"><\/p>\n\n\n\n<p>Ser\u00e1 una jornada llena de actividades:<\/p>\n\n\n\n<p><img decoding=\"async\" alt=\"&#x1f539;\" src=\"https:\/\/fonts.gstatic.com\/s\/e\/notoemoji\/15.0\/1f539\/32.png\">&nbsp;<strong>Talleres con aporte voluntario<\/strong>&nbsp;(Inscr\u00edbete ac\u00e1&nbsp;<a href=\"https:\/\/forms.gle\/ccb78sJ2dT7cqn6w6\" target=\"_blank\" rel=\"noreferrer noopener\">https:\/\/forms.gle\/ccb78sJ2dT7cqn6w6<\/a>&nbsp;):<\/p>\n\n\n\n<p><img decoding=\"async\" alt=\"&#x27a1;&#xfe0f;\" src=\"https:\/\/fonts.gstatic.com\/s\/e\/notoemoji\/15.0\/27a1_fe0f\/32.png\">&nbsp;<strong>Freestyle Rap para la ni\u00f1ez<\/strong>&nbsp;con @pangikuru (6 a 14 a\u00f1os) \/ Horario: 10:00-11:30.<\/p>\n\n\n\n<p><img decoding=\"async\" alt=\"&#x27a1;&#xfe0f;\" src=\"https:\/\/fonts.gstatic.com\/s\/e\/notoemoji\/15.0\/27a1_fe0f\/32.png\">&nbsp;<strong>Taller de Beatmaking<\/strong>&nbsp;con Beatjamz (@ojosybocahh @jazzzdesko) \/ Horario: 11:30-13:00.<\/p>\n\n\n\n<p><img decoding=\"async\" alt=\"&#x27a1;&#xfe0f;\" src=\"https:\/\/fonts.gstatic.com\/s\/e\/notoemoji\/15.0\/27a1_fe0f\/32.png\">&nbsp;<strong>Taller de Baile Hip Hop<\/strong>&nbsp;con @lauracastles \/ Horario: 11:30-13:00 (Cancha Merlet).<\/p>\n\n\n\n<p><img decoding=\"async\" alt=\"&#x27a1;&#xfe0f;\" src=\"https:\/\/fonts.gstatic.com\/s\/e\/notoemoji\/15.0\/27a1_fe0f\/32.png\">&nbsp;<strong>Taller de Graffiti Mural<\/strong>&nbsp;con @maidak \/ Horario: 10:00-14:00.<\/p>\n\n\n\n<p><img decoding=\"async\" alt=\"&#x1f3a4;\" src=\"https:\/\/fonts.gstatic.com\/s\/e\/notoemoji\/15.0\/1f3a4\/32.png\">&nbsp;<strong>Presentaciones en vivo<\/strong>&nbsp;(Horario: 15:00 a 19:00 hrs \/ Sin inscripci\u00f3n, m\u00fasica en vivo comienza a las 15:30 puntual):<\/p>\n\n\n\n<p><img decoding=\"async\" alt=\"&#x27a1;&#xfe0f;\" src=\"https:\/\/fonts.gstatic.com\/s\/e\/notoemoji\/15.0\/27a1_fe0f\/32.png\">&nbsp;<strong>Presentaci\u00f3n en vivo<\/strong>&nbsp;de @c_firo_ \/ @rayokuza \/ @aen.ri y @samirduran580 \/ @pangikuru.<\/p>\n\n\n\n<p><img decoding=\"async\" alt=\"&#x27a1;&#xfe0f;\" src=\"https:\/\/fonts.gstatic.com\/s\/e\/notoemoji\/15.0\/27a1_fe0f\/32.png\">&nbsp;<strong>Presentaci\u00f3n de corto documental y libro:<\/strong>&nbsp;\u00abSER BGIRL. FILOSOF\u00cdA DEL HIP HOP\u00bb con la autora Paulina Brice\u00f1o @brita_lamatriarca.<\/p>\n\n\n\n<p><img decoding=\"async\" alt=\"&#x1f3b6;\" src=\"https:\/\/fonts.gstatic.com\/s\/e\/notoemoji\/15.0\/1f3b6\/32.png\">&nbsp;<strong>Organiza:<\/strong>&nbsp;Patio S\u00f3crates, Hip Hop a Mar Abierto.&nbsp;<strong>Partners:<\/strong>&nbsp;@pinturas_krack \/ @dakingchile.<\/p>\n\n\n\n<p>No te pierdas este evento \u00fanico que celebra la cultura del Hip Hop en nuestra comunidad.<\/p>\n\n\n\n<p>\u00a0<a href=\"https:\/\/www.instagram.com\/hiphop_a_mar_abierto\/\" target=\"_blank\" rel=\"noreferrer noopener\">https:\/\/www.instagram.com\/hiphop_a_mar_abierto\/<\/a><\/p>\n\n\n\n<figure class=\"wp-block-image size-large\"><img fetchpriority=\"high\" decoding=\"async\" width=\"870\" height=\"1024\" src=\"https:\/\/www.valparaisocreativo.cl\/wp-content\/uploads\/2024\/07\/unnamed-870x1024.png\" alt=\"\" class=\"wp-image-19590\" srcset=\"https:\/\/dev.antudigital.cl\/sites\/vc\/wp-content\/uploads\/2024\/07\/unnamed-870x1024.png 870w, https:\/\/dev.antudigital.cl\/sites\/vc\/wp-content\/uploads\/2024\/07\/unnamed-255x300.png 255w, https:\/\/dev.antudigital.cl\/sites\/vc\/wp-content\/uploads\/2024\/07\/unnamed-768x904.png 768w, https:\/\/dev.antudigital.cl\/sites\/vc\/wp-content\/uploads\/2024\/07\/unnamed-1305x1536.png 1305w, https:\/\/dev.antudigital.cl\/sites\/vc\/wp-content\/uploads\/2024\/07\/unnamed-1740x2048.png 1740w, https:\/\/dev.antudigital.cl\/sites\/vc\/wp-content\/uploads\/2024\/07\/unnamed-1080x1271.png 1080w, https:\/\/dev.antudigital.cl\/sites\/vc\/wp-content\/uploads\/2024\/07\/unnamed-1280x1507.png 1280w, https:\/\/dev.antudigital.cl\/sites\/vc\/wp-content\/uploads\/2024\/07\/unnamed-980x1154.png 980w, https:\/\/dev.antudigital.cl\/sites\/vc\/wp-content\/uploads\/2024\/07\/unnamed-480x565.png 480w, https:\/\/dev.antudigital.cl\/sites\/vc\/wp-content\/uploads\/2024\/07\/unnamed-20x24.png 20w, https:\/\/dev.antudigital.cl\/sites\/vc\/wp-content\/uploads\/2024\/07\/unnamed-31x36.png 31w, https:\/\/dev.antudigital.cl\/sites\/vc\/wp-content\/uploads\/2024\/07\/unnamed-41x48.png 41w\" sizes=\"(max-width: 870px) 100vw, 870px\" \/><\/figure>\n","protected":false},"excerpt":{"rendered":"<p>Hip hop a mar abierto invita al primer encuentro comunitario de Hip Hop al Patio \/ Volumen I, un evento lleno de creatividad y cultura que no te puedes perder. &nbsp;Fecha y lugar:&nbsp;Este DOMINGO 7 DE JULIO, a partir de las 10:00 am en el Centro Cultural Patio S\u00f3crates, ubicado en Calle Villagran con S\u00f3crates, [&hellip;]<\/p>\n","protected":false},"author":1,"featured_media":19589,"comment_status":"closed","ping_status":"closed","sticky":false,"template":"","format":"standard","meta":{"_acf_changed":false,"footnotes":""},"categories":[8],"tags":[],"class_list":["post-19588","post","type-post","status-publish","format-standard","has-post-thumbnail","hentry","category-noticia"],"acf":[],"yoast_head":"<!-- This site is optimized with the Yoast SEO plugin v27.1.1 - https:\/\/yoast.com\/product\/yoast-seo-wordpress\/ -->\n<title>Jornada comunitaria de Hip Hop en Cerro Cordillera - Valpara\u00ed\u00adso Creativo<\/title>\n<meta name=\"robots\" content=\"index, follow, max-snippet:-1, max-image-preview:large, max-video-preview:-1\" \/>\n<link rel=\"canonical\" href=\"https:\/\/dev.antudigital.cl\/sites\/vc\/jornada-comunitaria-de-hip-hop-en-cerro-cordillera\/\" \/>\n<meta property=\"og:locale\" content=\"es_ES\" \/>\n<meta property=\"og:type\" content=\"article\" \/>\n<meta property=\"og:title\" content=\"Jornada comunitaria de Hip Hop en Cerro Cordillera - Valpara\u00ed\u00adso Creativo\" \/>\n<meta property=\"og:description\" content=\"Hip hop a mar abierto invita al primer encuentro comunitario de Hip Hop al Patio \/ Volumen I, un evento lleno de creatividad y cultura que no te puedes perder. &nbsp;Fecha y lugar:&nbsp;Este DOMINGO 7 DE JULIO, a partir de las 10:00 am en el Centro Cultural Patio S\u00f3crates, ubicado en Calle Villagran con S\u00f3crates, [&hellip;]\" \/>\n<meta property=\"og:url\" content=\"https:\/\/dev.antudigital.cl\/sites\/vc\/jornada-comunitaria-de-hip-hop-en-cerro-cordillera\/\" \/>\n<meta property=\"og:site_name\" content=\"Valpara\u00ed\u00adso Creativo\" \/>\n<meta property=\"article:published_time\" content=\"2024-07-01T23:49:07+00:00\" \/>\n<meta property=\"article:modified_time\" content=\"2024-07-01T23:49:52+00:00\" \/>\n<meta property=\"og:image\" content=\"https:\/\/dev.antudigital.cl\/sites\/vc\/wp-content\/uploads\/2024\/07\/Captura-de-Pantalla-2024-07-01-a-las-19.47.10.png\" \/>\n\t<meta property=\"og:image:width\" content=\"546\" \/>\n\t<meta property=\"og:image:height\" content=\"293\" \/>\n\t<meta property=\"og:image:type\" content=\"image\/png\" \/>\n<meta name=\"author\" content=\"Valpara\u00edso Creativo\" \/>\n<meta name=\"twitter:card\" content=\"summary_large_image\" \/>\n<meta name=\"twitter:label1\" content=\"Escrito por\" \/>\n\t<meta name=\"twitter:data1\" content=\"Valpara\u00edso Creativo\" \/>\n\t<meta name=\"twitter:label2\" content=\"Tiempo de lectura\" \/>\n\t<meta name=\"twitter:data2\" content=\"4 minutos\" \/>\n<script type=\"application\/ld+json\" class=\"yoast-schema-graph\">{\"@context\":\"https:\/\/schema.org\",\"@graph\":[{\"@type\":\"Article\",\"@id\":\"https:\/\/dev.antudigital.cl\/sites\/vc\/jornada-comunitaria-de-hip-hop-en-cerro-cordillera\/#article\",\"isPartOf\":{\"@id\":\"https:\/\/dev.antudigital.cl\/sites\/vc\/jornada-comunitaria-de-hip-hop-en-cerro-cordillera\/\"},\"author\":{\"name\":\"Valpara\u00edso Creativo\",\"@id\":\"https:\/\/dev.antudigital.cl\/sites\/vc\/#\/schema\/person\/c2b9da8dd545e27166fc5ab232837318\"},\"headline\":\"Jornada comunitaria de Hip Hop en Cerro Cordillera\",\"datePublished\":\"2024-07-01T23:49:07+00:00\",\"dateModified\":\"2024-07-01T23:49:52+00:00\",\"mainEntityOfPage\":{\"@id\":\"https:\/\/dev.antudigital.cl\/sites\/vc\/jornada-comunitaria-de-hip-hop-en-cerro-cordillera\/\"},\"wordCount\":250,\"image\":{\"@id\":\"https:\/\/dev.antudigital.cl\/sites\/vc\/jornada-comunitaria-de-hip-hop-en-cerro-cordillera\/#primaryimage\"},\"thumbnailUrl\":\"https:\/\/dev.antudigital.cl\/sites\/vc\/wp-content\/uploads\/2024\/07\/Captura-de-Pantalla-2024-07-01-a-las-19.47.10.png\",\"articleSection\":[\"Noticia\"],\"inLanguage\":\"es\"},{\"@type\":\"WebPage\",\"@id\":\"https:\/\/dev.antudigital.cl\/sites\/vc\/jornada-comunitaria-de-hip-hop-en-cerro-cordillera\/\",\"url\":\"https:\/\/dev.antudigital.cl\/sites\/vc\/jornada-comunitaria-de-hip-hop-en-cerro-cordillera\/\",\"name\":\"Jornada comunitaria de Hip Hop en Cerro Cordillera - Valpara\u00ed\u00adso Creativo\",\"isPartOf\":{\"@id\":\"https:\/\/dev.antudigital.cl\/sites\/vc\/#website\"},\"primaryImageOfPage\":{\"@id\":\"https:\/\/dev.antudigital.cl\/sites\/vc\/jornada-comunitaria-de-hip-hop-en-cerro-cordillera\/#primaryimage\"},\"image\":{\"@id\":\"https:\/\/dev.antudigital.cl\/sites\/vc\/jornada-comunitaria-de-hip-hop-en-cerro-cordillera\/#primaryimage\"},\"thumbnailUrl\":\"https:\/\/dev.antudigital.cl\/sites\/vc\/wp-content\/uploads\/2024\/07\/Captura-de-Pantalla-2024-07-01-a-las-19.47.10.png\",\"datePublished\":\"2024-07-01T23:49:07+00:00\",\"dateModified\":\"2024-07-01T23:49:52+00:00\",\"author\":{\"@id\":\"https:\/\/dev.antudigital.cl\/sites\/vc\/#\/schema\/person\/c2b9da8dd545e27166fc5ab232837318\"},\"breadcrumb\":{\"@id\":\"https:\/\/dev.antudigital.cl\/sites\/vc\/jornada-comunitaria-de-hip-hop-en-cerro-cordillera\/#breadcrumb\"},\"inLanguage\":\"es\",\"potentialAction\":[{\"@type\":\"ReadAction\",\"target\":[\"https:\/\/dev.antudigital.cl\/sites\/vc\/jornada-comunitaria-de-hip-hop-en-cerro-cordillera\/\"]}]},{\"@type\":\"ImageObject\",\"inLanguage\":\"es\",\"@id\":\"https:\/\/dev.antudigital.cl\/sites\/vc\/jornada-comunitaria-de-hip-hop-en-cerro-cordillera\/#primaryimage\",\"url\":\"https:\/\/dev.antudigital.cl\/sites\/vc\/wp-content\/uploads\/2024\/07\/Captura-de-Pantalla-2024-07-01-a-las-19.47.10.png\",\"contentUrl\":\"https:\/\/dev.antudigital.cl\/sites\/vc\/wp-content\/uploads\/2024\/07\/Captura-de-Pantalla-2024-07-01-a-las-19.47.10.png\",\"width\":546,\"height\":293},{\"@type\":\"BreadcrumbList\",\"@id\":\"https:\/\/dev.antudigital.cl\/sites\/vc\/jornada-comunitaria-de-hip-hop-en-cerro-cordillera\/#breadcrumb\",\"itemListElement\":[{\"@type\":\"ListItem\",\"position\":1,\"name\":\"Home\",\"item\":\"https:\/\/dev.antudigital.cl\/sites\/vc\/\"},{\"@type\":\"ListItem\",\"position\":2,\"name\":\"Jornada comunitaria de Hip Hop en Cerro Cordillera\"}]},{\"@type\":\"WebSite\",\"@id\":\"https:\/\/dev.antudigital.cl\/sites\/vc\/#website\",\"url\":\"https:\/\/dev.antudigital.cl\/sites\/vc\/\",\"name\":\"Valpara\u00ed\u00adso Creativo\",\"description\":\"\",\"potentialAction\":[{\"@type\":\"SearchAction\",\"target\":{\"@type\":\"EntryPoint\",\"urlTemplate\":\"https:\/\/dev.antudigital.cl\/sites\/vc\/?s={search_term_string}\"},\"query-input\":{\"@type\":\"PropertyValueSpecification\",\"valueRequired\":true,\"valueName\":\"search_term_string\"}}],\"inLanguage\":\"es\"},{\"@type\":\"Person\",\"@id\":\"https:\/\/dev.antudigital.cl\/sites\/vc\/#\/schema\/person\/c2b9da8dd545e27166fc5ab232837318\",\"name\":\"Valpara\u00edso Creativo\",\"description\":\"Periodista de cultura en la Regi\u00f3n de Valpara\u00edso.\",\"url\":\"https:\/\/dev.antudigital.cl\/sites\/vc\/author\/valpoadmin\/\"}]}<\/script>\n<!-- \/ Yoast SEO plugin. -->","yoast_head_json":{"title":"Jornada comunitaria de Hip Hop en Cerro Cordillera - Valpara\u00ed\u00adso Creativo","robots":{"index":"index","follow":"follow","max-snippet":"max-snippet:-1","max-image-preview":"max-image-preview:large","max-video-preview":"max-video-preview:-1"},"canonical":"https:\/\/dev.antudigital.cl\/sites\/vc\/jornada-comunitaria-de-hip-hop-en-cerro-cordillera\/","og_locale":"es_ES","og_type":"article","og_title":"Jornada comunitaria de Hip Hop en Cerro Cordillera - Valpara\u00ed\u00adso Creativo","og_description":"Hip hop a mar abierto invita al primer encuentro comunitario de Hip Hop al Patio \/ Volumen I, un evento lleno de creatividad y cultura que no te puedes perder. &nbsp;Fecha y lugar:&nbsp;Este DOMINGO 7 DE JULIO, a partir de las 10:00 am en el Centro Cultural Patio S\u00f3crates, ubicado en Calle Villagran con S\u00f3crates, [&hellip;]","og_url":"https:\/\/dev.antudigital.cl\/sites\/vc\/jornada-comunitaria-de-hip-hop-en-cerro-cordillera\/","og_site_name":"Valpara\u00ed\u00adso Creativo","article_published_time":"2024-07-01T23:49:07+00:00","article_modified_time":"2024-07-01T23:49:52+00:00","og_image":[{"width":546,"height":293,"url":"https:\/\/dev.antudigital.cl\/sites\/vc\/wp-content\/uploads\/2024\/07\/Captura-de-Pantalla-2024-07-01-a-las-19.47.10.png","type":"image\/png"}],"author":"Valpara\u00edso Creativo","twitter_card":"summary_large_image","twitter_misc":{"Escrito por":"Valpara\u00edso Creativo","Tiempo de lectura":"4 minutos"},"schema":{"@context":"https:\/\/schema.org","@graph":[{"@type":"Article","@id":"https:\/\/dev.antudigital.cl\/sites\/vc\/jornada-comunitaria-de-hip-hop-en-cerro-cordillera\/#article","isPartOf":{"@id":"https:\/\/dev.antudigital.cl\/sites\/vc\/jornada-comunitaria-de-hip-hop-en-cerro-cordillera\/"},"author":{"name":"Valpara\u00edso Creativo","@id":"https:\/\/dev.antudigital.cl\/sites\/vc\/#\/schema\/person\/c2b9da8dd545e27166fc5ab232837318"},"headline":"Jornada comunitaria de Hip Hop en Cerro Cordillera","datePublished":"2024-07-01T23:49:07+00:00","dateModified":"2024-07-01T23:49:52+00:00","mainEntityOfPage":{"@id":"https:\/\/dev.antudigital.cl\/sites\/vc\/jornada-comunitaria-de-hip-hop-en-cerro-cordillera\/"},"wordCount":250,"image":{"@id":"https:\/\/dev.antudigital.cl\/sites\/vc\/jornada-comunitaria-de-hip-hop-en-cerro-cordillera\/#primaryimage"},"thumbnailUrl":"https:\/\/dev.antudigital.cl\/sites\/vc\/wp-content\/uploads\/2024\/07\/Captura-de-Pantalla-2024-07-01-a-las-19.47.10.png","articleSection":["Noticia"],"inLanguage":"es"},{"@type":"WebPage","@id":"https:\/\/dev.antudigital.cl\/sites\/vc\/jornada-comunitaria-de-hip-hop-en-cerro-cordillera\/","url":"https:\/\/dev.antudigital.cl\/sites\/vc\/jornada-comunitaria-de-hip-hop-en-cerro-cordillera\/","name":"Jornada comunitaria de Hip Hop en Cerro Cordillera - Valpara\u00ed\u00adso Creativo","isPartOf":{"@id":"https:\/\/dev.antudigital.cl\/sites\/vc\/#website"},"primaryImageOfPage":{"@id":"https:\/\/dev.antudigital.cl\/sites\/vc\/jornada-comunitaria-de-hip-hop-en-cerro-cordillera\/#primaryimage"},"image":{"@id":"https:\/\/dev.antudigital.cl\/sites\/vc\/jornada-comunitaria-de-hip-hop-en-cerro-cordillera\/#primaryimage"},"thumbnailUrl":"https:\/\/dev.antudigital.cl\/sites\/vc\/wp-content\/uploads\/2024\/07\/Captura-de-Pantalla-2024-07-01-a-las-19.47.10.png","datePublished":"2024-07-01T23:49:07+00:00","dateModified":"2024-07-01T23:49:52+00:00","author":{"@id":"https:\/\/dev.antudigital.cl\/sites\/vc\/#\/schema\/person\/c2b9da8dd545e27166fc5ab232837318"},"breadcrumb":{"@id":"https:\/\/dev.antudigital.cl\/sites\/vc\/jornada-comunitaria-de-hip-hop-en-cerro-cordillera\/#breadcrumb"},"inLanguage":"es","potentialAction":[{"@type":"ReadAction","target":["https:\/\/dev.antudigital.cl\/sites\/vc\/jornada-comunitaria-de-hip-hop-en-cerro-cordillera\/"]}]},{"@type":"ImageObject","inLanguage":"es","@id":"https:\/\/dev.antudigital.cl\/sites\/vc\/jornada-comunitaria-de-hip-hop-en-cerro-cordillera\/#primaryimage","url":"https:\/\/dev.antudigital.cl\/sites\/vc\/wp-content\/uploads\/2024\/07\/Captura-de-Pantalla-2024-07-01-a-las-19.47.10.png","contentUrl":"https:\/\/dev.antudigital.cl\/sites\/vc\/wp-content\/uploads\/2024\/07\/Captura-de-Pantalla-2024-07-01-a-las-19.47.10.png","width":546,"height":293},{"@type":"BreadcrumbList","@id":"https:\/\/dev.antudigital.cl\/sites\/vc\/jornada-comunitaria-de-hip-hop-en-cerro-cordillera\/#breadcrumb","itemListElement":[{"@type":"ListItem","position":1,"name":"Home","item":"https:\/\/dev.antudigital.cl\/sites\/vc\/"},{"@type":"ListItem","position":2,"name":"Jornada comunitaria de Hip Hop en Cerro Cordillera"}]},{"@type":"WebSite","@id":"https:\/\/dev.antudigital.cl\/sites\/vc\/#website","url":"https:\/\/dev.antudigital.cl\/sites\/vc\/","name":"Valpara\u00ed\u00adso Creativo","description":"","potentialAction":[{"@type":"SearchAction","target":{"@type":"EntryPoint","urlTemplate":"https:\/\/dev.antudigital.cl\/sites\/vc\/?s={search_term_string}"},"query-input":{"@type":"PropertyValueSpecification","valueRequired":true,"valueName":"search_term_string"}}],"inLanguage":"es"},{"@type":"Person","@id":"https:\/\/dev.antudigital.cl\/sites\/vc\/#\/schema\/person\/c2b9da8dd545e27166fc5ab232837318","name":"Valpara\u00edso Creativo","description":"Periodista de cultura en la Regi\u00f3n de Valpara\u00edso.","url":"https:\/\/dev.antudigital.cl\/sites\/vc\/author\/valpoadmin\/"}]}},"_links":{"self":[{"href":"https:\/\/dev.antudigital.cl\/sites\/vc\/wp-json\/wp\/v2\/posts\/19588","targetHints":{"allow":["GET"]}}],"collection":[{"href":"https:\/\/dev.antudigital.cl\/sites\/vc\/wp-json\/wp\/v2\/posts"}],"about":[{"href":"https:\/\/dev.antudigital.cl\/sites\/vc\/wp-json\/wp\/v2\/types\/post"}],"author":[{"embeddable":true,"href":"https:\/\/dev.antudigital.cl\/sites\/vc\/wp-json\/wp\/v2\/users\/1"}],"replies":[{"embeddable":true,"href":"https:\/\/dev.antudigital.cl\/sites\/vc\/wp-json\/wp\/v2\/comments?post=19588"}],"version-history":[{"count":1,"href":"https:\/\/dev.antudigital.cl\/sites\/vc\/wp-json\/wp\/v2\/posts\/19588\/revisions"}],"predecessor-version":[{"id":19591,"href":"https:\/\/dev.antudigital.cl\/sites\/vc\/wp-json\/wp\/v2\/posts\/19588\/revisions\/19591"}],"wp:featuredmedia":[{"embeddable":true,"href":"https:\/\/dev.antudigital.cl\/sites\/vc\/wp-json\/wp\/v2\/media\/19589"}],"wp:attachment":[{"href":"https:\/\/dev.antudigital.cl\/sites\/vc\/wp-json\/wp\/v2\/media?parent=19588"}],"wp:term":[{"taxonomy":"category","embeddable":true,"href":"https:\/\/dev.antudigital.cl\/sites\/vc\/wp-json\/wp\/v2\/categories?post=19588"},{"taxonomy":"post_tag","embeddable":true,"href":"https:\/\/dev.antudigital.cl\/sites\/vc\/wp-json\/wp\/v2\/tags?post=19588"}],"curies":[{"name":"wp","href":"https:\/\/api.w.org\/{rel}","templated":true}]}}