{"id":19598,"date":"2024-07-02T02:52:28","date_gmt":"2024-07-02T02:52:28","guid":{"rendered":"https:\/\/www.valparaisocreativo.cl\/?p=19598"},"modified":"2024-07-02T02:52:46","modified_gmt":"2024-07-02T02:52:46","slug":"fondo-de-infraestructura-cultural-publica-y-privada-2024-2","status":"publish","type":"post","link":"https:\/\/dev.antudigital.cl\/sites\/vc\/fondo-de-infraestructura-cultural-publica-y-privada-2024-2\/","title":{"rendered":"Fondo de Infraestructura Cultural P\u00fablica y Privada 2024"},"content":{"rendered":"\n<p>El\u00a0<strong>Programa de Financiamiento de Infraestructura Cultural\u00a0<\/strong>tiene por objetivo aumentar la cobertura de infraestructura cultural del pa\u00eds, apoyando a<strong>\u00a0municipalidades, a establecimientos de educaci\u00f3n superior estatales y a<\/strong>\u00a0<strong>organizaciones culturales privadas con y sin fines de lucro, incluye a establecimientos de educaci\u00f3n superior privados,\u00a0<\/strong>por medio del financiamiento total o parcial de proyectos de dise\u00f1o de arquitectura y especialidades o la ejecuci\u00f3n de proyectos de obras civiles, debiendo asegurarse su sostenibilidad en el tiempo.<\/p>\n\n\n\n<p><a href=\"https:\/\/www.fondosdecultura.cl\/wp-content\/uploads\/2024\/05\/BASES-INFRAESTRUCTURA-CULTURAL-FICPP-2024.pdf\"><strong>Revisa las bases en detalle aqu\u00ed.<\/strong><\/a><\/p>\n","protected":false},"excerpt":{"rendered":"<p>El\u00a0Programa de Financiamiento de Infraestructura Cultural\u00a0tiene por objetivo aumentar la cobertura de infraestructura cultural del pa\u00eds, apoyando a\u00a0municipalidades, a establecimientos de educaci\u00f3n superior estatales y a\u00a0organizaciones culturales privadas con y sin fines de lucro, incluye a establecimientos de educaci\u00f3n superior privados,\u00a0por medio del financiamiento total o parcial de proyectos de dise\u00f1o de arquitectura y especialidades [&hellip;]<\/p>\n","protected":false},"author":1,"featured_media":19599,"comment_status":"closed","ping_status":"closed","sticky":false,"template":"","format":"standard","meta":{"_acf_changed":false,"footnotes":""},"categories":[8],"tags":[],"class_list":["post-19598","post","type-post","status-publish","format-standard","has-post-thumbnail","hentry","category-noticia"],"acf":[],"yoast_head":"<!-- This site is optimized with the Yoast SEO plugin v27.1.1 - https:\/\/yoast.com\/product\/yoast-seo-wordpress\/ -->\n<title>Fondo de Infraestructura Cultural P\u00fablica y Privada 2024 - Valpara\u00ed\u00adso Creativo<\/title>\n<meta name=\"robots\" content=\"index, follow, max-snippet:-1, max-image-preview:large, max-video-preview:-1\" \/>\n<link rel=\"canonical\" href=\"https:\/\/dev.antudigital.cl\/sites\/vc\/fondo-de-infraestructura-cultural-publica-y-privada-2024-2\/\" \/>\n<meta property=\"og:locale\" content=\"es_ES\" \/>\n<meta property=\"og:type\" content=\"article\" \/>\n<meta property=\"og:title\" content=\"Fondo de Infraestructura Cultural P\u00fablica y Privada 2024 - Valpara\u00ed\u00adso Creativo\" \/>\n<meta property=\"og:description\" content=\"El\u00a0Programa de Financiamiento de Infraestructura Cultural\u00a0tiene por objetivo aumentar la cobertura de infraestructura cultural del pa\u00eds, apoyando a\u00a0municipalidades, a establecimientos de educaci\u00f3n superior estatales y a\u00a0organizaciones culturales privadas con y sin fines de lucro, incluye a establecimientos de educaci\u00f3n superior privados,\u00a0por medio del financiamiento total o parcial de proyectos de dise\u00f1o de arquitectura y especialidades [&hellip;]\" \/>\n<meta property=\"og:url\" content=\"https:\/\/dev.antudigital.cl\/sites\/vc\/fondo-de-infraestructura-cultural-publica-y-privada-2024-2\/\" \/>\n<meta property=\"og:site_name\" content=\"Valpara\u00ed\u00adso Creativo\" \/>\n<meta property=\"article:published_time\" content=\"2024-07-02T02:52:28+00:00\" \/>\n<meta property=\"article:modified_time\" content=\"2024-07-02T02:52:46+00:00\" \/>\n<meta property=\"og:image\" content=\"https:\/\/dev.antudigital.cl\/sites\/vc\/wp-content\/uploads\/2024\/07\/Captura-de-Pantalla-2024-07-01-a-las-22.42.03.png\" \/>\n\t<meta property=\"og:image:width\" content=\"889\" \/>\n\t<meta property=\"og:image:height\" content=\"197\" \/>\n\t<meta property=\"og:image:type\" content=\"image\/png\" \/>\n<meta name=\"author\" content=\"Valpara\u00edso Creativo\" \/>\n<meta name=\"twitter:card\" content=\"summary_large_image\" \/>\n<meta name=\"twitter:label1\" content=\"Escrito por\" \/>\n\t<meta name=\"twitter:data1\" content=\"Valpara\u00edso Creativo\" \/>\n\t<meta name=\"twitter:label2\" content=\"Tiempo de lectura\" \/>\n\t<meta name=\"twitter:data2\" content=\"1 minuto\" \/>\n<script type=\"application\/ld+json\" class=\"yoast-schema-graph\">{\"@context\":\"https:\/\/schema.org\",\"@graph\":[{\"@type\":\"Article\",\"@id\":\"https:\/\/dev.antudigital.cl\/sites\/vc\/fondo-de-infraestructura-cultural-publica-y-privada-2024-2\/#article\",\"isPartOf\":{\"@id\":\"https:\/\/dev.antudigital.cl\/sites\/vc\/fondo-de-infraestructura-cultural-publica-y-privada-2024-2\/\"},\"author\":{\"name\":\"Valpara\u00edso Creativo\",\"@id\":\"https:\/\/dev.antudigital.cl\/sites\/vc\/#\/schema\/person\/c2b9da8dd545e27166fc5ab232837318\"},\"headline\":\"Fondo de Infraestructura Cultural P\u00fablica y Privada 2024\",\"datePublished\":\"2024-07-02T02:52:28+00:00\",\"dateModified\":\"2024-07-02T02:52:46+00:00\",\"mainEntityOfPage\":{\"@id\":\"https:\/\/dev.antudigital.cl\/sites\/vc\/fondo-de-infraestructura-cultural-publica-y-privada-2024-2\/\"},\"wordCount\":94,\"image\":{\"@id\":\"https:\/\/dev.antudigital.cl\/sites\/vc\/fondo-de-infraestructura-cultural-publica-y-privada-2024-2\/#primaryimage\"},\"thumbnailUrl\":\"https:\/\/dev.antudigital.cl\/sites\/vc\/wp-content\/uploads\/2024\/07\/Captura-de-Pantalla-2024-07-01-a-las-22.42.03.png\",\"articleSection\":[\"Noticia\"],\"inLanguage\":\"es\"},{\"@type\":\"WebPage\",\"@id\":\"https:\/\/dev.antudigital.cl\/sites\/vc\/fondo-de-infraestructura-cultural-publica-y-privada-2024-2\/\",\"url\":\"https:\/\/dev.antudigital.cl\/sites\/vc\/fondo-de-infraestructura-cultural-publica-y-privada-2024-2\/\",\"name\":\"Fondo de Infraestructura Cultural P\u00fablica y Privada 2024 - Valpara\u00ed\u00adso Creativo\",\"isPartOf\":{\"@id\":\"https:\/\/dev.antudigital.cl\/sites\/vc\/#website\"},\"primaryImageOfPage\":{\"@id\":\"https:\/\/dev.antudigital.cl\/sites\/vc\/fondo-de-infraestructura-cultural-publica-y-privada-2024-2\/#primaryimage\"},\"image\":{\"@id\":\"https:\/\/dev.antudigital.cl\/sites\/vc\/fondo-de-infraestructura-cultural-publica-y-privada-2024-2\/#primaryimage\"},\"thumbnailUrl\":\"https:\/\/dev.antudigital.cl\/sites\/vc\/wp-content\/uploads\/2024\/07\/Captura-de-Pantalla-2024-07-01-a-las-22.42.03.png\",\"datePublished\":\"2024-07-02T02:52:28+00:00\",\"dateModified\":\"2024-07-02T02:52:46+00:00\",\"author\":{\"@id\":\"https:\/\/dev.antudigital.cl\/sites\/vc\/#\/schema\/person\/c2b9da8dd545e27166fc5ab232837318\"},\"breadcrumb\":{\"@id\":\"https:\/\/dev.antudigital.cl\/sites\/vc\/fondo-de-infraestructura-cultural-publica-y-privada-2024-2\/#breadcrumb\"},\"inLanguage\":\"es\",\"potentialAction\":[{\"@type\":\"ReadAction\",\"target\":[\"https:\/\/dev.antudigital.cl\/sites\/vc\/fondo-de-infraestructura-cultural-publica-y-privada-2024-2\/\"]}]},{\"@type\":\"ImageObject\",\"inLanguage\":\"es\",\"@id\":\"https:\/\/dev.antudigital.cl\/sites\/vc\/fondo-de-infraestructura-cultural-publica-y-privada-2024-2\/#primaryimage\",\"url\":\"https:\/\/dev.antudigital.cl\/sites\/vc\/wp-content\/uploads\/2024\/07\/Captura-de-Pantalla-2024-07-01-a-las-22.42.03.png\",\"contentUrl\":\"https:\/\/dev.antudigital.cl\/sites\/vc\/wp-content\/uploads\/2024\/07\/Captura-de-Pantalla-2024-07-01-a-las-22.42.03.png\",\"width\":889,\"height\":197},{\"@type\":\"BreadcrumbList\",\"@id\":\"https:\/\/dev.antudigital.cl\/sites\/vc\/fondo-de-infraestructura-cultural-publica-y-privada-2024-2\/#breadcrumb\",\"itemListElement\":[{\"@type\":\"ListItem\",\"position\":1,\"name\":\"Home\",\"item\":\"https:\/\/dev.antudigital.cl\/sites\/vc\/\"},{\"@type\":\"ListItem\",\"position\":2,\"name\":\"Fondo de Infraestructura Cultural P\u00fablica y Privada 2024\"}]},{\"@type\":\"WebSite\",\"@id\":\"https:\/\/dev.antudigital.cl\/sites\/vc\/#website\",\"url\":\"https:\/\/dev.antudigital.cl\/sites\/vc\/\",\"name\":\"Valpara\u00ed\u00adso Creativo\",\"description\":\"\",\"potentialAction\":[{\"@type\":\"SearchAction\",\"target\":{\"@type\":\"EntryPoint\",\"urlTemplate\":\"https:\/\/dev.antudigital.cl\/sites\/vc\/?s={search_term_string}\"},\"query-input\":{\"@type\":\"PropertyValueSpecification\",\"valueRequired\":true,\"valueName\":\"search_term_string\"}}],\"inLanguage\":\"es\"},{\"@type\":\"Person\",\"@id\":\"https:\/\/dev.antudigital.cl\/sites\/vc\/#\/schema\/person\/c2b9da8dd545e27166fc5ab232837318\",\"name\":\"Valpara\u00edso Creativo\",\"description\":\"Periodista de cultura en la Regi\u00f3n de Valpara\u00edso.\",\"url\":\"https:\/\/dev.antudigital.cl\/sites\/vc\/author\/valpoadmin\/\"}]}<\/script>\n<!-- \/ Yoast SEO plugin. -->","yoast_head_json":{"title":"Fondo de Infraestructura Cultural P\u00fablica y Privada 2024 - Valpara\u00ed\u00adso Creativo","robots":{"index":"index","follow":"follow","max-snippet":"max-snippet:-1","max-image-preview":"max-image-preview:large","max-video-preview":"max-video-preview:-1"},"canonical":"https:\/\/dev.antudigital.cl\/sites\/vc\/fondo-de-infraestructura-cultural-publica-y-privada-2024-2\/","og_locale":"es_ES","og_type":"article","og_title":"Fondo de Infraestructura Cultural P\u00fablica y Privada 2024 - Valpara\u00ed\u00adso Creativo","og_description":"El\u00a0Programa de Financiamiento de Infraestructura Cultural\u00a0tiene por objetivo aumentar la cobertura de infraestructura cultural del pa\u00eds, apoyando a\u00a0municipalidades, a establecimientos de educaci\u00f3n superior estatales y a\u00a0organizaciones culturales privadas con y sin fines de lucro, incluye a establecimientos de educaci\u00f3n superior privados,\u00a0por medio del financiamiento total o parcial de proyectos de dise\u00f1o de arquitectura y especialidades [&hellip;]","og_url":"https:\/\/dev.antudigital.cl\/sites\/vc\/fondo-de-infraestructura-cultural-publica-y-privada-2024-2\/","og_site_name":"Valpara\u00ed\u00adso Creativo","article_published_time":"2024-07-02T02:52:28+00:00","article_modified_time":"2024-07-02T02:52:46+00:00","og_image":[{"width":889,"height":197,"url":"https:\/\/dev.antudigital.cl\/sites\/vc\/wp-content\/uploads\/2024\/07\/Captura-de-Pantalla-2024-07-01-a-las-22.42.03.png","type":"image\/png"}],"author":"Valpara\u00edso Creativo","twitter_card":"summary_large_image","twitter_misc":{"Escrito por":"Valpara\u00edso Creativo","Tiempo de lectura":"1 minuto"},"schema":{"@context":"https:\/\/schema.org","@graph":[{"@type":"Article","@id":"https:\/\/dev.antudigital.cl\/sites\/vc\/fondo-de-infraestructura-cultural-publica-y-privada-2024-2\/#article","isPartOf":{"@id":"https:\/\/dev.antudigital.cl\/sites\/vc\/fondo-de-infraestructura-cultural-publica-y-privada-2024-2\/"},"author":{"name":"Valpara\u00edso Creativo","@id":"https:\/\/dev.antudigital.cl\/sites\/vc\/#\/schema\/person\/c2b9da8dd545e27166fc5ab232837318"},"headline":"Fondo de Infraestructura Cultural P\u00fablica y Privada 2024","datePublished":"2024-07-02T02:52:28+00:00","dateModified":"2024-07-02T02:52:46+00:00","mainEntityOfPage":{"@id":"https:\/\/dev.antudigital.cl\/sites\/vc\/fondo-de-infraestructura-cultural-publica-y-privada-2024-2\/"},"wordCount":94,"image":{"@id":"https:\/\/dev.antudigital.cl\/sites\/vc\/fondo-de-infraestructura-cultural-publica-y-privada-2024-2\/#primaryimage"},"thumbnailUrl":"https:\/\/dev.antudigital.cl\/sites\/vc\/wp-content\/uploads\/2024\/07\/Captura-de-Pantalla-2024-07-01-a-las-22.42.03.png","articleSection":["Noticia"],"inLanguage":"es"},{"@type":"WebPage","@id":"https:\/\/dev.antudigital.cl\/sites\/vc\/fondo-de-infraestructura-cultural-publica-y-privada-2024-2\/","url":"https:\/\/dev.antudigital.cl\/sites\/vc\/fondo-de-infraestructura-cultural-publica-y-privada-2024-2\/","name":"Fondo de Infraestructura Cultural P\u00fablica y Privada 2024 - Valpara\u00ed\u00adso Creativo","isPartOf":{"@id":"https:\/\/dev.antudigital.cl\/sites\/vc\/#website"},"primaryImageOfPage":{"@id":"https:\/\/dev.antudigital.cl\/sites\/vc\/fondo-de-infraestructura-cultural-publica-y-privada-2024-2\/#primaryimage"},"image":{"@id":"https:\/\/dev.antudigital.cl\/sites\/vc\/fondo-de-infraestructura-cultural-publica-y-privada-2024-2\/#primaryimage"},"thumbnailUrl":"https:\/\/dev.antudigital.cl\/sites\/vc\/wp-content\/uploads\/2024\/07\/Captura-de-Pantalla-2024-07-01-a-las-22.42.03.png","datePublished":"2024-07-02T02:52:28+00:00","dateModified":"2024-07-02T02:52:46+00:00","author":{"@id":"https:\/\/dev.antudigital.cl\/sites\/vc\/#\/schema\/person\/c2b9da8dd545e27166fc5ab232837318"},"breadcrumb":{"@id":"https:\/\/dev.antudigital.cl\/sites\/vc\/fondo-de-infraestructura-cultural-publica-y-privada-2024-2\/#breadcrumb"},"inLanguage":"es","potentialAction":[{"@type":"ReadAction","target":["https:\/\/dev.antudigital.cl\/sites\/vc\/fondo-de-infraestructura-cultural-publica-y-privada-2024-2\/"]}]},{"@type":"ImageObject","inLanguage":"es","@id":"https:\/\/dev.antudigital.cl\/sites\/vc\/fondo-de-infraestructura-cultural-publica-y-privada-2024-2\/#primaryimage","url":"https:\/\/dev.antudigital.cl\/sites\/vc\/wp-content\/uploads\/2024\/07\/Captura-de-Pantalla-2024-07-01-a-las-22.42.03.png","contentUrl":"https:\/\/dev.antudigital.cl\/sites\/vc\/wp-content\/uploads\/2024\/07\/Captura-de-Pantalla-2024-07-01-a-las-22.42.03.png","width":889,"height":197},{"@type":"BreadcrumbList","@id":"https:\/\/dev.antudigital.cl\/sites\/vc\/fondo-de-infraestructura-cultural-publica-y-privada-2024-2\/#breadcrumb","itemListElement":[{"@type":"ListItem","position":1,"name":"Home","item":"https:\/\/dev.antudigital.cl\/sites\/vc\/"},{"@type":"ListItem","position":2,"name":"Fondo de Infraestructura Cultural P\u00fablica y Privada 2024"}]},{"@type":"WebSite","@id":"https:\/\/dev.antudigital.cl\/sites\/vc\/#website","url":"https:\/\/dev.antudigital.cl\/sites\/vc\/","name":"Valpara\u00ed\u00adso Creativo","description":"","potentialAction":[{"@type":"SearchAction","target":{"@type":"EntryPoint","urlTemplate":"https:\/\/dev.antudigital.cl\/sites\/vc\/?s={search_term_string}"},"query-input":{"@type":"PropertyValueSpecification","valueRequired":true,"valueName":"search_term_string"}}],"inLanguage":"es"},{"@type":"Person","@id":"https:\/\/dev.antudigital.cl\/sites\/vc\/#\/schema\/person\/c2b9da8dd545e27166fc5ab232837318","name":"Valpara\u00edso Creativo","description":"Periodista de cultura en la Regi\u00f3n de Valpara\u00edso.","url":"https:\/\/dev.antudigital.cl\/sites\/vc\/author\/valpoadmin\/"}]}},"_links":{"self":[{"href":"https:\/\/dev.antudigital.cl\/sites\/vc\/wp-json\/wp\/v2\/posts\/19598","targetHints":{"allow":["GET"]}}],"collection":[{"href":"https:\/\/dev.antudigital.cl\/sites\/vc\/wp-json\/wp\/v2\/posts"}],"about":[{"href":"https:\/\/dev.antudigital.cl\/sites\/vc\/wp-json\/wp\/v2\/types\/post"}],"author":[{"embeddable":true,"href":"https:\/\/dev.antudigital.cl\/sites\/vc\/wp-json\/wp\/v2\/users\/1"}],"replies":[{"embeddable":true,"href":"https:\/\/dev.antudigital.cl\/sites\/vc\/wp-json\/wp\/v2\/comments?post=19598"}],"version-history":[{"count":1,"href":"https:\/\/dev.antudigital.cl\/sites\/vc\/wp-json\/wp\/v2\/posts\/19598\/revisions"}],"predecessor-version":[{"id":19600,"href":"https:\/\/dev.antudigital.cl\/sites\/vc\/wp-json\/wp\/v2\/posts\/19598\/revisions\/19600"}],"wp:featuredmedia":[{"embeddable":true,"href":"https:\/\/dev.antudigital.cl\/sites\/vc\/wp-json\/wp\/v2\/media\/19599"}],"wp:attachment":[{"href":"https:\/\/dev.antudigital.cl\/sites\/vc\/wp-json\/wp\/v2\/media?parent=19598"}],"wp:term":[{"taxonomy":"category","embeddable":true,"href":"https:\/\/dev.antudigital.cl\/sites\/vc\/wp-json\/wp\/v2\/categories?post=19598"},{"taxonomy":"post_tag","embeddable":true,"href":"https:\/\/dev.antudigital.cl\/sites\/vc\/wp-json\/wp\/v2\/tags?post=19598"}],"curies":[{"name":"wp","href":"https:\/\/api.w.org\/{rel}","templated":true}]}}