{"id":19602,"date":"2024-07-02T03:03:37","date_gmt":"2024-07-02T03:03:37","guid":{"rendered":"https:\/\/www.valparaisocreativo.cl\/?p=19602"},"modified":"2024-07-02T03:03:58","modified_gmt":"2024-07-02T03:03:58","slug":"arcos-y-valparaiso-creativo-repasan-avances-y-alianzas-para-valparaiso-ciudad-musical-unesco","status":"publish","type":"post","link":"https:\/\/dev.antudigital.cl\/sites\/vc\/arcos-y-valparaiso-creativo-repasan-avances-y-alianzas-para-valparaiso-ciudad-musical-unesco\/","title":{"rendered":"ARCOS Y VALPARA\u00cdSO CREATIVO REPASAN AVANCES Y ALIANZAS PARA VALPARA\u00cdSO CIUDAD MUSICAL UNESCO"},"content":{"rendered":"\n<p>Desde el 2019, Valpara\u00edso es Ciudad Creativa de la M\u00fasica, denominaci\u00f3n UNESCO que convoca a una Red de Ciudades Creativas que buscan potenciar y destacar actividades que aportan al desarrollo econ\u00f3mico local e identitario de ciertas comunidades geogr\u00e1ficas. Otras ciudades con estas caracter\u00edsticas en Chile son Frutillar, que fue la primera en lograr el nombramiento, y Concepci\u00f3n, recientemente.<\/p>\n\n\n\n<figure class=\"wp-block-image\"><img decoding=\"async\" src=\"https:\/\/www.arcos.cl\/wp-content\/uploads\/2024\/07\/ARCOS-en-las-actividades-de-extension-del-Festival-Valparatango-1024x683.jpg\" alt=\"ARCOS en las actividades de extensi\u00f3n del Festival Valparatango\" class=\"wp-image-44527\"\/><\/figure>\n\n\n\n<p>Desde sus or\u00edgenes, Valpara\u00edso es una puerta de conexi\u00f3n con el mundo y sus culturas. Ciudad de Chile donde primero llegaron instrumentos y g\u00e9neros musicales, cuyas primeras expresiones se convirtieron en melod\u00edas y ritmos, luego en bandas y, m\u00e1s tarde, en propuestas musicales s\u00f3lidas que han desarrollado una identidad \u00fanica. Es decir, la m\u00fasica ha sido movilizadora del territorio, lo que se representa en la gran cantidad de festivales no solo musicales, sino de diferentes \u00e1mbitos complementarios.&nbsp;<\/p>\n\n\n\n<p>Otro elemento que hace de Valpara\u00edso una Ciudad Creativa de la M\u00fasica UNESCO es el gran n\u00famero de sellos discogr\u00e1ficos, estudios de grabaci\u00f3n o titulados\/as, investigadores\/as y acad\u00e9micos\/as de carreras musicales que se desarrollan en la ciudad puerto, lo que se convierte en una masa cr\u00edtica que se desarrolla, crea y sorprende cada d\u00eda.&nbsp;<\/p>\n\n\n\n<p>Sin duda, esta realidad presenta tantas oportunidades como desaf\u00edos, siendo la dignificaci\u00f3n de condiciones laborales una de las brechas identificadas. En este sentido, la denominaci\u00f3n UNESCO permite conformar la Red de Ciudades Creativas y tener una vitrina internacional, as\u00ed como tambi\u00e9n establecer ejes estrat\u00e9gicos de trabajo para fortalecer el sector, desde organismos p\u00fablicos y privados que contribuyen a la escena musical.<\/p>\n\n\n\n<p>La denominaci\u00f3n se logr\u00f3 debido al trabajo articulado de diversas instituciones y el gremio musical, trabajo que se ampli\u00f3 gremialmente y que se trabaja hasta la actualidad en una Mesa de la M\u00fasica. En este sentido, organismos como Instituto Profesional ARCOS y Valpara\u00edso Creativo tienen mucho que aportar desde sus diversas \u00e1reas de trabajo, y es as\u00ed como se han apoyado tanto di\u00e1logos nutritivos como acciones espec\u00edficas.<\/p>\n\n\n\n<figure class=\"wp-block-image\"><img decoding=\"async\" src=\"https:\/\/www.arcos.cl\/wp-content\/uploads\/2024\/07\/ARCOS-participa-en-Rockdromo-2023-1024x576.jpg\" alt=\"ARCOS participa en Rockdromo 2023\" class=\"wp-image-44528\"\/><\/figure>\n\n\n\n<p><strong>Loreto Aravena<\/strong>, jefa regional de&nbsp;<a href=\"https:\/\/www.arcos.cl\/direccion-de-vinculacion-con-el-medio\/?utm_source=arcos&amp;utm_medium=main_menu\" target=\"_blank\" rel=\"noreferrer noopener\">Vinculaci\u00f3n con el Medio del Instituto Profesional ARCOS<\/a>, detall\u00f3 sobre las acciones que tributan a esta \u00e1rea en la ciudad.&nbsp;<em>\u201cComo aporte a la Ciudad Creativa de la M\u00fasica, desde el I.P. ARCOS nos hemos propuesto desarrollar el eje M\u00fasica y Educaci\u00f3n, impulsando fuertemente la formaci\u00f3n a trav\u00e9s de capacitaciones a las comunidades art\u00edsticas presentes en el territorio, entre ellas c\u00f3mo co-productores&nbsp; de programas muy relevantes, tales como Impulsa Cultura y programa Conversor. Adem\u00e1s de ello, hemos participado de los festivales de la ciudad, generando instancias de extensi\u00f3n de los mismos, con conciertos pedag\u00f3gicos en el Campus Valpara\u00edso, como la Cumbre del Bolero y Valparatango. Adem\u00e1s, estamos desarrollando constantemente conciertos did\u00e1cticos de destacados artistas, tales como Pedro Aznar, Tata Barahona y Yorka, entre otros. Desde all\u00ed, demostramos nuestro compromiso con la ciudad musical, enfocados en lo que mejor sabemos hacer: formar, educar\u201d<\/em>.<\/p>\n\n\n\n<figure class=\"wp-block-image\"><img decoding=\"async\" src=\"https:\/\/www.arcos.cl\/wp-content\/uploads\/2024\/07\/Pedro-Aznar-realiza-Masterclass-en-ARCOS-en-el-marco-del-Aniversario-de-Valparaiso-Ciudad-Musical-UNESCO.jpg\" alt=\"Pedro Aznar realiz\u00f3 exitosa Masterclass en ARCOS en el IV aniversario de Valpara\u00edso Ciudad Musical UNESCO\" class=\"wp-image-44530\"\/><\/figure>\n\n\n\n<p>A su vez,&nbsp;<strong>Mauricio Cifuentes, Gerente de&nbsp;<a href=\"https:\/\/www.valparaisocreativo.cl\/\" target=\"_blank\" rel=\"noreferrer noopener\">Valpara\u00edso Creativo<\/a><\/strong>, menciona que han&nbsp;<em>\u201cavanzado en el trabajo articulado desde la gobernanza de Valpara\u00edso Ciudad Creativa de la M\u00fasica de manera sostenida, lo que implica un compromiso institucional, no solamente de CORFO, por medio del programa, sino de otras instituciones que lo han acompa\u00f1ado en el proceso, como Servicio Patrimonio, PROChile y, por supuesto, bajo el liderazgo de la Direcci\u00f3n de Cultura del mismo municipio. Creemos que nuestra permanencia todos estos a\u00f1os ha contribuido a esa articulaci\u00f3n institucional, sumado tambi\u00e9n al mismo trabajo que ha hecho el municipio por medio de su Mesa de la M\u00fasica. As\u00ed que el trabajo ha sido consistente y siempre coherente con el Plan de Acci\u00f3n, donde nosotros como programa tenemos compromisos en varios de sus ejes de acci\u00f3n\u201d<\/em>.<\/p>\n\n\n\n<p>En este sentido, agrega que&nbsp;<em>\u201cInstituto ARCOS ha sido fundamental. Su ingreso a este proceso contribuye mucho a lo que son los distintos ejes de este Plan. Tambi\u00e9n, considerar la experiencia que tiene Loreto, directora de Vinculaci\u00f3n con el Medio del Instituto en su sede regional, cuya experiencia es fundamental. Todas las intervenciones de ARCOS en el \u00e1mbito de la m\u00fasica, llevan en s\u00ed una experiencia previa, un conocimiento de lo que se ha hecho todos estos a\u00f1os. Eso es muy virtuoso. Aplaudimos las \u00faltimas iniciativas, sobre todo lo que tiene que ver con Mujeres en la M\u00fasica, el trabajo que se hace con disidencias. Creemos que son proyectos de muy buena focalizaci\u00f3n en el territorio\u201d.<\/em><\/p>\n\n\n\n<figure class=\"wp-block-image\"><img decoding=\"async\" src=\"https:\/\/www.arcos.cl\/wp-content\/uploads\/2024\/07\/Mauricio-Cifuentes-Gerente-de-Valparaiso-Creativo-en-ARCOS-durante-Micsur-1-1024x683.jpg\" alt=\"Mauricio Cifuentes, Gerente de Valpara\u00edso Creativo en ARCOS durante Micsur\" class=\"wp-image-44532\"\/><\/figure>\n\n\n\n<p><strong>SELLO LOCAL MUSICAL EMBLEM\u00c1TICO<\/strong><\/p>\n\n\n\n<p>Una de las \u00faltimas acciones tomadas es el Sello Local Musical Emblem\u00e1tico de Valpara\u00edso, esfuerzo articulado por la Municipalidad de Valpara\u00edso a trav\u00e9s de su Direcci\u00f3n de Cultura por el \u00e1rea de Fomento, junto a organismos como Servicio Patrimonio, la Seremi de las Culturas, las Artes y el Patrimonio y Valpara\u00edso Creativo, instancia de la que Instituto Profesional ARCOS tambi\u00e9n se ha hecho parte a trav\u00e9s de su difusi\u00f3n y lanzamiento.<\/p>\n\n\n\n<p>El Sello consta de un reconocimiento que busca promover los buenos est\u00e1ndares laborales de locales que tienen en su oferta m\u00fasicos\/as y presentaciones de distinto tipo. Observa \u00edtems como que existan camarines y un piso m\u00ednimo de pago, entre otros aportes, y que son el primer paso para construir una cultura en torno a los tratos del oficio, que a\u00fan en ocasiones son irregulares.<\/p>\n\n\n\n<figure class=\"wp-block-image\"><img decoding=\"async\" src=\"https:\/\/www.arcos.cl\/wp-content\/uploads\/2024\/07\/Iniciativa-Sello-local-musical-emblematico-Valparaiso.jpg\" alt=\"Iniciativa Sello local musical emblem\u00e1tico Valpara\u00edso\" class=\"wp-image-44534\"\/><\/figure>\n\n\n\n<p>La Convencional, El Molin\u00f3n, Del Barrio, Bar Liberty y La Par\u00e1 Kultural fueron los primeros cinco seleccionados, con quienes se trabajan acciones y herramientas tambi\u00e9n para visibilizar sus espacios, a la vez que seguir construyendo un futuro com\u00fan de dignidad para la escena musical de Valpara\u00edso.<\/p>\n\n\n\n<p>Este es uno de los ejemplos sobre c\u00f3mo articulan instancias para desarrollar el sector, siendo piedra angular el di\u00e1logo y la colaboraci\u00f3n entre actores para avanzar por un bien com\u00fan. As\u00ed no solo impactar en la m\u00fasica, sino tambi\u00e9n en el turismo, la seguridad, la gastronom\u00eda y desarrollo econ\u00f3mico local.<\/p>\n\n\n\n<p>M\u00e1s informaci\u00f3n sobre esta denominaci\u00f3n, se encuentra disponible en los siguientes art\u00edculos de\u00a0<a href=\"https:\/\/www.valparaisocreativo.cl\/\" target=\"_blank\" rel=\"noreferrer noopener\">Valpara\u00edso Creativo<\/a><br><\/p>\n\n\n\n<p><a href=\"https:\/\/www.valparaisocreativo.cl\/valparaiso-es-designada-ciudad-creativa-de-la-musica-por-unesco\/\">Valpara\u00edso es integrada a Red de Ciudad Creativas de la M\u00fasica mediante denominaci\u00f3n UNESCO<\/a><\/p>\n\n\n\n<p><a href=\"https:\/\/www.valparaisocreativo.cl\/que-es-valparaiso-ciudad-creativa-de-la-musica\/\">Entrevista a Manuela G\u00f3mez Jurado de Desarrollo Econ\u00f3mico en la Direcci\u00f3n de Cultura de la Municipalidad de Valpara\u00edso: \u00bfQu\u00e9 es ser Ciudad Creativa de la M\u00fasica?<\/a><\/p>\n","protected":false},"excerpt":{"rendered":"<p>Desde el 2019, Valpara\u00edso es Ciudad Creativa de la M\u00fasica, denominaci\u00f3n UNESCO que convoca a una Red de Ciudades Creativas que buscan potenciar y destacar actividades que aportan al desarrollo econ\u00f3mico local e identitario de ciertas comunidades geogr\u00e1ficas. Otras ciudades con estas caracter\u00edsticas en Chile son Frutillar, que fue la primera en lograr el nombramiento, [&hellip;]<\/p>\n","protected":false},"author":1,"featured_media":19603,"comment_status":"closed","ping_status":"closed","sticky":false,"template":"","format":"standard","meta":{"_acf_changed":false,"footnotes":""},"categories":[8],"tags":[],"class_list":["post-19602","post","type-post","status-publish","format-standard","has-post-thumbnail","hentry","category-noticia"],"acf":[],"yoast_head":"<!-- This site is optimized with the Yoast SEO plugin v27.1.1 - https:\/\/yoast.com\/product\/yoast-seo-wordpress\/ -->\n<title>ARCOS Y VALPARA\u00cdSO CREATIVO REPASAN AVANCES Y ALIANZAS PARA VALPARA\u00cdSO CIUDAD MUSICAL UNESCO - Valpara\u00ed\u00adso Creativo<\/title>\n<meta name=\"robots\" content=\"index, follow, max-snippet:-1, max-image-preview:large, max-video-preview:-1\" \/>\n<link rel=\"canonical\" href=\"https:\/\/dev.antudigital.cl\/sites\/vc\/arcos-y-valparaiso-creativo-repasan-avances-y-alianzas-para-valparaiso-ciudad-musical-unesco\/\" \/>\n<meta property=\"og:locale\" content=\"es_ES\" \/>\n<meta property=\"og:type\" content=\"article\" \/>\n<meta property=\"og:title\" content=\"ARCOS Y VALPARA\u00cdSO CREATIVO REPASAN AVANCES Y ALIANZAS PARA VALPARA\u00cdSO CIUDAD MUSICAL UNESCO - Valpara\u00ed\u00adso Creativo\" \/>\n<meta property=\"og:description\" content=\"Desde el 2019, Valpara\u00edso es Ciudad Creativa de la M\u00fasica, denominaci\u00f3n UNESCO que convoca a una Red de Ciudades Creativas que buscan potenciar y destacar actividades que aportan al desarrollo econ\u00f3mico local e identitario de ciertas comunidades geogr\u00e1ficas. Otras ciudades con estas caracter\u00edsticas en Chile son Frutillar, que fue la primera en lograr el nombramiento, [&hellip;]\" \/>\n<meta property=\"og:url\" content=\"https:\/\/dev.antudigital.cl\/sites\/vc\/arcos-y-valparaiso-creativo-repasan-avances-y-alianzas-para-valparaiso-ciudad-musical-unesco\/\" \/>\n<meta property=\"og:site_name\" content=\"Valpara\u00ed\u00adso Creativo\" \/>\n<meta property=\"article:published_time\" content=\"2024-07-02T03:03:37+00:00\" \/>\n<meta property=\"article:modified_time\" content=\"2024-07-02T03:03:58+00:00\" \/>\n<meta property=\"og:image\" content=\"https:\/\/dev.antudigital.cl\/sites\/vc\/wp-content\/uploads\/2024\/07\/Mauricio-Cifuentes-Gerente-de-Valparaiso-Creativo-en-ARCOS-durante-Micsur.jpg\" \/>\n\t<meta property=\"og:image:width\" content=\"1080\" \/>\n\t<meta property=\"og:image:height\" content=\"720\" \/>\n\t<meta property=\"og:image:type\" content=\"image\/jpeg\" \/>\n<meta name=\"author\" content=\"Valpara\u00edso Creativo\" \/>\n<meta name=\"twitter:card\" content=\"summary_large_image\" \/>\n<meta name=\"twitter:label1\" content=\"Escrito por\" \/>\n\t<meta name=\"twitter:data1\" content=\"Valpara\u00edso Creativo\" \/>\n\t<meta name=\"twitter:label2\" content=\"Tiempo de lectura\" \/>\n\t<meta name=\"twitter:data2\" content=\"6 minutos\" \/>\n<script type=\"application\/ld+json\" class=\"yoast-schema-graph\">{\"@context\":\"https:\/\/schema.org\",\"@graph\":[{\"@type\":\"Article\",\"@id\":\"https:\/\/dev.antudigital.cl\/sites\/vc\/arcos-y-valparaiso-creativo-repasan-avances-y-alianzas-para-valparaiso-ciudad-musical-unesco\/#article\",\"isPartOf\":{\"@id\":\"https:\/\/dev.antudigital.cl\/sites\/vc\/arcos-y-valparaiso-creativo-repasan-avances-y-alianzas-para-valparaiso-ciudad-musical-unesco\/\"},\"author\":{\"name\":\"Valpara\u00edso Creativo\",\"@id\":\"https:\/\/dev.antudigital.cl\/sites\/vc\/#\/schema\/person\/c2b9da8dd545e27166fc5ab232837318\"},\"headline\":\"ARCOS Y VALPARA\u00cdSO CREATIVO REPASAN AVANCES Y ALIANZAS PARA VALPARA\u00cdSO CIUDAD MUSICAL UNESCO\",\"datePublished\":\"2024-07-02T03:03:37+00:00\",\"dateModified\":\"2024-07-02T03:03:58+00:00\",\"mainEntityOfPage\":{\"@id\":\"https:\/\/dev.antudigital.cl\/sites\/vc\/arcos-y-valparaiso-creativo-repasan-avances-y-alianzas-para-valparaiso-ciudad-musical-unesco\/\"},\"wordCount\":1134,\"image\":{\"@id\":\"https:\/\/dev.antudigital.cl\/sites\/vc\/arcos-y-valparaiso-creativo-repasan-avances-y-alianzas-para-valparaiso-ciudad-musical-unesco\/#primaryimage\"},\"thumbnailUrl\":\"https:\/\/dev.antudigital.cl\/sites\/vc\/wp-content\/uploads\/2024\/07\/Mauricio-Cifuentes-Gerente-de-Valparaiso-Creativo-en-ARCOS-durante-Micsur.jpg\",\"articleSection\":[\"Noticia\"],\"inLanguage\":\"es\"},{\"@type\":\"WebPage\",\"@id\":\"https:\/\/dev.antudigital.cl\/sites\/vc\/arcos-y-valparaiso-creativo-repasan-avances-y-alianzas-para-valparaiso-ciudad-musical-unesco\/\",\"url\":\"https:\/\/dev.antudigital.cl\/sites\/vc\/arcos-y-valparaiso-creativo-repasan-avances-y-alianzas-para-valparaiso-ciudad-musical-unesco\/\",\"name\":\"ARCOS Y VALPARA\u00cdSO CREATIVO REPASAN AVANCES Y ALIANZAS PARA VALPARA\u00cdSO CIUDAD MUSICAL UNESCO - Valpara\u00ed\u00adso Creativo\",\"isPartOf\":{\"@id\":\"https:\/\/dev.antudigital.cl\/sites\/vc\/#website\"},\"primaryImageOfPage\":{\"@id\":\"https:\/\/dev.antudigital.cl\/sites\/vc\/arcos-y-valparaiso-creativo-repasan-avances-y-alianzas-para-valparaiso-ciudad-musical-unesco\/#primaryimage\"},\"image\":{\"@id\":\"https:\/\/dev.antudigital.cl\/sites\/vc\/arcos-y-valparaiso-creativo-repasan-avances-y-alianzas-para-valparaiso-ciudad-musical-unesco\/#primaryimage\"},\"thumbnailUrl\":\"https:\/\/dev.antudigital.cl\/sites\/vc\/wp-content\/uploads\/2024\/07\/Mauricio-Cifuentes-Gerente-de-Valparaiso-Creativo-en-ARCOS-durante-Micsur.jpg\",\"datePublished\":\"2024-07-02T03:03:37+00:00\",\"dateModified\":\"2024-07-02T03:03:58+00:00\",\"author\":{\"@id\":\"https:\/\/dev.antudigital.cl\/sites\/vc\/#\/schema\/person\/c2b9da8dd545e27166fc5ab232837318\"},\"breadcrumb\":{\"@id\":\"https:\/\/dev.antudigital.cl\/sites\/vc\/arcos-y-valparaiso-creativo-repasan-avances-y-alianzas-para-valparaiso-ciudad-musical-unesco\/#breadcrumb\"},\"inLanguage\":\"es\",\"potentialAction\":[{\"@type\":\"ReadAction\",\"target\":[\"https:\/\/dev.antudigital.cl\/sites\/vc\/arcos-y-valparaiso-creativo-repasan-avances-y-alianzas-para-valparaiso-ciudad-musical-unesco\/\"]}]},{\"@type\":\"ImageObject\",\"inLanguage\":\"es\",\"@id\":\"https:\/\/dev.antudigital.cl\/sites\/vc\/arcos-y-valparaiso-creativo-repasan-avances-y-alianzas-para-valparaiso-ciudad-musical-unesco\/#primaryimage\",\"url\":\"https:\/\/dev.antudigital.cl\/sites\/vc\/wp-content\/uploads\/2024\/07\/Mauricio-Cifuentes-Gerente-de-Valparaiso-Creativo-en-ARCOS-durante-Micsur.jpg\",\"contentUrl\":\"https:\/\/dev.antudigital.cl\/sites\/vc\/wp-content\/uploads\/2024\/07\/Mauricio-Cifuentes-Gerente-de-Valparaiso-Creativo-en-ARCOS-durante-Micsur.jpg\",\"width\":1080,\"height\":720},{\"@type\":\"BreadcrumbList\",\"@id\":\"https:\/\/dev.antudigital.cl\/sites\/vc\/arcos-y-valparaiso-creativo-repasan-avances-y-alianzas-para-valparaiso-ciudad-musical-unesco\/#breadcrumb\",\"itemListElement\":[{\"@type\":\"ListItem\",\"position\":1,\"name\":\"Home\",\"item\":\"https:\/\/dev.antudigital.cl\/sites\/vc\/\"},{\"@type\":\"ListItem\",\"position\":2,\"name\":\"ARCOS Y VALPARA\u00cdSO CREATIVO REPASAN AVANCES Y ALIANZAS PARA VALPARA\u00cdSO CIUDAD MUSICAL UNESCO\"}]},{\"@type\":\"WebSite\",\"@id\":\"https:\/\/dev.antudigital.cl\/sites\/vc\/#website\",\"url\":\"https:\/\/dev.antudigital.cl\/sites\/vc\/\",\"name\":\"Valpara\u00ed\u00adso Creativo\",\"description\":\"\",\"potentialAction\":[{\"@type\":\"SearchAction\",\"target\":{\"@type\":\"EntryPoint\",\"urlTemplate\":\"https:\/\/dev.antudigital.cl\/sites\/vc\/?s={search_term_string}\"},\"query-input\":{\"@type\":\"PropertyValueSpecification\",\"valueRequired\":true,\"valueName\":\"search_term_string\"}}],\"inLanguage\":\"es\"},{\"@type\":\"Person\",\"@id\":\"https:\/\/dev.antudigital.cl\/sites\/vc\/#\/schema\/person\/c2b9da8dd545e27166fc5ab232837318\",\"name\":\"Valpara\u00edso Creativo\",\"description\":\"Periodista de cultura en la Regi\u00f3n de Valpara\u00edso.\",\"url\":\"https:\/\/dev.antudigital.cl\/sites\/vc\/author\/valpoadmin\/\"}]}<\/script>\n<!-- \/ Yoast SEO plugin. -->","yoast_head_json":{"title":"ARCOS Y VALPARA\u00cdSO CREATIVO REPASAN AVANCES Y ALIANZAS PARA VALPARA\u00cdSO CIUDAD MUSICAL UNESCO - Valpara\u00ed\u00adso Creativo","robots":{"index":"index","follow":"follow","max-snippet":"max-snippet:-1","max-image-preview":"max-image-preview:large","max-video-preview":"max-video-preview:-1"},"canonical":"https:\/\/dev.antudigital.cl\/sites\/vc\/arcos-y-valparaiso-creativo-repasan-avances-y-alianzas-para-valparaiso-ciudad-musical-unesco\/","og_locale":"es_ES","og_type":"article","og_title":"ARCOS Y VALPARA\u00cdSO CREATIVO REPASAN AVANCES Y ALIANZAS PARA VALPARA\u00cdSO CIUDAD MUSICAL UNESCO - Valpara\u00ed\u00adso Creativo","og_description":"Desde el 2019, Valpara\u00edso es Ciudad Creativa de la M\u00fasica, denominaci\u00f3n UNESCO que convoca a una Red de Ciudades Creativas que buscan potenciar y destacar actividades que aportan al desarrollo econ\u00f3mico local e identitario de ciertas comunidades geogr\u00e1ficas. Otras ciudades con estas caracter\u00edsticas en Chile son Frutillar, que fue la primera en lograr el nombramiento, [&hellip;]","og_url":"https:\/\/dev.antudigital.cl\/sites\/vc\/arcos-y-valparaiso-creativo-repasan-avances-y-alianzas-para-valparaiso-ciudad-musical-unesco\/","og_site_name":"Valpara\u00ed\u00adso Creativo","article_published_time":"2024-07-02T03:03:37+00:00","article_modified_time":"2024-07-02T03:03:58+00:00","og_image":[{"width":1080,"height":720,"url":"https:\/\/dev.antudigital.cl\/sites\/vc\/wp-content\/uploads\/2024\/07\/Mauricio-Cifuentes-Gerente-de-Valparaiso-Creativo-en-ARCOS-durante-Micsur.jpg","type":"image\/jpeg"}],"author":"Valpara\u00edso Creativo","twitter_card":"summary_large_image","twitter_misc":{"Escrito por":"Valpara\u00edso Creativo","Tiempo de lectura":"6 minutos"},"schema":{"@context":"https:\/\/schema.org","@graph":[{"@type":"Article","@id":"https:\/\/dev.antudigital.cl\/sites\/vc\/arcos-y-valparaiso-creativo-repasan-avances-y-alianzas-para-valparaiso-ciudad-musical-unesco\/#article","isPartOf":{"@id":"https:\/\/dev.antudigital.cl\/sites\/vc\/arcos-y-valparaiso-creativo-repasan-avances-y-alianzas-para-valparaiso-ciudad-musical-unesco\/"},"author":{"name":"Valpara\u00edso Creativo","@id":"https:\/\/dev.antudigital.cl\/sites\/vc\/#\/schema\/person\/c2b9da8dd545e27166fc5ab232837318"},"headline":"ARCOS Y VALPARA\u00cdSO CREATIVO REPASAN AVANCES Y ALIANZAS PARA VALPARA\u00cdSO CIUDAD MUSICAL UNESCO","datePublished":"2024-07-02T03:03:37+00:00","dateModified":"2024-07-02T03:03:58+00:00","mainEntityOfPage":{"@id":"https:\/\/dev.antudigital.cl\/sites\/vc\/arcos-y-valparaiso-creativo-repasan-avances-y-alianzas-para-valparaiso-ciudad-musical-unesco\/"},"wordCount":1134,"image":{"@id":"https:\/\/dev.antudigital.cl\/sites\/vc\/arcos-y-valparaiso-creativo-repasan-avances-y-alianzas-para-valparaiso-ciudad-musical-unesco\/#primaryimage"},"thumbnailUrl":"https:\/\/dev.antudigital.cl\/sites\/vc\/wp-content\/uploads\/2024\/07\/Mauricio-Cifuentes-Gerente-de-Valparaiso-Creativo-en-ARCOS-durante-Micsur.jpg","articleSection":["Noticia"],"inLanguage":"es"},{"@type":"WebPage","@id":"https:\/\/dev.antudigital.cl\/sites\/vc\/arcos-y-valparaiso-creativo-repasan-avances-y-alianzas-para-valparaiso-ciudad-musical-unesco\/","url":"https:\/\/dev.antudigital.cl\/sites\/vc\/arcos-y-valparaiso-creativo-repasan-avances-y-alianzas-para-valparaiso-ciudad-musical-unesco\/","name":"ARCOS Y VALPARA\u00cdSO CREATIVO REPASAN AVANCES Y ALIANZAS PARA VALPARA\u00cdSO CIUDAD MUSICAL UNESCO - Valpara\u00ed\u00adso Creativo","isPartOf":{"@id":"https:\/\/dev.antudigital.cl\/sites\/vc\/#website"},"primaryImageOfPage":{"@id":"https:\/\/dev.antudigital.cl\/sites\/vc\/arcos-y-valparaiso-creativo-repasan-avances-y-alianzas-para-valparaiso-ciudad-musical-unesco\/#primaryimage"},"image":{"@id":"https:\/\/dev.antudigital.cl\/sites\/vc\/arcos-y-valparaiso-creativo-repasan-avances-y-alianzas-para-valparaiso-ciudad-musical-unesco\/#primaryimage"},"thumbnailUrl":"https:\/\/dev.antudigital.cl\/sites\/vc\/wp-content\/uploads\/2024\/07\/Mauricio-Cifuentes-Gerente-de-Valparaiso-Creativo-en-ARCOS-durante-Micsur.jpg","datePublished":"2024-07-02T03:03:37+00:00","dateModified":"2024-07-02T03:03:58+00:00","author":{"@id":"https:\/\/dev.antudigital.cl\/sites\/vc\/#\/schema\/person\/c2b9da8dd545e27166fc5ab232837318"},"breadcrumb":{"@id":"https:\/\/dev.antudigital.cl\/sites\/vc\/arcos-y-valparaiso-creativo-repasan-avances-y-alianzas-para-valparaiso-ciudad-musical-unesco\/#breadcrumb"},"inLanguage":"es","potentialAction":[{"@type":"ReadAction","target":["https:\/\/dev.antudigital.cl\/sites\/vc\/arcos-y-valparaiso-creativo-repasan-avances-y-alianzas-para-valparaiso-ciudad-musical-unesco\/"]}]},{"@type":"ImageObject","inLanguage":"es","@id":"https:\/\/dev.antudigital.cl\/sites\/vc\/arcos-y-valparaiso-creativo-repasan-avances-y-alianzas-para-valparaiso-ciudad-musical-unesco\/#primaryimage","url":"https:\/\/dev.antudigital.cl\/sites\/vc\/wp-content\/uploads\/2024\/07\/Mauricio-Cifuentes-Gerente-de-Valparaiso-Creativo-en-ARCOS-durante-Micsur.jpg","contentUrl":"https:\/\/dev.antudigital.cl\/sites\/vc\/wp-content\/uploads\/2024\/07\/Mauricio-Cifuentes-Gerente-de-Valparaiso-Creativo-en-ARCOS-durante-Micsur.jpg","width":1080,"height":720},{"@type":"BreadcrumbList","@id":"https:\/\/dev.antudigital.cl\/sites\/vc\/arcos-y-valparaiso-creativo-repasan-avances-y-alianzas-para-valparaiso-ciudad-musical-unesco\/#breadcrumb","itemListElement":[{"@type":"ListItem","position":1,"name":"Home","item":"https:\/\/dev.antudigital.cl\/sites\/vc\/"},{"@type":"ListItem","position":2,"name":"ARCOS Y VALPARA\u00cdSO CREATIVO REPASAN AVANCES Y ALIANZAS PARA VALPARA\u00cdSO CIUDAD MUSICAL UNESCO"}]},{"@type":"WebSite","@id":"https:\/\/dev.antudigital.cl\/sites\/vc\/#website","url":"https:\/\/dev.antudigital.cl\/sites\/vc\/","name":"Valpara\u00ed\u00adso Creativo","description":"","potentialAction":[{"@type":"SearchAction","target":{"@type":"EntryPoint","urlTemplate":"https:\/\/dev.antudigital.cl\/sites\/vc\/?s={search_term_string}"},"query-input":{"@type":"PropertyValueSpecification","valueRequired":true,"valueName":"search_term_string"}}],"inLanguage":"es"},{"@type":"Person","@id":"https:\/\/dev.antudigital.cl\/sites\/vc\/#\/schema\/person\/c2b9da8dd545e27166fc5ab232837318","name":"Valpara\u00edso Creativo","description":"Periodista de cultura en la Regi\u00f3n de Valpara\u00edso.","url":"https:\/\/dev.antudigital.cl\/sites\/vc\/author\/valpoadmin\/"}]}},"_links":{"self":[{"href":"https:\/\/dev.antudigital.cl\/sites\/vc\/wp-json\/wp\/v2\/posts\/19602","targetHints":{"allow":["GET"]}}],"collection":[{"href":"https:\/\/dev.antudigital.cl\/sites\/vc\/wp-json\/wp\/v2\/posts"}],"about":[{"href":"https:\/\/dev.antudigital.cl\/sites\/vc\/wp-json\/wp\/v2\/types\/post"}],"author":[{"embeddable":true,"href":"https:\/\/dev.antudigital.cl\/sites\/vc\/wp-json\/wp\/v2\/users\/1"}],"replies":[{"embeddable":true,"href":"https:\/\/dev.antudigital.cl\/sites\/vc\/wp-json\/wp\/v2\/comments?post=19602"}],"version-history":[{"count":1,"href":"https:\/\/dev.antudigital.cl\/sites\/vc\/wp-json\/wp\/v2\/posts\/19602\/revisions"}],"predecessor-version":[{"id":19604,"href":"https:\/\/dev.antudigital.cl\/sites\/vc\/wp-json\/wp\/v2\/posts\/19602\/revisions\/19604"}],"wp:featuredmedia":[{"embeddable":true,"href":"https:\/\/dev.antudigital.cl\/sites\/vc\/wp-json\/wp\/v2\/media\/19603"}],"wp:attachment":[{"href":"https:\/\/dev.antudigital.cl\/sites\/vc\/wp-json\/wp\/v2\/media?parent=19602"}],"wp:term":[{"taxonomy":"category","embeddable":true,"href":"https:\/\/dev.antudigital.cl\/sites\/vc\/wp-json\/wp\/v2\/categories?post=19602"},{"taxonomy":"post_tag","embeddable":true,"href":"https:\/\/dev.antudigital.cl\/sites\/vc\/wp-json\/wp\/v2\/tags?post=19602"}],"curies":[{"name":"wp","href":"https:\/\/api.w.org\/{rel}","templated":true}]}}