{"id":19605,"date":"2024-07-02T03:16:23","date_gmt":"2024-07-02T03:16:23","guid":{"rendered":"https:\/\/www.valparaisocreativo.cl\/?p=19605"},"modified":"2024-07-02T03:16:46","modified_gmt":"2024-07-02T03:16:46","slug":"fomentar-la-creacion-y-el-punto-de-vista-entrevista-a-camara-lucida","status":"publish","type":"post","link":"https:\/\/dev.antudigital.cl\/sites\/vc\/fomentar-la-creacion-y-el-punto-de-vista-entrevista-a-camara-lucida\/","title":{"rendered":"Fomentar la creaci\u00f3n y el punto de vista: entrevista a C\u00e1mara L\u00facida"},"content":{"rendered":"\n<p>La fotograf\u00eda tiene una larga historia de amor con Valpara\u00edso. Al ser una ciudad puerto, muchos artefactos y tendencias llegaron primero aqu\u00ed, y esta no fue la excepci\u00f3n. A trav\u00e9s de los a\u00f1os, ha sido retratada numerosas veces, siendo fuente inagotable de expresiones y cuestionamientos que se levantan a trav\u00e9s de la imagen.<\/p>\n\n\n\n<p>Quiz\u00e1s este mismo imaginario que tiene como precursora la figura de Sergio Larra\u00edn fue parte de la tierra f\u00e9rtil para que un proyecto como Camaralucida se instalara en la comuna. De esta manera, desde hace 25 a\u00f1os se encuentran formando y potenciando la fotograf\u00eda en Valpara\u00edso.<\/p>\n\n\n\n<p>A trav\u00e9s de dos d\u00e9cadas y m\u00e1s, han sido un espacio para el desarrollo de la fotograf\u00eda, con una mirada especial y trabajo personalizado con los alumnos y alumnas. Comenzaron en Echaurren y hoy se encuentran hace a\u00f1os en una hermosa casona de Almirante Montt, desde donde tambi\u00e9n venden insumos fotogr\u00e1ficos y tienen el Caf\u00e9 C\u00e1mara L\u00facida.<\/p>\n\n\n\n<p>En este lugar nos recibi\u00f3 Kathalina Araya, periodista de la Escuela, para contarnos m\u00e1s sobre su actual oferta acad\u00e9mica y profundizar en su visi\u00f3n del ejercicio de este oficio.<\/p>\n\n\n\n<figure class=\"wp-block-image size-large\"><img fetchpriority=\"high\" decoding=\"async\" width=\"1024\" height=\"683\" src=\"https:\/\/www.valparaisocreativo.cl\/wp-content\/uploads\/2024\/07\/MG_4593-1024x683.jpg\" alt=\"\" class=\"wp-image-19609\" srcset=\"https:\/\/dev.antudigital.cl\/sites\/vc\/wp-content\/uploads\/2024\/07\/MG_4593-1024x683.jpg 1024w, https:\/\/dev.antudigital.cl\/sites\/vc\/wp-content\/uploads\/2024\/07\/MG_4593-300x200.jpg 300w, https:\/\/dev.antudigital.cl\/sites\/vc\/wp-content\/uploads\/2024\/07\/MG_4593-768x512.jpg 768w, https:\/\/dev.antudigital.cl\/sites\/vc\/wp-content\/uploads\/2024\/07\/MG_4593-1536x1024.jpg 1536w, https:\/\/dev.antudigital.cl\/sites\/vc\/wp-content\/uploads\/2024\/07\/MG_4593-2048x1365.jpg 2048w, https:\/\/dev.antudigital.cl\/sites\/vc\/wp-content\/uploads\/2024\/07\/MG_4593-1080x720.jpg 1080w, https:\/\/dev.antudigital.cl\/sites\/vc\/wp-content\/uploads\/2024\/07\/MG_4593-1280x854.jpg 1280w, https:\/\/dev.antudigital.cl\/sites\/vc\/wp-content\/uploads\/2024\/07\/MG_4593-980x653.jpg 980w, https:\/\/dev.antudigital.cl\/sites\/vc\/wp-content\/uploads\/2024\/07\/MG_4593-480x320.jpg 480w, https:\/\/dev.antudigital.cl\/sites\/vc\/wp-content\/uploads\/2024\/07\/MG_4593-24x16.jpg 24w, https:\/\/dev.antudigital.cl\/sites\/vc\/wp-content\/uploads\/2024\/07\/MG_4593-36x24.jpg 36w, https:\/\/dev.antudigital.cl\/sites\/vc\/wp-content\/uploads\/2024\/07\/MG_4593-48x32.jpg 48w\" sizes=\"(max-width: 1024px) 100vw, 1024px\" \/><\/figure>\n\n\n\n<ul class=\"wp-block-list\">\n<li><strong>\u00bfC\u00f3mo enfrentan el desaf\u00edo de vincularse con la amplitud de la comuna de Valpara\u00edso? O sea, \u00bfc\u00f3mo aterrizan esta informaci\u00f3n a qui\u00e9nes son a las distintas audiencias que tienen?\u00a0<\/strong><\/li>\n<\/ul>\n\n\n\n<p>Kathalina: Camaralucida cumple 25 a\u00f1os, entonces es un espacio cultural y art\u00edstico que ya est\u00e1 instalado en Valpara\u00edso. En esta trayectoria se ha ido fomentando la fotograf\u00eda y el arte a trav\u00e9s de las personas que se han interesado en nuestros programas y la creaci\u00f3n y articulaci\u00f3n de ellos.&nbsp;<\/p>\n\n\n\n<p>Lo que hemos detectado es que quienes llegan a la escuela es principalmente desde el boca a boca, cuando uno le dice a otro \u201c\u00bfSabes qu\u00e9? \u00bfTe gusta la fotograf\u00eda? Conozco un lugar\u201d, y as\u00ed. Eso va haciendo que las personas que lleguen realmente est\u00e1n interesadas y vuelven, y se genera una comunidad Quienes vienen, conocen, conversan y confluyen.<\/p>\n\n\n\n<p>En este momento, para poder ampliarnos hacia otros p\u00fablicos nos enfocamos harto en lo que es redes sociales, y a trav\u00e9s de prensa y plataformas de difusi\u00f3n, queremos llegar a quienes no solo sean locales, sino que como comunas de alrededor tambi\u00e9n.<\/p>\n\n\n\n<ul class=\"wp-block-list\">\n<li><strong>\u00bfHay alg\u00fan perfil de estudiantes?\u00a0<\/strong><\/li>\n<\/ul>\n\n\n\n<p>&#8211; La verdad es que es s\u00faper variado y eso es muy rico, porque t\u00fa llegas y te encuentras en un curso con personas de distintas edades, de distintas profesiones, hay quienes vienen de Santiago tambi\u00e9n, por ejemplo. Es s\u00faper entretenido porque t\u00fa no sabes con qui\u00e9n te vas a encontrar.&nbsp;<\/p>\n\n\n\n<p>Dentro del curso se va creando un grupo, siempre muy particular, cada grupo siempre va a ser muy diferente porque depende de las personas en las que participan y c\u00f3mo van interactuando. Ah\u00ed est\u00e1 un poco el desaf\u00edo tambi\u00e9n del docente, que es c\u00f3mo va guiando ese grupo, donde te puedes encontrar con personas de 60 a\u00f1os, otras personas de 18, es un rango muy amplio.&nbsp;<\/p>\n\n\n\n<ul class=\"wp-block-list\">\n<li><strong>\u00bfSon grupos no tan extensos para poder profundizar?\u00a0<\/strong><\/li>\n<\/ul>\n\n\n\n<p>&#8211; M\u00e1ximo intentamos tener 8 personas. En los talleres iniciales es donde m\u00e1s llegas gente, porque hay mucho inter\u00e9s de poder aprender. Todos estamos rodeados de im\u00e1genes constantemente, eso es lo interesante de explorar. Aqu\u00ed se trabaja con proyectos, entendi\u00e9ndolo durante el tiempo que duran los talleres y se finaliza con una serie fotogr\u00e1fica, entonces la idea es que el profesor tambi\u00e9n est\u00e9 focalizado en cada estudiante y en su propio proceso creativo. Es un aprendizaje en colectivo.<\/p>\n\n\n\n<ul class=\"wp-block-list\">\n<li><strong>\u00bfC\u00f3mo ha impactado el avance de la imagen digital en una escuela donde predomina la fotograf\u00eda qu\u00edmica?<\/strong><\/li>\n<\/ul>\n\n\n\n<p>&#8211; Claro, la esencia de la escuela es un poco lo an\u00e1logo a por el laboratorio. Es s\u00faper dif\u00edcil gestionarlo por el costo, por la dificultad de conseguir los materiales para tener un laboratorio. Ac\u00e1 se intenta fomentar harto eso, por ejemplo con la tienda de fotograf\u00eda que es principalmente an\u00e1loga.<\/p>\n\n\n\n<p>Creo que la Escuela que va dialogando con lo digital y lo an\u00e1logo a trav\u00e9s de lo transversal que tiene, que es su foco art\u00edstico de creaci\u00f3n. Entonces se intenta potenciar en cada estudiante su propio desarrollo y mirada, va por ese lado de desarrollar lo autoral. En ese sentido, por ejemplo cuando vienes a la exposici\u00f3n final de los talleres te encuentras con trabajos que son an\u00e1logos, otros digitales, todo dialoga.<\/p>\n\n\n\n<figure class=\"wp-block-image size-large\"><img decoding=\"async\" width=\"1024\" height=\"683\" src=\"https:\/\/www.valparaisocreativo.cl\/wp-content\/uploads\/2024\/07\/0.-complemento-antes-talleres-verano-1024x683.jpg\" alt=\"\" class=\"wp-image-19610\" srcset=\"https:\/\/dev.antudigital.cl\/sites\/vc\/wp-content\/uploads\/2024\/07\/0.-complemento-antes-talleres-verano-1024x683.jpg 1024w, https:\/\/dev.antudigital.cl\/sites\/vc\/wp-content\/uploads\/2024\/07\/0.-complemento-antes-talleres-verano-300x200.jpg 300w, https:\/\/dev.antudigital.cl\/sites\/vc\/wp-content\/uploads\/2024\/07\/0.-complemento-antes-talleres-verano-768x512.jpg 768w, https:\/\/dev.antudigital.cl\/sites\/vc\/wp-content\/uploads\/2024\/07\/0.-complemento-antes-talleres-verano-1536x1024.jpg 1536w, https:\/\/dev.antudigital.cl\/sites\/vc\/wp-content\/uploads\/2024\/07\/0.-complemento-antes-talleres-verano-2048x1365.jpg 2048w, https:\/\/dev.antudigital.cl\/sites\/vc\/wp-content\/uploads\/2024\/07\/0.-complemento-antes-talleres-verano-1080x720.jpg 1080w, https:\/\/dev.antudigital.cl\/sites\/vc\/wp-content\/uploads\/2024\/07\/0.-complemento-antes-talleres-verano-1280x854.jpg 1280w, https:\/\/dev.antudigital.cl\/sites\/vc\/wp-content\/uploads\/2024\/07\/0.-complemento-antes-talleres-verano-980x653.jpg 980w, https:\/\/dev.antudigital.cl\/sites\/vc\/wp-content\/uploads\/2024\/07\/0.-complemento-antes-talleres-verano-480x320.jpg 480w, https:\/\/dev.antudigital.cl\/sites\/vc\/wp-content\/uploads\/2024\/07\/0.-complemento-antes-talleres-verano-24x16.jpg 24w, https:\/\/dev.antudigital.cl\/sites\/vc\/wp-content\/uploads\/2024\/07\/0.-complemento-antes-talleres-verano-36x24.jpg 36w, https:\/\/dev.antudigital.cl\/sites\/vc\/wp-content\/uploads\/2024\/07\/0.-complemento-antes-talleres-verano-48x32.jpg 48w\" sizes=\"(max-width: 1024px) 100vw, 1024px\" \/><\/figure>\n\n\n\n<ul class=\"wp-block-list\">\n<li><strong>\u00bfC\u00f3mo creen que los temas de inter\u00e9s de los alumnos han ido cambiando desde que comenzaron con la Escuela?<\/strong><\/li>\n<\/ul>\n\n\n\n<p>&#8211; Creo que eso va muy relacionado al contexto que vamos viviendo, socioculturalmente, hist\u00f3rico, dependiendo de lo que va pasando en el pa\u00eds. Por ejemplo, pasa el tiempo y t\u00fa puedes ver proyectos que tratan, del aborto, otros que se identifican con sus parientes masculinos.Generalmente las tem\u00e1ticas van en esa l\u00ednea de lo personal. Por lo que he podido ver a trav\u00e9s del tiempo, cada vez puedes visualizar trabajos m\u00e1s coloridos, con colores m\u00e1s vivos, que tiene que ver con esta onda m\u00e1s de la inteligencia artificial. A la vez hay trabajos que son muy nost\u00e1lgicos. S\u00ed veo que las tem\u00e1ticas se van conectando, es bien transversal a trav\u00e9s de los a\u00f1os.<\/p>\n\n\n\n<ul class=\"wp-block-list\">\n<li><strong>Sobre el taller de Fotoest\u00e9tica en Latinoam\u00e9rica. Cu\u00e9ntame sobre los contenidos y de la importancia de relevar nuestra historia art\u00edstica regional.<\/strong><\/li>\n<\/ul>\n\n\n\n<p>&#8211; El taller de Fotoest\u00e9tica Latinoamericana es una modificaci\u00f3n al taller de Est\u00e9tica Fotogr\u00e1fica que hab\u00eda antes. Este taller de Est\u00e9tica Fotogr\u00e1fica se impart\u00eda, era muy te\u00f3rico, entonces pasaba que de pronto no llegaba mucho a las personas por su nivel te\u00f3rico, y en general nuestra educaci\u00f3n no se basa mucho en estos t\u00e9rminos.<\/p>\n\n\n\n<p>Ahora lo que se hizo fue darle una bajada y un inter\u00e9s a esto que tiene que ver con nuestra historia, en donde t\u00fa puedes aterrizar en la fotograf\u00eda y tener referentes seg\u00fan perspectiva, por ejemplo como en narrativas, en po\u00e9ticas, paisajes, con la idea es como darle como una cercan\u00eda a lo que es nuestra historia, poder darle como un enfoque en donde nos podamos sentir representados, identificados, y desde ah\u00ed acercar la fotograf\u00eda, rescatar y&nbsp; valorar nuestra memoria.<\/p>\n\n\n\n<ul class=\"wp-block-list\">\n<li><strong>\u00bfQu\u00e9 es lo que esperan aportar con sus ofertas e iniciativas como este curso?<\/strong><\/li>\n<\/ul>\n\n\n\n<p>&#8211; El aporte fundamental es de que sigue siendo Escuela, sigue rescatando esa idea de tener din\u00e1micas&nbsp; horizontales,c\u00e1lidas tambi\u00e9n. Lo m\u00e1s importante es el desarrollo del estudiante y su proceso, se rompe con esas l\u00f3gicas educacionales tradicionales y se empieza a hacer escuela a trav\u00e9s de la comunidad, de conocer a tus compa\u00f1eros y hacer v\u00ednculos y relaciones. Entonces eso es muy enriquecedor, porque te quedas con redes, generando una red de apoyo en la que te puedes confiar y puedes venir a la escuela misma, creando un soporte para que puedas seguir desarroll\u00e1ndote como fot\u00f3grafa, fot\u00f3grafo a trav\u00e9s del tiempo.&nbsp;<\/p>\n\n\n\n<p>Es muy importante ac\u00e1 el desarrollo humano y colocar tu emocionalidad a disposici\u00f3n y a exponerla tambi\u00e9n, historias de vida que se comparten, todo eso va haciendo que nos vayamos conociendo, que los estudiantes se conozcan profundamente en todas sus sensibilidades.&nbsp;<\/p>\n\n\n\n<p>La idea es tambi\u00e9n el espacio, poder vincularlo con otras entidades para que esta escuela se use en un espectro amplio, siempre en torno a la fotograf\u00eda.<\/p>\n\n\n\n<figure class=\"wp-block-image size-large\"><img decoding=\"async\" width=\"1024\" height=\"683\" src=\"https:\/\/www.valparaisocreativo.cl\/wp-content\/uploads\/2024\/07\/MG_0701-1024x683.jpg\" alt=\"\" class=\"wp-image-19607\" srcset=\"https:\/\/dev.antudigital.cl\/sites\/vc\/wp-content\/uploads\/2024\/07\/MG_0701-1024x683.jpg 1024w, https:\/\/dev.antudigital.cl\/sites\/vc\/wp-content\/uploads\/2024\/07\/MG_0701-300x200.jpg 300w, https:\/\/dev.antudigital.cl\/sites\/vc\/wp-content\/uploads\/2024\/07\/MG_0701-768x512.jpg 768w, https:\/\/dev.antudigital.cl\/sites\/vc\/wp-content\/uploads\/2024\/07\/MG_0701-1536x1024.jpg 1536w, https:\/\/dev.antudigital.cl\/sites\/vc\/wp-content\/uploads\/2024\/07\/MG_0701-2048x1365.jpg 2048w, https:\/\/dev.antudigital.cl\/sites\/vc\/wp-content\/uploads\/2024\/07\/MG_0701-1080x720.jpg 1080w, https:\/\/dev.antudigital.cl\/sites\/vc\/wp-content\/uploads\/2024\/07\/MG_0701-1280x854.jpg 1280w, https:\/\/dev.antudigital.cl\/sites\/vc\/wp-content\/uploads\/2024\/07\/MG_0701-980x653.jpg 980w, https:\/\/dev.antudigital.cl\/sites\/vc\/wp-content\/uploads\/2024\/07\/MG_0701-480x320.jpg 480w, https:\/\/dev.antudigital.cl\/sites\/vc\/wp-content\/uploads\/2024\/07\/MG_0701-24x16.jpg 24w, https:\/\/dev.antudigital.cl\/sites\/vc\/wp-content\/uploads\/2024\/07\/MG_0701-36x24.jpg 36w, https:\/\/dev.antudigital.cl\/sites\/vc\/wp-content\/uploads\/2024\/07\/MG_0701-48x32.jpg 48w\" sizes=\"(max-width: 1024px) 100vw, 1024px\" \/><\/figure>\n\n\n\n<ul class=\"wp-block-list\">\n<li><strong>Despu\u00e9s de tantos a\u00f1os, \u00bfde qu\u00e9 manera se articulan con la Regi\u00f3n?<\/strong><\/li>\n<\/ul>\n\n\n\n<p>&#8211; Una parte de eso est\u00e1 en conformar parte de la Red de Galer\u00edas Valpara\u00edso Arte Contempor\u00e1neo, VAC, a trav\u00e9s de la prensa, por ejemplo con la Radio Valent\u00edn Letelier. Hemos participado en el Pecha Kucha, Con de Juntas de Vecinos, participando en la red de locatarios Cumming &#8211; Almirante Montt\u2026 Otra v\u00ed es mediante la cafeter\u00eda, que hace estas exposiciones con personas que quieran exhibir sus fotos aqu\u00ed en las mesas. Con la Municipalidad de Valpara\u00edso tambi\u00e9n hemos tenido conversaciones. Entonces, ah\u00ed estamos intentando estar presente en distintas partes, en distintos organismos.&nbsp;<\/p>\n\n\n\n<ul class=\"wp-block-list\">\n<li><strong>\u00bfC\u00f3mo promueven y ven a la fotograf\u00eda en la Regi\u00f3n de Valpara\u00edso? Obviamente es un espacio de difusi\u00f3n, exposici\u00f3n y formaci\u00f3n de la fotograf\u00eda, pero \u00bfc\u00f3mo la ven? Ustedes son como un organismo que est\u00e1 todo el a\u00f1o, funcionando, entonces yo creo que quiz\u00e1s saben m\u00e1s de c\u00f3mo est\u00e1 la foto, por as\u00ed decirlo.<\/strong><\/li>\n<\/ul>\n\n\n\n<p>&#8211; Las personas vinculadas a la fotograf\u00eda se mueven bastante por el arte visual en general. Hay espacios que son amigos, como Casa Espacio Buenos Aires, por ejemplo. Hay ah\u00ed toda una comunidad que va circulando y nos vamos vinculando.&nbsp;<\/p>\n\n\n\n<p>La fotograf\u00eda, creo que en este momento est\u00e1 tomando direcciones, como todo un poco en este momento, lo que tiene que ver con que se est\u00e1 haciendo esto de tomar distintas t\u00e9cnicas y empezar a hacer cosas nuevas, experimentar mucho. Tambi\u00e9n mucha creaci\u00f3n de fotolibros, est\u00e1 muy contingente esto de hacer serie fotogr\u00e1fica y transformarla en fotolibro. Veo mucha fotograf\u00eda de cuerpo, de expresi\u00f3n corporal, que tiene mucho que ver con nuestra las nuevas generaciones que hemos reposicionado, resignificado nuestros cuerpos.<\/p>\n\n\n\n<p><\/p>\n\n\n\n<p><a href=\"https:\/\/camaralucida.cl\/\"><strong>Revisa toda su oferta en la web.<\/strong><\/a><\/p>\n","protected":false},"excerpt":{"rendered":"<p>La fotograf\u00eda tiene una larga historia de amor con Valpara\u00edso. Al ser una ciudad puerto, muchos artefactos y tendencias llegaron primero aqu\u00ed, y esta no fue la excepci\u00f3n. A trav\u00e9s de los a\u00f1os, ha sido retratada numerosas veces, siendo fuente inagotable de expresiones y cuestionamientos que se levantan a trav\u00e9s de la imagen. Quiz\u00e1s este [&hellip;]<\/p>\n","protected":false},"author":1,"featured_media":19606,"comment_status":"closed","ping_status":"closed","sticky":false,"template":"","format":"standard","meta":{"_acf_changed":false,"footnotes":""},"categories":[218],"tags":[],"class_list":["post-19605","post","type-post","status-publish","format-standard","has-post-thumbnail","hentry","category-blog"],"acf":[],"yoast_head":"<!-- This site is optimized with the Yoast SEO plugin v27.1.1 - https:\/\/yoast.com\/product\/yoast-seo-wordpress\/ -->\n<title>Fomentar la creaci\u00f3n y el punto de vista: entrevista a C\u00e1mara L\u00facida - Valpara\u00ed\u00adso Creativo<\/title>\n<meta name=\"robots\" content=\"index, follow, max-snippet:-1, max-image-preview:large, max-video-preview:-1\" \/>\n<link rel=\"canonical\" href=\"https:\/\/dev.antudigital.cl\/sites\/vc\/fomentar-la-creacion-y-el-punto-de-vista-entrevista-a-camara-lucida\/\" \/>\n<meta property=\"og:locale\" content=\"es_ES\" \/>\n<meta property=\"og:type\" content=\"article\" \/>\n<meta property=\"og:title\" content=\"Fomentar la creaci\u00f3n y el punto de vista: entrevista a C\u00e1mara L\u00facida - Valpara\u00ed\u00adso Creativo\" \/>\n<meta property=\"og:description\" content=\"La fotograf\u00eda tiene una larga historia de amor con Valpara\u00edso. Al ser una ciudad puerto, muchos artefactos y tendencias llegaron primero aqu\u00ed, y esta no fue la excepci\u00f3n. A trav\u00e9s de los a\u00f1os, ha sido retratada numerosas veces, siendo fuente inagotable de expresiones y cuestionamientos que se levantan a trav\u00e9s de la imagen. Quiz\u00e1s este [&hellip;]\" \/>\n<meta property=\"og:url\" content=\"https:\/\/dev.antudigital.cl\/sites\/vc\/fomentar-la-creacion-y-el-punto-de-vista-entrevista-a-camara-lucida\/\" \/>\n<meta property=\"og:site_name\" content=\"Valpara\u00ed\u00adso Creativo\" \/>\n<meta property=\"article:published_time\" content=\"2024-07-02T03:16:23+00:00\" \/>\n<meta property=\"article:modified_time\" content=\"2024-07-02T03:16:46+00:00\" \/>\n<meta property=\"og:image\" content=\"https:\/\/dev.antudigital.cl\/sites\/vc\/wp-content\/uploads\/2024\/07\/MG_0503-scaled.jpg\" \/>\n\t<meta property=\"og:image:width\" content=\"2560\" \/>\n\t<meta property=\"og:image:height\" content=\"1707\" \/>\n\t<meta property=\"og:image:type\" content=\"image\/jpeg\" \/>\n<meta name=\"author\" content=\"Valpara\u00edso Creativo\" \/>\n<meta name=\"twitter:card\" content=\"summary_large_image\" \/>\n<meta name=\"twitter:label1\" content=\"Escrito por\" \/>\n\t<meta name=\"twitter:data1\" content=\"Valpara\u00edso Creativo\" \/>\n\t<meta name=\"twitter:label2\" content=\"Tiempo de lectura\" \/>\n\t<meta name=\"twitter:data2\" content=\"8 minutos\" \/>\n<script type=\"application\/ld+json\" class=\"yoast-schema-graph\">{\"@context\":\"https:\/\/schema.org\",\"@graph\":[{\"@type\":\"Article\",\"@id\":\"https:\/\/dev.antudigital.cl\/sites\/vc\/fomentar-la-creacion-y-el-punto-de-vista-entrevista-a-camara-lucida\/#article\",\"isPartOf\":{\"@id\":\"https:\/\/dev.antudigital.cl\/sites\/vc\/fomentar-la-creacion-y-el-punto-de-vista-entrevista-a-camara-lucida\/\"},\"author\":{\"name\":\"Valpara\u00edso Creativo\",\"@id\":\"https:\/\/dev.antudigital.cl\/sites\/vc\/#\/schema\/person\/c2b9da8dd545e27166fc5ab232837318\"},\"headline\":\"Fomentar la creaci\u00f3n y el punto de vista: entrevista a C\u00e1mara L\u00facida\",\"datePublished\":\"2024-07-02T03:16:23+00:00\",\"dateModified\":\"2024-07-02T03:16:46+00:00\",\"mainEntityOfPage\":{\"@id\":\"https:\/\/dev.antudigital.cl\/sites\/vc\/fomentar-la-creacion-y-el-punto-de-vista-entrevista-a-camara-lucida\/\"},\"wordCount\":1647,\"image\":{\"@id\":\"https:\/\/dev.antudigital.cl\/sites\/vc\/fomentar-la-creacion-y-el-punto-de-vista-entrevista-a-camara-lucida\/#primaryimage\"},\"thumbnailUrl\":\"https:\/\/dev.antudigital.cl\/sites\/vc\/wp-content\/uploads\/2024\/07\/MG_0503-scaled.jpg\",\"articleSection\":[\"Blog\"],\"inLanguage\":\"es\"},{\"@type\":\"WebPage\",\"@id\":\"https:\/\/dev.antudigital.cl\/sites\/vc\/fomentar-la-creacion-y-el-punto-de-vista-entrevista-a-camara-lucida\/\",\"url\":\"https:\/\/dev.antudigital.cl\/sites\/vc\/fomentar-la-creacion-y-el-punto-de-vista-entrevista-a-camara-lucida\/\",\"name\":\"Fomentar la creaci\u00f3n y el punto de vista: entrevista a C\u00e1mara L\u00facida - Valpara\u00ed\u00adso Creativo\",\"isPartOf\":{\"@id\":\"https:\/\/dev.antudigital.cl\/sites\/vc\/#website\"},\"primaryImageOfPage\":{\"@id\":\"https:\/\/dev.antudigital.cl\/sites\/vc\/fomentar-la-creacion-y-el-punto-de-vista-entrevista-a-camara-lucida\/#primaryimage\"},\"image\":{\"@id\":\"https:\/\/dev.antudigital.cl\/sites\/vc\/fomentar-la-creacion-y-el-punto-de-vista-entrevista-a-camara-lucida\/#primaryimage\"},\"thumbnailUrl\":\"https:\/\/dev.antudigital.cl\/sites\/vc\/wp-content\/uploads\/2024\/07\/MG_0503-scaled.jpg\",\"datePublished\":\"2024-07-02T03:16:23+00:00\",\"dateModified\":\"2024-07-02T03:16:46+00:00\",\"author\":{\"@id\":\"https:\/\/dev.antudigital.cl\/sites\/vc\/#\/schema\/person\/c2b9da8dd545e27166fc5ab232837318\"},\"breadcrumb\":{\"@id\":\"https:\/\/dev.antudigital.cl\/sites\/vc\/fomentar-la-creacion-y-el-punto-de-vista-entrevista-a-camara-lucida\/#breadcrumb\"},\"inLanguage\":\"es\",\"potentialAction\":[{\"@type\":\"ReadAction\",\"target\":[\"https:\/\/dev.antudigital.cl\/sites\/vc\/fomentar-la-creacion-y-el-punto-de-vista-entrevista-a-camara-lucida\/\"]}]},{\"@type\":\"ImageObject\",\"inLanguage\":\"es\",\"@id\":\"https:\/\/dev.antudigital.cl\/sites\/vc\/fomentar-la-creacion-y-el-punto-de-vista-entrevista-a-camara-lucida\/#primaryimage\",\"url\":\"https:\/\/dev.antudigital.cl\/sites\/vc\/wp-content\/uploads\/2024\/07\/MG_0503-scaled.jpg\",\"contentUrl\":\"https:\/\/dev.antudigital.cl\/sites\/vc\/wp-content\/uploads\/2024\/07\/MG_0503-scaled.jpg\",\"width\":2560,\"height\":1707},{\"@type\":\"BreadcrumbList\",\"@id\":\"https:\/\/dev.antudigital.cl\/sites\/vc\/fomentar-la-creacion-y-el-punto-de-vista-entrevista-a-camara-lucida\/#breadcrumb\",\"itemListElement\":[{\"@type\":\"ListItem\",\"position\":1,\"name\":\"Home\",\"item\":\"https:\/\/dev.antudigital.cl\/sites\/vc\/\"},{\"@type\":\"ListItem\",\"position\":2,\"name\":\"Fomentar la creaci\u00f3n y el punto de vista: entrevista a C\u00e1mara L\u00facida\"}]},{\"@type\":\"WebSite\",\"@id\":\"https:\/\/dev.antudigital.cl\/sites\/vc\/#website\",\"url\":\"https:\/\/dev.antudigital.cl\/sites\/vc\/\",\"name\":\"Valpara\u00ed\u00adso Creativo\",\"description\":\"\",\"potentialAction\":[{\"@type\":\"SearchAction\",\"target\":{\"@type\":\"EntryPoint\",\"urlTemplate\":\"https:\/\/dev.antudigital.cl\/sites\/vc\/?s={search_term_string}\"},\"query-input\":{\"@type\":\"PropertyValueSpecification\",\"valueRequired\":true,\"valueName\":\"search_term_string\"}}],\"inLanguage\":\"es\"},{\"@type\":\"Person\",\"@id\":\"https:\/\/dev.antudigital.cl\/sites\/vc\/#\/schema\/person\/c2b9da8dd545e27166fc5ab232837318\",\"name\":\"Valpara\u00edso Creativo\",\"description\":\"Periodista de cultura en la Regi\u00f3n de Valpara\u00edso.\",\"url\":\"https:\/\/dev.antudigital.cl\/sites\/vc\/author\/valpoadmin\/\"}]}<\/script>\n<!-- \/ Yoast SEO plugin. -->","yoast_head_json":{"title":"Fomentar la creaci\u00f3n y el punto de vista: entrevista a C\u00e1mara L\u00facida - Valpara\u00ed\u00adso Creativo","robots":{"index":"index","follow":"follow","max-snippet":"max-snippet:-1","max-image-preview":"max-image-preview:large","max-video-preview":"max-video-preview:-1"},"canonical":"https:\/\/dev.antudigital.cl\/sites\/vc\/fomentar-la-creacion-y-el-punto-de-vista-entrevista-a-camara-lucida\/","og_locale":"es_ES","og_type":"article","og_title":"Fomentar la creaci\u00f3n y el punto de vista: entrevista a C\u00e1mara L\u00facida - Valpara\u00ed\u00adso Creativo","og_description":"La fotograf\u00eda tiene una larga historia de amor con Valpara\u00edso. Al ser una ciudad puerto, muchos artefactos y tendencias llegaron primero aqu\u00ed, y esta no fue la excepci\u00f3n. A trav\u00e9s de los a\u00f1os, ha sido retratada numerosas veces, siendo fuente inagotable de expresiones y cuestionamientos que se levantan a trav\u00e9s de la imagen. Quiz\u00e1s este [&hellip;]","og_url":"https:\/\/dev.antudigital.cl\/sites\/vc\/fomentar-la-creacion-y-el-punto-de-vista-entrevista-a-camara-lucida\/","og_site_name":"Valpara\u00ed\u00adso Creativo","article_published_time":"2024-07-02T03:16:23+00:00","article_modified_time":"2024-07-02T03:16:46+00:00","og_image":[{"width":2560,"height":1707,"url":"https:\/\/dev.antudigital.cl\/sites\/vc\/wp-content\/uploads\/2024\/07\/MG_0503-scaled.jpg","type":"image\/jpeg"}],"author":"Valpara\u00edso Creativo","twitter_card":"summary_large_image","twitter_misc":{"Escrito por":"Valpara\u00edso Creativo","Tiempo de lectura":"8 minutos"},"schema":{"@context":"https:\/\/schema.org","@graph":[{"@type":"Article","@id":"https:\/\/dev.antudigital.cl\/sites\/vc\/fomentar-la-creacion-y-el-punto-de-vista-entrevista-a-camara-lucida\/#article","isPartOf":{"@id":"https:\/\/dev.antudigital.cl\/sites\/vc\/fomentar-la-creacion-y-el-punto-de-vista-entrevista-a-camara-lucida\/"},"author":{"name":"Valpara\u00edso Creativo","@id":"https:\/\/dev.antudigital.cl\/sites\/vc\/#\/schema\/person\/c2b9da8dd545e27166fc5ab232837318"},"headline":"Fomentar la creaci\u00f3n y el punto de vista: entrevista a C\u00e1mara L\u00facida","datePublished":"2024-07-02T03:16:23+00:00","dateModified":"2024-07-02T03:16:46+00:00","mainEntityOfPage":{"@id":"https:\/\/dev.antudigital.cl\/sites\/vc\/fomentar-la-creacion-y-el-punto-de-vista-entrevista-a-camara-lucida\/"},"wordCount":1647,"image":{"@id":"https:\/\/dev.antudigital.cl\/sites\/vc\/fomentar-la-creacion-y-el-punto-de-vista-entrevista-a-camara-lucida\/#primaryimage"},"thumbnailUrl":"https:\/\/dev.antudigital.cl\/sites\/vc\/wp-content\/uploads\/2024\/07\/MG_0503-scaled.jpg","articleSection":["Blog"],"inLanguage":"es"},{"@type":"WebPage","@id":"https:\/\/dev.antudigital.cl\/sites\/vc\/fomentar-la-creacion-y-el-punto-de-vista-entrevista-a-camara-lucida\/","url":"https:\/\/dev.antudigital.cl\/sites\/vc\/fomentar-la-creacion-y-el-punto-de-vista-entrevista-a-camara-lucida\/","name":"Fomentar la creaci\u00f3n y el punto de vista: entrevista a C\u00e1mara L\u00facida - Valpara\u00ed\u00adso Creativo","isPartOf":{"@id":"https:\/\/dev.antudigital.cl\/sites\/vc\/#website"},"primaryImageOfPage":{"@id":"https:\/\/dev.antudigital.cl\/sites\/vc\/fomentar-la-creacion-y-el-punto-de-vista-entrevista-a-camara-lucida\/#primaryimage"},"image":{"@id":"https:\/\/dev.antudigital.cl\/sites\/vc\/fomentar-la-creacion-y-el-punto-de-vista-entrevista-a-camara-lucida\/#primaryimage"},"thumbnailUrl":"https:\/\/dev.antudigital.cl\/sites\/vc\/wp-content\/uploads\/2024\/07\/MG_0503-scaled.jpg","datePublished":"2024-07-02T03:16:23+00:00","dateModified":"2024-07-02T03:16:46+00:00","author":{"@id":"https:\/\/dev.antudigital.cl\/sites\/vc\/#\/schema\/person\/c2b9da8dd545e27166fc5ab232837318"},"breadcrumb":{"@id":"https:\/\/dev.antudigital.cl\/sites\/vc\/fomentar-la-creacion-y-el-punto-de-vista-entrevista-a-camara-lucida\/#breadcrumb"},"inLanguage":"es","potentialAction":[{"@type":"ReadAction","target":["https:\/\/dev.antudigital.cl\/sites\/vc\/fomentar-la-creacion-y-el-punto-de-vista-entrevista-a-camara-lucida\/"]}]},{"@type":"ImageObject","inLanguage":"es","@id":"https:\/\/dev.antudigital.cl\/sites\/vc\/fomentar-la-creacion-y-el-punto-de-vista-entrevista-a-camara-lucida\/#primaryimage","url":"https:\/\/dev.antudigital.cl\/sites\/vc\/wp-content\/uploads\/2024\/07\/MG_0503-scaled.jpg","contentUrl":"https:\/\/dev.antudigital.cl\/sites\/vc\/wp-content\/uploads\/2024\/07\/MG_0503-scaled.jpg","width":2560,"height":1707},{"@type":"BreadcrumbList","@id":"https:\/\/dev.antudigital.cl\/sites\/vc\/fomentar-la-creacion-y-el-punto-de-vista-entrevista-a-camara-lucida\/#breadcrumb","itemListElement":[{"@type":"ListItem","position":1,"name":"Home","item":"https:\/\/dev.antudigital.cl\/sites\/vc\/"},{"@type":"ListItem","position":2,"name":"Fomentar la creaci\u00f3n y el punto de vista: entrevista a C\u00e1mara L\u00facida"}]},{"@type":"WebSite","@id":"https:\/\/dev.antudigital.cl\/sites\/vc\/#website","url":"https:\/\/dev.antudigital.cl\/sites\/vc\/","name":"Valpara\u00ed\u00adso Creativo","description":"","potentialAction":[{"@type":"SearchAction","target":{"@type":"EntryPoint","urlTemplate":"https:\/\/dev.antudigital.cl\/sites\/vc\/?s={search_term_string}"},"query-input":{"@type":"PropertyValueSpecification","valueRequired":true,"valueName":"search_term_string"}}],"inLanguage":"es"},{"@type":"Person","@id":"https:\/\/dev.antudigital.cl\/sites\/vc\/#\/schema\/person\/c2b9da8dd545e27166fc5ab232837318","name":"Valpara\u00edso Creativo","description":"Periodista de cultura en la Regi\u00f3n de Valpara\u00edso.","url":"https:\/\/dev.antudigital.cl\/sites\/vc\/author\/valpoadmin\/"}]}},"_links":{"self":[{"href":"https:\/\/dev.antudigital.cl\/sites\/vc\/wp-json\/wp\/v2\/posts\/19605","targetHints":{"allow":["GET"]}}],"collection":[{"href":"https:\/\/dev.antudigital.cl\/sites\/vc\/wp-json\/wp\/v2\/posts"}],"about":[{"href":"https:\/\/dev.antudigital.cl\/sites\/vc\/wp-json\/wp\/v2\/types\/post"}],"author":[{"embeddable":true,"href":"https:\/\/dev.antudigital.cl\/sites\/vc\/wp-json\/wp\/v2\/users\/1"}],"replies":[{"embeddable":true,"href":"https:\/\/dev.antudigital.cl\/sites\/vc\/wp-json\/wp\/v2\/comments?post=19605"}],"version-history":[{"count":1,"href":"https:\/\/dev.antudigital.cl\/sites\/vc\/wp-json\/wp\/v2\/posts\/19605\/revisions"}],"predecessor-version":[{"id":19611,"href":"https:\/\/dev.antudigital.cl\/sites\/vc\/wp-json\/wp\/v2\/posts\/19605\/revisions\/19611"}],"wp:featuredmedia":[{"embeddable":true,"href":"https:\/\/dev.antudigital.cl\/sites\/vc\/wp-json\/wp\/v2\/media\/19606"}],"wp:attachment":[{"href":"https:\/\/dev.antudigital.cl\/sites\/vc\/wp-json\/wp\/v2\/media?parent=19605"}],"wp:term":[{"taxonomy":"category","embeddable":true,"href":"https:\/\/dev.antudigital.cl\/sites\/vc\/wp-json\/wp\/v2\/categories?post=19605"},{"taxonomy":"post_tag","embeddable":true,"href":"https:\/\/dev.antudigital.cl\/sites\/vc\/wp-json\/wp\/v2\/tags?post=19605"}],"curies":[{"name":"wp","href":"https:\/\/api.w.org\/{rel}","templated":true}]}}