{"id":19619,"date":"2024-07-08T15:52:34","date_gmt":"2024-07-08T15:52:34","guid":{"rendered":"https:\/\/www.valparaisocreativo.cl\/?p=19619"},"modified":"2024-07-08T15:55:16","modified_gmt":"2024-07-08T15:55:16","slug":"valparaiso-creativo-da-la-bienvenida-a-nuevo-ciclo-de-trabajo-mediante-comite-gestores","status":"publish","type":"post","link":"https:\/\/dev.antudigital.cl\/sites\/vc\/valparaiso-creativo-da-la-bienvenida-a-nuevo-ciclo-de-trabajo-mediante-comite-gestores\/","title":{"rendered":"Valpara\u00edso Creativo e I.P. ARCOS dan la bienvenida a nuevo ciclo de trabajo mediante Comit\u00e9 Gestores"},"content":{"rendered":"\n<p>81 organizaciones en total son las participantes del nuevo ciclo de Comit\u00e9 Gestores 2024-2025 del Programa Estrat\u00e9gico Regional, PER, de CORFO Valpara\u00edso Creativo, del cual I.P. ARCOS es aliado estrat\u00e9gico a trav\u00e9s de la presidencia de su Comit\u00e9 Ejecutivo del director regional del Instituto, Tom\u00e1s Albagly, y mediante la activa asistencia de sus representantes Ignacio Ag\u00fcero y Loreto Aravena en Servicios Creativos y Valpara\u00edso Ciudad Creativa de la M\u00fasica, respectivamente.<\/p>\n\n\n\n<p>Este periodo corresponde al octavo ciclo de ejecuci\u00f3n del PER Valpara\u00edso Creativo, con quienes I.P. ARCOS trabaja codo a codo desde el 2022. A trav\u00e9s de estas mesas de participaci\u00f3n, se busca representar a diversos sectores del quehacer creativo desde los ejes de trabajo que la Hoja de Ruta de la instituci\u00f3n propicia, como son: Valpara\u00edso Ciudad Creativa de la M\u00fasica; Patrimonio, Servicios Creativos, y Turismo Creativo y Cultural.<\/p>\n\n\n\n<p>Un desaf\u00edo com\u00fan entre ambas instituciones es el de vincularse constantemente con el potencial creativo de la regi\u00f3n de Valpara\u00edso, impactando en el territorio para amplificar su importancia en el desarrollo econ\u00f3mico local, por ejemplo.<\/p>\n\n\n\n<p>Dentro de este ciclo, se gener\u00f3 desde Valpara\u00edso Creativo un llamado abierto a ser parte de estos Comit\u00e9 Gestores, con el prop\u00f3sito de abrirse a nuevas colaboraciones, llegando 24 nuevos participantes a las cuatro l\u00edneas de acci\u00f3n.<\/p>\n\n\n\n<p>En este sentido, Alexandra Gar\u00edn, ejecutiva de Territorio de Valpara\u00edso Creativo, comenta que \u201cesta semana iniciamos el trabajo con nuestra gobernanza, en nuestros 4 ejes, apuntado al trabajo con organizaciones p\u00fablicas y privadas que tributen al sector creativo de la regi\u00f3n\u201d.&nbsp;<\/p>\n\n\n\n<p>Para especificar sobre los\/as postulantes en este nuevo ciclo, Gar\u00edn agrega que \u201ces bonito mencionar que hay representantes de norte a sur, de la costa al Valle de Aconcagua, adem\u00e1s de participantes de Valpara\u00edso mismo. Ac\u00e1 se incluyen 24 nuevas organizaciones, con quienes pudimos revisar nuestro campo de trabajo y lo que se ha realizado mediante Comit\u00e9s en los ciclos anteriores\u201d.<\/p>\n\n\n\n<figure class=\"wp-block-image size-large\"><img fetchpriority=\"high\" decoding=\"async\" width=\"1024\" height=\"768\" src=\"https:\/\/www.valparaisocreativo.cl\/wp-content\/uploads\/2024\/07\/Cierre-Comite-Gestores-2023-1024x768.jpg\" alt=\"\" class=\"wp-image-19624\" srcset=\"https:\/\/dev.antudigital.cl\/sites\/vc\/wp-content\/uploads\/2024\/07\/Cierre-Comite-Gestores-2023-1024x768.jpg 1024w, https:\/\/dev.antudigital.cl\/sites\/vc\/wp-content\/uploads\/2024\/07\/Cierre-Comite-Gestores-2023-300x225.jpg 300w, https:\/\/dev.antudigital.cl\/sites\/vc\/wp-content\/uploads\/2024\/07\/Cierre-Comite-Gestores-2023-768x576.jpg 768w, https:\/\/dev.antudigital.cl\/sites\/vc\/wp-content\/uploads\/2024\/07\/Cierre-Comite-Gestores-2023-510x382.jpg 510w, https:\/\/dev.antudigital.cl\/sites\/vc\/wp-content\/uploads\/2024\/07\/Cierre-Comite-Gestores-2023-1080x810.jpg 1080w, https:\/\/dev.antudigital.cl\/sites\/vc\/wp-content\/uploads\/2024\/07\/Cierre-Comite-Gestores-2023-1280x960.jpg 1280w, https:\/\/dev.antudigital.cl\/sites\/vc\/wp-content\/uploads\/2024\/07\/Cierre-Comite-Gestores-2023-980x735.jpg 980w, https:\/\/dev.antudigital.cl\/sites\/vc\/wp-content\/uploads\/2024\/07\/Cierre-Comite-Gestores-2023-480x360.jpg 480w, https:\/\/dev.antudigital.cl\/sites\/vc\/wp-content\/uploads\/2024\/07\/Cierre-Comite-Gestores-2023-24x18.jpg 24w, https:\/\/dev.antudigital.cl\/sites\/vc\/wp-content\/uploads\/2024\/07\/Cierre-Comite-Gestores-2023-36x27.jpg 36w, https:\/\/dev.antudigital.cl\/sites\/vc\/wp-content\/uploads\/2024\/07\/Cierre-Comite-Gestores-2023-48x36.jpg 48w, https:\/\/dev.antudigital.cl\/sites\/vc\/wp-content\/uploads\/2024\/07\/Cierre-Comite-Gestores-2023.jpg 1440w\" sizes=\"(max-width: 1024px) 100vw, 1024px\" \/><\/figure>\n\n\n\n<p>Este es un trabajo mensual que se lleva a cabo, aproximadamente, hasta diciembre del presente a\u00f1o, tiempo en el que se formulan y postulan proyectos patrocinados por Valpara\u00edso Creativo, los cuales, como&nbsp; en este caso, se ejecutan desde fin de a\u00f1o hasta el cierre de periodo, que es en abril de 2025.<\/p>\n\n\n\n<p>Cabe destacar que para la elegibilidad de participantes, se tomaron en cuenta criterios como: relevancia sectorial, impacto y trayectoria, diversidad, representaci\u00f3n, alineaci\u00f3n con los objetivos del programa y el compromiso de una participaci\u00f3n activa, entre otros.<\/p>\n\n\n\n<p>I.P. ARCOS comenz\u00f3 vincul\u00e1ndose con Valpara\u00edso Creativo a trav\u00e9s de esta instancia, desde donde comenzaron a gestionarse iniciativas conjuntas para impulsar diversos proyectos en torno a la econom\u00eda creativa, tal como lo ha sido la promoci\u00f3n de Barrio Puerto como Distrito Creativo, entre otras articulaciones conjuntas que ya suman tres a\u00f1os de experiencia. Adem\u00e1s de su cupo desde Vinculaci\u00f3n con el Medio y Editorial Aguaderramada, este a\u00f1o se suman los docentes Paula L\u00f3pez Droguett y Rodolfo Mu\u00f1oz por medio del Comit\u00e9 Gestor de Servicios Creativos, como representantes de un colectivo de artes.<\/p>\n\n\n\n<p>Para ambas instituciones, es importante propiciar el trabajo colaborativo, ya que mediante estos Comit\u00e9 Gestores pueden potenciarse l\u00edneas de trabajo concretas que abarquen a la mayor cantidad de voces del territorio. En este sentido, es positivo lograr la cifra de participaci\u00f3n que hoy permite expandir esas redes de contacto.<br>La totalidad de las sesiones de los Comit\u00e9 Gestores pueden conocerse en el <a href=\"https:\/\/www.youtube.com\/@valparaisocreativo5143\">canal de YouTube de Valpara\u00edso Creativo<\/a>.<\/p>\n\n\n\n<p><strong>Las organizaciones participantes son las siguientes:<\/strong><\/p>\n\n\n\n<p><strong>Valpara\u00edso Ciudad Creativa de la M\u00fasica<\/strong><\/p>\n\n\n\n<p>MUS.A &#8211; PTI M\u00fasica &#8211; Escuelas de Rock &#8211; Direcci\u00f3n de Cultura de la Municipalidad de Valpara\u00edso a trav\u00e9s de su Punto Focal Unesco &#8211; AMAR.VAL &#8211; SIMUVAL &#8211; MUSTACH.<p class=\"p2\" style=\"margin: 0px; text-align: justify; font-variant-numeric: normal; font-variant-east-asian: normal; font-variant-alternates: normal; font-kerning: auto; font-optical-sizing: auto; font-feature-settings: normal; font-variation-settings: normal; font-variant-position: normal; font-stretch: normal; font-size: 12px; line-height: normal; font-family: &quot;Helvetica Neue&quot;; min-height: 14px; color: rgb(0, 0, 0); white-space-collapse: collapse;\"><\/p><strong>Servicios Creativos<\/strong><\/p>\n\n\n\n<p>DIFOI de Gobierno Regional de Valpara\u00edso &#8211; C\u00e1mara Regional de Comercio de Valpara\u00edso &#8211; Parque Cultural de Valpara\u00edso &#8211; DUOC UC Vi\u00f1a del Mar (Carrera de Vestuario) &#8211; API &#8211; ONG Valpara\u00edso en Colores &#8211; Valpara\u00edso Arte Contempor\u00e1neo &#8211; Feria Internacional del Libro de Valpara\u00edso &#8211; Cabildo de Dise\u00f1o Regi\u00f3n de Valpara\u00edso &#8211; Casa Espacio Buenos Aires 824 (FIFV) &#8211; I.P. ARCOS &#8211; Poder\u00edo Producciones &#8211; Centro de Arte &#8211; Carpa Azul &#8211; Balmaceda Arte Joven &#8211; UPLA &#8211; Corporaci\u00f3n Club Social Deportivo Ecoambiental Cultural Cowork &#8211; Ex Hotel Royal &#8211; INACAP &#8211; Comparsa La Cimarrona &#8211; Casa de Oficios La Trenza &#8211; Red de Recuperadores Textiles &#8211; Centro Cultural y deportivo y social ENAIRES &#8211; Cooperativa de Artes Esc\u00e9nicas de Valpara\u00edso &#8211; Corporaci\u00f3n Cultural Sembrando Letras.<p class=\"p4\" style=\"margin: 0px; font-variant-numeric: normal; font-variant-east-asian: normal; font-variant-alternates: normal; font-kerning: auto; font-optical-sizing: auto; font-feature-settings: normal; font-variation-settings: normal; font-variant-position: normal; font-stretch: normal; font-size: 12px; line-height: normal; font-family: &quot;Helvetica Neue&quot;; min-height: 14px; color: rgb(0, 0, 0); white-space-collapse: collapse;\"><\/p><strong>Patrimonio<\/strong><\/p>\n\n\n\n<p>Trenzando &#8211; Ganamar &#8211; Corporaci\u00f3n Sitio de Patrimonio Mundial de Valpara\u00edso &#8211; Servicio Patrimonio &#8211; EPV &#8211; MINVU &#8211; Amigos y amigas por los cementerios &#8211; Espacio La Compa\u00f1\u00eda &#8211; Centro de Estudios Interoce\u00e1nicos Universidad de Valpara\u00edso &#8211; Universidad Vi\u00f1a del Mar &#8211; DUOC UC Valpara\u00edso a trav\u00e9s de su carrera de Restauraci\u00f3n &#8211; Fundaci\u00f3n C\u00edclica &#8211; Agrupaci\u00f3n Salvando el Futuro &#8211; Costa Rural &#8211; Casa de la Cultura Valpara\u00edso &#8211; Corporaci\u00f3n de Desarrollo Cultural de Algarrobo.<p class=\"p4\" style=\"margin: 0px; font-variant-numeric: normal; font-variant-east-asian: normal; font-variant-alternates: normal; font-kerning: auto; font-optical-sizing: auto; font-feature-settings: normal; font-variation-settings: normal; font-variant-position: normal; font-stretch: normal; font-size: 12px; line-height: normal; font-family: &quot;Helvetica Neue&quot;; min-height: 14px; color: rgb(0, 0, 0); white-space-collapse: collapse;\"><\/p><strong>Turismo Creativo y Cultural<\/strong><\/p>\n\n\n\n<p>SERNATUR &#8211; Corporaci\u00f3n Regional de Turismo de Valpara\u00edso &#8211; AG Barrio Poniente &#8211; Asociaci\u00f3n de Hoteles &#8211; Seremi de las Culturas, las Artes y el Patrimonio &#8211; Asociaci\u00f3n de Gu\u00edas de Turismo de Valpara\u00edso &#8211; Fundaci\u00f3n Cocinamar &#8211; Barrio Puerto AG &#8211; Departamento Turismo Municipalidad de Vi\u00f1a del Mar &#8211; Litoral Poeta &#8211; Transforma Turismo &#8211; Fundaci\u00f3n Trigal<\/p>\n","protected":false},"excerpt":{"rendered":"<p>81 organizaciones en total son las participantes del nuevo ciclo de Comit\u00e9 Gestores 2024-2025 del Programa Estrat\u00e9gico Regional, PER, de CORFO Valpara\u00edso Creativo, del cual I.P. ARCOS es aliado estrat\u00e9gico a trav\u00e9s de la presidencia de su Comit\u00e9 Ejecutivo del director regional del Instituto, Tom\u00e1s Albagly, y mediante la activa asistencia de sus representantes Ignacio [&hellip;]<\/p>\n","protected":false},"author":1,"featured_media":19622,"comment_status":"closed","ping_status":"closed","sticky":true,"template":"","format":"standard","meta":{"_acf_changed":false,"footnotes":""},"categories":[218,8],"tags":[],"class_list":["post-19619","post","type-post","status-publish","format-standard","has-post-thumbnail","hentry","category-blog","category-noticia"],"acf":[],"yoast_head":"<!-- This site is optimized with the Yoast SEO plugin v27.1.1 - https:\/\/yoast.com\/product\/yoast-seo-wordpress\/ -->\n<title>Valpara\u00edso Creativo e I.P. ARCOS dan la bienvenida a nuevo ciclo de trabajo mediante Comit\u00e9 Gestores - Valpara\u00ed\u00adso Creativo<\/title>\n<meta name=\"robots\" content=\"index, follow, max-snippet:-1, max-image-preview:large, max-video-preview:-1\" \/>\n<link rel=\"canonical\" href=\"https:\/\/dev.antudigital.cl\/sites\/vc\/valparaiso-creativo-da-la-bienvenida-a-nuevo-ciclo-de-trabajo-mediante-comite-gestores\/\" \/>\n<meta property=\"og:locale\" content=\"es_ES\" \/>\n<meta property=\"og:type\" content=\"article\" \/>\n<meta property=\"og:title\" content=\"Valpara\u00edso Creativo e I.P. ARCOS dan la bienvenida a nuevo ciclo de trabajo mediante Comit\u00e9 Gestores - Valpara\u00ed\u00adso Creativo\" \/>\n<meta property=\"og:description\" content=\"81 organizaciones en total son las participantes del nuevo ciclo de Comit\u00e9 Gestores 2024-2025 del Programa Estrat\u00e9gico Regional, PER, de CORFO Valpara\u00edso Creativo, del cual I.P. ARCOS es aliado estrat\u00e9gico a trav\u00e9s de la presidencia de su Comit\u00e9 Ejecutivo del director regional del Instituto, Tom\u00e1s Albagly, y mediante la activa asistencia de sus representantes Ignacio [&hellip;]\" \/>\n<meta property=\"og:url\" content=\"https:\/\/dev.antudigital.cl\/sites\/vc\/valparaiso-creativo-da-la-bienvenida-a-nuevo-ciclo-de-trabajo-mediante-comite-gestores\/\" \/>\n<meta property=\"og:site_name\" content=\"Valpara\u00ed\u00adso Creativo\" \/>\n<meta property=\"article:published_time\" content=\"2024-07-08T15:52:34+00:00\" \/>\n<meta property=\"article:modified_time\" content=\"2024-07-08T15:55:16+00:00\" \/>\n<meta property=\"og:image\" content=\"https:\/\/dev.antudigital.cl\/sites\/vc\/wp-content\/uploads\/2024\/07\/CCGG-Servicios-Creativos.png\" \/>\n\t<meta property=\"og:image:width\" content=\"1236\" \/>\n\t<meta property=\"og:image:height\" content=\"701\" \/>\n\t<meta property=\"og:image:type\" content=\"image\/png\" \/>\n<meta name=\"author\" content=\"Valpara\u00edso Creativo\" \/>\n<meta name=\"twitter:card\" content=\"summary_large_image\" \/>\n<meta name=\"twitter:label1\" content=\"Escrito por\" \/>\n\t<meta name=\"twitter:data1\" content=\"Valpara\u00edso Creativo\" \/>\n\t<meta name=\"twitter:label2\" content=\"Tiempo de lectura\" \/>\n\t<meta name=\"twitter:data2\" content=\"5 minutos\" \/>\n<script type=\"application\/ld+json\" class=\"yoast-schema-graph\">{\"@context\":\"https:\/\/schema.org\",\"@graph\":[{\"@type\":\"Article\",\"@id\":\"https:\/\/dev.antudigital.cl\/sites\/vc\/valparaiso-creativo-da-la-bienvenida-a-nuevo-ciclo-de-trabajo-mediante-comite-gestores\/#article\",\"isPartOf\":{\"@id\":\"https:\/\/dev.antudigital.cl\/sites\/vc\/valparaiso-creativo-da-la-bienvenida-a-nuevo-ciclo-de-trabajo-mediante-comite-gestores\/\"},\"author\":{\"name\":\"Valpara\u00edso Creativo\",\"@id\":\"https:\/\/dev.antudigital.cl\/sites\/vc\/#\/schema\/person\/c2b9da8dd545e27166fc5ab232837318\"},\"headline\":\"Valpara\u00edso Creativo e I.P. ARCOS dan la bienvenida a nuevo ciclo de trabajo mediante Comit\u00e9 Gestores\",\"datePublished\":\"2024-07-08T15:52:34+00:00\",\"dateModified\":\"2024-07-08T15:55:16+00:00\",\"mainEntityOfPage\":{\"@id\":\"https:\/\/dev.antudigital.cl\/sites\/vc\/valparaiso-creativo-da-la-bienvenida-a-nuevo-ciclo-de-trabajo-mediante-comite-gestores\/\"},\"wordCount\":990,\"image\":{\"@id\":\"https:\/\/dev.antudigital.cl\/sites\/vc\/valparaiso-creativo-da-la-bienvenida-a-nuevo-ciclo-de-trabajo-mediante-comite-gestores\/#primaryimage\"},\"thumbnailUrl\":\"https:\/\/dev.antudigital.cl\/sites\/vc\/wp-content\/uploads\/2024\/07\/CCGG-Servicios-Creativos.png\",\"articleSection\":[\"Blog\",\"Noticia\"],\"inLanguage\":\"es\"},{\"@type\":\"WebPage\",\"@id\":\"https:\/\/dev.antudigital.cl\/sites\/vc\/valparaiso-creativo-da-la-bienvenida-a-nuevo-ciclo-de-trabajo-mediante-comite-gestores\/\",\"url\":\"https:\/\/dev.antudigital.cl\/sites\/vc\/valparaiso-creativo-da-la-bienvenida-a-nuevo-ciclo-de-trabajo-mediante-comite-gestores\/\",\"name\":\"Valpara\u00edso Creativo e I.P. ARCOS dan la bienvenida a nuevo ciclo de trabajo mediante Comit\u00e9 Gestores - Valpara\u00ed\u00adso Creativo\",\"isPartOf\":{\"@id\":\"https:\/\/dev.antudigital.cl\/sites\/vc\/#website\"},\"primaryImageOfPage\":{\"@id\":\"https:\/\/dev.antudigital.cl\/sites\/vc\/valparaiso-creativo-da-la-bienvenida-a-nuevo-ciclo-de-trabajo-mediante-comite-gestores\/#primaryimage\"},\"image\":{\"@id\":\"https:\/\/dev.antudigital.cl\/sites\/vc\/valparaiso-creativo-da-la-bienvenida-a-nuevo-ciclo-de-trabajo-mediante-comite-gestores\/#primaryimage\"},\"thumbnailUrl\":\"https:\/\/dev.antudigital.cl\/sites\/vc\/wp-content\/uploads\/2024\/07\/CCGG-Servicios-Creativos.png\",\"datePublished\":\"2024-07-08T15:52:34+00:00\",\"dateModified\":\"2024-07-08T15:55:16+00:00\",\"author\":{\"@id\":\"https:\/\/dev.antudigital.cl\/sites\/vc\/#\/schema\/person\/c2b9da8dd545e27166fc5ab232837318\"},\"breadcrumb\":{\"@id\":\"https:\/\/dev.antudigital.cl\/sites\/vc\/valparaiso-creativo-da-la-bienvenida-a-nuevo-ciclo-de-trabajo-mediante-comite-gestores\/#breadcrumb\"},\"inLanguage\":\"es\",\"potentialAction\":[{\"@type\":\"ReadAction\",\"target\":[\"https:\/\/dev.antudigital.cl\/sites\/vc\/valparaiso-creativo-da-la-bienvenida-a-nuevo-ciclo-de-trabajo-mediante-comite-gestores\/\"]}]},{\"@type\":\"ImageObject\",\"inLanguage\":\"es\",\"@id\":\"https:\/\/dev.antudigital.cl\/sites\/vc\/valparaiso-creativo-da-la-bienvenida-a-nuevo-ciclo-de-trabajo-mediante-comite-gestores\/#primaryimage\",\"url\":\"https:\/\/dev.antudigital.cl\/sites\/vc\/wp-content\/uploads\/2024\/07\/CCGG-Servicios-Creativos.png\",\"contentUrl\":\"https:\/\/dev.antudigital.cl\/sites\/vc\/wp-content\/uploads\/2024\/07\/CCGG-Servicios-Creativos.png\",\"width\":1236,\"height\":701},{\"@type\":\"BreadcrumbList\",\"@id\":\"https:\/\/dev.antudigital.cl\/sites\/vc\/valparaiso-creativo-da-la-bienvenida-a-nuevo-ciclo-de-trabajo-mediante-comite-gestores\/#breadcrumb\",\"itemListElement\":[{\"@type\":\"ListItem\",\"position\":1,\"name\":\"Home\",\"item\":\"https:\/\/dev.antudigital.cl\/sites\/vc\/\"},{\"@type\":\"ListItem\",\"position\":2,\"name\":\"Valpara\u00edso Creativo e I.P. ARCOS dan la bienvenida a nuevo ciclo de trabajo mediante Comit\u00e9 Gestores\"}]},{\"@type\":\"WebSite\",\"@id\":\"https:\/\/dev.antudigital.cl\/sites\/vc\/#website\",\"url\":\"https:\/\/dev.antudigital.cl\/sites\/vc\/\",\"name\":\"Valpara\u00ed\u00adso Creativo\",\"description\":\"\",\"potentialAction\":[{\"@type\":\"SearchAction\",\"target\":{\"@type\":\"EntryPoint\",\"urlTemplate\":\"https:\/\/dev.antudigital.cl\/sites\/vc\/?s={search_term_string}\"},\"query-input\":{\"@type\":\"PropertyValueSpecification\",\"valueRequired\":true,\"valueName\":\"search_term_string\"}}],\"inLanguage\":\"es\"},{\"@type\":\"Person\",\"@id\":\"https:\/\/dev.antudigital.cl\/sites\/vc\/#\/schema\/person\/c2b9da8dd545e27166fc5ab232837318\",\"name\":\"Valpara\u00edso Creativo\",\"description\":\"Periodista de cultura en la Regi\u00f3n de Valpara\u00edso.\",\"url\":\"https:\/\/dev.antudigital.cl\/sites\/vc\/author\/valpoadmin\/\"}]}<\/script>\n<!-- \/ Yoast SEO plugin. -->","yoast_head_json":{"title":"Valpara\u00edso Creativo e I.P. ARCOS dan la bienvenida a nuevo ciclo de trabajo mediante Comit\u00e9 Gestores - Valpara\u00ed\u00adso Creativo","robots":{"index":"index","follow":"follow","max-snippet":"max-snippet:-1","max-image-preview":"max-image-preview:large","max-video-preview":"max-video-preview:-1"},"canonical":"https:\/\/dev.antudigital.cl\/sites\/vc\/valparaiso-creativo-da-la-bienvenida-a-nuevo-ciclo-de-trabajo-mediante-comite-gestores\/","og_locale":"es_ES","og_type":"article","og_title":"Valpara\u00edso Creativo e I.P. ARCOS dan la bienvenida a nuevo ciclo de trabajo mediante Comit\u00e9 Gestores - Valpara\u00ed\u00adso Creativo","og_description":"81 organizaciones en total son las participantes del nuevo ciclo de Comit\u00e9 Gestores 2024-2025 del Programa Estrat\u00e9gico Regional, PER, de CORFO Valpara\u00edso Creativo, del cual I.P. ARCOS es aliado estrat\u00e9gico a trav\u00e9s de la presidencia de su Comit\u00e9 Ejecutivo del director regional del Instituto, Tom\u00e1s Albagly, y mediante la activa asistencia de sus representantes Ignacio [&hellip;]","og_url":"https:\/\/dev.antudigital.cl\/sites\/vc\/valparaiso-creativo-da-la-bienvenida-a-nuevo-ciclo-de-trabajo-mediante-comite-gestores\/","og_site_name":"Valpara\u00ed\u00adso Creativo","article_published_time":"2024-07-08T15:52:34+00:00","article_modified_time":"2024-07-08T15:55:16+00:00","og_image":[{"width":1236,"height":701,"url":"https:\/\/dev.antudigital.cl\/sites\/vc\/wp-content\/uploads\/2024\/07\/CCGG-Servicios-Creativos.png","type":"image\/png"}],"author":"Valpara\u00edso Creativo","twitter_card":"summary_large_image","twitter_misc":{"Escrito por":"Valpara\u00edso Creativo","Tiempo de lectura":"5 minutos"},"schema":{"@context":"https:\/\/schema.org","@graph":[{"@type":"Article","@id":"https:\/\/dev.antudigital.cl\/sites\/vc\/valparaiso-creativo-da-la-bienvenida-a-nuevo-ciclo-de-trabajo-mediante-comite-gestores\/#article","isPartOf":{"@id":"https:\/\/dev.antudigital.cl\/sites\/vc\/valparaiso-creativo-da-la-bienvenida-a-nuevo-ciclo-de-trabajo-mediante-comite-gestores\/"},"author":{"name":"Valpara\u00edso Creativo","@id":"https:\/\/dev.antudigital.cl\/sites\/vc\/#\/schema\/person\/c2b9da8dd545e27166fc5ab232837318"},"headline":"Valpara\u00edso Creativo e I.P. ARCOS dan la bienvenida a nuevo ciclo de trabajo mediante Comit\u00e9 Gestores","datePublished":"2024-07-08T15:52:34+00:00","dateModified":"2024-07-08T15:55:16+00:00","mainEntityOfPage":{"@id":"https:\/\/dev.antudigital.cl\/sites\/vc\/valparaiso-creativo-da-la-bienvenida-a-nuevo-ciclo-de-trabajo-mediante-comite-gestores\/"},"wordCount":990,"image":{"@id":"https:\/\/dev.antudigital.cl\/sites\/vc\/valparaiso-creativo-da-la-bienvenida-a-nuevo-ciclo-de-trabajo-mediante-comite-gestores\/#primaryimage"},"thumbnailUrl":"https:\/\/dev.antudigital.cl\/sites\/vc\/wp-content\/uploads\/2024\/07\/CCGG-Servicios-Creativos.png","articleSection":["Blog","Noticia"],"inLanguage":"es"},{"@type":"WebPage","@id":"https:\/\/dev.antudigital.cl\/sites\/vc\/valparaiso-creativo-da-la-bienvenida-a-nuevo-ciclo-de-trabajo-mediante-comite-gestores\/","url":"https:\/\/dev.antudigital.cl\/sites\/vc\/valparaiso-creativo-da-la-bienvenida-a-nuevo-ciclo-de-trabajo-mediante-comite-gestores\/","name":"Valpara\u00edso Creativo e I.P. ARCOS dan la bienvenida a nuevo ciclo de trabajo mediante Comit\u00e9 Gestores - Valpara\u00ed\u00adso Creativo","isPartOf":{"@id":"https:\/\/dev.antudigital.cl\/sites\/vc\/#website"},"primaryImageOfPage":{"@id":"https:\/\/dev.antudigital.cl\/sites\/vc\/valparaiso-creativo-da-la-bienvenida-a-nuevo-ciclo-de-trabajo-mediante-comite-gestores\/#primaryimage"},"image":{"@id":"https:\/\/dev.antudigital.cl\/sites\/vc\/valparaiso-creativo-da-la-bienvenida-a-nuevo-ciclo-de-trabajo-mediante-comite-gestores\/#primaryimage"},"thumbnailUrl":"https:\/\/dev.antudigital.cl\/sites\/vc\/wp-content\/uploads\/2024\/07\/CCGG-Servicios-Creativos.png","datePublished":"2024-07-08T15:52:34+00:00","dateModified":"2024-07-08T15:55:16+00:00","author":{"@id":"https:\/\/dev.antudigital.cl\/sites\/vc\/#\/schema\/person\/c2b9da8dd545e27166fc5ab232837318"},"breadcrumb":{"@id":"https:\/\/dev.antudigital.cl\/sites\/vc\/valparaiso-creativo-da-la-bienvenida-a-nuevo-ciclo-de-trabajo-mediante-comite-gestores\/#breadcrumb"},"inLanguage":"es","potentialAction":[{"@type":"ReadAction","target":["https:\/\/dev.antudigital.cl\/sites\/vc\/valparaiso-creativo-da-la-bienvenida-a-nuevo-ciclo-de-trabajo-mediante-comite-gestores\/"]}]},{"@type":"ImageObject","inLanguage":"es","@id":"https:\/\/dev.antudigital.cl\/sites\/vc\/valparaiso-creativo-da-la-bienvenida-a-nuevo-ciclo-de-trabajo-mediante-comite-gestores\/#primaryimage","url":"https:\/\/dev.antudigital.cl\/sites\/vc\/wp-content\/uploads\/2024\/07\/CCGG-Servicios-Creativos.png","contentUrl":"https:\/\/dev.antudigital.cl\/sites\/vc\/wp-content\/uploads\/2024\/07\/CCGG-Servicios-Creativos.png","width":1236,"height":701},{"@type":"BreadcrumbList","@id":"https:\/\/dev.antudigital.cl\/sites\/vc\/valparaiso-creativo-da-la-bienvenida-a-nuevo-ciclo-de-trabajo-mediante-comite-gestores\/#breadcrumb","itemListElement":[{"@type":"ListItem","position":1,"name":"Home","item":"https:\/\/dev.antudigital.cl\/sites\/vc\/"},{"@type":"ListItem","position":2,"name":"Valpara\u00edso Creativo e I.P. ARCOS dan la bienvenida a nuevo ciclo de trabajo mediante Comit\u00e9 Gestores"}]},{"@type":"WebSite","@id":"https:\/\/dev.antudigital.cl\/sites\/vc\/#website","url":"https:\/\/dev.antudigital.cl\/sites\/vc\/","name":"Valpara\u00ed\u00adso Creativo","description":"","potentialAction":[{"@type":"SearchAction","target":{"@type":"EntryPoint","urlTemplate":"https:\/\/dev.antudigital.cl\/sites\/vc\/?s={search_term_string}"},"query-input":{"@type":"PropertyValueSpecification","valueRequired":true,"valueName":"search_term_string"}}],"inLanguage":"es"},{"@type":"Person","@id":"https:\/\/dev.antudigital.cl\/sites\/vc\/#\/schema\/person\/c2b9da8dd545e27166fc5ab232837318","name":"Valpara\u00edso Creativo","description":"Periodista de cultura en la Regi\u00f3n de Valpara\u00edso.","url":"https:\/\/dev.antudigital.cl\/sites\/vc\/author\/valpoadmin\/"}]}},"_links":{"self":[{"href":"https:\/\/dev.antudigital.cl\/sites\/vc\/wp-json\/wp\/v2\/posts\/19619","targetHints":{"allow":["GET"]}}],"collection":[{"href":"https:\/\/dev.antudigital.cl\/sites\/vc\/wp-json\/wp\/v2\/posts"}],"about":[{"href":"https:\/\/dev.antudigital.cl\/sites\/vc\/wp-json\/wp\/v2\/types\/post"}],"author":[{"embeddable":true,"href":"https:\/\/dev.antudigital.cl\/sites\/vc\/wp-json\/wp\/v2\/users\/1"}],"replies":[{"embeddable":true,"href":"https:\/\/dev.antudigital.cl\/sites\/vc\/wp-json\/wp\/v2\/comments?post=19619"}],"version-history":[{"count":4,"href":"https:\/\/dev.antudigital.cl\/sites\/vc\/wp-json\/wp\/v2\/posts\/19619\/revisions"}],"predecessor-version":[{"id":19628,"href":"https:\/\/dev.antudigital.cl\/sites\/vc\/wp-json\/wp\/v2\/posts\/19619\/revisions\/19628"}],"wp:featuredmedia":[{"embeddable":true,"href":"https:\/\/dev.antudigital.cl\/sites\/vc\/wp-json\/wp\/v2\/media\/19622"}],"wp:attachment":[{"href":"https:\/\/dev.antudigital.cl\/sites\/vc\/wp-json\/wp\/v2\/media?parent=19619"}],"wp:term":[{"taxonomy":"category","embeddable":true,"href":"https:\/\/dev.antudigital.cl\/sites\/vc\/wp-json\/wp\/v2\/categories?post=19619"},{"taxonomy":"post_tag","embeddable":true,"href":"https:\/\/dev.antudigital.cl\/sites\/vc\/wp-json\/wp\/v2\/tags?post=19619"}],"curies":[{"name":"wp","href":"https:\/\/api.w.org\/{rel}","templated":true}]}}