{"id":19629,"date":"2024-07-08T16:29:52","date_gmt":"2024-07-08T16:29:52","guid":{"rendered":"https:\/\/www.valparaisocreativo.cl\/?p=19629"},"modified":"2024-07-08T17:33:44","modified_gmt":"2024-07-08T17:33:44","slug":"allende-pinochet-y-lucia-en-una-comedia-negra-y-rosada","status":"publish","type":"post","link":"https:\/\/dev.antudigital.cl\/sites\/vc\/allende-pinochet-y-lucia-en-una-comedia-negra-y-rosada\/","title":{"rendered":"Allende, Pinochet y Luc\u00eda en una comedia negra y rosada"},"content":{"rendered":"\n<ul class=\"wp-block-list\">\n<li><strong>\u201cEl asilo contra la opresi\u00f3n\u201d es el estreno de Los contadores auditores, que pone en un asilo de ancianos en Miami a Salvador Allende, Augusto Pinochet, Luc\u00eda Hiriart, Juan Gabriel, entre otros.<\/strong><\/li>\n<\/ul>\n\n\n\n<ul class=\"wp-block-list\">\n<li><strong>La obra, escrita por Alejandra Matus, es protagonizada por Natalia Valdebenito, Jaime Ome\u00f1aca, Carmen Disa Guti\u00e9rrez, Tatiana Molina y un gran elenco.<\/strong><\/li>\n<\/ul>\n\n\n\n<p>Con esta apuesta de absurdo, humor y tragedia, El asilo contra la opresi\u00f3n llega por primera vez a Valpara\u00edso este viernes 12 de julio, a las 20 horas, con una presentaci\u00f3n \u00fanica en el Teatro Municipal.<\/p>\n\n\n\n<p>\u201cNos interesa mucho el desaf\u00edo de revisitar parte de la historia de Chile desde el humor y poder reflexionar lo que pas\u00f3 desde la comedia\u201d, dicen los directores de la obra&nbsp; Felipe Olivares y Juan Andr\u00e9s Rivera, los <strong>Contadores<\/strong> <strong>Auditores<\/strong>. Y agregan: Ya han pasado 50 a\u00f1os del golpe y nos preguntamos c\u00f3mo seguir visitando este lugar sin hacer lo mismo siempre, refrescando al espectador, c\u00f3mo hablar de la dictadura, pero con colores y sin quitarle el sufrimiento y el dolor que esto caus\u00f3. Se combina muy bien todo lo rosado de Miami con lo oscuro de la historia, la m\u00fasica de Juan Gabriel y lo tropical, con una sonoridad de suspenso y ciencia ficci\u00f3n.\u201d<\/p>\n\n\n\n<p>\u201cEl asilo contra la opresi\u00f3n\u201d es adem\u00e1s el debut de la periodista Alejandra Matus como dramaturga y est\u00e1 coproducida por GAM, Teatro Biob\u00edo y Fundaci\u00f3n Teatro a Mil.&nbsp;<\/p>\n\n\n\n<p>Es una ficci\u00f3n de humor negro donde se inyecta a Salvador Allende y a Augusto Pinochet con un suero experimental que los vuelve inmortales por un acuerdo entre los servicios de inteligencia de Chile, Rusia y Estados Unidos.&nbsp;<\/p>\n\n\n\n<p>Alojados en un asilo de ancianos ultrasecreto en Miami, entablan algo parecido a una amistad gracias a la amnesia de Allende. Tambi\u00e9n recibe el suero Luc\u00eda Hiriart, que adem\u00e1s de ser inmortal, rejuvenece 40 a\u00f1os. Sin embargo, La coexistencia pac\u00edfica que han logrado los residentes se ve interrumpida por la llegada de una inesperada paciente, que se transformar\u00e1 en una amenaza para todos.<\/p>\n\n\n\n<p>El asilo, donde se encuentra tambi\u00e9n el cantante Juan Gabriel, es controlado por la Alianza de Inteligencia Internacional, quienes desarrollaron esta f\u00f3rmula para la eterna juventud que fue perfeccionada por un acuerdo entre Mosc\u00fa y la CIA tras la ca\u00edda del muro de Berl\u00edn.&nbsp;<\/p>\n\n\n\n<p>Este texto e idea naci\u00f3 cuando la periodista <strong>Alejandra Matus<\/strong> estaba haciendo un M\u00e1ster en escritura creativa: \u00abUno de mis profesores fue Alejandro Moreno. \u00c9l nos ayud\u00f3 a desbloquear muchas cosas, a indagar los tab\u00fas que todos tenemos y jugar con temas que no nos hubi\u00e9ramos atrevido a tocar en otro contexto. Esta es una obra que est\u00e1 impregnada por develar cosas que en la antigua pol\u00edtica no se miraban, como la perspectiva de g\u00e9nero. Es una comedia que a trav\u00e9s del humor toca temas duros y dif\u00edciles. Espero que la incomodidad que el p\u00fablico pueda sentir, sirva para reflexionar y empujar el proceso de memoria y sacar debajo de la alfombra cosas de las que no nos hemos atrevido a hablar\u00bb, comenta Matus.<\/p>\n\n\n\n<p>Alejandra le mostr\u00f3 el texto a Carmen Romero, directora de Fundaci\u00f3n Teatro a Mil. Ella inmediatamente sugiri\u00f3 que fueran Los Contadores Auditores que la llevaran a escena.<\/p>\n\n\n\n<p>\u00abHay mucha sincron\u00eda en el humor del texto y el trabajo que venimos haciendo nosotros como compa\u00f1\u00eda. Lo kitsch, la comedia disparatada, lo pop. No pudimos negarnos a esa invitaci\u00f3n de participar con una leyenda del periodismo como Ale Matus\u201d, comentan los <strong>Contadores Auditores<\/strong>, Felipe Olivares y Juan Andr\u00e9s Rivera.<\/p>\n\n\n\n<p>Coristas del Bim Bam Bum, agentes secretos vestidos de enfermeros y personajes trascendentales de la historia de Chile, son revisitados en este montaje de una forma que no se ha visto antes.<\/p>\n\n\n\n<figure class=\"wp-block-image size-large\"><img fetchpriority=\"high\" decoding=\"async\" width=\"1024\" height=\"684\" src=\"https:\/\/www.valparaisocreativo.cl\/wp-content\/uploads\/2024\/07\/01-Foto-creditos-Patricio-Melo-GAM-1024x684.jpeg\" alt=\"\" class=\"wp-image-19631\" srcset=\"https:\/\/dev.antudigital.cl\/sites\/vc\/wp-content\/uploads\/2024\/07\/01-Foto-creditos-Patricio-Melo-GAM-1024x684.jpeg 1024w, https:\/\/dev.antudigital.cl\/sites\/vc\/wp-content\/uploads\/2024\/07\/01-Foto-creditos-Patricio-Melo-GAM-300x200.jpeg 300w, https:\/\/dev.antudigital.cl\/sites\/vc\/wp-content\/uploads\/2024\/07\/01-Foto-creditos-Patricio-Melo-GAM-768x513.jpeg 768w, https:\/\/dev.antudigital.cl\/sites\/vc\/wp-content\/uploads\/2024\/07\/01-Foto-creditos-Patricio-Melo-GAM-1536x1025.jpeg 1536w, https:\/\/dev.antudigital.cl\/sites\/vc\/wp-content\/uploads\/2024\/07\/01-Foto-creditos-Patricio-Melo-GAM-1080x721.jpeg 1080w, https:\/\/dev.antudigital.cl\/sites\/vc\/wp-content\/uploads\/2024\/07\/01-Foto-creditos-Patricio-Melo-GAM-1280x854.jpeg 1280w, https:\/\/dev.antudigital.cl\/sites\/vc\/wp-content\/uploads\/2024\/07\/01-Foto-creditos-Patricio-Melo-GAM-980x654.jpeg 980w, https:\/\/dev.antudigital.cl\/sites\/vc\/wp-content\/uploads\/2024\/07\/01-Foto-creditos-Patricio-Melo-GAM-480x320.jpeg 480w, https:\/\/dev.antudigital.cl\/sites\/vc\/wp-content\/uploads\/2024\/07\/01-Foto-creditos-Patricio-Melo-GAM-24x16.jpeg 24w, https:\/\/dev.antudigital.cl\/sites\/vc\/wp-content\/uploads\/2024\/07\/01-Foto-creditos-Patricio-Melo-GAM-36x24.jpeg 36w, https:\/\/dev.antudigital.cl\/sites\/vc\/wp-content\/uploads\/2024\/07\/01-Foto-creditos-Patricio-Melo-GAM-48x32.jpeg 48w, https:\/\/dev.antudigital.cl\/sites\/vc\/wp-content\/uploads\/2024\/07\/01-Foto-creditos-Patricio-Melo-GAM.jpeg 1600w\" sizes=\"(max-width: 1024px) 100vw, 1024px\" \/><\/figure>\n\n\n\n<p><strong>El elenco<\/strong><\/p>\n\n\n\n<p><strong>Natalia Valdebenito<\/strong> interpreta a Luc\u00eda Hiriart de Pinochet. Para ella, ha sido un desaf\u00edo abordarla sin prejuicios: \u201cYo defino al personaje con un completo desprecio a la humanidad y es muy dif\u00edcil para una persona como yo, que no tiene ning\u00fan desprecio por la humanidad. He investigado mucho a este personaje, escucho sus audios\u2026 Ha sido muy bueno como actriz descubrir cu\u00e1nta resistencia le pongo a un personaje tan dif\u00edcil, tan emblem\u00e1tico y al mismo tiempo monstruoso de nuestra historia. Estoy siendo muy fiel a lo que quieren los directores y la dramaturga\u201d.<\/p>\n\n\n\n<p>\u201cSiento que esta obra de alguna manera viene a desordenar un poco esta conmemoraci\u00f3n, pero al mismo tiempo recordarnos qui\u00e9nes fueron estas personas y hacer una reflexi\u00f3n.&nbsp; La risa siempre es un b\u00e1lsamo, y el p\u00fablico sentir\u00e1 incluso pudor al ver alguna escena que podr\u00eda llegar a ser un sacrilegio. Entonces les invito, porque creo que a los 50 a\u00f1os del golpe, aqu\u00ed en GAM estamos haciendo historia del teatro. Es necesario hacer memoria, y a trav\u00e9s de la comedia tambi\u00e9n se puede\u201d, finaliza Valdebenito.<\/p>\n\n\n\n<p>Salvador Allende, personificado por <strong>Jaime Ome\u00f1aca<\/strong>, \u201ces un Salvador en una situaci\u00f3n especial, pues est\u00e1 vivo y tiene Alzheimer, entonces no tiene recuerdos. \u00c9l conoce s\u00f3lo el presente y en este presente es amigo de Pinochet y el gal\u00e1n de Luc\u00eda, pues le parece bastante atractiva. No son personajes buenos o malos, sino que son seres humanos enfrentados a ciertas condiciones, posibilidades y situaciones\u201d.&nbsp;<\/p>\n\n\n\n<p>Son parte del elenco*para esta funci\u00f3n en Valpara\u00edso: &nbsp;tamb\u00ed\u00e9n Carmen Disa Guti\u00e9rrez, Tatiana Molina, Camila Le-Bert, Francisca Ortiz, Handra Huequem\u00e1n, Carlos Medina, Paula Magn\u00e9 Palacios, Germ\u00e1n Pinilla, Carla Casali, Juan Pablo Larenas y Carlos Donoso.<\/p>\n\n\n\n<p>Dramaturga: Alejandra Matus | Direcci\u00f3n: Los contadores auditores | Elenco funci\u00f3n Valpara\u00edso: Jaime Ome\u00f1aca, Natalia Valdebenito, Carmen Disa Guti\u00e9rrez, Tatiana Molina,\u00a0 Camila Le-Bert, Handra Huequem\u00e1n, Carlos Medina, Paula Magn\u00e9 Palacios, Germ\u00e1n Pinilla, Francisca Ortiz, Juan Pablo Larenas, Carla Casali, Carlos Donoso\u00a0 | Dise\u00f1adora: Laur\u00e8ne\u00a0 Lemaitre | Dise\u00f1o Sonoro: Felipe Mart\u00ednez | Maquillaje\/Caracterizaci\u00f3n: Carla Casali, Rub\u00e9n Aravena | Asistente de vestuario: Mal\u00fa Munita | Producci\u00f3n: Daniela Moraga | Coproducci\u00f3n: GAM, FITAM y TBB.<\/p>\n\n\n\n<p><strong>EL ASILO CONTRA LA OPRESI\u00d3N en Valpara\u00edso.<br>* Obt\u00e9n un 20% descuento ingresando el c\u00f3digo VALPARAISOCREATIVO<\/strong><\/p>\n\n\n\n<figure class=\"wp-block-image size-large\"><img decoding=\"async\" width=\"1024\" height=\"1024\" src=\"https:\/\/www.valparaisocreativo.cl\/wp-content\/uploads\/2024\/07\/Descuento-VALPARAISOCREATIVO-2-1024x1024.png\" alt=\"\" class=\"wp-image-19638\" srcset=\"https:\/\/dev.antudigital.cl\/sites\/vc\/wp-content\/uploads\/2024\/07\/Descuento-VALPARAISOCREATIVO-2-1024x1024.png 1024w, https:\/\/dev.antudigital.cl\/sites\/vc\/wp-content\/uploads\/2024\/07\/Descuento-VALPARAISOCREATIVO-2-300x300.png 300w, https:\/\/dev.antudigital.cl\/sites\/vc\/wp-content\/uploads\/2024\/07\/Descuento-VALPARAISOCREATIVO-2-150x150.png 150w, https:\/\/dev.antudigital.cl\/sites\/vc\/wp-content\/uploads\/2024\/07\/Descuento-VALPARAISOCREATIVO-2-768x768.png 768w, https:\/\/dev.antudigital.cl\/sites\/vc\/wp-content\/uploads\/2024\/07\/Descuento-VALPARAISOCREATIVO-2-980x980.png 980w, https:\/\/dev.antudigital.cl\/sites\/vc\/wp-content\/uploads\/2024\/07\/Descuento-VALPARAISOCREATIVO-2-480x480.png 480w, https:\/\/dev.antudigital.cl\/sites\/vc\/wp-content\/uploads\/2024\/07\/Descuento-VALPARAISOCREATIVO-2-24x24.png 24w, https:\/\/dev.antudigital.cl\/sites\/vc\/wp-content\/uploads\/2024\/07\/Descuento-VALPARAISOCREATIVO-2-36x36.png 36w, https:\/\/dev.antudigital.cl\/sites\/vc\/wp-content\/uploads\/2024\/07\/Descuento-VALPARAISOCREATIVO-2-48x48.png 48w, https:\/\/dev.antudigital.cl\/sites\/vc\/wp-content\/uploads\/2024\/07\/Descuento-VALPARAISOCREATIVO-2.png 1080w\" sizes=\"(max-width: 1024px) 100vw, 1024px\" \/><\/figure>\n","protected":false},"excerpt":{"rendered":"<p>Con esta apuesta de absurdo, humor y tragedia, El asilo contra la opresi\u00f3n llega por primera vez a Valpara\u00edso este viernes 12 de julio, a las 20 horas, con una presentaci\u00f3n \u00fanica en el Teatro Municipal. \u201cNos interesa mucho el desaf\u00edo de revisitar parte de la historia de Chile desde el humor y poder reflexionar [&hellip;]<\/p>\n","protected":false},"author":1,"featured_media":19630,"comment_status":"closed","ping_status":"closed","sticky":false,"template":"","format":"standard","meta":{"_acf_changed":false,"footnotes":""},"categories":[8],"tags":[],"class_list":["post-19629","post","type-post","status-publish","format-standard","has-post-thumbnail","hentry","category-noticia"],"acf":[],"yoast_head":"<!-- This site is optimized with the Yoast SEO plugin v27.1.1 - https:\/\/yoast.com\/product\/yoast-seo-wordpress\/ -->\n<title>Allende, Pinochet y Luc\u00eda en una comedia negra y rosada - Valpara\u00ed\u00adso Creativo<\/title>\n<meta name=\"robots\" content=\"index, follow, max-snippet:-1, max-image-preview:large, max-video-preview:-1\" \/>\n<link rel=\"canonical\" href=\"https:\/\/dev.antudigital.cl\/sites\/vc\/allende-pinochet-y-lucia-en-una-comedia-negra-y-rosada\/\" \/>\n<meta property=\"og:locale\" content=\"es_ES\" \/>\n<meta property=\"og:type\" content=\"article\" \/>\n<meta property=\"og:title\" content=\"Allende, Pinochet y Luc\u00eda en una comedia negra y rosada - Valpara\u00ed\u00adso Creativo\" \/>\n<meta property=\"og:description\" content=\"Con esta apuesta de absurdo, humor y tragedia, El asilo contra la opresi\u00f3n llega por primera vez a Valpara\u00edso este viernes 12 de julio, a las 20 horas, con una presentaci\u00f3n \u00fanica en el Teatro Municipal. \u201cNos interesa mucho el desaf\u00edo de revisitar parte de la historia de Chile desde el humor y poder reflexionar [&hellip;]\" \/>\n<meta property=\"og:url\" content=\"https:\/\/dev.antudigital.cl\/sites\/vc\/allende-pinochet-y-lucia-en-una-comedia-negra-y-rosada\/\" \/>\n<meta property=\"og:site_name\" content=\"Valpara\u00ed\u00adso Creativo\" \/>\n<meta property=\"article:published_time\" content=\"2024-07-08T16:29:52+00:00\" \/>\n<meta property=\"article:modified_time\" content=\"2024-07-08T17:33:44+00:00\" \/>\n<meta property=\"og:image\" content=\"https:\/\/dev.antudigital.cl\/sites\/vc\/wp-content\/uploads\/2024\/07\/Captura-de-Pantalla-2024-07-08-a-las-12.28.36.png\" \/>\n\t<meta property=\"og:image:width\" content=\"1346\" \/>\n\t<meta property=\"og:image:height\" content=\"444\" \/>\n\t<meta property=\"og:image:type\" content=\"image\/png\" \/>\n<meta name=\"author\" content=\"Valpara\u00edso Creativo\" \/>\n<meta name=\"twitter:card\" content=\"summary_large_image\" \/>\n<meta name=\"twitter:label1\" content=\"Escrito por\" \/>\n\t<meta name=\"twitter:data1\" content=\"Valpara\u00edso Creativo\" \/>\n\t<meta name=\"twitter:label2\" content=\"Tiempo de lectura\" \/>\n\t<meta name=\"twitter:data2\" content=\"6 minutos\" \/>\n<script type=\"application\/ld+json\" class=\"yoast-schema-graph\">{\"@context\":\"https:\/\/schema.org\",\"@graph\":[{\"@type\":\"Article\",\"@id\":\"https:\/\/dev.antudigital.cl\/sites\/vc\/allende-pinochet-y-lucia-en-una-comedia-negra-y-rosada\/#article\",\"isPartOf\":{\"@id\":\"https:\/\/dev.antudigital.cl\/sites\/vc\/allende-pinochet-y-lucia-en-una-comedia-negra-y-rosada\/\"},\"author\":{\"name\":\"Valpara\u00edso Creativo\",\"@id\":\"https:\/\/dev.antudigital.cl\/sites\/vc\/#\/schema\/person\/c2b9da8dd545e27166fc5ab232837318\"},\"headline\":\"Allende, Pinochet y Luc\u00eda en una comedia negra y rosada\",\"datePublished\":\"2024-07-08T16:29:52+00:00\",\"dateModified\":\"2024-07-08T17:33:44+00:00\",\"mainEntityOfPage\":{\"@id\":\"https:\/\/dev.antudigital.cl\/sites\/vc\/allende-pinochet-y-lucia-en-una-comedia-negra-y-rosada\/\"},\"wordCount\":1070,\"image\":{\"@id\":\"https:\/\/dev.antudigital.cl\/sites\/vc\/allende-pinochet-y-lucia-en-una-comedia-negra-y-rosada\/#primaryimage\"},\"thumbnailUrl\":\"https:\/\/dev.antudigital.cl\/sites\/vc\/wp-content\/uploads\/2024\/07\/Captura-de-Pantalla-2024-07-08-a-las-12.28.36.png\",\"articleSection\":[\"Noticia\"],\"inLanguage\":\"es\"},{\"@type\":\"WebPage\",\"@id\":\"https:\/\/dev.antudigital.cl\/sites\/vc\/allende-pinochet-y-lucia-en-una-comedia-negra-y-rosada\/\",\"url\":\"https:\/\/dev.antudigital.cl\/sites\/vc\/allende-pinochet-y-lucia-en-una-comedia-negra-y-rosada\/\",\"name\":\"Allende, Pinochet y Luc\u00eda en una comedia negra y rosada - Valpara\u00ed\u00adso Creativo\",\"isPartOf\":{\"@id\":\"https:\/\/dev.antudigital.cl\/sites\/vc\/#website\"},\"primaryImageOfPage\":{\"@id\":\"https:\/\/dev.antudigital.cl\/sites\/vc\/allende-pinochet-y-lucia-en-una-comedia-negra-y-rosada\/#primaryimage\"},\"image\":{\"@id\":\"https:\/\/dev.antudigital.cl\/sites\/vc\/allende-pinochet-y-lucia-en-una-comedia-negra-y-rosada\/#primaryimage\"},\"thumbnailUrl\":\"https:\/\/dev.antudigital.cl\/sites\/vc\/wp-content\/uploads\/2024\/07\/Captura-de-Pantalla-2024-07-08-a-las-12.28.36.png\",\"datePublished\":\"2024-07-08T16:29:52+00:00\",\"dateModified\":\"2024-07-08T17:33:44+00:00\",\"author\":{\"@id\":\"https:\/\/dev.antudigital.cl\/sites\/vc\/#\/schema\/person\/c2b9da8dd545e27166fc5ab232837318\"},\"breadcrumb\":{\"@id\":\"https:\/\/dev.antudigital.cl\/sites\/vc\/allende-pinochet-y-lucia-en-una-comedia-negra-y-rosada\/#breadcrumb\"},\"inLanguage\":\"es\",\"potentialAction\":[{\"@type\":\"ReadAction\",\"target\":[\"https:\/\/dev.antudigital.cl\/sites\/vc\/allende-pinochet-y-lucia-en-una-comedia-negra-y-rosada\/\"]}]},{\"@type\":\"ImageObject\",\"inLanguage\":\"es\",\"@id\":\"https:\/\/dev.antudigital.cl\/sites\/vc\/allende-pinochet-y-lucia-en-una-comedia-negra-y-rosada\/#primaryimage\",\"url\":\"https:\/\/dev.antudigital.cl\/sites\/vc\/wp-content\/uploads\/2024\/07\/Captura-de-Pantalla-2024-07-08-a-las-12.28.36.png\",\"contentUrl\":\"https:\/\/dev.antudigital.cl\/sites\/vc\/wp-content\/uploads\/2024\/07\/Captura-de-Pantalla-2024-07-08-a-las-12.28.36.png\",\"width\":1346,\"height\":444},{\"@type\":\"BreadcrumbList\",\"@id\":\"https:\/\/dev.antudigital.cl\/sites\/vc\/allende-pinochet-y-lucia-en-una-comedia-negra-y-rosada\/#breadcrumb\",\"itemListElement\":[{\"@type\":\"ListItem\",\"position\":1,\"name\":\"Home\",\"item\":\"https:\/\/dev.antudigital.cl\/sites\/vc\/\"},{\"@type\":\"ListItem\",\"position\":2,\"name\":\"Allende, Pinochet y Luc\u00eda en una comedia negra y rosada\"}]},{\"@type\":\"WebSite\",\"@id\":\"https:\/\/dev.antudigital.cl\/sites\/vc\/#website\",\"url\":\"https:\/\/dev.antudigital.cl\/sites\/vc\/\",\"name\":\"Valpara\u00ed\u00adso Creativo\",\"description\":\"\",\"potentialAction\":[{\"@type\":\"SearchAction\",\"target\":{\"@type\":\"EntryPoint\",\"urlTemplate\":\"https:\/\/dev.antudigital.cl\/sites\/vc\/?s={search_term_string}\"},\"query-input\":{\"@type\":\"PropertyValueSpecification\",\"valueRequired\":true,\"valueName\":\"search_term_string\"}}],\"inLanguage\":\"es\"},{\"@type\":\"Person\",\"@id\":\"https:\/\/dev.antudigital.cl\/sites\/vc\/#\/schema\/person\/c2b9da8dd545e27166fc5ab232837318\",\"name\":\"Valpara\u00edso Creativo\",\"description\":\"Periodista de cultura en la Regi\u00f3n de Valpara\u00edso.\",\"url\":\"https:\/\/dev.antudigital.cl\/sites\/vc\/author\/valpoadmin\/\"}]}<\/script>\n<!-- \/ Yoast SEO plugin. -->","yoast_head_json":{"title":"Allende, Pinochet y Luc\u00eda en una comedia negra y rosada - Valpara\u00ed\u00adso Creativo","robots":{"index":"index","follow":"follow","max-snippet":"max-snippet:-1","max-image-preview":"max-image-preview:large","max-video-preview":"max-video-preview:-1"},"canonical":"https:\/\/dev.antudigital.cl\/sites\/vc\/allende-pinochet-y-lucia-en-una-comedia-negra-y-rosada\/","og_locale":"es_ES","og_type":"article","og_title":"Allende, Pinochet y Luc\u00eda en una comedia negra y rosada - Valpara\u00ed\u00adso Creativo","og_description":"Con esta apuesta de absurdo, humor y tragedia, El asilo contra la opresi\u00f3n llega por primera vez a Valpara\u00edso este viernes 12 de julio, a las 20 horas, con una presentaci\u00f3n \u00fanica en el Teatro Municipal. \u201cNos interesa mucho el desaf\u00edo de revisitar parte de la historia de Chile desde el humor y poder reflexionar [&hellip;]","og_url":"https:\/\/dev.antudigital.cl\/sites\/vc\/allende-pinochet-y-lucia-en-una-comedia-negra-y-rosada\/","og_site_name":"Valpara\u00ed\u00adso Creativo","article_published_time":"2024-07-08T16:29:52+00:00","article_modified_time":"2024-07-08T17:33:44+00:00","og_image":[{"width":1346,"height":444,"url":"https:\/\/dev.antudigital.cl\/sites\/vc\/wp-content\/uploads\/2024\/07\/Captura-de-Pantalla-2024-07-08-a-las-12.28.36.png","type":"image\/png"}],"author":"Valpara\u00edso Creativo","twitter_card":"summary_large_image","twitter_misc":{"Escrito por":"Valpara\u00edso Creativo","Tiempo de lectura":"6 minutos"},"schema":{"@context":"https:\/\/schema.org","@graph":[{"@type":"Article","@id":"https:\/\/dev.antudigital.cl\/sites\/vc\/allende-pinochet-y-lucia-en-una-comedia-negra-y-rosada\/#article","isPartOf":{"@id":"https:\/\/dev.antudigital.cl\/sites\/vc\/allende-pinochet-y-lucia-en-una-comedia-negra-y-rosada\/"},"author":{"name":"Valpara\u00edso Creativo","@id":"https:\/\/dev.antudigital.cl\/sites\/vc\/#\/schema\/person\/c2b9da8dd545e27166fc5ab232837318"},"headline":"Allende, Pinochet y Luc\u00eda en una comedia negra y rosada","datePublished":"2024-07-08T16:29:52+00:00","dateModified":"2024-07-08T17:33:44+00:00","mainEntityOfPage":{"@id":"https:\/\/dev.antudigital.cl\/sites\/vc\/allende-pinochet-y-lucia-en-una-comedia-negra-y-rosada\/"},"wordCount":1070,"image":{"@id":"https:\/\/dev.antudigital.cl\/sites\/vc\/allende-pinochet-y-lucia-en-una-comedia-negra-y-rosada\/#primaryimage"},"thumbnailUrl":"https:\/\/dev.antudigital.cl\/sites\/vc\/wp-content\/uploads\/2024\/07\/Captura-de-Pantalla-2024-07-08-a-las-12.28.36.png","articleSection":["Noticia"],"inLanguage":"es"},{"@type":"WebPage","@id":"https:\/\/dev.antudigital.cl\/sites\/vc\/allende-pinochet-y-lucia-en-una-comedia-negra-y-rosada\/","url":"https:\/\/dev.antudigital.cl\/sites\/vc\/allende-pinochet-y-lucia-en-una-comedia-negra-y-rosada\/","name":"Allende, Pinochet y Luc\u00eda en una comedia negra y rosada - Valpara\u00ed\u00adso Creativo","isPartOf":{"@id":"https:\/\/dev.antudigital.cl\/sites\/vc\/#website"},"primaryImageOfPage":{"@id":"https:\/\/dev.antudigital.cl\/sites\/vc\/allende-pinochet-y-lucia-en-una-comedia-negra-y-rosada\/#primaryimage"},"image":{"@id":"https:\/\/dev.antudigital.cl\/sites\/vc\/allende-pinochet-y-lucia-en-una-comedia-negra-y-rosada\/#primaryimage"},"thumbnailUrl":"https:\/\/dev.antudigital.cl\/sites\/vc\/wp-content\/uploads\/2024\/07\/Captura-de-Pantalla-2024-07-08-a-las-12.28.36.png","datePublished":"2024-07-08T16:29:52+00:00","dateModified":"2024-07-08T17:33:44+00:00","author":{"@id":"https:\/\/dev.antudigital.cl\/sites\/vc\/#\/schema\/person\/c2b9da8dd545e27166fc5ab232837318"},"breadcrumb":{"@id":"https:\/\/dev.antudigital.cl\/sites\/vc\/allende-pinochet-y-lucia-en-una-comedia-negra-y-rosada\/#breadcrumb"},"inLanguage":"es","potentialAction":[{"@type":"ReadAction","target":["https:\/\/dev.antudigital.cl\/sites\/vc\/allende-pinochet-y-lucia-en-una-comedia-negra-y-rosada\/"]}]},{"@type":"ImageObject","inLanguage":"es","@id":"https:\/\/dev.antudigital.cl\/sites\/vc\/allende-pinochet-y-lucia-en-una-comedia-negra-y-rosada\/#primaryimage","url":"https:\/\/dev.antudigital.cl\/sites\/vc\/wp-content\/uploads\/2024\/07\/Captura-de-Pantalla-2024-07-08-a-las-12.28.36.png","contentUrl":"https:\/\/dev.antudigital.cl\/sites\/vc\/wp-content\/uploads\/2024\/07\/Captura-de-Pantalla-2024-07-08-a-las-12.28.36.png","width":1346,"height":444},{"@type":"BreadcrumbList","@id":"https:\/\/dev.antudigital.cl\/sites\/vc\/allende-pinochet-y-lucia-en-una-comedia-negra-y-rosada\/#breadcrumb","itemListElement":[{"@type":"ListItem","position":1,"name":"Home","item":"https:\/\/dev.antudigital.cl\/sites\/vc\/"},{"@type":"ListItem","position":2,"name":"Allende, Pinochet y Luc\u00eda en una comedia negra y rosada"}]},{"@type":"WebSite","@id":"https:\/\/dev.antudigital.cl\/sites\/vc\/#website","url":"https:\/\/dev.antudigital.cl\/sites\/vc\/","name":"Valpara\u00ed\u00adso Creativo","description":"","potentialAction":[{"@type":"SearchAction","target":{"@type":"EntryPoint","urlTemplate":"https:\/\/dev.antudigital.cl\/sites\/vc\/?s={search_term_string}"},"query-input":{"@type":"PropertyValueSpecification","valueRequired":true,"valueName":"search_term_string"}}],"inLanguage":"es"},{"@type":"Person","@id":"https:\/\/dev.antudigital.cl\/sites\/vc\/#\/schema\/person\/c2b9da8dd545e27166fc5ab232837318","name":"Valpara\u00edso Creativo","description":"Periodista de cultura en la Regi\u00f3n de Valpara\u00edso.","url":"https:\/\/dev.antudigital.cl\/sites\/vc\/author\/valpoadmin\/"}]}},"_links":{"self":[{"href":"https:\/\/dev.antudigital.cl\/sites\/vc\/wp-json\/wp\/v2\/posts\/19629","targetHints":{"allow":["GET"]}}],"collection":[{"href":"https:\/\/dev.antudigital.cl\/sites\/vc\/wp-json\/wp\/v2\/posts"}],"about":[{"href":"https:\/\/dev.antudigital.cl\/sites\/vc\/wp-json\/wp\/v2\/types\/post"}],"author":[{"embeddable":true,"href":"https:\/\/dev.antudigital.cl\/sites\/vc\/wp-json\/wp\/v2\/users\/1"}],"replies":[{"embeddable":true,"href":"https:\/\/dev.antudigital.cl\/sites\/vc\/wp-json\/wp\/v2\/comments?post=19629"}],"version-history":[{"count":2,"href":"https:\/\/dev.antudigital.cl\/sites\/vc\/wp-json\/wp\/v2\/posts\/19629\/revisions"}],"predecessor-version":[{"id":19639,"href":"https:\/\/dev.antudigital.cl\/sites\/vc\/wp-json\/wp\/v2\/posts\/19629\/revisions\/19639"}],"wp:featuredmedia":[{"embeddable":true,"href":"https:\/\/dev.antudigital.cl\/sites\/vc\/wp-json\/wp\/v2\/media\/19630"}],"wp:attachment":[{"href":"https:\/\/dev.antudigital.cl\/sites\/vc\/wp-json\/wp\/v2\/media?parent=19629"}],"wp:term":[{"taxonomy":"category","embeddable":true,"href":"https:\/\/dev.antudigital.cl\/sites\/vc\/wp-json\/wp\/v2\/categories?post=19629"},{"taxonomy":"post_tag","embeddable":true,"href":"https:\/\/dev.antudigital.cl\/sites\/vc\/wp-json\/wp\/v2\/tags?post=19629"}],"curies":[{"name":"wp","href":"https:\/\/api.w.org\/{rel}","templated":true}]}}