{"id":19640,"date":"2024-07-08T17:41:11","date_gmt":"2024-07-08T17:41:11","guid":{"rendered":"https:\/\/www.valparaisocreativo.cl\/?p=19640"},"modified":"2024-07-08T17:41:29","modified_gmt":"2024-07-08T17:41:29","slug":"pedro-cobra-artista-brasileno-facilita-workshop-poetica-de-lo-pequeno-en-8vo-festilambe","status":"publish","type":"post","link":"https:\/\/dev.antudigital.cl\/sites\/vc\/pedro-cobra-artista-brasileno-facilita-workshop-poetica-de-lo-pequeno-en-8vo-festilambe\/","title":{"rendered":"Pedro Cobra, artista brasile\u00f1o, facilita Workshop \u201cPo\u00e9tica de lo peque\u00f1o\u201d en 8vo FESTILAMBE"},"content":{"rendered":"\n<p><strong>El s\u00e1bado 13 de julio de 11:00 a 13:00 horas se realizar\u00e1 el Workshop \u201cPo\u00e9tica de lo peque\u00f1o\u201d, facilitado por Pedro Cobra<\/strong>, miembro de la Compa\u00f1\u00eda PlastikOn\u00edrica de Brasil, donde trabaja como titiritero, lambista, actor, productor y director art\u00edstico.<\/p>\n\n\n\n<p>La instancia se enmarca en el 8vo FESTILAMBE de Valpara\u00edso 2024, Festival Internacional de Teatro Lambe Lambe &#8211; Chile \u201cConvocando Humanidad\u201d, proyecto ejecutado por el equipo de Fundaci\u00f3n OANI de Teatro y financiado por el Fondo Nacional de Fomento y Desarrollo de las Artes Esc\u00e9nicas, Convocatoria 2024, del Ministerio de las Culturas, las Artes y el Patrimonio.<\/p>\n\n\n\n<p>El encuentro invita a compartir perspectivas, plante\u00e1ndose preguntas que abran caminos a la creaci\u00f3n: \u00bfC\u00f3mo la poes\u00eda de lo peque\u00f1o se puede construir a partir de la intimidad? \u00bfC\u00f3mo abrir espacios en el cotidiano para materializar micro-mundos a trav\u00e9s de minutos y menudencias? \u00bfC\u00f3mo podemos ofrecer momentos de singularidad po\u00e9tica en el encuentro con el p\u00fablico? La entrada es liberada y los cupos limitados. Las inscripciones se deben realizar&nbsp;<a href=\"https:\/\/forms.gle\/9c4oZ1mkiBC9qaGK7\" target=\"_blank\" rel=\"noreferrer noopener\">aqu\u00ed<\/a>.<\/p>\n\n\n\n<p><strong>Pedro Cobra, artista e investigador de la hibridaci\u00f3n del teatro con otras artes<\/strong>, comenta: \u201cEl Workshop consiste en un encuentro virtual de dos horas donde las personas participantes ser\u00e1n invitadas a la reflexi\u00f3n colectiva acerca de la potencia creativa de lo peque\u00f1o, adoptada en los procesos de construcci\u00f3n, desarrollo y presentaci\u00f3n de espect\u00e1culos Lambe-Lambe\u201d.&nbsp;<\/p>\n\n\n\n<p>\u201cEsta es la primera vez que imparto un workshop con este enfoque tem\u00e1tico espec\u00edfico. Sin embargo, las reflexiones presentes en la preparaci\u00f3n del workshop son resultado de cursos anteriores impartidos por m\u00ed, como las clases de Historia y po\u00e9tica del Teatro Lambe-Lambe dentro de la Diplomatura Universitaria en Teatro de T\u00edteres con especializaci\u00f3n en Teatro Lambe-Lambe (La M\u00e1scara\/ UNCAUS) y tambi\u00e9n son parte de mi pr\u00e1ctica art\u00edstica con la C\u00eda. PlastikOn\u00edrica desde 2014\u201d.<\/p>\n\n\n\n<p>Sobre formar parte del 8vo FESTILAMBE, comparte: \u201c\u00a1Es una alegr\u00eda inmensa! Adem\u00e1s de ser un Festival de referencia para toda la comunidad lambista y titiritera, es un evento de formaci\u00f3n genuina a partir del encuentro. El 4\u00ba FESTILAMBE fue esencial para el desarrollo de mi pr\u00e1ctica art\u00edstica e investigaci\u00f3n acad\u00e9mica cuando yo era reci\u00e9n llegado al Teatro Lambe-Lambe con el espect\u00e1culo&nbsp;<em>Saudade<\/em>. Esta experiencia fue tambi\u00e9n definitiva para la creaci\u00f3n de nuestros siguientes espect\u00e1culos,&nbsp;<em>A Fiandeira<\/em>&nbsp;y&nbsp;<em>Entr\u018e<\/em>, que nos hicieron volver a Valpara\u00edso en el 7\u00ba FESTILAMBE el a\u00f1o pasado\u201d.&nbsp;<\/p>\n\n\n\n<p>\u201cPoder volver a involucrarme a este acto de resistencia y belleza art\u00edstica, ahora con este workshop virtual, me mueve el pensamiento y me regala la oportunidad de continuar desarrollando la mirada art\u00edstica del Teatro Lambe-Lambe en conexi\u00f3n a mis pares de Chile y de Latinoam\u00e9rica principalmente\u201d, a\u00f1ade Pedro.<br>El \u00faltimo Workshop de esta versi\u00f3n, \u201cDramaturgia de la luz en el Teatro Lambe Lambe\u201d, se realizar\u00e1 el s\u00e1bado 3 de agosto, facilitado por la artista argentina Gabriela C\u00e9spedes.\u00a0<strong>Desde el viernes 4 al domingo 13 de octubre se desplegar\u00e1 por Valpara\u00edso la octava versi\u00f3n del FESTILAMBE<\/strong>, con 25 obras in\u00e9ditas seleccionadas para esta versi\u00f3n. Para m\u00e1s informaci\u00f3n seguir a @festilambe en\u00a0<a href=\"https:\/\/www.instagram.com\/festilambe\/\" target=\"_blank\" rel=\"noreferrer noopener\">Instagram<\/a>,\u00a0<a href=\"https:\/\/web.facebook.com\/Festilambe\/\" target=\"_blank\" rel=\"noreferrer noopener\">Facebook<\/a>\u00a0y\u00a0<a href=\"https:\/\/x.com\/festilambe\" target=\"_blank\" rel=\"noreferrer noopener\">Twitter<\/a>.<\/p>\n\n\n\n<figure class=\"wp-block-image size-full\"><img fetchpriority=\"high\" decoding=\"async\" width=\"626\" height=\"626\" src=\"https:\/\/www.valparaisocreativo.cl\/wp-content\/uploads\/2024\/07\/Captura-de-Pantalla-2024-07-08-a-las-13.39.40.png\" alt=\"\" class=\"wp-image-19642\" srcset=\"https:\/\/dev.antudigital.cl\/sites\/vc\/wp-content\/uploads\/2024\/07\/Captura-de-Pantalla-2024-07-08-a-las-13.39.40.png 626w, https:\/\/dev.antudigital.cl\/sites\/vc\/wp-content\/uploads\/2024\/07\/Captura-de-Pantalla-2024-07-08-a-las-13.39.40-300x300.png 300w, https:\/\/dev.antudigital.cl\/sites\/vc\/wp-content\/uploads\/2024\/07\/Captura-de-Pantalla-2024-07-08-a-las-13.39.40-150x150.png 150w, https:\/\/dev.antudigital.cl\/sites\/vc\/wp-content\/uploads\/2024\/07\/Captura-de-Pantalla-2024-07-08-a-las-13.39.40-480x480.png 480w, https:\/\/dev.antudigital.cl\/sites\/vc\/wp-content\/uploads\/2024\/07\/Captura-de-Pantalla-2024-07-08-a-las-13.39.40-24x24.png 24w, https:\/\/dev.antudigital.cl\/sites\/vc\/wp-content\/uploads\/2024\/07\/Captura-de-Pantalla-2024-07-08-a-las-13.39.40-36x36.png 36w, https:\/\/dev.antudigital.cl\/sites\/vc\/wp-content\/uploads\/2024\/07\/Captura-de-Pantalla-2024-07-08-a-las-13.39.40-48x48.png 48w\" sizes=\"(max-width: 626px) 100vw, 626px\" \/><\/figure>\n","protected":false},"excerpt":{"rendered":"<p>El s\u00e1bado 13 de julio de 11:00 a 13:00 horas se realizar\u00e1 el Workshop \u201cPo\u00e9tica de lo peque\u00f1o\u201d, facilitado por Pedro Cobra, miembro de la Compa\u00f1\u00eda PlastikOn\u00edrica de Brasil, donde trabaja como titiritero, lambista, actor, productor y director art\u00edstico. La instancia se enmarca en el 8vo FESTILAMBE de Valpara\u00edso 2024, Festival Internacional de Teatro Lambe [&hellip;]<\/p>\n","protected":false},"author":1,"featured_media":19641,"comment_status":"closed","ping_status":"closed","sticky":false,"template":"","format":"standard","meta":{"_acf_changed":false,"footnotes":""},"categories":[8],"tags":[],"class_list":["post-19640","post","type-post","status-publish","format-standard","has-post-thumbnail","hentry","category-noticia"],"acf":[],"yoast_head":"<!-- This site is optimized with the Yoast SEO plugin v27.1.1 - https:\/\/yoast.com\/product\/yoast-seo-wordpress\/ -->\n<title>Pedro Cobra, artista brasile\u00f1o, facilita Workshop \u201cPo\u00e9tica de lo peque\u00f1o\u201d en 8vo FESTILAMBE - Valpara\u00ed\u00adso Creativo<\/title>\n<meta name=\"robots\" content=\"index, follow, max-snippet:-1, max-image-preview:large, max-video-preview:-1\" \/>\n<link rel=\"canonical\" href=\"https:\/\/dev.antudigital.cl\/sites\/vc\/pedro-cobra-artista-brasileno-facilita-workshop-poetica-de-lo-pequeno-en-8vo-festilambe\/\" \/>\n<meta property=\"og:locale\" content=\"es_ES\" \/>\n<meta property=\"og:type\" content=\"article\" \/>\n<meta property=\"og:title\" content=\"Pedro Cobra, artista brasile\u00f1o, facilita Workshop \u201cPo\u00e9tica de lo peque\u00f1o\u201d en 8vo FESTILAMBE - Valpara\u00ed\u00adso Creativo\" \/>\n<meta property=\"og:description\" content=\"El s\u00e1bado 13 de julio de 11:00 a 13:00 horas se realizar\u00e1 el Workshop \u201cPo\u00e9tica de lo peque\u00f1o\u201d, facilitado por Pedro Cobra, miembro de la Compa\u00f1\u00eda PlastikOn\u00edrica de Brasil, donde trabaja como titiritero, lambista, actor, productor y director art\u00edstico. La instancia se enmarca en el 8vo FESTILAMBE de Valpara\u00edso 2024, Festival Internacional de Teatro Lambe [&hellip;]\" \/>\n<meta property=\"og:url\" content=\"https:\/\/dev.antudigital.cl\/sites\/vc\/pedro-cobra-artista-brasileno-facilita-workshop-poetica-de-lo-pequeno-en-8vo-festilambe\/\" \/>\n<meta property=\"og:site_name\" content=\"Valpara\u00ed\u00adso Creativo\" \/>\n<meta property=\"article:published_time\" content=\"2024-07-08T17:41:11+00:00\" \/>\n<meta property=\"article:modified_time\" content=\"2024-07-08T17:41:29+00:00\" \/>\n<meta property=\"og:image\" content=\"https:\/\/dev.antudigital.cl\/sites\/vc\/wp-content\/uploads\/2024\/07\/PEDRO-COBRA-1.jpg\" \/>\n\t<meta property=\"og:image:width\" content=\"1080\" \/>\n\t<meta property=\"og:image:height\" content=\"720\" \/>\n\t<meta property=\"og:image:type\" content=\"image\/jpeg\" \/>\n<meta name=\"author\" content=\"Valpara\u00edso Creativo\" \/>\n<meta name=\"twitter:card\" content=\"summary_large_image\" \/>\n<meta name=\"twitter:label1\" content=\"Escrito por\" \/>\n\t<meta name=\"twitter:data1\" content=\"Valpara\u00edso Creativo\" \/>\n\t<meta name=\"twitter:label2\" content=\"Tiempo de lectura\" \/>\n\t<meta name=\"twitter:data2\" content=\"3 minutos\" \/>\n<script type=\"application\/ld+json\" class=\"yoast-schema-graph\">{\"@context\":\"https:\/\/schema.org\",\"@graph\":[{\"@type\":\"Article\",\"@id\":\"https:\/\/dev.antudigital.cl\/sites\/vc\/pedro-cobra-artista-brasileno-facilita-workshop-poetica-de-lo-pequeno-en-8vo-festilambe\/#article\",\"isPartOf\":{\"@id\":\"https:\/\/dev.antudigital.cl\/sites\/vc\/pedro-cobra-artista-brasileno-facilita-workshop-poetica-de-lo-pequeno-en-8vo-festilambe\/\"},\"author\":{\"name\":\"Valpara\u00edso Creativo\",\"@id\":\"https:\/\/dev.antudigital.cl\/sites\/vc\/#\/schema\/person\/c2b9da8dd545e27166fc5ab232837318\"},\"headline\":\"Pedro Cobra, artista brasile\u00f1o, facilita Workshop \u201cPo\u00e9tica de lo peque\u00f1o\u201d en 8vo FESTILAMBE\",\"datePublished\":\"2024-07-08T17:41:11+00:00\",\"dateModified\":\"2024-07-08T17:41:29+00:00\",\"mainEntityOfPage\":{\"@id\":\"https:\/\/dev.antudigital.cl\/sites\/vc\/pedro-cobra-artista-brasileno-facilita-workshop-poetica-de-lo-pequeno-en-8vo-festilambe\/\"},\"wordCount\":575,\"image\":{\"@id\":\"https:\/\/dev.antudigital.cl\/sites\/vc\/pedro-cobra-artista-brasileno-facilita-workshop-poetica-de-lo-pequeno-en-8vo-festilambe\/#primaryimage\"},\"thumbnailUrl\":\"https:\/\/dev.antudigital.cl\/sites\/vc\/wp-content\/uploads\/2024\/07\/PEDRO-COBRA-1.jpg\",\"articleSection\":[\"Noticia\"],\"inLanguage\":\"es\"},{\"@type\":\"WebPage\",\"@id\":\"https:\/\/dev.antudigital.cl\/sites\/vc\/pedro-cobra-artista-brasileno-facilita-workshop-poetica-de-lo-pequeno-en-8vo-festilambe\/\",\"url\":\"https:\/\/dev.antudigital.cl\/sites\/vc\/pedro-cobra-artista-brasileno-facilita-workshop-poetica-de-lo-pequeno-en-8vo-festilambe\/\",\"name\":\"Pedro Cobra, artista brasile\u00f1o, facilita Workshop \u201cPo\u00e9tica de lo peque\u00f1o\u201d en 8vo FESTILAMBE - Valpara\u00ed\u00adso Creativo\",\"isPartOf\":{\"@id\":\"https:\/\/dev.antudigital.cl\/sites\/vc\/#website\"},\"primaryImageOfPage\":{\"@id\":\"https:\/\/dev.antudigital.cl\/sites\/vc\/pedro-cobra-artista-brasileno-facilita-workshop-poetica-de-lo-pequeno-en-8vo-festilambe\/#primaryimage\"},\"image\":{\"@id\":\"https:\/\/dev.antudigital.cl\/sites\/vc\/pedro-cobra-artista-brasileno-facilita-workshop-poetica-de-lo-pequeno-en-8vo-festilambe\/#primaryimage\"},\"thumbnailUrl\":\"https:\/\/dev.antudigital.cl\/sites\/vc\/wp-content\/uploads\/2024\/07\/PEDRO-COBRA-1.jpg\",\"datePublished\":\"2024-07-08T17:41:11+00:00\",\"dateModified\":\"2024-07-08T17:41:29+00:00\",\"author\":{\"@id\":\"https:\/\/dev.antudigital.cl\/sites\/vc\/#\/schema\/person\/c2b9da8dd545e27166fc5ab232837318\"},\"breadcrumb\":{\"@id\":\"https:\/\/dev.antudigital.cl\/sites\/vc\/pedro-cobra-artista-brasileno-facilita-workshop-poetica-de-lo-pequeno-en-8vo-festilambe\/#breadcrumb\"},\"inLanguage\":\"es\",\"potentialAction\":[{\"@type\":\"ReadAction\",\"target\":[\"https:\/\/dev.antudigital.cl\/sites\/vc\/pedro-cobra-artista-brasileno-facilita-workshop-poetica-de-lo-pequeno-en-8vo-festilambe\/\"]}]},{\"@type\":\"ImageObject\",\"inLanguage\":\"es\",\"@id\":\"https:\/\/dev.antudigital.cl\/sites\/vc\/pedro-cobra-artista-brasileno-facilita-workshop-poetica-de-lo-pequeno-en-8vo-festilambe\/#primaryimage\",\"url\":\"https:\/\/dev.antudigital.cl\/sites\/vc\/wp-content\/uploads\/2024\/07\/PEDRO-COBRA-1.jpg\",\"contentUrl\":\"https:\/\/dev.antudigital.cl\/sites\/vc\/wp-content\/uploads\/2024\/07\/PEDRO-COBRA-1.jpg\",\"width\":1080,\"height\":720},{\"@type\":\"BreadcrumbList\",\"@id\":\"https:\/\/dev.antudigital.cl\/sites\/vc\/pedro-cobra-artista-brasileno-facilita-workshop-poetica-de-lo-pequeno-en-8vo-festilambe\/#breadcrumb\",\"itemListElement\":[{\"@type\":\"ListItem\",\"position\":1,\"name\":\"Home\",\"item\":\"https:\/\/dev.antudigital.cl\/sites\/vc\/\"},{\"@type\":\"ListItem\",\"position\":2,\"name\":\"Pedro Cobra, artista brasile\u00f1o, facilita Workshop \u201cPo\u00e9tica de lo peque\u00f1o\u201d en 8vo FESTILAMBE\"}]},{\"@type\":\"WebSite\",\"@id\":\"https:\/\/dev.antudigital.cl\/sites\/vc\/#website\",\"url\":\"https:\/\/dev.antudigital.cl\/sites\/vc\/\",\"name\":\"Valpara\u00ed\u00adso Creativo\",\"description\":\"\",\"potentialAction\":[{\"@type\":\"SearchAction\",\"target\":{\"@type\":\"EntryPoint\",\"urlTemplate\":\"https:\/\/dev.antudigital.cl\/sites\/vc\/?s={search_term_string}\"},\"query-input\":{\"@type\":\"PropertyValueSpecification\",\"valueRequired\":true,\"valueName\":\"search_term_string\"}}],\"inLanguage\":\"es\"},{\"@type\":\"Person\",\"@id\":\"https:\/\/dev.antudigital.cl\/sites\/vc\/#\/schema\/person\/c2b9da8dd545e27166fc5ab232837318\",\"name\":\"Valpara\u00edso Creativo\",\"description\":\"Periodista de cultura en la Regi\u00f3n de Valpara\u00edso.\",\"url\":\"https:\/\/dev.antudigital.cl\/sites\/vc\/author\/valpoadmin\/\"}]}<\/script>\n<!-- \/ Yoast SEO plugin. -->","yoast_head_json":{"title":"Pedro Cobra, artista brasile\u00f1o, facilita Workshop \u201cPo\u00e9tica de lo peque\u00f1o\u201d en 8vo FESTILAMBE - Valpara\u00ed\u00adso Creativo","robots":{"index":"index","follow":"follow","max-snippet":"max-snippet:-1","max-image-preview":"max-image-preview:large","max-video-preview":"max-video-preview:-1"},"canonical":"https:\/\/dev.antudigital.cl\/sites\/vc\/pedro-cobra-artista-brasileno-facilita-workshop-poetica-de-lo-pequeno-en-8vo-festilambe\/","og_locale":"es_ES","og_type":"article","og_title":"Pedro Cobra, artista brasile\u00f1o, facilita Workshop \u201cPo\u00e9tica de lo peque\u00f1o\u201d en 8vo FESTILAMBE - Valpara\u00ed\u00adso Creativo","og_description":"El s\u00e1bado 13 de julio de 11:00 a 13:00 horas se realizar\u00e1 el Workshop \u201cPo\u00e9tica de lo peque\u00f1o\u201d, facilitado por Pedro Cobra, miembro de la Compa\u00f1\u00eda PlastikOn\u00edrica de Brasil, donde trabaja como titiritero, lambista, actor, productor y director art\u00edstico. La instancia se enmarca en el 8vo FESTILAMBE de Valpara\u00edso 2024, Festival Internacional de Teatro Lambe [&hellip;]","og_url":"https:\/\/dev.antudigital.cl\/sites\/vc\/pedro-cobra-artista-brasileno-facilita-workshop-poetica-de-lo-pequeno-en-8vo-festilambe\/","og_site_name":"Valpara\u00ed\u00adso Creativo","article_published_time":"2024-07-08T17:41:11+00:00","article_modified_time":"2024-07-08T17:41:29+00:00","og_image":[{"width":1080,"height":720,"url":"https:\/\/dev.antudigital.cl\/sites\/vc\/wp-content\/uploads\/2024\/07\/PEDRO-COBRA-1.jpg","type":"image\/jpeg"}],"author":"Valpara\u00edso Creativo","twitter_card":"summary_large_image","twitter_misc":{"Escrito por":"Valpara\u00edso Creativo","Tiempo de lectura":"3 minutos"},"schema":{"@context":"https:\/\/schema.org","@graph":[{"@type":"Article","@id":"https:\/\/dev.antudigital.cl\/sites\/vc\/pedro-cobra-artista-brasileno-facilita-workshop-poetica-de-lo-pequeno-en-8vo-festilambe\/#article","isPartOf":{"@id":"https:\/\/dev.antudigital.cl\/sites\/vc\/pedro-cobra-artista-brasileno-facilita-workshop-poetica-de-lo-pequeno-en-8vo-festilambe\/"},"author":{"name":"Valpara\u00edso Creativo","@id":"https:\/\/dev.antudigital.cl\/sites\/vc\/#\/schema\/person\/c2b9da8dd545e27166fc5ab232837318"},"headline":"Pedro Cobra, artista brasile\u00f1o, facilita Workshop \u201cPo\u00e9tica de lo peque\u00f1o\u201d en 8vo FESTILAMBE","datePublished":"2024-07-08T17:41:11+00:00","dateModified":"2024-07-08T17:41:29+00:00","mainEntityOfPage":{"@id":"https:\/\/dev.antudigital.cl\/sites\/vc\/pedro-cobra-artista-brasileno-facilita-workshop-poetica-de-lo-pequeno-en-8vo-festilambe\/"},"wordCount":575,"image":{"@id":"https:\/\/dev.antudigital.cl\/sites\/vc\/pedro-cobra-artista-brasileno-facilita-workshop-poetica-de-lo-pequeno-en-8vo-festilambe\/#primaryimage"},"thumbnailUrl":"https:\/\/dev.antudigital.cl\/sites\/vc\/wp-content\/uploads\/2024\/07\/PEDRO-COBRA-1.jpg","articleSection":["Noticia"],"inLanguage":"es"},{"@type":"WebPage","@id":"https:\/\/dev.antudigital.cl\/sites\/vc\/pedro-cobra-artista-brasileno-facilita-workshop-poetica-de-lo-pequeno-en-8vo-festilambe\/","url":"https:\/\/dev.antudigital.cl\/sites\/vc\/pedro-cobra-artista-brasileno-facilita-workshop-poetica-de-lo-pequeno-en-8vo-festilambe\/","name":"Pedro Cobra, artista brasile\u00f1o, facilita Workshop \u201cPo\u00e9tica de lo peque\u00f1o\u201d en 8vo FESTILAMBE - Valpara\u00ed\u00adso Creativo","isPartOf":{"@id":"https:\/\/dev.antudigital.cl\/sites\/vc\/#website"},"primaryImageOfPage":{"@id":"https:\/\/dev.antudigital.cl\/sites\/vc\/pedro-cobra-artista-brasileno-facilita-workshop-poetica-de-lo-pequeno-en-8vo-festilambe\/#primaryimage"},"image":{"@id":"https:\/\/dev.antudigital.cl\/sites\/vc\/pedro-cobra-artista-brasileno-facilita-workshop-poetica-de-lo-pequeno-en-8vo-festilambe\/#primaryimage"},"thumbnailUrl":"https:\/\/dev.antudigital.cl\/sites\/vc\/wp-content\/uploads\/2024\/07\/PEDRO-COBRA-1.jpg","datePublished":"2024-07-08T17:41:11+00:00","dateModified":"2024-07-08T17:41:29+00:00","author":{"@id":"https:\/\/dev.antudigital.cl\/sites\/vc\/#\/schema\/person\/c2b9da8dd545e27166fc5ab232837318"},"breadcrumb":{"@id":"https:\/\/dev.antudigital.cl\/sites\/vc\/pedro-cobra-artista-brasileno-facilita-workshop-poetica-de-lo-pequeno-en-8vo-festilambe\/#breadcrumb"},"inLanguage":"es","potentialAction":[{"@type":"ReadAction","target":["https:\/\/dev.antudigital.cl\/sites\/vc\/pedro-cobra-artista-brasileno-facilita-workshop-poetica-de-lo-pequeno-en-8vo-festilambe\/"]}]},{"@type":"ImageObject","inLanguage":"es","@id":"https:\/\/dev.antudigital.cl\/sites\/vc\/pedro-cobra-artista-brasileno-facilita-workshop-poetica-de-lo-pequeno-en-8vo-festilambe\/#primaryimage","url":"https:\/\/dev.antudigital.cl\/sites\/vc\/wp-content\/uploads\/2024\/07\/PEDRO-COBRA-1.jpg","contentUrl":"https:\/\/dev.antudigital.cl\/sites\/vc\/wp-content\/uploads\/2024\/07\/PEDRO-COBRA-1.jpg","width":1080,"height":720},{"@type":"BreadcrumbList","@id":"https:\/\/dev.antudigital.cl\/sites\/vc\/pedro-cobra-artista-brasileno-facilita-workshop-poetica-de-lo-pequeno-en-8vo-festilambe\/#breadcrumb","itemListElement":[{"@type":"ListItem","position":1,"name":"Home","item":"https:\/\/dev.antudigital.cl\/sites\/vc\/"},{"@type":"ListItem","position":2,"name":"Pedro Cobra, artista brasile\u00f1o, facilita Workshop \u201cPo\u00e9tica de lo peque\u00f1o\u201d en 8vo FESTILAMBE"}]},{"@type":"WebSite","@id":"https:\/\/dev.antudigital.cl\/sites\/vc\/#website","url":"https:\/\/dev.antudigital.cl\/sites\/vc\/","name":"Valpara\u00ed\u00adso Creativo","description":"","potentialAction":[{"@type":"SearchAction","target":{"@type":"EntryPoint","urlTemplate":"https:\/\/dev.antudigital.cl\/sites\/vc\/?s={search_term_string}"},"query-input":{"@type":"PropertyValueSpecification","valueRequired":true,"valueName":"search_term_string"}}],"inLanguage":"es"},{"@type":"Person","@id":"https:\/\/dev.antudigital.cl\/sites\/vc\/#\/schema\/person\/c2b9da8dd545e27166fc5ab232837318","name":"Valpara\u00edso Creativo","description":"Periodista de cultura en la Regi\u00f3n de Valpara\u00edso.","url":"https:\/\/dev.antudigital.cl\/sites\/vc\/author\/valpoadmin\/"}]}},"_links":{"self":[{"href":"https:\/\/dev.antudigital.cl\/sites\/vc\/wp-json\/wp\/v2\/posts\/19640","targetHints":{"allow":["GET"]}}],"collection":[{"href":"https:\/\/dev.antudigital.cl\/sites\/vc\/wp-json\/wp\/v2\/posts"}],"about":[{"href":"https:\/\/dev.antudigital.cl\/sites\/vc\/wp-json\/wp\/v2\/types\/post"}],"author":[{"embeddable":true,"href":"https:\/\/dev.antudigital.cl\/sites\/vc\/wp-json\/wp\/v2\/users\/1"}],"replies":[{"embeddable":true,"href":"https:\/\/dev.antudigital.cl\/sites\/vc\/wp-json\/wp\/v2\/comments?post=19640"}],"version-history":[{"count":1,"href":"https:\/\/dev.antudigital.cl\/sites\/vc\/wp-json\/wp\/v2\/posts\/19640\/revisions"}],"predecessor-version":[{"id":19643,"href":"https:\/\/dev.antudigital.cl\/sites\/vc\/wp-json\/wp\/v2\/posts\/19640\/revisions\/19643"}],"wp:featuredmedia":[{"embeddable":true,"href":"https:\/\/dev.antudigital.cl\/sites\/vc\/wp-json\/wp\/v2\/media\/19641"}],"wp:attachment":[{"href":"https:\/\/dev.antudigital.cl\/sites\/vc\/wp-json\/wp\/v2\/media?parent=19640"}],"wp:term":[{"taxonomy":"category","embeddable":true,"href":"https:\/\/dev.antudigital.cl\/sites\/vc\/wp-json\/wp\/v2\/categories?post=19640"},{"taxonomy":"post_tag","embeddable":true,"href":"https:\/\/dev.antudigital.cl\/sites\/vc\/wp-json\/wp\/v2\/tags?post=19640"}],"curies":[{"name":"wp","href":"https:\/\/api.w.org\/{rel}","templated":true}]}}