{"id":19644,"date":"2024-07-08T17:52:43","date_gmt":"2024-07-08T17:52:43","guid":{"rendered":"https:\/\/www.valparaisocreativo.cl\/?p=19644"},"modified":"2024-07-08T17:53:00","modified_gmt":"2024-07-08T17:53:00","slug":"aqui-payan-las-mujeres-encuentro-nacional-de-payadoras-reune-a-cantoras-de-todo-chile-en-el-parque-cultural-de-valparaiso","status":"publish","type":"post","link":"https:\/\/dev.antudigital.cl\/sites\/vc\/aqui-payan-las-mujeres-encuentro-nacional-de-payadoras-reune-a-cantoras-de-todo-chile-en-el-parque-cultural-de-valparaiso\/","title":{"rendered":"\u201cAqu\u00ed Payan las Mujeres\u201d: Encuentro Nacional de Payadoras re\u00fane a cantoras de todo Chile en el Parque Cultural de Valpara\u00edso\u00a0"},"content":{"rendered":"\n<ul class=\"wp-block-list\">\n<li>El hist\u00f3rico encuentro se llevar\u00e1 a cabo los d\u00edas 11, 12 y 13 de julio en el Parque Cultural de Valpara\u00edso, y contempla el estreno del documental \u201cMujeres en la Paya\u201d, talleres de poes\u00eda popular y presentaciones de destacadas mujeres cantoras.\u00a0<\/li>\n\n\n\n<li>El Encuentro Nacional de Payadoras, es un proyecto financiado por el\u00a0 Fondo de la M\u00fasica del Ministerio de las Culturas, las Artes y el Patrimonio.<\/li>\n<\/ul>\n\n\n\n<p>El<strong>&nbsp;\u201cEncuentro Nacional de Payadoras: Aqu\u00ed Payan las Mujeres\u201d<\/strong>&nbsp;es la segunda versi\u00f3n de un evento que tiene como prop\u00f3sito poner en valor el trabajo de las mujeres payadoras de Chile, en un espacio de la tradici\u00f3n que es predominantemente masculino y junto a ello, destacar la vigencia de la tradici\u00f3n del Canto a lo Poeta.<br><\/p>\n\n\n\n<p>Esta tradici\u00f3n fue nombrada solo hace algunos a\u00f1os,&nbsp;<em>Patrimonio Cultural del Mercosur<\/em>, instituci\u00f3n que destac\u00f3 que la Paya chilena -a diferencia de otras tradiciones de la d\u00e9cima latinoamericana-, logra adaptarse a distintos contextos, pues no es solo una manifestaci\u00f3n del espacio rural sino que tambi\u00e9n se desarrolla en el \u00e1mbito urbano.<\/p>\n\n\n\n<p>El Encuentro, abierto a todo p\u00fablico, se llevar\u00e1 a cabo los d\u00edas 11, 12 y 13 de julio en el Parque Cultural de Valpara\u00edso, en el marco del D\u00eda del Payador y Payadora, contemplando el estreno del documental \u201cMujeres en la Paya\u201d, talleres de poes\u00eda popular y presentaciones de destacadas mujeres cantoras.&nbsp;<\/p>\n\n\n\n<p>Para Cami Rojas Torres, payadora y creadora del Encuentro, \u201cesta segunda versi\u00f3n busca seguir poniendo en valor el trabajo de las payadoras, la importancia de ser convocadas y nombradas. Este encuentro es un grito, un canto, de catorce payadoras sobre el escenario, en donde faltan muchas m\u00e1s, y por eso queremos seguir creando esta plataforma que visibiliza la diversidad de creadoras, en sus or\u00edgenes, edades y trayectorias\u201d.<\/p>\n\n\n\n<figure class=\"wp-block-image size-large\"><img fetchpriority=\"high\" decoding=\"async\" width=\"819\" height=\"1024\" src=\"https:\/\/www.valparaisocreativo.cl\/wp-content\/uploads\/2024\/07\/Afiche_ENDP_2024-01-819x1024.jpg\" alt=\"\" class=\"wp-image-19646\" srcset=\"https:\/\/dev.antudigital.cl\/sites\/vc\/wp-content\/uploads\/2024\/07\/Afiche_ENDP_2024-01-819x1024.jpg 819w, https:\/\/dev.antudigital.cl\/sites\/vc\/wp-content\/uploads\/2024\/07\/Afiche_ENDP_2024-01-240x300.jpg 240w, https:\/\/dev.antudigital.cl\/sites\/vc\/wp-content\/uploads\/2024\/07\/Afiche_ENDP_2024-01-768x960.jpg 768w, https:\/\/dev.antudigital.cl\/sites\/vc\/wp-content\/uploads\/2024\/07\/Afiche_ENDP_2024-01-1229x1536.jpg 1229w, https:\/\/dev.antudigital.cl\/sites\/vc\/wp-content\/uploads\/2024\/07\/Afiche_ENDP_2024-01-1638x2048.jpg 1638w, https:\/\/dev.antudigital.cl\/sites\/vc\/wp-content\/uploads\/2024\/07\/Afiche_ENDP_2024-01-1080x1350.jpg 1080w, https:\/\/dev.antudigital.cl\/sites\/vc\/wp-content\/uploads\/2024\/07\/Afiche_ENDP_2024-01-1280x1600.jpg 1280w, https:\/\/dev.antudigital.cl\/sites\/vc\/wp-content\/uploads\/2024\/07\/Afiche_ENDP_2024-01-980x1225.jpg 980w, https:\/\/dev.antudigital.cl\/sites\/vc\/wp-content\/uploads\/2024\/07\/Afiche_ENDP_2024-01-480x600.jpg 480w, https:\/\/dev.antudigital.cl\/sites\/vc\/wp-content\/uploads\/2024\/07\/Afiche_ENDP_2024-01-19x24.jpg 19w, https:\/\/dev.antudigital.cl\/sites\/vc\/wp-content\/uploads\/2024\/07\/Afiche_ENDP_2024-01-29x36.jpg 29w, https:\/\/dev.antudigital.cl\/sites\/vc\/wp-content\/uploads\/2024\/07\/Afiche_ENDP_2024-01-38x48.jpg 38w, https:\/\/dev.antudigital.cl\/sites\/vc\/wp-content\/uploads\/2024\/07\/Afiche_ENDP_2024-01.jpg 1800w\" sizes=\"(max-width: 819px) 100vw, 819px\" \/><\/figure>\n\n\n\n<p><br><strong>Encuentro abierto de Payadoras<\/strong><br><br>14 cultoras de la poes\u00eda improvisada, ser\u00e1n las protagonistas de la jornada del d\u00eda viernes 12 de julio, a las 18.30 en el Parque Cultural.&nbsp;<br><br><strong>Cecilia Astorga, Ruth Barrales, Ang\u00e9lica Pepita Mu\u00f1oz, Emma Madariaga Valladares, Isabel Zapallo, Cami Rojas Torres, Jocelyn Mu\u00f1oz, Perdiz Isidora, Javiera,&nbsp; Maria Antonieta, Catalina Teresa, Valentina Isidora, La Chinganera y La Charawilla<\/strong>, mostrar\u00e1n todo la destreza en el canto a lo poeta a trav\u00e9s de distintas din\u00e1micas propias de la Paya Chilena.&nbsp;<strong>La jornada tendr\u00e1 como invitadas a Olga Chinchinera y Las Mestizas Cueca, bajo la conducci\u00f3n de Daniela Meza.<\/strong>&nbsp;<\/p>\n\n\n\n<p><strong>Estreno documental: Mujeres en la Paya<br><br><\/strong>El d\u00eda jueves 11 de julio, a las 19.00 hrs en la Sala Estudio del Parque Cultural de Valpara\u00edso, ser\u00e1 el estreno y exhibici\u00f3n del documental \u201c<strong>Mujeres en la Paya: Relato del primer Encuentro Nacional de Payadoras\u201d.\u00a0<\/strong>El 30 de julio de 2022, en Cerro Navia, se realiz\u00f3 el primer Encuentro Nacional de Payadoras, que logr\u00f3 reunir a once mujeres cultoras de esta tradici\u00f3n, en un mismo escenario. La ocasi\u00f3n contempl\u00f3 un especial encuentro interno entre las payadoras, al cual llamaron Di\u00e1logos Colaborativos.<br><br>Tras su realizaci\u00f3n, las gestoras de este hito nos dan a conocer el proceso y los resultados de este Encuentro que marcar\u00eda un antes y despu\u00e9s en la historia de las Payadoras.<\/p>\n\n\n\n<p><strong><br>Taller de Poes\u00eda Popular\u00a0<\/strong><\/p>\n\n\n\n<p>En tanto, el d\u00eda s\u00e1bado 13 de julio, a las 16.00 hrs, en la Sala de Lectura del Parque Cultural, se llevar\u00e1 a cabo el taller de Poes\u00eda Popular impartido por las payadoras. La instancia se plantea como un encuentro pedag\u00f3gico, donde las y los asistentes tendr\u00e1n la oportunidad de aprender directamente de las cultoras a trav\u00e9s de din\u00e1micas propias de esta tradici\u00f3n.<br><br>Durante el taller, sus participantes aprender\u00e1n a escribir una cuarteta y una d\u00e9cima desde cero, pero tambi\u00e9n lograr\u00e1n acercarse a las melod\u00edas y al juego de la improvisaci\u00f3n.<strong><br><\/strong><strong>Coordenadas:<\/strong><strong><br><\/strong>Jueves 11, Viernes 12 y S\u00e1bado 13 de julio<br>Parque cultural de Valpara\u00edso |&nbsp;Calle Cumming 590, C\u00b0 C\u00e1rcel<br>Inscr\u00edbete en las actividades,&nbsp;<a href=\"https:\/\/docs.google.com\/forms\/d\/1TBlYf7_UZMkgRadETXbAR_V_fA0aASKBK2tGHUwvj-I\/edit\" target=\"_blank\" rel=\"noreferrer noopener\">AQU\u00cd<br><\/a>Instagram: @versosdeidayvuelta<\/p>\n","protected":false},"excerpt":{"rendered":"<p>El&nbsp;\u201cEncuentro Nacional de Payadoras: Aqu\u00ed Payan las Mujeres\u201d&nbsp;es la segunda versi\u00f3n de un evento que tiene como prop\u00f3sito poner en valor el trabajo de las mujeres payadoras de Chile, en un espacio de la tradici\u00f3n que es predominantemente masculino y junto a ello, destacar la vigencia de la tradici\u00f3n del Canto a lo Poeta. Esta [&hellip;]<\/p>\n","protected":false},"author":1,"featured_media":19645,"comment_status":"closed","ping_status":"closed","sticky":false,"template":"","format":"standard","meta":{"_acf_changed":false,"footnotes":""},"categories":[8],"tags":[],"class_list":["post-19644","post","type-post","status-publish","format-standard","has-post-thumbnail","hentry","category-noticia"],"acf":[],"yoast_head":"<!-- This site is optimized with the Yoast SEO plugin v27.1.1 - https:\/\/yoast.com\/product\/yoast-seo-wordpress\/ -->\n<title>\u201cAqu\u00ed Payan las Mujeres\u201d: Encuentro Nacional de Payadoras re\u00fane a cantoras de todo Chile en el Parque Cultural de Valpara\u00edso\u00a0 - Valpara\u00ed\u00adso Creativo<\/title>\n<meta name=\"robots\" content=\"index, follow, max-snippet:-1, max-image-preview:large, max-video-preview:-1\" \/>\n<link rel=\"canonical\" href=\"https:\/\/dev.antudigital.cl\/sites\/vc\/aqui-payan-las-mujeres-encuentro-nacional-de-payadoras-reune-a-cantoras-de-todo-chile-en-el-parque-cultural-de-valparaiso\/\" \/>\n<meta property=\"og:locale\" content=\"es_ES\" \/>\n<meta property=\"og:type\" content=\"article\" \/>\n<meta property=\"og:title\" content=\"\u201cAqu\u00ed Payan las Mujeres\u201d: Encuentro Nacional de Payadoras re\u00fane a cantoras de todo Chile en el Parque Cultural de Valpara\u00edso\u00a0 - Valpara\u00ed\u00adso Creativo\" \/>\n<meta property=\"og:description\" content=\"El&nbsp;\u201cEncuentro Nacional de Payadoras: Aqu\u00ed Payan las Mujeres\u201d&nbsp;es la segunda versi\u00f3n de un evento que tiene como prop\u00f3sito poner en valor el trabajo de las mujeres payadoras de Chile, en un espacio de la tradici\u00f3n que es predominantemente masculino y junto a ello, destacar la vigencia de la tradici\u00f3n del Canto a lo Poeta. Esta [&hellip;]\" \/>\n<meta property=\"og:url\" content=\"https:\/\/dev.antudigital.cl\/sites\/vc\/aqui-payan-las-mujeres-encuentro-nacional-de-payadoras-reune-a-cantoras-de-todo-chile-en-el-parque-cultural-de-valparaiso\/\" \/>\n<meta property=\"og:site_name\" content=\"Valpara\u00ed\u00adso Creativo\" \/>\n<meta property=\"article:published_time\" content=\"2024-07-08T17:52:43+00:00\" \/>\n<meta property=\"article:modified_time\" content=\"2024-07-08T17:53:00+00:00\" \/>\n<meta property=\"og:image\" content=\"https:\/\/dev.antudigital.cl\/sites\/vc\/wp-content\/uploads\/2024\/07\/Encuentro-Nacional-de-Payadoras-scaled.jpg\" \/>\n\t<meta property=\"og:image:width\" content=\"2560\" \/>\n\t<meta property=\"og:image:height\" content=\"1707\" \/>\n\t<meta property=\"og:image:type\" content=\"image\/jpeg\" \/>\n<meta name=\"author\" content=\"Valpara\u00edso Creativo\" \/>\n<meta name=\"twitter:card\" content=\"summary_large_image\" \/>\n<meta name=\"twitter:label1\" content=\"Escrito por\" \/>\n\t<meta name=\"twitter:data1\" content=\"Valpara\u00edso Creativo\" \/>\n\t<meta name=\"twitter:label2\" content=\"Tiempo de lectura\" \/>\n\t<meta name=\"twitter:data2\" content=\"4 minutos\" \/>\n<script type=\"application\/ld+json\" class=\"yoast-schema-graph\">{\"@context\":\"https:\/\/schema.org\",\"@graph\":[{\"@type\":\"Article\",\"@id\":\"https:\/\/dev.antudigital.cl\/sites\/vc\/aqui-payan-las-mujeres-encuentro-nacional-de-payadoras-reune-a-cantoras-de-todo-chile-en-el-parque-cultural-de-valparaiso\/#article\",\"isPartOf\":{\"@id\":\"https:\/\/dev.antudigital.cl\/sites\/vc\/aqui-payan-las-mujeres-encuentro-nacional-de-payadoras-reune-a-cantoras-de-todo-chile-en-el-parque-cultural-de-valparaiso\/\"},\"author\":{\"name\":\"Valpara\u00edso Creativo\",\"@id\":\"https:\/\/dev.antudigital.cl\/sites\/vc\/#\/schema\/person\/c2b9da8dd545e27166fc5ab232837318\"},\"headline\":\"\u201cAqu\u00ed Payan las Mujeres\u201d: Encuentro Nacional de Payadoras re\u00fane a cantoras de todo Chile en el Parque Cultural de Valpara\u00edso\u00a0\",\"datePublished\":\"2024-07-08T17:52:43+00:00\",\"dateModified\":\"2024-07-08T17:53:00+00:00\",\"mainEntityOfPage\":{\"@id\":\"https:\/\/dev.antudigital.cl\/sites\/vc\/aqui-payan-las-mujeres-encuentro-nacional-de-payadoras-reune-a-cantoras-de-todo-chile-en-el-parque-cultural-de-valparaiso\/\"},\"wordCount\":704,\"image\":{\"@id\":\"https:\/\/dev.antudigital.cl\/sites\/vc\/aqui-payan-las-mujeres-encuentro-nacional-de-payadoras-reune-a-cantoras-de-todo-chile-en-el-parque-cultural-de-valparaiso\/#primaryimage\"},\"thumbnailUrl\":\"https:\/\/dev.antudigital.cl\/sites\/vc\/wp-content\/uploads\/2024\/07\/Encuentro-Nacional-de-Payadoras-scaled.jpg\",\"articleSection\":[\"Noticia\"],\"inLanguage\":\"es\"},{\"@type\":\"WebPage\",\"@id\":\"https:\/\/dev.antudigital.cl\/sites\/vc\/aqui-payan-las-mujeres-encuentro-nacional-de-payadoras-reune-a-cantoras-de-todo-chile-en-el-parque-cultural-de-valparaiso\/\",\"url\":\"https:\/\/dev.antudigital.cl\/sites\/vc\/aqui-payan-las-mujeres-encuentro-nacional-de-payadoras-reune-a-cantoras-de-todo-chile-en-el-parque-cultural-de-valparaiso\/\",\"name\":\"\u201cAqu\u00ed Payan las Mujeres\u201d: Encuentro Nacional de Payadoras re\u00fane a cantoras de todo Chile en el Parque Cultural de Valpara\u00edso\u00a0 - Valpara\u00ed\u00adso Creativo\",\"isPartOf\":{\"@id\":\"https:\/\/dev.antudigital.cl\/sites\/vc\/#website\"},\"primaryImageOfPage\":{\"@id\":\"https:\/\/dev.antudigital.cl\/sites\/vc\/aqui-payan-las-mujeres-encuentro-nacional-de-payadoras-reune-a-cantoras-de-todo-chile-en-el-parque-cultural-de-valparaiso\/#primaryimage\"},\"image\":{\"@id\":\"https:\/\/dev.antudigital.cl\/sites\/vc\/aqui-payan-las-mujeres-encuentro-nacional-de-payadoras-reune-a-cantoras-de-todo-chile-en-el-parque-cultural-de-valparaiso\/#primaryimage\"},\"thumbnailUrl\":\"https:\/\/dev.antudigital.cl\/sites\/vc\/wp-content\/uploads\/2024\/07\/Encuentro-Nacional-de-Payadoras-scaled.jpg\",\"datePublished\":\"2024-07-08T17:52:43+00:00\",\"dateModified\":\"2024-07-08T17:53:00+00:00\",\"author\":{\"@id\":\"https:\/\/dev.antudigital.cl\/sites\/vc\/#\/schema\/person\/c2b9da8dd545e27166fc5ab232837318\"},\"breadcrumb\":{\"@id\":\"https:\/\/dev.antudigital.cl\/sites\/vc\/aqui-payan-las-mujeres-encuentro-nacional-de-payadoras-reune-a-cantoras-de-todo-chile-en-el-parque-cultural-de-valparaiso\/#breadcrumb\"},\"inLanguage\":\"es\",\"potentialAction\":[{\"@type\":\"ReadAction\",\"target\":[\"https:\/\/dev.antudigital.cl\/sites\/vc\/aqui-payan-las-mujeres-encuentro-nacional-de-payadoras-reune-a-cantoras-de-todo-chile-en-el-parque-cultural-de-valparaiso\/\"]}]},{\"@type\":\"ImageObject\",\"inLanguage\":\"es\",\"@id\":\"https:\/\/dev.antudigital.cl\/sites\/vc\/aqui-payan-las-mujeres-encuentro-nacional-de-payadoras-reune-a-cantoras-de-todo-chile-en-el-parque-cultural-de-valparaiso\/#primaryimage\",\"url\":\"https:\/\/dev.antudigital.cl\/sites\/vc\/wp-content\/uploads\/2024\/07\/Encuentro-Nacional-de-Payadoras-scaled.jpg\",\"contentUrl\":\"https:\/\/dev.antudigital.cl\/sites\/vc\/wp-content\/uploads\/2024\/07\/Encuentro-Nacional-de-Payadoras-scaled.jpg\",\"width\":2560,\"height\":1707},{\"@type\":\"BreadcrumbList\",\"@id\":\"https:\/\/dev.antudigital.cl\/sites\/vc\/aqui-payan-las-mujeres-encuentro-nacional-de-payadoras-reune-a-cantoras-de-todo-chile-en-el-parque-cultural-de-valparaiso\/#breadcrumb\",\"itemListElement\":[{\"@type\":\"ListItem\",\"position\":1,\"name\":\"Home\",\"item\":\"https:\/\/dev.antudigital.cl\/sites\/vc\/\"},{\"@type\":\"ListItem\",\"position\":2,\"name\":\"\u201cAqu\u00ed Payan las Mujeres\u201d: Encuentro Nacional de Payadoras re\u00fane a cantoras de todo Chile en el Parque Cultural de Valpara\u00edso\u00a0\"}]},{\"@type\":\"WebSite\",\"@id\":\"https:\/\/dev.antudigital.cl\/sites\/vc\/#website\",\"url\":\"https:\/\/dev.antudigital.cl\/sites\/vc\/\",\"name\":\"Valpara\u00ed\u00adso Creativo\",\"description\":\"\",\"potentialAction\":[{\"@type\":\"SearchAction\",\"target\":{\"@type\":\"EntryPoint\",\"urlTemplate\":\"https:\/\/dev.antudigital.cl\/sites\/vc\/?s={search_term_string}\"},\"query-input\":{\"@type\":\"PropertyValueSpecification\",\"valueRequired\":true,\"valueName\":\"search_term_string\"}}],\"inLanguage\":\"es\"},{\"@type\":\"Person\",\"@id\":\"https:\/\/dev.antudigital.cl\/sites\/vc\/#\/schema\/person\/c2b9da8dd545e27166fc5ab232837318\",\"name\":\"Valpara\u00edso Creativo\",\"description\":\"Periodista de cultura en la Regi\u00f3n de Valpara\u00edso.\",\"url\":\"https:\/\/dev.antudigital.cl\/sites\/vc\/author\/valpoadmin\/\"}]}<\/script>\n<!-- \/ Yoast SEO plugin. -->","yoast_head_json":{"title":"\u201cAqu\u00ed Payan las Mujeres\u201d: Encuentro Nacional de Payadoras re\u00fane a cantoras de todo Chile en el Parque Cultural de Valpara\u00edso\u00a0 - Valpara\u00ed\u00adso Creativo","robots":{"index":"index","follow":"follow","max-snippet":"max-snippet:-1","max-image-preview":"max-image-preview:large","max-video-preview":"max-video-preview:-1"},"canonical":"https:\/\/dev.antudigital.cl\/sites\/vc\/aqui-payan-las-mujeres-encuentro-nacional-de-payadoras-reune-a-cantoras-de-todo-chile-en-el-parque-cultural-de-valparaiso\/","og_locale":"es_ES","og_type":"article","og_title":"\u201cAqu\u00ed Payan las Mujeres\u201d: Encuentro Nacional de Payadoras re\u00fane a cantoras de todo Chile en el Parque Cultural de Valpara\u00edso\u00a0 - Valpara\u00ed\u00adso Creativo","og_description":"El&nbsp;\u201cEncuentro Nacional de Payadoras: Aqu\u00ed Payan las Mujeres\u201d&nbsp;es la segunda versi\u00f3n de un evento que tiene como prop\u00f3sito poner en valor el trabajo de las mujeres payadoras de Chile, en un espacio de la tradici\u00f3n que es predominantemente masculino y junto a ello, destacar la vigencia de la tradici\u00f3n del Canto a lo Poeta. Esta [&hellip;]","og_url":"https:\/\/dev.antudigital.cl\/sites\/vc\/aqui-payan-las-mujeres-encuentro-nacional-de-payadoras-reune-a-cantoras-de-todo-chile-en-el-parque-cultural-de-valparaiso\/","og_site_name":"Valpara\u00ed\u00adso Creativo","article_published_time":"2024-07-08T17:52:43+00:00","article_modified_time":"2024-07-08T17:53:00+00:00","og_image":[{"width":2560,"height":1707,"url":"https:\/\/dev.antudigital.cl\/sites\/vc\/wp-content\/uploads\/2024\/07\/Encuentro-Nacional-de-Payadoras-scaled.jpg","type":"image\/jpeg"}],"author":"Valpara\u00edso Creativo","twitter_card":"summary_large_image","twitter_misc":{"Escrito por":"Valpara\u00edso Creativo","Tiempo de lectura":"4 minutos"},"schema":{"@context":"https:\/\/schema.org","@graph":[{"@type":"Article","@id":"https:\/\/dev.antudigital.cl\/sites\/vc\/aqui-payan-las-mujeres-encuentro-nacional-de-payadoras-reune-a-cantoras-de-todo-chile-en-el-parque-cultural-de-valparaiso\/#article","isPartOf":{"@id":"https:\/\/dev.antudigital.cl\/sites\/vc\/aqui-payan-las-mujeres-encuentro-nacional-de-payadoras-reune-a-cantoras-de-todo-chile-en-el-parque-cultural-de-valparaiso\/"},"author":{"name":"Valpara\u00edso Creativo","@id":"https:\/\/dev.antudigital.cl\/sites\/vc\/#\/schema\/person\/c2b9da8dd545e27166fc5ab232837318"},"headline":"\u201cAqu\u00ed Payan las Mujeres\u201d: Encuentro Nacional de Payadoras re\u00fane a cantoras de todo Chile en el Parque Cultural de Valpara\u00edso\u00a0","datePublished":"2024-07-08T17:52:43+00:00","dateModified":"2024-07-08T17:53:00+00:00","mainEntityOfPage":{"@id":"https:\/\/dev.antudigital.cl\/sites\/vc\/aqui-payan-las-mujeres-encuentro-nacional-de-payadoras-reune-a-cantoras-de-todo-chile-en-el-parque-cultural-de-valparaiso\/"},"wordCount":704,"image":{"@id":"https:\/\/dev.antudigital.cl\/sites\/vc\/aqui-payan-las-mujeres-encuentro-nacional-de-payadoras-reune-a-cantoras-de-todo-chile-en-el-parque-cultural-de-valparaiso\/#primaryimage"},"thumbnailUrl":"https:\/\/dev.antudigital.cl\/sites\/vc\/wp-content\/uploads\/2024\/07\/Encuentro-Nacional-de-Payadoras-scaled.jpg","articleSection":["Noticia"],"inLanguage":"es"},{"@type":"WebPage","@id":"https:\/\/dev.antudigital.cl\/sites\/vc\/aqui-payan-las-mujeres-encuentro-nacional-de-payadoras-reune-a-cantoras-de-todo-chile-en-el-parque-cultural-de-valparaiso\/","url":"https:\/\/dev.antudigital.cl\/sites\/vc\/aqui-payan-las-mujeres-encuentro-nacional-de-payadoras-reune-a-cantoras-de-todo-chile-en-el-parque-cultural-de-valparaiso\/","name":"\u201cAqu\u00ed Payan las Mujeres\u201d: Encuentro Nacional de Payadoras re\u00fane a cantoras de todo Chile en el Parque Cultural de Valpara\u00edso\u00a0 - Valpara\u00ed\u00adso Creativo","isPartOf":{"@id":"https:\/\/dev.antudigital.cl\/sites\/vc\/#website"},"primaryImageOfPage":{"@id":"https:\/\/dev.antudigital.cl\/sites\/vc\/aqui-payan-las-mujeres-encuentro-nacional-de-payadoras-reune-a-cantoras-de-todo-chile-en-el-parque-cultural-de-valparaiso\/#primaryimage"},"image":{"@id":"https:\/\/dev.antudigital.cl\/sites\/vc\/aqui-payan-las-mujeres-encuentro-nacional-de-payadoras-reune-a-cantoras-de-todo-chile-en-el-parque-cultural-de-valparaiso\/#primaryimage"},"thumbnailUrl":"https:\/\/dev.antudigital.cl\/sites\/vc\/wp-content\/uploads\/2024\/07\/Encuentro-Nacional-de-Payadoras-scaled.jpg","datePublished":"2024-07-08T17:52:43+00:00","dateModified":"2024-07-08T17:53:00+00:00","author":{"@id":"https:\/\/dev.antudigital.cl\/sites\/vc\/#\/schema\/person\/c2b9da8dd545e27166fc5ab232837318"},"breadcrumb":{"@id":"https:\/\/dev.antudigital.cl\/sites\/vc\/aqui-payan-las-mujeres-encuentro-nacional-de-payadoras-reune-a-cantoras-de-todo-chile-en-el-parque-cultural-de-valparaiso\/#breadcrumb"},"inLanguage":"es","potentialAction":[{"@type":"ReadAction","target":["https:\/\/dev.antudigital.cl\/sites\/vc\/aqui-payan-las-mujeres-encuentro-nacional-de-payadoras-reune-a-cantoras-de-todo-chile-en-el-parque-cultural-de-valparaiso\/"]}]},{"@type":"ImageObject","inLanguage":"es","@id":"https:\/\/dev.antudigital.cl\/sites\/vc\/aqui-payan-las-mujeres-encuentro-nacional-de-payadoras-reune-a-cantoras-de-todo-chile-en-el-parque-cultural-de-valparaiso\/#primaryimage","url":"https:\/\/dev.antudigital.cl\/sites\/vc\/wp-content\/uploads\/2024\/07\/Encuentro-Nacional-de-Payadoras-scaled.jpg","contentUrl":"https:\/\/dev.antudigital.cl\/sites\/vc\/wp-content\/uploads\/2024\/07\/Encuentro-Nacional-de-Payadoras-scaled.jpg","width":2560,"height":1707},{"@type":"BreadcrumbList","@id":"https:\/\/dev.antudigital.cl\/sites\/vc\/aqui-payan-las-mujeres-encuentro-nacional-de-payadoras-reune-a-cantoras-de-todo-chile-en-el-parque-cultural-de-valparaiso\/#breadcrumb","itemListElement":[{"@type":"ListItem","position":1,"name":"Home","item":"https:\/\/dev.antudigital.cl\/sites\/vc\/"},{"@type":"ListItem","position":2,"name":"\u201cAqu\u00ed Payan las Mujeres\u201d: Encuentro Nacional de Payadoras re\u00fane a cantoras de todo Chile en el Parque Cultural de Valpara\u00edso\u00a0"}]},{"@type":"WebSite","@id":"https:\/\/dev.antudigital.cl\/sites\/vc\/#website","url":"https:\/\/dev.antudigital.cl\/sites\/vc\/","name":"Valpara\u00ed\u00adso Creativo","description":"","potentialAction":[{"@type":"SearchAction","target":{"@type":"EntryPoint","urlTemplate":"https:\/\/dev.antudigital.cl\/sites\/vc\/?s={search_term_string}"},"query-input":{"@type":"PropertyValueSpecification","valueRequired":true,"valueName":"search_term_string"}}],"inLanguage":"es"},{"@type":"Person","@id":"https:\/\/dev.antudigital.cl\/sites\/vc\/#\/schema\/person\/c2b9da8dd545e27166fc5ab232837318","name":"Valpara\u00edso Creativo","description":"Periodista de cultura en la Regi\u00f3n de Valpara\u00edso.","url":"https:\/\/dev.antudigital.cl\/sites\/vc\/author\/valpoadmin\/"}]}},"_links":{"self":[{"href":"https:\/\/dev.antudigital.cl\/sites\/vc\/wp-json\/wp\/v2\/posts\/19644","targetHints":{"allow":["GET"]}}],"collection":[{"href":"https:\/\/dev.antudigital.cl\/sites\/vc\/wp-json\/wp\/v2\/posts"}],"about":[{"href":"https:\/\/dev.antudigital.cl\/sites\/vc\/wp-json\/wp\/v2\/types\/post"}],"author":[{"embeddable":true,"href":"https:\/\/dev.antudigital.cl\/sites\/vc\/wp-json\/wp\/v2\/users\/1"}],"replies":[{"embeddable":true,"href":"https:\/\/dev.antudigital.cl\/sites\/vc\/wp-json\/wp\/v2\/comments?post=19644"}],"version-history":[{"count":1,"href":"https:\/\/dev.antudigital.cl\/sites\/vc\/wp-json\/wp\/v2\/posts\/19644\/revisions"}],"predecessor-version":[{"id":19647,"href":"https:\/\/dev.antudigital.cl\/sites\/vc\/wp-json\/wp\/v2\/posts\/19644\/revisions\/19647"}],"wp:featuredmedia":[{"embeddable":true,"href":"https:\/\/dev.antudigital.cl\/sites\/vc\/wp-json\/wp\/v2\/media\/19645"}],"wp:attachment":[{"href":"https:\/\/dev.antudigital.cl\/sites\/vc\/wp-json\/wp\/v2\/media?parent=19644"}],"wp:term":[{"taxonomy":"category","embeddable":true,"href":"https:\/\/dev.antudigital.cl\/sites\/vc\/wp-json\/wp\/v2\/categories?post=19644"},{"taxonomy":"post_tag","embeddable":true,"href":"https:\/\/dev.antudigital.cl\/sites\/vc\/wp-json\/wp\/v2\/tags?post=19644"}],"curies":[{"name":"wp","href":"https:\/\/api.w.org\/{rel}","templated":true}]}}