{"id":19648,"date":"2024-07-08T18:00:54","date_gmt":"2024-07-08T18:00:54","guid":{"rendered":"https:\/\/www.valparaisocreativo.cl\/?p=19648"},"modified":"2024-07-08T18:01:10","modified_gmt":"2024-07-08T18:01:10","slug":"casa-oani-se-presenta-con-tres-espectaculos-en-el-cesfam-sapu-marcelo-mena","status":"publish","type":"post","link":"https:\/\/dev.antudigital.cl\/sites\/vc\/casa-oani-se-presenta-con-tres-espectaculos-en-el-cesfam-sapu-marcelo-mena\/","title":{"rendered":"Casa OANI se presenta con tres espect\u00e1culos en el CESFAM-SAPU Marcelo Mena"},"content":{"rendered":"\n<p><strong>El viernes 12 de julio de 10:00 a 12:00 horas ser\u00e1 la 6a Muestra de Teatro Lambe Lambe en el CESFAM-SAPU Marcelo Mena, ubicado en Av. Alemania 5360, Cerro C\u00e1rcel Valpara\u00edso.&nbsp;<\/strong>Se presentar\u00e1n tres obras de cuatro minutos cada una: AMORES DE PUERTO, D\u00cdA DE VOLANT\u00cdN y EL PERRO BABARITO. Las funciones se realizar\u00e1n de manera continua, por aporte voluntario a la gorra.<\/p>\n\n\n\n<p>Esta iniciativa cuenta con el financiamiento de la&nbsp;<strong>Convocatoria 2023 de Apoyo a Puntos de Cultura Comunitaria del Ministerio de las Culturas, las Artes y el Patrimonio.<\/strong><\/p>\n\n\n\n<p>Camila Landon, Directora General del Punto de Cultura Comunitaria Casa OANI, se\u00f1ala: \u201cAdelaida Loyer, nuestra Gestora Territorial, junto con Gloria V\u00edo, Tesorera de la Fundaci\u00f3n OANI, idearon el v\u00ednculo con el programa \u2018M\u00e1s Adultos Mayores Autovalentes\u2019. Realizamos en abril una actividad extraprogram\u00e1tica en Casa OANI, invitando al grupo de mujeres a conocer el espacio en Cerro C\u00e1rcel, y les compartimos un Taller de Teatro de Marioneta. Con este v\u00ednculo podemos dar fe que las funciones en Cesfam Mena ser\u00e1n maravillosas y muy esperadas\u201d.<\/p>\n\n\n\n<figure class=\"wp-block-image size-large\"><img fetchpriority=\"high\" decoding=\"async\" width=\"1024\" height=\"678\" src=\"https:\/\/www.valparaisocreativo.cl\/wp-content\/uploads\/2024\/07\/dona-berta-foto-@oaniteatro-1024x678.jpg\" alt=\"\" class=\"wp-image-19650\" srcset=\"https:\/\/dev.antudigital.cl\/sites\/vc\/wp-content\/uploads\/2024\/07\/dona-berta-foto-@oaniteatro-1024x678.jpg 1024w, https:\/\/dev.antudigital.cl\/sites\/vc\/wp-content\/uploads\/2024\/07\/dona-berta-foto-@oaniteatro-300x199.jpg 300w, https:\/\/dev.antudigital.cl\/sites\/vc\/wp-content\/uploads\/2024\/07\/dona-berta-foto-@oaniteatro-768x509.jpg 768w, https:\/\/dev.antudigital.cl\/sites\/vc\/wp-content\/uploads\/2024\/07\/dona-berta-foto-@oaniteatro-1536x1017.jpg 1536w, https:\/\/dev.antudigital.cl\/sites\/vc\/wp-content\/uploads\/2024\/07\/dona-berta-foto-@oaniteatro-1080x715.jpg 1080w, https:\/\/dev.antudigital.cl\/sites\/vc\/wp-content\/uploads\/2024\/07\/dona-berta-foto-@oaniteatro-1280x848.jpg 1280w, https:\/\/dev.antudigital.cl\/sites\/vc\/wp-content\/uploads\/2024\/07\/dona-berta-foto-@oaniteatro-980x649.jpg 980w, https:\/\/dev.antudigital.cl\/sites\/vc\/wp-content\/uploads\/2024\/07\/dona-berta-foto-@oaniteatro-480x318.jpg 480w, https:\/\/dev.antudigital.cl\/sites\/vc\/wp-content\/uploads\/2024\/07\/dona-berta-foto-@oaniteatro-24x16.jpg 24w, https:\/\/dev.antudigital.cl\/sites\/vc\/wp-content\/uploads\/2024\/07\/dona-berta-foto-@oaniteatro-36x24.jpg 36w, https:\/\/dev.antudigital.cl\/sites\/vc\/wp-content\/uploads\/2024\/07\/dona-berta-foto-@oaniteatro-48x32.jpg 48w, https:\/\/dev.antudigital.cl\/sites\/vc\/wp-content\/uploads\/2024\/07\/dona-berta-foto-@oaniteatro.jpg 1800w\" sizes=\"(max-width: 1024px) 100vw, 1024px\" \/><\/figure>\n\n\n\n<p>\u201cEsta presentaci\u00f3n es una oportunidad de comunicarnos mir\u00e1ndonos a los ojos con los vecinos y vecinas a trav\u00e9s de nuestro arte del teatro de animaci\u00f3n. El arte es sanador cuando se produce un di\u00e1logo verdadero y sentido entre las personas que lo viven. El Teatro Lambe Lambe es un arte que va directamente relacionado con las emociones y saca a las personas de su cotidiano, las hace viajar por un instante. En un ambiente de convalecencia y espera, como puede ser un Cesfam, creemos que podemos generar un instante de alegr\u00eda, esperanza y educaci\u00f3n\u201d, a\u00f1ade Camila.<br>Para m\u00e1s informaci\u00f3n seguir a&nbsp;<a href=\"https:\/\/www.instagram.com\/casaoani\/\" target=\"_blank\" rel=\"noreferrer noopener\">@casaoani<\/a>&nbsp;en Instagram.<\/p>\n","protected":false},"excerpt":{"rendered":"<p>El viernes 12 de julio de 10:00 a 12:00 horas ser\u00e1 la 6a Muestra de Teatro Lambe Lambe en el CESFAM-SAPU Marcelo Mena, ubicado en Av. Alemania 5360, Cerro C\u00e1rcel Valpara\u00edso.&nbsp;Se presentar\u00e1n tres obras de cuatro minutos cada una: AMORES DE PUERTO, D\u00cdA DE VOLANT\u00cdN y EL PERRO BABARITO. Las funciones se realizar\u00e1n de manera [&hellip;]<\/p>\n","protected":false},"author":1,"featured_media":19649,"comment_status":"closed","ping_status":"closed","sticky":false,"template":"","format":"standard","meta":{"_acf_changed":false,"footnotes":""},"categories":[8],"tags":[],"class_list":["post-19648","post","type-post","status-publish","format-standard","has-post-thumbnail","hentry","category-noticia"],"acf":[],"yoast_head":"<!-- This site is optimized with the Yoast SEO plugin v27.1.1 - https:\/\/yoast.com\/product\/yoast-seo-wordpress\/ -->\n<title>Casa OANI se presenta con tres espect\u00e1culos en el CESFAM-SAPU Marcelo Mena - Valpara\u00ed\u00adso Creativo<\/title>\n<meta name=\"robots\" content=\"index, follow, max-snippet:-1, max-image-preview:large, max-video-preview:-1\" \/>\n<link rel=\"canonical\" href=\"https:\/\/dev.antudigital.cl\/sites\/vc\/casa-oani-se-presenta-con-tres-espectaculos-en-el-cesfam-sapu-marcelo-mena\/\" \/>\n<meta property=\"og:locale\" content=\"es_ES\" \/>\n<meta property=\"og:type\" content=\"article\" \/>\n<meta property=\"og:title\" content=\"Casa OANI se presenta con tres espect\u00e1culos en el CESFAM-SAPU Marcelo Mena - Valpara\u00ed\u00adso Creativo\" \/>\n<meta property=\"og:description\" content=\"El viernes 12 de julio de 10:00 a 12:00 horas ser\u00e1 la 6a Muestra de Teatro Lambe Lambe en el CESFAM-SAPU Marcelo Mena, ubicado en Av. Alemania 5360, Cerro C\u00e1rcel Valpara\u00edso.&nbsp;Se presentar\u00e1n tres obras de cuatro minutos cada una: AMORES DE PUERTO, D\u00cdA DE VOLANT\u00cdN y EL PERRO BABARITO. Las funciones se realizar\u00e1n de manera [&hellip;]\" \/>\n<meta property=\"og:url\" content=\"https:\/\/dev.antudigital.cl\/sites\/vc\/casa-oani-se-presenta-con-tres-espectaculos-en-el-cesfam-sapu-marcelo-mena\/\" \/>\n<meta property=\"og:site_name\" content=\"Valpara\u00ed\u00adso Creativo\" \/>\n<meta property=\"article:published_time\" content=\"2024-07-08T18:00:54+00:00\" \/>\n<meta property=\"article:modified_time\" content=\"2024-07-08T18:01:10+00:00\" \/>\n<meta property=\"og:image\" content=\"https:\/\/dev.antudigital.cl\/sites\/vc\/wp-content\/uploads\/2024\/07\/amores-de-puerto-adelaida-loyer-1.jpeg\" \/>\n\t<meta property=\"og:image:width\" content=\"1228\" \/>\n\t<meta property=\"og:image:height\" content=\"819\" \/>\n\t<meta property=\"og:image:type\" content=\"image\/jpeg\" \/>\n<meta name=\"author\" content=\"Valpara\u00edso Creativo\" \/>\n<meta name=\"twitter:card\" content=\"summary_large_image\" \/>\n<meta name=\"twitter:label1\" content=\"Escrito por\" \/>\n\t<meta name=\"twitter:data1\" content=\"Valpara\u00edso Creativo\" \/>\n\t<meta name=\"twitter:label2\" content=\"Tiempo de lectura\" \/>\n\t<meta name=\"twitter:data2\" content=\"2 minutos\" \/>\n<script type=\"application\/ld+json\" class=\"yoast-schema-graph\">{\"@context\":\"https:\/\/schema.org\",\"@graph\":[{\"@type\":\"Article\",\"@id\":\"https:\/\/dev.antudigital.cl\/sites\/vc\/casa-oani-se-presenta-con-tres-espectaculos-en-el-cesfam-sapu-marcelo-mena\/#article\",\"isPartOf\":{\"@id\":\"https:\/\/dev.antudigital.cl\/sites\/vc\/casa-oani-se-presenta-con-tres-espectaculos-en-el-cesfam-sapu-marcelo-mena\/\"},\"author\":{\"name\":\"Valpara\u00edso Creativo\",\"@id\":\"https:\/\/dev.antudigital.cl\/sites\/vc\/#\/schema\/person\/c2b9da8dd545e27166fc5ab232837318\"},\"headline\":\"Casa OANI se presenta con tres espect\u00e1culos en el CESFAM-SAPU Marcelo Mena\",\"datePublished\":\"2024-07-08T18:00:54+00:00\",\"dateModified\":\"2024-07-08T18:01:10+00:00\",\"mainEntityOfPage\":{\"@id\":\"https:\/\/dev.antudigital.cl\/sites\/vc\/casa-oani-se-presenta-con-tres-espectaculos-en-el-cesfam-sapu-marcelo-mena\/\"},\"wordCount\":314,\"image\":{\"@id\":\"https:\/\/dev.antudigital.cl\/sites\/vc\/casa-oani-se-presenta-con-tres-espectaculos-en-el-cesfam-sapu-marcelo-mena\/#primaryimage\"},\"thumbnailUrl\":\"https:\/\/dev.antudigital.cl\/sites\/vc\/wp-content\/uploads\/2024\/07\/amores-de-puerto-adelaida-loyer-1.jpeg\",\"articleSection\":[\"Noticia\"],\"inLanguage\":\"es\"},{\"@type\":\"WebPage\",\"@id\":\"https:\/\/dev.antudigital.cl\/sites\/vc\/casa-oani-se-presenta-con-tres-espectaculos-en-el-cesfam-sapu-marcelo-mena\/\",\"url\":\"https:\/\/dev.antudigital.cl\/sites\/vc\/casa-oani-se-presenta-con-tres-espectaculos-en-el-cesfam-sapu-marcelo-mena\/\",\"name\":\"Casa OANI se presenta con tres espect\u00e1culos en el CESFAM-SAPU Marcelo Mena - Valpara\u00ed\u00adso Creativo\",\"isPartOf\":{\"@id\":\"https:\/\/dev.antudigital.cl\/sites\/vc\/#website\"},\"primaryImageOfPage\":{\"@id\":\"https:\/\/dev.antudigital.cl\/sites\/vc\/casa-oani-se-presenta-con-tres-espectaculos-en-el-cesfam-sapu-marcelo-mena\/#primaryimage\"},\"image\":{\"@id\":\"https:\/\/dev.antudigital.cl\/sites\/vc\/casa-oani-se-presenta-con-tres-espectaculos-en-el-cesfam-sapu-marcelo-mena\/#primaryimage\"},\"thumbnailUrl\":\"https:\/\/dev.antudigital.cl\/sites\/vc\/wp-content\/uploads\/2024\/07\/amores-de-puerto-adelaida-loyer-1.jpeg\",\"datePublished\":\"2024-07-08T18:00:54+00:00\",\"dateModified\":\"2024-07-08T18:01:10+00:00\",\"author\":{\"@id\":\"https:\/\/dev.antudigital.cl\/sites\/vc\/#\/schema\/person\/c2b9da8dd545e27166fc5ab232837318\"},\"breadcrumb\":{\"@id\":\"https:\/\/dev.antudigital.cl\/sites\/vc\/casa-oani-se-presenta-con-tres-espectaculos-en-el-cesfam-sapu-marcelo-mena\/#breadcrumb\"},\"inLanguage\":\"es\",\"potentialAction\":[{\"@type\":\"ReadAction\",\"target\":[\"https:\/\/dev.antudigital.cl\/sites\/vc\/casa-oani-se-presenta-con-tres-espectaculos-en-el-cesfam-sapu-marcelo-mena\/\"]}]},{\"@type\":\"ImageObject\",\"inLanguage\":\"es\",\"@id\":\"https:\/\/dev.antudigital.cl\/sites\/vc\/casa-oani-se-presenta-con-tres-espectaculos-en-el-cesfam-sapu-marcelo-mena\/#primaryimage\",\"url\":\"https:\/\/dev.antudigital.cl\/sites\/vc\/wp-content\/uploads\/2024\/07\/amores-de-puerto-adelaida-loyer-1.jpeg\",\"contentUrl\":\"https:\/\/dev.antudigital.cl\/sites\/vc\/wp-content\/uploads\/2024\/07\/amores-de-puerto-adelaida-loyer-1.jpeg\",\"width\":1228,\"height\":819},{\"@type\":\"BreadcrumbList\",\"@id\":\"https:\/\/dev.antudigital.cl\/sites\/vc\/casa-oani-se-presenta-con-tres-espectaculos-en-el-cesfam-sapu-marcelo-mena\/#breadcrumb\",\"itemListElement\":[{\"@type\":\"ListItem\",\"position\":1,\"name\":\"Home\",\"item\":\"https:\/\/dev.antudigital.cl\/sites\/vc\/\"},{\"@type\":\"ListItem\",\"position\":2,\"name\":\"Casa OANI se presenta con tres espect\u00e1culos en el CESFAM-SAPU Marcelo Mena\"}]},{\"@type\":\"WebSite\",\"@id\":\"https:\/\/dev.antudigital.cl\/sites\/vc\/#website\",\"url\":\"https:\/\/dev.antudigital.cl\/sites\/vc\/\",\"name\":\"Valpara\u00ed\u00adso Creativo\",\"description\":\"\",\"potentialAction\":[{\"@type\":\"SearchAction\",\"target\":{\"@type\":\"EntryPoint\",\"urlTemplate\":\"https:\/\/dev.antudigital.cl\/sites\/vc\/?s={search_term_string}\"},\"query-input\":{\"@type\":\"PropertyValueSpecification\",\"valueRequired\":true,\"valueName\":\"search_term_string\"}}],\"inLanguage\":\"es\"},{\"@type\":\"Person\",\"@id\":\"https:\/\/dev.antudigital.cl\/sites\/vc\/#\/schema\/person\/c2b9da8dd545e27166fc5ab232837318\",\"name\":\"Valpara\u00edso Creativo\",\"description\":\"Periodista de cultura en la Regi\u00f3n de Valpara\u00edso.\",\"url\":\"https:\/\/dev.antudigital.cl\/sites\/vc\/author\/valpoadmin\/\"}]}<\/script>\n<!-- \/ Yoast SEO plugin. -->","yoast_head_json":{"title":"Casa OANI se presenta con tres espect\u00e1culos en el CESFAM-SAPU Marcelo Mena - Valpara\u00ed\u00adso Creativo","robots":{"index":"index","follow":"follow","max-snippet":"max-snippet:-1","max-image-preview":"max-image-preview:large","max-video-preview":"max-video-preview:-1"},"canonical":"https:\/\/dev.antudigital.cl\/sites\/vc\/casa-oani-se-presenta-con-tres-espectaculos-en-el-cesfam-sapu-marcelo-mena\/","og_locale":"es_ES","og_type":"article","og_title":"Casa OANI se presenta con tres espect\u00e1culos en el CESFAM-SAPU Marcelo Mena - Valpara\u00ed\u00adso Creativo","og_description":"El viernes 12 de julio de 10:00 a 12:00 horas ser\u00e1 la 6a Muestra de Teatro Lambe Lambe en el CESFAM-SAPU Marcelo Mena, ubicado en Av. Alemania 5360, Cerro C\u00e1rcel Valpara\u00edso.&nbsp;Se presentar\u00e1n tres obras de cuatro minutos cada una: AMORES DE PUERTO, D\u00cdA DE VOLANT\u00cdN y EL PERRO BABARITO. Las funciones se realizar\u00e1n de manera [&hellip;]","og_url":"https:\/\/dev.antudigital.cl\/sites\/vc\/casa-oani-se-presenta-con-tres-espectaculos-en-el-cesfam-sapu-marcelo-mena\/","og_site_name":"Valpara\u00ed\u00adso Creativo","article_published_time":"2024-07-08T18:00:54+00:00","article_modified_time":"2024-07-08T18:01:10+00:00","og_image":[{"width":1228,"height":819,"url":"https:\/\/dev.antudigital.cl\/sites\/vc\/wp-content\/uploads\/2024\/07\/amores-de-puerto-adelaida-loyer-1.jpeg","type":"image\/jpeg"}],"author":"Valpara\u00edso Creativo","twitter_card":"summary_large_image","twitter_misc":{"Escrito por":"Valpara\u00edso Creativo","Tiempo de lectura":"2 minutos"},"schema":{"@context":"https:\/\/schema.org","@graph":[{"@type":"Article","@id":"https:\/\/dev.antudigital.cl\/sites\/vc\/casa-oani-se-presenta-con-tres-espectaculos-en-el-cesfam-sapu-marcelo-mena\/#article","isPartOf":{"@id":"https:\/\/dev.antudigital.cl\/sites\/vc\/casa-oani-se-presenta-con-tres-espectaculos-en-el-cesfam-sapu-marcelo-mena\/"},"author":{"name":"Valpara\u00edso Creativo","@id":"https:\/\/dev.antudigital.cl\/sites\/vc\/#\/schema\/person\/c2b9da8dd545e27166fc5ab232837318"},"headline":"Casa OANI se presenta con tres espect\u00e1culos en el CESFAM-SAPU Marcelo Mena","datePublished":"2024-07-08T18:00:54+00:00","dateModified":"2024-07-08T18:01:10+00:00","mainEntityOfPage":{"@id":"https:\/\/dev.antudigital.cl\/sites\/vc\/casa-oani-se-presenta-con-tres-espectaculos-en-el-cesfam-sapu-marcelo-mena\/"},"wordCount":314,"image":{"@id":"https:\/\/dev.antudigital.cl\/sites\/vc\/casa-oani-se-presenta-con-tres-espectaculos-en-el-cesfam-sapu-marcelo-mena\/#primaryimage"},"thumbnailUrl":"https:\/\/dev.antudigital.cl\/sites\/vc\/wp-content\/uploads\/2024\/07\/amores-de-puerto-adelaida-loyer-1.jpeg","articleSection":["Noticia"],"inLanguage":"es"},{"@type":"WebPage","@id":"https:\/\/dev.antudigital.cl\/sites\/vc\/casa-oani-se-presenta-con-tres-espectaculos-en-el-cesfam-sapu-marcelo-mena\/","url":"https:\/\/dev.antudigital.cl\/sites\/vc\/casa-oani-se-presenta-con-tres-espectaculos-en-el-cesfam-sapu-marcelo-mena\/","name":"Casa OANI se presenta con tres espect\u00e1culos en el CESFAM-SAPU Marcelo Mena - Valpara\u00ed\u00adso Creativo","isPartOf":{"@id":"https:\/\/dev.antudigital.cl\/sites\/vc\/#website"},"primaryImageOfPage":{"@id":"https:\/\/dev.antudigital.cl\/sites\/vc\/casa-oani-se-presenta-con-tres-espectaculos-en-el-cesfam-sapu-marcelo-mena\/#primaryimage"},"image":{"@id":"https:\/\/dev.antudigital.cl\/sites\/vc\/casa-oani-se-presenta-con-tres-espectaculos-en-el-cesfam-sapu-marcelo-mena\/#primaryimage"},"thumbnailUrl":"https:\/\/dev.antudigital.cl\/sites\/vc\/wp-content\/uploads\/2024\/07\/amores-de-puerto-adelaida-loyer-1.jpeg","datePublished":"2024-07-08T18:00:54+00:00","dateModified":"2024-07-08T18:01:10+00:00","author":{"@id":"https:\/\/dev.antudigital.cl\/sites\/vc\/#\/schema\/person\/c2b9da8dd545e27166fc5ab232837318"},"breadcrumb":{"@id":"https:\/\/dev.antudigital.cl\/sites\/vc\/casa-oani-se-presenta-con-tres-espectaculos-en-el-cesfam-sapu-marcelo-mena\/#breadcrumb"},"inLanguage":"es","potentialAction":[{"@type":"ReadAction","target":["https:\/\/dev.antudigital.cl\/sites\/vc\/casa-oani-se-presenta-con-tres-espectaculos-en-el-cesfam-sapu-marcelo-mena\/"]}]},{"@type":"ImageObject","inLanguage":"es","@id":"https:\/\/dev.antudigital.cl\/sites\/vc\/casa-oani-se-presenta-con-tres-espectaculos-en-el-cesfam-sapu-marcelo-mena\/#primaryimage","url":"https:\/\/dev.antudigital.cl\/sites\/vc\/wp-content\/uploads\/2024\/07\/amores-de-puerto-adelaida-loyer-1.jpeg","contentUrl":"https:\/\/dev.antudigital.cl\/sites\/vc\/wp-content\/uploads\/2024\/07\/amores-de-puerto-adelaida-loyer-1.jpeg","width":1228,"height":819},{"@type":"BreadcrumbList","@id":"https:\/\/dev.antudigital.cl\/sites\/vc\/casa-oani-se-presenta-con-tres-espectaculos-en-el-cesfam-sapu-marcelo-mena\/#breadcrumb","itemListElement":[{"@type":"ListItem","position":1,"name":"Home","item":"https:\/\/dev.antudigital.cl\/sites\/vc\/"},{"@type":"ListItem","position":2,"name":"Casa OANI se presenta con tres espect\u00e1culos en el CESFAM-SAPU Marcelo Mena"}]},{"@type":"WebSite","@id":"https:\/\/dev.antudigital.cl\/sites\/vc\/#website","url":"https:\/\/dev.antudigital.cl\/sites\/vc\/","name":"Valpara\u00ed\u00adso Creativo","description":"","potentialAction":[{"@type":"SearchAction","target":{"@type":"EntryPoint","urlTemplate":"https:\/\/dev.antudigital.cl\/sites\/vc\/?s={search_term_string}"},"query-input":{"@type":"PropertyValueSpecification","valueRequired":true,"valueName":"search_term_string"}}],"inLanguage":"es"},{"@type":"Person","@id":"https:\/\/dev.antudigital.cl\/sites\/vc\/#\/schema\/person\/c2b9da8dd545e27166fc5ab232837318","name":"Valpara\u00edso Creativo","description":"Periodista de cultura en la Regi\u00f3n de Valpara\u00edso.","url":"https:\/\/dev.antudigital.cl\/sites\/vc\/author\/valpoadmin\/"}]}},"_links":{"self":[{"href":"https:\/\/dev.antudigital.cl\/sites\/vc\/wp-json\/wp\/v2\/posts\/19648","targetHints":{"allow":["GET"]}}],"collection":[{"href":"https:\/\/dev.antudigital.cl\/sites\/vc\/wp-json\/wp\/v2\/posts"}],"about":[{"href":"https:\/\/dev.antudigital.cl\/sites\/vc\/wp-json\/wp\/v2\/types\/post"}],"author":[{"embeddable":true,"href":"https:\/\/dev.antudigital.cl\/sites\/vc\/wp-json\/wp\/v2\/users\/1"}],"replies":[{"embeddable":true,"href":"https:\/\/dev.antudigital.cl\/sites\/vc\/wp-json\/wp\/v2\/comments?post=19648"}],"version-history":[{"count":1,"href":"https:\/\/dev.antudigital.cl\/sites\/vc\/wp-json\/wp\/v2\/posts\/19648\/revisions"}],"predecessor-version":[{"id":19651,"href":"https:\/\/dev.antudigital.cl\/sites\/vc\/wp-json\/wp\/v2\/posts\/19648\/revisions\/19651"}],"wp:featuredmedia":[{"embeddable":true,"href":"https:\/\/dev.antudigital.cl\/sites\/vc\/wp-json\/wp\/v2\/media\/19649"}],"wp:attachment":[{"href":"https:\/\/dev.antudigital.cl\/sites\/vc\/wp-json\/wp\/v2\/media?parent=19648"}],"wp:term":[{"taxonomy":"category","embeddable":true,"href":"https:\/\/dev.antudigital.cl\/sites\/vc\/wp-json\/wp\/v2\/categories?post=19648"},{"taxonomy":"post_tag","embeddable":true,"href":"https:\/\/dev.antudigital.cl\/sites\/vc\/wp-json\/wp\/v2\/tags?post=19648"}],"curies":[{"name":"wp","href":"https:\/\/api.w.org\/{rel}","templated":true}]}}